{"id":87703,"date":"2024-09-24T17:16:30","date_gmt":"2024-09-24T17:16:30","guid":{"rendered":"https:\/\/www.africa-press.net\/cotedivoire\/politique\/fpi-demis-de-son-poste-de-secretaire-general-issiaka-sangare-parle-risques-sur-la-tenue-du-congres-de-novembre-a-yamoussoukro"},"modified":"2024-09-24T18:03:48","modified_gmt":"2024-09-24T18:03:48","slug":"fpi-demis-de-son-poste-de-secretaire-general-issiaka-sangare-parle-risques-sur-la-tenue-du-congres-de-novembre-a-yamoussoukro","status":"publish","type":"post","link":"https:\/\/www.africa-press.net\/cotedivoire\/politique\/fpi-demis-de-son-poste-de-secretaire-general-issiaka-sangare-parle-risques-sur-la-tenue-du-congres-de-novembre-a-yamoussoukro","title":{"rendered":"FPI, d\u00e9mis de son poste de secr\u00e9taire g\u00e9n\u00e9ral, Issiaka Sangar\u00e9 parle, risques sur la tenue du congr\u00e8s de novembre \u00e0 Yamoussoukro ?"},"content":{"rendered":"<p><span style=\"color: #ff6600\"><strong>Africa-Press &#8211; C\u00f4te d&rsquo;Ivoire. <\/strong><\/span>Le Front Populaire Ivoirien (FPI) traverse une autre pe\u0301riode de turbulences sans pre\u0301ce\u0301dent apre\u0300s la crise interne de juillet 2014. A\u0300 l&rsquo;approche de son congre\u0300s pre\u0301vu les 8 et 9 novembre 2024 a\u0300 Yamoussoukro, cette formation politique dirige\u0301e par Pascal Affi N&rsquo;guessan est secoue\u0301e par une profonde division interne qui remet en question l&rsquo;avenir de ses alliances politiques, mais e\u0301galement sa cohe\u0301sion en tant que parti.<\/p>\n<p>Ces tensions internes, combine\u0301es a\u0300 des querelles de leadership, menacent de plus en plus la stabilite\u0301 du parti et la tenue me\u0302me du congre\u0300s a\u0300 venir.<\/p>\n<p>Issiaka Sangare\u0301, ex-secre\u0301taire ge\u0301ne\u0301ral du FPI, a e\u0301te\u0301 e\u0301carte\u0301 de ses fonctions par Affi N\u2019Guessan, pre\u0301sident du parti, en raison de son opposition ouverte a\u0300 la rupture du partenariat avec le Rassemblement des Houphoue\u0308tistes pour la De\u0301mocratie et la Paix (RHDP), le parti au pouvoir.<\/p>\n<p>Malgre\u0301 son limogeage, Issiaka Sangare\u0301 a affirme\u0301, lors d\u2019un entretien avec des confre\u0300res du quotidien \u00ab\u00a0Le Patriote\u00a0\u00bb, qu&rsquo;il restait favorable a\u0300 cette alliance, malgre\u0301 les de\u0301cisions prises par le Comite\u0301 central du parti lors de sa session extraordinaire du 7 septembre dernier.<\/p>\n<p>\u00ab Je continue d\u2019e\u0302tre favorable au partenariat avec le RHDP \u00bb, a-t-il confie\u0301.<\/p>\n<p>Cette position de l&rsquo;ancien secre\u0301taire ge\u0301ne\u0301ral, partage\u0301 par plusieurs cadres du FPI, a conduit a\u0300 sa mise a\u0300 l&rsquo;e\u0301cart, ce qui a marque\u0301 une fracture profonde entre les diffe\u0301rentes factions au sein du parti.<\/p>\n<p>La crise actuelle du FPI est en grande partie lie\u0301e a\u0300 la divergence d&rsquo;opinions concernant la nature des alliances politiques. D&rsquo;un co\u0302te\u0301, il y a ceux qui, comme Issiaka Sangare\u0301, continuent de croire que le partenariat avec le RHDP, formalise\u0301 en mai 2023, est une voie strate\u0301gique pour assurer la survie et l&rsquo;influence du FPI sur la sce\u0300ne politique nationale. Ce courant, est compose\u0301 de cadres mode\u0301re\u0301s qui estiment que la coope\u0301ration avec le pouvoir en place est essentielle pour garantir des avance\u0301es de\u0301mocratiques et une participation active a\u0300 la gouvernance.<\/p>\n<p>De l&rsquo;autre co\u0302te\u0301, un bloc conservateur qui lorgne l&rsquo;appel a\u0300 l&rsquo;union de la gauche lance\u0301 par l\u2019ancien pre\u0301sident Laurent Gbagbo, rejette cate\u0301goriquement cette approche. Ce groupe, renforce\u0301 par l\u2019appel de Bonoua lance\u0301 par Gbagbo lui-me\u0302me, pro\u0302ne un retour aux valeurs traditionnelles du FPI et s\u2019oppose fermement a\u0300 toute forme de rapprochement avec le RHDP.<\/p>\n<p>Pour ces militants, le partenariat avec le re\u0301gime Ouattara est caduque et ils soutiennent que le parti doit rester dans une posture d\u2019opposition radicale pour de\u0301fendre les inte\u0301re\u0302ts du peuple ivoirien.<\/p>\n<p>Ces divergences de plus en plus irre\u0301conciliables entre les deux camps ont conduit a\u0300 l\u2019e\u0301viction de plusieurs figures cle\u0301s du FPI, dont Issiaka Sangare\u0301, qui a e\u0301galement perdu son poste de pre\u0301sident du comite\u0301 d&rsquo;organisation du congre\u0300s. Gnepa Irie\u0301 a e\u0301te\u0301 de\u0301signe\u0301 pour lui succe\u0301der en tant que secre\u0301taire ge\u0301ne\u0301ral du parti, confirmant ainsi la volonte\u0301 d\u2019Affi N\u2019Guessan de tourner la page de ce qu&rsquo;il conside\u0300re comme des e\u0301le\u0301ments re\u0301calcitrants a\u0300 la nouvelle orientation strate\u0301gique du FPI.<\/p>\n<p>La crise de leadership au sein du FPI ne s\u2019arre\u0302te pas la\u0300. Au-dela\u0300 de la question des alliances, c\u2019est une ve\u0301ritable lutte de pouvoir qui se joue entre les partisans d\u2019Affi N\u2019Guessan.<\/p>\n<p>Affi avait e\u0301te\u0301 perc\u0327u par certains comme ayant trahi la ligne originelle du parti en collaborant avec le RHDP, cherche a\u0300 consolider de\u0301sormais son emprise sur le FPI avec sa nouvelle approche.<\/p>\n<p>Cette situation cre\u0301e une fragmentation sans pre\u0301ce\u0301dent, laissant planer une incertitude sur l\u2019avenir du FPI.<\/p>\n<p>La tenue du congre\u0300s, cense\u0301e marquer un tournant de\u0301cisif pour le parti, est aujourd&rsquo;hui menace\u0301e. Le climat de tensions, alimente\u0301 par des accusations mutuelles de trahison et de manque de transparence, pourrait bien compromettre cette e\u0301che\u0301ance cruciale. Certains observateurs craignent que les divergences ne se re\u0300glent finalement devant les tribunaux, tant les positions des deux camps semblent difficiles a\u0300 concilier. Ce sce\u0301nario, qui paraissait encore improbable il y a quelques mois, devient de plus en plus envisageable a\u0300 mesure que les tensions s\u2019exacerbent.<\/p>\n<p>Dans ce contexte explosif, l\u2019avenir du FPI semble incertain. Alors que les deux camps se pre\u0301parent pour le congre\u0300s de novembre, les observateurs politiques se demandent si le FPI parviendra a\u0300 surmonter cette crise ou s\u2019il se dirigera vers une implosion qui pourrait le voir disparai\u0302tre du paysage politique ivoirien. Une chose est su\u0302re: le FPI est a\u0300 la croise\u0301e des chemins, et les de\u0301cisions prises dans les prochains mois de\u0301termineront non seulement son avenir, mais e\u0301galement celui de ses alliances politiques et de son positionnement.<\/p>\n<p><strong>Pour plus d&rsquo;informations et d&rsquo;analyses sur la C\u00f4te d&rsquo;Ivoire, suivez Africa-Press<\/strong><\/p>\n","protected":false},"excerpt":{"rendered":"<p>Africa-Press &#8211; C\u00f4te d&rsquo;Ivoire. Le Front Populaire Ivoirien (FPI) traverse une autre pe\u0301riode de turbulences sans pre\u0301ce\u0301dent apre\u0300s la crise interne de juillet 2014. A\u0300 l&rsquo;approche de son congre\u0300s pre\u0301vu les 8 et 9 novembre 2024 a\u0300 Yamoussoukro, cette formation politique dirige\u0301e par Pascal Affi N&rsquo;guessan est secoue\u0301e par une profonde division interne qui remet [&hellip;]<\/p>\n","protected":false},"author":82,"featured_media":87702,"comment_status":"open","ping_status":"closed","sticky":false,"template":"","format":"standard","meta":{"footnotes":""},"categories":[2,10],"tags":[29,1800,360,320,14900,8729,371,2506,33],"class_list":["post-87703","post","type-post","status-publish","format-standard","has-post-thumbnail","hentry","category-politique","category-toutes-les-actualites","tag-cote-divoire","tag-crise","tag-fpi","tag-gbagbo","tag-gnepa","tag-nguessan","tag-rhdp","tag-sangare","tag-yamoussoukro"],"yoast_head":"<!-- This site is optimized with the Yoast SEO Premium plugin v26.1 (Yoast SEO v27.0) - https:\/\/yoast.com\/product\/yoast-seo-premium-wordpress\/ -->\n<title>FPI, d\u00e9mis de son poste de secr\u00e9taire g\u00e9n\u00e9ral, Issiaka Sangar\u00e9 parle, risques sur la tenue du congr\u00e8s de novembre \u00e0 Yamoussoukro ? - C\u00f4te d&#039;Ivoire<\/title>\n<meta name=\"description\" content=\"Le Front Populaire Ivoirien (FPI) traverse une autre pe\u0301riode de turbulences sans pre\u0301ce\u0301dent apre\u0300s la crise interne de ...\" \/>\n<meta name=\"robots\" content=\"index, follow, max-snippet:-1, max-image-preview:large, max-video-preview:-1\" \/>\n<link rel=\"canonical\" href=\"https:\/\/www.africa-press.net\/cotedivoire\/politique\/fpi-demis-de-son-poste-de-secretaire-general-issiaka-sangare-parle-risques-sur-la-tenue-du-congres-de-novembre-a-yamoussoukro\" \/>\n<meta property=\"og:locale\" content=\"fr_FR\" \/>\n<meta property=\"og:type\" content=\"article\" \/>\n<meta property=\"og:title\" content=\"FPI, d\u00e9mis de son poste de secr\u00e9taire g\u00e9n\u00e9ral, Issiaka Sangar\u00e9 parle, risques sur la tenue du congr\u00e8s de novembre \u00e0 Yamoussoukro ?\" \/>\n<meta property=\"og:description\" content=\"Le Front Populaire Ivoirien (FPI) traverse une autre pe\u0301riode de turbulences sans pre\u0301ce\u0301dent apre\u0300s la crise interne de ...\" \/>\n<meta property=\"og:url\" content=\"https:\/\/www.africa-press.net\/cotedivoire\/politique\/fpi-demis-de-son-poste-de-secretaire-general-issiaka-sangare-parle-risques-sur-la-tenue-du-congres-de-novembre-a-yamoussoukro\" \/>\n<meta property=\"og:site_name\" content=\"C\u00f4te d&#039;Ivoire\" \/>\n<meta property=\"article:published_time\" content=\"2024-09-24T17:16:30+00:00\" \/>\n<meta property=\"article:modified_time\" content=\"2024-09-24T18:03:48+00:00\" \/>\n<meta property=\"og:image\" content=\"https:\/\/static.africa-press.net\/cote\/sites\/43\/2024\/09\/sm_1727188411.164269.jpg\" \/>\n\t<meta property=\"og:image:width\" content=\"720\" \/>\n\t<meta property=\"og:image:height\" content=\"327\" \/>\n\t<meta property=\"og:image:type\" content=\"image\/jpeg\" \/>\n<meta name=\"author\" content=\"cfeditorfr\" \/>\n<meta name=\"twitter:card\" content=\"summary_large_image\" \/>\n<meta name=\"twitter:label1\" content=\"\u00c9crit par\" \/>\n\t<meta name=\"twitter:data1\" content=\"cfeditorfr\" \/>\n\t<meta name=\"twitter:label2\" content=\"Dur\u00e9e de lecture estim\u00e9e\" \/>\n\t<meta name=\"twitter:data2\" content=\"4 minutes\" \/>\n<script type=\"application\/ld+json\" class=\"yoast-schema-graph\">{\"@context\":\"https:\/\/schema.org\",\"@graph\":[{\"@type\":\"Article\",\"@id\":\"https:\/\/www.africa-press.net\/cotedivoire\/politique\/fpi-demis-de-son-poste-de-secretaire-general-issiaka-sangare-parle-risques-sur-la-tenue-du-congres-de-novembre-a-yamoussoukro#article\",\"isPartOf\":{\"@id\":\"https:\/\/www.africa-press.net\/cotedivoire\/politique\/fpi-demis-de-son-poste-de-secretaire-general-issiaka-sangare-parle-risques-sur-la-tenue-du-congres-de-novembre-a-yamoussoukro\"},\"author\":{\"name\":\"cfeditorfr\",\"@id\":\"https:\/\/www.africa-press.net\/cotedivoire\/#\/schema\/person\/2b1cf3cd81a31e3cd26889ca66d677f1\"},\"headline\":\"FPI, d\u00e9mis de son poste de secr\u00e9taire g\u00e9n\u00e9ral, Issiaka Sangar\u00e9 parle, risques sur la tenue du congr\u00e8s de novembre \u00e0 Yamoussoukro ?\",\"datePublished\":\"2024-09-24T17:16:30+00:00\",\"dateModified\":\"2024-09-24T18:03:48+00:00\",\"mainEntityOfPage\":{\"@id\":\"https:\/\/www.africa-press.net\/cotedivoire\/politique\/fpi-demis-de-son-poste-de-secretaire-general-issiaka-sangare-parle-risques-sur-la-tenue-du-congres-de-novembre-a-yamoussoukro\"},\"wordCount\":886,\"commentCount\":0,\"image\":{\"@id\":\"https:\/\/www.africa-press.net\/cotedivoire\/politique\/fpi-demis-de-son-poste-de-secretaire-general-issiaka-sangare-parle-risques-sur-la-tenue-du-congres-de-novembre-a-yamoussoukro#primaryimage\"},\"thumbnailUrl\":\"https:\/\/static.africa-press.net\/cote\/sites\/43\/2024\/09\/sm_1727188411.164269.jpg\",\"keywords\":[\"C\u00d4TE D'IVOIRE\",\"crise\",\"FPI\",\"Gbagbo\",\"Gnepa\",\"N'guessan\",\"RHDP\",\"Sangar\u00e9\",\"Yamoussoukro\"],\"articleSection\":[\"Politique\",\"Toutes les actualit\u00e9s\"],\"inLanguage\":\"fr-FR\",\"potentialAction\":[{\"@type\":\"CommentAction\",\"name\":\"Comment\",\"target\":[\"https:\/\/www.africa-press.net\/cotedivoire\/politique\/fpi-demis-de-son-poste-de-secretaire-general-issiaka-sangare-parle-risques-sur-la-tenue-du-congres-de-novembre-a-yamoussoukro#respond\"]}]},{\"@type\":\"WebPage\",\"@id\":\"https:\/\/www.africa-press.net\/cotedivoire\/politique\/fpi-demis-de-son-poste-de-secretaire-general-issiaka-sangare-parle-risques-sur-la-tenue-du-congres-de-novembre-a-yamoussoukro\",\"url\":\"https:\/\/www.africa-press.net\/cotedivoire\/politique\/fpi-demis-de-son-poste-de-secretaire-general-issiaka-sangare-parle-risques-sur-la-tenue-du-congres-de-novembre-a-yamoussoukro\",\"name\":\"FPI, d\u00e9mis de son poste de secr\u00e9taire g\u00e9n\u00e9ral, Issiaka Sangar\u00e9 parle, risques sur la tenue du congr\u00e8s de novembre \u00e0 Yamoussoukro ? - C\u00f4te d&#039;Ivoire\",\"isPartOf\":{\"@id\":\"https:\/\/www.africa-press.net\/cotedivoire\/#website\"},\"primaryImageOfPage\":{\"@id\":\"https:\/\/www.africa-press.net\/cotedivoire\/politique\/fpi-demis-de-son-poste-de-secretaire-general-issiaka-sangare-parle-risques-sur-la-tenue-du-congres-de-novembre-a-yamoussoukro#primaryimage\"},\"image\":{\"@id\":\"https:\/\/www.africa-press.net\/cotedivoire\/politique\/fpi-demis-de-son-poste-de-secretaire-general-issiaka-sangare-parle-risques-sur-la-tenue-du-congres-de-novembre-a-yamoussoukro#primaryimage\"},\"thumbnailUrl\":\"https:\/\/static.africa-press.net\/cote\/sites\/43\/2024\/09\/sm_1727188411.164269.jpg\",\"datePublished\":\"2024-09-24T17:16:30+00:00\",\"dateModified\":\"2024-09-24T18:03:48+00:00\",\"author\":{\"@id\":\"https:\/\/www.africa-press.net\/cotedivoire\/#\/schema\/person\/2b1cf3cd81a31e3cd26889ca66d677f1\"},\"description\":\"Le Front Populaire Ivoirien (FPI) traverse une autre pe\u0301riode de turbulences sans pre\u0301ce\u0301dent apre\u0300s la crise interne de ...\",\"breadcrumb\":{\"@id\":\"https:\/\/www.africa-press.net\/cotedivoire\/politique\/fpi-demis-de-son-poste-de-secretaire-general-issiaka-sangare-parle-risques-sur-la-tenue-du-congres-de-novembre-a-yamoussoukro#breadcrumb\"},\"inLanguage\":\"fr-FR\",\"potentialAction\":[{\"@type\":\"ReadAction\",\"target\":[\"https:\/\/www.africa-press.net\/cotedivoire\/politique\/fpi-demis-de-son-poste-de-secretaire-general-issiaka-sangare-parle-risques-sur-la-tenue-du-congres-de-novembre-a-yamoussoukro\"]}]},{\"@type\":\"ImageObject\",\"inLanguage\":\"fr-FR\",\"@id\":\"https:\/\/www.africa-press.net\/cotedivoire\/politique\/fpi-demis-de-son-poste-de-secretaire-general-issiaka-sangare-parle-risques-sur-la-tenue-du-congres-de-novembre-a-yamoussoukro#primaryimage\",\"url\":\"https:\/\/static.africa-press.net\/cote\/sites\/43\/2024\/09\/sm_1727188411.164269.jpg\",\"contentUrl\":\"https:\/\/static.africa-press.net\/cote\/sites\/43\/2024\/09\/sm_1727188411.164269.jpg\",\"width\":720,\"height\":327,\"caption\":\"FPI, d\u00e9mis de son poste de secr\u00e9taire g\u00e9n\u00e9ral, Issiaka Sangar\u00e9 parle, risques sur la tenue du congr\u00e8s de novembre \u00e0 Yamoussoukro ?\"},{\"@type\":\"BreadcrumbList\",\"@id\":\"https:\/\/www.africa-press.net\/cotedivoire\/politique\/fpi-demis-de-son-poste-de-secretaire-general-issiaka-sangare-parle-risques-sur-la-tenue-du-congres-de-novembre-a-yamoussoukro#breadcrumb\",\"itemListElement\":[{\"@type\":\"ListItem\",\"position\":1,\"name\":\"Accueil\",\"item\":\"https:\/\/www.africa-press.net\/cotedivoire\/\"},{\"@type\":\"ListItem\",\"position\":2,\"name\":\"FPI, d\u00e9mis de son poste de secr\u00e9taire g\u00e9n\u00e9ral, Issiaka Sangar\u00e9 parle, risques sur la tenue du congr\u00e8s de novembre \u00e0 Yamoussoukro ?\"}]},{\"@type\":\"WebSite\",\"@id\":\"https:\/\/www.africa-press.net\/cotedivoire\/#website\",\"url\":\"https:\/\/www.africa-press.net\/cotedivoire\/\",\"name\":\"C\u00f4te d&#039;Ivoire\",\"description\":\"Just another Africa News Agency Sites site\",\"potentialAction\":[{\"@type\":\"SearchAction\",\"target\":{\"@type\":\"EntryPoint\",\"urlTemplate\":\"https:\/\/www.africa-press.net\/cotedivoire\/?s={search_term_string}\"},\"query-input\":{\"@type\":\"PropertyValueSpecification\",\"valueRequired\":true,\"valueName\":\"search_term_string\"}}],\"inLanguage\":\"fr-FR\"},{\"@type\":\"Person\",\"@id\":\"https:\/\/www.africa-press.net\/cotedivoire\/#\/schema\/person\/2b1cf3cd81a31e3cd26889ca66d677f1\",\"name\":\"cfeditorfr\"}]}<\/script>\n<!-- \/ Yoast SEO Premium plugin. -->","yoast_head_json":{"title":"FPI, d\u00e9mis de son poste de secr\u00e9taire g\u00e9n\u00e9ral, Issiaka Sangar\u00e9 parle, risques sur la tenue du congr\u00e8s de novembre \u00e0 Yamoussoukro ? - C\u00f4te d&#039;Ivoire","description":"Le Front Populaire Ivoirien (FPI) traverse une autre pe\u0301riode de turbulences sans pre\u0301ce\u0301dent apre\u0300s la crise interne de ...","robots":{"index":"index","follow":"follow","max-snippet":"max-snippet:-1","max-image-preview":"max-image-preview:large","max-video-preview":"max-video-preview:-1"},"canonical":"https:\/\/www.africa-press.net\/cotedivoire\/politique\/fpi-demis-de-son-poste-de-secretaire-general-issiaka-sangare-parle-risques-sur-la-tenue-du-congres-de-novembre-a-yamoussoukro","og_locale":"fr_FR","og_type":"article","og_title":"FPI, d\u00e9mis de son poste de secr\u00e9taire g\u00e9n\u00e9ral, Issiaka Sangar\u00e9 parle, risques sur la tenue du congr\u00e8s de novembre \u00e0 Yamoussoukro ?","og_description":"Le Front Populaire Ivoirien (FPI) traverse une autre pe\u0301riode de turbulences sans pre\u0301ce\u0301dent apre\u0300s la crise interne de ...","og_url":"https:\/\/www.africa-press.net\/cotedivoire\/politique\/fpi-demis-de-son-poste-de-secretaire-general-issiaka-sangare-parle-risques-sur-la-tenue-du-congres-de-novembre-a-yamoussoukro","og_site_name":"C\u00f4te d&#039;Ivoire","article_published_time":"2024-09-24T17:16:30+00:00","article_modified_time":"2024-09-24T18:03:48+00:00","og_image":[{"width":720,"height":327,"url":"https:\/\/static.africa-press.net\/cote\/sites\/43\/2024\/09\/sm_1727188411.164269.jpg","type":"image\/jpeg"}],"author":"cfeditorfr","twitter_card":"summary_large_image","twitter_misc":{"\u00c9crit par":"cfeditorfr","Dur\u00e9e de lecture estim\u00e9e":"4 minutes"},"schema":{"@context":"https:\/\/schema.org","@graph":[{"@type":"Article","@id":"https:\/\/www.africa-press.net\/cotedivoire\/politique\/fpi-demis-de-son-poste-de-secretaire-general-issiaka-sangare-parle-risques-sur-la-tenue-du-congres-de-novembre-a-yamoussoukro#article","isPartOf":{"@id":"https:\/\/www.africa-press.net\/cotedivoire\/politique\/fpi-demis-de-son-poste-de-secretaire-general-issiaka-sangare-parle-risques-sur-la-tenue-du-congres-de-novembre-a-yamoussoukro"},"author":{"name":"cfeditorfr","@id":"https:\/\/www.africa-press.net\/cotedivoire\/#\/schema\/person\/2b1cf3cd81a31e3cd26889ca66d677f1"},"headline":"FPI, d\u00e9mis de son poste de secr\u00e9taire g\u00e9n\u00e9ral, Issiaka Sangar\u00e9 parle, risques sur la tenue du congr\u00e8s de novembre \u00e0 Yamoussoukro ?","datePublished":"2024-09-24T17:16:30+00:00","dateModified":"2024-09-24T18:03:48+00:00","mainEntityOfPage":{"@id":"https:\/\/www.africa-press.net\/cotedivoire\/politique\/fpi-demis-de-son-poste-de-secretaire-general-issiaka-sangare-parle-risques-sur-la-tenue-du-congres-de-novembre-a-yamoussoukro"},"wordCount":886,"commentCount":0,"image":{"@id":"https:\/\/www.africa-press.net\/cotedivoire\/politique\/fpi-demis-de-son-poste-de-secretaire-general-issiaka-sangare-parle-risques-sur-la-tenue-du-congres-de-novembre-a-yamoussoukro#primaryimage"},"thumbnailUrl":"https:\/\/static.africa-press.net\/cote\/sites\/43\/2024\/09\/sm_1727188411.164269.jpg","keywords":["C\u00d4TE D'IVOIRE","crise","FPI","Gbagbo","Gnepa","N'guessan","RHDP","Sangar\u00e9","Yamoussoukro"],"articleSection":["Politique","Toutes les actualit\u00e9s"],"inLanguage":"fr-FR","potentialAction":[{"@type":"CommentAction","name":"Comment","target":["https:\/\/www.africa-press.net\/cotedivoire\/politique\/fpi-demis-de-son-poste-de-secretaire-general-issiaka-sangare-parle-risques-sur-la-tenue-du-congres-de-novembre-a-yamoussoukro#respond"]}]},{"@type":"WebPage","@id":"https:\/\/www.africa-press.net\/cotedivoire\/politique\/fpi-demis-de-son-poste-de-secretaire-general-issiaka-sangare-parle-risques-sur-la-tenue-du-congres-de-novembre-a-yamoussoukro","url":"https:\/\/www.africa-press.net\/cotedivoire\/politique\/fpi-demis-de-son-poste-de-secretaire-general-issiaka-sangare-parle-risques-sur-la-tenue-du-congres-de-novembre-a-yamoussoukro","name":"FPI, d\u00e9mis de son poste de secr\u00e9taire g\u00e9n\u00e9ral, Issiaka Sangar\u00e9 parle, risques sur la tenue du congr\u00e8s de novembre \u00e0 Yamoussoukro ? - C\u00f4te d&#039;Ivoire","isPartOf":{"@id":"https:\/\/www.africa-press.net\/cotedivoire\/#website"},"primaryImageOfPage":{"@id":"https:\/\/www.africa-press.net\/cotedivoire\/politique\/fpi-demis-de-son-poste-de-secretaire-general-issiaka-sangare-parle-risques-sur-la-tenue-du-congres-de-novembre-a-yamoussoukro#primaryimage"},"image":{"@id":"https:\/\/www.africa-press.net\/cotedivoire\/politique\/fpi-demis-de-son-poste-de-secretaire-general-issiaka-sangare-parle-risques-sur-la-tenue-du-congres-de-novembre-a-yamoussoukro#primaryimage"},"thumbnailUrl":"https:\/\/static.africa-press.net\/cote\/sites\/43\/2024\/09\/sm_1727188411.164269.jpg","datePublished":"2024-09-24T17:16:30+00:00","dateModified":"2024-09-24T18:03:48+00:00","author":{"@id":"https:\/\/www.africa-press.net\/cotedivoire\/#\/schema\/person\/2b1cf3cd81a31e3cd26889ca66d677f1"},"description":"Le Front Populaire Ivoirien (FPI) traverse une autre pe\u0301riode de turbulences sans pre\u0301ce\u0301dent apre\u0300s la crise interne de ...","breadcrumb":{"@id":"https:\/\/www.africa-press.net\/cotedivoire\/politique\/fpi-demis-de-son-poste-de-secretaire-general-issiaka-sangare-parle-risques-sur-la-tenue-du-congres-de-novembre-a-yamoussoukro#breadcrumb"},"inLanguage":"fr-FR","potentialAction":[{"@type":"ReadAction","target":["https:\/\/www.africa-press.net\/cotedivoire\/politique\/fpi-demis-de-son-poste-de-secretaire-general-issiaka-sangare-parle-risques-sur-la-tenue-du-congres-de-novembre-a-yamoussoukro"]}]},{"@type":"ImageObject","inLanguage":"fr-FR","@id":"https:\/\/www.africa-press.net\/cotedivoire\/politique\/fpi-demis-de-son-poste-de-secretaire-general-issiaka-sangare-parle-risques-sur-la-tenue-du-congres-de-novembre-a-yamoussoukro#primaryimage","url":"https:\/\/static.africa-press.net\/cote\/sites\/43\/2024\/09\/sm_1727188411.164269.jpg","contentUrl":"https:\/\/static.africa-press.net\/cote\/sites\/43\/2024\/09\/sm_1727188411.164269.jpg","width":720,"height":327,"caption":"FPI, d\u00e9mis de son poste de secr\u00e9taire g\u00e9n\u00e9ral, Issiaka Sangar\u00e9 parle, risques sur la tenue du congr\u00e8s de novembre \u00e0 Yamoussoukro ?"},{"@type":"BreadcrumbList","@id":"https:\/\/www.africa-press.net\/cotedivoire\/politique\/fpi-demis-de-son-poste-de-secretaire-general-issiaka-sangare-parle-risques-sur-la-tenue-du-congres-de-novembre-a-yamoussoukro#breadcrumb","itemListElement":[{"@type":"ListItem","position":1,"name":"Accueil","item":"https:\/\/www.africa-press.net\/cotedivoire\/"},{"@type":"ListItem","position":2,"name":"FPI, d\u00e9mis de son poste de secr\u00e9taire g\u00e9n\u00e9ral, Issiaka Sangar\u00e9 parle, risques sur la tenue du congr\u00e8s de novembre \u00e0 Yamoussoukro ?"}]},{"@type":"WebSite","@id":"https:\/\/www.africa-press.net\/cotedivoire\/#website","url":"https:\/\/www.africa-press.net\/cotedivoire\/","name":"C\u00f4te d&#039;Ivoire","description":"Just another Africa News Agency Sites site","potentialAction":[{"@type":"SearchAction","target":{"@type":"EntryPoint","urlTemplate":"https:\/\/www.africa-press.net\/cotedivoire\/?s={search_term_string}"},"query-input":{"@type":"PropertyValueSpecification","valueRequired":true,"valueName":"search_term_string"}}],"inLanguage":"fr-FR"},{"@type":"Person","@id":"https:\/\/www.africa-press.net\/cotedivoire\/#\/schema\/person\/2b1cf3cd81a31e3cd26889ca66d677f1","name":"cfeditorfr"}]}},"_links":{"self":[{"href":"https:\/\/www.africa-press.net\/cotedivoire\/wp-json\/wp\/v2\/posts\/87703","targetHints":{"allow":["GET"]}}],"collection":[{"href":"https:\/\/www.africa-press.net\/cotedivoire\/wp-json\/wp\/v2\/posts"}],"about":[{"href":"https:\/\/www.africa-press.net\/cotedivoire\/wp-json\/wp\/v2\/types\/post"}],"author":[{"embeddable":true,"href":"https:\/\/www.africa-press.net\/cotedivoire\/wp-json\/wp\/v2\/users\/82"}],"replies":[{"embeddable":true,"href":"https:\/\/www.africa-press.net\/cotedivoire\/wp-json\/wp\/v2\/comments?post=87703"}],"version-history":[{"count":0,"href":"https:\/\/www.africa-press.net\/cotedivoire\/wp-json\/wp\/v2\/posts\/87703\/revisions"}],"wp:featuredmedia":[{"embeddable":true,"href":"https:\/\/www.africa-press.net\/cotedivoire\/wp-json\/wp\/v2\/media\/87702"}],"wp:attachment":[{"href":"https:\/\/www.africa-press.net\/cotedivoire\/wp-json\/wp\/v2\/media?parent=87703"}],"wp:term":[{"taxonomy":"category","embeddable":true,"href":"https:\/\/www.africa-press.net\/cotedivoire\/wp-json\/wp\/v2\/categories?post=87703"},{"taxonomy":"post_tag","embeddable":true,"href":"https:\/\/www.africa-press.net\/cotedivoire\/wp-json\/wp\/v2\/tags?post=87703"}],"curies":[{"name":"wp","href":"https:\/\/api.w.org\/{rel}","templated":true}]}}