{"id":8771,"date":"2021-06-10T17:04:39","date_gmt":"2021-06-10T17:04:39","guid":{"rendered":"https:\/\/www.africa-press.net\/cotedivoire\/?p=8771"},"modified":"2021-06-10T18:15:26","modified_gmt":"2021-06-10T18:15:26","slug":"cote-divoire-les-affiches-de-gbagbo-dechirees-navaient-pas-laval-et-la-signature-du-conseil-superieur-de-la-publicite-selon-le-regulateur","status":"publish","type":"post","link":"https:\/\/www.africa-press.net\/cotedivoire\/politique\/cote-divoire-les-affiches-de-gbagbo-dechirees-navaient-pas-laval-et-la-signature-du-conseil-superieur-de-la-publicite-selon-le-regulateur","title":{"rendered":"Les affiches de Gbagbo d\u00e9chir\u00e9es n\u2019avaient pas l\u2019aval et la signature du Conseil sup\u00e9rieur de la publicit\u00e9 selon le r\u00e9gulateur"},"content":{"rendered":"<p><span style=\"color: #ff6600\"><strong><a href=\"https:\/\/www.africa-press.net\/\">Africa-Press<\/a> &#8211; <a href=\"https:\/\/www.africa-press.net\/cotedivoire\">C\u00f4te d&rsquo;Ivoire<\/a>. <\/strong><\/span>Les affiches publicitaires \u00ab command\u00e9es par des sympathisants \u00bb de l\u2019ex-pr\u00e9sident ivoirien Laurent Gbagbo pour annoncer son retour en C\u00f4te d\u2019Ivoire le 17 juin \u00ab n\u2019ont pas \u00e9t\u00e9 visionn\u00e9es \u00bb par le Conseil sup\u00e9rieur de la publicit\u00e9, a expliqu\u00e9 un cadre du CSP, apr\u00e8s des arrachages de ces affiches.<\/p>\n<p>\u00ab Tout affichage doit avoir l\u2019aval et la signature du CSP. Ces \u00ab affiches n\u2019ont pas \u00e9t\u00e9 visionn\u00e9es par le CSP \u00bb, a confi\u00e9 la m\u00eame source, reprochant \u00e0 l\u2019afficheur d\u2019\u00eatre \u00ab hors la loi \u00bb.<\/p>\n<p>Ce cadre a rappel\u00e9 que \u00ab l\u2019affichage \u00e0 caract\u00e8re politique est interdit en dehors des campagnes \u00e9lectorales \u00bb.<\/p>\n<p>Mercredi, Ma\u00eetre Habiba Tour\u00e9, l\u2019avocate de M. Gbagbo, a d\u00e9nonc\u00e9 des \u00ab arrachages \u00bb dans la nuit du 8 au 9 juin de ces affiches au motif qu\u2019il \u00ab serait interdit d\u2019utiliser l\u2019image d\u2019une personnalit\u00e9 politique sur des affiches publicitaires \u00bb.<\/p>\n<p>Pour elle, ces \u00ab arrachages nocturnes \u00bb lui \u00ab appara\u00eet \u00e9tonnant, au regard de r\u00e9centes affiches publicitaires \u00e0 l\u2019effigie de personnalit\u00e9s politiques RHDP (pouvoir), en dehors de toute campagne \u00e9lectorale, et qui n\u2019ont pas subi le m\u00eame traitement \u00bb.<\/p>\n<p>\u00ab Nous n\u2019avons pas de probl\u00e8me avec la personnalit\u00e9 politique, c\u2019est l\u2019afficheur qui a un agr\u00e9ment qui conna\u00eet les r\u00e8gles et qui enfreint \u00e0 cela \u00bb, a ajout\u00e9 ce cadre du CSP.<\/p>\n<p>Il a \u00e9voqu\u00e9 des \u00ab n\u00e9gociations \u00bb avec les \u00ab organisateurs \u00bb du retour en C\u00f4te d\u2019Ivoire de Laurent Gbagbo, acquitt\u00e9 par la Cour p\u00e9nale internationale des accusations de crimes contre l\u2019humanit\u00e9 \u00ab s\u2019impose \u00bb.<\/p>\n<p>&nbsp;<\/p>\n","protected":false},"excerpt":{"rendered":"<p>Africa-Press &#8211; C\u00f4te d&rsquo;Ivoire. Les affiches publicitaires \u00ab command\u00e9es par des sympathisants \u00bb de l\u2019ex-pr\u00e9sident ivoirien Laurent Gbagbo pour annoncer son retour en C\u00f4te d\u2019Ivoire le 17 juin \u00ab n\u2019ont pas \u00e9t\u00e9 visionn\u00e9es \u00bb par le Conseil sup\u00e9rieur de la publicit\u00e9, a expliqu\u00e9 un cadre du CSP, apr\u00e8s des arrachages de ces affiches. \u00ab Tout [&hellip;]<\/p>\n","protected":false},"author":82,"featured_media":8770,"comment_status":"open","ping_status":"closed","sticky":false,"template":"","format":"standard","meta":{"footnotes":""},"categories":[11,2,10],"tags":[56,63,29],"class_list":["post-8771","post","type-post","status-publish","format-standard","has-post-thumbnail","hentry","category-homepage-french","category-politique","category-toutes-les-actualites","tag-africa-press","tag-africa-press-cote-divoire","tag-cote-divoire"],"yoast_head":"<!-- This site is optimized with the Yoast SEO Premium plugin v26.1 (Yoast SEO v27.0) - https:\/\/yoast.com\/product\/yoast-seo-premium-wordpress\/ -->\n<title>Les affiches de Gbagbo d\u00e9chir\u00e9es n\u2019avaient pas l\u2019aval et la signature du Conseil sup\u00e9rieur de la publicit\u00e9 selon le r\u00e9gulateur - C\u00f4te d&#039;Ivoire<\/title>\n<meta name=\"description\" content=\"Edwige FIENDE Les affiches publicitaires \u00ab command\u00e9es par des sympathisants \u00bb de l\u2019ex-pr\u00e9sident ivoirien Laurent Gbagbo ...\" \/>\n<meta name=\"robots\" content=\"index, follow, max-snippet:-1, max-image-preview:large, max-video-preview:-1\" \/>\n<link rel=\"canonical\" href=\"https:\/\/www.africa-press.net\/cotedivoire\/politique\/cote-divoire-les-affiches-de-gbagbo-dechirees-navaient-pas-laval-et-la-signature-du-conseil-superieur-de-la-publicite-selon-le-regulateur\" \/>\n<meta property=\"og:locale\" content=\"fr_FR\" \/>\n<meta property=\"og:type\" content=\"article\" \/>\n<meta property=\"og:title\" content=\"Les affiches de Gbagbo d\u00e9chir\u00e9es n\u2019avaient pas l\u2019aval et la signature du Conseil sup\u00e9rieur de la publicit\u00e9 selon le r\u00e9gulateur\" \/>\n<meta property=\"og:description\" content=\"Edwige FIENDE Les affiches publicitaires \u00ab command\u00e9es par des sympathisants \u00bb de l\u2019ex-pr\u00e9sident ivoirien Laurent Gbagbo ...\" \/>\n<meta property=\"og:url\" content=\"https:\/\/www.africa-press.net\/cotedivoire\/politique\/cote-divoire-les-affiches-de-gbagbo-dechirees-navaient-pas-laval-et-la-signature-du-conseil-superieur-de-la-publicite-selon-le-regulateur\" \/>\n<meta property=\"og:site_name\" content=\"C\u00f4te d&#039;Ivoire\" \/>\n<meta property=\"article:published_time\" content=\"2021-06-10T17:04:39+00:00\" \/>\n<meta property=\"article:modified_time\" content=\"2021-06-10T18:15:26+00:00\" \/>\n<meta property=\"og:image\" content=\"https:\/\/static.africa-press.net\/cote\/sites\/43\/2021\/06\/img-60c2357558deb.jpg\" \/>\n\t<meta property=\"og:image:width\" content=\"1000\" \/>\n\t<meta property=\"og:image:height\" content=\"620\" \/>\n\t<meta property=\"og:image:type\" content=\"image\/jpeg\" \/>\n<meta name=\"author\" content=\"cfeditorfr\" \/>\n<meta name=\"twitter:card\" content=\"summary_large_image\" \/>\n<meta name=\"twitter:label1\" content=\"\u00c9crit par\" \/>\n\t<meta name=\"twitter:data1\" content=\"cfeditorfr\" \/>\n\t<meta name=\"twitter:label2\" content=\"Dur\u00e9e de lecture estim\u00e9e\" \/>\n\t<meta name=\"twitter:data2\" content=\"1 minute\" \/>\n<script type=\"application\/ld+json\" class=\"yoast-schema-graph\">{\"@context\":\"https:\/\/schema.org\",\"@graph\":[{\"@type\":\"Article\",\"@id\":\"https:\/\/www.africa-press.net\/cotedivoire\/politique\/cote-divoire-les-affiches-de-gbagbo-dechirees-navaient-pas-laval-et-la-signature-du-conseil-superieur-de-la-publicite-selon-le-regulateur#article\",\"isPartOf\":{\"@id\":\"https:\/\/www.africa-press.net\/cotedivoire\/politique\/cote-divoire-les-affiches-de-gbagbo-dechirees-navaient-pas-laval-et-la-signature-du-conseil-superieur-de-la-publicite-selon-le-regulateur\"},\"author\":{\"name\":\"cfeditorfr\",\"@id\":\"https:\/\/www.africa-press.net\/cotedivoire\/#\/schema\/person\/2b1cf3cd81a31e3cd26889ca66d677f1\"},\"headline\":\"Les affiches de Gbagbo d\u00e9chir\u00e9es n\u2019avaient pas l\u2019aval et la signature du Conseil sup\u00e9rieur de la publicit\u00e9 selon le r\u00e9gulateur\",\"datePublished\":\"2021-06-10T17:04:39+00:00\",\"dateModified\":\"2021-06-10T18:15:26+00:00\",\"mainEntityOfPage\":{\"@id\":\"https:\/\/www.africa-press.net\/cotedivoire\/politique\/cote-divoire-les-affiches-de-gbagbo-dechirees-navaient-pas-laval-et-la-signature-du-conseil-superieur-de-la-publicite-selon-le-regulateur\"},\"wordCount\":292,\"commentCount\":0,\"image\":{\"@id\":\"https:\/\/www.africa-press.net\/cotedivoire\/politique\/cote-divoire-les-affiches-de-gbagbo-dechirees-navaient-pas-laval-et-la-signature-du-conseil-superieur-de-la-publicite-selon-le-regulateur#primaryimage\"},\"thumbnailUrl\":\"https:\/\/static.africa-press.net\/cote\/sites\/43\/2021\/06\/img-60c2357558deb.jpg\",\"keywords\":[\"Africa Press\",\"Africa Press-C\u00f4te d'Ivoire\",\"C\u00d4TE D'IVOIRE\"],\"articleSection\":[\"homepage-french\",\"Politique\",\"Toutes les actualit\u00e9s\"],\"inLanguage\":\"fr-FR\",\"potentialAction\":[{\"@type\":\"CommentAction\",\"name\":\"Comment\",\"target\":[\"https:\/\/www.africa-press.net\/cotedivoire\/politique\/cote-divoire-les-affiches-de-gbagbo-dechirees-navaient-pas-laval-et-la-signature-du-conseil-superieur-de-la-publicite-selon-le-regulateur#respond\"]}]},{\"@type\":\"WebPage\",\"@id\":\"https:\/\/www.africa-press.net\/cotedivoire\/politique\/cote-divoire-les-affiches-de-gbagbo-dechirees-navaient-pas-laval-et-la-signature-du-conseil-superieur-de-la-publicite-selon-le-regulateur\",\"url\":\"https:\/\/www.africa-press.net\/cotedivoire\/politique\/cote-divoire-les-affiches-de-gbagbo-dechirees-navaient-pas-laval-et-la-signature-du-conseil-superieur-de-la-publicite-selon-le-regulateur\",\"name\":\"Les affiches de Gbagbo d\u00e9chir\u00e9es n\u2019avaient pas l\u2019aval et la signature du Conseil sup\u00e9rieur de la publicit\u00e9 selon le r\u00e9gulateur - C\u00f4te d&#039;Ivoire\",\"isPartOf\":{\"@id\":\"https:\/\/www.africa-press.net\/cotedivoire\/#website\"},\"primaryImageOfPage\":{\"@id\":\"https:\/\/www.africa-press.net\/cotedivoire\/politique\/cote-divoire-les-affiches-de-gbagbo-dechirees-navaient-pas-laval-et-la-signature-du-conseil-superieur-de-la-publicite-selon-le-regulateur#primaryimage\"},\"image\":{\"@id\":\"https:\/\/www.africa-press.net\/cotedivoire\/politique\/cote-divoire-les-affiches-de-gbagbo-dechirees-navaient-pas-laval-et-la-signature-du-conseil-superieur-de-la-publicite-selon-le-regulateur#primaryimage\"},\"thumbnailUrl\":\"https:\/\/static.africa-press.net\/cote\/sites\/43\/2021\/06\/img-60c2357558deb.jpg\",\"datePublished\":\"2021-06-10T17:04:39+00:00\",\"dateModified\":\"2021-06-10T18:15:26+00:00\",\"author\":{\"@id\":\"https:\/\/www.africa-press.net\/cotedivoire\/#\/schema\/person\/2b1cf3cd81a31e3cd26889ca66d677f1\"},\"description\":\"Edwige FIENDE Les affiches publicitaires \u00ab command\u00e9es par des sympathisants \u00bb de l\u2019ex-pr\u00e9sident ivoirien Laurent Gbagbo ...\",\"breadcrumb\":{\"@id\":\"https:\/\/www.africa-press.net\/cotedivoire\/politique\/cote-divoire-les-affiches-de-gbagbo-dechirees-navaient-pas-laval-et-la-signature-du-conseil-superieur-de-la-publicite-selon-le-regulateur#breadcrumb\"},\"inLanguage\":\"fr-FR\",\"potentialAction\":[{\"@type\":\"ReadAction\",\"target\":[\"https:\/\/www.africa-press.net\/cotedivoire\/politique\/cote-divoire-les-affiches-de-gbagbo-dechirees-navaient-pas-laval-et-la-signature-du-conseil-superieur-de-la-publicite-selon-le-regulateur\"]}]},{\"@type\":\"ImageObject\",\"inLanguage\":\"fr-FR\",\"@id\":\"https:\/\/www.africa-press.net\/cotedivoire\/politique\/cote-divoire-les-affiches-de-gbagbo-dechirees-navaient-pas-laval-et-la-signature-du-conseil-superieur-de-la-publicite-selon-le-regulateur#primaryimage\",\"url\":\"https:\/\/static.africa-press.net\/cote\/sites\/43\/2021\/06\/img-60c2357558deb.jpg\",\"contentUrl\":\"https:\/\/static.africa-press.net\/cote\/sites\/43\/2021\/06\/img-60c2357558deb.jpg\",\"width\":1000,\"height\":620,\"caption\":\"C\u00f4te-d\u2018Ivoire: Les affiches de Gbagbo d\u00e9chir\u00e9es n\u2019avaient pas l\u2019aval et la signature du Conseil sup\u00e9rieur de la publicit\u00e9 selon le r\u00e9gulateur\"},{\"@type\":\"BreadcrumbList\",\"@id\":\"https:\/\/www.africa-press.net\/cotedivoire\/politique\/cote-divoire-les-affiches-de-gbagbo-dechirees-navaient-pas-laval-et-la-signature-du-conseil-superieur-de-la-publicite-selon-le-regulateur#breadcrumb\",\"itemListElement\":[{\"@type\":\"ListItem\",\"position\":1,\"name\":\"Accueil\",\"item\":\"https:\/\/www.africa-press.net\/cotedivoire\/\"},{\"@type\":\"ListItem\",\"position\":2,\"name\":\"Les affiches de Gbagbo d\u00e9chir\u00e9es n\u2019avaient pas l\u2019aval et la signature du Conseil sup\u00e9rieur de la publicit\u00e9 selon le r\u00e9gulateur\"}]},{\"@type\":\"WebSite\",\"@id\":\"https:\/\/www.africa-press.net\/cotedivoire\/#website\",\"url\":\"https:\/\/www.africa-press.net\/cotedivoire\/\",\"name\":\"C\u00f4te d&#039;Ivoire\",\"description\":\"Just another Africa News Agency Sites site\",\"potentialAction\":[{\"@type\":\"SearchAction\",\"target\":{\"@type\":\"EntryPoint\",\"urlTemplate\":\"https:\/\/www.africa-press.net\/cotedivoire\/?s={search_term_string}\"},\"query-input\":{\"@type\":\"PropertyValueSpecification\",\"valueRequired\":true,\"valueName\":\"search_term_string\"}}],\"inLanguage\":\"fr-FR\"},{\"@type\":\"Person\",\"@id\":\"https:\/\/www.africa-press.net\/cotedivoire\/#\/schema\/person\/2b1cf3cd81a31e3cd26889ca66d677f1\",\"name\":\"cfeditorfr\"}]}<\/script>\n<!-- \/ Yoast SEO Premium plugin. -->","yoast_head_json":{"title":"Les affiches de Gbagbo d\u00e9chir\u00e9es n\u2019avaient pas l\u2019aval et la signature du Conseil sup\u00e9rieur de la publicit\u00e9 selon le r\u00e9gulateur - C\u00f4te d&#039;Ivoire","description":"Edwige FIENDE Les affiches publicitaires \u00ab command\u00e9es par des sympathisants \u00bb de l\u2019ex-pr\u00e9sident ivoirien Laurent Gbagbo ...","robots":{"index":"index","follow":"follow","max-snippet":"max-snippet:-1","max-image-preview":"max-image-preview:large","max-video-preview":"max-video-preview:-1"},"canonical":"https:\/\/www.africa-press.net\/cotedivoire\/politique\/cote-divoire-les-affiches-de-gbagbo-dechirees-navaient-pas-laval-et-la-signature-du-conseil-superieur-de-la-publicite-selon-le-regulateur","og_locale":"fr_FR","og_type":"article","og_title":"Les affiches de Gbagbo d\u00e9chir\u00e9es n\u2019avaient pas l\u2019aval et la signature du Conseil sup\u00e9rieur de la publicit\u00e9 selon le r\u00e9gulateur","og_description":"Edwige FIENDE Les affiches publicitaires \u00ab command\u00e9es par des sympathisants \u00bb de l\u2019ex-pr\u00e9sident ivoirien Laurent Gbagbo ...","og_url":"https:\/\/www.africa-press.net\/cotedivoire\/politique\/cote-divoire-les-affiches-de-gbagbo-dechirees-navaient-pas-laval-et-la-signature-du-conseil-superieur-de-la-publicite-selon-le-regulateur","og_site_name":"C\u00f4te d&#039;Ivoire","article_published_time":"2021-06-10T17:04:39+00:00","article_modified_time":"2021-06-10T18:15:26+00:00","og_image":[{"width":1000,"height":620,"url":"https:\/\/static.africa-press.net\/cote\/sites\/43\/2021\/06\/img-60c2357558deb.jpg","type":"image\/jpeg"}],"author":"cfeditorfr","twitter_card":"summary_large_image","twitter_misc":{"\u00c9crit par":"cfeditorfr","Dur\u00e9e de lecture estim\u00e9e":"1 minute"},"schema":{"@context":"https:\/\/schema.org","@graph":[{"@type":"Article","@id":"https:\/\/www.africa-press.net\/cotedivoire\/politique\/cote-divoire-les-affiches-de-gbagbo-dechirees-navaient-pas-laval-et-la-signature-du-conseil-superieur-de-la-publicite-selon-le-regulateur#article","isPartOf":{"@id":"https:\/\/www.africa-press.net\/cotedivoire\/politique\/cote-divoire-les-affiches-de-gbagbo-dechirees-navaient-pas-laval-et-la-signature-du-conseil-superieur-de-la-publicite-selon-le-regulateur"},"author":{"name":"cfeditorfr","@id":"https:\/\/www.africa-press.net\/cotedivoire\/#\/schema\/person\/2b1cf3cd81a31e3cd26889ca66d677f1"},"headline":"Les affiches de Gbagbo d\u00e9chir\u00e9es n\u2019avaient pas l\u2019aval et la signature du Conseil sup\u00e9rieur de la publicit\u00e9 selon le r\u00e9gulateur","datePublished":"2021-06-10T17:04:39+00:00","dateModified":"2021-06-10T18:15:26+00:00","mainEntityOfPage":{"@id":"https:\/\/www.africa-press.net\/cotedivoire\/politique\/cote-divoire-les-affiches-de-gbagbo-dechirees-navaient-pas-laval-et-la-signature-du-conseil-superieur-de-la-publicite-selon-le-regulateur"},"wordCount":292,"commentCount":0,"image":{"@id":"https:\/\/www.africa-press.net\/cotedivoire\/politique\/cote-divoire-les-affiches-de-gbagbo-dechirees-navaient-pas-laval-et-la-signature-du-conseil-superieur-de-la-publicite-selon-le-regulateur#primaryimage"},"thumbnailUrl":"https:\/\/static.africa-press.net\/cote\/sites\/43\/2021\/06\/img-60c2357558deb.jpg","keywords":["Africa Press","Africa Press-C\u00f4te d'Ivoire","C\u00d4TE D'IVOIRE"],"articleSection":["homepage-french","Politique","Toutes les actualit\u00e9s"],"inLanguage":"fr-FR","potentialAction":[{"@type":"CommentAction","name":"Comment","target":["https:\/\/www.africa-press.net\/cotedivoire\/politique\/cote-divoire-les-affiches-de-gbagbo-dechirees-navaient-pas-laval-et-la-signature-du-conseil-superieur-de-la-publicite-selon-le-regulateur#respond"]}]},{"@type":"WebPage","@id":"https:\/\/www.africa-press.net\/cotedivoire\/politique\/cote-divoire-les-affiches-de-gbagbo-dechirees-navaient-pas-laval-et-la-signature-du-conseil-superieur-de-la-publicite-selon-le-regulateur","url":"https:\/\/www.africa-press.net\/cotedivoire\/politique\/cote-divoire-les-affiches-de-gbagbo-dechirees-navaient-pas-laval-et-la-signature-du-conseil-superieur-de-la-publicite-selon-le-regulateur","name":"Les affiches de Gbagbo d\u00e9chir\u00e9es n\u2019avaient pas l\u2019aval et la signature du Conseil sup\u00e9rieur de la publicit\u00e9 selon le r\u00e9gulateur - C\u00f4te d&#039;Ivoire","isPartOf":{"@id":"https:\/\/www.africa-press.net\/cotedivoire\/#website"},"primaryImageOfPage":{"@id":"https:\/\/www.africa-press.net\/cotedivoire\/politique\/cote-divoire-les-affiches-de-gbagbo-dechirees-navaient-pas-laval-et-la-signature-du-conseil-superieur-de-la-publicite-selon-le-regulateur#primaryimage"},"image":{"@id":"https:\/\/www.africa-press.net\/cotedivoire\/politique\/cote-divoire-les-affiches-de-gbagbo-dechirees-navaient-pas-laval-et-la-signature-du-conseil-superieur-de-la-publicite-selon-le-regulateur#primaryimage"},"thumbnailUrl":"https:\/\/static.africa-press.net\/cote\/sites\/43\/2021\/06\/img-60c2357558deb.jpg","datePublished":"2021-06-10T17:04:39+00:00","dateModified":"2021-06-10T18:15:26+00:00","author":{"@id":"https:\/\/www.africa-press.net\/cotedivoire\/#\/schema\/person\/2b1cf3cd81a31e3cd26889ca66d677f1"},"description":"Edwige FIENDE Les affiches publicitaires \u00ab command\u00e9es par des sympathisants \u00bb de l\u2019ex-pr\u00e9sident ivoirien Laurent Gbagbo ...","breadcrumb":{"@id":"https:\/\/www.africa-press.net\/cotedivoire\/politique\/cote-divoire-les-affiches-de-gbagbo-dechirees-navaient-pas-laval-et-la-signature-du-conseil-superieur-de-la-publicite-selon-le-regulateur#breadcrumb"},"inLanguage":"fr-FR","potentialAction":[{"@type":"ReadAction","target":["https:\/\/www.africa-press.net\/cotedivoire\/politique\/cote-divoire-les-affiches-de-gbagbo-dechirees-navaient-pas-laval-et-la-signature-du-conseil-superieur-de-la-publicite-selon-le-regulateur"]}]},{"@type":"ImageObject","inLanguage":"fr-FR","@id":"https:\/\/www.africa-press.net\/cotedivoire\/politique\/cote-divoire-les-affiches-de-gbagbo-dechirees-navaient-pas-laval-et-la-signature-du-conseil-superieur-de-la-publicite-selon-le-regulateur#primaryimage","url":"https:\/\/static.africa-press.net\/cote\/sites\/43\/2021\/06\/img-60c2357558deb.jpg","contentUrl":"https:\/\/static.africa-press.net\/cote\/sites\/43\/2021\/06\/img-60c2357558deb.jpg","width":1000,"height":620,"caption":"C\u00f4te-d\u2018Ivoire: Les affiches de Gbagbo d\u00e9chir\u00e9es n\u2019avaient pas l\u2019aval et la signature du Conseil sup\u00e9rieur de la publicit\u00e9 selon le r\u00e9gulateur"},{"@type":"BreadcrumbList","@id":"https:\/\/www.africa-press.net\/cotedivoire\/politique\/cote-divoire-les-affiches-de-gbagbo-dechirees-navaient-pas-laval-et-la-signature-du-conseil-superieur-de-la-publicite-selon-le-regulateur#breadcrumb","itemListElement":[{"@type":"ListItem","position":1,"name":"Accueil","item":"https:\/\/www.africa-press.net\/cotedivoire\/"},{"@type":"ListItem","position":2,"name":"Les affiches de Gbagbo d\u00e9chir\u00e9es n\u2019avaient pas l\u2019aval et la signature du Conseil sup\u00e9rieur de la publicit\u00e9 selon le r\u00e9gulateur"}]},{"@type":"WebSite","@id":"https:\/\/www.africa-press.net\/cotedivoire\/#website","url":"https:\/\/www.africa-press.net\/cotedivoire\/","name":"C\u00f4te d&#039;Ivoire","description":"Just another Africa News Agency Sites site","potentialAction":[{"@type":"SearchAction","target":{"@type":"EntryPoint","urlTemplate":"https:\/\/www.africa-press.net\/cotedivoire\/?s={search_term_string}"},"query-input":{"@type":"PropertyValueSpecification","valueRequired":true,"valueName":"search_term_string"}}],"inLanguage":"fr-FR"},{"@type":"Person","@id":"https:\/\/www.africa-press.net\/cotedivoire\/#\/schema\/person\/2b1cf3cd81a31e3cd26889ca66d677f1","name":"cfeditorfr"}]}},"_links":{"self":[{"href":"https:\/\/www.africa-press.net\/cotedivoire\/wp-json\/wp\/v2\/posts\/8771","targetHints":{"allow":["GET"]}}],"collection":[{"href":"https:\/\/www.africa-press.net\/cotedivoire\/wp-json\/wp\/v2\/posts"}],"about":[{"href":"https:\/\/www.africa-press.net\/cotedivoire\/wp-json\/wp\/v2\/types\/post"}],"author":[{"embeddable":true,"href":"https:\/\/www.africa-press.net\/cotedivoire\/wp-json\/wp\/v2\/users\/82"}],"replies":[{"embeddable":true,"href":"https:\/\/www.africa-press.net\/cotedivoire\/wp-json\/wp\/v2\/comments?post=8771"}],"version-history":[{"count":0,"href":"https:\/\/www.africa-press.net\/cotedivoire\/wp-json\/wp\/v2\/posts\/8771\/revisions"}],"wp:featuredmedia":[{"embeddable":true,"href":"https:\/\/www.africa-press.net\/cotedivoire\/wp-json\/wp\/v2\/media\/8770"}],"wp:attachment":[{"href":"https:\/\/www.africa-press.net\/cotedivoire\/wp-json\/wp\/v2\/media?parent=8771"}],"wp:term":[{"taxonomy":"category","embeddable":true,"href":"https:\/\/www.africa-press.net\/cotedivoire\/wp-json\/wp\/v2\/categories?post=8771"},{"taxonomy":"post_tag","embeddable":true,"href":"https:\/\/www.africa-press.net\/cotedivoire\/wp-json\/wp\/v2\/tags?post=8771"}],"curies":[{"name":"wp","href":"https:\/\/api.w.org\/{rel}","templated":true}]}}