{"id":87774,"date":"2024-09-25T17:50:06","date_gmt":"2024-09-25T17:50:06","guid":{"rendered":"https:\/\/www.africa-press.net\/cotedivoire\/politique\/recu-par-le-chef-de-letat-le-president-de-la-badea-felicite-le-gouvernement-pour-les-performances-macroeconomiques-du-pays"},"modified":"2024-09-25T18:08:44","modified_gmt":"2024-09-25T18:08:44","slug":"recu-par-le-chef-de-letat-le-president-de-la-badea-felicite-le-gouvernement-pour-les-performances-macroeconomiques-du-pays","status":"publish","type":"post","link":"https:\/\/www.africa-press.net\/cotedivoire\/politique\/recu-par-le-chef-de-letat-le-president-de-la-badea-felicite-le-gouvernement-pour-les-performances-macroeconomiques-du-pays","title":{"rendered":"Re\u00e7u par le chef de l&rsquo;Etat, le pr\u00e9sident de la BADEA f\u00e9licite le Gouvernement pour les performances macro\u00e9conomiques du pays"},"content":{"rendered":"<p><span style=\"color: #ff6600\"><strong>Africa-Press &#8211; C\u00f4te d&rsquo;Ivoire. <\/strong><\/span>Le Chef de l\u2019Etat, Alassane Ouattara, s\u2019est entretenu ce mercredi 25 septembre 2024, au Palais Pre\u0301sidentiel d\u2019Abidjan-Plateau, avec le Pre\u0301sident de la Banque Arabe pour le De\u0301veloppement E\u0301conomique en Afrique (BADEA), Sidi Ould Tah.<\/p>\n<p>Selon une note de la pre\u0301sidence ivoirienne, M. Sidi a fe\u0301licite\u0301 le Gouvernement pour les performances macroe\u0301conomiques de la Co\u0302te d\u2019Ivoire et exprime\u0301 sa volonte\u0301 d&rsquo;accroi\u0302tre le financement des projets prioritaires de notre pays, notamment dans les domaines des logements sociaux, de l&rsquo;agriculture, de l&rsquo;e\u0301nergie et du transport ae\u0301rien.<\/p>\n<p>La Banque arabe pour le de\u0301veloppement e\u0301conomique en Afrique (BADEA) est un organisme financier ayant pour objectif d&rsquo;e\u0302tre une banque mondiale pour les pays africains.<\/p>\n<p>Cre\u0301e\u0301e le 28 novembre 1973, et ope\u0301rationnelle depuis mars 1975, son sie\u0300ge se situe a\u0300 Khartoum (Re\u0301publique du Soudan).<\/p>\n\r\n                <style type=\"text\/css\">\r\n                    \r\n                    #td_uid_1_69f4ab3328748  .td-doubleSlider-2 .td-item1 {\r\n                        background: url(https:\/\/static.africa-press.net\/cote\/sites\/43\/2024\/09\/sm_1727275094.2957-80x60.jpg) 0 0 no-repeat;\r\n                    }\r\n                    #td_uid_1_69f4ab3328748  .td-doubleSlider-2 .td-item2 {\r\n                        background: url(https:\/\/static.africa-press.net\/cote\/sites\/43\/2024\/09\/sm_1727275099.064637-80x60.jpg) 0 0 no-repeat;\r\n                    }\r\n                <\/style>\r\n\r\n                <div id=\"td_uid_1_69f4ab3328748\" class=\"td-gallery td-slide-on-2-columns\">\r\n                    <div class=\"post_td_gallery\">\r\n                        <div class=\"td-gallery-slide-top\">\r\n                           <div class=\"td-gallery-title\"><\/div>\r\n\r\n                            <div class=\"td-gallery-controls-wrapper\">\r\n                                <div class=\"td-gallery-slide-count\"><span class=\"td-gallery-slide-item-focus\">1<\/span> de 2<\/div>\r\n                                <div class=\"td-gallery-slide-prev-next-but\">\r\n                                    <i class = \"td-icon-left doubleSliderPrevButton\"><\/i>\r\n                                    <i class = \"td-icon-right doubleSliderNextButton\"><\/i>\r\n                                <\/div>\r\n                            <\/div>\r\n                        <\/div>\r\n\r\n                        <div class = \"td-doubleSlider-1 \">\r\n                            <div class = \"td-slider\">\r\n                                \r\n                    <div class = \"td-slide-item td-item1\">\r\n                        <figure class=\"td-slide-galery-figure td-slide-popup-gallery\">\r\n                            <a class=\"slide-gallery-image-link\" href=\"https:\/\/static.africa-press.net\/cote\/sites\/43\/2024\/09\/sm_1727275094.2957.jpg\" title=\"sm_1727275094.2957\"  data-caption=\"\"  data-description=\"\">\r\n                                <img decoding=\"async\" src=\"https:\/\/static.africa-press.net\/cote\/sites\/43\/2024\/09\/sm_1727275094.2957.jpg\" srcset=\"https:\/\/static.africa-press.net\/cote\/sites\/43\/2024\/09\/sm_1727275094.2957.jpg 1000w, https:\/\/static.africa-press.net\/cote\/sites\/43\/2024\/09\/sm_1727275094.2957-300x200.jpg 300w, https:\/\/static.africa-press.net\/cote\/sites\/43\/2024\/09\/sm_1727275094.2957-768x512.jpg 768w\" sizes=\"(max-width: 1000px) 100vw, 1000px\" alt=\"\">\r\n                            <\/a>\r\n                            \r\n                        <\/figure>\r\n                    <\/div>\r\n                    <div class = \"td-slide-item td-item2\">\r\n                        <figure class=\"td-slide-galery-figure td-slide-popup-gallery\">\r\n                            <a class=\"slide-gallery-image-link\" href=\"https:\/\/static.africa-press.net\/cote\/sites\/43\/2024\/09\/sm_1727275099.064637.jpg\" title=\"sm_1727275099.064637\"  data-caption=\"\"  data-description=\"\">\r\n                                <img decoding=\"async\" src=\"https:\/\/static.africa-press.net\/cote\/sites\/43\/2024\/09\/sm_1727275099.064637.jpg\" srcset=\"https:\/\/static.africa-press.net\/cote\/sites\/43\/2024\/09\/sm_1727275099.064637.jpg 1000w, https:\/\/static.africa-press.net\/cote\/sites\/43\/2024\/09\/sm_1727275099.064637-300x200.jpg 300w, https:\/\/static.africa-press.net\/cote\/sites\/43\/2024\/09\/sm_1727275099.064637-768x512.jpg 768w\" sizes=\"(max-width: 1000px) 100vw, 1000px\" alt=\"\">\r\n                            <\/a>\r\n                            \r\n                        <\/figure>\r\n                    <\/div>\r\n                            <\/div>\r\n                        <\/div>\r\n\r\n                        <div class = \"td-doubleSlider-2\">\r\n                            <div class = \"td-slider\">\r\n                                \r\n                    <div class = \"td-button td-item1\">\r\n                        <div class = \"td-border\"><\/div>\r\n                    <\/div>\r\n                    <div class = \"td-button td-item2\">\r\n                        <div class = \"td-border\"><\/div>\r\n                    <\/div>\r\n                            <\/div>\r\n                        <\/div>\r\n\r\n                    <\/div>\r\n\r\n                <\/div>\r\n                \n<p><strong>Pour plus d&rsquo;informations et d&rsquo;analyses sur la C\u00f4te d&rsquo;Ivoire, suivez Africa-Press<\/strong><\/p>\n","protected":false},"excerpt":{"rendered":"<p>Africa-Press &#8211; C\u00f4te d&rsquo;Ivoire. Le Chef de l\u2019Etat, Alassane Ouattara, s\u2019est entretenu ce mercredi 25 septembre 2024, au Palais Pre\u0301sidentiel d\u2019Abidjan-Plateau, avec le Pre\u0301sident de la Banque Arabe pour le De\u0301veloppement E\u0301conomique en Afrique (BADEA), Sidi Ould Tah. Selon une note de la pre\u0301sidence ivoirienne, M. Sidi a fe\u0301licite\u0301 le Gouvernement pour les performances macroe\u0301conomiques [&hellip;]<\/p>\n","protected":false},"author":82,"featured_media":87773,"comment_status":"open","ping_status":"closed","sticky":false,"template":"","format":"standard","meta":{"footnotes":""},"categories":[8,2,20,10],"tags":[38,7167,29,762,14908],"class_list":["post-87774","post","type-post","status-publish","format-standard","has-post-thumbnail","hentry","category-photo","category-politique","category-top-nouvelles","category-toutes-les-actualites","tag-alassane-ouattara","tag-badea","tag-cote-divoire","tag-gouvernement","tag-sidi-ould-tah"],"yoast_head":"<!-- This site is optimized with the Yoast SEO Premium plugin v26.1 (Yoast SEO v27.0) - https:\/\/yoast.com\/product\/yoast-seo-premium-wordpress\/ -->\n<title>Re\u00e7u par le chef de l&#039;Etat, le pr\u00e9sident de la BADEA f\u00e9licite le Gouvernement pour les performances macro\u00e9conomiques du pays - C\u00f4te d&#039;Ivoire<\/title>\n<meta name=\"description\" content=\"Le Chef de l\u2019Etat, Alassane Ouattara, s\u2019est entretenu ce mercredi 25 septembre 2024, au Palais Pre\u0301sidentiel d\u2019Abidjan-P ...\" \/>\n<meta name=\"robots\" content=\"index, follow, max-snippet:-1, max-image-preview:large, max-video-preview:-1\" \/>\n<link rel=\"canonical\" href=\"https:\/\/www.africa-press.net\/cotedivoire\/politique\/recu-par-le-chef-de-letat-le-president-de-la-badea-felicite-le-gouvernement-pour-les-performances-macroeconomiques-du-pays\" \/>\n<meta property=\"og:locale\" content=\"fr_FR\" \/>\n<meta property=\"og:type\" content=\"article\" \/>\n<meta property=\"og:title\" content=\"Re\u00e7u par le chef de l&#039;Etat, le pr\u00e9sident de la BADEA f\u00e9licite le Gouvernement pour les performances macro\u00e9conomiques du pays\" \/>\n<meta property=\"og:description\" content=\"Le Chef de l\u2019Etat, Alassane Ouattara, s\u2019est entretenu ce mercredi 25 septembre 2024, au Palais Pre\u0301sidentiel d\u2019Abidjan-P ...\" \/>\n<meta property=\"og:url\" content=\"https:\/\/www.africa-press.net\/cotedivoire\/politique\/recu-par-le-chef-de-letat-le-president-de-la-badea-felicite-le-gouvernement-pour-les-performances-macroeconomiques-du-pays\" \/>\n<meta property=\"og:site_name\" content=\"C\u00f4te d&#039;Ivoire\" \/>\n<meta property=\"article:published_time\" content=\"2024-09-25T17:50:06+00:00\" \/>\n<meta property=\"article:modified_time\" content=\"2024-09-25T18:08:44+00:00\" \/>\n<meta property=\"og:image\" content=\"https:\/\/static.africa-press.net\/cote\/sites\/43\/2024\/09\/sm_1727275104.324812.jpg\" \/>\n\t<meta property=\"og:image:width\" content=\"720\" \/>\n\t<meta property=\"og:image:height\" content=\"403\" \/>\n\t<meta property=\"og:image:type\" content=\"image\/jpeg\" \/>\n<meta name=\"author\" content=\"cfeditorfr\" \/>\n<meta name=\"twitter:card\" content=\"summary_large_image\" \/>\n<meta name=\"twitter:label1\" content=\"\u00c9crit par\" \/>\n\t<meta name=\"twitter:data1\" content=\"cfeditorfr\" \/>\n\t<meta name=\"twitter:label2\" content=\"Dur\u00e9e de lecture estim\u00e9e\" \/>\n\t<meta name=\"twitter:data2\" content=\"1 minute\" \/>\n<script type=\"application\/ld+json\" class=\"yoast-schema-graph\">{\"@context\":\"https:\/\/schema.org\",\"@graph\":[{\"@type\":\"Article\",\"@id\":\"https:\/\/www.africa-press.net\/cotedivoire\/politique\/recu-par-le-chef-de-letat-le-president-de-la-badea-felicite-le-gouvernement-pour-les-performances-macroeconomiques-du-pays#article\",\"isPartOf\":{\"@id\":\"https:\/\/www.africa-press.net\/cotedivoire\/politique\/recu-par-le-chef-de-letat-le-president-de-la-badea-felicite-le-gouvernement-pour-les-performances-macroeconomiques-du-pays\"},\"author\":{\"name\":\"cfeditorfr\",\"@id\":\"https:\/\/www.africa-press.net\/cotedivoire\/#\/schema\/person\/2b1cf3cd81a31e3cd26889ca66d677f1\"},\"headline\":\"Re\u00e7u par le chef de l&rsquo;Etat, le pr\u00e9sident de la BADEA f\u00e9licite le Gouvernement pour les performances macro\u00e9conomiques du pays\",\"datePublished\":\"2024-09-25T17:50:06+00:00\",\"dateModified\":\"2024-09-25T18:08:44+00:00\",\"mainEntityOfPage\":{\"@id\":\"https:\/\/www.africa-press.net\/cotedivoire\/politique\/recu-par-le-chef-de-letat-le-president-de-la-badea-felicite-le-gouvernement-pour-les-performances-macroeconomiques-du-pays\"},\"wordCount\":205,\"commentCount\":0,\"image\":{\"@id\":\"https:\/\/www.africa-press.net\/cotedivoire\/politique\/recu-par-le-chef-de-letat-le-president-de-la-badea-felicite-le-gouvernement-pour-les-performances-macroeconomiques-du-pays#primaryimage\"},\"thumbnailUrl\":\"https:\/\/static.africa-press.net\/cote\/sites\/43\/2024\/09\/sm_1727275104.324812.jpg\",\"keywords\":[\"Alassane Ouattara\",\"BADEA\",\"C\u00d4TE D'IVOIRE\",\"Gouvernement\",\"Sidi Ould Tah\"],\"articleSection\":[\"Photo\",\"Politique\",\"Top Nouvelles\",\"Toutes les actualit\u00e9s\"],\"inLanguage\":\"fr-FR\",\"potentialAction\":[{\"@type\":\"CommentAction\",\"name\":\"Comment\",\"target\":[\"https:\/\/www.africa-press.net\/cotedivoire\/politique\/recu-par-le-chef-de-letat-le-president-de-la-badea-felicite-le-gouvernement-pour-les-performances-macroeconomiques-du-pays#respond\"]}]},{\"@type\":\"WebPage\",\"@id\":\"https:\/\/www.africa-press.net\/cotedivoire\/politique\/recu-par-le-chef-de-letat-le-president-de-la-badea-felicite-le-gouvernement-pour-les-performances-macroeconomiques-du-pays\",\"url\":\"https:\/\/www.africa-press.net\/cotedivoire\/politique\/recu-par-le-chef-de-letat-le-president-de-la-badea-felicite-le-gouvernement-pour-les-performances-macroeconomiques-du-pays\",\"name\":\"Re\u00e7u par le chef de l'Etat, le pr\u00e9sident de la BADEA f\u00e9licite le Gouvernement pour les performances macro\u00e9conomiques du pays - C\u00f4te d&#039;Ivoire\",\"isPartOf\":{\"@id\":\"https:\/\/www.africa-press.net\/cotedivoire\/#website\"},\"primaryImageOfPage\":{\"@id\":\"https:\/\/www.africa-press.net\/cotedivoire\/politique\/recu-par-le-chef-de-letat-le-president-de-la-badea-felicite-le-gouvernement-pour-les-performances-macroeconomiques-du-pays#primaryimage\"},\"image\":{\"@id\":\"https:\/\/www.africa-press.net\/cotedivoire\/politique\/recu-par-le-chef-de-letat-le-president-de-la-badea-felicite-le-gouvernement-pour-les-performances-macroeconomiques-du-pays#primaryimage\"},\"thumbnailUrl\":\"https:\/\/static.africa-press.net\/cote\/sites\/43\/2024\/09\/sm_1727275104.324812.jpg\",\"datePublished\":\"2024-09-25T17:50:06+00:00\",\"dateModified\":\"2024-09-25T18:08:44+00:00\",\"author\":{\"@id\":\"https:\/\/www.africa-press.net\/cotedivoire\/#\/schema\/person\/2b1cf3cd81a31e3cd26889ca66d677f1\"},\"description\":\"Le Chef de l\u2019Etat, Alassane Ouattara, s\u2019est entretenu ce mercredi 25 septembre 2024, au Palais Pre\u0301sidentiel d\u2019Abidjan-P ...\",\"breadcrumb\":{\"@id\":\"https:\/\/www.africa-press.net\/cotedivoire\/politique\/recu-par-le-chef-de-letat-le-president-de-la-badea-felicite-le-gouvernement-pour-les-performances-macroeconomiques-du-pays#breadcrumb\"},\"inLanguage\":\"fr-FR\",\"potentialAction\":[{\"@type\":\"ReadAction\",\"target\":[\"https:\/\/www.africa-press.net\/cotedivoire\/politique\/recu-par-le-chef-de-letat-le-president-de-la-badea-felicite-le-gouvernement-pour-les-performances-macroeconomiques-du-pays\"]}]},{\"@type\":\"ImageObject\",\"inLanguage\":\"fr-FR\",\"@id\":\"https:\/\/www.africa-press.net\/cotedivoire\/politique\/recu-par-le-chef-de-letat-le-president-de-la-badea-felicite-le-gouvernement-pour-les-performances-macroeconomiques-du-pays#primaryimage\",\"url\":\"https:\/\/static.africa-press.net\/cote\/sites\/43\/2024\/09\/sm_1727275104.324812.jpg\",\"contentUrl\":\"https:\/\/static.africa-press.net\/cote\/sites\/43\/2024\/09\/sm_1727275104.324812.jpg\",\"width\":720,\"height\":403,\"caption\":\"Re\u00e7u par le chef de l'Etat, le pr\u00e9sident de la BADEA f\u00e9licite le Gouvernement pour les performances macro\u00e9conomiques du pays\"},{\"@type\":\"BreadcrumbList\",\"@id\":\"https:\/\/www.africa-press.net\/cotedivoire\/politique\/recu-par-le-chef-de-letat-le-president-de-la-badea-felicite-le-gouvernement-pour-les-performances-macroeconomiques-du-pays#breadcrumb\",\"itemListElement\":[{\"@type\":\"ListItem\",\"position\":1,\"name\":\"Accueil\",\"item\":\"https:\/\/www.africa-press.net\/cotedivoire\/\"},{\"@type\":\"ListItem\",\"position\":2,\"name\":\"Re\u00e7u par le chef de l&#8217;Etat, le pr\u00e9sident de la BADEA f\u00e9licite le Gouvernement pour les performances macro\u00e9conomiques du pays\"}]},{\"@type\":\"WebSite\",\"@id\":\"https:\/\/www.africa-press.net\/cotedivoire\/#website\",\"url\":\"https:\/\/www.africa-press.net\/cotedivoire\/\",\"name\":\"C\u00f4te d&#039;Ivoire\",\"description\":\"Just another Africa News Agency Sites site\",\"potentialAction\":[{\"@type\":\"SearchAction\",\"target\":{\"@type\":\"EntryPoint\",\"urlTemplate\":\"https:\/\/www.africa-press.net\/cotedivoire\/?s={search_term_string}\"},\"query-input\":{\"@type\":\"PropertyValueSpecification\",\"valueRequired\":true,\"valueName\":\"search_term_string\"}}],\"inLanguage\":\"fr-FR\"},{\"@type\":\"Person\",\"@id\":\"https:\/\/www.africa-press.net\/cotedivoire\/#\/schema\/person\/2b1cf3cd81a31e3cd26889ca66d677f1\",\"name\":\"cfeditorfr\"}]}<\/script>\n<!-- \/ Yoast SEO Premium plugin. -->","yoast_head_json":{"title":"Re\u00e7u par le chef de l'Etat, le pr\u00e9sident de la BADEA f\u00e9licite le Gouvernement pour les performances macro\u00e9conomiques du pays - C\u00f4te d&#039;Ivoire","description":"Le Chef de l\u2019Etat, Alassane Ouattara, s\u2019est entretenu ce mercredi 25 septembre 2024, au Palais Pre\u0301sidentiel d\u2019Abidjan-P ...","robots":{"index":"index","follow":"follow","max-snippet":"max-snippet:-1","max-image-preview":"max-image-preview:large","max-video-preview":"max-video-preview:-1"},"canonical":"https:\/\/www.africa-press.net\/cotedivoire\/politique\/recu-par-le-chef-de-letat-le-president-de-la-badea-felicite-le-gouvernement-pour-les-performances-macroeconomiques-du-pays","og_locale":"fr_FR","og_type":"article","og_title":"Re\u00e7u par le chef de l'Etat, le pr\u00e9sident de la BADEA f\u00e9licite le Gouvernement pour les performances macro\u00e9conomiques du pays","og_description":"Le Chef de l\u2019Etat, Alassane Ouattara, s\u2019est entretenu ce mercredi 25 septembre 2024, au Palais Pre\u0301sidentiel d\u2019Abidjan-P ...","og_url":"https:\/\/www.africa-press.net\/cotedivoire\/politique\/recu-par-le-chef-de-letat-le-president-de-la-badea-felicite-le-gouvernement-pour-les-performances-macroeconomiques-du-pays","og_site_name":"C\u00f4te d&#039;Ivoire","article_published_time":"2024-09-25T17:50:06+00:00","article_modified_time":"2024-09-25T18:08:44+00:00","og_image":[{"width":720,"height":403,"url":"https:\/\/static.africa-press.net\/cote\/sites\/43\/2024\/09\/sm_1727275104.324812.jpg","type":"image\/jpeg"}],"author":"cfeditorfr","twitter_card":"summary_large_image","twitter_misc":{"\u00c9crit par":"cfeditorfr","Dur\u00e9e de lecture estim\u00e9e":"1 minute"},"schema":{"@context":"https:\/\/schema.org","@graph":[{"@type":"Article","@id":"https:\/\/www.africa-press.net\/cotedivoire\/politique\/recu-par-le-chef-de-letat-le-president-de-la-badea-felicite-le-gouvernement-pour-les-performances-macroeconomiques-du-pays#article","isPartOf":{"@id":"https:\/\/www.africa-press.net\/cotedivoire\/politique\/recu-par-le-chef-de-letat-le-president-de-la-badea-felicite-le-gouvernement-pour-les-performances-macroeconomiques-du-pays"},"author":{"name":"cfeditorfr","@id":"https:\/\/www.africa-press.net\/cotedivoire\/#\/schema\/person\/2b1cf3cd81a31e3cd26889ca66d677f1"},"headline":"Re\u00e7u par le chef de l&rsquo;Etat, le pr\u00e9sident de la BADEA f\u00e9licite le Gouvernement pour les performances macro\u00e9conomiques du pays","datePublished":"2024-09-25T17:50:06+00:00","dateModified":"2024-09-25T18:08:44+00:00","mainEntityOfPage":{"@id":"https:\/\/www.africa-press.net\/cotedivoire\/politique\/recu-par-le-chef-de-letat-le-president-de-la-badea-felicite-le-gouvernement-pour-les-performances-macroeconomiques-du-pays"},"wordCount":205,"commentCount":0,"image":{"@id":"https:\/\/www.africa-press.net\/cotedivoire\/politique\/recu-par-le-chef-de-letat-le-president-de-la-badea-felicite-le-gouvernement-pour-les-performances-macroeconomiques-du-pays#primaryimage"},"thumbnailUrl":"https:\/\/static.africa-press.net\/cote\/sites\/43\/2024\/09\/sm_1727275104.324812.jpg","keywords":["Alassane Ouattara","BADEA","C\u00d4TE D'IVOIRE","Gouvernement","Sidi Ould Tah"],"articleSection":["Photo","Politique","Top Nouvelles","Toutes les actualit\u00e9s"],"inLanguage":"fr-FR","potentialAction":[{"@type":"CommentAction","name":"Comment","target":["https:\/\/www.africa-press.net\/cotedivoire\/politique\/recu-par-le-chef-de-letat-le-president-de-la-badea-felicite-le-gouvernement-pour-les-performances-macroeconomiques-du-pays#respond"]}]},{"@type":"WebPage","@id":"https:\/\/www.africa-press.net\/cotedivoire\/politique\/recu-par-le-chef-de-letat-le-president-de-la-badea-felicite-le-gouvernement-pour-les-performances-macroeconomiques-du-pays","url":"https:\/\/www.africa-press.net\/cotedivoire\/politique\/recu-par-le-chef-de-letat-le-president-de-la-badea-felicite-le-gouvernement-pour-les-performances-macroeconomiques-du-pays","name":"Re\u00e7u par le chef de l'Etat, le pr\u00e9sident de la BADEA f\u00e9licite le Gouvernement pour les performances macro\u00e9conomiques du pays - C\u00f4te d&#039;Ivoire","isPartOf":{"@id":"https:\/\/www.africa-press.net\/cotedivoire\/#website"},"primaryImageOfPage":{"@id":"https:\/\/www.africa-press.net\/cotedivoire\/politique\/recu-par-le-chef-de-letat-le-president-de-la-badea-felicite-le-gouvernement-pour-les-performances-macroeconomiques-du-pays#primaryimage"},"image":{"@id":"https:\/\/www.africa-press.net\/cotedivoire\/politique\/recu-par-le-chef-de-letat-le-president-de-la-badea-felicite-le-gouvernement-pour-les-performances-macroeconomiques-du-pays#primaryimage"},"thumbnailUrl":"https:\/\/static.africa-press.net\/cote\/sites\/43\/2024\/09\/sm_1727275104.324812.jpg","datePublished":"2024-09-25T17:50:06+00:00","dateModified":"2024-09-25T18:08:44+00:00","author":{"@id":"https:\/\/www.africa-press.net\/cotedivoire\/#\/schema\/person\/2b1cf3cd81a31e3cd26889ca66d677f1"},"description":"Le Chef de l\u2019Etat, Alassane Ouattara, s\u2019est entretenu ce mercredi 25 septembre 2024, au Palais Pre\u0301sidentiel d\u2019Abidjan-P ...","breadcrumb":{"@id":"https:\/\/www.africa-press.net\/cotedivoire\/politique\/recu-par-le-chef-de-letat-le-president-de-la-badea-felicite-le-gouvernement-pour-les-performances-macroeconomiques-du-pays#breadcrumb"},"inLanguage":"fr-FR","potentialAction":[{"@type":"ReadAction","target":["https:\/\/www.africa-press.net\/cotedivoire\/politique\/recu-par-le-chef-de-letat-le-president-de-la-badea-felicite-le-gouvernement-pour-les-performances-macroeconomiques-du-pays"]}]},{"@type":"ImageObject","inLanguage":"fr-FR","@id":"https:\/\/www.africa-press.net\/cotedivoire\/politique\/recu-par-le-chef-de-letat-le-president-de-la-badea-felicite-le-gouvernement-pour-les-performances-macroeconomiques-du-pays#primaryimage","url":"https:\/\/static.africa-press.net\/cote\/sites\/43\/2024\/09\/sm_1727275104.324812.jpg","contentUrl":"https:\/\/static.africa-press.net\/cote\/sites\/43\/2024\/09\/sm_1727275104.324812.jpg","width":720,"height":403,"caption":"Re\u00e7u par le chef de l'Etat, le pr\u00e9sident de la BADEA f\u00e9licite le Gouvernement pour les performances macro\u00e9conomiques du pays"},{"@type":"BreadcrumbList","@id":"https:\/\/www.africa-press.net\/cotedivoire\/politique\/recu-par-le-chef-de-letat-le-president-de-la-badea-felicite-le-gouvernement-pour-les-performances-macroeconomiques-du-pays#breadcrumb","itemListElement":[{"@type":"ListItem","position":1,"name":"Accueil","item":"https:\/\/www.africa-press.net\/cotedivoire\/"},{"@type":"ListItem","position":2,"name":"Re\u00e7u par le chef de l&#8217;Etat, le pr\u00e9sident de la BADEA f\u00e9licite le Gouvernement pour les performances macro\u00e9conomiques du pays"}]},{"@type":"WebSite","@id":"https:\/\/www.africa-press.net\/cotedivoire\/#website","url":"https:\/\/www.africa-press.net\/cotedivoire\/","name":"C\u00f4te d&#039;Ivoire","description":"Just another Africa News Agency Sites site","potentialAction":[{"@type":"SearchAction","target":{"@type":"EntryPoint","urlTemplate":"https:\/\/www.africa-press.net\/cotedivoire\/?s={search_term_string}"},"query-input":{"@type":"PropertyValueSpecification","valueRequired":true,"valueName":"search_term_string"}}],"inLanguage":"fr-FR"},{"@type":"Person","@id":"https:\/\/www.africa-press.net\/cotedivoire\/#\/schema\/person\/2b1cf3cd81a31e3cd26889ca66d677f1","name":"cfeditorfr"}]}},"_links":{"self":[{"href":"https:\/\/www.africa-press.net\/cotedivoire\/wp-json\/wp\/v2\/posts\/87774","targetHints":{"allow":["GET"]}}],"collection":[{"href":"https:\/\/www.africa-press.net\/cotedivoire\/wp-json\/wp\/v2\/posts"}],"about":[{"href":"https:\/\/www.africa-press.net\/cotedivoire\/wp-json\/wp\/v2\/types\/post"}],"author":[{"embeddable":true,"href":"https:\/\/www.africa-press.net\/cotedivoire\/wp-json\/wp\/v2\/users\/82"}],"replies":[{"embeddable":true,"href":"https:\/\/www.africa-press.net\/cotedivoire\/wp-json\/wp\/v2\/comments?post=87774"}],"version-history":[{"count":0,"href":"https:\/\/www.africa-press.net\/cotedivoire\/wp-json\/wp\/v2\/posts\/87774\/revisions"}],"wp:featuredmedia":[{"embeddable":true,"href":"https:\/\/www.africa-press.net\/cotedivoire\/wp-json\/wp\/v2\/media\/87773"}],"wp:attachment":[{"href":"https:\/\/www.africa-press.net\/cotedivoire\/wp-json\/wp\/v2\/media?parent=87774"}],"wp:term":[{"taxonomy":"category","embeddable":true,"href":"https:\/\/www.africa-press.net\/cotedivoire\/wp-json\/wp\/v2\/categories?post=87774"},{"taxonomy":"post_tag","embeddable":true,"href":"https:\/\/www.africa-press.net\/cotedivoire\/wp-json\/wp\/v2\/tags?post=87774"}],"curies":[{"name":"wp","href":"https:\/\/api.w.org\/{rel}","templated":true}]}}