{"id":8780,"date":"2021-06-10T17:29:01","date_gmt":"2021-06-10T17:29:01","guid":{"rendered":"https:\/\/www.africa-press.net\/cotedivoire\/?p=8780"},"modified":"2021-06-10T18:16:29","modified_gmt":"2021-06-10T18:16:29","slug":"claude-sahy-soumahoro-linattendu-a-la-presidence-de-la-republique-de-cote-divoire","status":"publish","type":"post","link":"https:\/\/www.africa-press.net\/cotedivoire\/politique\/claude-sahy-soumahoro-linattendu-a-la-presidence-de-la-republique-de-cote-divoire","title":{"rendered":"Claude Sahy Soumahoro : L\u2019inattendu \u00e0 la pr\u00e9sidence de la R\u00e9publique de C\u00f4te d\u2019Ivoire"},"content":{"rendered":"<p><span style=\"color: #ff6600\"><strong><a href=\"https:\/\/www.africa-press.net\/\">Africa-Press<\/a> &#8211; <a href=\"https:\/\/www.africa-press.net\/cotedivoire\">C\u00f4te d&rsquo;Ivoire<\/a>. <\/strong><\/span><b>C\u2019est un d\u00e9cret pr\u00e9sidentiel publi\u00e9 le mardi 8 juin 2021 qui a nomm\u00e9 Claude Sahy Soumahoro au poste de chef de cabinet du pr\u00e9sident de la R\u00e9publique de C\u00f4te d\u2019Ivoire, Alassane D. Ouattara. Une information qui n\u2019a pas manqu\u00e9 d\u2019\u00e9tonner les observateurs de la vie politique ivoirienne. Sahy Soumahoro n\u2019est pas, pour l\u2019instant, une t\u00eate d\u2019affiche politique en C\u00f4te d\u2019Ivoire mais ambitionne, semble-t-il, de le devenir. Plus encore, ce n\u2019est pas un \u00ab technocrate \u00bb mais un \u00ab politique \u00bb dont le parcours s\u2019inscrit totalement dans les m\u00e9andres de la conjoncture ivoirienne depuis 2002. C\u2019est un homme de convictions \u2013 et elles ne lui manquent pas \u2013 qui vient de loin, tout particuli\u00e8rement du compagnonnage avec \u00ab IB \u00bb, Ibrahim Coulibaly, \u00ab p\u00e8re de la r\u00e9bellion ivoirienne \u00bb (ex\u00e9cut\u00e9 en 2011), compagnonnage rompu avant de soutenir Laurent Gbagbo lors de la pr\u00e9sidentielle 2010. Pour le reste, voici une douzaine d\u2019ann\u00e9es que Sahy Soumahoro se consid\u00e8re comme \u00ab l\u2019une des personnalit\u00e9s politiques \u00e9mergentes de la sc\u00e8ne ivoirienne \u00bb (L\u2019Inter du vendredi 15 octobre 2010 \u2013 entretien avec F.D. Bony). Est-ce \u00e0 dire que, pour lui, l\u2019\u00e9mergence, c\u2019est maintenant ?<\/b><\/p>\n<p><b>Politologue et diplomate<\/b><\/p>\n<p>A premi\u00e8re vue, son CV est celui d\u2019un \u00ab technocrate \u00bb. Rien de plus. Originaire de Biankouma, de l\u2019autre c\u00f4t\u00e9 des Monts du Toura, \u00e0 une cinquantaine de kilom\u00e8tres au Nord de Man, \u00ab capitale \u00bb de l\u2019Ouest ivoirien, c\u2019est tout naturellement au lyc\u00e9e moderne de Man que Claude Sahy Soumahoro a fait ses \u00e9tudes secondaires sanctionn\u00e9es, en 1989, par le bac. Il rejoindra ensuite l\u2019Ecole normale sup\u00e9rieure (1989-1992) pour y d\u00e9crocher une licence de lettres modernes.<\/p>\n<p>En 1999-2000, il suivra les cours de l\u2019Ecole sup\u00e9rieure de journalisme (ESJ) \u00e0 Paris. Il s\u2019inscrira ensuite, toujours \u00e0 Paris, au Centre d\u2019\u00e9tudes diplomatiques et strat\u00e9giques (CEDS) ; le CEDS est anim\u00e9 par Pascal Chaigneau, particuli\u00e8rement proche de l\u2019ex-pr\u00e9sident du Faso, Blaise Compaor\u00e9 (qui en a \u00e9t\u00e9 fait docteur honoris causa). Le Burkina Faso est un fil rouge dans la vie de Sahy Soumahoro : en 2016, il a suivi \u00e0 Ouagadougou le cours de master de l\u2019Institut des sciences et techniques de la communication (Istic).<\/p>\n<p>La vie professionnelle de Sahy Soumahoro est plus impr\u00e9cise. On note qu\u2019en janvier 2014, il rejoint le minist\u00e8re de l\u2019Int\u00e9rieur et de la S\u00e9curit\u00e9 en tant que directeur des Affaires politiques. Mais c\u2019est d\u00e9j\u00e0, largement, un quadrag\u00e9naire. Son ministre n\u2019est autre que Ahmed Bakayoko, ministre d\u2019Etat, num\u00e9ro un du gouvernement, lui aussi un \u00ab ancien \u00bb du Burkina Faso. Sahy Soumahoro sera en charge de la facilitation du dialogue r\u00e9publicain avec les formations politiques ivoiriennes, de la conception et du suivi du plan de redynamisation de la coh\u00e9sion sociale, et apportera son expertise en action publique tout en assurant l\u2019analyse de l\u2019actualit\u00e9 sociopolitique nationale et internationale afin de formuler des propositions de strat\u00e9gies \u00ab pertinentes \u00bb.<\/p>\n<p>Il assurera ce job jusqu\u2019en juin 2018. Il ne tardera pas \u00e0 rejoindre le minist\u00e8re des Affaires \u00e9trang\u00e8res, o\u00f9 officiait d\u00e9sormais Marcel Amon-Tanoh, comme conseiller technique. Promu ambassadeur le 12 janvier 2019, il \u00e9tait jusqu\u2019\u00e0 pr\u00e9sent directeur de cabinet adjoint au minist\u00e8re de l\u2019Administration du territoire et de la D\u00e9centralisation confi\u00e9 alors \u00e0 Sidiki Diakit\u00e9 avec qui Sahi Soumahoro avait collabor\u00e9, d\u00e9j\u00e0, quand Bakayoko avait quitt\u00e9 l\u2019Int\u00e9rieur pour la D\u00e9fense.<\/p>\n<p><b>Compagnon de route de \u00ab IB \u00bb<\/b><\/p>\n<p>Sahy se revendique donc \u00ab politologue et diplomate \u00bb. Or, il est bien plus que cela. Son nom est depuis la \u00ab r\u00e9bellion \u00bb de 2002 associ\u00e9 \u00e0 celui de Ibrahim Coulibaly. Les deux hommes se sont rencontr\u00e9s \u00e0 Paris. Sahy Soumahoro deviendra le porte-parole de celui qui se faisait appeler \u00ab IB \u00bb. Pour autant, il dira n\u2019avoir \u00ab pas \u00e9t\u00e9 dans la r\u00e9bellion \u00bb. Ajoutant : \u00ab Cependant, m\u00eame si j\u2019\u00e9tais de la r\u00e9bellion, la tendance actuelle est \u00e0 l\u2019apaisement, \u00e0 la r\u00e9conciliation, aux rapprochements et \u00e0 la restauration de l\u2019Etat \u00bb (L\u2019Inter \u2013 cf. supra).<\/p>\n<p>C\u2019est que le partenariat avec \u00ab IB \u00bb sera devenu pesant. Les accords de Marcoussis n\u2019auront pas permis de solutionner la crise ivoirienne. C\u2019est le Burkina Faso qui, d\u00e9sormais, m\u00e8nera la m\u00e9diation. L\u2019accord politique de Ouagadougou (4 mars 2007) va porter Guillaume Soro, ex-alli\u00e9 de \u00ab IB \u00bb devenu son ennemi personnel, \u00e0 la primature sous la pr\u00e9sidence de Laurent Gbagbo. Sahy Soumahoro va percevoir rapidement que les op\u00e9rations militaires men\u00e9es par \u00ab IB \u00bb n\u2019ont men\u00e9 nulle part et qu\u2019il faut passer \u00e0 une autre \u00e9tape : le retour au politique. Avec \u00ab IB \u00bb, il va fonder, d\u00e8s le 6 juin 2006, l\u2019Union nationale des Ivoiriens du renouveau (Unir) dont Sahy Soumahoro prendra la pr\u00e9sidence.<\/p>\n<p>Unir se voulait le parti de \u00ab la g\u00e9n\u00e9ration qui assumera plus tard des responsabilit\u00e9s \u00e0 un niveau tr\u00e8s \u00e9lev\u00e9 \u00bb. Le parti sera cr\u00e9\u00e9, aux dires de Sahy Soumahoro, avec \u00ab l\u2019aide de certaines personnalit\u00e9s \u00bb, notamment gr\u00e2ce \u00e0 \u00ab certaines largesses \u00bb de Gbagbo qui entretiendra le dialogue avec Sahy Soumahoro. Sauf que \u00ab IB \u00bb n\u2019a pas rompu avec ses habitudes \u00ab muscl\u00e9es \u00bb de \u00ab sergent rebelle \u00bb adepte des coups de force, r\u00e9ussis ou foireux. En marge de la 5\u00e8 session du Cadre d\u2019\u00e9valuation et d\u2019accompagnement (CEA), qui se tenait le jeudi 10 juillet 2008 \u00e0 Ouagadougou, Sahy Soumahoro va officialiser, lors d\u2019une conf\u00e9rence de presse introduite par le colonel Gilbert Diend\u00e9r\u00e9, chef d\u2019\u00e9tat-major particulier du pr\u00e9sident Blaise Compaor\u00e9, sa \u00ab d\u00e9marcation \u00bb avec \u00ab IB \u00bb. Le dialogue plut\u00f4t que la violence conform\u00e9ment \u00e0 l\u2019Accord politique de Ouagadougou. \u00ab Un parti n\u2019est pas fait pour perp\u00e9trer des coups d\u2019Etat \u00bb soulignera Sahy Soumahoro. Autrement dit : Soro plut\u00f4t que \u00ab IB \u00bb.<\/p>\n<p>C\u2019est encore \u00e0 Ouagadougou que Sahy Soumahoro formalisera sa vision de la \u00ab crise ivoirienne \u00bb. Dans un entretien avec Antoine Battiono publi\u00e9 par le quotidien priv\u00e9 Le Pays (vendredi 2 octobre 2009)1. \u00ab La C\u00f4te d\u2019Ivoire a \u00e9t\u00e9 prise en otage par nos a\u00een\u00e9s politiques et l\u2019\u00e9chec du pays c\u2019est la d\u00e9faite d\u2019une partie de ces derniers \u00bb. Tout d\u00e9bute, pour Sahy Soumahoro, en 1991, \u00e0 la veille de la mort (annonc\u00e9e) de F\u00e9lix Houphou\u00ebt-Boigny. Il y a l\u00e0 l\u2019ancien Premier ministre, Alassane D. Ouattara, qui \u00ab suppl\u00e9e le chef de l\u2019Etat en cas d\u2019absence \u00bb.<\/p>\n<p>Pour Sahy, c\u2019est \u00ab l\u2019h\u00e9ritier institutionnel \u00bb. Il y a aussi Henri Konan B\u00e9di\u00e9, pr\u00e9sident de l\u2019Assembl\u00e9e nationale, \u00ab qui assure l\u2019int\u00e9rim du pr\u00e9sident de la R\u00e9publique en cas d\u2019incapacit\u00e9 \u00e0 assurer ses fonctions ou en cas de vacance \u00bb. Konan B\u00e9di\u00e9 est donc \u00ab l\u2019h\u00e9ritier constitutionnel \u00bb. Quand au g\u00e9n\u00e9ral Robert Gue\u00ef, chef d\u2019\u00e9tat-major, c\u2019est le \u00ab gardien du temple \u00bb. Reste Laurent Gbagbo ; lui, c\u2019est le \u00ab leader de l\u2019opposition \u00bb d\u00e8s lors qu\u2019il a oppos\u00e9 sa candidature \u00e0 celle de Houphou\u00ebt-Boigny quand cela \u00ab a fait sourire au d\u00e9part \u00bb.<\/p>\n<p>Sauf qu\u2019aucun des quatre n\u2019aurait assum\u00e9 son r\u00f4le, chacun \u00e9tant \u00ab persuad\u00e9 d\u2019avoir un destin national \u00bb : \u00ab Ce sont donc ces a\u00een\u00e9s, dans leur volont\u00e9 de se neutraliser, qui ont donc conduit le pays dans la situation o\u00f9 il est \u00bb conclura Sahy Soumahoro. Qui ajoutait par ailleurs : \u00ab On n\u2019est peut-\u00eatre pas d\u2019accord avec Gbagbo, avec B\u00e9di\u00e9, avec Ouattara [Gue\u00ef ayant \u00e9t\u00e9 assassin\u00e9 en 2002], mais ils ont un profil politique \u00bb. Ce qui laisse entendre que ce n\u2019est pas le cas de \u00ab IB \u00bb ou de Soro.<\/p>\n<p><b>Leader politique, il soutient Gbagbo en 2010<\/b><\/p>\n<p>Dans cette perspective, Claude Sahy Soumahoro va, le 22 ao\u00fbt 2009, convoquer au palais de la culture d\u2019Abidjan les cadres d\u2019Unir. Pour prendre acte des \u00ab divergences de m\u00e9thodes, d\u2019objectifs et d\u2019ambitions \u00bb. Unir, ou ce qu\u2019il en reste, deviendra ainsi Esp\u00e9rance C\u00f4te d\u2019Ivoire qui, dira Sahy Soumahoro, a \u00ab un projet de soci\u00e9t\u00e9, un programme de gouvernement, une vision pour la C\u00f4te d\u2019Ivoire \u00bb. Esp\u00e9rance C\u00f4te d\u2019Ivoire se voulait alors \u00ab un parti d\u00e9mocratique, socialiste et f\u00e9d\u00e9rateur \u00bb, appartenant \u00e0 la \u00ab gauche socialiste \u00bb tout en allant \u00ab au-del\u00e0 des id\u00e9ologies \u00bb. Le l\u00e2chage de \u00ab IB \u00bb par Sahy Soumahoro et les siens ne pouvait alors que satisfaire ceux qui, au sein du RDR d\u2019Alassane D. Ouattara n\u2019appr\u00e9ciaient pas la mont\u00e9e en puissance du sergent, \u00ab en l\u2019occurrence, dira \u00ab IB \u00bb, Amadou Gon Coulibaly, Amadou Soumahoro, Hamed Bakayoko \u00bb.<\/p>\n<p>A la veille du premier tour de la pr\u00e9sidentielle (31 octobre 2010), Esp\u00e9rance C\u00f4te d\u2019Ivoire, affirmera son \u00ab soutien au candidat Laurent Gbagbo \u00bb, le chef de l\u2019Etat sortant \u00e9tant consid\u00e9r\u00e9 comme \u00ab la seule personnalit\u00e9 qui permettra \u00e0 cette jeunesse que nous constituons d\u2019\u00e9merger \u00bb. \u00ab Allons aux \u00e9lections pour confirmer le pr\u00e9sident Gbagbo, mais surtout permettre \u00e0 une nouvelle classe politique d\u2019\u00e9merger sereinement \u00e0 l\u2019int\u00e9rieur des diff\u00e9rents partis politiques afin que des id\u00e9es nouvelles naissent et fassent avance la C\u00f4te d\u2019Ivoire. Notre g\u00e9n\u00e9ration n\u2019est pas une g\u00e9n\u00e9ration d\u2019h\u00e9ritiers, mais une g\u00e9n\u00e9ration de b\u00e2tisseurs \u00bb.<\/p>\n<p><b>Une ambition nationale port\u00e9e par un id\u00e9al \u00e0 atteindre<\/b><\/p>\n<p>Amadou Gon Coulibaly va mourir le 8 juillet 2020. Il \u00e9tait Premier ministre et candidat d\u00e9sign\u00e9 du RHDP \u00e0 la pr\u00e9sidentielle 2020. Ahmed Bakayoko, qui avait pris sa suite, mourra le 10 mars 2021. L\u2019un et l\u2019autre repr\u00e9sentaient la nouvelle \u00ab g\u00e9n\u00e9ration de b\u00e2tisseurs \u00bb que Claude Sahy Soumahoro ne cessait d\u2019appeler de ses v\u0153ux. L\u2019ex-compagnon de \u00ab IB \u00bb, \u00ab sergent rebelle \u00bb, l\u2019ex-leader de l\u2019Unir puis de l\u2019Esp\u00e9rance, le \u00ab politologue et diplomate \u00bb qu\u2019a \u00e9t\u00e9 Sahy Soumahoro va revenir \u00e0 ses fondamentaux : sa proximit\u00e9 avec le pasteur Thomas Kouassi de l\u2019Eglise protestante baptiste. Sahy Soumahoro avait trouv\u00e9 aupr\u00e8s de lui, \u00e0 la fin des ann\u00e9es 1980, le r\u00e9confort spirituel n\u00e9cessaire lors de la mort de son fr\u00e8re a\u00een\u00e9, Philippe, alors qu\u2019il \u00e9tait en terminale au lyc\u00e9e de Man.<\/p>\n<p>La mort de Gon Coulibaly (avant celle de Bakayoko) va le conduire \u00e0 trouver dans la spiritualit\u00e9 les r\u00e9ponses aux questions qui ne sont pas du ressort de la science politique. Il consacrera son blog et ses interventions sur les r\u00e9seaux sociaux \u00e0 la \u00ab tol\u00e9rance \u00bb qui doit \u00ab nous aider \u00e0 b\u00e2tir une C\u00f4te d\u2019Ivoire plurielle \u00bb dans la perspective d\u2019un \u00ab pacte social \u00bb qui soit un \u00ab nouveau pacte r\u00e9publicain \u00bb. \u00ab La seule et vraie raison de notre pr\u00e9sence sur terre est de laisser manifester la magnificence de Dieu en nous et autour de nous \u00bb, \u00e9crira-t-il, ajoutant : \u00ab J\u2019ai du mal \u00e0 comprendre [que les hommes] ne comprennent pas que si Dieu est \u00ab Tout en Tout \u00bb, il n\u2019est pas possible qu\u2019il y ait des choses qui ne soient pas Dieu \u00bb.<\/p>\n<p>Loin de \u00ab l\u2019orgueil, de la suffisance, de la vanit\u00e9, de la m\u00e9chancet\u00e9, de l\u2019hypocrisie \u00bb, l\u2019homme doit d\u00e9couvrir son \u00ab d\u00e9sert int\u00e9rieur \u00bb, celui qui r\u00e9sulte de sa \u00ab course apr\u00e8s la c\u00e9l\u00e9brit\u00e9 \u00bb, \u00ab la reconnaissance des autres \u00bb, \u00ab l\u2019avidit\u00e9 de la r\u00e9ussite sociale \u00bb. De cette longue r\u00e9flexion spirituelle, il en tirera la conclusion que \u00ab toute ambition qui n\u2019est pas port\u00e9e par un id\u00e9al est simple d\u00e9sir de gloire personnelle \u00bb. Il faut donc que celui qui est \u00ab convaincu d\u2019avoir un destin national \u00bb se \u00ab forge un id\u00e9al \u00e0 atteindre plut\u00f4t qu\u2019une ambition \u00e0 poursuivre \u00bb.<\/p>\n<p>Il en veut pour preuve, \u00e9crira-t-il, Denis Mukwege, Joseph Cugnot, Thomas Edison, Ray Tomlisson, Tim Berners, Jelly Roll Morton, Bob Marley, Amadeus Mozart, Leonard de Vinci, Aim\u00e9 C\u00e9saire, Pel\u00e9, Nelson Mandela, F\u00e9lix Houphou\u00ebt-Boigny, M\u00e8re Teresa de Calcutta\u2026<\/p>\n<p>Claude Sahy Soumahoro est aujourd\u2019hui le chef de cabinet du pr\u00e9sident Alassane D. Ouattara. Et peut d\u00e9sormais r\u00eaver d\u2019un destin national port\u00e9 par un id\u00e9al. La g\u00e9n\u00e9ration \u00e9mergente, c\u2019est lui d\u00e9sormais ; et il a quelques ann\u00e9es devant lui pour gravir les marches du pouvoir !<\/p>\n<p>1 Claude Sahy reformulera cette vision de la crise ivoirienne dans son entretien avec L\u2019Inter (d\u00e9j\u00e0 \u00e9voqu\u00e9) publi\u00e9 le vendredi 15 octobre 2010.<\/p>\n<p><b>\u00a0<\/b><\/p>\n","protected":false},"excerpt":{"rendered":"<p>Africa-Press &#8211; C\u00f4te d&rsquo;Ivoire. C\u2019est un d\u00e9cret pr\u00e9sidentiel publi\u00e9 le mardi 8 juin 2021 qui a nomm\u00e9 Claude Sahy Soumahoro au poste de chef de cabinet du pr\u00e9sident de la R\u00e9publique de C\u00f4te d\u2019Ivoire, Alassane D. Ouattara. Une information qui n\u2019a pas manqu\u00e9 d\u2019\u00e9tonner les observateurs de la vie politique ivoirienne. Sahy Soumahoro n\u2019est pas, [&hellip;]<\/p>\n","protected":false},"author":82,"featured_media":8779,"comment_status":"open","ping_status":"closed","sticky":false,"template":"","format":"standard","meta":{"footnotes":""},"categories":[11,2,10],"tags":[56,63,29],"class_list":["post-8780","post","type-post","status-publish","format-standard","has-post-thumbnail","hentry","category-homepage-french","category-politique","category-toutes-les-actualites","tag-africa-press","tag-africa-press-cote-divoire","tag-cote-divoire"],"yoast_head":"<!-- This site is optimized with the Yoast SEO Premium plugin v26.1 (Yoast SEO v27.0) - https:\/\/yoast.com\/product\/yoast-seo-premium-wordpress\/ -->\n<title>Claude Sahy Soumahoro : L\u2019inattendu \u00e0 la pr\u00e9sidence de la R\u00e9publique de C\u00f4te d\u2019Ivoire - C\u00f4te d&#039;Ivoire<\/title>\n<meta name=\"description\" content=\"C\u2019est un d\u00e9cret pr\u00e9sidentiel publi\u00e9 le mardi 8 juin 2021 qui a nomm\u00e9 Claude Sahy Soumahoro au poste de chef de cabine ...\" \/>\n<meta name=\"robots\" content=\"index, follow, max-snippet:-1, max-image-preview:large, max-video-preview:-1\" \/>\n<link rel=\"canonical\" href=\"https:\/\/www.africa-press.net\/cotedivoire\/politique\/claude-sahy-soumahoro-linattendu-a-la-presidence-de-la-republique-de-cote-divoire\" \/>\n<meta property=\"og:locale\" content=\"fr_FR\" \/>\n<meta property=\"og:type\" content=\"article\" \/>\n<meta property=\"og:title\" content=\"Claude Sahy Soumahoro : L\u2019inattendu \u00e0 la pr\u00e9sidence de la R\u00e9publique de C\u00f4te d\u2019Ivoire\" \/>\n<meta property=\"og:description\" content=\"C\u2019est un d\u00e9cret pr\u00e9sidentiel publi\u00e9 le mardi 8 juin 2021 qui a nomm\u00e9 Claude Sahy Soumahoro au poste de chef de cabine ...\" \/>\n<meta property=\"og:url\" content=\"https:\/\/www.africa-press.net\/cotedivoire\/politique\/claude-sahy-soumahoro-linattendu-a-la-presidence-de-la-republique-de-cote-divoire\" \/>\n<meta property=\"og:site_name\" content=\"C\u00f4te d&#039;Ivoire\" \/>\n<meta property=\"article:published_time\" content=\"2021-06-10T17:29:01+00:00\" \/>\n<meta property=\"article:modified_time\" content=\"2021-06-10T18:16:29+00:00\" \/>\n<meta property=\"og:image\" content=\"https:\/\/static.africa-press.net\/cote\/sites\/43\/2021\/06\/img-60c236050849e.jpg\" \/>\n\t<meta property=\"og:image:width\" content=\"720\" \/>\n\t<meta property=\"og:image:height\" content=\"479\" \/>\n\t<meta property=\"og:image:type\" content=\"image\/jpeg\" \/>\n<meta name=\"author\" content=\"cfeditorfr\" \/>\n<meta name=\"twitter:card\" content=\"summary_large_image\" \/>\n<meta name=\"twitter:label1\" content=\"\u00c9crit par\" \/>\n\t<meta name=\"twitter:data1\" content=\"cfeditorfr\" \/>\n\t<meta name=\"twitter:label2\" content=\"Dur\u00e9e de lecture estim\u00e9e\" \/>\n\t<meta name=\"twitter:data2\" content=\"10 minutes\" \/>\n<script type=\"application\/ld+json\" class=\"yoast-schema-graph\">{\"@context\":\"https:\/\/schema.org\",\"@graph\":[{\"@type\":\"Article\",\"@id\":\"https:\/\/www.africa-press.net\/cotedivoire\/politique\/claude-sahy-soumahoro-linattendu-a-la-presidence-de-la-republique-de-cote-divoire#article\",\"isPartOf\":{\"@id\":\"https:\/\/www.africa-press.net\/cotedivoire\/politique\/claude-sahy-soumahoro-linattendu-a-la-presidence-de-la-republique-de-cote-divoire\"},\"author\":{\"name\":\"cfeditorfr\",\"@id\":\"https:\/\/www.africa-press.net\/cotedivoire\/#\/schema\/person\/2b1cf3cd81a31e3cd26889ca66d677f1\"},\"headline\":\"Claude Sahy Soumahoro : L\u2019inattendu \u00e0 la pr\u00e9sidence de la R\u00e9publique de C\u00f4te d\u2019Ivoire\",\"datePublished\":\"2021-06-10T17:29:01+00:00\",\"dateModified\":\"2021-06-10T18:16:29+00:00\",\"mainEntityOfPage\":{\"@id\":\"https:\/\/www.africa-press.net\/cotedivoire\/politique\/claude-sahy-soumahoro-linattendu-a-la-presidence-de-la-republique-de-cote-divoire\"},\"wordCount\":2054,\"commentCount\":0,\"image\":{\"@id\":\"https:\/\/www.africa-press.net\/cotedivoire\/politique\/claude-sahy-soumahoro-linattendu-a-la-presidence-de-la-republique-de-cote-divoire#primaryimage\"},\"thumbnailUrl\":\"https:\/\/static.africa-press.net\/cote\/sites\/43\/2021\/06\/img-60c236050849e.jpg\",\"keywords\":[\"Africa Press\",\"Africa Press-C\u00f4te d'Ivoire\",\"C\u00d4TE D'IVOIRE\"],\"articleSection\":[\"homepage-french\",\"Politique\",\"Toutes les actualit\u00e9s\"],\"inLanguage\":\"fr-FR\",\"potentialAction\":[{\"@type\":\"CommentAction\",\"name\":\"Comment\",\"target\":[\"https:\/\/www.africa-press.net\/cotedivoire\/politique\/claude-sahy-soumahoro-linattendu-a-la-presidence-de-la-republique-de-cote-divoire#respond\"]}]},{\"@type\":\"WebPage\",\"@id\":\"https:\/\/www.africa-press.net\/cotedivoire\/politique\/claude-sahy-soumahoro-linattendu-a-la-presidence-de-la-republique-de-cote-divoire\",\"url\":\"https:\/\/www.africa-press.net\/cotedivoire\/politique\/claude-sahy-soumahoro-linattendu-a-la-presidence-de-la-republique-de-cote-divoire\",\"name\":\"Claude Sahy Soumahoro : L\u2019inattendu \u00e0 la pr\u00e9sidence de la R\u00e9publique de C\u00f4te d\u2019Ivoire - C\u00f4te d&#039;Ivoire\",\"isPartOf\":{\"@id\":\"https:\/\/www.africa-press.net\/cotedivoire\/#website\"},\"primaryImageOfPage\":{\"@id\":\"https:\/\/www.africa-press.net\/cotedivoire\/politique\/claude-sahy-soumahoro-linattendu-a-la-presidence-de-la-republique-de-cote-divoire#primaryimage\"},\"image\":{\"@id\":\"https:\/\/www.africa-press.net\/cotedivoire\/politique\/claude-sahy-soumahoro-linattendu-a-la-presidence-de-la-republique-de-cote-divoire#primaryimage\"},\"thumbnailUrl\":\"https:\/\/static.africa-press.net\/cote\/sites\/43\/2021\/06\/img-60c236050849e.jpg\",\"datePublished\":\"2021-06-10T17:29:01+00:00\",\"dateModified\":\"2021-06-10T18:16:29+00:00\",\"author\":{\"@id\":\"https:\/\/www.africa-press.net\/cotedivoire\/#\/schema\/person\/2b1cf3cd81a31e3cd26889ca66d677f1\"},\"description\":\"C\u2019est un d\u00e9cret pr\u00e9sidentiel publi\u00e9 le mardi 8 juin 2021 qui a nomm\u00e9 Claude Sahy Soumahoro au poste de chef de cabine ...\",\"breadcrumb\":{\"@id\":\"https:\/\/www.africa-press.net\/cotedivoire\/politique\/claude-sahy-soumahoro-linattendu-a-la-presidence-de-la-republique-de-cote-divoire#breadcrumb\"},\"inLanguage\":\"fr-FR\",\"potentialAction\":[{\"@type\":\"ReadAction\",\"target\":[\"https:\/\/www.africa-press.net\/cotedivoire\/politique\/claude-sahy-soumahoro-linattendu-a-la-presidence-de-la-republique-de-cote-divoire\"]}]},{\"@type\":\"ImageObject\",\"inLanguage\":\"fr-FR\",\"@id\":\"https:\/\/www.africa-press.net\/cotedivoire\/politique\/claude-sahy-soumahoro-linattendu-a-la-presidence-de-la-republique-de-cote-divoire#primaryimage\",\"url\":\"https:\/\/static.africa-press.net\/cote\/sites\/43\/2021\/06\/img-60c236050849e.jpg\",\"contentUrl\":\"https:\/\/static.africa-press.net\/cote\/sites\/43\/2021\/06\/img-60c236050849e.jpg\",\"width\":720,\"height\":479,\"caption\":\"Claude Sahy Soumahoro : L\u2019inattendu \u00e0 la pr\u00e9sidence de la R\u00e9publique de C\u00f4te d\u2019Ivoire\"},{\"@type\":\"BreadcrumbList\",\"@id\":\"https:\/\/www.africa-press.net\/cotedivoire\/politique\/claude-sahy-soumahoro-linattendu-a-la-presidence-de-la-republique-de-cote-divoire#breadcrumb\",\"itemListElement\":[{\"@type\":\"ListItem\",\"position\":1,\"name\":\"Accueil\",\"item\":\"https:\/\/www.africa-press.net\/cotedivoire\/\"},{\"@type\":\"ListItem\",\"position\":2,\"name\":\"Claude Sahy Soumahoro : L\u2019inattendu \u00e0 la pr\u00e9sidence de la R\u00e9publique de C\u00f4te d\u2019Ivoire\"}]},{\"@type\":\"WebSite\",\"@id\":\"https:\/\/www.africa-press.net\/cotedivoire\/#website\",\"url\":\"https:\/\/www.africa-press.net\/cotedivoire\/\",\"name\":\"C\u00f4te d&#039;Ivoire\",\"description\":\"Just another Africa News Agency Sites site\",\"potentialAction\":[{\"@type\":\"SearchAction\",\"target\":{\"@type\":\"EntryPoint\",\"urlTemplate\":\"https:\/\/www.africa-press.net\/cotedivoire\/?s={search_term_string}\"},\"query-input\":{\"@type\":\"PropertyValueSpecification\",\"valueRequired\":true,\"valueName\":\"search_term_string\"}}],\"inLanguage\":\"fr-FR\"},{\"@type\":\"Person\",\"@id\":\"https:\/\/www.africa-press.net\/cotedivoire\/#\/schema\/person\/2b1cf3cd81a31e3cd26889ca66d677f1\",\"name\":\"cfeditorfr\"}]}<\/script>\n<!-- \/ Yoast SEO Premium plugin. -->","yoast_head_json":{"title":"Claude Sahy Soumahoro : L\u2019inattendu \u00e0 la pr\u00e9sidence de la R\u00e9publique de C\u00f4te d\u2019Ivoire - C\u00f4te d&#039;Ivoire","description":"C\u2019est un d\u00e9cret pr\u00e9sidentiel publi\u00e9 le mardi 8 juin 2021 qui a nomm\u00e9 Claude Sahy Soumahoro au poste de chef de cabine ...","robots":{"index":"index","follow":"follow","max-snippet":"max-snippet:-1","max-image-preview":"max-image-preview:large","max-video-preview":"max-video-preview:-1"},"canonical":"https:\/\/www.africa-press.net\/cotedivoire\/politique\/claude-sahy-soumahoro-linattendu-a-la-presidence-de-la-republique-de-cote-divoire","og_locale":"fr_FR","og_type":"article","og_title":"Claude Sahy Soumahoro : L\u2019inattendu \u00e0 la pr\u00e9sidence de la R\u00e9publique de C\u00f4te d\u2019Ivoire","og_description":"C\u2019est un d\u00e9cret pr\u00e9sidentiel publi\u00e9 le mardi 8 juin 2021 qui a nomm\u00e9 Claude Sahy Soumahoro au poste de chef de cabine ...","og_url":"https:\/\/www.africa-press.net\/cotedivoire\/politique\/claude-sahy-soumahoro-linattendu-a-la-presidence-de-la-republique-de-cote-divoire","og_site_name":"C\u00f4te d&#039;Ivoire","article_published_time":"2021-06-10T17:29:01+00:00","article_modified_time":"2021-06-10T18:16:29+00:00","og_image":[{"width":720,"height":479,"url":"https:\/\/static.africa-press.net\/cote\/sites\/43\/2021\/06\/img-60c236050849e.jpg","type":"image\/jpeg"}],"author":"cfeditorfr","twitter_card":"summary_large_image","twitter_misc":{"\u00c9crit par":"cfeditorfr","Dur\u00e9e de lecture estim\u00e9e":"10 minutes"},"schema":{"@context":"https:\/\/schema.org","@graph":[{"@type":"Article","@id":"https:\/\/www.africa-press.net\/cotedivoire\/politique\/claude-sahy-soumahoro-linattendu-a-la-presidence-de-la-republique-de-cote-divoire#article","isPartOf":{"@id":"https:\/\/www.africa-press.net\/cotedivoire\/politique\/claude-sahy-soumahoro-linattendu-a-la-presidence-de-la-republique-de-cote-divoire"},"author":{"name":"cfeditorfr","@id":"https:\/\/www.africa-press.net\/cotedivoire\/#\/schema\/person\/2b1cf3cd81a31e3cd26889ca66d677f1"},"headline":"Claude Sahy Soumahoro : L\u2019inattendu \u00e0 la pr\u00e9sidence de la R\u00e9publique de C\u00f4te d\u2019Ivoire","datePublished":"2021-06-10T17:29:01+00:00","dateModified":"2021-06-10T18:16:29+00:00","mainEntityOfPage":{"@id":"https:\/\/www.africa-press.net\/cotedivoire\/politique\/claude-sahy-soumahoro-linattendu-a-la-presidence-de-la-republique-de-cote-divoire"},"wordCount":2054,"commentCount":0,"image":{"@id":"https:\/\/www.africa-press.net\/cotedivoire\/politique\/claude-sahy-soumahoro-linattendu-a-la-presidence-de-la-republique-de-cote-divoire#primaryimage"},"thumbnailUrl":"https:\/\/static.africa-press.net\/cote\/sites\/43\/2021\/06\/img-60c236050849e.jpg","keywords":["Africa Press","Africa Press-C\u00f4te d'Ivoire","C\u00d4TE D'IVOIRE"],"articleSection":["homepage-french","Politique","Toutes les actualit\u00e9s"],"inLanguage":"fr-FR","potentialAction":[{"@type":"CommentAction","name":"Comment","target":["https:\/\/www.africa-press.net\/cotedivoire\/politique\/claude-sahy-soumahoro-linattendu-a-la-presidence-de-la-republique-de-cote-divoire#respond"]}]},{"@type":"WebPage","@id":"https:\/\/www.africa-press.net\/cotedivoire\/politique\/claude-sahy-soumahoro-linattendu-a-la-presidence-de-la-republique-de-cote-divoire","url":"https:\/\/www.africa-press.net\/cotedivoire\/politique\/claude-sahy-soumahoro-linattendu-a-la-presidence-de-la-republique-de-cote-divoire","name":"Claude Sahy Soumahoro : L\u2019inattendu \u00e0 la pr\u00e9sidence de la R\u00e9publique de C\u00f4te d\u2019Ivoire - C\u00f4te d&#039;Ivoire","isPartOf":{"@id":"https:\/\/www.africa-press.net\/cotedivoire\/#website"},"primaryImageOfPage":{"@id":"https:\/\/www.africa-press.net\/cotedivoire\/politique\/claude-sahy-soumahoro-linattendu-a-la-presidence-de-la-republique-de-cote-divoire#primaryimage"},"image":{"@id":"https:\/\/www.africa-press.net\/cotedivoire\/politique\/claude-sahy-soumahoro-linattendu-a-la-presidence-de-la-republique-de-cote-divoire#primaryimage"},"thumbnailUrl":"https:\/\/static.africa-press.net\/cote\/sites\/43\/2021\/06\/img-60c236050849e.jpg","datePublished":"2021-06-10T17:29:01+00:00","dateModified":"2021-06-10T18:16:29+00:00","author":{"@id":"https:\/\/www.africa-press.net\/cotedivoire\/#\/schema\/person\/2b1cf3cd81a31e3cd26889ca66d677f1"},"description":"C\u2019est un d\u00e9cret pr\u00e9sidentiel publi\u00e9 le mardi 8 juin 2021 qui a nomm\u00e9 Claude Sahy Soumahoro au poste de chef de cabine ...","breadcrumb":{"@id":"https:\/\/www.africa-press.net\/cotedivoire\/politique\/claude-sahy-soumahoro-linattendu-a-la-presidence-de-la-republique-de-cote-divoire#breadcrumb"},"inLanguage":"fr-FR","potentialAction":[{"@type":"ReadAction","target":["https:\/\/www.africa-press.net\/cotedivoire\/politique\/claude-sahy-soumahoro-linattendu-a-la-presidence-de-la-republique-de-cote-divoire"]}]},{"@type":"ImageObject","inLanguage":"fr-FR","@id":"https:\/\/www.africa-press.net\/cotedivoire\/politique\/claude-sahy-soumahoro-linattendu-a-la-presidence-de-la-republique-de-cote-divoire#primaryimage","url":"https:\/\/static.africa-press.net\/cote\/sites\/43\/2021\/06\/img-60c236050849e.jpg","contentUrl":"https:\/\/static.africa-press.net\/cote\/sites\/43\/2021\/06\/img-60c236050849e.jpg","width":720,"height":479,"caption":"Claude Sahy Soumahoro : L\u2019inattendu \u00e0 la pr\u00e9sidence de la R\u00e9publique de C\u00f4te d\u2019Ivoire"},{"@type":"BreadcrumbList","@id":"https:\/\/www.africa-press.net\/cotedivoire\/politique\/claude-sahy-soumahoro-linattendu-a-la-presidence-de-la-republique-de-cote-divoire#breadcrumb","itemListElement":[{"@type":"ListItem","position":1,"name":"Accueil","item":"https:\/\/www.africa-press.net\/cotedivoire\/"},{"@type":"ListItem","position":2,"name":"Claude Sahy Soumahoro : L\u2019inattendu \u00e0 la pr\u00e9sidence de la R\u00e9publique de C\u00f4te d\u2019Ivoire"}]},{"@type":"WebSite","@id":"https:\/\/www.africa-press.net\/cotedivoire\/#website","url":"https:\/\/www.africa-press.net\/cotedivoire\/","name":"C\u00f4te d&#039;Ivoire","description":"Just another Africa News Agency Sites site","potentialAction":[{"@type":"SearchAction","target":{"@type":"EntryPoint","urlTemplate":"https:\/\/www.africa-press.net\/cotedivoire\/?s={search_term_string}"},"query-input":{"@type":"PropertyValueSpecification","valueRequired":true,"valueName":"search_term_string"}}],"inLanguage":"fr-FR"},{"@type":"Person","@id":"https:\/\/www.africa-press.net\/cotedivoire\/#\/schema\/person\/2b1cf3cd81a31e3cd26889ca66d677f1","name":"cfeditorfr"}]}},"_links":{"self":[{"href":"https:\/\/www.africa-press.net\/cotedivoire\/wp-json\/wp\/v2\/posts\/8780","targetHints":{"allow":["GET"]}}],"collection":[{"href":"https:\/\/www.africa-press.net\/cotedivoire\/wp-json\/wp\/v2\/posts"}],"about":[{"href":"https:\/\/www.africa-press.net\/cotedivoire\/wp-json\/wp\/v2\/types\/post"}],"author":[{"embeddable":true,"href":"https:\/\/www.africa-press.net\/cotedivoire\/wp-json\/wp\/v2\/users\/82"}],"replies":[{"embeddable":true,"href":"https:\/\/www.africa-press.net\/cotedivoire\/wp-json\/wp\/v2\/comments?post=8780"}],"version-history":[{"count":0,"href":"https:\/\/www.africa-press.net\/cotedivoire\/wp-json\/wp\/v2\/posts\/8780\/revisions"}],"wp:featuredmedia":[{"embeddable":true,"href":"https:\/\/www.africa-press.net\/cotedivoire\/wp-json\/wp\/v2\/media\/8779"}],"wp:attachment":[{"href":"https:\/\/www.africa-press.net\/cotedivoire\/wp-json\/wp\/v2\/media?parent=8780"}],"wp:term":[{"taxonomy":"category","embeddable":true,"href":"https:\/\/www.africa-press.net\/cotedivoire\/wp-json\/wp\/v2\/categories?post=8780"},{"taxonomy":"post_tag","embeddable":true,"href":"https:\/\/www.africa-press.net\/cotedivoire\/wp-json\/wp\/v2\/tags?post=8780"}],"curies":[{"name":"wp","href":"https:\/\/api.w.org\/{rel}","templated":true}]}}