{"id":87800,"date":"2024-09-25T17:53:29","date_gmt":"2024-09-25T17:53:29","guid":{"rendered":"https:\/\/www.africa-press.net\/cotedivoire\/politique\/adjame-williamsville-macaci-le-maire-inaugure-un-marche-de-bois-moderne-bati-sur-une-superficie-de-1500-m%c2%b2"},"modified":"2024-09-25T18:11:17","modified_gmt":"2024-09-25T18:11:17","slug":"adjame-williamsville-macaci-le-maire-inaugure-un-marche-de-bois-moderne-bati-sur-une-superficie-de-1500-m%c2%b2","status":"publish","type":"post","link":"https:\/\/www.africa-press.net\/cotedivoire\/toutes-les-actualites\/adjame-williamsville-macaci-le-maire-inaugure-un-marche-de-bois-moderne-bati-sur-une-superficie-de-1500-m%c2%b2","title":{"rendered":"Adjam\u00e9-Williamsville-Macaci, le maire inaugure un march\u00e9 de bois moderne, b\u00e2ti sur une superficie de 1500 m\u00b2"},"content":{"rendered":"<p><span style=\"color: #ff6600\"><strong>Africa-Press &#8211; C\u00f4te d&rsquo;Ivoire. <\/strong><\/span>La Commune d\u2019Adjame\u0301 (nord d\u2019Abidjan) dispose de\u0301sormais d\u2019un marche\u0301 de bois moderne a\u0300 Williamsville Macaci, ou\u0300 tous les acteurs du secteur sont regroupe\u0301s. L\u2019infrastructure, ba\u0302tie sur une superficie de 1500 m2, a e\u0301te\u0301 inaugure\u0301e officiellement par le de\u0301pute\u0301-maire Soumahoro Farikou ce mardi 24 septembre 2024.<\/p>\n<p>Lors de cette ce\u0301re\u0301monie, le maire a exprime\u0301 sa satisfaction quant a\u0300 la re\u0301alisation de ce projet, \u00ab\u00a0fruit d&rsquo;une collaboration e\u0301troite entre la mairie et la famille Abromando, ligne\u0301e N&rsquo;da Michel, proprie\u0301taire du terrain\u00a0\u00bb. Il a remercie\u0301 cette famille pour avoir accepte\u0301 de mettre a\u0300 disposition ce site strate\u0301gique, permettant ainsi la concre\u0301tisation d&rsquo;un projet qui be\u0301ne\u0301ficiera a\u0300 l&rsquo;ensemble des populations d&rsquo;Adjame\u0301 et d&rsquo;ailleurs.<\/p>\n<p>\u00ab\u00a0Ce marche\u0301 est e\u0301galement le symbole du dynamisme e\u0301conomique de notre commune. Il contribuera a\u0300 ge\u0301ne\u0301rer des emplois, a\u0300 attirer des investisseurs et a\u0300 renforcer la position d&rsquo;Adjame\u0301 en tant que po\u0302le commercial majeur dans la re\u0301gion. L&rsquo;exploitation de ce marche\u0301, spe\u0301cialise\u0301 dans le bois, permettra de soutenir des milliers de familles, en offrant des opportunite\u0301s de croissance aux artisans et commerc\u0327ants\u00a0\u00bb, a de\u0301clare\u0301 Soumahoro Farikou.<\/p>\n<p>Le maire a souligne\u0301 e\u0301galement que \u00ab\u00a0ce projet n&rsquo;est pas un aboutissement\u00a0\u00bb, mais bien une e\u0301tape parmi tant d&rsquo;autres.<\/p>\n<p>\u00ab\u00a0La transformation d&rsquo;Adjame\u0301 est en marche. Avec le soutien de tous nos partenaires, nous continuons a\u0300 doter notre commune d&rsquo;infrastructures modernes, adapte\u0301es aux besoins de nos concitoyens, tout en veillant a\u0300 respecter l&rsquo;identite\u0301 et l&rsquo;histoire de notre belle commune\u00a0\u00bb, a-t-il assure\u0301, remerciant les e\u0301quipes qui ont travaille\u0301 sans rela\u0302che a\u0300 la re\u0301alisation de ce marche\u0301.<\/p>\n<p>Le maire a enfin exhorte\u0301 les commerc\u0327ants a\u0300 prendre soin de cette nouvelle infrastructure, rappelant que son entretien est primordial pour assurer sa pe\u0301rennite\u0301 et sa rentabilite\u0301.<\/p>\n<p>E\u0301voquant les lignes hautes tensions qui traversent le marche\u0301, Soumahoro Farikou a assure\u0301 avoir approche\u0301 la Compagnie Ivoirienne d\u2019E\u0301lectricite\u0301 (CIE) avant d&rsquo;en faire un marche\u0301 du bois. Il a aussi pre\u0301cise\u0301 que \u00ab\u00a0beaucoup d&rsquo;Ivoiriens travaillent dans ce marche\u0301, en parfaite harmonie avec les Nige\u0301riens\u00a0\u00bb<\/p>\n<p>Auparavant, Mobio Djiro Martin, secre\u0301taire de la famille Abromando d\u2019Abidjan-Agban et porte-parole, a affirme\u0301 que la question foncie\u0300re a e\u0301te\u0301 re\u0301gle\u0301e sur ce site, qui depuis des anne\u0301es fait l\u2019objet de litiges avec la famille Khalil.<\/p>\n<p>\u00ab\u00a0La question foncie\u0300re a e\u0301te\u0301 re\u0301gle\u0301e en justice, vu que nous sommes alle\u0301s en justice et que nous sommes sortis vainqueurs. Donc cela signifie que le proble\u0300me est de\u0301ja\u0300 re\u0301gle\u0301. Mais nous ne comprenons pas pourquoi Monsieur Khalil, qui n&rsquo;est pas Ebrie\u0301, qui n&rsquo;a pas de terre a\u0300 Abidjan-Agban, s&rsquo;ente\u0302te a\u0300 vouloir dire que le terrain lui appartient sans papier. Aujourd&rsquo;hui, nous ne voulons plus qu&rsquo;on nous exproprie nos terres, nous ne sommes pas vendeurs. Nous n&rsquo;avons pas vendu de terre, donc aujourd&rsquo;hui nous conce\u0301dons notre terre a\u0300 la mairie d&rsquo;Adjame\u0301 pour pouvoir exploiter et mettre en valeur le site. C&rsquo;est ce que nous faisons ce matin. Raison pour laquelle nous organisons cette ce\u0301re\u0301monie\u00a0\u00bb, a pre\u0301cise\u0301 Mobio Djiro Martin.<\/p>\n<p>Toujours selon lui, \u00ab\u00a0c&rsquo;est une transaction consensuelle \u00a0\u00bb et \u00ab\u00a0gagnant-gagnant\u00a0\u00bb qui a lieu avec la Mairie pour la mise en valeur de l\u2019espace.<\/p>\n<p>\u00ab\u00a0Nous sommes entendus sur un certain nombre de choses qui arrangent la famille, qui arrangent le village et qui arrangent aussi la mairie\u00a0\u00bb, a-t-il assure\u0301.<\/p>\n<p>Le porte-parole des commerc\u0327ants et acteurs du bois, Adamou Ali, a remercie\u0301 la famille Abromando d\u2019Abidjan-Agban pour avoir accepte\u0301 de collaborer avec la mairie de sorte que ce projet puisse e\u0302tre re\u0301alise\u0301.<\/p>\n<p>\u00ab\u00a0Vous avez fait preuve d&rsquo;un esprit de partage, qui be\u0301ne\u0301ficiera non seulement aux commerc\u0327ants et aux artisans, mais aussi a\u0300 toute la population d&rsquo;Adjame\u0301. Nous vous donnons l&rsquo;assurance que nous mettrons tout en \u0153uvre pour que ce marche\u0301 demeure propre et se\u0301curise\u0301\u00a0\u00bb, a-t-il conclu.<\/p>\n<p><strong>Pour plus d&rsquo;informations et d&rsquo;analyses sur la C\u00f4te d&rsquo;Ivoire, suivez Africa-Press<\/strong><\/p>\n","protected":false},"excerpt":{"rendered":"<p>Africa-Press &#8211; C\u00f4te d&rsquo;Ivoire. La Commune d\u2019Adjame\u0301 (nord d\u2019Abidjan) dispose de\u0301sormais d\u2019un marche\u0301 de bois moderne a\u0300 Williamsville Macaci, ou\u0300 tous les acteurs du secteur sont regroupe\u0301s. L\u2019infrastructure, ba\u0302tie sur une superficie de 1500 m2, a e\u0301te\u0301 inaugure\u0301e officiellement par le de\u0301pute\u0301-maire Soumahoro Farikou ce mardi 24 septembre 2024. Lors de cette ce\u0301re\u0301monie, le maire [&hellip;]<\/p>\n","protected":false},"author":82,"featured_media":87798,"comment_status":"open","ping_status":"closed","sticky":false,"template":"","format":"standard","meta":{"footnotes":""},"categories":[21,10],"tags":[418,3898,29,3243,698,534,14918,14920,5257,14919],"class_list":["post-87800","post","type-post","status-publish","format-standard","has-post-thumbnail","hentry","category-communaute","category-toutes-les-actualites","tag-adjame","tag-bois","tag-cote-divoire","tag-macaci","tag-mairie","tag-marche","tag-moderne","tag-soumahoro-farik","tag-vente","tag-williasville"],"yoast_head":"<!-- This site is optimized with the Yoast SEO Premium plugin v26.1 (Yoast SEO v27.0) - https:\/\/yoast.com\/product\/yoast-seo-premium-wordpress\/ -->\n<title>Adjam\u00e9-Williamsville-Macaci, le maire inaugure un march\u00e9 de bois moderne, b\u00e2ti sur une superficie de 1500 m\u00b2 - C\u00f4te d&#039;Ivoire<\/title>\n<meta name=\"description\" content=\"La Commune d\u2019Adjame\u0301 (nord d\u2019Abidjan) dispose de\u0301sormais d\u2019un marche\u0301 de bois moderne a\u0300 Williamsville Macaci, ou\u0300 tous ...\" \/>\n<meta name=\"robots\" content=\"index, follow, max-snippet:-1, max-image-preview:large, max-video-preview:-1\" \/>\n<link rel=\"canonical\" href=\"https:\/\/www.africa-press.net\/cotedivoire\/toutes-les-actualites\/adjame-williamsville-macaci-le-maire-inaugure-un-marche-de-bois-moderne-bati-sur-une-superficie-de-1500-m\u00b2\" \/>\n<meta property=\"og:locale\" content=\"fr_FR\" \/>\n<meta property=\"og:type\" content=\"article\" \/>\n<meta property=\"og:title\" content=\"Adjam\u00e9-Williamsville-Macaci, le maire inaugure un march\u00e9 de bois moderne, b\u00e2ti sur une superficie de 1500 m\u00b2\" \/>\n<meta property=\"og:description\" content=\"La Commune d\u2019Adjame\u0301 (nord d\u2019Abidjan) dispose de\u0301sormais d\u2019un marche\u0301 de bois moderne a\u0300 Williamsville Macaci, ou\u0300 tous ...\" \/>\n<meta property=\"og:url\" content=\"https:\/\/www.africa-press.net\/cotedivoire\/toutes-les-actualites\/adjame-williamsville-macaci-le-maire-inaugure-un-marche-de-bois-moderne-bati-sur-une-superficie-de-1500-m\u00b2\" \/>\n<meta property=\"og:site_name\" content=\"C\u00f4te d&#039;Ivoire\" \/>\n<meta property=\"article:published_time\" content=\"2024-09-25T17:53:29+00:00\" \/>\n<meta property=\"article:modified_time\" content=\"2024-09-25T18:11:17+00:00\" \/>\n<meta property=\"og:image\" content=\"https:\/\/static.africa-press.net\/cote\/sites\/43\/2024\/09\/sm_1727275257.466505.jpg\" \/>\n\t<meta property=\"og:image:width\" content=\"720\" \/>\n\t<meta property=\"og:image:height\" content=\"358\" \/>\n\t<meta property=\"og:image:type\" content=\"image\/jpeg\" \/>\n<meta name=\"author\" content=\"cfeditorfr\" \/>\n<meta name=\"twitter:card\" content=\"summary_large_image\" \/>\n<meta name=\"twitter:label1\" content=\"\u00c9crit par\" \/>\n\t<meta name=\"twitter:data1\" content=\"cfeditorfr\" \/>\n\t<meta name=\"twitter:label2\" content=\"Dur\u00e9e de lecture estim\u00e9e\" \/>\n\t<meta name=\"twitter:data2\" content=\"4 minutes\" \/>\n<script type=\"application\/ld+json\" class=\"yoast-schema-graph\">{\"@context\":\"https:\/\/schema.org\",\"@graph\":[{\"@type\":\"Article\",\"@id\":\"https:\/\/www.africa-press.net\/cotedivoire\/toutes-les-actualites\/adjame-williamsville-macaci-le-maire-inaugure-un-marche-de-bois-moderne-bati-sur-une-superficie-de-1500-m%c2%b2#article\",\"isPartOf\":{\"@id\":\"https:\/\/www.africa-press.net\/cotedivoire\/toutes-les-actualites\/adjame-williamsville-macaci-le-maire-inaugure-un-marche-de-bois-moderne-bati-sur-une-superficie-de-1500-m%c2%b2\"},\"author\":{\"name\":\"cfeditorfr\",\"@id\":\"https:\/\/www.africa-press.net\/cotedivoire\/#\/schema\/person\/2b1cf3cd81a31e3cd26889ca66d677f1\"},\"headline\":\"Adjam\u00e9-Williamsville-Macaci, le maire inaugure un march\u00e9 de bois moderne, b\u00e2ti sur une superficie de 1500 m\u00b2\",\"datePublished\":\"2024-09-25T17:53:29+00:00\",\"dateModified\":\"2024-09-25T18:11:17+00:00\",\"mainEntityOfPage\":{\"@id\":\"https:\/\/www.africa-press.net\/cotedivoire\/toutes-les-actualites\/adjame-williamsville-macaci-le-maire-inaugure-un-marche-de-bois-moderne-bati-sur-une-superficie-de-1500-m%c2%b2\"},\"wordCount\":736,\"commentCount\":0,\"image\":{\"@id\":\"https:\/\/www.africa-press.net\/cotedivoire\/toutes-les-actualites\/adjame-williamsville-macaci-le-maire-inaugure-un-marche-de-bois-moderne-bati-sur-une-superficie-de-1500-m%c2%b2#primaryimage\"},\"thumbnailUrl\":\"https:\/\/static.africa-press.net\/cote\/sites\/43\/2024\/09\/sm_1727275257.466505.jpg\",\"keywords\":[\"Adjam\u00e9\",\"Bois\",\"C\u00d4TE D'IVOIRE\",\"Macaci\",\"Mairie\",\"march\u00e9\",\"moderne\",\"Soumahoro Farik\",\"vente\",\"Williasville\"],\"articleSection\":[\"Communaut\u00e9\",\"Toutes les actualit\u00e9s\"],\"inLanguage\":\"fr-FR\",\"potentialAction\":[{\"@type\":\"CommentAction\",\"name\":\"Comment\",\"target\":[\"https:\/\/www.africa-press.net\/cotedivoire\/toutes-les-actualites\/adjame-williamsville-macaci-le-maire-inaugure-un-marche-de-bois-moderne-bati-sur-une-superficie-de-1500-m%c2%b2#respond\"]}]},{\"@type\":\"WebPage\",\"@id\":\"https:\/\/www.africa-press.net\/cotedivoire\/toutes-les-actualites\/adjame-williamsville-macaci-le-maire-inaugure-un-marche-de-bois-moderne-bati-sur-une-superficie-de-1500-m%c2%b2\",\"url\":\"https:\/\/www.africa-press.net\/cotedivoire\/toutes-les-actualites\/adjame-williamsville-macaci-le-maire-inaugure-un-marche-de-bois-moderne-bati-sur-une-superficie-de-1500-m%c2%b2\",\"name\":\"Adjam\u00e9-Williamsville-Macaci, le maire inaugure un march\u00e9 de bois moderne, b\u00e2ti sur une superficie de 1500 m\u00b2 - C\u00f4te d&#039;Ivoire\",\"isPartOf\":{\"@id\":\"https:\/\/www.africa-press.net\/cotedivoire\/#website\"},\"primaryImageOfPage\":{\"@id\":\"https:\/\/www.africa-press.net\/cotedivoire\/toutes-les-actualites\/adjame-williamsville-macaci-le-maire-inaugure-un-marche-de-bois-moderne-bati-sur-une-superficie-de-1500-m%c2%b2#primaryimage\"},\"image\":{\"@id\":\"https:\/\/www.africa-press.net\/cotedivoire\/toutes-les-actualites\/adjame-williamsville-macaci-le-maire-inaugure-un-marche-de-bois-moderne-bati-sur-une-superficie-de-1500-m%c2%b2#primaryimage\"},\"thumbnailUrl\":\"https:\/\/static.africa-press.net\/cote\/sites\/43\/2024\/09\/sm_1727275257.466505.jpg\",\"datePublished\":\"2024-09-25T17:53:29+00:00\",\"dateModified\":\"2024-09-25T18:11:17+00:00\",\"author\":{\"@id\":\"https:\/\/www.africa-press.net\/cotedivoire\/#\/schema\/person\/2b1cf3cd81a31e3cd26889ca66d677f1\"},\"description\":\"La Commune d\u2019Adjame\u0301 (nord d\u2019Abidjan) dispose de\u0301sormais d\u2019un marche\u0301 de bois moderne a\u0300 Williamsville Macaci, ou\u0300 tous ...\",\"breadcrumb\":{\"@id\":\"https:\/\/www.africa-press.net\/cotedivoire\/toutes-les-actualites\/adjame-williamsville-macaci-le-maire-inaugure-un-marche-de-bois-moderne-bati-sur-une-superficie-de-1500-m%c2%b2#breadcrumb\"},\"inLanguage\":\"fr-FR\",\"potentialAction\":[{\"@type\":\"ReadAction\",\"target\":[\"https:\/\/www.africa-press.net\/cotedivoire\/toutes-les-actualites\/adjame-williamsville-macaci-le-maire-inaugure-un-marche-de-bois-moderne-bati-sur-une-superficie-de-1500-m%c2%b2\"]}]},{\"@type\":\"ImageObject\",\"inLanguage\":\"fr-FR\",\"@id\":\"https:\/\/www.africa-press.net\/cotedivoire\/toutes-les-actualites\/adjame-williamsville-macaci-le-maire-inaugure-un-marche-de-bois-moderne-bati-sur-une-superficie-de-1500-m%c2%b2#primaryimage\",\"url\":\"https:\/\/static.africa-press.net\/cote\/sites\/43\/2024\/09\/sm_1727275257.466505.jpg\",\"contentUrl\":\"https:\/\/static.africa-press.net\/cote\/sites\/43\/2024\/09\/sm_1727275257.466505.jpg\",\"width\":720,\"height\":358,\"caption\":\"Adjam\u00e9-Williamsville-Macaci, le maire inaugure un march\u00e9 de bois moderne, b\u00e2ti sur une superficie de 1500 m\u00b2\"},{\"@type\":\"BreadcrumbList\",\"@id\":\"https:\/\/www.africa-press.net\/cotedivoire\/toutes-les-actualites\/adjame-williamsville-macaci-le-maire-inaugure-un-marche-de-bois-moderne-bati-sur-une-superficie-de-1500-m%c2%b2#breadcrumb\",\"itemListElement\":[{\"@type\":\"ListItem\",\"position\":1,\"name\":\"Accueil\",\"item\":\"https:\/\/www.africa-press.net\/cotedivoire\/\"},{\"@type\":\"ListItem\",\"position\":2,\"name\":\"Adjam\u00e9-Williamsville-Macaci, le maire inaugure un march\u00e9 de bois moderne, b\u00e2ti sur une superficie de 1500 m\u00b2\"}]},{\"@type\":\"WebSite\",\"@id\":\"https:\/\/www.africa-press.net\/cotedivoire\/#website\",\"url\":\"https:\/\/www.africa-press.net\/cotedivoire\/\",\"name\":\"C\u00f4te d&#039;Ivoire\",\"description\":\"Just another Africa News Agency Sites site\",\"potentialAction\":[{\"@type\":\"SearchAction\",\"target\":{\"@type\":\"EntryPoint\",\"urlTemplate\":\"https:\/\/www.africa-press.net\/cotedivoire\/?s={search_term_string}\"},\"query-input\":{\"@type\":\"PropertyValueSpecification\",\"valueRequired\":true,\"valueName\":\"search_term_string\"}}],\"inLanguage\":\"fr-FR\"},{\"@type\":\"Person\",\"@id\":\"https:\/\/www.africa-press.net\/cotedivoire\/#\/schema\/person\/2b1cf3cd81a31e3cd26889ca66d677f1\",\"name\":\"cfeditorfr\"}]}<\/script>\n<!-- \/ Yoast SEO Premium plugin. -->","yoast_head_json":{"title":"Adjam\u00e9-Williamsville-Macaci, le maire inaugure un march\u00e9 de bois moderne, b\u00e2ti sur une superficie de 1500 m\u00b2 - C\u00f4te d&#039;Ivoire","description":"La Commune d\u2019Adjame\u0301 (nord d\u2019Abidjan) dispose de\u0301sormais d\u2019un marche\u0301 de bois moderne a\u0300 Williamsville Macaci, ou\u0300 tous ...","robots":{"index":"index","follow":"follow","max-snippet":"max-snippet:-1","max-image-preview":"max-image-preview:large","max-video-preview":"max-video-preview:-1"},"canonical":"https:\/\/www.africa-press.net\/cotedivoire\/toutes-les-actualites\/adjame-williamsville-macaci-le-maire-inaugure-un-marche-de-bois-moderne-bati-sur-une-superficie-de-1500-m\u00b2","og_locale":"fr_FR","og_type":"article","og_title":"Adjam\u00e9-Williamsville-Macaci, le maire inaugure un march\u00e9 de bois moderne, b\u00e2ti sur une superficie de 1500 m\u00b2","og_description":"La Commune d\u2019Adjame\u0301 (nord d\u2019Abidjan) dispose de\u0301sormais d\u2019un marche\u0301 de bois moderne a\u0300 Williamsville Macaci, ou\u0300 tous ...","og_url":"https:\/\/www.africa-press.net\/cotedivoire\/toutes-les-actualites\/adjame-williamsville-macaci-le-maire-inaugure-un-marche-de-bois-moderne-bati-sur-une-superficie-de-1500-m\u00b2","og_site_name":"C\u00f4te d&#039;Ivoire","article_published_time":"2024-09-25T17:53:29+00:00","article_modified_time":"2024-09-25T18:11:17+00:00","og_image":[{"width":720,"height":358,"url":"https:\/\/static.africa-press.net\/cote\/sites\/43\/2024\/09\/sm_1727275257.466505.jpg","type":"image\/jpeg"}],"author":"cfeditorfr","twitter_card":"summary_large_image","twitter_misc":{"\u00c9crit par":"cfeditorfr","Dur\u00e9e de lecture estim\u00e9e":"4 minutes"},"schema":{"@context":"https:\/\/schema.org","@graph":[{"@type":"Article","@id":"https:\/\/www.africa-press.net\/cotedivoire\/toutes-les-actualites\/adjame-williamsville-macaci-le-maire-inaugure-un-marche-de-bois-moderne-bati-sur-une-superficie-de-1500-m%c2%b2#article","isPartOf":{"@id":"https:\/\/www.africa-press.net\/cotedivoire\/toutes-les-actualites\/adjame-williamsville-macaci-le-maire-inaugure-un-marche-de-bois-moderne-bati-sur-une-superficie-de-1500-m%c2%b2"},"author":{"name":"cfeditorfr","@id":"https:\/\/www.africa-press.net\/cotedivoire\/#\/schema\/person\/2b1cf3cd81a31e3cd26889ca66d677f1"},"headline":"Adjam\u00e9-Williamsville-Macaci, le maire inaugure un march\u00e9 de bois moderne, b\u00e2ti sur une superficie de 1500 m\u00b2","datePublished":"2024-09-25T17:53:29+00:00","dateModified":"2024-09-25T18:11:17+00:00","mainEntityOfPage":{"@id":"https:\/\/www.africa-press.net\/cotedivoire\/toutes-les-actualites\/adjame-williamsville-macaci-le-maire-inaugure-un-marche-de-bois-moderne-bati-sur-une-superficie-de-1500-m%c2%b2"},"wordCount":736,"commentCount":0,"image":{"@id":"https:\/\/www.africa-press.net\/cotedivoire\/toutes-les-actualites\/adjame-williamsville-macaci-le-maire-inaugure-un-marche-de-bois-moderne-bati-sur-une-superficie-de-1500-m%c2%b2#primaryimage"},"thumbnailUrl":"https:\/\/static.africa-press.net\/cote\/sites\/43\/2024\/09\/sm_1727275257.466505.jpg","keywords":["Adjam\u00e9","Bois","C\u00d4TE D'IVOIRE","Macaci","Mairie","march\u00e9","moderne","Soumahoro Farik","vente","Williasville"],"articleSection":["Communaut\u00e9","Toutes les actualit\u00e9s"],"inLanguage":"fr-FR","potentialAction":[{"@type":"CommentAction","name":"Comment","target":["https:\/\/www.africa-press.net\/cotedivoire\/toutes-les-actualites\/adjame-williamsville-macaci-le-maire-inaugure-un-marche-de-bois-moderne-bati-sur-une-superficie-de-1500-m%c2%b2#respond"]}]},{"@type":"WebPage","@id":"https:\/\/www.africa-press.net\/cotedivoire\/toutes-les-actualites\/adjame-williamsville-macaci-le-maire-inaugure-un-marche-de-bois-moderne-bati-sur-une-superficie-de-1500-m%c2%b2","url":"https:\/\/www.africa-press.net\/cotedivoire\/toutes-les-actualites\/adjame-williamsville-macaci-le-maire-inaugure-un-marche-de-bois-moderne-bati-sur-une-superficie-de-1500-m%c2%b2","name":"Adjam\u00e9-Williamsville-Macaci, le maire inaugure un march\u00e9 de bois moderne, b\u00e2ti sur une superficie de 1500 m\u00b2 - C\u00f4te d&#039;Ivoire","isPartOf":{"@id":"https:\/\/www.africa-press.net\/cotedivoire\/#website"},"primaryImageOfPage":{"@id":"https:\/\/www.africa-press.net\/cotedivoire\/toutes-les-actualites\/adjame-williamsville-macaci-le-maire-inaugure-un-marche-de-bois-moderne-bati-sur-une-superficie-de-1500-m%c2%b2#primaryimage"},"image":{"@id":"https:\/\/www.africa-press.net\/cotedivoire\/toutes-les-actualites\/adjame-williamsville-macaci-le-maire-inaugure-un-marche-de-bois-moderne-bati-sur-une-superficie-de-1500-m%c2%b2#primaryimage"},"thumbnailUrl":"https:\/\/static.africa-press.net\/cote\/sites\/43\/2024\/09\/sm_1727275257.466505.jpg","datePublished":"2024-09-25T17:53:29+00:00","dateModified":"2024-09-25T18:11:17+00:00","author":{"@id":"https:\/\/www.africa-press.net\/cotedivoire\/#\/schema\/person\/2b1cf3cd81a31e3cd26889ca66d677f1"},"description":"La Commune d\u2019Adjame\u0301 (nord d\u2019Abidjan) dispose de\u0301sormais d\u2019un marche\u0301 de bois moderne a\u0300 Williamsville Macaci, ou\u0300 tous ...","breadcrumb":{"@id":"https:\/\/www.africa-press.net\/cotedivoire\/toutes-les-actualites\/adjame-williamsville-macaci-le-maire-inaugure-un-marche-de-bois-moderne-bati-sur-une-superficie-de-1500-m%c2%b2#breadcrumb"},"inLanguage":"fr-FR","potentialAction":[{"@type":"ReadAction","target":["https:\/\/www.africa-press.net\/cotedivoire\/toutes-les-actualites\/adjame-williamsville-macaci-le-maire-inaugure-un-marche-de-bois-moderne-bati-sur-une-superficie-de-1500-m%c2%b2"]}]},{"@type":"ImageObject","inLanguage":"fr-FR","@id":"https:\/\/www.africa-press.net\/cotedivoire\/toutes-les-actualites\/adjame-williamsville-macaci-le-maire-inaugure-un-marche-de-bois-moderne-bati-sur-une-superficie-de-1500-m%c2%b2#primaryimage","url":"https:\/\/static.africa-press.net\/cote\/sites\/43\/2024\/09\/sm_1727275257.466505.jpg","contentUrl":"https:\/\/static.africa-press.net\/cote\/sites\/43\/2024\/09\/sm_1727275257.466505.jpg","width":720,"height":358,"caption":"Adjam\u00e9-Williamsville-Macaci, le maire inaugure un march\u00e9 de bois moderne, b\u00e2ti sur une superficie de 1500 m\u00b2"},{"@type":"BreadcrumbList","@id":"https:\/\/www.africa-press.net\/cotedivoire\/toutes-les-actualites\/adjame-williamsville-macaci-le-maire-inaugure-un-marche-de-bois-moderne-bati-sur-une-superficie-de-1500-m%c2%b2#breadcrumb","itemListElement":[{"@type":"ListItem","position":1,"name":"Accueil","item":"https:\/\/www.africa-press.net\/cotedivoire\/"},{"@type":"ListItem","position":2,"name":"Adjam\u00e9-Williamsville-Macaci, le maire inaugure un march\u00e9 de bois moderne, b\u00e2ti sur une superficie de 1500 m\u00b2"}]},{"@type":"WebSite","@id":"https:\/\/www.africa-press.net\/cotedivoire\/#website","url":"https:\/\/www.africa-press.net\/cotedivoire\/","name":"C\u00f4te d&#039;Ivoire","description":"Just another Africa News Agency Sites site","potentialAction":[{"@type":"SearchAction","target":{"@type":"EntryPoint","urlTemplate":"https:\/\/www.africa-press.net\/cotedivoire\/?s={search_term_string}"},"query-input":{"@type":"PropertyValueSpecification","valueRequired":true,"valueName":"search_term_string"}}],"inLanguage":"fr-FR"},{"@type":"Person","@id":"https:\/\/www.africa-press.net\/cotedivoire\/#\/schema\/person\/2b1cf3cd81a31e3cd26889ca66d677f1","name":"cfeditorfr"}]}},"_links":{"self":[{"href":"https:\/\/www.africa-press.net\/cotedivoire\/wp-json\/wp\/v2\/posts\/87800","targetHints":{"allow":["GET"]}}],"collection":[{"href":"https:\/\/www.africa-press.net\/cotedivoire\/wp-json\/wp\/v2\/posts"}],"about":[{"href":"https:\/\/www.africa-press.net\/cotedivoire\/wp-json\/wp\/v2\/types\/post"}],"author":[{"embeddable":true,"href":"https:\/\/www.africa-press.net\/cotedivoire\/wp-json\/wp\/v2\/users\/82"}],"replies":[{"embeddable":true,"href":"https:\/\/www.africa-press.net\/cotedivoire\/wp-json\/wp\/v2\/comments?post=87800"}],"version-history":[{"count":0,"href":"https:\/\/www.africa-press.net\/cotedivoire\/wp-json\/wp\/v2\/posts\/87800\/revisions"}],"wp:featuredmedia":[{"embeddable":true,"href":"https:\/\/www.africa-press.net\/cotedivoire\/wp-json\/wp\/v2\/media\/87798"}],"wp:attachment":[{"href":"https:\/\/www.africa-press.net\/cotedivoire\/wp-json\/wp\/v2\/media?parent=87800"}],"wp:term":[{"taxonomy":"category","embeddable":true,"href":"https:\/\/www.africa-press.net\/cotedivoire\/wp-json\/wp\/v2\/categories?post=87800"},{"taxonomy":"post_tag","embeddable":true,"href":"https:\/\/www.africa-press.net\/cotedivoire\/wp-json\/wp\/v2\/tags?post=87800"}],"curies":[{"name":"wp","href":"https:\/\/api.w.org\/{rel}","templated":true}]}}