{"id":87822,"date":"2024-09-26T18:52:33","date_gmt":"2024-09-26T18:52:33","guid":{"rendered":"https:\/\/www.africa-press.net\/cotedivoire\/politique\/conseil-regional-du-loh-djiboua-amede-kouakou-salue-les-contributions-du-conseiller-lida-kouassi-moise-du-ppa-ci"},"modified":"2024-09-26T19:11:52","modified_gmt":"2024-09-26T19:11:52","slug":"conseil-regional-du-loh-djiboua-amede-kouakou-salue-les-contributions-du-conseiller-lida-kouassi-moise-du-ppa-ci","status":"publish","type":"post","link":"https:\/\/www.africa-press.net\/cotedivoire\/politique\/conseil-regional-du-loh-djiboua-amede-kouakou-salue-les-contributions-du-conseiller-lida-kouassi-moise-du-ppa-ci","title":{"rendered":"Conseil R\u00e9gional du L\u00f4h-Djiboua, Am\u00e9d\u00e9 Kouakou \u00ab salue \u00bb les contributions du conseiller Lida Kouassi Mo\u00efse du PPA-CI"},"content":{"rendered":"<p><span style=\"color: #ff6600\"><strong>Africa-Press &#8211; C\u00f4te d&rsquo;Ivoire. <\/strong><\/span>La quatrie\u0300me re\u0301union ordinaire conseil re\u0301gional du Lo\u0302h-Djiboua, pre\u0301side\u0301 par le Ministre Ame\u0301de\u0301 Koffi Kouakou s\u2019est tenue le lundi 23 septembre 2024 a\u0300 Divo.<\/p>\n<p>Il s\u2019inscrivait dans le cadre de l\u2019e\u0301valuation a\u0300 mi-parcours de l\u2019e\u0301tat d\u2019exe\u0301cution du budget primitif 2024 (pour le mois d\u2019aou\u0302t).<\/p>\n<p>Avec tous les conseillers en pre\u0301sence, ils ont pu aborder deux points saillants de l\u2019ordre du jour, a\u0300 savoir, l\u2019examen et l\u2019adoption de l\u2019e\u0301tat d\u2019exe\u0301cution du budget primitif de l\u2019exercice 2024 au 30 aou\u0302t 2024 et la pre\u0301sentation du programme triennal 2025-2027 de la re\u0301gion du Lo\u0302h-Djiboua , en terme de projets et d\u2019ope\u0301rations.<\/p>\n<p>Les conseillers ont adopte\u0301 le programme triennal 2025-2026-2027, pour un montant global de pre\u0300s de 6,143 milliards de francs CFA, en vue de re\u0301aliser 14 actions et 39 ope\u0301rations majeures de de\u0301veloppement dans la re\u0301gion.<\/p>\n<p>Le programme triennal du conseil re\u0301gional du Lo\u0302h-Djiboua pour les exercices 2025-2026-2027 comporte 14 actions et 39 ope\u0301rations, pour un cou\u0302t total de re\u0301alisation de pre\u0300s de 6,143 milliards de francs CFA, dont 276 millions de FCFA au titre des actions, soit 4,70%, et 5,866 milliards FCFA au titre des ope\u0301rations, soit 95,30% du cou\u0302t total du programme triennal.<\/p>\n<p>Les ope\u0301rations du programme triennal seront finance\u0301es par la subvention de l\u2019Etat et les Pre\u0301le\u0300vements sur fonds d\u2019investissement (PFI).<\/p>\n<p>Notons que, le conseil re\u0301gional du Lo\u0302h-Djiboua be\u0301ne\u0301ficie d\u2019une subvention annuelle de 1,845 milliard de francs CFA, soit pour les trois anne\u0301es du programme triennal, un total de 5,534 milliards de francs CFA, quand pour le PFI, le conseil pre\u0301le\u0300ve annuellement 110 millions de francs CFA, soit au niveau triennal un montant total de 330 millions de francs CFA.<\/p>\n<p>Ame\u0301de\u0301 Kouakou a exprime\u0301 sa satisfaction relative aux conclusions de cette 4e session ordinaire du Conseil Re\u0301gional.<\/p>\n<p>Il a re\u0301ite\u0301re\u0301 e\u0301galement ses since\u0300res remerciements au corps pre\u0301fectoral avec a\u0300 sa te\u0302te M. Ce\u0301lestin Houonble\u0301gnon, le Pre\u0301fet de Re\u0301gion, aux ve\u0301ne\u0301re\u0301s Chefs Traditionnels et aux Guides religieux, pour leurs pre\u0301sences remarquables.<\/p>\n<p>Par ailleurs, nous apprenons que, a\u0300 la fin de la session, le pre\u0301sident du conseil re\u0301gional a salue\u0301 la bonne ambiance qui re\u0300gne au niveau des conseillers, ou\u0300 ceux issus du parti au pouvoir (RHDP) et ceux de l\u2019opposition (notamment du PPA-CI) collaborent en bonne intelligence pour proposer des actions et ope\u0301rations pour le de\u0301veloppement de la re\u0301gion du Lo\u0302h-Djiboua.<\/p>\n<p>\u00ab\u00a0Il a salue\u0301 en cela les contributions de Lida Kouassi, ancien Ministre d&rsquo;Etat et de la De\u0301fense et de la Protection civile sous la pre\u0301sidence de Laurent Gbagbo\u00a0\u00bb, rapporte-t-on.<\/p>\n<p><strong>Pour plus d&rsquo;informations et d&rsquo;analyses sur la C\u00f4te d&rsquo;Ivoire, suivez Africa-Press<\/strong><\/p>\n","protected":false},"excerpt":{"rendered":"<p>Africa-Press &#8211; C\u00f4te d&rsquo;Ivoire. La quatrie\u0300me re\u0301union ordinaire conseil re\u0301gional du Lo\u0302h-Djiboua, pre\u0301side\u0301 par le Ministre Ame\u0301de\u0301 Koffi Kouakou s\u2019est tenue le lundi 23 septembre 2024 a\u0300 Divo. Il s\u2019inscrivait dans le cadre de l\u2019e\u0301valuation a\u0300 mi-parcours de l\u2019e\u0301tat d\u2019exe\u0301cution du budget primitif 2024 (pour le mois d\u2019aou\u0302t). Avec tous les conseillers en pre\u0301sence, ils [&hellip;]<\/p>\n","protected":false},"author":82,"featured_media":87820,"comment_status":"open","ping_status":"closed","sticky":false,"template":"","format":"standard","meta":{"footnotes":""},"categories":[2,10],"tags":[1914,29,2175,6966,5018,1952,371],"class_list":["post-87822","post","type-post","status-publish","format-standard","has-post-thumbnail","hentry","category-politique","category-toutes-les-actualites","tag-amede-kouakou","tag-cote-divoire","tag-divo","tag-lida-kouassi-moise","tag-loh-djiboua","tag-ppa-ci","tag-rhdp"],"yoast_head":"<!-- This site is optimized with the Yoast SEO Premium plugin v26.1 (Yoast SEO v27.0) - https:\/\/yoast.com\/product\/yoast-seo-premium-wordpress\/ -->\n<title>Conseil R\u00e9gional du L\u00f4h-Djiboua, Am\u00e9d\u00e9 Kouakou \u00ab salue \u00bb les contributions du conseiller Lida Kouassi Mo\u00efse du PPA-CI - C\u00f4te d&#039;Ivoire<\/title>\n<meta name=\"description\" content=\"La quatrie\u0300me re\u0301union ordinaire conseil re\u0301gional du Lo\u0302h-Djiboua, pre\u0301side\u0301 par le Ministre Ame\u0301de\u0301 Koffi Kouakou s\u2019es ...\" \/>\n<meta name=\"robots\" content=\"index, follow, max-snippet:-1, max-image-preview:large, max-video-preview:-1\" \/>\n<link rel=\"canonical\" href=\"https:\/\/www.africa-press.net\/cotedivoire\/politique\/conseil-regional-du-loh-djiboua-amede-kouakou-salue-les-contributions-du-conseiller-lida-kouassi-moise-du-ppa-ci\" \/>\n<meta property=\"og:locale\" content=\"fr_FR\" \/>\n<meta property=\"og:type\" content=\"article\" \/>\n<meta property=\"og:title\" content=\"Conseil R\u00e9gional du L\u00f4h-Djiboua, Am\u00e9d\u00e9 Kouakou \u00ab salue \u00bb les contributions du conseiller Lida Kouassi Mo\u00efse du PPA-CI\" \/>\n<meta property=\"og:description\" content=\"La quatrie\u0300me re\u0301union ordinaire conseil re\u0301gional du Lo\u0302h-Djiboua, pre\u0301side\u0301 par le Ministre Ame\u0301de\u0301 Koffi Kouakou s\u2019es ...\" \/>\n<meta property=\"og:url\" content=\"https:\/\/www.africa-press.net\/cotedivoire\/politique\/conseil-regional-du-loh-djiboua-amede-kouakou-salue-les-contributions-du-conseiller-lida-kouassi-moise-du-ppa-ci\" \/>\n<meta property=\"og:site_name\" content=\"C\u00f4te d&#039;Ivoire\" \/>\n<meta property=\"article:published_time\" content=\"2024-09-26T18:52:33+00:00\" \/>\n<meta property=\"article:modified_time\" content=\"2024-09-26T19:11:52+00:00\" \/>\n<meta property=\"og:image\" content=\"https:\/\/static.africa-press.net\/cote\/sites\/43\/2024\/09\/sm_1727365277.98771.jpg\" \/>\n\t<meta property=\"og:image:width\" content=\"1280\" \/>\n\t<meta property=\"og:image:height\" content=\"720\" \/>\n\t<meta property=\"og:image:type\" content=\"image\/jpeg\" \/>\n<meta name=\"author\" content=\"cfeditorfr\" \/>\n<meta name=\"twitter:card\" content=\"summary_large_image\" \/>\n<meta name=\"twitter:label1\" content=\"\u00c9crit par\" \/>\n\t<meta name=\"twitter:data1\" content=\"cfeditorfr\" \/>\n\t<meta name=\"twitter:label2\" content=\"Dur\u00e9e de lecture estim\u00e9e\" \/>\n\t<meta name=\"twitter:data2\" content=\"2 minutes\" \/>\n<script type=\"application\/ld+json\" class=\"yoast-schema-graph\">{\"@context\":\"https:\/\/schema.org\",\"@graph\":[{\"@type\":\"Article\",\"@id\":\"https:\/\/www.africa-press.net\/cotedivoire\/politique\/conseil-regional-du-loh-djiboua-amede-kouakou-salue-les-contributions-du-conseiller-lida-kouassi-moise-du-ppa-ci#article\",\"isPartOf\":{\"@id\":\"https:\/\/www.africa-press.net\/cotedivoire\/politique\/conseil-regional-du-loh-djiboua-amede-kouakou-salue-les-contributions-du-conseiller-lida-kouassi-moise-du-ppa-ci\"},\"author\":{\"name\":\"cfeditorfr\",\"@id\":\"https:\/\/www.africa-press.net\/cotedivoire\/#\/schema\/person\/2b1cf3cd81a31e3cd26889ca66d677f1\"},\"headline\":\"Conseil R\u00e9gional du L\u00f4h-Djiboua, Am\u00e9d\u00e9 Kouakou \u00ab salue \u00bb les contributions du conseiller Lida Kouassi Mo\u00efse du PPA-CI\",\"datePublished\":\"2024-09-26T18:52:33+00:00\",\"dateModified\":\"2024-09-26T19:11:52+00:00\",\"mainEntityOfPage\":{\"@id\":\"https:\/\/www.africa-press.net\/cotedivoire\/politique\/conseil-regional-du-loh-djiboua-amede-kouakou-salue-les-contributions-du-conseiller-lida-kouassi-moise-du-ppa-ci\"},\"wordCount\":516,\"commentCount\":0,\"image\":{\"@id\":\"https:\/\/www.africa-press.net\/cotedivoire\/politique\/conseil-regional-du-loh-djiboua-amede-kouakou-salue-les-contributions-du-conseiller-lida-kouassi-moise-du-ppa-ci#primaryimage\"},\"thumbnailUrl\":\"https:\/\/static.africa-press.net\/cote\/sites\/43\/2024\/09\/sm_1727365277.98771.jpg\",\"keywords\":[\"Am\u00e9d\u00e9 Kouakou\",\"C\u00d4TE D'IVOIRE\",\"Divo\",\"Lida Kouassi Mo\u00eese\",\"L\u00f4h-Djiboua\",\"PPA-CI\",\"RHDP\"],\"articleSection\":[\"Politique\",\"Toutes les actualit\u00e9s\"],\"inLanguage\":\"fr-FR\",\"potentialAction\":[{\"@type\":\"CommentAction\",\"name\":\"Comment\",\"target\":[\"https:\/\/www.africa-press.net\/cotedivoire\/politique\/conseil-regional-du-loh-djiboua-amede-kouakou-salue-les-contributions-du-conseiller-lida-kouassi-moise-du-ppa-ci#respond\"]}]},{\"@type\":\"WebPage\",\"@id\":\"https:\/\/www.africa-press.net\/cotedivoire\/politique\/conseil-regional-du-loh-djiboua-amede-kouakou-salue-les-contributions-du-conseiller-lida-kouassi-moise-du-ppa-ci\",\"url\":\"https:\/\/www.africa-press.net\/cotedivoire\/politique\/conseil-regional-du-loh-djiboua-amede-kouakou-salue-les-contributions-du-conseiller-lida-kouassi-moise-du-ppa-ci\",\"name\":\"Conseil R\u00e9gional du L\u00f4h-Djiboua, Am\u00e9d\u00e9 Kouakou \u00ab salue \u00bb les contributions du conseiller Lida Kouassi Mo\u00efse du PPA-CI - C\u00f4te d&#039;Ivoire\",\"isPartOf\":{\"@id\":\"https:\/\/www.africa-press.net\/cotedivoire\/#website\"},\"primaryImageOfPage\":{\"@id\":\"https:\/\/www.africa-press.net\/cotedivoire\/politique\/conseil-regional-du-loh-djiboua-amede-kouakou-salue-les-contributions-du-conseiller-lida-kouassi-moise-du-ppa-ci#primaryimage\"},\"image\":{\"@id\":\"https:\/\/www.africa-press.net\/cotedivoire\/politique\/conseil-regional-du-loh-djiboua-amede-kouakou-salue-les-contributions-du-conseiller-lida-kouassi-moise-du-ppa-ci#primaryimage\"},\"thumbnailUrl\":\"https:\/\/static.africa-press.net\/cote\/sites\/43\/2024\/09\/sm_1727365277.98771.jpg\",\"datePublished\":\"2024-09-26T18:52:33+00:00\",\"dateModified\":\"2024-09-26T19:11:52+00:00\",\"author\":{\"@id\":\"https:\/\/www.africa-press.net\/cotedivoire\/#\/schema\/person\/2b1cf3cd81a31e3cd26889ca66d677f1\"},\"description\":\"La quatrie\u0300me re\u0301union ordinaire conseil re\u0301gional du Lo\u0302h-Djiboua, pre\u0301side\u0301 par le Ministre Ame\u0301de\u0301 Koffi Kouakou s\u2019es ...\",\"breadcrumb\":{\"@id\":\"https:\/\/www.africa-press.net\/cotedivoire\/politique\/conseil-regional-du-loh-djiboua-amede-kouakou-salue-les-contributions-du-conseiller-lida-kouassi-moise-du-ppa-ci#breadcrumb\"},\"inLanguage\":\"fr-FR\",\"potentialAction\":[{\"@type\":\"ReadAction\",\"target\":[\"https:\/\/www.africa-press.net\/cotedivoire\/politique\/conseil-regional-du-loh-djiboua-amede-kouakou-salue-les-contributions-du-conseiller-lida-kouassi-moise-du-ppa-ci\"]}]},{\"@type\":\"ImageObject\",\"inLanguage\":\"fr-FR\",\"@id\":\"https:\/\/www.africa-press.net\/cotedivoire\/politique\/conseil-regional-du-loh-djiboua-amede-kouakou-salue-les-contributions-du-conseiller-lida-kouassi-moise-du-ppa-ci#primaryimage\",\"url\":\"https:\/\/static.africa-press.net\/cote\/sites\/43\/2024\/09\/sm_1727365277.98771.jpg\",\"contentUrl\":\"https:\/\/static.africa-press.net\/cote\/sites\/43\/2024\/09\/sm_1727365277.98771.jpg\",\"width\":1280,\"height\":720,\"caption\":\"Conseil R\u00e9gional du L\u00f4h-Djiboua, Am\u00e9d\u00e9 Kouakou \u00ab salue \u00bb les contributions du conseiller Lida Kouassi Mo\u00efse du PPA-CI\"},{\"@type\":\"BreadcrumbList\",\"@id\":\"https:\/\/www.africa-press.net\/cotedivoire\/politique\/conseil-regional-du-loh-djiboua-amede-kouakou-salue-les-contributions-du-conseiller-lida-kouassi-moise-du-ppa-ci#breadcrumb\",\"itemListElement\":[{\"@type\":\"ListItem\",\"position\":1,\"name\":\"Accueil\",\"item\":\"https:\/\/www.africa-press.net\/cotedivoire\/\"},{\"@type\":\"ListItem\",\"position\":2,\"name\":\"Conseil R\u00e9gional du L\u00f4h-Djiboua, Am\u00e9d\u00e9 Kouakou \u00ab salue \u00bb les contributions du conseiller Lida Kouassi Mo\u00efse du PPA-CI\"}]},{\"@type\":\"WebSite\",\"@id\":\"https:\/\/www.africa-press.net\/cotedivoire\/#website\",\"url\":\"https:\/\/www.africa-press.net\/cotedivoire\/\",\"name\":\"C\u00f4te d&#039;Ivoire\",\"description\":\"Just another Africa News Agency Sites site\",\"potentialAction\":[{\"@type\":\"SearchAction\",\"target\":{\"@type\":\"EntryPoint\",\"urlTemplate\":\"https:\/\/www.africa-press.net\/cotedivoire\/?s={search_term_string}\"},\"query-input\":{\"@type\":\"PropertyValueSpecification\",\"valueRequired\":true,\"valueName\":\"search_term_string\"}}],\"inLanguage\":\"fr-FR\"},{\"@type\":\"Person\",\"@id\":\"https:\/\/www.africa-press.net\/cotedivoire\/#\/schema\/person\/2b1cf3cd81a31e3cd26889ca66d677f1\",\"name\":\"cfeditorfr\"}]}<\/script>\n<!-- \/ Yoast SEO Premium plugin. -->","yoast_head_json":{"title":"Conseil R\u00e9gional du L\u00f4h-Djiboua, Am\u00e9d\u00e9 Kouakou \u00ab salue \u00bb les contributions du conseiller Lida Kouassi Mo\u00efse du PPA-CI - C\u00f4te d&#039;Ivoire","description":"La quatrie\u0300me re\u0301union ordinaire conseil re\u0301gional du Lo\u0302h-Djiboua, pre\u0301side\u0301 par le Ministre Ame\u0301de\u0301 Koffi Kouakou s\u2019es ...","robots":{"index":"index","follow":"follow","max-snippet":"max-snippet:-1","max-image-preview":"max-image-preview:large","max-video-preview":"max-video-preview:-1"},"canonical":"https:\/\/www.africa-press.net\/cotedivoire\/politique\/conseil-regional-du-loh-djiboua-amede-kouakou-salue-les-contributions-du-conseiller-lida-kouassi-moise-du-ppa-ci","og_locale":"fr_FR","og_type":"article","og_title":"Conseil R\u00e9gional du L\u00f4h-Djiboua, Am\u00e9d\u00e9 Kouakou \u00ab salue \u00bb les contributions du conseiller Lida Kouassi Mo\u00efse du PPA-CI","og_description":"La quatrie\u0300me re\u0301union ordinaire conseil re\u0301gional du Lo\u0302h-Djiboua, pre\u0301side\u0301 par le Ministre Ame\u0301de\u0301 Koffi Kouakou s\u2019es ...","og_url":"https:\/\/www.africa-press.net\/cotedivoire\/politique\/conseil-regional-du-loh-djiboua-amede-kouakou-salue-les-contributions-du-conseiller-lida-kouassi-moise-du-ppa-ci","og_site_name":"C\u00f4te d&#039;Ivoire","article_published_time":"2024-09-26T18:52:33+00:00","article_modified_time":"2024-09-26T19:11:52+00:00","og_image":[{"width":1280,"height":720,"url":"https:\/\/static.africa-press.net\/cote\/sites\/43\/2024\/09\/sm_1727365277.98771.jpg","type":"image\/jpeg"}],"author":"cfeditorfr","twitter_card":"summary_large_image","twitter_misc":{"\u00c9crit par":"cfeditorfr","Dur\u00e9e de lecture estim\u00e9e":"2 minutes"},"schema":{"@context":"https:\/\/schema.org","@graph":[{"@type":"Article","@id":"https:\/\/www.africa-press.net\/cotedivoire\/politique\/conseil-regional-du-loh-djiboua-amede-kouakou-salue-les-contributions-du-conseiller-lida-kouassi-moise-du-ppa-ci#article","isPartOf":{"@id":"https:\/\/www.africa-press.net\/cotedivoire\/politique\/conseil-regional-du-loh-djiboua-amede-kouakou-salue-les-contributions-du-conseiller-lida-kouassi-moise-du-ppa-ci"},"author":{"name":"cfeditorfr","@id":"https:\/\/www.africa-press.net\/cotedivoire\/#\/schema\/person\/2b1cf3cd81a31e3cd26889ca66d677f1"},"headline":"Conseil R\u00e9gional du L\u00f4h-Djiboua, Am\u00e9d\u00e9 Kouakou \u00ab salue \u00bb les contributions du conseiller Lida Kouassi Mo\u00efse du PPA-CI","datePublished":"2024-09-26T18:52:33+00:00","dateModified":"2024-09-26T19:11:52+00:00","mainEntityOfPage":{"@id":"https:\/\/www.africa-press.net\/cotedivoire\/politique\/conseil-regional-du-loh-djiboua-amede-kouakou-salue-les-contributions-du-conseiller-lida-kouassi-moise-du-ppa-ci"},"wordCount":516,"commentCount":0,"image":{"@id":"https:\/\/www.africa-press.net\/cotedivoire\/politique\/conseil-regional-du-loh-djiboua-amede-kouakou-salue-les-contributions-du-conseiller-lida-kouassi-moise-du-ppa-ci#primaryimage"},"thumbnailUrl":"https:\/\/static.africa-press.net\/cote\/sites\/43\/2024\/09\/sm_1727365277.98771.jpg","keywords":["Am\u00e9d\u00e9 Kouakou","C\u00d4TE D'IVOIRE","Divo","Lida Kouassi Mo\u00eese","L\u00f4h-Djiboua","PPA-CI","RHDP"],"articleSection":["Politique","Toutes les actualit\u00e9s"],"inLanguage":"fr-FR","potentialAction":[{"@type":"CommentAction","name":"Comment","target":["https:\/\/www.africa-press.net\/cotedivoire\/politique\/conseil-regional-du-loh-djiboua-amede-kouakou-salue-les-contributions-du-conseiller-lida-kouassi-moise-du-ppa-ci#respond"]}]},{"@type":"WebPage","@id":"https:\/\/www.africa-press.net\/cotedivoire\/politique\/conseil-regional-du-loh-djiboua-amede-kouakou-salue-les-contributions-du-conseiller-lida-kouassi-moise-du-ppa-ci","url":"https:\/\/www.africa-press.net\/cotedivoire\/politique\/conseil-regional-du-loh-djiboua-amede-kouakou-salue-les-contributions-du-conseiller-lida-kouassi-moise-du-ppa-ci","name":"Conseil R\u00e9gional du L\u00f4h-Djiboua, Am\u00e9d\u00e9 Kouakou \u00ab salue \u00bb les contributions du conseiller Lida Kouassi Mo\u00efse du PPA-CI - C\u00f4te d&#039;Ivoire","isPartOf":{"@id":"https:\/\/www.africa-press.net\/cotedivoire\/#website"},"primaryImageOfPage":{"@id":"https:\/\/www.africa-press.net\/cotedivoire\/politique\/conseil-regional-du-loh-djiboua-amede-kouakou-salue-les-contributions-du-conseiller-lida-kouassi-moise-du-ppa-ci#primaryimage"},"image":{"@id":"https:\/\/www.africa-press.net\/cotedivoire\/politique\/conseil-regional-du-loh-djiboua-amede-kouakou-salue-les-contributions-du-conseiller-lida-kouassi-moise-du-ppa-ci#primaryimage"},"thumbnailUrl":"https:\/\/static.africa-press.net\/cote\/sites\/43\/2024\/09\/sm_1727365277.98771.jpg","datePublished":"2024-09-26T18:52:33+00:00","dateModified":"2024-09-26T19:11:52+00:00","author":{"@id":"https:\/\/www.africa-press.net\/cotedivoire\/#\/schema\/person\/2b1cf3cd81a31e3cd26889ca66d677f1"},"description":"La quatrie\u0300me re\u0301union ordinaire conseil re\u0301gional du Lo\u0302h-Djiboua, pre\u0301side\u0301 par le Ministre Ame\u0301de\u0301 Koffi Kouakou s\u2019es ...","breadcrumb":{"@id":"https:\/\/www.africa-press.net\/cotedivoire\/politique\/conseil-regional-du-loh-djiboua-amede-kouakou-salue-les-contributions-du-conseiller-lida-kouassi-moise-du-ppa-ci#breadcrumb"},"inLanguage":"fr-FR","potentialAction":[{"@type":"ReadAction","target":["https:\/\/www.africa-press.net\/cotedivoire\/politique\/conseil-regional-du-loh-djiboua-amede-kouakou-salue-les-contributions-du-conseiller-lida-kouassi-moise-du-ppa-ci"]}]},{"@type":"ImageObject","inLanguage":"fr-FR","@id":"https:\/\/www.africa-press.net\/cotedivoire\/politique\/conseil-regional-du-loh-djiboua-amede-kouakou-salue-les-contributions-du-conseiller-lida-kouassi-moise-du-ppa-ci#primaryimage","url":"https:\/\/static.africa-press.net\/cote\/sites\/43\/2024\/09\/sm_1727365277.98771.jpg","contentUrl":"https:\/\/static.africa-press.net\/cote\/sites\/43\/2024\/09\/sm_1727365277.98771.jpg","width":1280,"height":720,"caption":"Conseil R\u00e9gional du L\u00f4h-Djiboua, Am\u00e9d\u00e9 Kouakou \u00ab salue \u00bb les contributions du conseiller Lida Kouassi Mo\u00efse du PPA-CI"},{"@type":"BreadcrumbList","@id":"https:\/\/www.africa-press.net\/cotedivoire\/politique\/conseil-regional-du-loh-djiboua-amede-kouakou-salue-les-contributions-du-conseiller-lida-kouassi-moise-du-ppa-ci#breadcrumb","itemListElement":[{"@type":"ListItem","position":1,"name":"Accueil","item":"https:\/\/www.africa-press.net\/cotedivoire\/"},{"@type":"ListItem","position":2,"name":"Conseil R\u00e9gional du L\u00f4h-Djiboua, Am\u00e9d\u00e9 Kouakou \u00ab salue \u00bb les contributions du conseiller Lida Kouassi Mo\u00efse du PPA-CI"}]},{"@type":"WebSite","@id":"https:\/\/www.africa-press.net\/cotedivoire\/#website","url":"https:\/\/www.africa-press.net\/cotedivoire\/","name":"C\u00f4te d&#039;Ivoire","description":"Just another Africa News Agency Sites site","potentialAction":[{"@type":"SearchAction","target":{"@type":"EntryPoint","urlTemplate":"https:\/\/www.africa-press.net\/cotedivoire\/?s={search_term_string}"},"query-input":{"@type":"PropertyValueSpecification","valueRequired":true,"valueName":"search_term_string"}}],"inLanguage":"fr-FR"},{"@type":"Person","@id":"https:\/\/www.africa-press.net\/cotedivoire\/#\/schema\/person\/2b1cf3cd81a31e3cd26889ca66d677f1","name":"cfeditorfr"}]}},"_links":{"self":[{"href":"https:\/\/www.africa-press.net\/cotedivoire\/wp-json\/wp\/v2\/posts\/87822","targetHints":{"allow":["GET"]}}],"collection":[{"href":"https:\/\/www.africa-press.net\/cotedivoire\/wp-json\/wp\/v2\/posts"}],"about":[{"href":"https:\/\/www.africa-press.net\/cotedivoire\/wp-json\/wp\/v2\/types\/post"}],"author":[{"embeddable":true,"href":"https:\/\/www.africa-press.net\/cotedivoire\/wp-json\/wp\/v2\/users\/82"}],"replies":[{"embeddable":true,"href":"https:\/\/www.africa-press.net\/cotedivoire\/wp-json\/wp\/v2\/comments?post=87822"}],"version-history":[{"count":0,"href":"https:\/\/www.africa-press.net\/cotedivoire\/wp-json\/wp\/v2\/posts\/87822\/revisions"}],"wp:featuredmedia":[{"embeddable":true,"href":"https:\/\/www.africa-press.net\/cotedivoire\/wp-json\/wp\/v2\/media\/87820"}],"wp:attachment":[{"href":"https:\/\/www.africa-press.net\/cotedivoire\/wp-json\/wp\/v2\/media?parent=87822"}],"wp:term":[{"taxonomy":"category","embeddable":true,"href":"https:\/\/www.africa-press.net\/cotedivoire\/wp-json\/wp\/v2\/categories?post=87822"},{"taxonomy":"post_tag","embeddable":true,"href":"https:\/\/www.africa-press.net\/cotedivoire\/wp-json\/wp\/v2\/tags?post=87822"}],"curies":[{"name":"wp","href":"https:\/\/api.w.org\/{rel}","templated":true}]}}