{"id":8823,"date":"2021-06-11T12:50:20","date_gmt":"2021-06-11T12:50:20","guid":{"rendered":"https:\/\/www.africa-press.net\/cotedivoire\/?p=8823"},"modified":"2021-06-11T15:49:39","modified_gmt":"2021-06-11T15:49:39","slug":"lafrique-face-au-covid-19-le-continent-sinquiete-dune-troisieme-vague","status":"publish","type":"post","link":"https:\/\/www.africa-press.net\/cotedivoire\/toutes-les-actualites\/lafrique-face-au-covid-19-le-continent-sinquiete-dune-troisieme-vague","title":{"rendered":"L\u2019Afrique face au Covid-19\u00a0: le continent s\u2019inqui\u00e8te d\u2019une troisi\u00e8me vague"},"content":{"rendered":"<p><span style=\"color: #ff6600\"><strong><a href=\"https:\/\/www.africa-press.net\/\">Africa-Press<\/a> &#8211; <a href=\"https:\/\/www.africa-press.net\/cotedivoire\">C\u00f4te d&rsquo;Ivoire<\/a>. <\/strong><\/span>Les signes d\u2019une troisi\u00e8me vague se multiplient Tandis que le nombre de nouvelles infections continue de chuter dans le monde, seule l\u2019Afrique reste sujette \u00e0 une augmentation du nombre de cas de Covid-19 semaine apr\u00e8s semaine, selon les chiffres de l\u2019Organisation mondiale de la sant\u00e9 (OMS).<\/p>\n<p>Pour la deuxi\u00e8me semaine cons\u00e9cutive, la barre des 20 % de nouveaux cas a \u00e9t\u00e9 franchie sur le continent. On compte d\u00e9sormais un cumul de pr\u00e8s de 5 millions de cas sur l\u2019ensemble du territoire depuis le d\u00e9but de la pand\u00e9mie. La flamb\u00e9e ne concerne cependant que quelques pays : l\u2019Egypte, l\u2019Afrique du Sud, l\u2019Ouganda, la Zambie et la Tunisie, qui repr\u00e9sentent 72 % des nouvelles contaminations enregistr\u00e9es, avec une progression importante des variants, notamment le \u00ab delta \u00bb d\u00e9tect\u00e9 en Inde.<\/p>\n<p>Cette situation s\u2019explique en partie par le difficile d\u00e9ploiement de la vaccination sur le continent. L\u2019OMS encourage les Etats \u00e0 \u00e9tendre leur strat\u00e9gie de vaccination aux zones rurales et plus recul\u00e9es en donnant la priorit\u00e9 aux vaccins sur le point d\u2019expirer. En Afrique, 20 pays ont utilis\u00e9 moins de la moiti\u00e9 des doses re\u00e7ues.<\/p>\n<p>C\u2019est le nombre de doses de Pfizer-BioNTech que les Etats-Unis s\u2019appr\u00eatent \u00e0 donner \u00e0 pr\u00e8s de 100 pays pauvres au travers du dispositif Covax. Le pr\u00e9sident am\u00e9ricain, Joe Biden, l\u2019a annonc\u00e9 jeudi 10 juin \u00e0 la veille du sommet du G7. Quelque 200 millions de doses seront envoy\u00e9es cette ann\u00e9e, le reste en 2022. \u00ab Ce sera un tr\u00e8s grand soutien. Nous sommes en guerre et c\u2019est une nouvelle tr\u00e8s positive que nous devons reconna\u00eetre et c\u00e9l\u00e9brer \u00bb, a salu\u00e9 le directeur du Centre de contr\u00f4le et de pr\u00e9vention des maladies de l\u2019Union africaine (Africa CDC), John Nkengasong, m\u00eame si le nombre exact de doses \u00e0 destination du continent n\u2019a pas encore \u00e9t\u00e9 pr\u00e9cis\u00e9. R\u00e9ouverture progressive des fronti\u00e8res a\u00e9riennes au Maroc Le Maroc a d\u00e9voil\u00e9 dimanche sa strat\u00e9gie de r\u00e9ouverture des fronti\u00e8res a\u00e9riennes. Le minist\u00e8re des affaires \u00e9trang\u00e8res a d\u00e9taill\u00e9 dans un communiqu\u00e9 les mesures \u00ab progressives \u00bb qui rentreront en vigueur \u00e0 compter du 15 juin et concerneront une cinquantaine de pays. Pour limiter la propagation du virus sur le territoire, Rabat a choisi de mettre en place un syst\u00e8me de classification des pays, \u00e9tabli selon des indices \u00e9pid\u00e9miologiques. Deux listes ont ainsi \u00e9t\u00e9 cr\u00e9\u00e9es. Les voyageurs en provenance des pays de la liste A, \u00e0 savoir ceux ayant des \u00ab indicateurs positifs \u00bb (dont ceux de l\u2019Union europ\u00e9enne), pourront entrer sur le territoire marocain sur pr\u00e9sentation d\u2019un test PCR n\u00e9gatif de moins de 48 heures ou d\u2019un certificat de vaccination. La liste B concerne quant \u00e0 elle 74 pays sujets \u00e0 \u00ab une propagation des variants ou \u00e0 l\u2019absence de statistiques pr\u00e9cises sur la situation \u00e9pid\u00e9miologique \u00bb, dont l\u2019Inde, l\u2019Afrique du Sud et l\u2019Alg\u00e9rie. Les voyageurs venant de ces pays devront avoir une autorisation exceptionnelle, pr\u00e9senter un test PCR n\u00e9gatif de moins de 48 heures et se soumettre \u00e0 une p\u00e9riode d\u2019isolement de dix jours \u00e0 leur arriv\u00e9e. Selon les chiffres officiels, le royaume a enregistr\u00e9 depuis le d\u00e9but de la pand\u00e9mie 522 765 contaminations et 9 192 d\u00e9c\u00e8s. C\u00f4t\u00e9 vaccination, plus de 9 millions de Marocains ont \u00e9t\u00e9 vaccin\u00e9s, dont 5,8 millions avec deux injections. L\u2019Egypte va produire le vaccin chinois Sinovac Alors que la situation sanitaire s\u2019am\u00e9liore timidement en Egypte, la ministre de la sant\u00e9, Hala Zayed, a annonc\u00e9 lundi que le pays allait produire sur son sol le vaccin chinois Sinovac. Apr\u00e8s avoir re\u00e7u les mati\u00e8res premi\u00e8res n\u00e9cessaires fin mai, le gouvernement entend donner le coup d\u2019envoi de la production le 15 juin, sous la supervision d\u2019experts chinois. Six semaines de contr\u00f4les et d\u2019examen seront n\u00e9cessaires avant de pouvoir acheminer les doses vers les centres de vaccination. Le pays devrait ainsi pouvoir produire 4,2 millions de vaccins en juin et vise les 40 millions d\u2019ici \u00e0 la fin de l\u2019ann\u00e9e, pour une distribution sur l\u2019ensemble du territoire mais aussi dans d\u2019autres pays africains. Une \u00ab \u00e9tape historique pour le pays \u00bb, selon Hala Zayed. D\u00e9sormais tr\u00e8s actif sur le terrain de la vaccination, Le Caire mise sur l\u2019acc\u00e9l\u00e9ration de la campagne et esp\u00e8re m\u00eame pouvoir \u00e0 terme produire le vaccin AstraZeneca, pour parvenir \u00e0 vacciner 40 % de ses 100 millions d\u2019habitants d\u2019ici \u00e0 la fin 2021. Selon les autorit\u00e9s, pr\u00e8s d\u2019un million de doses ont \u00e9t\u00e9 administr\u00e9es \u00e0 ce jour. Des pr\u00e9visions de croissance plus sombres Le dernier rapport de la Banque mondiale, publi\u00e9 mardi, dresse un constat en demi-teinte concernant la reprise \u00e9conomique au regard de la pand\u00e9mie. \u00ab Les \u00e9conomies avanc\u00e9es vivent leurs meilleurs jours, les pays \u00e0 faible revenu les pires \u00bb, r\u00e9sume le num\u00e9ro deux de l\u2019institution, Ayhan Kose. La banque pr\u00e9voit une croissance de l\u2019\u00e9conomie mondiale de 5,6 % en 2021 : \u00ab un rebond post-r\u00e9cession d\u2019une ampleur sans pr\u00e9c\u00e9dent en quatre-vingts ans \u00bb, selon le rapport. Ce chiffre est en partie port\u00e9 par le redressement spectaculaire de quelques grandes \u00e9conomies, comme la Chine ou les Etats-Unis. De l\u2019autre c\u00f4t\u00e9, malgr\u00e9 les signaux de reprise, les pays africains restent soumis \u00e0 de fortes incertitudes. En Centrafrique, en Guin\u00e9e \u00e9quatoriale, au Niger et au Kenya, les \u00ab incertitudes politiques et les effets persistants de la pand\u00e9mie \u00bb vont retarder les investissements et freiner la reprise. Les revenus par habitant devraient \u00eatre inf\u00e9rieurs de 4 % en moyenne \u00e0 ceux de 2019. Pour les pays \u00ab fragiles ou touch\u00e9s par un conflit \u00bb, la Banque mondiale pr\u00e9voit un net recul de la production en 2022, \u00e0 hauteur de 5,3 % par rapport \u00e0 2019. Les grandes \u00e9conomies comme l\u2019Angola, le Nigeria ou l\u2019Afrique du Sud connaissent quant \u00e0 elles un d\u00e9but de regain d\u2019activit\u00e9. L\u2019Afrique subsaharienne devrait retrouver une croissance de 2,8 % pour cette ann\u00e9e, puis de 3,3 % en 2022. Des perspectives revues \u00e0 la baisse par rapport aux projections de d\u00e9but de l\u2019ann\u00e9e. Les agents de sant\u00e9 en gr\u00e8ve \u00e0 Abidjan Pr\u00e8s d\u2019un millier d\u2019agents de sant\u00e9 en blouse blanche se sont mobilis\u00e9s mardi \u00e0 Abidjan dans le cadre d\u2019un mouvement de gr\u00e8ve. M\u00e9decins, infirmi\u00e8res, sages-femmes et techniciens de sant\u00e9 ont envahi la cit\u00e9 administrative, o\u00f9 se trouve le minist\u00e8re ivoirien de la sant\u00e9, dans le quartier du Plateau. But de l\u2019op\u00e9ration : exprimer leur \u00ab ras-le-bol \u00bb apr\u00e8s le non-paiement de primes li\u00e9es \u00e0 l\u2019\u00e9pid\u00e9mie. Les salari\u00e9s sont venus r\u00e9clamer pr\u00e8s de treize mois d\u2019impay\u00e9s : des primes mensuelles comprises entre 90 000 et 235 000 francs CFA (entre 137 et 358 euros) qui n\u2019ont pas \u00e9t\u00e9 vers\u00e9es. Au total, 4 166 fonctionnaires de sant\u00e9 sont concern\u00e9s. Apr\u00e8s un an de n\u00e9gociations avec les autorit\u00e9s, les manifestants d\u00e9noncent de \u00ab grosses promesses sans r\u00e9sultats \u00bb et soulignent \u00ab l\u2019urgence \u00bb du versement des primes. A l\u2019automne, deux semaines de gr\u00e8ve du personnel de sant\u00e9 avaient eu lieu pour les m\u00eames motifs, une mobilisation qui avait alors \u00e9branl\u00e9 l\u2019activit\u00e9 des h\u00f4pitaux dans le pays. La C\u00f4te d\u2019Ivoire et ses 25 millions d\u2019habitants restent peu affect\u00e9s par l\u2019\u00e9pid\u00e9mie, avec 47 605 cas et 306 d\u00e9c\u00e8s, selon les chiffres officiels.<\/p>\n","protected":false},"excerpt":{"rendered":"<p>Africa-Press &#8211; C\u00f4te d&rsquo;Ivoire. Les signes d\u2019une troisi\u00e8me vague se multiplient Tandis que le nombre de nouvelles infections continue de chuter dans le monde, seule l\u2019Afrique reste sujette \u00e0 une augmentation du nombre de cas de Covid-19 semaine apr\u00e8s semaine, selon les chiffres de l\u2019Organisation mondiale de la sant\u00e9 (OMS). Pour la deuxi\u00e8me semaine cons\u00e9cutive, [&hellip;]<\/p>\n","protected":false},"author":82,"featured_media":8822,"comment_status":"open","ping_status":"closed","sticky":false,"template":"","format":"standard","meta":{"footnotes":""},"categories":[22,11,10],"tags":[56,63,29,47,189],"class_list":["post-8823","post","type-post","status-publish","format-standard","has-post-thumbnail","hentry","category-divers","category-homepage-french","category-toutes-les-actualites","tag-africa-press","tag-africa-press-cote-divoire","tag-cote-divoire","tag-covid-19","tag-troisieme"],"yoast_head":"<!-- This site is optimized with the Yoast SEO Premium plugin v26.1 (Yoast SEO v27.0) - https:\/\/yoast.com\/product\/yoast-seo-premium-wordpress\/ -->\n<title>L\u2019Afrique face au Covid-19\u00a0: le continent s\u2019inqui\u00e8te d\u2019une troisi\u00e8me vague - C\u00f4te d&#039;Ivoire<\/title>\n<meta name=\"description\" content=\"Les signes d\u2019une troisi\u00e8me vague se multiplient Tandis que le nombre de nouvelles infections continue de chuter dans le ...\" \/>\n<meta name=\"robots\" content=\"index, follow, max-snippet:-1, max-image-preview:large, max-video-preview:-1\" \/>\n<link rel=\"canonical\" href=\"https:\/\/www.africa-press.net\/cotedivoire\/toutes-les-actualites\/lafrique-face-au-covid-19-le-continent-sinquiete-dune-troisieme-vague\" \/>\n<meta property=\"og:locale\" content=\"fr_FR\" \/>\n<meta property=\"og:type\" content=\"article\" \/>\n<meta property=\"og:title\" content=\"L\u2019Afrique face au Covid-19\u00a0: le continent s\u2019inqui\u00e8te d\u2019une troisi\u00e8me vague\" \/>\n<meta property=\"og:description\" content=\"Les signes d\u2019une troisi\u00e8me vague se multiplient Tandis que le nombre de nouvelles infections continue de chuter dans le ...\" \/>\n<meta property=\"og:url\" content=\"https:\/\/www.africa-press.net\/cotedivoire\/toutes-les-actualites\/lafrique-face-au-covid-19-le-continent-sinquiete-dune-troisieme-vague\" \/>\n<meta property=\"og:site_name\" content=\"C\u00f4te d&#039;Ivoire\" \/>\n<meta property=\"article:published_time\" content=\"2021-06-11T12:50:20+00:00\" \/>\n<meta property=\"article:modified_time\" content=\"2021-06-11T15:49:39+00:00\" \/>\n<meta property=\"og:image\" content=\"https:\/\/static.africa-press.net\/cote\/sites\/43\/2021\/06\/img-60c35ac7cadaa.jpg\" \/>\n\t<meta property=\"og:image:width\" content=\"1440\" \/>\n\t<meta property=\"og:image:height\" content=\"720\" \/>\n\t<meta property=\"og:image:type\" content=\"image\/jpeg\" \/>\n<meta name=\"author\" content=\"cfeditorfr\" \/>\n<meta name=\"twitter:card\" content=\"summary_large_image\" \/>\n<meta name=\"twitter:label1\" content=\"\u00c9crit par\" \/>\n\t<meta name=\"twitter:data1\" content=\"cfeditorfr\" \/>\n\t<meta name=\"twitter:label2\" content=\"Dur\u00e9e de lecture estim\u00e9e\" \/>\n\t<meta name=\"twitter:data2\" content=\"5 minutes\" \/>\n<script type=\"application\/ld+json\" class=\"yoast-schema-graph\">{\"@context\":\"https:\/\/schema.org\",\"@graph\":[{\"@type\":\"Article\",\"@id\":\"https:\/\/www.africa-press.net\/cotedivoire\/toutes-les-actualites\/lafrique-face-au-covid-19-le-continent-sinquiete-dune-troisieme-vague#article\",\"isPartOf\":{\"@id\":\"https:\/\/www.africa-press.net\/cotedivoire\/toutes-les-actualites\/lafrique-face-au-covid-19-le-continent-sinquiete-dune-troisieme-vague\"},\"author\":{\"name\":\"cfeditorfr\",\"@id\":\"https:\/\/www.africa-press.net\/cotedivoire\/#\/schema\/person\/2b1cf3cd81a31e3cd26889ca66d677f1\"},\"headline\":\"L\u2019Afrique face au Covid-19\u00a0: le continent s\u2019inqui\u00e8te d\u2019une troisi\u00e8me vague\",\"datePublished\":\"2021-06-11T12:50:20+00:00\",\"dateModified\":\"2021-06-11T15:49:39+00:00\",\"mainEntityOfPage\":{\"@id\":\"https:\/\/www.africa-press.net\/cotedivoire\/toutes-les-actualites\/lafrique-face-au-covid-19-le-continent-sinquiete-dune-troisieme-vague\"},\"wordCount\":1258,\"commentCount\":0,\"image\":{\"@id\":\"https:\/\/www.africa-press.net\/cotedivoire\/toutes-les-actualites\/lafrique-face-au-covid-19-le-continent-sinquiete-dune-troisieme-vague#primaryimage\"},\"thumbnailUrl\":\"https:\/\/static.africa-press.net\/cote\/sites\/43\/2021\/06\/img-60c35ac7cadaa.jpg\",\"keywords\":[\"Africa Press\",\"Africa Press-C\u00f4te d'Ivoire\",\"C\u00d4TE D'IVOIRE\",\"Covid-19\",\"troisi\u00e8me\"],\"articleSection\":[\"Divers\",\"homepage-french\",\"Toutes les actualit\u00e9s\"],\"inLanguage\":\"fr-FR\",\"potentialAction\":[{\"@type\":\"CommentAction\",\"name\":\"Comment\",\"target\":[\"https:\/\/www.africa-press.net\/cotedivoire\/toutes-les-actualites\/lafrique-face-au-covid-19-le-continent-sinquiete-dune-troisieme-vague#respond\"]}]},{\"@type\":\"WebPage\",\"@id\":\"https:\/\/www.africa-press.net\/cotedivoire\/toutes-les-actualites\/lafrique-face-au-covid-19-le-continent-sinquiete-dune-troisieme-vague\",\"url\":\"https:\/\/www.africa-press.net\/cotedivoire\/toutes-les-actualites\/lafrique-face-au-covid-19-le-continent-sinquiete-dune-troisieme-vague\",\"name\":\"L\u2019Afrique face au Covid-19\u00a0: le continent s\u2019inqui\u00e8te d\u2019une troisi\u00e8me vague - C\u00f4te d&#039;Ivoire\",\"isPartOf\":{\"@id\":\"https:\/\/www.africa-press.net\/cotedivoire\/#website\"},\"primaryImageOfPage\":{\"@id\":\"https:\/\/www.africa-press.net\/cotedivoire\/toutes-les-actualites\/lafrique-face-au-covid-19-le-continent-sinquiete-dune-troisieme-vague#primaryimage\"},\"image\":{\"@id\":\"https:\/\/www.africa-press.net\/cotedivoire\/toutes-les-actualites\/lafrique-face-au-covid-19-le-continent-sinquiete-dune-troisieme-vague#primaryimage\"},\"thumbnailUrl\":\"https:\/\/static.africa-press.net\/cote\/sites\/43\/2021\/06\/img-60c35ac7cadaa.jpg\",\"datePublished\":\"2021-06-11T12:50:20+00:00\",\"dateModified\":\"2021-06-11T15:49:39+00:00\",\"author\":{\"@id\":\"https:\/\/www.africa-press.net\/cotedivoire\/#\/schema\/person\/2b1cf3cd81a31e3cd26889ca66d677f1\"},\"description\":\"Les signes d\u2019une troisi\u00e8me vague se multiplient Tandis que le nombre de nouvelles infections continue de chuter dans le ...\",\"breadcrumb\":{\"@id\":\"https:\/\/www.africa-press.net\/cotedivoire\/toutes-les-actualites\/lafrique-face-au-covid-19-le-continent-sinquiete-dune-troisieme-vague#breadcrumb\"},\"inLanguage\":\"fr-FR\",\"potentialAction\":[{\"@type\":\"ReadAction\",\"target\":[\"https:\/\/www.africa-press.net\/cotedivoire\/toutes-les-actualites\/lafrique-face-au-covid-19-le-continent-sinquiete-dune-troisieme-vague\"]}]},{\"@type\":\"ImageObject\",\"inLanguage\":\"fr-FR\",\"@id\":\"https:\/\/www.africa-press.net\/cotedivoire\/toutes-les-actualites\/lafrique-face-au-covid-19-le-continent-sinquiete-dune-troisieme-vague#primaryimage\",\"url\":\"https:\/\/static.africa-press.net\/cote\/sites\/43\/2021\/06\/img-60c35ac7cadaa.jpg\",\"contentUrl\":\"https:\/\/static.africa-press.net\/cote\/sites\/43\/2021\/06\/img-60c35ac7cadaa.jpg\",\"width\":1440,\"height\":720,\"caption\":\"L\u2019Afrique face au Covid-19\u00a0: le continent s\u2019inqui\u00e8te d\u2019une troisi\u00e8me vague\"},{\"@type\":\"BreadcrumbList\",\"@id\":\"https:\/\/www.africa-press.net\/cotedivoire\/toutes-les-actualites\/lafrique-face-au-covid-19-le-continent-sinquiete-dune-troisieme-vague#breadcrumb\",\"itemListElement\":[{\"@type\":\"ListItem\",\"position\":1,\"name\":\"Accueil\",\"item\":\"https:\/\/www.africa-press.net\/cotedivoire\/\"},{\"@type\":\"ListItem\",\"position\":2,\"name\":\"L\u2019Afrique face au Covid-19\u00a0: le continent s\u2019inqui\u00e8te d\u2019une troisi\u00e8me vague\"}]},{\"@type\":\"WebSite\",\"@id\":\"https:\/\/www.africa-press.net\/cotedivoire\/#website\",\"url\":\"https:\/\/www.africa-press.net\/cotedivoire\/\",\"name\":\"C\u00f4te d&#039;Ivoire\",\"description\":\"Just another Africa News Agency Sites site\",\"potentialAction\":[{\"@type\":\"SearchAction\",\"target\":{\"@type\":\"EntryPoint\",\"urlTemplate\":\"https:\/\/www.africa-press.net\/cotedivoire\/?s={search_term_string}\"},\"query-input\":{\"@type\":\"PropertyValueSpecification\",\"valueRequired\":true,\"valueName\":\"search_term_string\"}}],\"inLanguage\":\"fr-FR\"},{\"@type\":\"Person\",\"@id\":\"https:\/\/www.africa-press.net\/cotedivoire\/#\/schema\/person\/2b1cf3cd81a31e3cd26889ca66d677f1\",\"name\":\"cfeditorfr\"}]}<\/script>\n<!-- \/ Yoast SEO Premium plugin. -->","yoast_head_json":{"title":"L\u2019Afrique face au Covid-19\u00a0: le continent s\u2019inqui\u00e8te d\u2019une troisi\u00e8me vague - C\u00f4te d&#039;Ivoire","description":"Les signes d\u2019une troisi\u00e8me vague se multiplient Tandis que le nombre de nouvelles infections continue de chuter dans le ...","robots":{"index":"index","follow":"follow","max-snippet":"max-snippet:-1","max-image-preview":"max-image-preview:large","max-video-preview":"max-video-preview:-1"},"canonical":"https:\/\/www.africa-press.net\/cotedivoire\/toutes-les-actualites\/lafrique-face-au-covid-19-le-continent-sinquiete-dune-troisieme-vague","og_locale":"fr_FR","og_type":"article","og_title":"L\u2019Afrique face au Covid-19\u00a0: le continent s\u2019inqui\u00e8te d\u2019une troisi\u00e8me vague","og_description":"Les signes d\u2019une troisi\u00e8me vague se multiplient Tandis que le nombre de nouvelles infections continue de chuter dans le ...","og_url":"https:\/\/www.africa-press.net\/cotedivoire\/toutes-les-actualites\/lafrique-face-au-covid-19-le-continent-sinquiete-dune-troisieme-vague","og_site_name":"C\u00f4te d&#039;Ivoire","article_published_time":"2021-06-11T12:50:20+00:00","article_modified_time":"2021-06-11T15:49:39+00:00","og_image":[{"width":1440,"height":720,"url":"https:\/\/static.africa-press.net\/cote\/sites\/43\/2021\/06\/img-60c35ac7cadaa.jpg","type":"image\/jpeg"}],"author":"cfeditorfr","twitter_card":"summary_large_image","twitter_misc":{"\u00c9crit par":"cfeditorfr","Dur\u00e9e de lecture estim\u00e9e":"5 minutes"},"schema":{"@context":"https:\/\/schema.org","@graph":[{"@type":"Article","@id":"https:\/\/www.africa-press.net\/cotedivoire\/toutes-les-actualites\/lafrique-face-au-covid-19-le-continent-sinquiete-dune-troisieme-vague#article","isPartOf":{"@id":"https:\/\/www.africa-press.net\/cotedivoire\/toutes-les-actualites\/lafrique-face-au-covid-19-le-continent-sinquiete-dune-troisieme-vague"},"author":{"name":"cfeditorfr","@id":"https:\/\/www.africa-press.net\/cotedivoire\/#\/schema\/person\/2b1cf3cd81a31e3cd26889ca66d677f1"},"headline":"L\u2019Afrique face au Covid-19\u00a0: le continent s\u2019inqui\u00e8te d\u2019une troisi\u00e8me vague","datePublished":"2021-06-11T12:50:20+00:00","dateModified":"2021-06-11T15:49:39+00:00","mainEntityOfPage":{"@id":"https:\/\/www.africa-press.net\/cotedivoire\/toutes-les-actualites\/lafrique-face-au-covid-19-le-continent-sinquiete-dune-troisieme-vague"},"wordCount":1258,"commentCount":0,"image":{"@id":"https:\/\/www.africa-press.net\/cotedivoire\/toutes-les-actualites\/lafrique-face-au-covid-19-le-continent-sinquiete-dune-troisieme-vague#primaryimage"},"thumbnailUrl":"https:\/\/static.africa-press.net\/cote\/sites\/43\/2021\/06\/img-60c35ac7cadaa.jpg","keywords":["Africa Press","Africa Press-C\u00f4te d'Ivoire","C\u00d4TE D'IVOIRE","Covid-19","troisi\u00e8me"],"articleSection":["Divers","homepage-french","Toutes les actualit\u00e9s"],"inLanguage":"fr-FR","potentialAction":[{"@type":"CommentAction","name":"Comment","target":["https:\/\/www.africa-press.net\/cotedivoire\/toutes-les-actualites\/lafrique-face-au-covid-19-le-continent-sinquiete-dune-troisieme-vague#respond"]}]},{"@type":"WebPage","@id":"https:\/\/www.africa-press.net\/cotedivoire\/toutes-les-actualites\/lafrique-face-au-covid-19-le-continent-sinquiete-dune-troisieme-vague","url":"https:\/\/www.africa-press.net\/cotedivoire\/toutes-les-actualites\/lafrique-face-au-covid-19-le-continent-sinquiete-dune-troisieme-vague","name":"L\u2019Afrique face au Covid-19\u00a0: le continent s\u2019inqui\u00e8te d\u2019une troisi\u00e8me vague - C\u00f4te d&#039;Ivoire","isPartOf":{"@id":"https:\/\/www.africa-press.net\/cotedivoire\/#website"},"primaryImageOfPage":{"@id":"https:\/\/www.africa-press.net\/cotedivoire\/toutes-les-actualites\/lafrique-face-au-covid-19-le-continent-sinquiete-dune-troisieme-vague#primaryimage"},"image":{"@id":"https:\/\/www.africa-press.net\/cotedivoire\/toutes-les-actualites\/lafrique-face-au-covid-19-le-continent-sinquiete-dune-troisieme-vague#primaryimage"},"thumbnailUrl":"https:\/\/static.africa-press.net\/cote\/sites\/43\/2021\/06\/img-60c35ac7cadaa.jpg","datePublished":"2021-06-11T12:50:20+00:00","dateModified":"2021-06-11T15:49:39+00:00","author":{"@id":"https:\/\/www.africa-press.net\/cotedivoire\/#\/schema\/person\/2b1cf3cd81a31e3cd26889ca66d677f1"},"description":"Les signes d\u2019une troisi\u00e8me vague se multiplient Tandis que le nombre de nouvelles infections continue de chuter dans le ...","breadcrumb":{"@id":"https:\/\/www.africa-press.net\/cotedivoire\/toutes-les-actualites\/lafrique-face-au-covid-19-le-continent-sinquiete-dune-troisieme-vague#breadcrumb"},"inLanguage":"fr-FR","potentialAction":[{"@type":"ReadAction","target":["https:\/\/www.africa-press.net\/cotedivoire\/toutes-les-actualites\/lafrique-face-au-covid-19-le-continent-sinquiete-dune-troisieme-vague"]}]},{"@type":"ImageObject","inLanguage":"fr-FR","@id":"https:\/\/www.africa-press.net\/cotedivoire\/toutes-les-actualites\/lafrique-face-au-covid-19-le-continent-sinquiete-dune-troisieme-vague#primaryimage","url":"https:\/\/static.africa-press.net\/cote\/sites\/43\/2021\/06\/img-60c35ac7cadaa.jpg","contentUrl":"https:\/\/static.africa-press.net\/cote\/sites\/43\/2021\/06\/img-60c35ac7cadaa.jpg","width":1440,"height":720,"caption":"L\u2019Afrique face au Covid-19\u00a0: le continent s\u2019inqui\u00e8te d\u2019une troisi\u00e8me vague"},{"@type":"BreadcrumbList","@id":"https:\/\/www.africa-press.net\/cotedivoire\/toutes-les-actualites\/lafrique-face-au-covid-19-le-continent-sinquiete-dune-troisieme-vague#breadcrumb","itemListElement":[{"@type":"ListItem","position":1,"name":"Accueil","item":"https:\/\/www.africa-press.net\/cotedivoire\/"},{"@type":"ListItem","position":2,"name":"L\u2019Afrique face au Covid-19\u00a0: le continent s\u2019inqui\u00e8te d\u2019une troisi\u00e8me vague"}]},{"@type":"WebSite","@id":"https:\/\/www.africa-press.net\/cotedivoire\/#website","url":"https:\/\/www.africa-press.net\/cotedivoire\/","name":"C\u00f4te d&#039;Ivoire","description":"Just another Africa News Agency Sites site","potentialAction":[{"@type":"SearchAction","target":{"@type":"EntryPoint","urlTemplate":"https:\/\/www.africa-press.net\/cotedivoire\/?s={search_term_string}"},"query-input":{"@type":"PropertyValueSpecification","valueRequired":true,"valueName":"search_term_string"}}],"inLanguage":"fr-FR"},{"@type":"Person","@id":"https:\/\/www.africa-press.net\/cotedivoire\/#\/schema\/person\/2b1cf3cd81a31e3cd26889ca66d677f1","name":"cfeditorfr"}]}},"_links":{"self":[{"href":"https:\/\/www.africa-press.net\/cotedivoire\/wp-json\/wp\/v2\/posts\/8823","targetHints":{"allow":["GET"]}}],"collection":[{"href":"https:\/\/www.africa-press.net\/cotedivoire\/wp-json\/wp\/v2\/posts"}],"about":[{"href":"https:\/\/www.africa-press.net\/cotedivoire\/wp-json\/wp\/v2\/types\/post"}],"author":[{"embeddable":true,"href":"https:\/\/www.africa-press.net\/cotedivoire\/wp-json\/wp\/v2\/users\/82"}],"replies":[{"embeddable":true,"href":"https:\/\/www.africa-press.net\/cotedivoire\/wp-json\/wp\/v2\/comments?post=8823"}],"version-history":[{"count":0,"href":"https:\/\/www.africa-press.net\/cotedivoire\/wp-json\/wp\/v2\/posts\/8823\/revisions"}],"wp:featuredmedia":[{"embeddable":true,"href":"https:\/\/www.africa-press.net\/cotedivoire\/wp-json\/wp\/v2\/media\/8822"}],"wp:attachment":[{"href":"https:\/\/www.africa-press.net\/cotedivoire\/wp-json\/wp\/v2\/media?parent=8823"}],"wp:term":[{"taxonomy":"category","embeddable":true,"href":"https:\/\/www.africa-press.net\/cotedivoire\/wp-json\/wp\/v2\/categories?post=8823"},{"taxonomy":"post_tag","embeddable":true,"href":"https:\/\/www.africa-press.net\/cotedivoire\/wp-json\/wp\/v2\/tags?post=8823"}],"curies":[{"name":"wp","href":"https:\/\/api.w.org\/{rel}","templated":true}]}}