{"id":88263,"date":"2024-10-02T14:14:33","date_gmt":"2024-10-02T14:14:33","guid":{"rendered":"https:\/\/www.africa-press.net\/cotedivoire\/politique\/19e-sommet-de-la-francophonie-alassane-ouattara-senvole-pour-la-france"},"modified":"2024-10-02T14:49:06","modified_gmt":"2024-10-02T14:49:06","slug":"19e-sommet-de-la-francophonie-alassane-ouattara-senvole-pour-la-france","status":"publish","type":"post","link":"https:\/\/www.africa-press.net\/cotedivoire\/politique\/19e-sommet-de-la-francophonie-alassane-ouattara-senvole-pour-la-france","title":{"rendered":"19e sommet de la francophonie, Alassane Ouattara s&rsquo;envole pour la France"},"content":{"rendered":"<p><span style=\"color: #ff6600\"><strong>Africa-Press &#8211; C\u00f4te d&rsquo;Ivoire. <\/strong><\/span>Le pre\u0301sident de la Re\u0301publique, Alassane Ouattara, a quitte\u0301 Abidjan, ce mardi 1er octobre 2024, pour Paris (France) ou\u0300 il prendra part au 19e Sommet ordinaire des Chefs d\u2019E\u0301tat et de Gouvernement de la Francophonie, apprend KOACI du service de presse de la pre\u0301sidence.<\/p>\n<p>Ce Sommet, place\u0301 sous le the\u0300me: \u00ab Ge\u0301rer, innover et entreprendre en franc\u0327ais \u00bb, sera l&rsquo;occasion d&rsquo;explorer de nouvelles formes de coope\u0301ration et d&rsquo;aborder les de\u0301fis mondiaux actuels, notamment climatiques, se\u0301curitaires, ge\u0301opolitiques, technologiques et e\u0301conomiques.<\/p>\n<p>Au cours de ce Sommet, le Pre\u0301sident Alassane OUATTARA participera a\u0300 des sessions the\u0301matiques sur les de\u0301fis du citoyen francophone a\u0300 l\u2019e\u0300re du nume\u0301rique et le multilate\u0301ralisme.<\/p>\n<p>En marge du Sommet, le Chef de l\u2019E\u0301tat prendra part, en compagnie de la Premie\u0300re Dame, Dominique Ouattara, a\u0300 un di\u0302ner de Gala au Palais de l\u2019E\u0301lyse\u0301e, offert par le Pre\u0301sident de la Re\u0301publique franc\u0327aise, Emmanuel Macron, et son e\u0301pouse, Brigitte.<\/p>\n<p><strong>Pour plus d&rsquo;informations et d&rsquo;analyses sur la C\u00f4te d&rsquo;Ivoire, suivez Africa-Press<\/strong><\/p>\n","protected":false},"excerpt":{"rendered":"<p>Africa-Press &#8211; C\u00f4te d&rsquo;Ivoire. Le pre\u0301sident de la Re\u0301publique, Alassane Ouattara, a quitte\u0301 Abidjan, ce mardi 1er octobre 2024, pour Paris (France) ou\u0300 il prendra part au 19e Sommet ordinaire des Chefs d\u2019E\u0301tat et de Gouvernement de la Francophonie, apprend KOACI du service de presse de la pre\u0301sidence. Ce Sommet, place\u0301 sous le the\u0300me: \u00ab [&hellip;]<\/p>\n","protected":false},"author":82,"featured_media":88262,"comment_status":"open","ping_status":"closed","sticky":false,"template":"","format":"standard","meta":{"footnotes":""},"categories":[2,20,10],"tags":[38,29,8167],"class_list":["post-88263","post","type-post","status-publish","format-standard","has-post-thumbnail","hentry","category-politique","category-top-nouvelles","category-toutes-les-actualites","tag-alassane-ouattara","tag-cote-divoire","tag-francophonie"],"yoast_head":"<!-- This site is optimized with the Yoast SEO Premium plugin v26.1 (Yoast SEO v27.0) - https:\/\/yoast.com\/product\/yoast-seo-premium-wordpress\/ -->\n<title>19e sommet de la francophonie, Alassane Ouattara s&#039;envole pour la France - C\u00f4te d&#039;Ivoire<\/title>\n<meta name=\"description\" content=\"Le pre\u0301sident de la Re\u0301publique, Alassane Ouattara, a quitte\u0301 Abidjan, ce mardi 1er octobre 2024, pour Paris (France) ou ...\" \/>\n<meta name=\"robots\" content=\"index, follow, max-snippet:-1, max-image-preview:large, max-video-preview:-1\" \/>\n<link rel=\"canonical\" href=\"https:\/\/www.africa-press.net\/cotedivoire\/politique\/19e-sommet-de-la-francophonie-alassane-ouattara-senvole-pour-la-france\" \/>\n<meta property=\"og:locale\" content=\"fr_FR\" \/>\n<meta property=\"og:type\" content=\"article\" \/>\n<meta property=\"og:title\" content=\"19e sommet de la francophonie, Alassane Ouattara s&#039;envole pour la France\" \/>\n<meta property=\"og:description\" content=\"Le pre\u0301sident de la Re\u0301publique, Alassane Ouattara, a quitte\u0301 Abidjan, ce mardi 1er octobre 2024, pour Paris (France) ou ...\" \/>\n<meta property=\"og:url\" content=\"https:\/\/www.africa-press.net\/cotedivoire\/politique\/19e-sommet-de-la-francophonie-alassane-ouattara-senvole-pour-la-france\" \/>\n<meta property=\"og:site_name\" content=\"C\u00f4te d&#039;Ivoire\" \/>\n<meta property=\"article:published_time\" content=\"2024-10-02T14:14:33+00:00\" \/>\n<meta property=\"article:modified_time\" content=\"2024-10-02T14:49:06+00:00\" \/>\n<meta property=\"og:image\" content=\"https:\/\/static.africa-press.net\/cote\/sites\/43\/2024\/10\/sm_1727867912.430871.jpg\" \/>\n\t<meta property=\"og:image:width\" content=\"720\" \/>\n\t<meta property=\"og:image:height\" content=\"380\" \/>\n\t<meta property=\"og:image:type\" content=\"image\/jpeg\" \/>\n<meta name=\"author\" content=\"cfeditorfr\" \/>\n<meta name=\"twitter:card\" content=\"summary_large_image\" \/>\n<meta name=\"twitter:label1\" content=\"\u00c9crit par\" \/>\n\t<meta name=\"twitter:data1\" content=\"cfeditorfr\" \/>\n\t<meta name=\"twitter:label2\" content=\"Dur\u00e9e de lecture estim\u00e9e\" \/>\n\t<meta name=\"twitter:data2\" content=\"2 minutes\" \/>\n<script type=\"application\/ld+json\" class=\"yoast-schema-graph\">{\"@context\":\"https:\/\/schema.org\",\"@graph\":[{\"@type\":\"Article\",\"@id\":\"https:\/\/www.africa-press.net\/cotedivoire\/politique\/19e-sommet-de-la-francophonie-alassane-ouattara-senvole-pour-la-france#article\",\"isPartOf\":{\"@id\":\"https:\/\/www.africa-press.net\/cotedivoire\/politique\/19e-sommet-de-la-francophonie-alassane-ouattara-senvole-pour-la-france\"},\"author\":{\"name\":\"cfeditorfr\",\"@id\":\"https:\/\/www.africa-press.net\/cotedivoire\/#\/schema\/person\/2b1cf3cd81a31e3cd26889ca66d677f1\"},\"headline\":\"19e sommet de la francophonie, Alassane Ouattara s&rsquo;envole pour la France\",\"datePublished\":\"2024-10-02T14:14:33+00:00\",\"dateModified\":\"2024-10-02T14:49:06+00:00\",\"mainEntityOfPage\":{\"@id\":\"https:\/\/www.africa-press.net\/cotedivoire\/politique\/19e-sommet-de-la-francophonie-alassane-ouattara-senvole-pour-la-france\"},\"wordCount\":211,\"commentCount\":0,\"image\":{\"@id\":\"https:\/\/www.africa-press.net\/cotedivoire\/politique\/19e-sommet-de-la-francophonie-alassane-ouattara-senvole-pour-la-france#primaryimage\"},\"thumbnailUrl\":\"https:\/\/static.africa-press.net\/cote\/sites\/43\/2024\/10\/sm_1727867912.430871.jpg\",\"keywords\":[\"Alassane Ouattara\",\"C\u00d4TE D'IVOIRE\",\"Francophonie\"],\"articleSection\":[\"Politique\",\"Top Nouvelles\",\"Toutes les actualit\u00e9s\"],\"inLanguage\":\"fr-FR\",\"potentialAction\":[{\"@type\":\"CommentAction\",\"name\":\"Comment\",\"target\":[\"https:\/\/www.africa-press.net\/cotedivoire\/politique\/19e-sommet-de-la-francophonie-alassane-ouattara-senvole-pour-la-france#respond\"]}]},{\"@type\":\"WebPage\",\"@id\":\"https:\/\/www.africa-press.net\/cotedivoire\/politique\/19e-sommet-de-la-francophonie-alassane-ouattara-senvole-pour-la-france\",\"url\":\"https:\/\/www.africa-press.net\/cotedivoire\/politique\/19e-sommet-de-la-francophonie-alassane-ouattara-senvole-pour-la-france\",\"name\":\"19e sommet de la francophonie, Alassane Ouattara s'envole pour la France - C\u00f4te d&#039;Ivoire\",\"isPartOf\":{\"@id\":\"https:\/\/www.africa-press.net\/cotedivoire\/#website\"},\"primaryImageOfPage\":{\"@id\":\"https:\/\/www.africa-press.net\/cotedivoire\/politique\/19e-sommet-de-la-francophonie-alassane-ouattara-senvole-pour-la-france#primaryimage\"},\"image\":{\"@id\":\"https:\/\/www.africa-press.net\/cotedivoire\/politique\/19e-sommet-de-la-francophonie-alassane-ouattara-senvole-pour-la-france#primaryimage\"},\"thumbnailUrl\":\"https:\/\/static.africa-press.net\/cote\/sites\/43\/2024\/10\/sm_1727867912.430871.jpg\",\"datePublished\":\"2024-10-02T14:14:33+00:00\",\"dateModified\":\"2024-10-02T14:49:06+00:00\",\"author\":{\"@id\":\"https:\/\/www.africa-press.net\/cotedivoire\/#\/schema\/person\/2b1cf3cd81a31e3cd26889ca66d677f1\"},\"description\":\"Le pre\u0301sident de la Re\u0301publique, Alassane Ouattara, a quitte\u0301 Abidjan, ce mardi 1er octobre 2024, pour Paris (France) ou ...\",\"breadcrumb\":{\"@id\":\"https:\/\/www.africa-press.net\/cotedivoire\/politique\/19e-sommet-de-la-francophonie-alassane-ouattara-senvole-pour-la-france#breadcrumb\"},\"inLanguage\":\"fr-FR\",\"potentialAction\":[{\"@type\":\"ReadAction\",\"target\":[\"https:\/\/www.africa-press.net\/cotedivoire\/politique\/19e-sommet-de-la-francophonie-alassane-ouattara-senvole-pour-la-france\"]}]},{\"@type\":\"ImageObject\",\"inLanguage\":\"fr-FR\",\"@id\":\"https:\/\/www.africa-press.net\/cotedivoire\/politique\/19e-sommet-de-la-francophonie-alassane-ouattara-senvole-pour-la-france#primaryimage\",\"url\":\"https:\/\/static.africa-press.net\/cote\/sites\/43\/2024\/10\/sm_1727867912.430871.jpg\",\"contentUrl\":\"https:\/\/static.africa-press.net\/cote\/sites\/43\/2024\/10\/sm_1727867912.430871.jpg\",\"width\":720,\"height\":380,\"caption\":\"19e sommet de la francophonie, Alassane Ouattara s'envole pour la France\"},{\"@type\":\"BreadcrumbList\",\"@id\":\"https:\/\/www.africa-press.net\/cotedivoire\/politique\/19e-sommet-de-la-francophonie-alassane-ouattara-senvole-pour-la-france#breadcrumb\",\"itemListElement\":[{\"@type\":\"ListItem\",\"position\":1,\"name\":\"Accueil\",\"item\":\"https:\/\/www.africa-press.net\/cotedivoire\/\"},{\"@type\":\"ListItem\",\"position\":2,\"name\":\"19e sommet de la francophonie, Alassane Ouattara s&#8217;envole pour la France\"}]},{\"@type\":\"WebSite\",\"@id\":\"https:\/\/www.africa-press.net\/cotedivoire\/#website\",\"url\":\"https:\/\/www.africa-press.net\/cotedivoire\/\",\"name\":\"C\u00f4te d&#039;Ivoire\",\"description\":\"Just another Africa News Agency Sites site\",\"potentialAction\":[{\"@type\":\"SearchAction\",\"target\":{\"@type\":\"EntryPoint\",\"urlTemplate\":\"https:\/\/www.africa-press.net\/cotedivoire\/?s={search_term_string}\"},\"query-input\":{\"@type\":\"PropertyValueSpecification\",\"valueRequired\":true,\"valueName\":\"search_term_string\"}}],\"inLanguage\":\"fr-FR\"},{\"@type\":\"Person\",\"@id\":\"https:\/\/www.africa-press.net\/cotedivoire\/#\/schema\/person\/2b1cf3cd81a31e3cd26889ca66d677f1\",\"name\":\"cfeditorfr\"}]}<\/script>\n<!-- \/ Yoast SEO Premium plugin. -->","yoast_head_json":{"title":"19e sommet de la francophonie, Alassane Ouattara s'envole pour la France - C\u00f4te d&#039;Ivoire","description":"Le pre\u0301sident de la Re\u0301publique, Alassane Ouattara, a quitte\u0301 Abidjan, ce mardi 1er octobre 2024, pour Paris (France) ou ...","robots":{"index":"index","follow":"follow","max-snippet":"max-snippet:-1","max-image-preview":"max-image-preview:large","max-video-preview":"max-video-preview:-1"},"canonical":"https:\/\/www.africa-press.net\/cotedivoire\/politique\/19e-sommet-de-la-francophonie-alassane-ouattara-senvole-pour-la-france","og_locale":"fr_FR","og_type":"article","og_title":"19e sommet de la francophonie, Alassane Ouattara s'envole pour la France","og_description":"Le pre\u0301sident de la Re\u0301publique, Alassane Ouattara, a quitte\u0301 Abidjan, ce mardi 1er octobre 2024, pour Paris (France) ou ...","og_url":"https:\/\/www.africa-press.net\/cotedivoire\/politique\/19e-sommet-de-la-francophonie-alassane-ouattara-senvole-pour-la-france","og_site_name":"C\u00f4te d&#039;Ivoire","article_published_time":"2024-10-02T14:14:33+00:00","article_modified_time":"2024-10-02T14:49:06+00:00","og_image":[{"width":720,"height":380,"url":"https:\/\/static.africa-press.net\/cote\/sites\/43\/2024\/10\/sm_1727867912.430871.jpg","type":"image\/jpeg"}],"author":"cfeditorfr","twitter_card":"summary_large_image","twitter_misc":{"\u00c9crit par":"cfeditorfr","Dur\u00e9e de lecture estim\u00e9e":"2 minutes"},"schema":{"@context":"https:\/\/schema.org","@graph":[{"@type":"Article","@id":"https:\/\/www.africa-press.net\/cotedivoire\/politique\/19e-sommet-de-la-francophonie-alassane-ouattara-senvole-pour-la-france#article","isPartOf":{"@id":"https:\/\/www.africa-press.net\/cotedivoire\/politique\/19e-sommet-de-la-francophonie-alassane-ouattara-senvole-pour-la-france"},"author":{"name":"cfeditorfr","@id":"https:\/\/www.africa-press.net\/cotedivoire\/#\/schema\/person\/2b1cf3cd81a31e3cd26889ca66d677f1"},"headline":"19e sommet de la francophonie, Alassane Ouattara s&rsquo;envole pour la France","datePublished":"2024-10-02T14:14:33+00:00","dateModified":"2024-10-02T14:49:06+00:00","mainEntityOfPage":{"@id":"https:\/\/www.africa-press.net\/cotedivoire\/politique\/19e-sommet-de-la-francophonie-alassane-ouattara-senvole-pour-la-france"},"wordCount":211,"commentCount":0,"image":{"@id":"https:\/\/www.africa-press.net\/cotedivoire\/politique\/19e-sommet-de-la-francophonie-alassane-ouattara-senvole-pour-la-france#primaryimage"},"thumbnailUrl":"https:\/\/static.africa-press.net\/cote\/sites\/43\/2024\/10\/sm_1727867912.430871.jpg","keywords":["Alassane Ouattara","C\u00d4TE D'IVOIRE","Francophonie"],"articleSection":["Politique","Top Nouvelles","Toutes les actualit\u00e9s"],"inLanguage":"fr-FR","potentialAction":[{"@type":"CommentAction","name":"Comment","target":["https:\/\/www.africa-press.net\/cotedivoire\/politique\/19e-sommet-de-la-francophonie-alassane-ouattara-senvole-pour-la-france#respond"]}]},{"@type":"WebPage","@id":"https:\/\/www.africa-press.net\/cotedivoire\/politique\/19e-sommet-de-la-francophonie-alassane-ouattara-senvole-pour-la-france","url":"https:\/\/www.africa-press.net\/cotedivoire\/politique\/19e-sommet-de-la-francophonie-alassane-ouattara-senvole-pour-la-france","name":"19e sommet de la francophonie, Alassane Ouattara s'envole pour la France - C\u00f4te d&#039;Ivoire","isPartOf":{"@id":"https:\/\/www.africa-press.net\/cotedivoire\/#website"},"primaryImageOfPage":{"@id":"https:\/\/www.africa-press.net\/cotedivoire\/politique\/19e-sommet-de-la-francophonie-alassane-ouattara-senvole-pour-la-france#primaryimage"},"image":{"@id":"https:\/\/www.africa-press.net\/cotedivoire\/politique\/19e-sommet-de-la-francophonie-alassane-ouattara-senvole-pour-la-france#primaryimage"},"thumbnailUrl":"https:\/\/static.africa-press.net\/cote\/sites\/43\/2024\/10\/sm_1727867912.430871.jpg","datePublished":"2024-10-02T14:14:33+00:00","dateModified":"2024-10-02T14:49:06+00:00","author":{"@id":"https:\/\/www.africa-press.net\/cotedivoire\/#\/schema\/person\/2b1cf3cd81a31e3cd26889ca66d677f1"},"description":"Le pre\u0301sident de la Re\u0301publique, Alassane Ouattara, a quitte\u0301 Abidjan, ce mardi 1er octobre 2024, pour Paris (France) ou ...","breadcrumb":{"@id":"https:\/\/www.africa-press.net\/cotedivoire\/politique\/19e-sommet-de-la-francophonie-alassane-ouattara-senvole-pour-la-france#breadcrumb"},"inLanguage":"fr-FR","potentialAction":[{"@type":"ReadAction","target":["https:\/\/www.africa-press.net\/cotedivoire\/politique\/19e-sommet-de-la-francophonie-alassane-ouattara-senvole-pour-la-france"]}]},{"@type":"ImageObject","inLanguage":"fr-FR","@id":"https:\/\/www.africa-press.net\/cotedivoire\/politique\/19e-sommet-de-la-francophonie-alassane-ouattara-senvole-pour-la-france#primaryimage","url":"https:\/\/static.africa-press.net\/cote\/sites\/43\/2024\/10\/sm_1727867912.430871.jpg","contentUrl":"https:\/\/static.africa-press.net\/cote\/sites\/43\/2024\/10\/sm_1727867912.430871.jpg","width":720,"height":380,"caption":"19e sommet de la francophonie, Alassane Ouattara s'envole pour la France"},{"@type":"BreadcrumbList","@id":"https:\/\/www.africa-press.net\/cotedivoire\/politique\/19e-sommet-de-la-francophonie-alassane-ouattara-senvole-pour-la-france#breadcrumb","itemListElement":[{"@type":"ListItem","position":1,"name":"Accueil","item":"https:\/\/www.africa-press.net\/cotedivoire\/"},{"@type":"ListItem","position":2,"name":"19e sommet de la francophonie, Alassane Ouattara s&#8217;envole pour la France"}]},{"@type":"WebSite","@id":"https:\/\/www.africa-press.net\/cotedivoire\/#website","url":"https:\/\/www.africa-press.net\/cotedivoire\/","name":"C\u00f4te d&#039;Ivoire","description":"Just another Africa News Agency Sites site","potentialAction":[{"@type":"SearchAction","target":{"@type":"EntryPoint","urlTemplate":"https:\/\/www.africa-press.net\/cotedivoire\/?s={search_term_string}"},"query-input":{"@type":"PropertyValueSpecification","valueRequired":true,"valueName":"search_term_string"}}],"inLanguage":"fr-FR"},{"@type":"Person","@id":"https:\/\/www.africa-press.net\/cotedivoire\/#\/schema\/person\/2b1cf3cd81a31e3cd26889ca66d677f1","name":"cfeditorfr"}]}},"_links":{"self":[{"href":"https:\/\/www.africa-press.net\/cotedivoire\/wp-json\/wp\/v2\/posts\/88263","targetHints":{"allow":["GET"]}}],"collection":[{"href":"https:\/\/www.africa-press.net\/cotedivoire\/wp-json\/wp\/v2\/posts"}],"about":[{"href":"https:\/\/www.africa-press.net\/cotedivoire\/wp-json\/wp\/v2\/types\/post"}],"author":[{"embeddable":true,"href":"https:\/\/www.africa-press.net\/cotedivoire\/wp-json\/wp\/v2\/users\/82"}],"replies":[{"embeddable":true,"href":"https:\/\/www.africa-press.net\/cotedivoire\/wp-json\/wp\/v2\/comments?post=88263"}],"version-history":[{"count":0,"href":"https:\/\/www.africa-press.net\/cotedivoire\/wp-json\/wp\/v2\/posts\/88263\/revisions"}],"wp:featuredmedia":[{"embeddable":true,"href":"https:\/\/www.africa-press.net\/cotedivoire\/wp-json\/wp\/v2\/media\/88262"}],"wp:attachment":[{"href":"https:\/\/www.africa-press.net\/cotedivoire\/wp-json\/wp\/v2\/media?parent=88263"}],"wp:term":[{"taxonomy":"category","embeddable":true,"href":"https:\/\/www.africa-press.net\/cotedivoire\/wp-json\/wp\/v2\/categories?post=88263"},{"taxonomy":"post_tag","embeddable":true,"href":"https:\/\/www.africa-press.net\/cotedivoire\/wp-json\/wp\/v2\/tags?post=88263"}],"curies":[{"name":"wp","href":"https:\/\/api.w.org\/{rel}","templated":true}]}}