{"id":8829,"date":"2021-06-11T13:28:05","date_gmt":"2021-06-11T13:28:05","guid":{"rendered":"https:\/\/www.africa-press.net\/cotedivoire\/?p=8829"},"modified":"2021-06-11T15:49:56","modified_gmt":"2021-06-11T15:49:56","slug":"burkina-sahel-une-dizaine-de-terroristes-abattus-a-arbinda-securite","status":"publish","type":"post","link":"https:\/\/www.africa-press.net\/cotedivoire\/politique\/burkina-sahel-une-dizaine-de-terroristes-abattus-a-arbinda-securite","title":{"rendered":"Burkina\/Sahel: Une dizaine de \u00ab\u00a0terroristes\u00a0\u00bb abattus \u00e0 Arbinda (s\u00e9curit\u00e9)"},"content":{"rendered":"<p><span style=\"color: #ff6600\"><strong><a href=\"https:\/\/www.africa-press.net\/\">Africa-Press<\/a> &#8211; <a href=\"https:\/\/www.africa-press.net\/cotedivoire\">C\u00f4te d&rsquo;Ivoire<\/a>.\u00a0 <\/strong><\/span>Une dizaine de \u00ab terroristes \u00bb ont \u00e9t\u00e9 neutralis\u00e9s jeudi, apr\u00e8s un accrochage avec les forces de d\u00e9fense et de s\u00e9curit\u00e9 burkinab\u00e8, \u00e0 Gaigota, dans la commune d\u2019Arbinda au Sahel, l\u2019une des r\u00e9gions en proie \u00e0 des attaques de groupes arm\u00e9s depuis plus de cinq ans, a rapport\u00e9 une source s\u00e9curitaire \u00e0 ALERTE INFO.<\/p>\n<p>\u00ab Une patrouille constitu\u00e9e de d\u00e9tachement militaire et gendarmerie plus des Volontaires pour la d\u00e9fense (VDP, suppl\u00e9tif de l\u2019arm\u00e9e) est tomb\u00e9e dans une embuscade dans les environs du village de Gaigota \u00bb, a indiqu\u00e9 la source, \u00e9voquant \u00ab une dizaine de terroristes tu\u00e9s et trois bless\u00e9s dans les rangs des forces arm\u00e9es nationales \u00bb.<\/p>\n<p>Cet accrochage intervient six jours apr\u00e8s l\u2019attaque perp\u00e9tr\u00e9e par des individus arm\u00e9s non identifi\u00e9s \u00e0 Solhan qui a 132 morts et une quarantaine de bless\u00e9s.<\/p>\n<p>Depuis 2015, le Burkina est confront\u00e9 \u00e0 des r\u00e9currentes attaques de groupe jihadistes notamment dans les r\u00e9gions du Sahel et de l\u2019Est. Une situation qui a entra\u00een\u00e9 le d\u00e9placement des populations vers d\u2019autres localit\u00e9s du pays.<\/p>\n<p>Apr\u00e8s une relative accalmie, le pays fait face \u00e0 de nouveaux assauts imput\u00e9s aux groupes arm\u00e9s.<\/p>\n<p>Entre avril 2015 et mai 2020, \u00ab les groupes terroristes ont men\u00e9 au moins 580 attaques ciblant surtout l\u2019arm\u00e9e, des commissariats de police, des \u00e9coles, des mairies \u00bb, selon un rapport de l\u2019Observatoire pour la d\u00e9mocratie et les droits de l\u2019homme (ODDH, ONG locale).<\/p>\n<p>Des \u00ab 580 attaques terroristes, au moins 221 ont \u00e9t\u00e9 men\u00e9es contre les Forces de d\u00e9fense et de s\u00e9curit\u00e9, tuant 436 \u00e9l\u00e9ments, et blessant 310 autres \u00bb.<\/p>\n<p>&nbsp;<\/p>\n","protected":false},"excerpt":{"rendered":"<p>Africa-Press &#8211; C\u00f4te d&rsquo;Ivoire.\u00a0 Une dizaine de \u00ab terroristes \u00bb ont \u00e9t\u00e9 neutralis\u00e9s jeudi, apr\u00e8s un accrochage avec les forces de d\u00e9fense et de s\u00e9curit\u00e9 burkinab\u00e8, \u00e0 Gaigota, dans la commune d\u2019Arbinda au Sahel, l\u2019une des r\u00e9gions en proie \u00e0 des attaques de groupes arm\u00e9s depuis plus de cinq ans, a rapport\u00e9 une source s\u00e9curitaire [&hellip;]<\/p>\n","protected":false},"author":82,"featured_media":8828,"comment_status":"open","ping_status":"closed","sticky":false,"template":"","format":"standard","meta":{"footnotes":""},"categories":[11,2,20,10],"tags":[56,63,29],"class_list":["post-8829","post","type-post","status-publish","format-standard","has-post-thumbnail","hentry","category-homepage-french","category-politique","category-top-nouvelles","category-toutes-les-actualites","tag-africa-press","tag-africa-press-cote-divoire","tag-cote-divoire"],"yoast_head":"<!-- This site is optimized with the Yoast SEO Premium plugin v26.1 (Yoast SEO v27.0) - https:\/\/yoast.com\/product\/yoast-seo-premium-wordpress\/ -->\n<title>Burkina\/Sahel: Une dizaine de \u00ab\u00a0terroristes\u00a0\u00bb abattus \u00e0 Arbinda (s\u00e9curit\u00e9) - C\u00f4te d&#039;Ivoire<\/title>\n<meta name=\"description\" content=\"Epiphanie GBOLIE Une dizaine de \u00ab terroristes \u00bb ont \u00e9t\u00e9 neutralis\u00e9s jeudi, apr\u00e8s un accrochage avec les forces de d\u00e9fen ...\" \/>\n<meta name=\"robots\" content=\"index, follow, max-snippet:-1, max-image-preview:large, max-video-preview:-1\" \/>\n<link rel=\"canonical\" href=\"https:\/\/www.africa-press.net\/cotedivoire\/politique\/burkina-sahel-une-dizaine-de-terroristes-abattus-a-arbinda-securite\" \/>\n<meta property=\"og:locale\" content=\"fr_FR\" \/>\n<meta property=\"og:type\" content=\"article\" \/>\n<meta property=\"og:title\" content=\"Burkina\/Sahel: Une dizaine de \u00ab\u00a0terroristes\u00a0\u00bb abattus \u00e0 Arbinda (s\u00e9curit\u00e9)\" \/>\n<meta property=\"og:description\" content=\"Epiphanie GBOLIE Une dizaine de \u00ab terroristes \u00bb ont \u00e9t\u00e9 neutralis\u00e9s jeudi, apr\u00e8s un accrochage avec les forces de d\u00e9fen ...\" \/>\n<meta property=\"og:url\" content=\"https:\/\/www.africa-press.net\/cotedivoire\/politique\/burkina-sahel-une-dizaine-de-terroristes-abattus-a-arbinda-securite\" \/>\n<meta property=\"og:site_name\" content=\"C\u00f4te d&#039;Ivoire\" \/>\n<meta property=\"article:published_time\" content=\"2021-06-11T13:28:05+00:00\" \/>\n<meta property=\"article:modified_time\" content=\"2021-06-11T15:49:56+00:00\" \/>\n<meta property=\"og:image\" content=\"https:\/\/static.africa-press.net\/cote\/sites\/43\/2021\/06\/img-60c3627c063f2.jpg\" \/>\n\t<meta property=\"og:image:width\" content=\"1600\" \/>\n\t<meta property=\"og:image:height\" content=\"983\" \/>\n\t<meta property=\"og:image:type\" content=\"image\/jpeg\" \/>\n<meta name=\"author\" content=\"cfeditorfr\" \/>\n<meta name=\"twitter:card\" content=\"summary_large_image\" \/>\n<meta name=\"twitter:label1\" content=\"\u00c9crit par\" \/>\n\t<meta name=\"twitter:data1\" content=\"cfeditorfr\" \/>\n\t<meta name=\"twitter:label2\" content=\"Dur\u00e9e de lecture estim\u00e9e\" \/>\n\t<meta name=\"twitter:data2\" content=\"2 minutes\" \/>\n<script type=\"application\/ld+json\" class=\"yoast-schema-graph\">{\"@context\":\"https:\/\/schema.org\",\"@graph\":[{\"@type\":\"Article\",\"@id\":\"https:\/\/www.africa-press.net\/cotedivoire\/politique\/burkina-sahel-une-dizaine-de-terroristes-abattus-a-arbinda-securite#article\",\"isPartOf\":{\"@id\":\"https:\/\/www.africa-press.net\/cotedivoire\/politique\/burkina-sahel-une-dizaine-de-terroristes-abattus-a-arbinda-securite\"},\"author\":{\"name\":\"cfeditorfr\",\"@id\":\"https:\/\/www.africa-press.net\/cotedivoire\/#\/schema\/person\/2b1cf3cd81a31e3cd26889ca66d677f1\"},\"headline\":\"Burkina\/Sahel: Une dizaine de \u00ab\u00a0terroristes\u00a0\u00bb abattus \u00e0 Arbinda (s\u00e9curit\u00e9)\",\"datePublished\":\"2021-06-11T13:28:05+00:00\",\"dateModified\":\"2021-06-11T15:49:56+00:00\",\"mainEntityOfPage\":{\"@id\":\"https:\/\/www.africa-press.net\/cotedivoire\/politique\/burkina-sahel-une-dizaine-de-terroristes-abattus-a-arbinda-securite\"},\"wordCount\":293,\"commentCount\":0,\"image\":{\"@id\":\"https:\/\/www.africa-press.net\/cotedivoire\/politique\/burkina-sahel-une-dizaine-de-terroristes-abattus-a-arbinda-securite#primaryimage\"},\"thumbnailUrl\":\"https:\/\/static.africa-press.net\/cote\/sites\/43\/2021\/06\/img-60c3627c063f2.jpg\",\"keywords\":[\"Africa Press\",\"Africa Press-C\u00f4te d'Ivoire\",\"C\u00d4TE D'IVOIRE\"],\"articleSection\":[\"homepage-french\",\"Politique\",\"Top Nouvelles\",\"Toutes les actualit\u00e9s\"],\"inLanguage\":\"fr-FR\",\"potentialAction\":[{\"@type\":\"CommentAction\",\"name\":\"Comment\",\"target\":[\"https:\/\/www.africa-press.net\/cotedivoire\/politique\/burkina-sahel-une-dizaine-de-terroristes-abattus-a-arbinda-securite#respond\"]}]},{\"@type\":\"WebPage\",\"@id\":\"https:\/\/www.africa-press.net\/cotedivoire\/politique\/burkina-sahel-une-dizaine-de-terroristes-abattus-a-arbinda-securite\",\"url\":\"https:\/\/www.africa-press.net\/cotedivoire\/politique\/burkina-sahel-une-dizaine-de-terroristes-abattus-a-arbinda-securite\",\"name\":\"Burkina\/Sahel: Une dizaine de \u00ab\u00a0terroristes\u00a0\u00bb abattus \u00e0 Arbinda (s\u00e9curit\u00e9) - C\u00f4te d&#039;Ivoire\",\"isPartOf\":{\"@id\":\"https:\/\/www.africa-press.net\/cotedivoire\/#website\"},\"primaryImageOfPage\":{\"@id\":\"https:\/\/www.africa-press.net\/cotedivoire\/politique\/burkina-sahel-une-dizaine-de-terroristes-abattus-a-arbinda-securite#primaryimage\"},\"image\":{\"@id\":\"https:\/\/www.africa-press.net\/cotedivoire\/politique\/burkina-sahel-une-dizaine-de-terroristes-abattus-a-arbinda-securite#primaryimage\"},\"thumbnailUrl\":\"https:\/\/static.africa-press.net\/cote\/sites\/43\/2021\/06\/img-60c3627c063f2.jpg\",\"datePublished\":\"2021-06-11T13:28:05+00:00\",\"dateModified\":\"2021-06-11T15:49:56+00:00\",\"author\":{\"@id\":\"https:\/\/www.africa-press.net\/cotedivoire\/#\/schema\/person\/2b1cf3cd81a31e3cd26889ca66d677f1\"},\"description\":\"Epiphanie GBOLIE Une dizaine de \u00ab terroristes \u00bb ont \u00e9t\u00e9 neutralis\u00e9s jeudi, apr\u00e8s un accrochage avec les forces de d\u00e9fen ...\",\"breadcrumb\":{\"@id\":\"https:\/\/www.africa-press.net\/cotedivoire\/politique\/burkina-sahel-une-dizaine-de-terroristes-abattus-a-arbinda-securite#breadcrumb\"},\"inLanguage\":\"fr-FR\",\"potentialAction\":[{\"@type\":\"ReadAction\",\"target\":[\"https:\/\/www.africa-press.net\/cotedivoire\/politique\/burkina-sahel-une-dizaine-de-terroristes-abattus-a-arbinda-securite\"]}]},{\"@type\":\"ImageObject\",\"inLanguage\":\"fr-FR\",\"@id\":\"https:\/\/www.africa-press.net\/cotedivoire\/politique\/burkina-sahel-une-dizaine-de-terroristes-abattus-a-arbinda-securite#primaryimage\",\"url\":\"https:\/\/static.africa-press.net\/cote\/sites\/43\/2021\/06\/img-60c3627c063f2.jpg\",\"contentUrl\":\"https:\/\/static.africa-press.net\/cote\/sites\/43\/2021\/06\/img-60c3627c063f2.jpg\",\"width\":1600,\"height\":983,\"caption\":\"Burkina\/Sahel: Une dizaine de \u00ab\u00a0terroristes\u00a0\u00bb abattus \u00e0 Arbinda (s\u00e9curit\u00e9)\"},{\"@type\":\"BreadcrumbList\",\"@id\":\"https:\/\/www.africa-press.net\/cotedivoire\/politique\/burkina-sahel-une-dizaine-de-terroristes-abattus-a-arbinda-securite#breadcrumb\",\"itemListElement\":[{\"@type\":\"ListItem\",\"position\":1,\"name\":\"Accueil\",\"item\":\"https:\/\/www.africa-press.net\/cotedivoire\/\"},{\"@type\":\"ListItem\",\"position\":2,\"name\":\"Burkina\/Sahel: Une dizaine de \u00ab\u00a0terroristes\u00a0\u00bb abattus \u00e0 Arbinda (s\u00e9curit\u00e9)\"}]},{\"@type\":\"WebSite\",\"@id\":\"https:\/\/www.africa-press.net\/cotedivoire\/#website\",\"url\":\"https:\/\/www.africa-press.net\/cotedivoire\/\",\"name\":\"C\u00f4te d&#039;Ivoire\",\"description\":\"Just another Africa News Agency Sites site\",\"potentialAction\":[{\"@type\":\"SearchAction\",\"target\":{\"@type\":\"EntryPoint\",\"urlTemplate\":\"https:\/\/www.africa-press.net\/cotedivoire\/?s={search_term_string}\"},\"query-input\":{\"@type\":\"PropertyValueSpecification\",\"valueRequired\":true,\"valueName\":\"search_term_string\"}}],\"inLanguage\":\"fr-FR\"},{\"@type\":\"Person\",\"@id\":\"https:\/\/www.africa-press.net\/cotedivoire\/#\/schema\/person\/2b1cf3cd81a31e3cd26889ca66d677f1\",\"name\":\"cfeditorfr\"}]}<\/script>\n<!-- \/ Yoast SEO Premium plugin. -->","yoast_head_json":{"title":"Burkina\/Sahel: Une dizaine de \u00ab\u00a0terroristes\u00a0\u00bb abattus \u00e0 Arbinda (s\u00e9curit\u00e9) - C\u00f4te d&#039;Ivoire","description":"Epiphanie GBOLIE Une dizaine de \u00ab terroristes \u00bb ont \u00e9t\u00e9 neutralis\u00e9s jeudi, apr\u00e8s un accrochage avec les forces de d\u00e9fen ...","robots":{"index":"index","follow":"follow","max-snippet":"max-snippet:-1","max-image-preview":"max-image-preview:large","max-video-preview":"max-video-preview:-1"},"canonical":"https:\/\/www.africa-press.net\/cotedivoire\/politique\/burkina-sahel-une-dizaine-de-terroristes-abattus-a-arbinda-securite","og_locale":"fr_FR","og_type":"article","og_title":"Burkina\/Sahel: Une dizaine de \u00ab\u00a0terroristes\u00a0\u00bb abattus \u00e0 Arbinda (s\u00e9curit\u00e9)","og_description":"Epiphanie GBOLIE Une dizaine de \u00ab terroristes \u00bb ont \u00e9t\u00e9 neutralis\u00e9s jeudi, apr\u00e8s un accrochage avec les forces de d\u00e9fen ...","og_url":"https:\/\/www.africa-press.net\/cotedivoire\/politique\/burkina-sahel-une-dizaine-de-terroristes-abattus-a-arbinda-securite","og_site_name":"C\u00f4te d&#039;Ivoire","article_published_time":"2021-06-11T13:28:05+00:00","article_modified_time":"2021-06-11T15:49:56+00:00","og_image":[{"width":1600,"height":983,"url":"https:\/\/static.africa-press.net\/cote\/sites\/43\/2021\/06\/img-60c3627c063f2.jpg","type":"image\/jpeg"}],"author":"cfeditorfr","twitter_card":"summary_large_image","twitter_misc":{"\u00c9crit par":"cfeditorfr","Dur\u00e9e de lecture estim\u00e9e":"2 minutes"},"schema":{"@context":"https:\/\/schema.org","@graph":[{"@type":"Article","@id":"https:\/\/www.africa-press.net\/cotedivoire\/politique\/burkina-sahel-une-dizaine-de-terroristes-abattus-a-arbinda-securite#article","isPartOf":{"@id":"https:\/\/www.africa-press.net\/cotedivoire\/politique\/burkina-sahel-une-dizaine-de-terroristes-abattus-a-arbinda-securite"},"author":{"name":"cfeditorfr","@id":"https:\/\/www.africa-press.net\/cotedivoire\/#\/schema\/person\/2b1cf3cd81a31e3cd26889ca66d677f1"},"headline":"Burkina\/Sahel: Une dizaine de \u00ab\u00a0terroristes\u00a0\u00bb abattus \u00e0 Arbinda (s\u00e9curit\u00e9)","datePublished":"2021-06-11T13:28:05+00:00","dateModified":"2021-06-11T15:49:56+00:00","mainEntityOfPage":{"@id":"https:\/\/www.africa-press.net\/cotedivoire\/politique\/burkina-sahel-une-dizaine-de-terroristes-abattus-a-arbinda-securite"},"wordCount":293,"commentCount":0,"image":{"@id":"https:\/\/www.africa-press.net\/cotedivoire\/politique\/burkina-sahel-une-dizaine-de-terroristes-abattus-a-arbinda-securite#primaryimage"},"thumbnailUrl":"https:\/\/static.africa-press.net\/cote\/sites\/43\/2021\/06\/img-60c3627c063f2.jpg","keywords":["Africa Press","Africa Press-C\u00f4te d'Ivoire","C\u00d4TE D'IVOIRE"],"articleSection":["homepage-french","Politique","Top Nouvelles","Toutes les actualit\u00e9s"],"inLanguage":"fr-FR","potentialAction":[{"@type":"CommentAction","name":"Comment","target":["https:\/\/www.africa-press.net\/cotedivoire\/politique\/burkina-sahel-une-dizaine-de-terroristes-abattus-a-arbinda-securite#respond"]}]},{"@type":"WebPage","@id":"https:\/\/www.africa-press.net\/cotedivoire\/politique\/burkina-sahel-une-dizaine-de-terroristes-abattus-a-arbinda-securite","url":"https:\/\/www.africa-press.net\/cotedivoire\/politique\/burkina-sahel-une-dizaine-de-terroristes-abattus-a-arbinda-securite","name":"Burkina\/Sahel: Une dizaine de \u00ab\u00a0terroristes\u00a0\u00bb abattus \u00e0 Arbinda (s\u00e9curit\u00e9) - C\u00f4te d&#039;Ivoire","isPartOf":{"@id":"https:\/\/www.africa-press.net\/cotedivoire\/#website"},"primaryImageOfPage":{"@id":"https:\/\/www.africa-press.net\/cotedivoire\/politique\/burkina-sahel-une-dizaine-de-terroristes-abattus-a-arbinda-securite#primaryimage"},"image":{"@id":"https:\/\/www.africa-press.net\/cotedivoire\/politique\/burkina-sahel-une-dizaine-de-terroristes-abattus-a-arbinda-securite#primaryimage"},"thumbnailUrl":"https:\/\/static.africa-press.net\/cote\/sites\/43\/2021\/06\/img-60c3627c063f2.jpg","datePublished":"2021-06-11T13:28:05+00:00","dateModified":"2021-06-11T15:49:56+00:00","author":{"@id":"https:\/\/www.africa-press.net\/cotedivoire\/#\/schema\/person\/2b1cf3cd81a31e3cd26889ca66d677f1"},"description":"Epiphanie GBOLIE Une dizaine de \u00ab terroristes \u00bb ont \u00e9t\u00e9 neutralis\u00e9s jeudi, apr\u00e8s un accrochage avec les forces de d\u00e9fen ...","breadcrumb":{"@id":"https:\/\/www.africa-press.net\/cotedivoire\/politique\/burkina-sahel-une-dizaine-de-terroristes-abattus-a-arbinda-securite#breadcrumb"},"inLanguage":"fr-FR","potentialAction":[{"@type":"ReadAction","target":["https:\/\/www.africa-press.net\/cotedivoire\/politique\/burkina-sahel-une-dizaine-de-terroristes-abattus-a-arbinda-securite"]}]},{"@type":"ImageObject","inLanguage":"fr-FR","@id":"https:\/\/www.africa-press.net\/cotedivoire\/politique\/burkina-sahel-une-dizaine-de-terroristes-abattus-a-arbinda-securite#primaryimage","url":"https:\/\/static.africa-press.net\/cote\/sites\/43\/2021\/06\/img-60c3627c063f2.jpg","contentUrl":"https:\/\/static.africa-press.net\/cote\/sites\/43\/2021\/06\/img-60c3627c063f2.jpg","width":1600,"height":983,"caption":"Burkina\/Sahel: Une dizaine de \u00ab\u00a0terroristes\u00a0\u00bb abattus \u00e0 Arbinda (s\u00e9curit\u00e9)"},{"@type":"BreadcrumbList","@id":"https:\/\/www.africa-press.net\/cotedivoire\/politique\/burkina-sahel-une-dizaine-de-terroristes-abattus-a-arbinda-securite#breadcrumb","itemListElement":[{"@type":"ListItem","position":1,"name":"Accueil","item":"https:\/\/www.africa-press.net\/cotedivoire\/"},{"@type":"ListItem","position":2,"name":"Burkina\/Sahel: Une dizaine de \u00ab\u00a0terroristes\u00a0\u00bb abattus \u00e0 Arbinda (s\u00e9curit\u00e9)"}]},{"@type":"WebSite","@id":"https:\/\/www.africa-press.net\/cotedivoire\/#website","url":"https:\/\/www.africa-press.net\/cotedivoire\/","name":"C\u00f4te d&#039;Ivoire","description":"Just another Africa News Agency Sites site","potentialAction":[{"@type":"SearchAction","target":{"@type":"EntryPoint","urlTemplate":"https:\/\/www.africa-press.net\/cotedivoire\/?s={search_term_string}"},"query-input":{"@type":"PropertyValueSpecification","valueRequired":true,"valueName":"search_term_string"}}],"inLanguage":"fr-FR"},{"@type":"Person","@id":"https:\/\/www.africa-press.net\/cotedivoire\/#\/schema\/person\/2b1cf3cd81a31e3cd26889ca66d677f1","name":"cfeditorfr"}]}},"_links":{"self":[{"href":"https:\/\/www.africa-press.net\/cotedivoire\/wp-json\/wp\/v2\/posts\/8829","targetHints":{"allow":["GET"]}}],"collection":[{"href":"https:\/\/www.africa-press.net\/cotedivoire\/wp-json\/wp\/v2\/posts"}],"about":[{"href":"https:\/\/www.africa-press.net\/cotedivoire\/wp-json\/wp\/v2\/types\/post"}],"author":[{"embeddable":true,"href":"https:\/\/www.africa-press.net\/cotedivoire\/wp-json\/wp\/v2\/users\/82"}],"replies":[{"embeddable":true,"href":"https:\/\/www.africa-press.net\/cotedivoire\/wp-json\/wp\/v2\/comments?post=8829"}],"version-history":[{"count":0,"href":"https:\/\/www.africa-press.net\/cotedivoire\/wp-json\/wp\/v2\/posts\/8829\/revisions"}],"wp:featuredmedia":[{"embeddable":true,"href":"https:\/\/www.africa-press.net\/cotedivoire\/wp-json\/wp\/v2\/media\/8828"}],"wp:attachment":[{"href":"https:\/\/www.africa-press.net\/cotedivoire\/wp-json\/wp\/v2\/media?parent=8829"}],"wp:term":[{"taxonomy":"category","embeddable":true,"href":"https:\/\/www.africa-press.net\/cotedivoire\/wp-json\/wp\/v2\/categories?post=8829"},{"taxonomy":"post_tag","embeddable":true,"href":"https:\/\/www.africa-press.net\/cotedivoire\/wp-json\/wp\/v2\/tags?post=8829"}],"curies":[{"name":"wp","href":"https:\/\/api.w.org\/{rel}","templated":true}]}}