{"id":8832,"date":"2021-06-11T13:34:00","date_gmt":"2021-06-11T13:34:00","guid":{"rendered":"https:\/\/www.africa-press.net\/cotedivoire\/?p=8832"},"modified":"2021-06-11T15:50:05","modified_gmt":"2021-06-11T15:50:05","slug":"proces-des-proches-de-soro-en-cote-divoire-il-ny-avait-aucun-complot-en-preparation-lobognon","status":"publish","type":"post","link":"https:\/\/www.africa-press.net\/cotedivoire\/politique\/proces-des-proches-de-soro-en-cote-divoire-il-ny-avait-aucun-complot-en-preparation-lobognon","title":{"rendered":"Proc\u00e8s des proches de Soro en C\u00f4te-d\u2019Ivoire: \u201cIl n\u2019y avait aucun complot en pr\u00e9paration\u2019\u2019 (Lobognon)"},"content":{"rendered":"<p><span style=\"color: #ff6600\"><strong><a href=\"https:\/\/www.africa-press.net\/\">Africa-Press<\/a> &#8211; <a href=\"https:\/\/www.africa-press.net\/cotedivoire\">C\u00f4te d&rsquo;Ivoire<\/a>. <\/strong><\/span>L\u2019ex-d\u00e9put\u00e9 et ministre ivoirien des Sports, Alain Lobognon, jug\u00e9 \u00e0 Abidjan en m\u00eame temps que 19 autres personnes dont l\u2019ancien pr\u00e9sident de l\u2019Assembl\u00e9e nationale de C\u00f4te d\u2019Ivoire, Guillaume Soro, en exil, pour \u201ccomplot contre l\u2019autorit\u00e9 de l\u2019Etat\u2019\u2019, a r\u00e9fut\u00e9 jeudi \u00e0 la barre ces accusations.<\/p>\n<p>L\u2019audition des 14 accus\u00e9s pr\u00e9sents dans le box depuis l\u2019ouverture du proc\u00e8s le 19 mai, s\u2019est achev\u00e9e jeudi par l\u2019ex-ministre, qui avait, en r\u00e9alit\u00e9, entam\u00e9 sa d\u00e9position mercredi.<\/p>\n<p>L\u2019audience ayant \u00e9t\u00e9 suspendue mercredi en fin d\u2019apr\u00e8s-midi pour \u00eatre renvoy\u00e9e \u00e0 ce jeudi matin.<\/p>\n<p>Particuli\u00e8rement en verve, M. Lobognon, s\u2019est pr\u00e9sent\u00e9 \u00e0 la barre avec une pile de documents pour tenter de corroborer ses affirmations. N\u2019h\u00e9sitant pas, chaque fois, \u00e0 en donner copie au juge et au procureur de la R\u00e9publique.<\/p>\n<p>Comme la plupart de ses co-accus\u00e9s pass\u00e9s \u00e0 la barre avant lui, Il a son tour r\u00e9fut\u00e9 les accusations de \u201ccomplot contre l\u2019autorit\u00e9 de l\u2019Etat\u2019\u2019.<\/p>\n<p>\u201cIl n\u2019y avait aucun complot en pr\u00e9paration. Ce qui s\u2019est pass\u00e9 est un probl\u00e8me de communication entre Guillaume Soro et ceux qui sont autour du pr\u00e9sident Alassane Ouattara\u2019\u2019, a-t-il analys\u00e9.<\/p>\n<p>Deux personnalit\u00e9s qu\u2019il aurait tent\u00e9, selon ses propos, de r\u00e9concilier, depuis sa cellule de prison, en demandant \u00e0 Guillaume Soro, lors de leur derni\u00e8re conversation t\u00e9l\u00e9phonique le 30 mars 2021, \u201cde rentrer en contact avec\u2019\u2019 M. Ouattara.<\/p>\n<p>Mercredi, l\u2019ex-ministre avait d\u00e9j\u00e0 \u00e9voqu\u00e9 \u201cune attirance mutuelle\u2019\u2019 entre les deux personnalit\u00e9s \u201cau-del\u00e0 de ce qu\u2019on peut penser\u2019\u2019 et soutenu que Guillaume Soro n\u2019\u00e9tait \u201cpas capable\u2019\u2019 de mener \u201cune op\u00e9ration\u2019\u2019 visant \u00e0 renverser l\u2019actuel chef de l\u2019Etat.<\/p>\n<p>Interrog\u00e9 sur l\u2019enregistrement sonore d\u2019environ sept minutes d\u2019un \u00e9change entre Guillaume Soro et un interlocuteur, qui constitue la pi\u00e8ce maitresse de l\u2019accusation du Procureur, Alain Lobognon a estim\u00e9 que \u201cces propos ne viennent pas de\u2019\u2019 l\u2019ancien pr\u00e9sident de l\u2019Assembl\u00e9e nationale.<\/p>\n<p>\u201cGuillaume Soro que je connais, ne peut pas fomenter un coup d\u2019Etat\u2019\u2019, a-t-il insist\u00e9.<\/p>\n<p>Toutefois, l\u2019ex-ministre a de nouveau et avec insistance, exig\u00e9 la comparution de Meit\u00e9 Sindou, l\u2019ancien porte-parole de Guillaume Soro, et pr\u00e9sident du Comit\u00e9 d\u2019organisation de l\u2019accueil de l\u2019ancien pr\u00e9sident de l\u2019Assembl\u00e9e nationale, \u00e0 son retour (finalement manqu\u00e9) \u00e0 Abidjan le 23 d\u00e9cembre 2019.<\/p>\n<p>\u201cMeit\u00e9 Sindou aurait d\u00fb \u00eatre ici en tant qu\u2019accus\u00e9. Il est le responsable de tout ce probl\u00e8me inutile\u2019\u2019, a-t-il pest\u00e9.<\/p>\n<p>Apr\u00e8s M. Lobognon, le premier t\u00e9moin \u00e0 charge du Procureur de la R\u00e9publique, a d\u00e9pos\u00e9. Il s\u2019agit de M. Sinaly Silu\u00e9, Directeur g\u00e9n\u00e9ral de l\u2019Autorit\u00e9 Nationale de l\u2019Aviation Civile (ANAC).<\/p>\n<p>&nbsp;<\/p>\n","protected":false},"excerpt":{"rendered":"<p>Africa-Press &#8211; C\u00f4te d&rsquo;Ivoire. L\u2019ex-d\u00e9put\u00e9 et ministre ivoirien des Sports, Alain Lobognon, jug\u00e9 \u00e0 Abidjan en m\u00eame temps que 19 autres personnes dont l\u2019ancien pr\u00e9sident de l\u2019Assembl\u00e9e nationale de C\u00f4te d\u2019Ivoire, Guillaume Soro, en exil, pour \u201ccomplot contre l\u2019autorit\u00e9 de l\u2019Etat\u2019\u2019, a r\u00e9fut\u00e9 jeudi \u00e0 la barre ces accusations. L\u2019audition des 14 accus\u00e9s pr\u00e9sents dans [&hellip;]<\/p>\n","protected":false},"author":82,"featured_media":8831,"comment_status":"open","ping_status":"closed","sticky":false,"template":"","format":"standard","meta":{"footnotes":""},"categories":[11,2,20,10],"tags":[56,63,29],"class_list":["post-8832","post","type-post","status-publish","format-standard","has-post-thumbnail","hentry","category-homepage-french","category-politique","category-top-nouvelles","category-toutes-les-actualites","tag-africa-press","tag-africa-press-cote-divoire","tag-cote-divoire"],"yoast_head":"<!-- This site is optimized with the Yoast SEO Premium plugin v26.1 (Yoast SEO v27.0) - https:\/\/yoast.com\/product\/yoast-seo-premium-wordpress\/ -->\n<title>Proc\u00e8s des proches de Soro en C\u00f4te-d\u2019Ivoire: \u201cIl n\u2019y avait aucun complot en pr\u00e9paration\u2019\u2019 (Lobognon) - C\u00f4te d&#039;Ivoire<\/title>\n<meta name=\"description\" content=\"Serge Alain KOFFI L\u2019ex-d\u00e9put\u00e9 et ministre ivoirien des Sports, Alain Lobognon, jug\u00e9 \u00e0 Abidjan en m\u00eame temps que 19 autr ...\" \/>\n<meta name=\"robots\" content=\"index, follow, max-snippet:-1, max-image-preview:large, max-video-preview:-1\" \/>\n<link rel=\"canonical\" href=\"https:\/\/www.africa-press.net\/cotedivoire\/politique\/proces-des-proches-de-soro-en-cote-divoire-il-ny-avait-aucun-complot-en-preparation-lobognon\" \/>\n<meta property=\"og:locale\" content=\"fr_FR\" \/>\n<meta property=\"og:type\" content=\"article\" \/>\n<meta property=\"og:title\" content=\"Proc\u00e8s des proches de Soro en C\u00f4te-d\u2019Ivoire: \u201cIl n\u2019y avait aucun complot en pr\u00e9paration\u2019\u2019 (Lobognon)\" \/>\n<meta property=\"og:description\" content=\"Serge Alain KOFFI L\u2019ex-d\u00e9put\u00e9 et ministre ivoirien des Sports, Alain Lobognon, jug\u00e9 \u00e0 Abidjan en m\u00eame temps que 19 autr ...\" \/>\n<meta property=\"og:url\" content=\"https:\/\/www.africa-press.net\/cotedivoire\/politique\/proces-des-proches-de-soro-en-cote-divoire-il-ny-avait-aucun-complot-en-preparation-lobognon\" \/>\n<meta property=\"og:site_name\" content=\"C\u00f4te d&#039;Ivoire\" \/>\n<meta property=\"article:published_time\" content=\"2021-06-11T13:34:00+00:00\" \/>\n<meta property=\"article:modified_time\" content=\"2021-06-11T15:50:05+00:00\" \/>\n<meta property=\"og:image\" content=\"https:\/\/static.africa-press.net\/cote\/sites\/43\/2021\/06\/img-60c362b568450.jpg\" \/>\n\t<meta property=\"og:image:width\" content=\"720\" \/>\n\t<meta property=\"og:image:height\" content=\"580\" \/>\n\t<meta property=\"og:image:type\" content=\"image\/jpeg\" \/>\n<meta name=\"author\" content=\"cfeditorfr\" \/>\n<meta name=\"twitter:card\" content=\"summary_large_image\" \/>\n<meta name=\"twitter:label1\" content=\"\u00c9crit par\" \/>\n\t<meta name=\"twitter:data1\" content=\"cfeditorfr\" \/>\n\t<meta name=\"twitter:label2\" content=\"Dur\u00e9e de lecture estim\u00e9e\" \/>\n\t<meta name=\"twitter:data2\" content=\"2 minutes\" \/>\n<script type=\"application\/ld+json\" class=\"yoast-schema-graph\">{\"@context\":\"https:\/\/schema.org\",\"@graph\":[{\"@type\":\"Article\",\"@id\":\"https:\/\/www.africa-press.net\/cotedivoire\/politique\/proces-des-proches-de-soro-en-cote-divoire-il-ny-avait-aucun-complot-en-preparation-lobognon#article\",\"isPartOf\":{\"@id\":\"https:\/\/www.africa-press.net\/cotedivoire\/politique\/proces-des-proches-de-soro-en-cote-divoire-il-ny-avait-aucun-complot-en-preparation-lobognon\"},\"author\":{\"name\":\"cfeditorfr\",\"@id\":\"https:\/\/www.africa-press.net\/cotedivoire\/#\/schema\/person\/2b1cf3cd81a31e3cd26889ca66d677f1\"},\"headline\":\"Proc\u00e8s des proches de Soro en C\u00f4te-d\u2019Ivoire: \u201cIl n\u2019y avait aucun complot en pr\u00e9paration\u2019\u2019 (Lobognon)\",\"datePublished\":\"2021-06-11T13:34:00+00:00\",\"dateModified\":\"2021-06-11T15:50:05+00:00\",\"mainEntityOfPage\":{\"@id\":\"https:\/\/www.africa-press.net\/cotedivoire\/politique\/proces-des-proches-de-soro-en-cote-divoire-il-ny-avait-aucun-complot-en-preparation-lobognon\"},\"wordCount\":497,\"commentCount\":0,\"image\":{\"@id\":\"https:\/\/www.africa-press.net\/cotedivoire\/politique\/proces-des-proches-de-soro-en-cote-divoire-il-ny-avait-aucun-complot-en-preparation-lobognon#primaryimage\"},\"thumbnailUrl\":\"https:\/\/static.africa-press.net\/cote\/sites\/43\/2021\/06\/img-60c362b568450.jpg\",\"keywords\":[\"Africa Press\",\"Africa Press-C\u00f4te d'Ivoire\",\"C\u00d4TE D'IVOIRE\"],\"articleSection\":[\"homepage-french\",\"Politique\",\"Top Nouvelles\",\"Toutes les actualit\u00e9s\"],\"inLanguage\":\"fr-FR\",\"potentialAction\":[{\"@type\":\"CommentAction\",\"name\":\"Comment\",\"target\":[\"https:\/\/www.africa-press.net\/cotedivoire\/politique\/proces-des-proches-de-soro-en-cote-divoire-il-ny-avait-aucun-complot-en-preparation-lobognon#respond\"]}]},{\"@type\":\"WebPage\",\"@id\":\"https:\/\/www.africa-press.net\/cotedivoire\/politique\/proces-des-proches-de-soro-en-cote-divoire-il-ny-avait-aucun-complot-en-preparation-lobognon\",\"url\":\"https:\/\/www.africa-press.net\/cotedivoire\/politique\/proces-des-proches-de-soro-en-cote-divoire-il-ny-avait-aucun-complot-en-preparation-lobognon\",\"name\":\"Proc\u00e8s des proches de Soro en C\u00f4te-d\u2019Ivoire: \u201cIl n\u2019y avait aucun complot en pr\u00e9paration\u2019\u2019 (Lobognon) - C\u00f4te d&#039;Ivoire\",\"isPartOf\":{\"@id\":\"https:\/\/www.africa-press.net\/cotedivoire\/#website\"},\"primaryImageOfPage\":{\"@id\":\"https:\/\/www.africa-press.net\/cotedivoire\/politique\/proces-des-proches-de-soro-en-cote-divoire-il-ny-avait-aucun-complot-en-preparation-lobognon#primaryimage\"},\"image\":{\"@id\":\"https:\/\/www.africa-press.net\/cotedivoire\/politique\/proces-des-proches-de-soro-en-cote-divoire-il-ny-avait-aucun-complot-en-preparation-lobognon#primaryimage\"},\"thumbnailUrl\":\"https:\/\/static.africa-press.net\/cote\/sites\/43\/2021\/06\/img-60c362b568450.jpg\",\"datePublished\":\"2021-06-11T13:34:00+00:00\",\"dateModified\":\"2021-06-11T15:50:05+00:00\",\"author\":{\"@id\":\"https:\/\/www.africa-press.net\/cotedivoire\/#\/schema\/person\/2b1cf3cd81a31e3cd26889ca66d677f1\"},\"description\":\"Serge Alain KOFFI L\u2019ex-d\u00e9put\u00e9 et ministre ivoirien des Sports, Alain Lobognon, jug\u00e9 \u00e0 Abidjan en m\u00eame temps que 19 autr ...\",\"breadcrumb\":{\"@id\":\"https:\/\/www.africa-press.net\/cotedivoire\/politique\/proces-des-proches-de-soro-en-cote-divoire-il-ny-avait-aucun-complot-en-preparation-lobognon#breadcrumb\"},\"inLanguage\":\"fr-FR\",\"potentialAction\":[{\"@type\":\"ReadAction\",\"target\":[\"https:\/\/www.africa-press.net\/cotedivoire\/politique\/proces-des-proches-de-soro-en-cote-divoire-il-ny-avait-aucun-complot-en-preparation-lobognon\"]}]},{\"@type\":\"ImageObject\",\"inLanguage\":\"fr-FR\",\"@id\":\"https:\/\/www.africa-press.net\/cotedivoire\/politique\/proces-des-proches-de-soro-en-cote-divoire-il-ny-avait-aucun-complot-en-preparation-lobognon#primaryimage\",\"url\":\"https:\/\/static.africa-press.net\/cote\/sites\/43\/2021\/06\/img-60c362b568450.jpg\",\"contentUrl\":\"https:\/\/static.africa-press.net\/cote\/sites\/43\/2021\/06\/img-60c362b568450.jpg\",\"width\":720,\"height\":580,\"caption\":\"Proc\u00e8s des proches de Soro en C\u00f4te-d\u2019Ivoire: \u201cIl n\u2019y avait aucun complot en pr\u00e9paration\u2019\u2019 (Lobognon)\"},{\"@type\":\"BreadcrumbList\",\"@id\":\"https:\/\/www.africa-press.net\/cotedivoire\/politique\/proces-des-proches-de-soro-en-cote-divoire-il-ny-avait-aucun-complot-en-preparation-lobognon#breadcrumb\",\"itemListElement\":[{\"@type\":\"ListItem\",\"position\":1,\"name\":\"Accueil\",\"item\":\"https:\/\/www.africa-press.net\/cotedivoire\/\"},{\"@type\":\"ListItem\",\"position\":2,\"name\":\"Proc\u00e8s des proches de Soro en C\u00f4te-d\u2019Ivoire: \u201cIl n\u2019y avait aucun complot en pr\u00e9paration\u2019\u2019 (Lobognon)\"}]},{\"@type\":\"WebSite\",\"@id\":\"https:\/\/www.africa-press.net\/cotedivoire\/#website\",\"url\":\"https:\/\/www.africa-press.net\/cotedivoire\/\",\"name\":\"C\u00f4te d&#039;Ivoire\",\"description\":\"Just another Africa News Agency Sites site\",\"potentialAction\":[{\"@type\":\"SearchAction\",\"target\":{\"@type\":\"EntryPoint\",\"urlTemplate\":\"https:\/\/www.africa-press.net\/cotedivoire\/?s={search_term_string}\"},\"query-input\":{\"@type\":\"PropertyValueSpecification\",\"valueRequired\":true,\"valueName\":\"search_term_string\"}}],\"inLanguage\":\"fr-FR\"},{\"@type\":\"Person\",\"@id\":\"https:\/\/www.africa-press.net\/cotedivoire\/#\/schema\/person\/2b1cf3cd81a31e3cd26889ca66d677f1\",\"name\":\"cfeditorfr\"}]}<\/script>\n<!-- \/ Yoast SEO Premium plugin. -->","yoast_head_json":{"title":"Proc\u00e8s des proches de Soro en C\u00f4te-d\u2019Ivoire: \u201cIl n\u2019y avait aucun complot en pr\u00e9paration\u2019\u2019 (Lobognon) - C\u00f4te d&#039;Ivoire","description":"Serge Alain KOFFI L\u2019ex-d\u00e9put\u00e9 et ministre ivoirien des Sports, Alain Lobognon, jug\u00e9 \u00e0 Abidjan en m\u00eame temps que 19 autr ...","robots":{"index":"index","follow":"follow","max-snippet":"max-snippet:-1","max-image-preview":"max-image-preview:large","max-video-preview":"max-video-preview:-1"},"canonical":"https:\/\/www.africa-press.net\/cotedivoire\/politique\/proces-des-proches-de-soro-en-cote-divoire-il-ny-avait-aucun-complot-en-preparation-lobognon","og_locale":"fr_FR","og_type":"article","og_title":"Proc\u00e8s des proches de Soro en C\u00f4te-d\u2019Ivoire: \u201cIl n\u2019y avait aucun complot en pr\u00e9paration\u2019\u2019 (Lobognon)","og_description":"Serge Alain KOFFI L\u2019ex-d\u00e9put\u00e9 et ministre ivoirien des Sports, Alain Lobognon, jug\u00e9 \u00e0 Abidjan en m\u00eame temps que 19 autr ...","og_url":"https:\/\/www.africa-press.net\/cotedivoire\/politique\/proces-des-proches-de-soro-en-cote-divoire-il-ny-avait-aucun-complot-en-preparation-lobognon","og_site_name":"C\u00f4te d&#039;Ivoire","article_published_time":"2021-06-11T13:34:00+00:00","article_modified_time":"2021-06-11T15:50:05+00:00","og_image":[{"width":720,"height":580,"url":"https:\/\/static.africa-press.net\/cote\/sites\/43\/2021\/06\/img-60c362b568450.jpg","type":"image\/jpeg"}],"author":"cfeditorfr","twitter_card":"summary_large_image","twitter_misc":{"\u00c9crit par":"cfeditorfr","Dur\u00e9e de lecture estim\u00e9e":"2 minutes"},"schema":{"@context":"https:\/\/schema.org","@graph":[{"@type":"Article","@id":"https:\/\/www.africa-press.net\/cotedivoire\/politique\/proces-des-proches-de-soro-en-cote-divoire-il-ny-avait-aucun-complot-en-preparation-lobognon#article","isPartOf":{"@id":"https:\/\/www.africa-press.net\/cotedivoire\/politique\/proces-des-proches-de-soro-en-cote-divoire-il-ny-avait-aucun-complot-en-preparation-lobognon"},"author":{"name":"cfeditorfr","@id":"https:\/\/www.africa-press.net\/cotedivoire\/#\/schema\/person\/2b1cf3cd81a31e3cd26889ca66d677f1"},"headline":"Proc\u00e8s des proches de Soro en C\u00f4te-d\u2019Ivoire: \u201cIl n\u2019y avait aucun complot en pr\u00e9paration\u2019\u2019 (Lobognon)","datePublished":"2021-06-11T13:34:00+00:00","dateModified":"2021-06-11T15:50:05+00:00","mainEntityOfPage":{"@id":"https:\/\/www.africa-press.net\/cotedivoire\/politique\/proces-des-proches-de-soro-en-cote-divoire-il-ny-avait-aucun-complot-en-preparation-lobognon"},"wordCount":497,"commentCount":0,"image":{"@id":"https:\/\/www.africa-press.net\/cotedivoire\/politique\/proces-des-proches-de-soro-en-cote-divoire-il-ny-avait-aucun-complot-en-preparation-lobognon#primaryimage"},"thumbnailUrl":"https:\/\/static.africa-press.net\/cote\/sites\/43\/2021\/06\/img-60c362b568450.jpg","keywords":["Africa Press","Africa Press-C\u00f4te d'Ivoire","C\u00d4TE D'IVOIRE"],"articleSection":["homepage-french","Politique","Top Nouvelles","Toutes les actualit\u00e9s"],"inLanguage":"fr-FR","potentialAction":[{"@type":"CommentAction","name":"Comment","target":["https:\/\/www.africa-press.net\/cotedivoire\/politique\/proces-des-proches-de-soro-en-cote-divoire-il-ny-avait-aucun-complot-en-preparation-lobognon#respond"]}]},{"@type":"WebPage","@id":"https:\/\/www.africa-press.net\/cotedivoire\/politique\/proces-des-proches-de-soro-en-cote-divoire-il-ny-avait-aucun-complot-en-preparation-lobognon","url":"https:\/\/www.africa-press.net\/cotedivoire\/politique\/proces-des-proches-de-soro-en-cote-divoire-il-ny-avait-aucun-complot-en-preparation-lobognon","name":"Proc\u00e8s des proches de Soro en C\u00f4te-d\u2019Ivoire: \u201cIl n\u2019y avait aucun complot en pr\u00e9paration\u2019\u2019 (Lobognon) - C\u00f4te d&#039;Ivoire","isPartOf":{"@id":"https:\/\/www.africa-press.net\/cotedivoire\/#website"},"primaryImageOfPage":{"@id":"https:\/\/www.africa-press.net\/cotedivoire\/politique\/proces-des-proches-de-soro-en-cote-divoire-il-ny-avait-aucun-complot-en-preparation-lobognon#primaryimage"},"image":{"@id":"https:\/\/www.africa-press.net\/cotedivoire\/politique\/proces-des-proches-de-soro-en-cote-divoire-il-ny-avait-aucun-complot-en-preparation-lobognon#primaryimage"},"thumbnailUrl":"https:\/\/static.africa-press.net\/cote\/sites\/43\/2021\/06\/img-60c362b568450.jpg","datePublished":"2021-06-11T13:34:00+00:00","dateModified":"2021-06-11T15:50:05+00:00","author":{"@id":"https:\/\/www.africa-press.net\/cotedivoire\/#\/schema\/person\/2b1cf3cd81a31e3cd26889ca66d677f1"},"description":"Serge Alain KOFFI L\u2019ex-d\u00e9put\u00e9 et ministre ivoirien des Sports, Alain Lobognon, jug\u00e9 \u00e0 Abidjan en m\u00eame temps que 19 autr ...","breadcrumb":{"@id":"https:\/\/www.africa-press.net\/cotedivoire\/politique\/proces-des-proches-de-soro-en-cote-divoire-il-ny-avait-aucun-complot-en-preparation-lobognon#breadcrumb"},"inLanguage":"fr-FR","potentialAction":[{"@type":"ReadAction","target":["https:\/\/www.africa-press.net\/cotedivoire\/politique\/proces-des-proches-de-soro-en-cote-divoire-il-ny-avait-aucun-complot-en-preparation-lobognon"]}]},{"@type":"ImageObject","inLanguage":"fr-FR","@id":"https:\/\/www.africa-press.net\/cotedivoire\/politique\/proces-des-proches-de-soro-en-cote-divoire-il-ny-avait-aucun-complot-en-preparation-lobognon#primaryimage","url":"https:\/\/static.africa-press.net\/cote\/sites\/43\/2021\/06\/img-60c362b568450.jpg","contentUrl":"https:\/\/static.africa-press.net\/cote\/sites\/43\/2021\/06\/img-60c362b568450.jpg","width":720,"height":580,"caption":"Proc\u00e8s des proches de Soro en C\u00f4te-d\u2019Ivoire: \u201cIl n\u2019y avait aucun complot en pr\u00e9paration\u2019\u2019 (Lobognon)"},{"@type":"BreadcrumbList","@id":"https:\/\/www.africa-press.net\/cotedivoire\/politique\/proces-des-proches-de-soro-en-cote-divoire-il-ny-avait-aucun-complot-en-preparation-lobognon#breadcrumb","itemListElement":[{"@type":"ListItem","position":1,"name":"Accueil","item":"https:\/\/www.africa-press.net\/cotedivoire\/"},{"@type":"ListItem","position":2,"name":"Proc\u00e8s des proches de Soro en C\u00f4te-d\u2019Ivoire: \u201cIl n\u2019y avait aucun complot en pr\u00e9paration\u2019\u2019 (Lobognon)"}]},{"@type":"WebSite","@id":"https:\/\/www.africa-press.net\/cotedivoire\/#website","url":"https:\/\/www.africa-press.net\/cotedivoire\/","name":"C\u00f4te d&#039;Ivoire","description":"Just another Africa News Agency Sites site","potentialAction":[{"@type":"SearchAction","target":{"@type":"EntryPoint","urlTemplate":"https:\/\/www.africa-press.net\/cotedivoire\/?s={search_term_string}"},"query-input":{"@type":"PropertyValueSpecification","valueRequired":true,"valueName":"search_term_string"}}],"inLanguage":"fr-FR"},{"@type":"Person","@id":"https:\/\/www.africa-press.net\/cotedivoire\/#\/schema\/person\/2b1cf3cd81a31e3cd26889ca66d677f1","name":"cfeditorfr"}]}},"_links":{"self":[{"href":"https:\/\/www.africa-press.net\/cotedivoire\/wp-json\/wp\/v2\/posts\/8832","targetHints":{"allow":["GET"]}}],"collection":[{"href":"https:\/\/www.africa-press.net\/cotedivoire\/wp-json\/wp\/v2\/posts"}],"about":[{"href":"https:\/\/www.africa-press.net\/cotedivoire\/wp-json\/wp\/v2\/types\/post"}],"author":[{"embeddable":true,"href":"https:\/\/www.africa-press.net\/cotedivoire\/wp-json\/wp\/v2\/users\/82"}],"replies":[{"embeddable":true,"href":"https:\/\/www.africa-press.net\/cotedivoire\/wp-json\/wp\/v2\/comments?post=8832"}],"version-history":[{"count":0,"href":"https:\/\/www.africa-press.net\/cotedivoire\/wp-json\/wp\/v2\/posts\/8832\/revisions"}],"wp:featuredmedia":[{"embeddable":true,"href":"https:\/\/www.africa-press.net\/cotedivoire\/wp-json\/wp\/v2\/media\/8831"}],"wp:attachment":[{"href":"https:\/\/www.africa-press.net\/cotedivoire\/wp-json\/wp\/v2\/media?parent=8832"}],"wp:term":[{"taxonomy":"category","embeddable":true,"href":"https:\/\/www.africa-press.net\/cotedivoire\/wp-json\/wp\/v2\/categories?post=8832"},{"taxonomy":"post_tag","embeddable":true,"href":"https:\/\/www.africa-press.net\/cotedivoire\/wp-json\/wp\/v2\/tags?post=8832"}],"curies":[{"name":"wp","href":"https:\/\/api.w.org\/{rel}","templated":true}]}}