{"id":88393,"date":"2024-10-04T15:03:34","date_gmt":"2024-10-04T15:03:34","guid":{"rendered":"https:\/\/www.africa-press.net\/cotedivoire\/politique\/le-nouveau-dg-de-lansat-ex-ins-thiekoro-doumbia-a-pris-officiellement-fonction"},"modified":"2024-10-04T15:20:50","modified_gmt":"2024-10-04T15:20:50","slug":"le-nouveau-dg-de-lansat-ex-ins-thiekoro-doumbia-a-pris-officiellement-fonction","status":"publish","type":"post","link":"https:\/\/www.africa-press.net\/cotedivoire\/toutes-les-actualites\/le-nouveau-dg-de-lansat-ex-ins-thiekoro-doumbia-a-pris-officiellement-fonction","title":{"rendered":"Le Nouveau DG de l&rsquo;ANSAT ex-INS, Thi\u00e9koro Doumbia a pris officiellement fonction"},"content":{"rendered":"<p><span style=\"color: #ff6600\"><strong>Africa-Press &#8211; C\u00f4te d&rsquo;Ivoire. <\/strong><\/span>Le nouveau Directeur Ge\u0301ne\u0301ral de l\u2019ex Institut National de la Statistique (INS) devenu Agence Nationale de la Statistique (ANSAT, Monsieur Thie\u0301koro Doumbia, a pris officiellement ses fonctions le jeudi 3 octobre 2024.<\/p>\n<p>Il remplace a\u0300 ce poste, Monsieur Doffou N\u2019Guessan Gabriel. La passation de charge entre l\u2019ancien et le nouveau a eu lieu au cours d\u2019une ce\u0301re\u0301monie de passation des charges dans les locaux de l\u2019institution a\u0300 Cocody-Bonoumin.<\/p>\n<p>Selon le compte-rendu de ladite ce\u0301re\u0301monie, M. Thie\u0301koro entend ba\u0302tir son action autour \u00ab du capital humain, de la mobilisation des ressources financie\u0300res, de l&rsquo;infrastructure de collecte, de gestion, de valorisation et de disse\u0301mination des donne\u0301es, mais e\u0301galement de la coordination des activite\u0301s statistiques \u00bb.<\/p>\n<p>L\u2019objectif e\u0301tant de travailler \u00ab sous les instructions de Mme le ministre, l&rsquo;ANSAT jouera pleinement sa partition dans la re\u0301alisation de la vision du Pre\u0301sident de la Re\u0301publique \u00bb. A savoir, doter la Co\u0302te d\u2019Ivoire d\u2019un syste\u0300me statistique robuste, fiable et efficace, aux normes internationales et qui sera une re\u0301fe\u0301rence au niveau re\u0301gional et africain, rapporte-t-on.<\/p>\n<p><strong>Pour plus d&rsquo;informations et d&rsquo;analyses sur la C\u00f4te d&rsquo;Ivoire, suivez Africa-Press<\/strong><\/p>\n","protected":false},"excerpt":{"rendered":"<p>Africa-Press &#8211; C\u00f4te d&rsquo;Ivoire. Le nouveau Directeur Ge\u0301ne\u0301ral de l\u2019ex Institut National de la Statistique (INS) devenu Agence Nationale de la Statistique (ANSAT, Monsieur Thie\u0301koro Doumbia, a pris officiellement ses fonctions le jeudi 3 octobre 2024. Il remplace a\u0300 ce poste, Monsieur Doffou N\u2019Guessan Gabriel. La passation de charge entre l\u2019ancien et le nouveau a [&hellip;]<\/p>\n","protected":false},"author":82,"featured_media":88391,"comment_status":"open","ping_status":"closed","sticky":false,"template":"","format":"standard","meta":{"footnotes":""},"categories":[21,10],"tags":[15049,29,15047,2445,15048],"class_list":["post-88393","post","type-post","status-publish","format-standard","has-post-thumbnail","hentry","category-communaute","category-toutes-les-actualites","tag-ansat","tag-cote-divoire","tag-doffou-nguessan","tag-ins","tag-thiekoro-doumbia"],"yoast_head":"<!-- This site is optimized with the Yoast SEO Premium plugin v26.1 (Yoast SEO v27.0) - https:\/\/yoast.com\/product\/yoast-seo-premium-wordpress\/ -->\n<title>Le Nouveau DG de l&#039;ANSAT ex-INS, Thi\u00e9koro Doumbia a pris officiellement fonction - C\u00f4te d&#039;Ivoire<\/title>\n<meta name=\"description\" content=\"Le nouveau Directeur Ge\u0301ne\u0301ral de l\u2019ex Institut National de la Statistique (INS) devenu Agence Nationale de la Statistiq ...\" \/>\n<meta name=\"robots\" content=\"index, follow, max-snippet:-1, max-image-preview:large, max-video-preview:-1\" \/>\n<link rel=\"canonical\" href=\"https:\/\/www.africa-press.net\/cotedivoire\/toutes-les-actualites\/le-nouveau-dg-de-lansat-ex-ins-thiekoro-doumbia-a-pris-officiellement-fonction\" \/>\n<meta property=\"og:locale\" content=\"fr_FR\" \/>\n<meta property=\"og:type\" content=\"article\" \/>\n<meta property=\"og:title\" content=\"Le Nouveau DG de l&#039;ANSAT ex-INS, Thi\u00e9koro Doumbia a pris officiellement fonction\" \/>\n<meta property=\"og:description\" content=\"Le nouveau Directeur Ge\u0301ne\u0301ral de l\u2019ex Institut National de la Statistique (INS) devenu Agence Nationale de la Statistiq ...\" \/>\n<meta property=\"og:url\" content=\"https:\/\/www.africa-press.net\/cotedivoire\/toutes-les-actualites\/le-nouveau-dg-de-lansat-ex-ins-thiekoro-doumbia-a-pris-officiellement-fonction\" \/>\n<meta property=\"og:site_name\" content=\"C\u00f4te d&#039;Ivoire\" \/>\n<meta property=\"article:published_time\" content=\"2024-10-04T15:03:34+00:00\" \/>\n<meta property=\"article:modified_time\" content=\"2024-10-04T15:20:50+00:00\" \/>\n<meta property=\"og:image\" content=\"https:\/\/static.africa-press.net\/cote\/sites\/43\/2024\/10\/sm_1728042631.93915.jpg\" \/>\n\t<meta property=\"og:image:width\" content=\"720\" \/>\n\t<meta property=\"og:image:height\" content=\"480\" \/>\n\t<meta property=\"og:image:type\" content=\"image\/jpeg\" \/>\n<meta name=\"author\" content=\"cfeditorfr\" \/>\n<meta name=\"twitter:card\" content=\"summary_large_image\" \/>\n<meta name=\"twitter:label1\" content=\"\u00c9crit par\" \/>\n\t<meta name=\"twitter:data1\" content=\"cfeditorfr\" \/>\n\t<meta name=\"twitter:label2\" content=\"Dur\u00e9e de lecture estim\u00e9e\" \/>\n\t<meta name=\"twitter:data2\" content=\"2 minutes\" \/>\n<script type=\"application\/ld+json\" class=\"yoast-schema-graph\">{\"@context\":\"https:\/\/schema.org\",\"@graph\":[{\"@type\":\"Article\",\"@id\":\"https:\/\/www.africa-press.net\/cotedivoire\/toutes-les-actualites\/le-nouveau-dg-de-lansat-ex-ins-thiekoro-doumbia-a-pris-officiellement-fonction#article\",\"isPartOf\":{\"@id\":\"https:\/\/www.africa-press.net\/cotedivoire\/toutes-les-actualites\/le-nouveau-dg-de-lansat-ex-ins-thiekoro-doumbia-a-pris-officiellement-fonction\"},\"author\":{\"name\":\"cfeditorfr\",\"@id\":\"https:\/\/www.africa-press.net\/cotedivoire\/#\/schema\/person\/2b1cf3cd81a31e3cd26889ca66d677f1\"},\"headline\":\"Le Nouveau DG de l&rsquo;ANSAT ex-INS, Thi\u00e9koro Doumbia a pris officiellement fonction\",\"datePublished\":\"2024-10-04T15:03:34+00:00\",\"dateModified\":\"2024-10-04T15:20:50+00:00\",\"mainEntityOfPage\":{\"@id\":\"https:\/\/www.africa-press.net\/cotedivoire\/toutes-les-actualites\/le-nouveau-dg-de-lansat-ex-ins-thiekoro-doumbia-a-pris-officiellement-fonction\"},\"wordCount\":231,\"commentCount\":0,\"image\":{\"@id\":\"https:\/\/www.africa-press.net\/cotedivoire\/toutes-les-actualites\/le-nouveau-dg-de-lansat-ex-ins-thiekoro-doumbia-a-pris-officiellement-fonction#primaryimage\"},\"thumbnailUrl\":\"https:\/\/static.africa-press.net\/cote\/sites\/43\/2024\/10\/sm_1728042631.93915.jpg\",\"keywords\":[\"ANSAT\",\"C\u00d4TE D'IVOIRE\",\"Doffou N'Guessan\",\"INS\",\"Thi\u00e9koro Doumbia\"],\"articleSection\":[\"Communaut\u00e9\",\"Toutes les actualit\u00e9s\"],\"inLanguage\":\"fr-FR\",\"potentialAction\":[{\"@type\":\"CommentAction\",\"name\":\"Comment\",\"target\":[\"https:\/\/www.africa-press.net\/cotedivoire\/toutes-les-actualites\/le-nouveau-dg-de-lansat-ex-ins-thiekoro-doumbia-a-pris-officiellement-fonction#respond\"]}]},{\"@type\":\"WebPage\",\"@id\":\"https:\/\/www.africa-press.net\/cotedivoire\/toutes-les-actualites\/le-nouveau-dg-de-lansat-ex-ins-thiekoro-doumbia-a-pris-officiellement-fonction\",\"url\":\"https:\/\/www.africa-press.net\/cotedivoire\/toutes-les-actualites\/le-nouveau-dg-de-lansat-ex-ins-thiekoro-doumbia-a-pris-officiellement-fonction\",\"name\":\"Le Nouveau DG de l'ANSAT ex-INS, Thi\u00e9koro Doumbia a pris officiellement fonction - C\u00f4te d&#039;Ivoire\",\"isPartOf\":{\"@id\":\"https:\/\/www.africa-press.net\/cotedivoire\/#website\"},\"primaryImageOfPage\":{\"@id\":\"https:\/\/www.africa-press.net\/cotedivoire\/toutes-les-actualites\/le-nouveau-dg-de-lansat-ex-ins-thiekoro-doumbia-a-pris-officiellement-fonction#primaryimage\"},\"image\":{\"@id\":\"https:\/\/www.africa-press.net\/cotedivoire\/toutes-les-actualites\/le-nouveau-dg-de-lansat-ex-ins-thiekoro-doumbia-a-pris-officiellement-fonction#primaryimage\"},\"thumbnailUrl\":\"https:\/\/static.africa-press.net\/cote\/sites\/43\/2024\/10\/sm_1728042631.93915.jpg\",\"datePublished\":\"2024-10-04T15:03:34+00:00\",\"dateModified\":\"2024-10-04T15:20:50+00:00\",\"author\":{\"@id\":\"https:\/\/www.africa-press.net\/cotedivoire\/#\/schema\/person\/2b1cf3cd81a31e3cd26889ca66d677f1\"},\"description\":\"Le nouveau Directeur Ge\u0301ne\u0301ral de l\u2019ex Institut National de la Statistique (INS) devenu Agence Nationale de la Statistiq ...\",\"breadcrumb\":{\"@id\":\"https:\/\/www.africa-press.net\/cotedivoire\/toutes-les-actualites\/le-nouveau-dg-de-lansat-ex-ins-thiekoro-doumbia-a-pris-officiellement-fonction#breadcrumb\"},\"inLanguage\":\"fr-FR\",\"potentialAction\":[{\"@type\":\"ReadAction\",\"target\":[\"https:\/\/www.africa-press.net\/cotedivoire\/toutes-les-actualites\/le-nouveau-dg-de-lansat-ex-ins-thiekoro-doumbia-a-pris-officiellement-fonction\"]}]},{\"@type\":\"ImageObject\",\"inLanguage\":\"fr-FR\",\"@id\":\"https:\/\/www.africa-press.net\/cotedivoire\/toutes-les-actualites\/le-nouveau-dg-de-lansat-ex-ins-thiekoro-doumbia-a-pris-officiellement-fonction#primaryimage\",\"url\":\"https:\/\/static.africa-press.net\/cote\/sites\/43\/2024\/10\/sm_1728042631.93915.jpg\",\"contentUrl\":\"https:\/\/static.africa-press.net\/cote\/sites\/43\/2024\/10\/sm_1728042631.93915.jpg\",\"width\":720,\"height\":480,\"caption\":\"Le Nouveau DG de l'ANSAT ex-INS, Thi\u00e9koro Doumbia a pris officiellement fonction\"},{\"@type\":\"BreadcrumbList\",\"@id\":\"https:\/\/www.africa-press.net\/cotedivoire\/toutes-les-actualites\/le-nouveau-dg-de-lansat-ex-ins-thiekoro-doumbia-a-pris-officiellement-fonction#breadcrumb\",\"itemListElement\":[{\"@type\":\"ListItem\",\"position\":1,\"name\":\"Accueil\",\"item\":\"https:\/\/www.africa-press.net\/cotedivoire\/\"},{\"@type\":\"ListItem\",\"position\":2,\"name\":\"Le Nouveau DG de l&#8217;ANSAT ex-INS, Thi\u00e9koro Doumbia a pris officiellement fonction\"}]},{\"@type\":\"WebSite\",\"@id\":\"https:\/\/www.africa-press.net\/cotedivoire\/#website\",\"url\":\"https:\/\/www.africa-press.net\/cotedivoire\/\",\"name\":\"C\u00f4te d&#039;Ivoire\",\"description\":\"Just another Africa News Agency Sites site\",\"potentialAction\":[{\"@type\":\"SearchAction\",\"target\":{\"@type\":\"EntryPoint\",\"urlTemplate\":\"https:\/\/www.africa-press.net\/cotedivoire\/?s={search_term_string}\"},\"query-input\":{\"@type\":\"PropertyValueSpecification\",\"valueRequired\":true,\"valueName\":\"search_term_string\"}}],\"inLanguage\":\"fr-FR\"},{\"@type\":\"Person\",\"@id\":\"https:\/\/www.africa-press.net\/cotedivoire\/#\/schema\/person\/2b1cf3cd81a31e3cd26889ca66d677f1\",\"name\":\"cfeditorfr\"}]}<\/script>\n<!-- \/ Yoast SEO Premium plugin. -->","yoast_head_json":{"title":"Le Nouveau DG de l'ANSAT ex-INS, Thi\u00e9koro Doumbia a pris officiellement fonction - C\u00f4te d&#039;Ivoire","description":"Le nouveau Directeur Ge\u0301ne\u0301ral de l\u2019ex Institut National de la Statistique (INS) devenu Agence Nationale de la Statistiq ...","robots":{"index":"index","follow":"follow","max-snippet":"max-snippet:-1","max-image-preview":"max-image-preview:large","max-video-preview":"max-video-preview:-1"},"canonical":"https:\/\/www.africa-press.net\/cotedivoire\/toutes-les-actualites\/le-nouveau-dg-de-lansat-ex-ins-thiekoro-doumbia-a-pris-officiellement-fonction","og_locale":"fr_FR","og_type":"article","og_title":"Le Nouveau DG de l'ANSAT ex-INS, Thi\u00e9koro Doumbia a pris officiellement fonction","og_description":"Le nouveau Directeur Ge\u0301ne\u0301ral de l\u2019ex Institut National de la Statistique (INS) devenu Agence Nationale de la Statistiq ...","og_url":"https:\/\/www.africa-press.net\/cotedivoire\/toutes-les-actualites\/le-nouveau-dg-de-lansat-ex-ins-thiekoro-doumbia-a-pris-officiellement-fonction","og_site_name":"C\u00f4te d&#039;Ivoire","article_published_time":"2024-10-04T15:03:34+00:00","article_modified_time":"2024-10-04T15:20:50+00:00","og_image":[{"width":720,"height":480,"url":"https:\/\/static.africa-press.net\/cote\/sites\/43\/2024\/10\/sm_1728042631.93915.jpg","type":"image\/jpeg"}],"author":"cfeditorfr","twitter_card":"summary_large_image","twitter_misc":{"\u00c9crit par":"cfeditorfr","Dur\u00e9e de lecture estim\u00e9e":"2 minutes"},"schema":{"@context":"https:\/\/schema.org","@graph":[{"@type":"Article","@id":"https:\/\/www.africa-press.net\/cotedivoire\/toutes-les-actualites\/le-nouveau-dg-de-lansat-ex-ins-thiekoro-doumbia-a-pris-officiellement-fonction#article","isPartOf":{"@id":"https:\/\/www.africa-press.net\/cotedivoire\/toutes-les-actualites\/le-nouveau-dg-de-lansat-ex-ins-thiekoro-doumbia-a-pris-officiellement-fonction"},"author":{"name":"cfeditorfr","@id":"https:\/\/www.africa-press.net\/cotedivoire\/#\/schema\/person\/2b1cf3cd81a31e3cd26889ca66d677f1"},"headline":"Le Nouveau DG de l&rsquo;ANSAT ex-INS, Thi\u00e9koro Doumbia a pris officiellement fonction","datePublished":"2024-10-04T15:03:34+00:00","dateModified":"2024-10-04T15:20:50+00:00","mainEntityOfPage":{"@id":"https:\/\/www.africa-press.net\/cotedivoire\/toutes-les-actualites\/le-nouveau-dg-de-lansat-ex-ins-thiekoro-doumbia-a-pris-officiellement-fonction"},"wordCount":231,"commentCount":0,"image":{"@id":"https:\/\/www.africa-press.net\/cotedivoire\/toutes-les-actualites\/le-nouveau-dg-de-lansat-ex-ins-thiekoro-doumbia-a-pris-officiellement-fonction#primaryimage"},"thumbnailUrl":"https:\/\/static.africa-press.net\/cote\/sites\/43\/2024\/10\/sm_1728042631.93915.jpg","keywords":["ANSAT","C\u00d4TE D'IVOIRE","Doffou N'Guessan","INS","Thi\u00e9koro Doumbia"],"articleSection":["Communaut\u00e9","Toutes les actualit\u00e9s"],"inLanguage":"fr-FR","potentialAction":[{"@type":"CommentAction","name":"Comment","target":["https:\/\/www.africa-press.net\/cotedivoire\/toutes-les-actualites\/le-nouveau-dg-de-lansat-ex-ins-thiekoro-doumbia-a-pris-officiellement-fonction#respond"]}]},{"@type":"WebPage","@id":"https:\/\/www.africa-press.net\/cotedivoire\/toutes-les-actualites\/le-nouveau-dg-de-lansat-ex-ins-thiekoro-doumbia-a-pris-officiellement-fonction","url":"https:\/\/www.africa-press.net\/cotedivoire\/toutes-les-actualites\/le-nouveau-dg-de-lansat-ex-ins-thiekoro-doumbia-a-pris-officiellement-fonction","name":"Le Nouveau DG de l'ANSAT ex-INS, Thi\u00e9koro Doumbia a pris officiellement fonction - C\u00f4te d&#039;Ivoire","isPartOf":{"@id":"https:\/\/www.africa-press.net\/cotedivoire\/#website"},"primaryImageOfPage":{"@id":"https:\/\/www.africa-press.net\/cotedivoire\/toutes-les-actualites\/le-nouveau-dg-de-lansat-ex-ins-thiekoro-doumbia-a-pris-officiellement-fonction#primaryimage"},"image":{"@id":"https:\/\/www.africa-press.net\/cotedivoire\/toutes-les-actualites\/le-nouveau-dg-de-lansat-ex-ins-thiekoro-doumbia-a-pris-officiellement-fonction#primaryimage"},"thumbnailUrl":"https:\/\/static.africa-press.net\/cote\/sites\/43\/2024\/10\/sm_1728042631.93915.jpg","datePublished":"2024-10-04T15:03:34+00:00","dateModified":"2024-10-04T15:20:50+00:00","author":{"@id":"https:\/\/www.africa-press.net\/cotedivoire\/#\/schema\/person\/2b1cf3cd81a31e3cd26889ca66d677f1"},"description":"Le nouveau Directeur Ge\u0301ne\u0301ral de l\u2019ex Institut National de la Statistique (INS) devenu Agence Nationale de la Statistiq ...","breadcrumb":{"@id":"https:\/\/www.africa-press.net\/cotedivoire\/toutes-les-actualites\/le-nouveau-dg-de-lansat-ex-ins-thiekoro-doumbia-a-pris-officiellement-fonction#breadcrumb"},"inLanguage":"fr-FR","potentialAction":[{"@type":"ReadAction","target":["https:\/\/www.africa-press.net\/cotedivoire\/toutes-les-actualites\/le-nouveau-dg-de-lansat-ex-ins-thiekoro-doumbia-a-pris-officiellement-fonction"]}]},{"@type":"ImageObject","inLanguage":"fr-FR","@id":"https:\/\/www.africa-press.net\/cotedivoire\/toutes-les-actualites\/le-nouveau-dg-de-lansat-ex-ins-thiekoro-doumbia-a-pris-officiellement-fonction#primaryimage","url":"https:\/\/static.africa-press.net\/cote\/sites\/43\/2024\/10\/sm_1728042631.93915.jpg","contentUrl":"https:\/\/static.africa-press.net\/cote\/sites\/43\/2024\/10\/sm_1728042631.93915.jpg","width":720,"height":480,"caption":"Le Nouveau DG de l'ANSAT ex-INS, Thi\u00e9koro Doumbia a pris officiellement fonction"},{"@type":"BreadcrumbList","@id":"https:\/\/www.africa-press.net\/cotedivoire\/toutes-les-actualites\/le-nouveau-dg-de-lansat-ex-ins-thiekoro-doumbia-a-pris-officiellement-fonction#breadcrumb","itemListElement":[{"@type":"ListItem","position":1,"name":"Accueil","item":"https:\/\/www.africa-press.net\/cotedivoire\/"},{"@type":"ListItem","position":2,"name":"Le Nouveau DG de l&#8217;ANSAT ex-INS, Thi\u00e9koro Doumbia a pris officiellement fonction"}]},{"@type":"WebSite","@id":"https:\/\/www.africa-press.net\/cotedivoire\/#website","url":"https:\/\/www.africa-press.net\/cotedivoire\/","name":"C\u00f4te d&#039;Ivoire","description":"Just another Africa News Agency Sites site","potentialAction":[{"@type":"SearchAction","target":{"@type":"EntryPoint","urlTemplate":"https:\/\/www.africa-press.net\/cotedivoire\/?s={search_term_string}"},"query-input":{"@type":"PropertyValueSpecification","valueRequired":true,"valueName":"search_term_string"}}],"inLanguage":"fr-FR"},{"@type":"Person","@id":"https:\/\/www.africa-press.net\/cotedivoire\/#\/schema\/person\/2b1cf3cd81a31e3cd26889ca66d677f1","name":"cfeditorfr"}]}},"_links":{"self":[{"href":"https:\/\/www.africa-press.net\/cotedivoire\/wp-json\/wp\/v2\/posts\/88393","targetHints":{"allow":["GET"]}}],"collection":[{"href":"https:\/\/www.africa-press.net\/cotedivoire\/wp-json\/wp\/v2\/posts"}],"about":[{"href":"https:\/\/www.africa-press.net\/cotedivoire\/wp-json\/wp\/v2\/types\/post"}],"author":[{"embeddable":true,"href":"https:\/\/www.africa-press.net\/cotedivoire\/wp-json\/wp\/v2\/users\/82"}],"replies":[{"embeddable":true,"href":"https:\/\/www.africa-press.net\/cotedivoire\/wp-json\/wp\/v2\/comments?post=88393"}],"version-history":[{"count":0,"href":"https:\/\/www.africa-press.net\/cotedivoire\/wp-json\/wp\/v2\/posts\/88393\/revisions"}],"wp:featuredmedia":[{"embeddable":true,"href":"https:\/\/www.africa-press.net\/cotedivoire\/wp-json\/wp\/v2\/media\/88391"}],"wp:attachment":[{"href":"https:\/\/www.africa-press.net\/cotedivoire\/wp-json\/wp\/v2\/media?parent=88393"}],"wp:term":[{"taxonomy":"category","embeddable":true,"href":"https:\/\/www.africa-press.net\/cotedivoire\/wp-json\/wp\/v2\/categories?post=88393"},{"taxonomy":"post_tag","embeddable":true,"href":"https:\/\/www.africa-press.net\/cotedivoire\/wp-json\/wp\/v2\/tags?post=88393"}],"curies":[{"name":"wp","href":"https:\/\/api.w.org\/{rel}","templated":true}]}}