{"id":88626,"date":"2024-10-08T18:36:02","date_gmt":"2024-10-08T18:36:02","guid":{"rendered":"https:\/\/www.africa-press.net\/cotedivoire\/politique\/interpelle-samedi-a-son-domicile-charles-rodel-dosso-du-ppa-ci-place-sous-mandat-de-depot-pour-atteinte-a-la-surete-de-letat"},"modified":"2024-10-08T18:48:57","modified_gmt":"2024-10-08T18:48:57","slug":"interpelle-samedi-a-son-domicile-charles-rodel-dosso-du-ppa-ci-place-sous-mandat-de-depot-pour-atteinte-a-la-surete-de-letat","status":"publish","type":"post","link":"https:\/\/www.africa-press.net\/cotedivoire\/politique\/interpelle-samedi-a-son-domicile-charles-rodel-dosso-du-ppa-ci-place-sous-mandat-de-depot-pour-atteinte-a-la-surete-de-letat","title":{"rendered":"Interpell\u00e9 samedi \u00e0 son domicile Charles Rodel Dosso du PPA-CI plac\u00e9 sous mandat de d\u00e9p\u00f4t pour \u00ab atteinte \u00e0 la s\u00fbret\u00e9 de l&rsquo;Etat \u00bb"},"content":{"rendered":"<p><span style=\"color: #ff6600\"><strong>Africa-Press &#8211; C\u00f4te d&rsquo;Ivoire. <\/strong><\/span>Interpelle\u0301 samedi dernier a\u0300 son domicile de Bingerville, Charles Rodel Dosso, cadre du Parti des Peuples Africains de Co\u0302te d\u2019Ivoire (PPA-CI) a e\u0301te\u0301 pre\u0301sente\u0301 devant un juge d\u2019instruction le lundi 07 octobre 2024.<\/p>\n<p>Nous apprenons qu\u2019il a e\u0301te\u0301 de\u0301fe\u0301re\u0301 au Po\u0302le Pe\u0301nitentiaire d\u2019Abidjan (PPA). L\u2019ancien Secre\u0301taire d\u2019Etat de Laurent Gbagbo serait accuse\u0301 d\u2019 \u00ab atteinte a\u0300 la su\u0302rete\u0301 de l\u2019Etat \u00bb.<\/p>\n<p>Notons que, M. Charles Rodel Dosso faisait partie des organisateurs de la marche contre la vie che\u0300re en septembre dernier.<\/p>\n<p><strong>Pour plus d&rsquo;informations et d&rsquo;analyses sur la C\u00f4te d&rsquo;Ivoire, suivez Africa-Press<\/strong><\/p>\n","protected":false},"excerpt":{"rendered":"<p>Africa-Press &#8211; C\u00f4te d&rsquo;Ivoire. Interpelle\u0301 samedi dernier a\u0300 son domicile de Bingerville, Charles Rodel Dosso, cadre du Parti des Peuples Africains de Co\u0302te d\u2019Ivoire (PPA-CI) a e\u0301te\u0301 pre\u0301sente\u0301 devant un juge d\u2019instruction le lundi 07 octobre 2024. Nous apprenons qu\u2019il a e\u0301te\u0301 de\u0301fe\u0301re\u0301 au Po\u0302le Pe\u0301nitentiaire d\u2019Abidjan (PPA). L\u2019ancien Secre\u0301taire d\u2019Etat de Laurent Gbagbo serait [&hellip;]<\/p>\n","protected":false},"author":82,"featured_media":88625,"comment_status":"open","ping_status":"closed","sticky":false,"template":"","format":"standard","meta":{"footnotes":""},"categories":[2,10],"tags":[1731,15100,29,50,1900,1952,15101],"class_list":["post-88626","post","type-post","status-publish","format-standard","has-post-thumbnail","hentry","category-politique","category-toutes-les-actualites","tag-bingerville","tag-charles-rodel-dosso","tag-cote-divoire","tag-laurent-gbagbo","tag-ppa","tag-ppa-ci","tag-surete-de-letat"],"yoast_head":"<!-- This site is optimized with the Yoast SEO Premium plugin v26.1 (Yoast SEO v27.0) - https:\/\/yoast.com\/product\/yoast-seo-premium-wordpress\/ -->\n<title>Interpell\u00e9 samedi \u00e0 son domicile Charles Rodel Dosso du PPA-CI plac\u00e9 sous mandat de d\u00e9p\u00f4t pour \u00ab atteinte \u00e0 la s\u00fbret\u00e9 de l&#039;Etat \u00bb - C\u00f4te d&#039;Ivoire<\/title>\n<meta name=\"description\" content=\"Interpelle\u0301 samedi dernier a\u0300 son domicile de Bingerville, Charles Rodel Dosso, cadre du Parti des Peuples Africains de ...\" \/>\n<meta name=\"robots\" content=\"index, follow, max-snippet:-1, max-image-preview:large, max-video-preview:-1\" \/>\n<link rel=\"canonical\" href=\"https:\/\/www.africa-press.net\/cotedivoire\/politique\/interpelle-samedi-a-son-domicile-charles-rodel-dosso-du-ppa-ci-place-sous-mandat-de-depot-pour-atteinte-a-la-surete-de-letat\" \/>\n<meta property=\"og:locale\" content=\"fr_FR\" \/>\n<meta property=\"og:type\" content=\"article\" \/>\n<meta property=\"og:title\" content=\"Interpell\u00e9 samedi \u00e0 son domicile Charles Rodel Dosso du PPA-CI plac\u00e9 sous mandat de d\u00e9p\u00f4t pour \u00ab atteinte \u00e0 la s\u00fbret\u00e9 de l&#039;Etat \u00bb\" \/>\n<meta property=\"og:description\" content=\"Interpelle\u0301 samedi dernier a\u0300 son domicile de Bingerville, Charles Rodel Dosso, cadre du Parti des Peuples Africains de ...\" \/>\n<meta property=\"og:url\" content=\"https:\/\/www.africa-press.net\/cotedivoire\/politique\/interpelle-samedi-a-son-domicile-charles-rodel-dosso-du-ppa-ci-place-sous-mandat-de-depot-pour-atteinte-a-la-surete-de-letat\" \/>\n<meta property=\"og:site_name\" content=\"C\u00f4te d&#039;Ivoire\" \/>\n<meta property=\"article:published_time\" content=\"2024-10-08T18:36:02+00:00\" \/>\n<meta property=\"article:modified_time\" content=\"2024-10-08T18:48:57+00:00\" \/>\n<meta property=\"og:image\" content=\"https:\/\/static.africa-press.net\/cote\/sites\/43\/2024\/10\/sm_1728400711.790721.jpg\" \/>\n\t<meta property=\"og:image:width\" content=\"720\" \/>\n\t<meta property=\"og:image:height\" content=\"313\" \/>\n\t<meta property=\"og:image:type\" content=\"image\/jpeg\" \/>\n<meta name=\"author\" content=\"cfeditorfr\" \/>\n<meta name=\"twitter:card\" content=\"summary_large_image\" \/>\n<meta name=\"twitter:label1\" content=\"\u00c9crit par\" \/>\n\t<meta name=\"twitter:data1\" content=\"cfeditorfr\" \/>\n\t<meta name=\"twitter:label2\" content=\"Dur\u00e9e de lecture estim\u00e9e\" \/>\n\t<meta name=\"twitter:data2\" content=\"1 minute\" \/>\n<script type=\"application\/ld+json\" class=\"yoast-schema-graph\">{\"@context\":\"https:\/\/schema.org\",\"@graph\":[{\"@type\":\"Article\",\"@id\":\"https:\/\/www.africa-press.net\/cotedivoire\/politique\/interpelle-samedi-a-son-domicile-charles-rodel-dosso-du-ppa-ci-place-sous-mandat-de-depot-pour-atteinte-a-la-surete-de-letat#article\",\"isPartOf\":{\"@id\":\"https:\/\/www.africa-press.net\/cotedivoire\/politique\/interpelle-samedi-a-son-domicile-charles-rodel-dosso-du-ppa-ci-place-sous-mandat-de-depot-pour-atteinte-a-la-surete-de-letat\"},\"author\":{\"name\":\"cfeditorfr\",\"@id\":\"https:\/\/www.africa-press.net\/cotedivoire\/#\/schema\/person\/2b1cf3cd81a31e3cd26889ca66d677f1\"},\"headline\":\"Interpell\u00e9 samedi \u00e0 son domicile Charles Rodel Dosso du PPA-CI plac\u00e9 sous mandat de d\u00e9p\u00f4t pour \u00ab atteinte \u00e0 la s\u00fbret\u00e9 de l&rsquo;Etat \u00bb\",\"datePublished\":\"2024-10-08T18:36:02+00:00\",\"dateModified\":\"2024-10-08T18:48:57+00:00\",\"mainEntityOfPage\":{\"@id\":\"https:\/\/www.africa-press.net\/cotedivoire\/politique\/interpelle-samedi-a-son-domicile-charles-rodel-dosso-du-ppa-ci-place-sous-mandat-de-depot-pour-atteinte-a-la-surete-de-letat\"},\"wordCount\":140,\"commentCount\":0,\"image\":{\"@id\":\"https:\/\/www.africa-press.net\/cotedivoire\/politique\/interpelle-samedi-a-son-domicile-charles-rodel-dosso-du-ppa-ci-place-sous-mandat-de-depot-pour-atteinte-a-la-surete-de-letat#primaryimage\"},\"thumbnailUrl\":\"https:\/\/static.africa-press.net\/cote\/sites\/43\/2024\/10\/sm_1728400711.790721.jpg\",\"keywords\":[\"Bingerville\",\"Charles Rodel Dosso\",\"C\u00d4TE D'IVOIRE\",\"Laurent Gbagbo\",\"PPA\",\"PPA-CI\",\"S\u00fbret\u00e9 de l'Etat\"],\"articleSection\":[\"Politique\",\"Toutes les actualit\u00e9s\"],\"inLanguage\":\"fr-FR\",\"potentialAction\":[{\"@type\":\"CommentAction\",\"name\":\"Comment\",\"target\":[\"https:\/\/www.africa-press.net\/cotedivoire\/politique\/interpelle-samedi-a-son-domicile-charles-rodel-dosso-du-ppa-ci-place-sous-mandat-de-depot-pour-atteinte-a-la-surete-de-letat#respond\"]}]},{\"@type\":\"WebPage\",\"@id\":\"https:\/\/www.africa-press.net\/cotedivoire\/politique\/interpelle-samedi-a-son-domicile-charles-rodel-dosso-du-ppa-ci-place-sous-mandat-de-depot-pour-atteinte-a-la-surete-de-letat\",\"url\":\"https:\/\/www.africa-press.net\/cotedivoire\/politique\/interpelle-samedi-a-son-domicile-charles-rodel-dosso-du-ppa-ci-place-sous-mandat-de-depot-pour-atteinte-a-la-surete-de-letat\",\"name\":\"Interpell\u00e9 samedi \u00e0 son domicile Charles Rodel Dosso du PPA-CI plac\u00e9 sous mandat de d\u00e9p\u00f4t pour \u00ab atteinte \u00e0 la s\u00fbret\u00e9 de l'Etat \u00bb - C\u00f4te d&#039;Ivoire\",\"isPartOf\":{\"@id\":\"https:\/\/www.africa-press.net\/cotedivoire\/#website\"},\"primaryImageOfPage\":{\"@id\":\"https:\/\/www.africa-press.net\/cotedivoire\/politique\/interpelle-samedi-a-son-domicile-charles-rodel-dosso-du-ppa-ci-place-sous-mandat-de-depot-pour-atteinte-a-la-surete-de-letat#primaryimage\"},\"image\":{\"@id\":\"https:\/\/www.africa-press.net\/cotedivoire\/politique\/interpelle-samedi-a-son-domicile-charles-rodel-dosso-du-ppa-ci-place-sous-mandat-de-depot-pour-atteinte-a-la-surete-de-letat#primaryimage\"},\"thumbnailUrl\":\"https:\/\/static.africa-press.net\/cote\/sites\/43\/2024\/10\/sm_1728400711.790721.jpg\",\"datePublished\":\"2024-10-08T18:36:02+00:00\",\"dateModified\":\"2024-10-08T18:48:57+00:00\",\"author\":{\"@id\":\"https:\/\/www.africa-press.net\/cotedivoire\/#\/schema\/person\/2b1cf3cd81a31e3cd26889ca66d677f1\"},\"description\":\"Interpelle\u0301 samedi dernier a\u0300 son domicile de Bingerville, Charles Rodel Dosso, cadre du Parti des Peuples Africains de ...\",\"breadcrumb\":{\"@id\":\"https:\/\/www.africa-press.net\/cotedivoire\/politique\/interpelle-samedi-a-son-domicile-charles-rodel-dosso-du-ppa-ci-place-sous-mandat-de-depot-pour-atteinte-a-la-surete-de-letat#breadcrumb\"},\"inLanguage\":\"fr-FR\",\"potentialAction\":[{\"@type\":\"ReadAction\",\"target\":[\"https:\/\/www.africa-press.net\/cotedivoire\/politique\/interpelle-samedi-a-son-domicile-charles-rodel-dosso-du-ppa-ci-place-sous-mandat-de-depot-pour-atteinte-a-la-surete-de-letat\"]}]},{\"@type\":\"ImageObject\",\"inLanguage\":\"fr-FR\",\"@id\":\"https:\/\/www.africa-press.net\/cotedivoire\/politique\/interpelle-samedi-a-son-domicile-charles-rodel-dosso-du-ppa-ci-place-sous-mandat-de-depot-pour-atteinte-a-la-surete-de-letat#primaryimage\",\"url\":\"https:\/\/static.africa-press.net\/cote\/sites\/43\/2024\/10\/sm_1728400711.790721.jpg\",\"contentUrl\":\"https:\/\/static.africa-press.net\/cote\/sites\/43\/2024\/10\/sm_1728400711.790721.jpg\",\"width\":720,\"height\":313,\"caption\":\"Interpell\u00e9 samedi \u00e0 son domicile Charles Rodel Dosso du PPA-CI plac\u00e9 sous mandat de d\u00e9p\u00f4t pour \u00ab atteinte \u00e0 la s\u00fbret\u00e9 de l'Etat \u00bb\"},{\"@type\":\"BreadcrumbList\",\"@id\":\"https:\/\/www.africa-press.net\/cotedivoire\/politique\/interpelle-samedi-a-son-domicile-charles-rodel-dosso-du-ppa-ci-place-sous-mandat-de-depot-pour-atteinte-a-la-surete-de-letat#breadcrumb\",\"itemListElement\":[{\"@type\":\"ListItem\",\"position\":1,\"name\":\"Accueil\",\"item\":\"https:\/\/www.africa-press.net\/cotedivoire\/\"},{\"@type\":\"ListItem\",\"position\":2,\"name\":\"Interpell\u00e9 samedi \u00e0 son domicile Charles Rodel Dosso du PPA-CI plac\u00e9 sous mandat de d\u00e9p\u00f4t pour \u00ab atteinte \u00e0 la s\u00fbret\u00e9 de l&#8217;Etat \u00bb\"}]},{\"@type\":\"WebSite\",\"@id\":\"https:\/\/www.africa-press.net\/cotedivoire\/#website\",\"url\":\"https:\/\/www.africa-press.net\/cotedivoire\/\",\"name\":\"C\u00f4te d&#039;Ivoire\",\"description\":\"Just another Africa News Agency Sites site\",\"potentialAction\":[{\"@type\":\"SearchAction\",\"target\":{\"@type\":\"EntryPoint\",\"urlTemplate\":\"https:\/\/www.africa-press.net\/cotedivoire\/?s={search_term_string}\"},\"query-input\":{\"@type\":\"PropertyValueSpecification\",\"valueRequired\":true,\"valueName\":\"search_term_string\"}}],\"inLanguage\":\"fr-FR\"},{\"@type\":\"Person\",\"@id\":\"https:\/\/www.africa-press.net\/cotedivoire\/#\/schema\/person\/2b1cf3cd81a31e3cd26889ca66d677f1\",\"name\":\"cfeditorfr\"}]}<\/script>\n<!-- \/ Yoast SEO Premium plugin. -->","yoast_head_json":{"title":"Interpell\u00e9 samedi \u00e0 son domicile Charles Rodel Dosso du PPA-CI plac\u00e9 sous mandat de d\u00e9p\u00f4t pour \u00ab atteinte \u00e0 la s\u00fbret\u00e9 de l'Etat \u00bb - C\u00f4te d&#039;Ivoire","description":"Interpelle\u0301 samedi dernier a\u0300 son domicile de Bingerville, Charles Rodel Dosso, cadre du Parti des Peuples Africains de ...","robots":{"index":"index","follow":"follow","max-snippet":"max-snippet:-1","max-image-preview":"max-image-preview:large","max-video-preview":"max-video-preview:-1"},"canonical":"https:\/\/www.africa-press.net\/cotedivoire\/politique\/interpelle-samedi-a-son-domicile-charles-rodel-dosso-du-ppa-ci-place-sous-mandat-de-depot-pour-atteinte-a-la-surete-de-letat","og_locale":"fr_FR","og_type":"article","og_title":"Interpell\u00e9 samedi \u00e0 son domicile Charles Rodel Dosso du PPA-CI plac\u00e9 sous mandat de d\u00e9p\u00f4t pour \u00ab atteinte \u00e0 la s\u00fbret\u00e9 de l'Etat \u00bb","og_description":"Interpelle\u0301 samedi dernier a\u0300 son domicile de Bingerville, Charles Rodel Dosso, cadre du Parti des Peuples Africains de ...","og_url":"https:\/\/www.africa-press.net\/cotedivoire\/politique\/interpelle-samedi-a-son-domicile-charles-rodel-dosso-du-ppa-ci-place-sous-mandat-de-depot-pour-atteinte-a-la-surete-de-letat","og_site_name":"C\u00f4te d&#039;Ivoire","article_published_time":"2024-10-08T18:36:02+00:00","article_modified_time":"2024-10-08T18:48:57+00:00","og_image":[{"width":720,"height":313,"url":"https:\/\/static.africa-press.net\/cote\/sites\/43\/2024\/10\/sm_1728400711.790721.jpg","type":"image\/jpeg"}],"author":"cfeditorfr","twitter_card":"summary_large_image","twitter_misc":{"\u00c9crit par":"cfeditorfr","Dur\u00e9e de lecture estim\u00e9e":"1 minute"},"schema":{"@context":"https:\/\/schema.org","@graph":[{"@type":"Article","@id":"https:\/\/www.africa-press.net\/cotedivoire\/politique\/interpelle-samedi-a-son-domicile-charles-rodel-dosso-du-ppa-ci-place-sous-mandat-de-depot-pour-atteinte-a-la-surete-de-letat#article","isPartOf":{"@id":"https:\/\/www.africa-press.net\/cotedivoire\/politique\/interpelle-samedi-a-son-domicile-charles-rodel-dosso-du-ppa-ci-place-sous-mandat-de-depot-pour-atteinte-a-la-surete-de-letat"},"author":{"name":"cfeditorfr","@id":"https:\/\/www.africa-press.net\/cotedivoire\/#\/schema\/person\/2b1cf3cd81a31e3cd26889ca66d677f1"},"headline":"Interpell\u00e9 samedi \u00e0 son domicile Charles Rodel Dosso du PPA-CI plac\u00e9 sous mandat de d\u00e9p\u00f4t pour \u00ab atteinte \u00e0 la s\u00fbret\u00e9 de l&rsquo;Etat \u00bb","datePublished":"2024-10-08T18:36:02+00:00","dateModified":"2024-10-08T18:48:57+00:00","mainEntityOfPage":{"@id":"https:\/\/www.africa-press.net\/cotedivoire\/politique\/interpelle-samedi-a-son-domicile-charles-rodel-dosso-du-ppa-ci-place-sous-mandat-de-depot-pour-atteinte-a-la-surete-de-letat"},"wordCount":140,"commentCount":0,"image":{"@id":"https:\/\/www.africa-press.net\/cotedivoire\/politique\/interpelle-samedi-a-son-domicile-charles-rodel-dosso-du-ppa-ci-place-sous-mandat-de-depot-pour-atteinte-a-la-surete-de-letat#primaryimage"},"thumbnailUrl":"https:\/\/static.africa-press.net\/cote\/sites\/43\/2024\/10\/sm_1728400711.790721.jpg","keywords":["Bingerville","Charles Rodel Dosso","C\u00d4TE D'IVOIRE","Laurent Gbagbo","PPA","PPA-CI","S\u00fbret\u00e9 de l'Etat"],"articleSection":["Politique","Toutes les actualit\u00e9s"],"inLanguage":"fr-FR","potentialAction":[{"@type":"CommentAction","name":"Comment","target":["https:\/\/www.africa-press.net\/cotedivoire\/politique\/interpelle-samedi-a-son-domicile-charles-rodel-dosso-du-ppa-ci-place-sous-mandat-de-depot-pour-atteinte-a-la-surete-de-letat#respond"]}]},{"@type":"WebPage","@id":"https:\/\/www.africa-press.net\/cotedivoire\/politique\/interpelle-samedi-a-son-domicile-charles-rodel-dosso-du-ppa-ci-place-sous-mandat-de-depot-pour-atteinte-a-la-surete-de-letat","url":"https:\/\/www.africa-press.net\/cotedivoire\/politique\/interpelle-samedi-a-son-domicile-charles-rodel-dosso-du-ppa-ci-place-sous-mandat-de-depot-pour-atteinte-a-la-surete-de-letat","name":"Interpell\u00e9 samedi \u00e0 son domicile Charles Rodel Dosso du PPA-CI plac\u00e9 sous mandat de d\u00e9p\u00f4t pour \u00ab atteinte \u00e0 la s\u00fbret\u00e9 de l'Etat \u00bb - C\u00f4te d&#039;Ivoire","isPartOf":{"@id":"https:\/\/www.africa-press.net\/cotedivoire\/#website"},"primaryImageOfPage":{"@id":"https:\/\/www.africa-press.net\/cotedivoire\/politique\/interpelle-samedi-a-son-domicile-charles-rodel-dosso-du-ppa-ci-place-sous-mandat-de-depot-pour-atteinte-a-la-surete-de-letat#primaryimage"},"image":{"@id":"https:\/\/www.africa-press.net\/cotedivoire\/politique\/interpelle-samedi-a-son-domicile-charles-rodel-dosso-du-ppa-ci-place-sous-mandat-de-depot-pour-atteinte-a-la-surete-de-letat#primaryimage"},"thumbnailUrl":"https:\/\/static.africa-press.net\/cote\/sites\/43\/2024\/10\/sm_1728400711.790721.jpg","datePublished":"2024-10-08T18:36:02+00:00","dateModified":"2024-10-08T18:48:57+00:00","author":{"@id":"https:\/\/www.africa-press.net\/cotedivoire\/#\/schema\/person\/2b1cf3cd81a31e3cd26889ca66d677f1"},"description":"Interpelle\u0301 samedi dernier a\u0300 son domicile de Bingerville, Charles Rodel Dosso, cadre du Parti des Peuples Africains de ...","breadcrumb":{"@id":"https:\/\/www.africa-press.net\/cotedivoire\/politique\/interpelle-samedi-a-son-domicile-charles-rodel-dosso-du-ppa-ci-place-sous-mandat-de-depot-pour-atteinte-a-la-surete-de-letat#breadcrumb"},"inLanguage":"fr-FR","potentialAction":[{"@type":"ReadAction","target":["https:\/\/www.africa-press.net\/cotedivoire\/politique\/interpelle-samedi-a-son-domicile-charles-rodel-dosso-du-ppa-ci-place-sous-mandat-de-depot-pour-atteinte-a-la-surete-de-letat"]}]},{"@type":"ImageObject","inLanguage":"fr-FR","@id":"https:\/\/www.africa-press.net\/cotedivoire\/politique\/interpelle-samedi-a-son-domicile-charles-rodel-dosso-du-ppa-ci-place-sous-mandat-de-depot-pour-atteinte-a-la-surete-de-letat#primaryimage","url":"https:\/\/static.africa-press.net\/cote\/sites\/43\/2024\/10\/sm_1728400711.790721.jpg","contentUrl":"https:\/\/static.africa-press.net\/cote\/sites\/43\/2024\/10\/sm_1728400711.790721.jpg","width":720,"height":313,"caption":"Interpell\u00e9 samedi \u00e0 son domicile Charles Rodel Dosso du PPA-CI plac\u00e9 sous mandat de d\u00e9p\u00f4t pour \u00ab atteinte \u00e0 la s\u00fbret\u00e9 de l'Etat \u00bb"},{"@type":"BreadcrumbList","@id":"https:\/\/www.africa-press.net\/cotedivoire\/politique\/interpelle-samedi-a-son-domicile-charles-rodel-dosso-du-ppa-ci-place-sous-mandat-de-depot-pour-atteinte-a-la-surete-de-letat#breadcrumb","itemListElement":[{"@type":"ListItem","position":1,"name":"Accueil","item":"https:\/\/www.africa-press.net\/cotedivoire\/"},{"@type":"ListItem","position":2,"name":"Interpell\u00e9 samedi \u00e0 son domicile Charles Rodel Dosso du PPA-CI plac\u00e9 sous mandat de d\u00e9p\u00f4t pour \u00ab atteinte \u00e0 la s\u00fbret\u00e9 de l&#8217;Etat \u00bb"}]},{"@type":"WebSite","@id":"https:\/\/www.africa-press.net\/cotedivoire\/#website","url":"https:\/\/www.africa-press.net\/cotedivoire\/","name":"C\u00f4te d&#039;Ivoire","description":"Just another Africa News Agency Sites site","potentialAction":[{"@type":"SearchAction","target":{"@type":"EntryPoint","urlTemplate":"https:\/\/www.africa-press.net\/cotedivoire\/?s={search_term_string}"},"query-input":{"@type":"PropertyValueSpecification","valueRequired":true,"valueName":"search_term_string"}}],"inLanguage":"fr-FR"},{"@type":"Person","@id":"https:\/\/www.africa-press.net\/cotedivoire\/#\/schema\/person\/2b1cf3cd81a31e3cd26889ca66d677f1","name":"cfeditorfr"}]}},"_links":{"self":[{"href":"https:\/\/www.africa-press.net\/cotedivoire\/wp-json\/wp\/v2\/posts\/88626","targetHints":{"allow":["GET"]}}],"collection":[{"href":"https:\/\/www.africa-press.net\/cotedivoire\/wp-json\/wp\/v2\/posts"}],"about":[{"href":"https:\/\/www.africa-press.net\/cotedivoire\/wp-json\/wp\/v2\/types\/post"}],"author":[{"embeddable":true,"href":"https:\/\/www.africa-press.net\/cotedivoire\/wp-json\/wp\/v2\/users\/82"}],"replies":[{"embeddable":true,"href":"https:\/\/www.africa-press.net\/cotedivoire\/wp-json\/wp\/v2\/comments?post=88626"}],"version-history":[{"count":0,"href":"https:\/\/www.africa-press.net\/cotedivoire\/wp-json\/wp\/v2\/posts\/88626\/revisions"}],"wp:featuredmedia":[{"embeddable":true,"href":"https:\/\/www.africa-press.net\/cotedivoire\/wp-json\/wp\/v2\/media\/88625"}],"wp:attachment":[{"href":"https:\/\/www.africa-press.net\/cotedivoire\/wp-json\/wp\/v2\/media?parent=88626"}],"wp:term":[{"taxonomy":"category","embeddable":true,"href":"https:\/\/www.africa-press.net\/cotedivoire\/wp-json\/wp\/v2\/categories?post=88626"},{"taxonomy":"post_tag","embeddable":true,"href":"https:\/\/www.africa-press.net\/cotedivoire\/wp-json\/wp\/v2\/tags?post=88626"}],"curies":[{"name":"wp","href":"https:\/\/api.w.org\/{rel}","templated":true}]}}