{"id":88667,"date":"2024-10-09T18:56:13","date_gmt":"2024-10-09T18:56:13","guid":{"rendered":"https:\/\/www.africa-press.net\/cotedivoire\/politique\/elim-can-2025-apres-sebastien-haller-lattaquant-amad-diallo-contraint-au-forfait-la-fif-donne-des-precisions"},"modified":"2024-10-09T19:14:53","modified_gmt":"2024-10-09T19:14:53","slug":"elim-can-2025-apres-sebastien-haller-lattaquant-amad-diallo-contraint-au-forfait-la-fif-donne-des-precisions","status":"publish","type":"post","link":"https:\/\/www.africa-press.net\/cotedivoire\/sports\/elim-can-2025-apres-sebastien-haller-lattaquant-amad-diallo-contraint-au-forfait-la-fif-donne-des-precisions","title":{"rendered":"\u00c9lim CAN 2025, apr\u00e8s S\u00e9bastien Haller, l&rsquo;attaquant Amad Diallo contraint au forfait, la FIF donne des pr\u00e9cisions"},"content":{"rendered":"<p><span style=\"color: #ff6600\"><strong>Africa-Press &#8211; C\u00f4te d&rsquo;Ivoire. <\/strong><\/span>La Fe\u0301de\u0301ration Ivoirienne de Football (FIF) a annonce\u0301 ce mercredi 9 octobre 2024, dans un communique\u0301 adresse\u0301 a\u0300 la presse nationale et internationale, que l&rsquo;international ivoirien Amad Diallo ne pourra pas participer aux prochaines rencontres des e\u0301liminatoires de la Coupe d&rsquo;Afrique des Nations 2025. Une annonce qui intervient apre\u0300s le forfait de Se\u0301bastien Haller, blesse\u0301 lors d&rsquo;une se\u0301ance d&rsquo;entrai\u0302nement.<\/p>\n<p>Cette de\u0301cision fait suite a\u0300 des soucis de sante\u0301 qui obligent l\u2019ailier de Manchester United a\u0300 se retirer du groupe actuellement en pleine pre\u0301paration pour les 3e\u0300me et 4e\u0300me journe\u0301es de qualification. Cette nouvelle est un coup dur pour les supporters et pour l&rsquo;e\u0301quipe, qui comptait sur la pre\u0301sence et les qualite\u0301s techniques de Diallo.<\/p>\n<p>Diallo, qui avait rejoint le rassemblement des E\u0301le\u0301phants le lundi 07 octobre 2024, e\u0301tait initialement pre\u0301vu pour disputer les deux rencontres capitales pour les qualifications a\u0300 la prochaine CAN, pre\u0301vue au Maroc. Toutefois, apre\u0300s son arrive\u0301e, les me\u0301decins de l\u2019e\u0301quipe nationale ont e\u0301value\u0301 son e\u0301tat de sante\u0301 et ont juge\u0301 pre\u0301fe\u0301rable de le dispenser des rencontres pour lui permettre de se re\u0301tablir comple\u0300tement. Cette de\u0301cision a e\u0301te\u0301 prise a\u0300 la lumie\u0300re d&rsquo;examens approfondis et en concertation avec les responsables me\u0301dicaux de son club, Manchester United.<\/p>\n<p>Re\u0301pute\u0301 pour sa vivacite\u0301 et sa cre\u0301ativite\u0301 sur le terrain, l\u2019ancien joueur de l\u2019Atalanta a souvent e\u0301te\u0301 un atout majeur pour les E\u0301le\u0301phants, que ce soit lors des pre\u0301ce\u0301dents matchs de qualification ou durant ses apparitions avec Manchester United en Premier League. Son talent, associe\u0301 a\u0300 son jeune a\u0302ge, en fait l&rsquo;une des figures montantes du football ivoirien et continental. Cependant, sa sante\u0301 doit rester une priorite\u0301, tant pour l\u2019e\u0301quipe nationale que pour son avenir en club.<\/p>\n<p>En conse\u0301quence, Amad Diallo retourne a\u0300 Manchester ce mercredi 09 octobre 2024 afin de poursuivre un suivi me\u0301dical sous la supervision du staff me\u0301dical de son club.<\/p>\n<p>Toutefois, l&rsquo;encadrement technique des E\u0301le\u0301phants, dirige\u0301 par le se\u0301lectionneur Emerse Fae\u0301, dispose d&rsquo;autres options offensives pour compenser l\u2019absence d\u2019Amad Diallo, bien que ce dernier soit conside\u0301re\u0301 comme un joueur cle\u0301 dans le sche\u0301ma tactique de l&rsquo;e\u0301quipe.<\/p>\n<p>En de\u0301pit de cette situation, la Co\u0302te d&rsquo;Ivoire devra se concentrer pleinement sur les rencontres a\u0300 venir. Ces matchs de qualification sont cruciaux pour leur chemin vers la CAN 2025 au Maroc, un tournoi pour lequel les attentes des supporters ivoiriens sont particulie\u0300rement e\u0301leve\u0301es.<\/p>\n<p><strong>Pour plus d&rsquo;informations et d&rsquo;analyses sur la C\u00f4te d&rsquo;Ivoire, suivez Africa-Press<\/strong><\/p>\n","protected":false},"excerpt":{"rendered":"<p>Africa-Press &#8211; C\u00f4te d&rsquo;Ivoire. La Fe\u0301de\u0301ration Ivoirienne de Football (FIF) a annonce\u0301 ce mercredi 9 octobre 2024, dans un communique\u0301 adresse\u0301 a\u0300 la presse nationale et internationale, que l&rsquo;international ivoirien Amad Diallo ne pourra pas participer aux prochaines rencontres des e\u0301liminatoires de la Coupe d&rsquo;Afrique des Nations 2025. Une annonce qui intervient apre\u0300s le forfait [&hellip;]<\/p>\n","protected":false},"author":82,"featured_media":88666,"comment_status":"open","ping_status":"closed","sticky":false,"template":"","format":"standard","meta":{"footnotes":""},"categories":[6,10],"tags":[939,15109,2874,29,3455,498],"class_list":["post-88667","post","type-post","status-publish","format-standard","has-post-thumbnail","hentry","category-sports","category-toutes-les-actualites","tag-amad-diallo","tag-atlanta","tag-can","tag-cote-divoire","tag-elephant","tag-maroc"],"yoast_head":"<!-- This site is optimized with the Yoast SEO Premium plugin v26.1 (Yoast SEO v27.0) - https:\/\/yoast.com\/product\/yoast-seo-premium-wordpress\/ -->\n<title>\u00c9lim CAN 2025, apr\u00e8s S\u00e9bastien Haller, l&#039;attaquant Amad Diallo contraint au forfait, la FIF donne des pr\u00e9cisions - C\u00f4te d&#039;Ivoire<\/title>\n<meta name=\"description\" content=\"La Fe\u0301de\u0301ration Ivoirienne de Football (FIF) a annonce\u0301 ce mercredi 9 octobre 2024, dans un communique\u0301 adresse\u0301 a\u0300 la p ...\" \/>\n<meta name=\"robots\" content=\"index, follow, max-snippet:-1, max-image-preview:large, max-video-preview:-1\" \/>\n<link rel=\"canonical\" href=\"https:\/\/www.africa-press.net\/cotedivoire\/sports\/elim-can-2025-apres-sebastien-haller-lattaquant-amad-diallo-contraint-au-forfait-la-fif-donne-des-precisions\" \/>\n<meta property=\"og:locale\" content=\"fr_FR\" \/>\n<meta property=\"og:type\" content=\"article\" \/>\n<meta property=\"og:title\" content=\"\u00c9lim CAN 2025, apr\u00e8s S\u00e9bastien Haller, l&#039;attaquant Amad Diallo contraint au forfait, la FIF donne des pr\u00e9cisions\" \/>\n<meta property=\"og:description\" content=\"La Fe\u0301de\u0301ration Ivoirienne de Football (FIF) a annonce\u0301 ce mercredi 9 octobre 2024, dans un communique\u0301 adresse\u0301 a\u0300 la p ...\" \/>\n<meta property=\"og:url\" content=\"https:\/\/www.africa-press.net\/cotedivoire\/sports\/elim-can-2025-apres-sebastien-haller-lattaquant-amad-diallo-contraint-au-forfait-la-fif-donne-des-precisions\" \/>\n<meta property=\"og:site_name\" content=\"C\u00f4te d&#039;Ivoire\" \/>\n<meta property=\"article:published_time\" content=\"2024-10-09T18:56:13+00:00\" \/>\n<meta property=\"article:modified_time\" content=\"2024-10-09T19:14:53+00:00\" \/>\n<meta property=\"og:image\" content=\"https:\/\/static.africa-press.net\/cote\/sites\/43\/2024\/10\/sm_1728488541.692556.jpg\" \/>\n\t<meta property=\"og:image:width\" content=\"720\" \/>\n\t<meta property=\"og:image:height\" content=\"422\" \/>\n\t<meta property=\"og:image:type\" content=\"image\/jpeg\" \/>\n<meta name=\"author\" content=\"cfeditorfr\" \/>\n<meta name=\"twitter:card\" content=\"summary_large_image\" \/>\n<meta name=\"twitter:label1\" content=\"\u00c9crit par\" \/>\n\t<meta name=\"twitter:data1\" content=\"cfeditorfr\" \/>\n\t<meta name=\"twitter:label2\" content=\"Dur\u00e9e de lecture estim\u00e9e\" \/>\n\t<meta name=\"twitter:data2\" content=\"3 minutes\" \/>\n<script type=\"application\/ld+json\" class=\"yoast-schema-graph\">{\"@context\":\"https:\/\/schema.org\",\"@graph\":[{\"@type\":\"Article\",\"@id\":\"https:\/\/www.africa-press.net\/cotedivoire\/sports\/elim-can-2025-apres-sebastien-haller-lattaquant-amad-diallo-contraint-au-forfait-la-fif-donne-des-precisions#article\",\"isPartOf\":{\"@id\":\"https:\/\/www.africa-press.net\/cotedivoire\/sports\/elim-can-2025-apres-sebastien-haller-lattaquant-amad-diallo-contraint-au-forfait-la-fif-donne-des-precisions\"},\"author\":{\"name\":\"cfeditorfr\",\"@id\":\"https:\/\/www.africa-press.net\/cotedivoire\/#\/schema\/person\/2b1cf3cd81a31e3cd26889ca66d677f1\"},\"headline\":\"\u00c9lim CAN 2025, apr\u00e8s S\u00e9bastien Haller, l&rsquo;attaquant Amad Diallo contraint au forfait, la FIF donne des pr\u00e9cisions\",\"datePublished\":\"2024-10-09T18:56:13+00:00\",\"dateModified\":\"2024-10-09T19:14:53+00:00\",\"mainEntityOfPage\":{\"@id\":\"https:\/\/www.africa-press.net\/cotedivoire\/sports\/elim-can-2025-apres-sebastien-haller-lattaquant-amad-diallo-contraint-au-forfait-la-fif-donne-des-precisions\"},\"wordCount\":491,\"commentCount\":0,\"image\":{\"@id\":\"https:\/\/www.africa-press.net\/cotedivoire\/sports\/elim-can-2025-apres-sebastien-haller-lattaquant-amad-diallo-contraint-au-forfait-la-fif-donne-des-precisions#primaryimage\"},\"thumbnailUrl\":\"https:\/\/static.africa-press.net\/cote\/sites\/43\/2024\/10\/sm_1728488541.692556.jpg\",\"keywords\":[\"Amad Diallo\",\"Atlanta\",\"CAN\",\"C\u00d4TE D'IVOIRE\",\"\u00e9l\u00e9phant\",\"Maroc\"],\"articleSection\":[\"Sports\",\"Toutes les actualit\u00e9s\"],\"inLanguage\":\"fr-FR\",\"potentialAction\":[{\"@type\":\"CommentAction\",\"name\":\"Comment\",\"target\":[\"https:\/\/www.africa-press.net\/cotedivoire\/sports\/elim-can-2025-apres-sebastien-haller-lattaquant-amad-diallo-contraint-au-forfait-la-fif-donne-des-precisions#respond\"]}]},{\"@type\":\"WebPage\",\"@id\":\"https:\/\/www.africa-press.net\/cotedivoire\/sports\/elim-can-2025-apres-sebastien-haller-lattaquant-amad-diallo-contraint-au-forfait-la-fif-donne-des-precisions\",\"url\":\"https:\/\/www.africa-press.net\/cotedivoire\/sports\/elim-can-2025-apres-sebastien-haller-lattaquant-amad-diallo-contraint-au-forfait-la-fif-donne-des-precisions\",\"name\":\"\u00c9lim CAN 2025, apr\u00e8s S\u00e9bastien Haller, l'attaquant Amad Diallo contraint au forfait, la FIF donne des pr\u00e9cisions - C\u00f4te d&#039;Ivoire\",\"isPartOf\":{\"@id\":\"https:\/\/www.africa-press.net\/cotedivoire\/#website\"},\"primaryImageOfPage\":{\"@id\":\"https:\/\/www.africa-press.net\/cotedivoire\/sports\/elim-can-2025-apres-sebastien-haller-lattaquant-amad-diallo-contraint-au-forfait-la-fif-donne-des-precisions#primaryimage\"},\"image\":{\"@id\":\"https:\/\/www.africa-press.net\/cotedivoire\/sports\/elim-can-2025-apres-sebastien-haller-lattaquant-amad-diallo-contraint-au-forfait-la-fif-donne-des-precisions#primaryimage\"},\"thumbnailUrl\":\"https:\/\/static.africa-press.net\/cote\/sites\/43\/2024\/10\/sm_1728488541.692556.jpg\",\"datePublished\":\"2024-10-09T18:56:13+00:00\",\"dateModified\":\"2024-10-09T19:14:53+00:00\",\"author\":{\"@id\":\"https:\/\/www.africa-press.net\/cotedivoire\/#\/schema\/person\/2b1cf3cd81a31e3cd26889ca66d677f1\"},\"description\":\"La Fe\u0301de\u0301ration Ivoirienne de Football (FIF) a annonce\u0301 ce mercredi 9 octobre 2024, dans un communique\u0301 adresse\u0301 a\u0300 la p ...\",\"breadcrumb\":{\"@id\":\"https:\/\/www.africa-press.net\/cotedivoire\/sports\/elim-can-2025-apres-sebastien-haller-lattaquant-amad-diallo-contraint-au-forfait-la-fif-donne-des-precisions#breadcrumb\"},\"inLanguage\":\"fr-FR\",\"potentialAction\":[{\"@type\":\"ReadAction\",\"target\":[\"https:\/\/www.africa-press.net\/cotedivoire\/sports\/elim-can-2025-apres-sebastien-haller-lattaquant-amad-diallo-contraint-au-forfait-la-fif-donne-des-precisions\"]}]},{\"@type\":\"ImageObject\",\"inLanguage\":\"fr-FR\",\"@id\":\"https:\/\/www.africa-press.net\/cotedivoire\/sports\/elim-can-2025-apres-sebastien-haller-lattaquant-amad-diallo-contraint-au-forfait-la-fif-donne-des-precisions#primaryimage\",\"url\":\"https:\/\/static.africa-press.net\/cote\/sites\/43\/2024\/10\/sm_1728488541.692556.jpg\",\"contentUrl\":\"https:\/\/static.africa-press.net\/cote\/sites\/43\/2024\/10\/sm_1728488541.692556.jpg\",\"width\":720,\"height\":422,\"caption\":\"\u00c9lim CAN 2025, apr\u00e8s S\u00e9bastien Haller, l'attaquant Amad Diallo contraint au forfait, la FIF donne des pr\u00e9cisions\"},{\"@type\":\"BreadcrumbList\",\"@id\":\"https:\/\/www.africa-press.net\/cotedivoire\/sports\/elim-can-2025-apres-sebastien-haller-lattaquant-amad-diallo-contraint-au-forfait-la-fif-donne-des-precisions#breadcrumb\",\"itemListElement\":[{\"@type\":\"ListItem\",\"position\":1,\"name\":\"Accueil\",\"item\":\"https:\/\/www.africa-press.net\/cotedivoire\/\"},{\"@type\":\"ListItem\",\"position\":2,\"name\":\"\u00c9lim CAN 2025, apr\u00e8s S\u00e9bastien Haller, l&#8217;attaquant Amad Diallo contraint au forfait, la FIF donne des pr\u00e9cisions\"}]},{\"@type\":\"WebSite\",\"@id\":\"https:\/\/www.africa-press.net\/cotedivoire\/#website\",\"url\":\"https:\/\/www.africa-press.net\/cotedivoire\/\",\"name\":\"C\u00f4te d&#039;Ivoire\",\"description\":\"Just another Africa News Agency Sites site\",\"potentialAction\":[{\"@type\":\"SearchAction\",\"target\":{\"@type\":\"EntryPoint\",\"urlTemplate\":\"https:\/\/www.africa-press.net\/cotedivoire\/?s={search_term_string}\"},\"query-input\":{\"@type\":\"PropertyValueSpecification\",\"valueRequired\":true,\"valueName\":\"search_term_string\"}}],\"inLanguage\":\"fr-FR\"},{\"@type\":\"Person\",\"@id\":\"https:\/\/www.africa-press.net\/cotedivoire\/#\/schema\/person\/2b1cf3cd81a31e3cd26889ca66d677f1\",\"name\":\"cfeditorfr\"}]}<\/script>\n<!-- \/ Yoast SEO Premium plugin. -->","yoast_head_json":{"title":"\u00c9lim CAN 2025, apr\u00e8s S\u00e9bastien Haller, l'attaquant Amad Diallo contraint au forfait, la FIF donne des pr\u00e9cisions - C\u00f4te d&#039;Ivoire","description":"La Fe\u0301de\u0301ration Ivoirienne de Football (FIF) a annonce\u0301 ce mercredi 9 octobre 2024, dans un communique\u0301 adresse\u0301 a\u0300 la p ...","robots":{"index":"index","follow":"follow","max-snippet":"max-snippet:-1","max-image-preview":"max-image-preview:large","max-video-preview":"max-video-preview:-1"},"canonical":"https:\/\/www.africa-press.net\/cotedivoire\/sports\/elim-can-2025-apres-sebastien-haller-lattaquant-amad-diallo-contraint-au-forfait-la-fif-donne-des-precisions","og_locale":"fr_FR","og_type":"article","og_title":"\u00c9lim CAN 2025, apr\u00e8s S\u00e9bastien Haller, l'attaquant Amad Diallo contraint au forfait, la FIF donne des pr\u00e9cisions","og_description":"La Fe\u0301de\u0301ration Ivoirienne de Football (FIF) a annonce\u0301 ce mercredi 9 octobre 2024, dans un communique\u0301 adresse\u0301 a\u0300 la p ...","og_url":"https:\/\/www.africa-press.net\/cotedivoire\/sports\/elim-can-2025-apres-sebastien-haller-lattaquant-amad-diallo-contraint-au-forfait-la-fif-donne-des-precisions","og_site_name":"C\u00f4te d&#039;Ivoire","article_published_time":"2024-10-09T18:56:13+00:00","article_modified_time":"2024-10-09T19:14:53+00:00","og_image":[{"width":720,"height":422,"url":"https:\/\/static.africa-press.net\/cote\/sites\/43\/2024\/10\/sm_1728488541.692556.jpg","type":"image\/jpeg"}],"author":"cfeditorfr","twitter_card":"summary_large_image","twitter_misc":{"\u00c9crit par":"cfeditorfr","Dur\u00e9e de lecture estim\u00e9e":"3 minutes"},"schema":{"@context":"https:\/\/schema.org","@graph":[{"@type":"Article","@id":"https:\/\/www.africa-press.net\/cotedivoire\/sports\/elim-can-2025-apres-sebastien-haller-lattaquant-amad-diallo-contraint-au-forfait-la-fif-donne-des-precisions#article","isPartOf":{"@id":"https:\/\/www.africa-press.net\/cotedivoire\/sports\/elim-can-2025-apres-sebastien-haller-lattaquant-amad-diallo-contraint-au-forfait-la-fif-donne-des-precisions"},"author":{"name":"cfeditorfr","@id":"https:\/\/www.africa-press.net\/cotedivoire\/#\/schema\/person\/2b1cf3cd81a31e3cd26889ca66d677f1"},"headline":"\u00c9lim CAN 2025, apr\u00e8s S\u00e9bastien Haller, l&rsquo;attaquant Amad Diallo contraint au forfait, la FIF donne des pr\u00e9cisions","datePublished":"2024-10-09T18:56:13+00:00","dateModified":"2024-10-09T19:14:53+00:00","mainEntityOfPage":{"@id":"https:\/\/www.africa-press.net\/cotedivoire\/sports\/elim-can-2025-apres-sebastien-haller-lattaquant-amad-diallo-contraint-au-forfait-la-fif-donne-des-precisions"},"wordCount":491,"commentCount":0,"image":{"@id":"https:\/\/www.africa-press.net\/cotedivoire\/sports\/elim-can-2025-apres-sebastien-haller-lattaquant-amad-diallo-contraint-au-forfait-la-fif-donne-des-precisions#primaryimage"},"thumbnailUrl":"https:\/\/static.africa-press.net\/cote\/sites\/43\/2024\/10\/sm_1728488541.692556.jpg","keywords":["Amad Diallo","Atlanta","CAN","C\u00d4TE D'IVOIRE","\u00e9l\u00e9phant","Maroc"],"articleSection":["Sports","Toutes les actualit\u00e9s"],"inLanguage":"fr-FR","potentialAction":[{"@type":"CommentAction","name":"Comment","target":["https:\/\/www.africa-press.net\/cotedivoire\/sports\/elim-can-2025-apres-sebastien-haller-lattaquant-amad-diallo-contraint-au-forfait-la-fif-donne-des-precisions#respond"]}]},{"@type":"WebPage","@id":"https:\/\/www.africa-press.net\/cotedivoire\/sports\/elim-can-2025-apres-sebastien-haller-lattaquant-amad-diallo-contraint-au-forfait-la-fif-donne-des-precisions","url":"https:\/\/www.africa-press.net\/cotedivoire\/sports\/elim-can-2025-apres-sebastien-haller-lattaquant-amad-diallo-contraint-au-forfait-la-fif-donne-des-precisions","name":"\u00c9lim CAN 2025, apr\u00e8s S\u00e9bastien Haller, l'attaquant Amad Diallo contraint au forfait, la FIF donne des pr\u00e9cisions - C\u00f4te d&#039;Ivoire","isPartOf":{"@id":"https:\/\/www.africa-press.net\/cotedivoire\/#website"},"primaryImageOfPage":{"@id":"https:\/\/www.africa-press.net\/cotedivoire\/sports\/elim-can-2025-apres-sebastien-haller-lattaquant-amad-diallo-contraint-au-forfait-la-fif-donne-des-precisions#primaryimage"},"image":{"@id":"https:\/\/www.africa-press.net\/cotedivoire\/sports\/elim-can-2025-apres-sebastien-haller-lattaquant-amad-diallo-contraint-au-forfait-la-fif-donne-des-precisions#primaryimage"},"thumbnailUrl":"https:\/\/static.africa-press.net\/cote\/sites\/43\/2024\/10\/sm_1728488541.692556.jpg","datePublished":"2024-10-09T18:56:13+00:00","dateModified":"2024-10-09T19:14:53+00:00","author":{"@id":"https:\/\/www.africa-press.net\/cotedivoire\/#\/schema\/person\/2b1cf3cd81a31e3cd26889ca66d677f1"},"description":"La Fe\u0301de\u0301ration Ivoirienne de Football (FIF) a annonce\u0301 ce mercredi 9 octobre 2024, dans un communique\u0301 adresse\u0301 a\u0300 la p ...","breadcrumb":{"@id":"https:\/\/www.africa-press.net\/cotedivoire\/sports\/elim-can-2025-apres-sebastien-haller-lattaquant-amad-diallo-contraint-au-forfait-la-fif-donne-des-precisions#breadcrumb"},"inLanguage":"fr-FR","potentialAction":[{"@type":"ReadAction","target":["https:\/\/www.africa-press.net\/cotedivoire\/sports\/elim-can-2025-apres-sebastien-haller-lattaquant-amad-diallo-contraint-au-forfait-la-fif-donne-des-precisions"]}]},{"@type":"ImageObject","inLanguage":"fr-FR","@id":"https:\/\/www.africa-press.net\/cotedivoire\/sports\/elim-can-2025-apres-sebastien-haller-lattaquant-amad-diallo-contraint-au-forfait-la-fif-donne-des-precisions#primaryimage","url":"https:\/\/static.africa-press.net\/cote\/sites\/43\/2024\/10\/sm_1728488541.692556.jpg","contentUrl":"https:\/\/static.africa-press.net\/cote\/sites\/43\/2024\/10\/sm_1728488541.692556.jpg","width":720,"height":422,"caption":"\u00c9lim CAN 2025, apr\u00e8s S\u00e9bastien Haller, l'attaquant Amad Diallo contraint au forfait, la FIF donne des pr\u00e9cisions"},{"@type":"BreadcrumbList","@id":"https:\/\/www.africa-press.net\/cotedivoire\/sports\/elim-can-2025-apres-sebastien-haller-lattaquant-amad-diallo-contraint-au-forfait-la-fif-donne-des-precisions#breadcrumb","itemListElement":[{"@type":"ListItem","position":1,"name":"Accueil","item":"https:\/\/www.africa-press.net\/cotedivoire\/"},{"@type":"ListItem","position":2,"name":"\u00c9lim CAN 2025, apr\u00e8s S\u00e9bastien Haller, l&#8217;attaquant Amad Diallo contraint au forfait, la FIF donne des pr\u00e9cisions"}]},{"@type":"WebSite","@id":"https:\/\/www.africa-press.net\/cotedivoire\/#website","url":"https:\/\/www.africa-press.net\/cotedivoire\/","name":"C\u00f4te d&#039;Ivoire","description":"Just another Africa News Agency Sites site","potentialAction":[{"@type":"SearchAction","target":{"@type":"EntryPoint","urlTemplate":"https:\/\/www.africa-press.net\/cotedivoire\/?s={search_term_string}"},"query-input":{"@type":"PropertyValueSpecification","valueRequired":true,"valueName":"search_term_string"}}],"inLanguage":"fr-FR"},{"@type":"Person","@id":"https:\/\/www.africa-press.net\/cotedivoire\/#\/schema\/person\/2b1cf3cd81a31e3cd26889ca66d677f1","name":"cfeditorfr"}]}},"_links":{"self":[{"href":"https:\/\/www.africa-press.net\/cotedivoire\/wp-json\/wp\/v2\/posts\/88667","targetHints":{"allow":["GET"]}}],"collection":[{"href":"https:\/\/www.africa-press.net\/cotedivoire\/wp-json\/wp\/v2\/posts"}],"about":[{"href":"https:\/\/www.africa-press.net\/cotedivoire\/wp-json\/wp\/v2\/types\/post"}],"author":[{"embeddable":true,"href":"https:\/\/www.africa-press.net\/cotedivoire\/wp-json\/wp\/v2\/users\/82"}],"replies":[{"embeddable":true,"href":"https:\/\/www.africa-press.net\/cotedivoire\/wp-json\/wp\/v2\/comments?post=88667"}],"version-history":[{"count":0,"href":"https:\/\/www.africa-press.net\/cotedivoire\/wp-json\/wp\/v2\/posts\/88667\/revisions"}],"wp:featuredmedia":[{"embeddable":true,"href":"https:\/\/www.africa-press.net\/cotedivoire\/wp-json\/wp\/v2\/media\/88666"}],"wp:attachment":[{"href":"https:\/\/www.africa-press.net\/cotedivoire\/wp-json\/wp\/v2\/media?parent=88667"}],"wp:term":[{"taxonomy":"category","embeddable":true,"href":"https:\/\/www.africa-press.net\/cotedivoire\/wp-json\/wp\/v2\/categories?post=88667"},{"taxonomy":"post_tag","embeddable":true,"href":"https:\/\/www.africa-press.net\/cotedivoire\/wp-json\/wp\/v2\/tags?post=88667"}],"curies":[{"name":"wp","href":"https:\/\/api.w.org\/{rel}","templated":true}]}}