{"id":88684,"date":"2024-10-09T18:59:41","date_gmt":"2024-10-09T18:59:41","guid":{"rendered":"https:\/\/www.africa-press.net\/cotedivoire\/politique\/a-quelques-jours-des-3e-et-4e-journees-des-eliminatoires-de-la-can-2025-de-nouvelles-rumeurs-sur-le-salaire-demerse-fae-que-veulent-les-detracteurs-de-la-fif"},"modified":"2024-10-09T19:19:18","modified_gmt":"2024-10-09T19:19:18","slug":"a-quelques-jours-des-3e-et-4e-journees-des-eliminatoires-de-la-can-2025-de-nouvelles-rumeurs-sur-le-salaire-demerse-fae-que-veulent-les-detracteurs-de-la-fif","status":"publish","type":"post","link":"https:\/\/www.africa-press.net\/cotedivoire\/sports\/a-quelques-jours-des-3e-et-4e-journees-des-eliminatoires-de-la-can-2025-de-nouvelles-rumeurs-sur-le-salaire-demerse-fae-que-veulent-les-detracteurs-de-la-fif","title":{"rendered":"A quelques jours des 3\u00e8 et 4\u00e8 journ\u00e9es des \u00e9liminatoires de la CAN 2025, de nouvelles rumeurs sur le salaire d&rsquo;Emerse Fa\u00e9, que veulent les d\u00e9tracteurs de la FIF ?"},"content":{"rendered":"<p><span style=\"color: #ff6600\"><strong>Africa-Press &#8211; C\u00f4te d&rsquo;Ivoire. <\/strong><\/span>Alors que le se\u0301lectionneur ivoirien, Emerse Fae\u0301, et son groupe sont en pleine pre\u0301paration des 3e\u0300 et 4e\u0300 journe\u0301es des e\u0301liminatoires de la CAN Maroc 2025, que de nouvelles rumeurs circulent sur son salaire.<\/p>\n<p>Selon plusieurs sources occidentales, le successeur de Jean-Louis Gasset toucherait 75 mille euros, soit 49 millions de FCFA.<\/p>\n<p>\u00ab Avec ce salaire, Emerse Fae\u0301 repre\u0301sente la Co\u0302te d\u2019Ivoire dans le classement des entrai\u0302neurs les mieux pays en Afrique. Il y occupe la 2e place \u00bb, rapporte-t-on.<\/p>\n<p>Mais la question que l\u2019on pourrait se poser \u2018est de savoir pourquoi cette pole\u0301mique sur le salaire du technicien ivoirien revient dans les me\u0301dias.<\/p>\n<p>Alors que ni le concerne\u0301, ni l\u2019employeur n\u2019ont jamais re\u0301ve\u0301le\u0301 le contenu du contrat qui les lient.<\/p>\n<p>Emerse Fae\u0301 a e\u0301te\u0301 confirme\u0301 a\u0300 son poste de se\u0301lectionneur de la Co\u0302te d\u2019Ivoire apre\u0300s le succe\u0300s a\u0300 la CAN 2023 en fe\u0301vrier dernier.<\/p>\n<p>Il a pour objectif de qualifier les e\u0301le\u0301phants pour la CAN 2025 au Maroc et le Mondial 2026, pre\u0301vu conjointement au Canada, aux Etats-Unis et au Mexique.<\/p>\n<p>Pour l\u2019heure, il est sur la bonne voie et pourrait composter le ticket de la co\u0302te d\u2019Ivoire pour la CAN 2025 en cas de victoires contre la Sierra-Le\u0301one dans la double confrontation pre\u0301vue le vendredi 11 Octobre 2024, a\u0300 San Pedro avant le retour au Liberia, le mardi 15 octobre 2024.<\/p>\n<p>Donc il serait temps de mettre fin aux pole\u0301miques inutiles sur le salaire d\u2019Emerse Fae\u0301 et se concentrer sur l\u2019essentiel pour la bonne marche du football ivoirien.<\/p>\n<p><strong>Pour plus d&rsquo;informations et d&rsquo;analyses sur la C\u00f4te d&rsquo;Ivoire, suivez Africa-Press<\/strong><\/p>\n","protected":false},"excerpt":{"rendered":"<p>Africa-Press &#8211; C\u00f4te d&rsquo;Ivoire. Alors que le se\u0301lectionneur ivoirien, Emerse Fae\u0301, et son groupe sont en pleine pre\u0301paration des 3e\u0300 et 4e\u0300 journe\u0301es des e\u0301liminatoires de la CAN Maroc 2025, que de nouvelles rumeurs circulent sur son salaire. Selon plusieurs sources occidentales, le successeur de Jean-Louis Gasset toucherait 75 mille euros, soit 49 millions de [&hellip;]<\/p>\n","protected":false},"author":82,"featured_media":88683,"comment_status":"open","ping_status":"closed","sticky":false,"template":"","format":"standard","meta":{"footnotes":""},"categories":[6,10],"tags":[13587,29,526,12422,859,10996,1769],"class_list":["post-88684","post","type-post","status-publish","format-standard","has-post-thumbnail","hentry","category-sports","category-toutes-les-actualites","tag-can-2025","tag-cote-divoire","tag-elephants","tag-emerse-fae","tag-fif","tag-rumeurs","tag-salaire"],"yoast_head":"<!-- This site is optimized with the Yoast SEO Premium plugin v26.1 (Yoast SEO v27.0) - https:\/\/yoast.com\/product\/yoast-seo-premium-wordpress\/ -->\n<title>A quelques jours des 3\u00e8 et 4\u00e8 journ\u00e9es des \u00e9liminatoires de la CAN 2025, de nouvelles rumeurs sur le salaire d&#039;Emerse Fa\u00e9, que veulent les d\u00e9tracteurs de la FIF ? - C\u00f4te d&#039;Ivoire<\/title>\n<meta name=\"description\" content=\"Alors que le se\u0301lectionneur ivoirien, Emerse Fae\u0301, et son groupe sont en pleine pre\u0301paration des 3e\u0300 et 4e\u0300 journe\u0301es de ...\" \/>\n<meta name=\"robots\" content=\"index, follow, max-snippet:-1, max-image-preview:large, max-video-preview:-1\" \/>\n<link rel=\"canonical\" href=\"https:\/\/www.africa-press.net\/cotedivoire\/sports\/a-quelques-jours-des-3e-et-4e-journees-des-eliminatoires-de-la-can-2025-de-nouvelles-rumeurs-sur-le-salaire-demerse-fae-que-veulent-les-detracteurs-de-la-fif\" \/>\n<meta property=\"og:locale\" content=\"fr_FR\" \/>\n<meta property=\"og:type\" content=\"article\" \/>\n<meta property=\"og:title\" content=\"A quelques jours des 3\u00e8 et 4\u00e8 journ\u00e9es des \u00e9liminatoires de la CAN 2025, de nouvelles rumeurs sur le salaire d&#039;Emerse Fa\u00e9, que veulent les d\u00e9tracteurs de la FIF ?\" \/>\n<meta property=\"og:description\" content=\"Alors que le se\u0301lectionneur ivoirien, Emerse Fae\u0301, et son groupe sont en pleine pre\u0301paration des 3e\u0300 et 4e\u0300 journe\u0301es de ...\" \/>\n<meta property=\"og:url\" content=\"https:\/\/www.africa-press.net\/cotedivoire\/sports\/a-quelques-jours-des-3e-et-4e-journees-des-eliminatoires-de-la-can-2025-de-nouvelles-rumeurs-sur-le-salaire-demerse-fae-que-veulent-les-detracteurs-de-la-fif\" \/>\n<meta property=\"og:site_name\" content=\"C\u00f4te d&#039;Ivoire\" \/>\n<meta property=\"article:published_time\" content=\"2024-10-09T18:59:41+00:00\" \/>\n<meta property=\"article:modified_time\" content=\"2024-10-09T19:19:18+00:00\" \/>\n<meta property=\"og:image\" content=\"https:\/\/static.africa-press.net\/cote\/sites\/43\/2024\/10\/sm_1728488668.776357.jpg\" \/>\n\t<meta property=\"og:image:width\" content=\"720\" \/>\n\t<meta property=\"og:image:height\" content=\"480\" \/>\n\t<meta property=\"og:image:type\" content=\"image\/jpeg\" \/>\n<meta name=\"author\" content=\"cfeditorfr\" \/>\n<meta name=\"twitter:card\" content=\"summary_large_image\" \/>\n<meta name=\"twitter:label1\" content=\"\u00c9crit par\" \/>\n\t<meta name=\"twitter:data1\" content=\"cfeditorfr\" \/>\n\t<meta name=\"twitter:label2\" content=\"Dur\u00e9e de lecture estim\u00e9e\" \/>\n\t<meta name=\"twitter:data2\" content=\"2 minutes\" \/>\n<script type=\"application\/ld+json\" class=\"yoast-schema-graph\">{\"@context\":\"https:\/\/schema.org\",\"@graph\":[{\"@type\":\"Article\",\"@id\":\"https:\/\/www.africa-press.net\/cotedivoire\/sports\/a-quelques-jours-des-3e-et-4e-journees-des-eliminatoires-de-la-can-2025-de-nouvelles-rumeurs-sur-le-salaire-demerse-fae-que-veulent-les-detracteurs-de-la-fif#article\",\"isPartOf\":{\"@id\":\"https:\/\/www.africa-press.net\/cotedivoire\/sports\/a-quelques-jours-des-3e-et-4e-journees-des-eliminatoires-de-la-can-2025-de-nouvelles-rumeurs-sur-le-salaire-demerse-fae-que-veulent-les-detracteurs-de-la-fif\"},\"author\":{\"name\":\"cfeditorfr\",\"@id\":\"https:\/\/www.africa-press.net\/cotedivoire\/#\/schema\/person\/2b1cf3cd81a31e3cd26889ca66d677f1\"},\"headline\":\"A quelques jours des 3\u00e8 et 4\u00e8 journ\u00e9es des \u00e9liminatoires de la CAN 2025, de nouvelles rumeurs sur le salaire d&rsquo;Emerse Fa\u00e9, que veulent les d\u00e9tracteurs de la FIF ?\",\"datePublished\":\"2024-10-09T18:59:41+00:00\",\"dateModified\":\"2024-10-09T19:19:18+00:00\",\"mainEntityOfPage\":{\"@id\":\"https:\/\/www.africa-press.net\/cotedivoire\/sports\/a-quelques-jours-des-3e-et-4e-journees-des-eliminatoires-de-la-can-2025-de-nouvelles-rumeurs-sur-le-salaire-demerse-fae-que-veulent-les-detracteurs-de-la-fif\"},\"wordCount\":320,\"commentCount\":0,\"image\":{\"@id\":\"https:\/\/www.africa-press.net\/cotedivoire\/sports\/a-quelques-jours-des-3e-et-4e-journees-des-eliminatoires-de-la-can-2025-de-nouvelles-rumeurs-sur-le-salaire-demerse-fae-que-veulent-les-detracteurs-de-la-fif#primaryimage\"},\"thumbnailUrl\":\"https:\/\/static.africa-press.net\/cote\/sites\/43\/2024\/10\/sm_1728488668.776357.jpg\",\"keywords\":[\"CAN 2025\",\"C\u00d4TE D'IVOIRE\",\"\u00e9l\u00e9phants\",\"Emerse Fae\",\"FIF\",\"rumeurs\",\"salaire\"],\"articleSection\":[\"Sports\",\"Toutes les actualit\u00e9s\"],\"inLanguage\":\"fr-FR\",\"potentialAction\":[{\"@type\":\"CommentAction\",\"name\":\"Comment\",\"target\":[\"https:\/\/www.africa-press.net\/cotedivoire\/sports\/a-quelques-jours-des-3e-et-4e-journees-des-eliminatoires-de-la-can-2025-de-nouvelles-rumeurs-sur-le-salaire-demerse-fae-que-veulent-les-detracteurs-de-la-fif#respond\"]}]},{\"@type\":\"WebPage\",\"@id\":\"https:\/\/www.africa-press.net\/cotedivoire\/sports\/a-quelques-jours-des-3e-et-4e-journees-des-eliminatoires-de-la-can-2025-de-nouvelles-rumeurs-sur-le-salaire-demerse-fae-que-veulent-les-detracteurs-de-la-fif\",\"url\":\"https:\/\/www.africa-press.net\/cotedivoire\/sports\/a-quelques-jours-des-3e-et-4e-journees-des-eliminatoires-de-la-can-2025-de-nouvelles-rumeurs-sur-le-salaire-demerse-fae-que-veulent-les-detracteurs-de-la-fif\",\"name\":\"A quelques jours des 3\u00e8 et 4\u00e8 journ\u00e9es des \u00e9liminatoires de la CAN 2025, de nouvelles rumeurs sur le salaire d'Emerse Fa\u00e9, que veulent les d\u00e9tracteurs de la FIF ? - C\u00f4te d&#039;Ivoire\",\"isPartOf\":{\"@id\":\"https:\/\/www.africa-press.net\/cotedivoire\/#website\"},\"primaryImageOfPage\":{\"@id\":\"https:\/\/www.africa-press.net\/cotedivoire\/sports\/a-quelques-jours-des-3e-et-4e-journees-des-eliminatoires-de-la-can-2025-de-nouvelles-rumeurs-sur-le-salaire-demerse-fae-que-veulent-les-detracteurs-de-la-fif#primaryimage\"},\"image\":{\"@id\":\"https:\/\/www.africa-press.net\/cotedivoire\/sports\/a-quelques-jours-des-3e-et-4e-journees-des-eliminatoires-de-la-can-2025-de-nouvelles-rumeurs-sur-le-salaire-demerse-fae-que-veulent-les-detracteurs-de-la-fif#primaryimage\"},\"thumbnailUrl\":\"https:\/\/static.africa-press.net\/cote\/sites\/43\/2024\/10\/sm_1728488668.776357.jpg\",\"datePublished\":\"2024-10-09T18:59:41+00:00\",\"dateModified\":\"2024-10-09T19:19:18+00:00\",\"author\":{\"@id\":\"https:\/\/www.africa-press.net\/cotedivoire\/#\/schema\/person\/2b1cf3cd81a31e3cd26889ca66d677f1\"},\"description\":\"Alors que le se\u0301lectionneur ivoirien, Emerse Fae\u0301, et son groupe sont en pleine pre\u0301paration des 3e\u0300 et 4e\u0300 journe\u0301es de ...\",\"breadcrumb\":{\"@id\":\"https:\/\/www.africa-press.net\/cotedivoire\/sports\/a-quelques-jours-des-3e-et-4e-journees-des-eliminatoires-de-la-can-2025-de-nouvelles-rumeurs-sur-le-salaire-demerse-fae-que-veulent-les-detracteurs-de-la-fif#breadcrumb\"},\"inLanguage\":\"fr-FR\",\"potentialAction\":[{\"@type\":\"ReadAction\",\"target\":[\"https:\/\/www.africa-press.net\/cotedivoire\/sports\/a-quelques-jours-des-3e-et-4e-journees-des-eliminatoires-de-la-can-2025-de-nouvelles-rumeurs-sur-le-salaire-demerse-fae-que-veulent-les-detracteurs-de-la-fif\"]}]},{\"@type\":\"ImageObject\",\"inLanguage\":\"fr-FR\",\"@id\":\"https:\/\/www.africa-press.net\/cotedivoire\/sports\/a-quelques-jours-des-3e-et-4e-journees-des-eliminatoires-de-la-can-2025-de-nouvelles-rumeurs-sur-le-salaire-demerse-fae-que-veulent-les-detracteurs-de-la-fif#primaryimage\",\"url\":\"https:\/\/static.africa-press.net\/cote\/sites\/43\/2024\/10\/sm_1728488668.776357.jpg\",\"contentUrl\":\"https:\/\/static.africa-press.net\/cote\/sites\/43\/2024\/10\/sm_1728488668.776357.jpg\",\"width\":720,\"height\":480,\"caption\":\"A quelques jours des 3\u00e8 et 4\u00e8 journ\u00e9es des \u00e9liminatoires de la CAN 2025, de nouvelles rumeurs sur le salaire d'Emerse Fa\u00e9, que veulent les d\u00e9tracteurs de la FIF ?\"},{\"@type\":\"BreadcrumbList\",\"@id\":\"https:\/\/www.africa-press.net\/cotedivoire\/sports\/a-quelques-jours-des-3e-et-4e-journees-des-eliminatoires-de-la-can-2025-de-nouvelles-rumeurs-sur-le-salaire-demerse-fae-que-veulent-les-detracteurs-de-la-fif#breadcrumb\",\"itemListElement\":[{\"@type\":\"ListItem\",\"position\":1,\"name\":\"Accueil\",\"item\":\"https:\/\/www.africa-press.net\/cotedivoire\/\"},{\"@type\":\"ListItem\",\"position\":2,\"name\":\"A quelques jours des 3\u00e8 et 4\u00e8 journ\u00e9es des \u00e9liminatoires de la CAN 2025, de nouvelles rumeurs sur le salaire d&#8217;Emerse Fa\u00e9, que veulent les d\u00e9tracteurs de la FIF ?\"}]},{\"@type\":\"WebSite\",\"@id\":\"https:\/\/www.africa-press.net\/cotedivoire\/#website\",\"url\":\"https:\/\/www.africa-press.net\/cotedivoire\/\",\"name\":\"C\u00f4te d&#039;Ivoire\",\"description\":\"Just another Africa News Agency Sites site\",\"potentialAction\":[{\"@type\":\"SearchAction\",\"target\":{\"@type\":\"EntryPoint\",\"urlTemplate\":\"https:\/\/www.africa-press.net\/cotedivoire\/?s={search_term_string}\"},\"query-input\":{\"@type\":\"PropertyValueSpecification\",\"valueRequired\":true,\"valueName\":\"search_term_string\"}}],\"inLanguage\":\"fr-FR\"},{\"@type\":\"Person\",\"@id\":\"https:\/\/www.africa-press.net\/cotedivoire\/#\/schema\/person\/2b1cf3cd81a31e3cd26889ca66d677f1\",\"name\":\"cfeditorfr\"}]}<\/script>\n<!-- \/ Yoast SEO Premium plugin. -->","yoast_head_json":{"title":"A quelques jours des 3\u00e8 et 4\u00e8 journ\u00e9es des \u00e9liminatoires de la CAN 2025, de nouvelles rumeurs sur le salaire d'Emerse Fa\u00e9, que veulent les d\u00e9tracteurs de la FIF ? - C\u00f4te d&#039;Ivoire","description":"Alors que le se\u0301lectionneur ivoirien, Emerse Fae\u0301, et son groupe sont en pleine pre\u0301paration des 3e\u0300 et 4e\u0300 journe\u0301es de ...","robots":{"index":"index","follow":"follow","max-snippet":"max-snippet:-1","max-image-preview":"max-image-preview:large","max-video-preview":"max-video-preview:-1"},"canonical":"https:\/\/www.africa-press.net\/cotedivoire\/sports\/a-quelques-jours-des-3e-et-4e-journees-des-eliminatoires-de-la-can-2025-de-nouvelles-rumeurs-sur-le-salaire-demerse-fae-que-veulent-les-detracteurs-de-la-fif","og_locale":"fr_FR","og_type":"article","og_title":"A quelques jours des 3\u00e8 et 4\u00e8 journ\u00e9es des \u00e9liminatoires de la CAN 2025, de nouvelles rumeurs sur le salaire d'Emerse Fa\u00e9, que veulent les d\u00e9tracteurs de la FIF ?","og_description":"Alors que le se\u0301lectionneur ivoirien, Emerse Fae\u0301, et son groupe sont en pleine pre\u0301paration des 3e\u0300 et 4e\u0300 journe\u0301es de ...","og_url":"https:\/\/www.africa-press.net\/cotedivoire\/sports\/a-quelques-jours-des-3e-et-4e-journees-des-eliminatoires-de-la-can-2025-de-nouvelles-rumeurs-sur-le-salaire-demerse-fae-que-veulent-les-detracteurs-de-la-fif","og_site_name":"C\u00f4te d&#039;Ivoire","article_published_time":"2024-10-09T18:59:41+00:00","article_modified_time":"2024-10-09T19:19:18+00:00","og_image":[{"width":720,"height":480,"url":"https:\/\/static.africa-press.net\/cote\/sites\/43\/2024\/10\/sm_1728488668.776357.jpg","type":"image\/jpeg"}],"author":"cfeditorfr","twitter_card":"summary_large_image","twitter_misc":{"\u00c9crit par":"cfeditorfr","Dur\u00e9e de lecture estim\u00e9e":"2 minutes"},"schema":{"@context":"https:\/\/schema.org","@graph":[{"@type":"Article","@id":"https:\/\/www.africa-press.net\/cotedivoire\/sports\/a-quelques-jours-des-3e-et-4e-journees-des-eliminatoires-de-la-can-2025-de-nouvelles-rumeurs-sur-le-salaire-demerse-fae-que-veulent-les-detracteurs-de-la-fif#article","isPartOf":{"@id":"https:\/\/www.africa-press.net\/cotedivoire\/sports\/a-quelques-jours-des-3e-et-4e-journees-des-eliminatoires-de-la-can-2025-de-nouvelles-rumeurs-sur-le-salaire-demerse-fae-que-veulent-les-detracteurs-de-la-fif"},"author":{"name":"cfeditorfr","@id":"https:\/\/www.africa-press.net\/cotedivoire\/#\/schema\/person\/2b1cf3cd81a31e3cd26889ca66d677f1"},"headline":"A quelques jours des 3\u00e8 et 4\u00e8 journ\u00e9es des \u00e9liminatoires de la CAN 2025, de nouvelles rumeurs sur le salaire d&rsquo;Emerse Fa\u00e9, que veulent les d\u00e9tracteurs de la FIF ?","datePublished":"2024-10-09T18:59:41+00:00","dateModified":"2024-10-09T19:19:18+00:00","mainEntityOfPage":{"@id":"https:\/\/www.africa-press.net\/cotedivoire\/sports\/a-quelques-jours-des-3e-et-4e-journees-des-eliminatoires-de-la-can-2025-de-nouvelles-rumeurs-sur-le-salaire-demerse-fae-que-veulent-les-detracteurs-de-la-fif"},"wordCount":320,"commentCount":0,"image":{"@id":"https:\/\/www.africa-press.net\/cotedivoire\/sports\/a-quelques-jours-des-3e-et-4e-journees-des-eliminatoires-de-la-can-2025-de-nouvelles-rumeurs-sur-le-salaire-demerse-fae-que-veulent-les-detracteurs-de-la-fif#primaryimage"},"thumbnailUrl":"https:\/\/static.africa-press.net\/cote\/sites\/43\/2024\/10\/sm_1728488668.776357.jpg","keywords":["CAN 2025","C\u00d4TE D'IVOIRE","\u00e9l\u00e9phants","Emerse Fae","FIF","rumeurs","salaire"],"articleSection":["Sports","Toutes les actualit\u00e9s"],"inLanguage":"fr-FR","potentialAction":[{"@type":"CommentAction","name":"Comment","target":["https:\/\/www.africa-press.net\/cotedivoire\/sports\/a-quelques-jours-des-3e-et-4e-journees-des-eliminatoires-de-la-can-2025-de-nouvelles-rumeurs-sur-le-salaire-demerse-fae-que-veulent-les-detracteurs-de-la-fif#respond"]}]},{"@type":"WebPage","@id":"https:\/\/www.africa-press.net\/cotedivoire\/sports\/a-quelques-jours-des-3e-et-4e-journees-des-eliminatoires-de-la-can-2025-de-nouvelles-rumeurs-sur-le-salaire-demerse-fae-que-veulent-les-detracteurs-de-la-fif","url":"https:\/\/www.africa-press.net\/cotedivoire\/sports\/a-quelques-jours-des-3e-et-4e-journees-des-eliminatoires-de-la-can-2025-de-nouvelles-rumeurs-sur-le-salaire-demerse-fae-que-veulent-les-detracteurs-de-la-fif","name":"A quelques jours des 3\u00e8 et 4\u00e8 journ\u00e9es des \u00e9liminatoires de la CAN 2025, de nouvelles rumeurs sur le salaire d'Emerse Fa\u00e9, que veulent les d\u00e9tracteurs de la FIF ? - C\u00f4te d&#039;Ivoire","isPartOf":{"@id":"https:\/\/www.africa-press.net\/cotedivoire\/#website"},"primaryImageOfPage":{"@id":"https:\/\/www.africa-press.net\/cotedivoire\/sports\/a-quelques-jours-des-3e-et-4e-journees-des-eliminatoires-de-la-can-2025-de-nouvelles-rumeurs-sur-le-salaire-demerse-fae-que-veulent-les-detracteurs-de-la-fif#primaryimage"},"image":{"@id":"https:\/\/www.africa-press.net\/cotedivoire\/sports\/a-quelques-jours-des-3e-et-4e-journees-des-eliminatoires-de-la-can-2025-de-nouvelles-rumeurs-sur-le-salaire-demerse-fae-que-veulent-les-detracteurs-de-la-fif#primaryimage"},"thumbnailUrl":"https:\/\/static.africa-press.net\/cote\/sites\/43\/2024\/10\/sm_1728488668.776357.jpg","datePublished":"2024-10-09T18:59:41+00:00","dateModified":"2024-10-09T19:19:18+00:00","author":{"@id":"https:\/\/www.africa-press.net\/cotedivoire\/#\/schema\/person\/2b1cf3cd81a31e3cd26889ca66d677f1"},"description":"Alors que le se\u0301lectionneur ivoirien, Emerse Fae\u0301, et son groupe sont en pleine pre\u0301paration des 3e\u0300 et 4e\u0300 journe\u0301es de ...","breadcrumb":{"@id":"https:\/\/www.africa-press.net\/cotedivoire\/sports\/a-quelques-jours-des-3e-et-4e-journees-des-eliminatoires-de-la-can-2025-de-nouvelles-rumeurs-sur-le-salaire-demerse-fae-que-veulent-les-detracteurs-de-la-fif#breadcrumb"},"inLanguage":"fr-FR","potentialAction":[{"@type":"ReadAction","target":["https:\/\/www.africa-press.net\/cotedivoire\/sports\/a-quelques-jours-des-3e-et-4e-journees-des-eliminatoires-de-la-can-2025-de-nouvelles-rumeurs-sur-le-salaire-demerse-fae-que-veulent-les-detracteurs-de-la-fif"]}]},{"@type":"ImageObject","inLanguage":"fr-FR","@id":"https:\/\/www.africa-press.net\/cotedivoire\/sports\/a-quelques-jours-des-3e-et-4e-journees-des-eliminatoires-de-la-can-2025-de-nouvelles-rumeurs-sur-le-salaire-demerse-fae-que-veulent-les-detracteurs-de-la-fif#primaryimage","url":"https:\/\/static.africa-press.net\/cote\/sites\/43\/2024\/10\/sm_1728488668.776357.jpg","contentUrl":"https:\/\/static.africa-press.net\/cote\/sites\/43\/2024\/10\/sm_1728488668.776357.jpg","width":720,"height":480,"caption":"A quelques jours des 3\u00e8 et 4\u00e8 journ\u00e9es des \u00e9liminatoires de la CAN 2025, de nouvelles rumeurs sur le salaire d'Emerse Fa\u00e9, que veulent les d\u00e9tracteurs de la FIF ?"},{"@type":"BreadcrumbList","@id":"https:\/\/www.africa-press.net\/cotedivoire\/sports\/a-quelques-jours-des-3e-et-4e-journees-des-eliminatoires-de-la-can-2025-de-nouvelles-rumeurs-sur-le-salaire-demerse-fae-que-veulent-les-detracteurs-de-la-fif#breadcrumb","itemListElement":[{"@type":"ListItem","position":1,"name":"Accueil","item":"https:\/\/www.africa-press.net\/cotedivoire\/"},{"@type":"ListItem","position":2,"name":"A quelques jours des 3\u00e8 et 4\u00e8 journ\u00e9es des \u00e9liminatoires de la CAN 2025, de nouvelles rumeurs sur le salaire d&#8217;Emerse Fa\u00e9, que veulent les d\u00e9tracteurs de la FIF ?"}]},{"@type":"WebSite","@id":"https:\/\/www.africa-press.net\/cotedivoire\/#website","url":"https:\/\/www.africa-press.net\/cotedivoire\/","name":"C\u00f4te d&#039;Ivoire","description":"Just another Africa News Agency Sites site","potentialAction":[{"@type":"SearchAction","target":{"@type":"EntryPoint","urlTemplate":"https:\/\/www.africa-press.net\/cotedivoire\/?s={search_term_string}"},"query-input":{"@type":"PropertyValueSpecification","valueRequired":true,"valueName":"search_term_string"}}],"inLanguage":"fr-FR"},{"@type":"Person","@id":"https:\/\/www.africa-press.net\/cotedivoire\/#\/schema\/person\/2b1cf3cd81a31e3cd26889ca66d677f1","name":"cfeditorfr"}]}},"_links":{"self":[{"href":"https:\/\/www.africa-press.net\/cotedivoire\/wp-json\/wp\/v2\/posts\/88684","targetHints":{"allow":["GET"]}}],"collection":[{"href":"https:\/\/www.africa-press.net\/cotedivoire\/wp-json\/wp\/v2\/posts"}],"about":[{"href":"https:\/\/www.africa-press.net\/cotedivoire\/wp-json\/wp\/v2\/types\/post"}],"author":[{"embeddable":true,"href":"https:\/\/www.africa-press.net\/cotedivoire\/wp-json\/wp\/v2\/users\/82"}],"replies":[{"embeddable":true,"href":"https:\/\/www.africa-press.net\/cotedivoire\/wp-json\/wp\/v2\/comments?post=88684"}],"version-history":[{"count":0,"href":"https:\/\/www.africa-press.net\/cotedivoire\/wp-json\/wp\/v2\/posts\/88684\/revisions"}],"wp:featuredmedia":[{"embeddable":true,"href":"https:\/\/www.africa-press.net\/cotedivoire\/wp-json\/wp\/v2\/media\/88683"}],"wp:attachment":[{"href":"https:\/\/www.africa-press.net\/cotedivoire\/wp-json\/wp\/v2\/media?parent=88684"}],"wp:term":[{"taxonomy":"category","embeddable":true,"href":"https:\/\/www.africa-press.net\/cotedivoire\/wp-json\/wp\/v2\/categories?post=88684"},{"taxonomy":"post_tag","embeddable":true,"href":"https:\/\/www.africa-press.net\/cotedivoire\/wp-json\/wp\/v2\/tags?post=88684"}],"curies":[{"name":"wp","href":"https:\/\/api.w.org\/{rel}","templated":true}]}}