{"id":8870,"date":"2021-06-12T14:06:04","date_gmt":"2021-06-12T14:06:04","guid":{"rendered":"https:\/\/www.africa-press.net\/cotedivoire\/politique\/amadou-kone-depuis-duekoue-au-president-ouattara-je-dirai-que-jai-vu-un-peuple-enthousiaste-derriere-son-fils-serey-doh"},"modified":"2021-06-12T18:12:48","modified_gmt":"2021-06-12T18:12:48","slug":"amadou-kone-depuis-duekoue-au-president-ouattara-je-dirai-que-jai-vu-un-peuple-enthousiaste-derriere-son-fils-serey-doh","status":"publish","type":"post","link":"https:\/\/www.africa-press.net\/cotedivoire\/politique\/amadou-kone-depuis-duekoue-au-president-ouattara-je-dirai-que-jai-vu-un-peuple-enthousiaste-derriere-son-fils-serey-doh","title":{"rendered":"Amadou Kon\u00e9 depuis Du\u00e9kou\u00e9: \u00abau pr\u00e9sident Ouattara je dirai que j\u2019ai vu un peuple enthousiaste derri\u00e8re son fils Serey Doh\u00bb"},"content":{"rendered":"<p><span style=\"color: #ff6600\"><strong><a href=\"https:\/\/www.africa-press.net\/\">Africa-Press<\/a> &#8211; <a href=\"https:\/\/www.africa-press.net\/cotedivoire\">C\u00f4te d&rsquo;Ivoire<\/a>.\u00a0 <\/strong><\/span>Convaincu de la mobilisation exceptionnelle et de l\u2019accueil chaleureux des populations du Gu\u00e9mon, le ministre Amadou Kon\u00e9 a promis aller dire au pr\u00e9sident Ouattara, au premier ministre Achi Patrick et au ministre d\u2019\u00e9tat, ministre de la d\u00e9fense, Ten\u00e9 Birahima qu\u2019il a vu un peuple debout derri\u00e8re leur fils, Serey Doh C\u00e9lestin. Il a appel\u00e9 les cadres du Gu\u00e9mon \u00e0 maintenant et accro\u00eetre ce soutien pour qu\u2019il y ait beaucoup de Serey Doh dans le Gu\u00e9mon. C\u2019\u00e9tait le samedi 5 juin 2021, \u00e0 Duekoue, lors de la c\u00e9r\u00e9monie d\u2019hommage au pr\u00e9sident Ouattara suite \u00e0 la nomination de Serey Doh C\u00e9lestin en qualit\u00e9 de secr\u00e9taire d\u2019\u00e9tat aupr\u00e8s du ministre des transports en charge des affaires maritimes.<\/p>\n<p>\u00ab Je vais parler avec mon c\u0153ur. Monsieur le secr\u00e9taire d\u2019\u00e9tat, cher fr\u00e8re. Je suis venu, j\u2019ai vu, j\u2019ai entendu. J\u2019irai dire au pr\u00e9sident de la r\u00e9publique, au premier ministre, au ministre d\u2019\u00e9tat Ten\u00e9 Birahima ainsi qu\u2019\u00e0 tous les co-parrains de cette c\u00e9r\u00e9monie que j\u2019ai vu un peuple debout, enthousiaste derri\u00e8re son fils, Serey Doh C\u00e9lestin \u00bb a reconnu Amadou Kon\u00e9 depuis le Gu\u00e9mon o\u00f9 il a pr\u00e9sid\u00e9 la c\u00e9r\u00e9monie d\u2019hommage au pr\u00e9sident Ouattara.<\/p>\n<p>Poursuivant il a dit :<\/p>\n<p>\u00ab Si le peuple WE n\u2019aimait pas le pr\u00e9sident Ouattara, il n\u2019allait pas se r\u00e9jouir de la nomination de leur fils \u00bb.<\/p>\n<p>\u00ab S\u2019il y a l\u2019union derri\u00e8re un homme, s\u2019il y a la sinc\u00e9rit\u00e9 et l\u2019affection entre vous, vous pouvez relever les grands d\u00e9fis. Et avec le pr\u00e9sident Ouattara tout est possible. Si vous \u00eates unis, si vous vous aimez, si vous aimez votre r\u00e9gion au-del\u00e0 de tout, il n\u2019y a pas de raison que la r\u00e9gion la plus riche de la C\u00f4te d\u2019ivoire qu\u2019est le Gu\u00e9mon ne se d\u00e9veloppe. Il n\u2019y a pas de raison qu\u2019il n\u2019y ait pas beaucoup de Serey Doh C\u00e9lestin dans le Gu\u00e9mon si vous mettez l\u2019int\u00e9r\u00eat de la r\u00e9gion en-avant \u00bb a martel\u00e9 le ministre Amadou Kon\u00e9. Il a exhort\u00e9 les cadres dont la mobilisation a \u00e9t\u00e9 exceptionnelle \u00e0 accompagner Serey Doh C\u00e9lestin, \u00e0 maintenir et accro\u00eetre ce soutien.<\/p>\n<p>Notons que la r\u00e9gion du Gu\u00e9mon, qui a d\u00e9j\u00e0 b\u00e9n\u00e9fici\u00e9 comme toutes les autres r\u00e9gions du pays d\u2019importants investissements attendait, apr\u00e8s la nomination de Adama Toungara comme ministre des mines et p\u00e9trole, que d\u2019autres cadres soient nomm\u00e9s au gouvernement. C\u2019est chose faite d\u00e9sormais m\u00eame si la population continue de solliciter davantage de promotion de ses cadres.<\/p>\n<p>Amadou Kon\u00e9 annonce le d\u00e9but des travaux de bitumage de l\u2019axe Man-Kouibly-Vavoua pour fin juin 2021.<\/p>\n<p>\u00ab Avec l\u2019autorisation du premier ministre et la b\u00e9n\u00e9diction du ministre de l\u2019\u00e9quipement, je voudrais vous dire qu\u2019une des promesses faites par le pr\u00e9sident de la r\u00e9publique et rappel\u00e9e le 9 juillet 2019 par le premier ministre Amadou Gon Coulibaly, concernant la r\u00e9alisation du bitumage de la route Man-Kouibly-Vavoua va d\u00e9marrer d\u00e8s la fin de la saison des pluies. Les entreprises sont l\u00e0, le march\u00e9 est sign\u00e9 et on leur a demand\u00e9 de commencer le chantier d\u00e8s fin juin prochain \u00bb a annonc\u00e9 Amadou Kon\u00e9.<\/p>\n<p>&nbsp;<\/p>\n","protected":false},"excerpt":{"rendered":"<p>Africa-Press &#8211; C\u00f4te d&rsquo;Ivoire.\u00a0 Convaincu de la mobilisation exceptionnelle et de l\u2019accueil chaleureux des populations du Gu\u00e9mon, le ministre Amadou Kon\u00e9 a promis aller dire au pr\u00e9sident Ouattara, au premier ministre Achi Patrick et au ministre d\u2019\u00e9tat, ministre de la d\u00e9fense, Ten\u00e9 Birahima qu\u2019il a vu un peuple debout derri\u00e8re leur fils, Serey Doh C\u00e9lestin. [&hellip;]<\/p>\n","protected":false},"author":82,"featured_media":8869,"comment_status":"open","ping_status":"closed","sticky":false,"template":"","format":"standard","meta":{"footnotes":""},"categories":[11,2,10],"tags":[56,63,29],"class_list":["post-8870","post","type-post","status-publish","format-standard","has-post-thumbnail","hentry","category-homepage-french","category-politique","category-toutes-les-actualites","tag-africa-press","tag-africa-press-cote-divoire","tag-cote-divoire"],"yoast_head":"<!-- This site is optimized with the Yoast SEO Premium plugin v26.1 (Yoast SEO v27.0) - https:\/\/yoast.com\/product\/yoast-seo-premium-wordpress\/ -->\n<title>Amadou Kon\u00e9 depuis Du\u00e9kou\u00e9: \u00abau pr\u00e9sident Ouattara je dirai que j\u2019ai vu un peuple enthousiaste derri\u00e8re son fils Serey Doh\u00bb - C\u00f4te d&#039;Ivoire<\/title>\n<meta name=\"description\" content=\"Philippe Kouhon Convaincu de la mobilisation exceptionnelle et de l\u2019accueil chaleureux des populations du Gu\u00e9mon, le mi ...\" \/>\n<meta name=\"robots\" content=\"index, follow, max-snippet:-1, max-image-preview:large, max-video-preview:-1\" \/>\n<link rel=\"canonical\" href=\"https:\/\/www.africa-press.net\/cotedivoire\/politique\/amadou-kone-depuis-duekoue-au-president-ouattara-je-dirai-que-jai-vu-un-peuple-enthousiaste-derriere-son-fils-serey-doh\" \/>\n<meta property=\"og:locale\" content=\"fr_FR\" \/>\n<meta property=\"og:type\" content=\"article\" \/>\n<meta property=\"og:title\" content=\"Amadou Kon\u00e9 depuis Du\u00e9kou\u00e9: \u00abau pr\u00e9sident Ouattara je dirai que j\u2019ai vu un peuple enthousiaste derri\u00e8re son fils Serey Doh\u00bb\" \/>\n<meta property=\"og:description\" content=\"Philippe Kouhon Convaincu de la mobilisation exceptionnelle et de l\u2019accueil chaleureux des populations du Gu\u00e9mon, le mi ...\" \/>\n<meta property=\"og:url\" content=\"https:\/\/www.africa-press.net\/cotedivoire\/politique\/amadou-kone-depuis-duekoue-au-president-ouattara-je-dirai-que-jai-vu-un-peuple-enthousiaste-derriere-son-fils-serey-doh\" \/>\n<meta property=\"og:site_name\" content=\"C\u00f4te d&#039;Ivoire\" \/>\n<meta property=\"article:published_time\" content=\"2021-06-12T14:06:04+00:00\" \/>\n<meta property=\"article:modified_time\" content=\"2021-06-12T18:12:48+00:00\" \/>\n<meta property=\"og:image\" content=\"https:\/\/static.africa-press.net\/cote\/sites\/43\/2021\/06\/img-60c4bf03ee4a9.jpg\" \/>\n\t<meta property=\"og:image:width\" content=\"1080\" \/>\n\t<meta property=\"og:image:height\" content=\"720\" \/>\n\t<meta property=\"og:image:type\" content=\"image\/jpeg\" \/>\n<meta name=\"author\" content=\"cfeditorfr\" \/>\n<meta name=\"twitter:card\" content=\"summary_large_image\" \/>\n<meta name=\"twitter:label1\" content=\"\u00c9crit par\" \/>\n\t<meta name=\"twitter:data1\" content=\"cfeditorfr\" \/>\n\t<meta name=\"twitter:label2\" content=\"Dur\u00e9e de lecture estim\u00e9e\" \/>\n\t<meta name=\"twitter:data2\" content=\"3 minutes\" \/>\n<script type=\"application\/ld+json\" class=\"yoast-schema-graph\">{\"@context\":\"https:\/\/schema.org\",\"@graph\":[{\"@type\":\"Article\",\"@id\":\"https:\/\/www.africa-press.net\/cotedivoire\/politique\/amadou-kone-depuis-duekoue-au-president-ouattara-je-dirai-que-jai-vu-un-peuple-enthousiaste-derriere-son-fils-serey-doh#article\",\"isPartOf\":{\"@id\":\"https:\/\/www.africa-press.net\/cotedivoire\/politique\/amadou-kone-depuis-duekoue-au-president-ouattara-je-dirai-que-jai-vu-un-peuple-enthousiaste-derriere-son-fils-serey-doh\"},\"author\":{\"name\":\"cfeditorfr\",\"@id\":\"https:\/\/www.africa-press.net\/cotedivoire\/#\/schema\/person\/2b1cf3cd81a31e3cd26889ca66d677f1\"},\"headline\":\"Amadou Kon\u00e9 depuis Du\u00e9kou\u00e9: \u00abau pr\u00e9sident Ouattara je dirai que j\u2019ai vu un peuple enthousiaste derri\u00e8re son fils Serey Doh\u00bb\",\"datePublished\":\"2021-06-12T14:06:04+00:00\",\"dateModified\":\"2021-06-12T18:12:48+00:00\",\"mainEntityOfPage\":{\"@id\":\"https:\/\/www.africa-press.net\/cotedivoire\/politique\/amadou-kone-depuis-duekoue-au-president-ouattara-je-dirai-que-jai-vu-un-peuple-enthousiaste-derriere-son-fils-serey-doh\"},\"wordCount\":609,\"commentCount\":0,\"image\":{\"@id\":\"https:\/\/www.africa-press.net\/cotedivoire\/politique\/amadou-kone-depuis-duekoue-au-president-ouattara-je-dirai-que-jai-vu-un-peuple-enthousiaste-derriere-son-fils-serey-doh#primaryimage\"},\"thumbnailUrl\":\"https:\/\/static.africa-press.net\/cote\/sites\/43\/2021\/06\/img-60c4bf03ee4a9.jpg\",\"keywords\":[\"Africa Press\",\"Africa Press-C\u00f4te d'Ivoire\",\"C\u00d4TE D'IVOIRE\"],\"articleSection\":[\"homepage-french\",\"Politique\",\"Toutes les actualit\u00e9s\"],\"inLanguage\":\"fr-FR\",\"potentialAction\":[{\"@type\":\"CommentAction\",\"name\":\"Comment\",\"target\":[\"https:\/\/www.africa-press.net\/cotedivoire\/politique\/amadou-kone-depuis-duekoue-au-president-ouattara-je-dirai-que-jai-vu-un-peuple-enthousiaste-derriere-son-fils-serey-doh#respond\"]}]},{\"@type\":\"WebPage\",\"@id\":\"https:\/\/www.africa-press.net\/cotedivoire\/politique\/amadou-kone-depuis-duekoue-au-president-ouattara-je-dirai-que-jai-vu-un-peuple-enthousiaste-derriere-son-fils-serey-doh\",\"url\":\"https:\/\/www.africa-press.net\/cotedivoire\/politique\/amadou-kone-depuis-duekoue-au-president-ouattara-je-dirai-que-jai-vu-un-peuple-enthousiaste-derriere-son-fils-serey-doh\",\"name\":\"Amadou Kon\u00e9 depuis Du\u00e9kou\u00e9: \u00abau pr\u00e9sident Ouattara je dirai que j\u2019ai vu un peuple enthousiaste derri\u00e8re son fils Serey Doh\u00bb - C\u00f4te d&#039;Ivoire\",\"isPartOf\":{\"@id\":\"https:\/\/www.africa-press.net\/cotedivoire\/#website\"},\"primaryImageOfPage\":{\"@id\":\"https:\/\/www.africa-press.net\/cotedivoire\/politique\/amadou-kone-depuis-duekoue-au-president-ouattara-je-dirai-que-jai-vu-un-peuple-enthousiaste-derriere-son-fils-serey-doh#primaryimage\"},\"image\":{\"@id\":\"https:\/\/www.africa-press.net\/cotedivoire\/politique\/amadou-kone-depuis-duekoue-au-president-ouattara-je-dirai-que-jai-vu-un-peuple-enthousiaste-derriere-son-fils-serey-doh#primaryimage\"},\"thumbnailUrl\":\"https:\/\/static.africa-press.net\/cote\/sites\/43\/2021\/06\/img-60c4bf03ee4a9.jpg\",\"datePublished\":\"2021-06-12T14:06:04+00:00\",\"dateModified\":\"2021-06-12T18:12:48+00:00\",\"author\":{\"@id\":\"https:\/\/www.africa-press.net\/cotedivoire\/#\/schema\/person\/2b1cf3cd81a31e3cd26889ca66d677f1\"},\"description\":\"Philippe Kouhon Convaincu de la mobilisation exceptionnelle et de l\u2019accueil chaleureux des populations du Gu\u00e9mon, le mi ...\",\"breadcrumb\":{\"@id\":\"https:\/\/www.africa-press.net\/cotedivoire\/politique\/amadou-kone-depuis-duekoue-au-president-ouattara-je-dirai-que-jai-vu-un-peuple-enthousiaste-derriere-son-fils-serey-doh#breadcrumb\"},\"inLanguage\":\"fr-FR\",\"potentialAction\":[{\"@type\":\"ReadAction\",\"target\":[\"https:\/\/www.africa-press.net\/cotedivoire\/politique\/amadou-kone-depuis-duekoue-au-president-ouattara-je-dirai-que-jai-vu-un-peuple-enthousiaste-derriere-son-fils-serey-doh\"]}]},{\"@type\":\"ImageObject\",\"inLanguage\":\"fr-FR\",\"@id\":\"https:\/\/www.africa-press.net\/cotedivoire\/politique\/amadou-kone-depuis-duekoue-au-president-ouattara-je-dirai-que-jai-vu-un-peuple-enthousiaste-derriere-son-fils-serey-doh#primaryimage\",\"url\":\"https:\/\/static.africa-press.net\/cote\/sites\/43\/2021\/06\/img-60c4bf03ee4a9.jpg\",\"contentUrl\":\"https:\/\/static.africa-press.net\/cote\/sites\/43\/2021\/06\/img-60c4bf03ee4a9.jpg\",\"width\":1080,\"height\":720,\"caption\":\"Amadou Kon\u00e9 depuis Du\u00e9kou\u00e9: \u00abau pr\u00e9sident Ouattara je dirai que j\u2019ai vu un peuple enthousiaste derri\u00e8re son fils Serey Doh\u00bb\"},{\"@type\":\"BreadcrumbList\",\"@id\":\"https:\/\/www.africa-press.net\/cotedivoire\/politique\/amadou-kone-depuis-duekoue-au-president-ouattara-je-dirai-que-jai-vu-un-peuple-enthousiaste-derriere-son-fils-serey-doh#breadcrumb\",\"itemListElement\":[{\"@type\":\"ListItem\",\"position\":1,\"name\":\"Accueil\",\"item\":\"https:\/\/www.africa-press.net\/cotedivoire\/\"},{\"@type\":\"ListItem\",\"position\":2,\"name\":\"Amadou Kon\u00e9 depuis Du\u00e9kou\u00e9: \u00abau pr\u00e9sident Ouattara je dirai que j\u2019ai vu un peuple enthousiaste derri\u00e8re son fils Serey Doh\u00bb\"}]},{\"@type\":\"WebSite\",\"@id\":\"https:\/\/www.africa-press.net\/cotedivoire\/#website\",\"url\":\"https:\/\/www.africa-press.net\/cotedivoire\/\",\"name\":\"C\u00f4te d&#039;Ivoire\",\"description\":\"Just another Africa News Agency Sites site\",\"potentialAction\":[{\"@type\":\"SearchAction\",\"target\":{\"@type\":\"EntryPoint\",\"urlTemplate\":\"https:\/\/www.africa-press.net\/cotedivoire\/?s={search_term_string}\"},\"query-input\":{\"@type\":\"PropertyValueSpecification\",\"valueRequired\":true,\"valueName\":\"search_term_string\"}}],\"inLanguage\":\"fr-FR\"},{\"@type\":\"Person\",\"@id\":\"https:\/\/www.africa-press.net\/cotedivoire\/#\/schema\/person\/2b1cf3cd81a31e3cd26889ca66d677f1\",\"name\":\"cfeditorfr\"}]}<\/script>\n<!-- \/ Yoast SEO Premium plugin. -->","yoast_head_json":{"title":"Amadou Kon\u00e9 depuis Du\u00e9kou\u00e9: \u00abau pr\u00e9sident Ouattara je dirai que j\u2019ai vu un peuple enthousiaste derri\u00e8re son fils Serey Doh\u00bb - C\u00f4te d&#039;Ivoire","description":"Philippe Kouhon Convaincu de la mobilisation exceptionnelle et de l\u2019accueil chaleureux des populations du Gu\u00e9mon, le mi ...","robots":{"index":"index","follow":"follow","max-snippet":"max-snippet:-1","max-image-preview":"max-image-preview:large","max-video-preview":"max-video-preview:-1"},"canonical":"https:\/\/www.africa-press.net\/cotedivoire\/politique\/amadou-kone-depuis-duekoue-au-president-ouattara-je-dirai-que-jai-vu-un-peuple-enthousiaste-derriere-son-fils-serey-doh","og_locale":"fr_FR","og_type":"article","og_title":"Amadou Kon\u00e9 depuis Du\u00e9kou\u00e9: \u00abau pr\u00e9sident Ouattara je dirai que j\u2019ai vu un peuple enthousiaste derri\u00e8re son fils Serey Doh\u00bb","og_description":"Philippe Kouhon Convaincu de la mobilisation exceptionnelle et de l\u2019accueil chaleureux des populations du Gu\u00e9mon, le mi ...","og_url":"https:\/\/www.africa-press.net\/cotedivoire\/politique\/amadou-kone-depuis-duekoue-au-president-ouattara-je-dirai-que-jai-vu-un-peuple-enthousiaste-derriere-son-fils-serey-doh","og_site_name":"C\u00f4te d&#039;Ivoire","article_published_time":"2021-06-12T14:06:04+00:00","article_modified_time":"2021-06-12T18:12:48+00:00","og_image":[{"width":1080,"height":720,"url":"https:\/\/static.africa-press.net\/cote\/sites\/43\/2021\/06\/img-60c4bf03ee4a9.jpg","type":"image\/jpeg"}],"author":"cfeditorfr","twitter_card":"summary_large_image","twitter_misc":{"\u00c9crit par":"cfeditorfr","Dur\u00e9e de lecture estim\u00e9e":"3 minutes"},"schema":{"@context":"https:\/\/schema.org","@graph":[{"@type":"Article","@id":"https:\/\/www.africa-press.net\/cotedivoire\/politique\/amadou-kone-depuis-duekoue-au-president-ouattara-je-dirai-que-jai-vu-un-peuple-enthousiaste-derriere-son-fils-serey-doh#article","isPartOf":{"@id":"https:\/\/www.africa-press.net\/cotedivoire\/politique\/amadou-kone-depuis-duekoue-au-president-ouattara-je-dirai-que-jai-vu-un-peuple-enthousiaste-derriere-son-fils-serey-doh"},"author":{"name":"cfeditorfr","@id":"https:\/\/www.africa-press.net\/cotedivoire\/#\/schema\/person\/2b1cf3cd81a31e3cd26889ca66d677f1"},"headline":"Amadou Kon\u00e9 depuis Du\u00e9kou\u00e9: \u00abau pr\u00e9sident Ouattara je dirai que j\u2019ai vu un peuple enthousiaste derri\u00e8re son fils Serey Doh\u00bb","datePublished":"2021-06-12T14:06:04+00:00","dateModified":"2021-06-12T18:12:48+00:00","mainEntityOfPage":{"@id":"https:\/\/www.africa-press.net\/cotedivoire\/politique\/amadou-kone-depuis-duekoue-au-president-ouattara-je-dirai-que-jai-vu-un-peuple-enthousiaste-derriere-son-fils-serey-doh"},"wordCount":609,"commentCount":0,"image":{"@id":"https:\/\/www.africa-press.net\/cotedivoire\/politique\/amadou-kone-depuis-duekoue-au-president-ouattara-je-dirai-que-jai-vu-un-peuple-enthousiaste-derriere-son-fils-serey-doh#primaryimage"},"thumbnailUrl":"https:\/\/static.africa-press.net\/cote\/sites\/43\/2021\/06\/img-60c4bf03ee4a9.jpg","keywords":["Africa Press","Africa Press-C\u00f4te d'Ivoire","C\u00d4TE D'IVOIRE"],"articleSection":["homepage-french","Politique","Toutes les actualit\u00e9s"],"inLanguage":"fr-FR","potentialAction":[{"@type":"CommentAction","name":"Comment","target":["https:\/\/www.africa-press.net\/cotedivoire\/politique\/amadou-kone-depuis-duekoue-au-president-ouattara-je-dirai-que-jai-vu-un-peuple-enthousiaste-derriere-son-fils-serey-doh#respond"]}]},{"@type":"WebPage","@id":"https:\/\/www.africa-press.net\/cotedivoire\/politique\/amadou-kone-depuis-duekoue-au-president-ouattara-je-dirai-que-jai-vu-un-peuple-enthousiaste-derriere-son-fils-serey-doh","url":"https:\/\/www.africa-press.net\/cotedivoire\/politique\/amadou-kone-depuis-duekoue-au-president-ouattara-je-dirai-que-jai-vu-un-peuple-enthousiaste-derriere-son-fils-serey-doh","name":"Amadou Kon\u00e9 depuis Du\u00e9kou\u00e9: \u00abau pr\u00e9sident Ouattara je dirai que j\u2019ai vu un peuple enthousiaste derri\u00e8re son fils Serey Doh\u00bb - C\u00f4te d&#039;Ivoire","isPartOf":{"@id":"https:\/\/www.africa-press.net\/cotedivoire\/#website"},"primaryImageOfPage":{"@id":"https:\/\/www.africa-press.net\/cotedivoire\/politique\/amadou-kone-depuis-duekoue-au-president-ouattara-je-dirai-que-jai-vu-un-peuple-enthousiaste-derriere-son-fils-serey-doh#primaryimage"},"image":{"@id":"https:\/\/www.africa-press.net\/cotedivoire\/politique\/amadou-kone-depuis-duekoue-au-president-ouattara-je-dirai-que-jai-vu-un-peuple-enthousiaste-derriere-son-fils-serey-doh#primaryimage"},"thumbnailUrl":"https:\/\/static.africa-press.net\/cote\/sites\/43\/2021\/06\/img-60c4bf03ee4a9.jpg","datePublished":"2021-06-12T14:06:04+00:00","dateModified":"2021-06-12T18:12:48+00:00","author":{"@id":"https:\/\/www.africa-press.net\/cotedivoire\/#\/schema\/person\/2b1cf3cd81a31e3cd26889ca66d677f1"},"description":"Philippe Kouhon Convaincu de la mobilisation exceptionnelle et de l\u2019accueil chaleureux des populations du Gu\u00e9mon, le mi ...","breadcrumb":{"@id":"https:\/\/www.africa-press.net\/cotedivoire\/politique\/amadou-kone-depuis-duekoue-au-president-ouattara-je-dirai-que-jai-vu-un-peuple-enthousiaste-derriere-son-fils-serey-doh#breadcrumb"},"inLanguage":"fr-FR","potentialAction":[{"@type":"ReadAction","target":["https:\/\/www.africa-press.net\/cotedivoire\/politique\/amadou-kone-depuis-duekoue-au-president-ouattara-je-dirai-que-jai-vu-un-peuple-enthousiaste-derriere-son-fils-serey-doh"]}]},{"@type":"ImageObject","inLanguage":"fr-FR","@id":"https:\/\/www.africa-press.net\/cotedivoire\/politique\/amadou-kone-depuis-duekoue-au-president-ouattara-je-dirai-que-jai-vu-un-peuple-enthousiaste-derriere-son-fils-serey-doh#primaryimage","url":"https:\/\/static.africa-press.net\/cote\/sites\/43\/2021\/06\/img-60c4bf03ee4a9.jpg","contentUrl":"https:\/\/static.africa-press.net\/cote\/sites\/43\/2021\/06\/img-60c4bf03ee4a9.jpg","width":1080,"height":720,"caption":"Amadou Kon\u00e9 depuis Du\u00e9kou\u00e9: \u00abau pr\u00e9sident Ouattara je dirai que j\u2019ai vu un peuple enthousiaste derri\u00e8re son fils Serey Doh\u00bb"},{"@type":"BreadcrumbList","@id":"https:\/\/www.africa-press.net\/cotedivoire\/politique\/amadou-kone-depuis-duekoue-au-president-ouattara-je-dirai-que-jai-vu-un-peuple-enthousiaste-derriere-son-fils-serey-doh#breadcrumb","itemListElement":[{"@type":"ListItem","position":1,"name":"Accueil","item":"https:\/\/www.africa-press.net\/cotedivoire\/"},{"@type":"ListItem","position":2,"name":"Amadou Kon\u00e9 depuis Du\u00e9kou\u00e9: \u00abau pr\u00e9sident Ouattara je dirai que j\u2019ai vu un peuple enthousiaste derri\u00e8re son fils Serey Doh\u00bb"}]},{"@type":"WebSite","@id":"https:\/\/www.africa-press.net\/cotedivoire\/#website","url":"https:\/\/www.africa-press.net\/cotedivoire\/","name":"C\u00f4te d&#039;Ivoire","description":"Just another Africa News Agency Sites site","potentialAction":[{"@type":"SearchAction","target":{"@type":"EntryPoint","urlTemplate":"https:\/\/www.africa-press.net\/cotedivoire\/?s={search_term_string}"},"query-input":{"@type":"PropertyValueSpecification","valueRequired":true,"valueName":"search_term_string"}}],"inLanguage":"fr-FR"},{"@type":"Person","@id":"https:\/\/www.africa-press.net\/cotedivoire\/#\/schema\/person\/2b1cf3cd81a31e3cd26889ca66d677f1","name":"cfeditorfr"}]}},"_links":{"self":[{"href":"https:\/\/www.africa-press.net\/cotedivoire\/wp-json\/wp\/v2\/posts\/8870","targetHints":{"allow":["GET"]}}],"collection":[{"href":"https:\/\/www.africa-press.net\/cotedivoire\/wp-json\/wp\/v2\/posts"}],"about":[{"href":"https:\/\/www.africa-press.net\/cotedivoire\/wp-json\/wp\/v2\/types\/post"}],"author":[{"embeddable":true,"href":"https:\/\/www.africa-press.net\/cotedivoire\/wp-json\/wp\/v2\/users\/82"}],"replies":[{"embeddable":true,"href":"https:\/\/www.africa-press.net\/cotedivoire\/wp-json\/wp\/v2\/comments?post=8870"}],"version-history":[{"count":0,"href":"https:\/\/www.africa-press.net\/cotedivoire\/wp-json\/wp\/v2\/posts\/8870\/revisions"}],"wp:featuredmedia":[{"embeddable":true,"href":"https:\/\/www.africa-press.net\/cotedivoire\/wp-json\/wp\/v2\/media\/8869"}],"wp:attachment":[{"href":"https:\/\/www.africa-press.net\/cotedivoire\/wp-json\/wp\/v2\/media?parent=8870"}],"wp:term":[{"taxonomy":"category","embeddable":true,"href":"https:\/\/www.africa-press.net\/cotedivoire\/wp-json\/wp\/v2\/categories?post=8870"},{"taxonomy":"post_tag","embeddable":true,"href":"https:\/\/www.africa-press.net\/cotedivoire\/wp-json\/wp\/v2\/tags?post=8870"}],"curies":[{"name":"wp","href":"https:\/\/api.w.org\/{rel}","templated":true}]}}