{"id":8873,"date":"2021-06-12T14:16:41","date_gmt":"2021-06-12T14:16:41","guid":{"rendered":"https:\/\/www.africa-press.net\/cotedivoire\/?p=8873"},"modified":"2021-06-12T18:13:03","modified_gmt":"2021-06-12T18:13:03","slug":"zoumana-bakayoko-le-grand-frere-peut-il-succeder-a-son-petit-frere-hambak-en-cote-divoire","status":"publish","type":"post","link":"https:\/\/www.africa-press.net\/cotedivoire\/politique\/zoumana-bakayoko-le-grand-frere-peut-il-succeder-a-son-petit-frere-hambak-en-cote-divoire","title":{"rendered":"Zoumana Bakayoko, le grand-fr\u00e8re peut-il succ\u00e9der \u00e0 son petit-fr\u00e8re Hambak en C\u00f4te-d\u2019Ivoire ?"},"content":{"rendered":"<p><span style=\"color: #ff6600\"><strong><a href=\"https:\/\/www.africa-press.net\/\">Africa-Press<\/a> &#8211; <a href=\"https:\/\/www.africa-press.net\/cotedivoire\">C\u00f4te d&rsquo;Ivoire<\/a>. <\/strong><\/span>Voici l\u2019extrait de mon article sur le successeur politique d\u2019Hambak: \u00ab Le candidat \u00e0 la d\u00e9putation a rassur\u00e9 ses \u00e9lecteurs sur sa capacit\u00e9 \u00e0 \u0153uvrer au d\u00e9veloppement local et conquis leurs c\u0153urs. Il faut dire que le parcours de Zoumana Bakayoko a de quoi s\u00e9duire. Fils d\u2019Aliou Bakayoko, l\u2019un des tout-premiers ing\u00e9nieurs en t\u00e9l\u00e9communication de la C\u00f4te d\u2019Ivoire, il est dipl\u00f4m\u00e9 de l\u2019Institut National Polytechnique Houphou\u00ebt Boigny (INP-HB) de Yamoussoukro. Il int\u00e8gre ensuite l\u2019\u00e9cole Polytechnique de Pise, ville connue pour sa c\u00e9l\u00e8bre tour pench\u00e9e, en Toscane, non loin de la Florence (Italie). Brillant \u00e9tudiant et un des meilleurs de sa promotion, Zoumana Bakayoko est recrut\u00e9 \u00e0 la fin de ses \u00e9tudes par le groupe Fiat o\u00f9 il s\u2019occupe de la statistique. Alors qu\u2019il \u00e9tait promis \u00e0 un bel avenir professionnel dans les conglom\u00e9rats europ\u00e9ens, l\u2019ing\u00e9nieur en g\u00e9nie informatique retourne en C\u00f4te d\u2019Ivoire et se lance dans les affaires. Il cr\u00e9e sa premi\u00e8re entreprise de n\u00e9goce du caf\u00e9 et du cacao en 1997. Nonobstant des affaires qui marchent plut\u00f4t bien, sa forte sensibilit\u00e9 citoyenne le pousse \u00e0 accepter d\u2019int\u00e9grer l\u2019administration ivoirienne comme Conseiller du Comit\u00e9 Interminist\u00e9riel en charge du suivi des mati\u00e8res premi\u00e8res. Cet interm\u00e8de dure cinq ans (2001-2006), puis retour dans les affaires. Zoumana Bakayoko est aujourd\u2019hui un des hommes d\u2019affaires les plus audacieux de la C\u00f4te d\u2019Ivoire. Son Groupe m\u00e8ne des activit\u00e9s dans des secteurs aussi vari\u00e9s que les T\u00e9l\u00e9coms, l\u2019Agro-industrie (Engrais, cacao), le transport lagunaire, etc \u00bb.<\/p>\n<p>Vous pouvez lire tout l\u2019article en cliquant sur ce lien: https:\/\/blogs.mediapart.fr\/\u2026\/cote-d-ivoire-zoumbak-le\u2026<\/p>\n<p>&nbsp;<\/p>\n","protected":false},"excerpt":{"rendered":"<p>Africa-Press &#8211; C\u00f4te d&rsquo;Ivoire. Voici l\u2019extrait de mon article sur le successeur politique d\u2019Hambak: \u00ab Le candidat \u00e0 la d\u00e9putation a rassur\u00e9 ses \u00e9lecteurs sur sa capacit\u00e9 \u00e0 \u0153uvrer au d\u00e9veloppement local et conquis leurs c\u0153urs. Il faut dire que le parcours de Zoumana Bakayoko a de quoi s\u00e9duire. Fils d\u2019Aliou Bakayoko, l\u2019un des tout-premiers [&hellip;]<\/p>\n","protected":false},"author":82,"featured_media":8872,"comment_status":"open","ping_status":"closed","sticky":false,"template":"","format":"standard","meta":{"footnotes":""},"categories":[11,2,10],"tags":[56,63,29],"class_list":["post-8873","post","type-post","status-publish","format-standard","has-post-thumbnail","hentry","category-homepage-french","category-politique","category-toutes-les-actualites","tag-africa-press","tag-africa-press-cote-divoire","tag-cote-divoire"],"yoast_head":"<!-- This site is optimized with the Yoast SEO Premium plugin v26.1 (Yoast SEO v27.0) - https:\/\/yoast.com\/product\/yoast-seo-premium-wordpress\/ -->\n<title>Zoumana Bakayoko, le grand-fr\u00e8re peut-il succ\u00e9der \u00e0 son petit-fr\u00e8re Hambak en C\u00f4te-d\u2019Ivoire ? - C\u00f4te d&#039;Ivoire<\/title>\n<meta name=\"description\" content=\"ZoumBak, le fr\u00e8re, pour r\u00e9incarner HamBak\u2026 Sa\u00efd Penda Officiel Voici l\u2019extrait de mon article sur le successeur politi ...\" \/>\n<meta name=\"robots\" content=\"index, follow, max-snippet:-1, max-image-preview:large, max-video-preview:-1\" \/>\n<link rel=\"canonical\" href=\"https:\/\/www.africa-press.net\/cotedivoire\/politique\/zoumana-bakayoko-le-grand-frere-peut-il-succeder-a-son-petit-frere-hambak-en-cote-divoire\" \/>\n<meta property=\"og:locale\" content=\"fr_FR\" \/>\n<meta property=\"og:type\" content=\"article\" \/>\n<meta property=\"og:title\" content=\"Zoumana Bakayoko, le grand-fr\u00e8re peut-il succ\u00e9der \u00e0 son petit-fr\u00e8re Hambak en C\u00f4te-d\u2019Ivoire ?\" \/>\n<meta property=\"og:description\" content=\"ZoumBak, le fr\u00e8re, pour r\u00e9incarner HamBak\u2026 Sa\u00efd Penda Officiel Voici l\u2019extrait de mon article sur le successeur politi ...\" \/>\n<meta property=\"og:url\" content=\"https:\/\/www.africa-press.net\/cotedivoire\/politique\/zoumana-bakayoko-le-grand-frere-peut-il-succeder-a-son-petit-frere-hambak-en-cote-divoire\" \/>\n<meta property=\"og:site_name\" content=\"C\u00f4te d&#039;Ivoire\" \/>\n<meta property=\"article:published_time\" content=\"2021-06-12T14:16:41+00:00\" \/>\n<meta property=\"article:modified_time\" content=\"2021-06-12T18:13:03+00:00\" \/>\n<meta property=\"og:image\" content=\"https:\/\/static.africa-press.net\/cote\/sites\/43\/2021\/06\/img-60c4bf2aafc7e.jpg\" \/>\n\t<meta property=\"og:image:width\" content=\"720\" \/>\n\t<meta property=\"og:image:height\" content=\"391\" \/>\n\t<meta property=\"og:image:type\" content=\"image\/jpeg\" \/>\n<meta name=\"author\" content=\"cfeditorfr\" \/>\n<meta name=\"twitter:card\" content=\"summary_large_image\" \/>\n<meta name=\"twitter:label1\" content=\"\u00c9crit par\" \/>\n\t<meta name=\"twitter:data1\" content=\"cfeditorfr\" \/>\n\t<meta name=\"twitter:label2\" content=\"Dur\u00e9e de lecture estim\u00e9e\" \/>\n\t<meta name=\"twitter:data2\" content=\"2 minutes\" \/>\n<script type=\"application\/ld+json\" class=\"yoast-schema-graph\">{\"@context\":\"https:\/\/schema.org\",\"@graph\":[{\"@type\":\"Article\",\"@id\":\"https:\/\/www.africa-press.net\/cotedivoire\/politique\/zoumana-bakayoko-le-grand-frere-peut-il-succeder-a-son-petit-frere-hambak-en-cote-divoire#article\",\"isPartOf\":{\"@id\":\"https:\/\/www.africa-press.net\/cotedivoire\/politique\/zoumana-bakayoko-le-grand-frere-peut-il-succeder-a-son-petit-frere-hambak-en-cote-divoire\"},\"author\":{\"name\":\"cfeditorfr\",\"@id\":\"https:\/\/www.africa-press.net\/cotedivoire\/#\/schema\/person\/2b1cf3cd81a31e3cd26889ca66d677f1\"},\"headline\":\"Zoumana Bakayoko, le grand-fr\u00e8re peut-il succ\u00e9der \u00e0 son petit-fr\u00e8re Hambak en C\u00f4te-d\u2019Ivoire ?\",\"datePublished\":\"2021-06-12T14:16:41+00:00\",\"dateModified\":\"2021-06-12T18:13:03+00:00\",\"mainEntityOfPage\":{\"@id\":\"https:\/\/www.africa-press.net\/cotedivoire\/politique\/zoumana-bakayoko-le-grand-frere-peut-il-succeder-a-son-petit-frere-hambak-en-cote-divoire\"},\"wordCount\":321,\"commentCount\":0,\"image\":{\"@id\":\"https:\/\/www.africa-press.net\/cotedivoire\/politique\/zoumana-bakayoko-le-grand-frere-peut-il-succeder-a-son-petit-frere-hambak-en-cote-divoire#primaryimage\"},\"thumbnailUrl\":\"https:\/\/static.africa-press.net\/cote\/sites\/43\/2021\/06\/img-60c4bf2aafc7e.jpg\",\"keywords\":[\"Africa Press\",\"Africa Press-C\u00f4te d'Ivoire\",\"C\u00d4TE D'IVOIRE\"],\"articleSection\":[\"homepage-french\",\"Politique\",\"Toutes les actualit\u00e9s\"],\"inLanguage\":\"fr-FR\",\"potentialAction\":[{\"@type\":\"CommentAction\",\"name\":\"Comment\",\"target\":[\"https:\/\/www.africa-press.net\/cotedivoire\/politique\/zoumana-bakayoko-le-grand-frere-peut-il-succeder-a-son-petit-frere-hambak-en-cote-divoire#respond\"]}]},{\"@type\":\"WebPage\",\"@id\":\"https:\/\/www.africa-press.net\/cotedivoire\/politique\/zoumana-bakayoko-le-grand-frere-peut-il-succeder-a-son-petit-frere-hambak-en-cote-divoire\",\"url\":\"https:\/\/www.africa-press.net\/cotedivoire\/politique\/zoumana-bakayoko-le-grand-frere-peut-il-succeder-a-son-petit-frere-hambak-en-cote-divoire\",\"name\":\"Zoumana Bakayoko, le grand-fr\u00e8re peut-il succ\u00e9der \u00e0 son petit-fr\u00e8re Hambak en C\u00f4te-d\u2019Ivoire ? - C\u00f4te d&#039;Ivoire\",\"isPartOf\":{\"@id\":\"https:\/\/www.africa-press.net\/cotedivoire\/#website\"},\"primaryImageOfPage\":{\"@id\":\"https:\/\/www.africa-press.net\/cotedivoire\/politique\/zoumana-bakayoko-le-grand-frere-peut-il-succeder-a-son-petit-frere-hambak-en-cote-divoire#primaryimage\"},\"image\":{\"@id\":\"https:\/\/www.africa-press.net\/cotedivoire\/politique\/zoumana-bakayoko-le-grand-frere-peut-il-succeder-a-son-petit-frere-hambak-en-cote-divoire#primaryimage\"},\"thumbnailUrl\":\"https:\/\/static.africa-press.net\/cote\/sites\/43\/2021\/06\/img-60c4bf2aafc7e.jpg\",\"datePublished\":\"2021-06-12T14:16:41+00:00\",\"dateModified\":\"2021-06-12T18:13:03+00:00\",\"author\":{\"@id\":\"https:\/\/www.africa-press.net\/cotedivoire\/#\/schema\/person\/2b1cf3cd81a31e3cd26889ca66d677f1\"},\"description\":\"ZoumBak, le fr\u00e8re, pour r\u00e9incarner HamBak\u2026 Sa\u00efd Penda Officiel Voici l\u2019extrait de mon article sur le successeur politi ...\",\"breadcrumb\":{\"@id\":\"https:\/\/www.africa-press.net\/cotedivoire\/politique\/zoumana-bakayoko-le-grand-frere-peut-il-succeder-a-son-petit-frere-hambak-en-cote-divoire#breadcrumb\"},\"inLanguage\":\"fr-FR\",\"potentialAction\":[{\"@type\":\"ReadAction\",\"target\":[\"https:\/\/www.africa-press.net\/cotedivoire\/politique\/zoumana-bakayoko-le-grand-frere-peut-il-succeder-a-son-petit-frere-hambak-en-cote-divoire\"]}]},{\"@type\":\"ImageObject\",\"inLanguage\":\"fr-FR\",\"@id\":\"https:\/\/www.africa-press.net\/cotedivoire\/politique\/zoumana-bakayoko-le-grand-frere-peut-il-succeder-a-son-petit-frere-hambak-en-cote-divoire#primaryimage\",\"url\":\"https:\/\/static.africa-press.net\/cote\/sites\/43\/2021\/06\/img-60c4bf2aafc7e.jpg\",\"contentUrl\":\"https:\/\/static.africa-press.net\/cote\/sites\/43\/2021\/06\/img-60c4bf2aafc7e.jpg\",\"width\":720,\"height\":391,\"caption\":\"Zoumana Bakayoko, le grand-fr\u00e8re peut-il succ\u00e9der \u00e0 son petit-fr\u00e8re Hambak en C\u00f4te-d\u2019Ivoire ?\"},{\"@type\":\"BreadcrumbList\",\"@id\":\"https:\/\/www.africa-press.net\/cotedivoire\/politique\/zoumana-bakayoko-le-grand-frere-peut-il-succeder-a-son-petit-frere-hambak-en-cote-divoire#breadcrumb\",\"itemListElement\":[{\"@type\":\"ListItem\",\"position\":1,\"name\":\"Accueil\",\"item\":\"https:\/\/www.africa-press.net\/cotedivoire\/\"},{\"@type\":\"ListItem\",\"position\":2,\"name\":\"Zoumana Bakayoko, le grand-fr\u00e8re peut-il succ\u00e9der \u00e0 son petit-fr\u00e8re Hambak en C\u00f4te-d\u2019Ivoire ?\"}]},{\"@type\":\"WebSite\",\"@id\":\"https:\/\/www.africa-press.net\/cotedivoire\/#website\",\"url\":\"https:\/\/www.africa-press.net\/cotedivoire\/\",\"name\":\"C\u00f4te d&#039;Ivoire\",\"description\":\"Just another Africa News Agency Sites site\",\"potentialAction\":[{\"@type\":\"SearchAction\",\"target\":{\"@type\":\"EntryPoint\",\"urlTemplate\":\"https:\/\/www.africa-press.net\/cotedivoire\/?s={search_term_string}\"},\"query-input\":{\"@type\":\"PropertyValueSpecification\",\"valueRequired\":true,\"valueName\":\"search_term_string\"}}],\"inLanguage\":\"fr-FR\"},{\"@type\":\"Person\",\"@id\":\"https:\/\/www.africa-press.net\/cotedivoire\/#\/schema\/person\/2b1cf3cd81a31e3cd26889ca66d677f1\",\"name\":\"cfeditorfr\"}]}<\/script>\n<!-- \/ Yoast SEO Premium plugin. -->","yoast_head_json":{"title":"Zoumana Bakayoko, le grand-fr\u00e8re peut-il succ\u00e9der \u00e0 son petit-fr\u00e8re Hambak en C\u00f4te-d\u2019Ivoire ? - C\u00f4te d&#039;Ivoire","description":"ZoumBak, le fr\u00e8re, pour r\u00e9incarner HamBak\u2026 Sa\u00efd Penda Officiel Voici l\u2019extrait de mon article sur le successeur politi ...","robots":{"index":"index","follow":"follow","max-snippet":"max-snippet:-1","max-image-preview":"max-image-preview:large","max-video-preview":"max-video-preview:-1"},"canonical":"https:\/\/www.africa-press.net\/cotedivoire\/politique\/zoumana-bakayoko-le-grand-frere-peut-il-succeder-a-son-petit-frere-hambak-en-cote-divoire","og_locale":"fr_FR","og_type":"article","og_title":"Zoumana Bakayoko, le grand-fr\u00e8re peut-il succ\u00e9der \u00e0 son petit-fr\u00e8re Hambak en C\u00f4te-d\u2019Ivoire ?","og_description":"ZoumBak, le fr\u00e8re, pour r\u00e9incarner HamBak\u2026 Sa\u00efd Penda Officiel Voici l\u2019extrait de mon article sur le successeur politi ...","og_url":"https:\/\/www.africa-press.net\/cotedivoire\/politique\/zoumana-bakayoko-le-grand-frere-peut-il-succeder-a-son-petit-frere-hambak-en-cote-divoire","og_site_name":"C\u00f4te d&#039;Ivoire","article_published_time":"2021-06-12T14:16:41+00:00","article_modified_time":"2021-06-12T18:13:03+00:00","og_image":[{"width":720,"height":391,"url":"https:\/\/static.africa-press.net\/cote\/sites\/43\/2021\/06\/img-60c4bf2aafc7e.jpg","type":"image\/jpeg"}],"author":"cfeditorfr","twitter_card":"summary_large_image","twitter_misc":{"\u00c9crit par":"cfeditorfr","Dur\u00e9e de lecture estim\u00e9e":"2 minutes"},"schema":{"@context":"https:\/\/schema.org","@graph":[{"@type":"Article","@id":"https:\/\/www.africa-press.net\/cotedivoire\/politique\/zoumana-bakayoko-le-grand-frere-peut-il-succeder-a-son-petit-frere-hambak-en-cote-divoire#article","isPartOf":{"@id":"https:\/\/www.africa-press.net\/cotedivoire\/politique\/zoumana-bakayoko-le-grand-frere-peut-il-succeder-a-son-petit-frere-hambak-en-cote-divoire"},"author":{"name":"cfeditorfr","@id":"https:\/\/www.africa-press.net\/cotedivoire\/#\/schema\/person\/2b1cf3cd81a31e3cd26889ca66d677f1"},"headline":"Zoumana Bakayoko, le grand-fr\u00e8re peut-il succ\u00e9der \u00e0 son petit-fr\u00e8re Hambak en C\u00f4te-d\u2019Ivoire ?","datePublished":"2021-06-12T14:16:41+00:00","dateModified":"2021-06-12T18:13:03+00:00","mainEntityOfPage":{"@id":"https:\/\/www.africa-press.net\/cotedivoire\/politique\/zoumana-bakayoko-le-grand-frere-peut-il-succeder-a-son-petit-frere-hambak-en-cote-divoire"},"wordCount":321,"commentCount":0,"image":{"@id":"https:\/\/www.africa-press.net\/cotedivoire\/politique\/zoumana-bakayoko-le-grand-frere-peut-il-succeder-a-son-petit-frere-hambak-en-cote-divoire#primaryimage"},"thumbnailUrl":"https:\/\/static.africa-press.net\/cote\/sites\/43\/2021\/06\/img-60c4bf2aafc7e.jpg","keywords":["Africa Press","Africa Press-C\u00f4te d'Ivoire","C\u00d4TE D'IVOIRE"],"articleSection":["homepage-french","Politique","Toutes les actualit\u00e9s"],"inLanguage":"fr-FR","potentialAction":[{"@type":"CommentAction","name":"Comment","target":["https:\/\/www.africa-press.net\/cotedivoire\/politique\/zoumana-bakayoko-le-grand-frere-peut-il-succeder-a-son-petit-frere-hambak-en-cote-divoire#respond"]}]},{"@type":"WebPage","@id":"https:\/\/www.africa-press.net\/cotedivoire\/politique\/zoumana-bakayoko-le-grand-frere-peut-il-succeder-a-son-petit-frere-hambak-en-cote-divoire","url":"https:\/\/www.africa-press.net\/cotedivoire\/politique\/zoumana-bakayoko-le-grand-frere-peut-il-succeder-a-son-petit-frere-hambak-en-cote-divoire","name":"Zoumana Bakayoko, le grand-fr\u00e8re peut-il succ\u00e9der \u00e0 son petit-fr\u00e8re Hambak en C\u00f4te-d\u2019Ivoire ? - C\u00f4te d&#039;Ivoire","isPartOf":{"@id":"https:\/\/www.africa-press.net\/cotedivoire\/#website"},"primaryImageOfPage":{"@id":"https:\/\/www.africa-press.net\/cotedivoire\/politique\/zoumana-bakayoko-le-grand-frere-peut-il-succeder-a-son-petit-frere-hambak-en-cote-divoire#primaryimage"},"image":{"@id":"https:\/\/www.africa-press.net\/cotedivoire\/politique\/zoumana-bakayoko-le-grand-frere-peut-il-succeder-a-son-petit-frere-hambak-en-cote-divoire#primaryimage"},"thumbnailUrl":"https:\/\/static.africa-press.net\/cote\/sites\/43\/2021\/06\/img-60c4bf2aafc7e.jpg","datePublished":"2021-06-12T14:16:41+00:00","dateModified":"2021-06-12T18:13:03+00:00","author":{"@id":"https:\/\/www.africa-press.net\/cotedivoire\/#\/schema\/person\/2b1cf3cd81a31e3cd26889ca66d677f1"},"description":"ZoumBak, le fr\u00e8re, pour r\u00e9incarner HamBak\u2026 Sa\u00efd Penda Officiel Voici l\u2019extrait de mon article sur le successeur politi ...","breadcrumb":{"@id":"https:\/\/www.africa-press.net\/cotedivoire\/politique\/zoumana-bakayoko-le-grand-frere-peut-il-succeder-a-son-petit-frere-hambak-en-cote-divoire#breadcrumb"},"inLanguage":"fr-FR","potentialAction":[{"@type":"ReadAction","target":["https:\/\/www.africa-press.net\/cotedivoire\/politique\/zoumana-bakayoko-le-grand-frere-peut-il-succeder-a-son-petit-frere-hambak-en-cote-divoire"]}]},{"@type":"ImageObject","inLanguage":"fr-FR","@id":"https:\/\/www.africa-press.net\/cotedivoire\/politique\/zoumana-bakayoko-le-grand-frere-peut-il-succeder-a-son-petit-frere-hambak-en-cote-divoire#primaryimage","url":"https:\/\/static.africa-press.net\/cote\/sites\/43\/2021\/06\/img-60c4bf2aafc7e.jpg","contentUrl":"https:\/\/static.africa-press.net\/cote\/sites\/43\/2021\/06\/img-60c4bf2aafc7e.jpg","width":720,"height":391,"caption":"Zoumana Bakayoko, le grand-fr\u00e8re peut-il succ\u00e9der \u00e0 son petit-fr\u00e8re Hambak en C\u00f4te-d\u2019Ivoire ?"},{"@type":"BreadcrumbList","@id":"https:\/\/www.africa-press.net\/cotedivoire\/politique\/zoumana-bakayoko-le-grand-frere-peut-il-succeder-a-son-petit-frere-hambak-en-cote-divoire#breadcrumb","itemListElement":[{"@type":"ListItem","position":1,"name":"Accueil","item":"https:\/\/www.africa-press.net\/cotedivoire\/"},{"@type":"ListItem","position":2,"name":"Zoumana Bakayoko, le grand-fr\u00e8re peut-il succ\u00e9der \u00e0 son petit-fr\u00e8re Hambak en C\u00f4te-d\u2019Ivoire ?"}]},{"@type":"WebSite","@id":"https:\/\/www.africa-press.net\/cotedivoire\/#website","url":"https:\/\/www.africa-press.net\/cotedivoire\/","name":"C\u00f4te d&#039;Ivoire","description":"Just another Africa News Agency Sites site","potentialAction":[{"@type":"SearchAction","target":{"@type":"EntryPoint","urlTemplate":"https:\/\/www.africa-press.net\/cotedivoire\/?s={search_term_string}"},"query-input":{"@type":"PropertyValueSpecification","valueRequired":true,"valueName":"search_term_string"}}],"inLanguage":"fr-FR"},{"@type":"Person","@id":"https:\/\/www.africa-press.net\/cotedivoire\/#\/schema\/person\/2b1cf3cd81a31e3cd26889ca66d677f1","name":"cfeditorfr"}]}},"_links":{"self":[{"href":"https:\/\/www.africa-press.net\/cotedivoire\/wp-json\/wp\/v2\/posts\/8873","targetHints":{"allow":["GET"]}}],"collection":[{"href":"https:\/\/www.africa-press.net\/cotedivoire\/wp-json\/wp\/v2\/posts"}],"about":[{"href":"https:\/\/www.africa-press.net\/cotedivoire\/wp-json\/wp\/v2\/types\/post"}],"author":[{"embeddable":true,"href":"https:\/\/www.africa-press.net\/cotedivoire\/wp-json\/wp\/v2\/users\/82"}],"replies":[{"embeddable":true,"href":"https:\/\/www.africa-press.net\/cotedivoire\/wp-json\/wp\/v2\/comments?post=8873"}],"version-history":[{"count":0,"href":"https:\/\/www.africa-press.net\/cotedivoire\/wp-json\/wp\/v2\/posts\/8873\/revisions"}],"wp:featuredmedia":[{"embeddable":true,"href":"https:\/\/www.africa-press.net\/cotedivoire\/wp-json\/wp\/v2\/media\/8872"}],"wp:attachment":[{"href":"https:\/\/www.africa-press.net\/cotedivoire\/wp-json\/wp\/v2\/media?parent=8873"}],"wp:term":[{"taxonomy":"category","embeddable":true,"href":"https:\/\/www.africa-press.net\/cotedivoire\/wp-json\/wp\/v2\/categories?post=8873"},{"taxonomy":"post_tag","embeddable":true,"href":"https:\/\/www.africa-press.net\/cotedivoire\/wp-json\/wp\/v2\/tags?post=8873"}],"curies":[{"name":"wp","href":"https:\/\/api.w.org\/{rel}","templated":true}]}}