{"id":8879,"date":"2021-06-12T14:31:57","date_gmt":"2021-06-12T14:31:57","guid":{"rendered":"https:\/\/www.africa-press.net\/cotedivoire\/?p=8879"},"modified":"2021-06-12T18:13:27","modified_gmt":"2021-06-12T18:13:27","slug":"la-jeunesse-africaine-au-pouvoir-emploi-education-leadership-think-tank-panafricain","status":"publish","type":"post","link":"https:\/\/www.africa-press.net\/cotedivoire\/culture-et-art\/la-jeunesse-africaine-au-pouvoir-emploi-education-leadership-think-tank-panafricain","title":{"rendered":"\u00ab\u00a0La Jeunesse africaine au pouvoir\u00a0\u00bb Emploi, Education, leadership (think tank panafricain)"},"content":{"rendered":"<p><span style=\"color: #ff6600\"><strong><a href=\"https:\/\/www.africa-press.net\/\">Africa-Press<\/a> &#8211; <a href=\"https:\/\/www.africa-press.net\/cotedivoire\">C\u00f4te d&rsquo;Ivoire<\/a>.\u00a0 <\/strong><\/span>(Jap), c\u2019est la d\u00e9nomination d\u2019un nouveau think tank pr\u00e9sent\u00e9 \u00e0 la presse ce vendredi 11 juin \u00e0 l\u2019h\u00f4tel Pullman Plateau. Selon son pr\u00e9sident M\u2019Bahia N\u2019guessan qui a anim\u00e9 la conf\u00e9rence de presse en compagnie de membres de son bureau, cette nouvelle plateforme de jeunes n\u2019est pas un mouvement qui vient lutter aux c\u00f4t\u00e9s d\u2019un camp politique.<\/p>\n<p>Bien au contraire, ce mouvement se veut un groupe de pression qui adressera des probl\u00e9matiques en lien avec le d\u00e9veloppement des jeunes. Ce sont, a dit M. M\u2019Bahia, les questions d\u2019emploi, d\u2019\u00e9ducation, de leadership, d\u2019environnement\u2026<\/p>\n<p>\u00bbLa Jeunesse africaine au pouvoir \u00bb est un mouvement citoyen et num\u00e9rique qui poursuit une ambition : remettre les jeunes africains, partout sur le continent au c\u0153ur du d\u00e9bat public \u00bb, a-t-il justifi\u00e9. Comme axes d\u2019action strat\u00e9giques, ce nouveau mouvement qui regroupe des jeunes de toutes conditions s\u2019est fix\u00e9 comme priorit\u00e9 : \u2013 encourager les pratiques d\u2019engagement citoyen \u2013 valoriser les cadres d\u2019expression num\u00e9rique \u2013 faire participer directement les jeunes \u00e0 la recherche de solutions aux probl\u00e9matiques li\u00e9es \u00e0 l\u2019emploi jeune et \u00e0 l\u2019entrepreneuriat \u2013 promouvoir l\u2019\u00e9mancipation \u00e9conomique des femmes et l\u2019\u00e9galit\u00e9 des sexes, entre autres.<\/p>\n<p>Jap a profit\u00e9 de cette conf\u00e9rence de presse pour pr\u00e9senter sa plateforme num\u00e9rique sur le mod\u00e8le interactif. Elle enregistre les adh\u00e9sions au mouvement, permet de d\u00e9noncer directement des tares de la soci\u00e9t\u00e9 ou de faire des propositions sur tel ou tel sujet.<\/p>\n<p>Selon le media manager du groupe, ce sont en moyenne une centaine de courriers qui sont re\u00e7us par jour depuis le lancement en juillet 2020 sur www.jap.africa.<\/p>\n<p>Au moment o\u00f9 le mouvement s\u2019appr\u00eate \u00e0 installer ses bases en C\u00f4te d\u2019Ivoire et en Afrique, M\u2019Bahia N\u2019guessan s\u2019est voulu clair sur la vision de son think tank. \u00bbEtre une jeunesse capable de prendre en main son propre destin, de d\u00e9finir par elle-m\u00eame ce que doit \u00eatre l\u2019Afrique de demain et non \u00eatre confin\u00e9e dans un r\u00f4le de simple auditeur ou spectateur de politiques purement intuitives et subjectives d\u00e9finies pour elle par des personnes qui sont tr\u00e8s loin de comprendre ses aspirations \u00bb, a-t-il fait entendre.<\/p>\n<p>&nbsp;<\/p>\n","protected":false},"excerpt":{"rendered":"<p>Africa-Press &#8211; C\u00f4te d&rsquo;Ivoire.\u00a0 (Jap), c\u2019est la d\u00e9nomination d\u2019un nouveau think tank pr\u00e9sent\u00e9 \u00e0 la presse ce vendredi 11 juin \u00e0 l\u2019h\u00f4tel Pullman Plateau. Selon son pr\u00e9sident M\u2019Bahia N\u2019guessan qui a anim\u00e9 la conf\u00e9rence de presse en compagnie de membres de son bureau, cette nouvelle plateforme de jeunes n\u2019est pas un mouvement qui vient lutter [&hellip;]<\/p>\n","protected":false},"author":82,"featured_media":8878,"comment_status":"open","ping_status":"closed","sticky":false,"template":"","format":"standard","meta":{"footnotes":""},"categories":[5,11,10],"tags":[56,63,29],"class_list":["post-8879","post","type-post","status-publish","format-standard","has-post-thumbnail","hentry","category-culture-et-art","category-homepage-french","category-toutes-les-actualites","tag-africa-press","tag-africa-press-cote-divoire","tag-cote-divoire"],"yoast_head":"<!-- This site is optimized with the Yoast SEO Premium plugin v26.1 (Yoast SEO v27.0) - https:\/\/yoast.com\/product\/yoast-seo-premium-wordpress\/ -->\n<title>\u00ab\u00a0La Jeunesse africaine au pouvoir\u00a0\u00bb Emploi, Education, leadership (think tank panafricain) - C\u00f4te d&#039;Ivoire<\/title>\n<meta name=\"description\" content=\"C\u00f4te d\u2019Ivoire \u2013 Emploi, Education, leadership Des jeunes lancent un think tank panafricain (Jap), c\u2019est la d\u00e9nominatio ...\" \/>\n<meta name=\"robots\" content=\"index, follow, max-snippet:-1, max-image-preview:large, max-video-preview:-1\" \/>\n<link rel=\"canonical\" href=\"https:\/\/www.africa-press.net\/cotedivoire\/culture-et-art\/la-jeunesse-africaine-au-pouvoir-emploi-education-leadership-think-tank-panafricain\" \/>\n<meta property=\"og:locale\" content=\"fr_FR\" \/>\n<meta property=\"og:type\" content=\"article\" \/>\n<meta property=\"og:title\" content=\"\u00ab\u00a0La Jeunesse africaine au pouvoir\u00a0\u00bb Emploi, Education, leadership (think tank panafricain)\" \/>\n<meta property=\"og:description\" content=\"C\u00f4te d\u2019Ivoire \u2013 Emploi, Education, leadership Des jeunes lancent un think tank panafricain (Jap), c\u2019est la d\u00e9nominatio ...\" \/>\n<meta property=\"og:url\" content=\"https:\/\/www.africa-press.net\/cotedivoire\/culture-et-art\/la-jeunesse-africaine-au-pouvoir-emploi-education-leadership-think-tank-panafricain\" \/>\n<meta property=\"og:site_name\" content=\"C\u00f4te d&#039;Ivoire\" \/>\n<meta property=\"article:published_time\" content=\"2021-06-12T14:31:57+00:00\" \/>\n<meta property=\"article:modified_time\" content=\"2021-06-12T18:13:27+00:00\" \/>\n<meta property=\"og:image\" content=\"https:\/\/static.africa-press.net\/cote\/sites\/43\/2021\/06\/img-60c4bf73cd840.jpg\" \/>\n\t<meta property=\"og:image:width\" content=\"1459\" \/>\n\t<meta property=\"og:image:height\" content=\"1298\" \/>\n\t<meta property=\"og:image:type\" content=\"image\/jpeg\" \/>\n<meta name=\"author\" content=\"cfeditorfr\" \/>\n<meta name=\"twitter:card\" content=\"summary_large_image\" \/>\n<meta name=\"twitter:label1\" content=\"\u00c9crit par\" \/>\n\t<meta name=\"twitter:data1\" content=\"cfeditorfr\" \/>\n\t<meta name=\"twitter:label2\" content=\"Dur\u00e9e de lecture estim\u00e9e\" \/>\n\t<meta name=\"twitter:data2\" content=\"2 minutes\" \/>\n<script type=\"application\/ld+json\" class=\"yoast-schema-graph\">{\"@context\":\"https:\/\/schema.org\",\"@graph\":[{\"@type\":\"Article\",\"@id\":\"https:\/\/www.africa-press.net\/cotedivoire\/culture-et-art\/la-jeunesse-africaine-au-pouvoir-emploi-education-leadership-think-tank-panafricain#article\",\"isPartOf\":{\"@id\":\"https:\/\/www.africa-press.net\/cotedivoire\/culture-et-art\/la-jeunesse-africaine-au-pouvoir-emploi-education-leadership-think-tank-panafricain\"},\"author\":{\"name\":\"cfeditorfr\",\"@id\":\"https:\/\/www.africa-press.net\/cotedivoire\/#\/schema\/person\/2b1cf3cd81a31e3cd26889ca66d677f1\"},\"headline\":\"\u00ab\u00a0La Jeunesse africaine au pouvoir\u00a0\u00bb Emploi, Education, leadership (think tank panafricain)\",\"datePublished\":\"2021-06-12T14:31:57+00:00\",\"dateModified\":\"2021-06-12T18:13:27+00:00\",\"mainEntityOfPage\":{\"@id\":\"https:\/\/www.africa-press.net\/cotedivoire\/culture-et-art\/la-jeunesse-africaine-au-pouvoir-emploi-education-leadership-think-tank-panafricain\"},\"wordCount\":402,\"commentCount\":0,\"image\":{\"@id\":\"https:\/\/www.africa-press.net\/cotedivoire\/culture-et-art\/la-jeunesse-africaine-au-pouvoir-emploi-education-leadership-think-tank-panafricain#primaryimage\"},\"thumbnailUrl\":\"https:\/\/static.africa-press.net\/cote\/sites\/43\/2021\/06\/img-60c4bf73cd840.jpg\",\"keywords\":[\"Africa Press\",\"Africa Press-C\u00f4te d'Ivoire\",\"C\u00d4TE D'IVOIRE\"],\"articleSection\":[\"Culture et Art\",\"homepage-french\",\"Toutes les actualit\u00e9s\"],\"inLanguage\":\"fr-FR\",\"potentialAction\":[{\"@type\":\"CommentAction\",\"name\":\"Comment\",\"target\":[\"https:\/\/www.africa-press.net\/cotedivoire\/culture-et-art\/la-jeunesse-africaine-au-pouvoir-emploi-education-leadership-think-tank-panafricain#respond\"]}]},{\"@type\":\"WebPage\",\"@id\":\"https:\/\/www.africa-press.net\/cotedivoire\/culture-et-art\/la-jeunesse-africaine-au-pouvoir-emploi-education-leadership-think-tank-panafricain\",\"url\":\"https:\/\/www.africa-press.net\/cotedivoire\/culture-et-art\/la-jeunesse-africaine-au-pouvoir-emploi-education-leadership-think-tank-panafricain\",\"name\":\"\u00ab\u00a0La Jeunesse africaine au pouvoir\u00a0\u00bb Emploi, Education, leadership (think tank panafricain) - C\u00f4te d&#039;Ivoire\",\"isPartOf\":{\"@id\":\"https:\/\/www.africa-press.net\/cotedivoire\/#website\"},\"primaryImageOfPage\":{\"@id\":\"https:\/\/www.africa-press.net\/cotedivoire\/culture-et-art\/la-jeunesse-africaine-au-pouvoir-emploi-education-leadership-think-tank-panafricain#primaryimage\"},\"image\":{\"@id\":\"https:\/\/www.africa-press.net\/cotedivoire\/culture-et-art\/la-jeunesse-africaine-au-pouvoir-emploi-education-leadership-think-tank-panafricain#primaryimage\"},\"thumbnailUrl\":\"https:\/\/static.africa-press.net\/cote\/sites\/43\/2021\/06\/img-60c4bf73cd840.jpg\",\"datePublished\":\"2021-06-12T14:31:57+00:00\",\"dateModified\":\"2021-06-12T18:13:27+00:00\",\"author\":{\"@id\":\"https:\/\/www.africa-press.net\/cotedivoire\/#\/schema\/person\/2b1cf3cd81a31e3cd26889ca66d677f1\"},\"description\":\"C\u00f4te d\u2019Ivoire \u2013 Emploi, Education, leadership Des jeunes lancent un think tank panafricain (Jap), c\u2019est la d\u00e9nominatio ...\",\"breadcrumb\":{\"@id\":\"https:\/\/www.africa-press.net\/cotedivoire\/culture-et-art\/la-jeunesse-africaine-au-pouvoir-emploi-education-leadership-think-tank-panafricain#breadcrumb\"},\"inLanguage\":\"fr-FR\",\"potentialAction\":[{\"@type\":\"ReadAction\",\"target\":[\"https:\/\/www.africa-press.net\/cotedivoire\/culture-et-art\/la-jeunesse-africaine-au-pouvoir-emploi-education-leadership-think-tank-panafricain\"]}]},{\"@type\":\"ImageObject\",\"inLanguage\":\"fr-FR\",\"@id\":\"https:\/\/www.africa-press.net\/cotedivoire\/culture-et-art\/la-jeunesse-africaine-au-pouvoir-emploi-education-leadership-think-tank-panafricain#primaryimage\",\"url\":\"https:\/\/static.africa-press.net\/cote\/sites\/43\/2021\/06\/img-60c4bf73cd840.jpg\",\"contentUrl\":\"https:\/\/static.africa-press.net\/cote\/sites\/43\/2021\/06\/img-60c4bf73cd840.jpg\",\"width\":1459,\"height\":1298,\"caption\":\"\u00ab\u00a0La Jeunesse africaine au pouvoir\u00a0\u00bb Emploi, Education, leadership (think tank panafricain)\"},{\"@type\":\"BreadcrumbList\",\"@id\":\"https:\/\/www.africa-press.net\/cotedivoire\/culture-et-art\/la-jeunesse-africaine-au-pouvoir-emploi-education-leadership-think-tank-panafricain#breadcrumb\",\"itemListElement\":[{\"@type\":\"ListItem\",\"position\":1,\"name\":\"Accueil\",\"item\":\"https:\/\/www.africa-press.net\/cotedivoire\/\"},{\"@type\":\"ListItem\",\"position\":2,\"name\":\"\u00ab\u00a0La Jeunesse africaine au pouvoir\u00a0\u00bb Emploi, Education, leadership (think tank panafricain)\"}]},{\"@type\":\"WebSite\",\"@id\":\"https:\/\/www.africa-press.net\/cotedivoire\/#website\",\"url\":\"https:\/\/www.africa-press.net\/cotedivoire\/\",\"name\":\"C\u00f4te d&#039;Ivoire\",\"description\":\"Just another Africa News Agency Sites site\",\"potentialAction\":[{\"@type\":\"SearchAction\",\"target\":{\"@type\":\"EntryPoint\",\"urlTemplate\":\"https:\/\/www.africa-press.net\/cotedivoire\/?s={search_term_string}\"},\"query-input\":{\"@type\":\"PropertyValueSpecification\",\"valueRequired\":true,\"valueName\":\"search_term_string\"}}],\"inLanguage\":\"fr-FR\"},{\"@type\":\"Person\",\"@id\":\"https:\/\/www.africa-press.net\/cotedivoire\/#\/schema\/person\/2b1cf3cd81a31e3cd26889ca66d677f1\",\"name\":\"cfeditorfr\"}]}<\/script>\n<!-- \/ Yoast SEO Premium plugin. -->","yoast_head_json":{"title":"\u00ab\u00a0La Jeunesse africaine au pouvoir\u00a0\u00bb Emploi, Education, leadership (think tank panafricain) - C\u00f4te d&#039;Ivoire","description":"C\u00f4te d\u2019Ivoire \u2013 Emploi, Education, leadership Des jeunes lancent un think tank panafricain (Jap), c\u2019est la d\u00e9nominatio ...","robots":{"index":"index","follow":"follow","max-snippet":"max-snippet:-1","max-image-preview":"max-image-preview:large","max-video-preview":"max-video-preview:-1"},"canonical":"https:\/\/www.africa-press.net\/cotedivoire\/culture-et-art\/la-jeunesse-africaine-au-pouvoir-emploi-education-leadership-think-tank-panafricain","og_locale":"fr_FR","og_type":"article","og_title":"\u00ab\u00a0La Jeunesse africaine au pouvoir\u00a0\u00bb Emploi, Education, leadership (think tank panafricain)","og_description":"C\u00f4te d\u2019Ivoire \u2013 Emploi, Education, leadership Des jeunes lancent un think tank panafricain (Jap), c\u2019est la d\u00e9nominatio ...","og_url":"https:\/\/www.africa-press.net\/cotedivoire\/culture-et-art\/la-jeunesse-africaine-au-pouvoir-emploi-education-leadership-think-tank-panafricain","og_site_name":"C\u00f4te d&#039;Ivoire","article_published_time":"2021-06-12T14:31:57+00:00","article_modified_time":"2021-06-12T18:13:27+00:00","og_image":[{"width":1459,"height":1298,"url":"https:\/\/static.africa-press.net\/cote\/sites\/43\/2021\/06\/img-60c4bf73cd840.jpg","type":"image\/jpeg"}],"author":"cfeditorfr","twitter_card":"summary_large_image","twitter_misc":{"\u00c9crit par":"cfeditorfr","Dur\u00e9e de lecture estim\u00e9e":"2 minutes"},"schema":{"@context":"https:\/\/schema.org","@graph":[{"@type":"Article","@id":"https:\/\/www.africa-press.net\/cotedivoire\/culture-et-art\/la-jeunesse-africaine-au-pouvoir-emploi-education-leadership-think-tank-panafricain#article","isPartOf":{"@id":"https:\/\/www.africa-press.net\/cotedivoire\/culture-et-art\/la-jeunesse-africaine-au-pouvoir-emploi-education-leadership-think-tank-panafricain"},"author":{"name":"cfeditorfr","@id":"https:\/\/www.africa-press.net\/cotedivoire\/#\/schema\/person\/2b1cf3cd81a31e3cd26889ca66d677f1"},"headline":"\u00ab\u00a0La Jeunesse africaine au pouvoir\u00a0\u00bb Emploi, Education, leadership (think tank panafricain)","datePublished":"2021-06-12T14:31:57+00:00","dateModified":"2021-06-12T18:13:27+00:00","mainEntityOfPage":{"@id":"https:\/\/www.africa-press.net\/cotedivoire\/culture-et-art\/la-jeunesse-africaine-au-pouvoir-emploi-education-leadership-think-tank-panafricain"},"wordCount":402,"commentCount":0,"image":{"@id":"https:\/\/www.africa-press.net\/cotedivoire\/culture-et-art\/la-jeunesse-africaine-au-pouvoir-emploi-education-leadership-think-tank-panafricain#primaryimage"},"thumbnailUrl":"https:\/\/static.africa-press.net\/cote\/sites\/43\/2021\/06\/img-60c4bf73cd840.jpg","keywords":["Africa Press","Africa Press-C\u00f4te d'Ivoire","C\u00d4TE D'IVOIRE"],"articleSection":["Culture et Art","homepage-french","Toutes les actualit\u00e9s"],"inLanguage":"fr-FR","potentialAction":[{"@type":"CommentAction","name":"Comment","target":["https:\/\/www.africa-press.net\/cotedivoire\/culture-et-art\/la-jeunesse-africaine-au-pouvoir-emploi-education-leadership-think-tank-panafricain#respond"]}]},{"@type":"WebPage","@id":"https:\/\/www.africa-press.net\/cotedivoire\/culture-et-art\/la-jeunesse-africaine-au-pouvoir-emploi-education-leadership-think-tank-panafricain","url":"https:\/\/www.africa-press.net\/cotedivoire\/culture-et-art\/la-jeunesse-africaine-au-pouvoir-emploi-education-leadership-think-tank-panafricain","name":"\u00ab\u00a0La Jeunesse africaine au pouvoir\u00a0\u00bb Emploi, Education, leadership (think tank panafricain) - C\u00f4te d&#039;Ivoire","isPartOf":{"@id":"https:\/\/www.africa-press.net\/cotedivoire\/#website"},"primaryImageOfPage":{"@id":"https:\/\/www.africa-press.net\/cotedivoire\/culture-et-art\/la-jeunesse-africaine-au-pouvoir-emploi-education-leadership-think-tank-panafricain#primaryimage"},"image":{"@id":"https:\/\/www.africa-press.net\/cotedivoire\/culture-et-art\/la-jeunesse-africaine-au-pouvoir-emploi-education-leadership-think-tank-panafricain#primaryimage"},"thumbnailUrl":"https:\/\/static.africa-press.net\/cote\/sites\/43\/2021\/06\/img-60c4bf73cd840.jpg","datePublished":"2021-06-12T14:31:57+00:00","dateModified":"2021-06-12T18:13:27+00:00","author":{"@id":"https:\/\/www.africa-press.net\/cotedivoire\/#\/schema\/person\/2b1cf3cd81a31e3cd26889ca66d677f1"},"description":"C\u00f4te d\u2019Ivoire \u2013 Emploi, Education, leadership Des jeunes lancent un think tank panafricain (Jap), c\u2019est la d\u00e9nominatio ...","breadcrumb":{"@id":"https:\/\/www.africa-press.net\/cotedivoire\/culture-et-art\/la-jeunesse-africaine-au-pouvoir-emploi-education-leadership-think-tank-panafricain#breadcrumb"},"inLanguage":"fr-FR","potentialAction":[{"@type":"ReadAction","target":["https:\/\/www.africa-press.net\/cotedivoire\/culture-et-art\/la-jeunesse-africaine-au-pouvoir-emploi-education-leadership-think-tank-panafricain"]}]},{"@type":"ImageObject","inLanguage":"fr-FR","@id":"https:\/\/www.africa-press.net\/cotedivoire\/culture-et-art\/la-jeunesse-africaine-au-pouvoir-emploi-education-leadership-think-tank-panafricain#primaryimage","url":"https:\/\/static.africa-press.net\/cote\/sites\/43\/2021\/06\/img-60c4bf73cd840.jpg","contentUrl":"https:\/\/static.africa-press.net\/cote\/sites\/43\/2021\/06\/img-60c4bf73cd840.jpg","width":1459,"height":1298,"caption":"\u00ab\u00a0La Jeunesse africaine au pouvoir\u00a0\u00bb Emploi, Education, leadership (think tank panafricain)"},{"@type":"BreadcrumbList","@id":"https:\/\/www.africa-press.net\/cotedivoire\/culture-et-art\/la-jeunesse-africaine-au-pouvoir-emploi-education-leadership-think-tank-panafricain#breadcrumb","itemListElement":[{"@type":"ListItem","position":1,"name":"Accueil","item":"https:\/\/www.africa-press.net\/cotedivoire\/"},{"@type":"ListItem","position":2,"name":"\u00ab\u00a0La Jeunesse africaine au pouvoir\u00a0\u00bb Emploi, Education, leadership (think tank panafricain)"}]},{"@type":"WebSite","@id":"https:\/\/www.africa-press.net\/cotedivoire\/#website","url":"https:\/\/www.africa-press.net\/cotedivoire\/","name":"C\u00f4te d&#039;Ivoire","description":"Just another Africa News Agency Sites site","potentialAction":[{"@type":"SearchAction","target":{"@type":"EntryPoint","urlTemplate":"https:\/\/www.africa-press.net\/cotedivoire\/?s={search_term_string}"},"query-input":{"@type":"PropertyValueSpecification","valueRequired":true,"valueName":"search_term_string"}}],"inLanguage":"fr-FR"},{"@type":"Person","@id":"https:\/\/www.africa-press.net\/cotedivoire\/#\/schema\/person\/2b1cf3cd81a31e3cd26889ca66d677f1","name":"cfeditorfr"}]}},"_links":{"self":[{"href":"https:\/\/www.africa-press.net\/cotedivoire\/wp-json\/wp\/v2\/posts\/8879","targetHints":{"allow":["GET"]}}],"collection":[{"href":"https:\/\/www.africa-press.net\/cotedivoire\/wp-json\/wp\/v2\/posts"}],"about":[{"href":"https:\/\/www.africa-press.net\/cotedivoire\/wp-json\/wp\/v2\/types\/post"}],"author":[{"embeddable":true,"href":"https:\/\/www.africa-press.net\/cotedivoire\/wp-json\/wp\/v2\/users\/82"}],"replies":[{"embeddable":true,"href":"https:\/\/www.africa-press.net\/cotedivoire\/wp-json\/wp\/v2\/comments?post=8879"}],"version-history":[{"count":0,"href":"https:\/\/www.africa-press.net\/cotedivoire\/wp-json\/wp\/v2\/posts\/8879\/revisions"}],"wp:featuredmedia":[{"embeddable":true,"href":"https:\/\/www.africa-press.net\/cotedivoire\/wp-json\/wp\/v2\/media\/8878"}],"wp:attachment":[{"href":"https:\/\/www.africa-press.net\/cotedivoire\/wp-json\/wp\/v2\/media?parent=8879"}],"wp:term":[{"taxonomy":"category","embeddable":true,"href":"https:\/\/www.africa-press.net\/cotedivoire\/wp-json\/wp\/v2\/categories?post=8879"},{"taxonomy":"post_tag","embeddable":true,"href":"https:\/\/www.africa-press.net\/cotedivoire\/wp-json\/wp\/v2\/tags?post=8879"}],"curies":[{"name":"wp","href":"https:\/\/api.w.org\/{rel}","templated":true}]}}