{"id":8882,"date":"2021-06-12T14:40:34","date_gmt":"2021-06-12T14:40:34","guid":{"rendered":"https:\/\/www.africa-press.net\/cotedivoire\/?p=8882"},"modified":"2021-06-12T18:13:59","modified_gmt":"2021-06-12T18:13:59","slug":"bataille-de-positionnement-au-pdci-des-partisans-de-billon-sonnent-la-mobilisation-a-toumodi","status":"publish","type":"post","link":"https:\/\/www.africa-press.net\/cotedivoire\/politique\/bataille-de-positionnement-au-pdci-des-partisans-de-billon-sonnent-la-mobilisation-a-toumodi","title":{"rendered":"Bataille de positionnement au Pdci \u2013 Des partisans de Billon sonnent la mobilisation \u00e0 Toumodi"},"content":{"rendered":"<p><span style=\"color: #ff6600\"><strong><a href=\"https:\/\/www.africa-press.net\/\">Africa-Press<\/a> &#8211; <a href=\"https:\/\/www.africa-press.net\/cotedivoire\">C\u00f4te d&rsquo;Ivoire<\/a>. <\/strong><\/span>Le mouvement Pierre d\u2019angle de Jean Louis Billon tisse progressivement sa toile. Mercredi, au foyer des jeunes Abla Pokou, il a investi son d\u00e9l\u00e9gu\u00e9 de Toumodi, ville au c\u0153ur du pays baoul\u00e9, bastion incontestable du Pdci-Rda.<\/p>\n<p>S\u00e9ri Damien Florent et ses amis ont battu le rappel des troupes et pr\u00each\u00e9 en faveur du secr\u00e9taire ex\u00e9cutif du Pdci en charge de la propagande et d\u00e9put\u00e9 de Dabakala, Jean Louis Billon. M. S\u00e9ri a invit\u00e9 le d\u00e9l\u00e9gu\u00e9 investi Ando Yvon Jacques et son bureau \u00e0 aller partout pour \u00bbramener \u00e0 Jean Louis Billon, la masse dont il a besoin \u00bb pour \u00eatre le candidat du Pdci en 2025. C\u2019est le m\u00eame discours que le pr\u00e9sident de ce mouvement de soutien a \u00e0 la bouche depuis le lancement de ses activit\u00e9s \u00e0 Yamoussoukro \u00e0 la mi-mai.<\/p>\n<p>Le pr\u00e9sident du Pdci Henri Konan B\u00e9di\u00e9 qui regarde avec un certain sto\u00efcisme le lobbying de ses cadres n\u2019a pas encore publiquement renonc\u00e9 \u00e0 se repr\u00e9senter pour le compte du vieux parti en 2025. Mais pour une certaine frange de militants, le moment est arriv\u00e9 de passer la main d\u2019o\u00f9 les mouvements actuels observ\u00e9s au sein du Pdci.<\/p>\n<p>Les partisans de Billon, eux, entendent prendre de l\u2019avance sur le terrain dans la bataille \u00e0 venir. A Toumodi, des responsables locaux du Pdci ont apport\u00e9 leur caution \u00e0 ce rassemblement. C\u2019est le cas de Kouadio Konan Roland membre de la d\u00e9l\u00e9gation communale du Pdci.<\/p>\n<p>S\u00e9ri Damien a vant\u00e9 les m\u00e9rites de Billon qu\u2019il pr\u00e9sente comme un cadre courageux, int\u00e8gre et qui ne tergiverse pas avec ses convictions et son attachement au Pdci. \u00ab Le changement, le d\u00e9veloppement, la prosp\u00e9rit\u00e9, le rayonnement de la C\u00f4te d\u2019Ivoire sont possibles. Mais il nous appartient de composer avec des hommes de vision, des hommes de conviction, d\u2019ambitions mais surtout des hommes de valeur. Nous sommes venus vous dire qu\u2019il est temps de choisir les leaders qui incarnent nos attentes et aspirations. Et celui qui incarne cette vision, celui qui assume ses convictions et fait preuve d\u2019un grand courage, c\u2019est bien le d\u00e9put\u00e9 Jean Louis Billon \u00bb, a lanc\u00e9 l\u2019orateur qui n\u2019a pas manqu\u00e9 de lancer quelques piques.<\/p>\n<p>\u00bbNe vous fiez pas \u00e0 ceux qui pensent que sans eux, la C\u00f4te d\u2019Ivoire va s\u2019effondrez ! Ne pr\u00eatez pas attention \u00e0 ceux qui ont \u00e9chou\u00e9 dans leur devoir de r\u00e9concilier simplement les Ivoiriens, ceux-l\u00e0 qui ont accentu\u00e9 les divisions et suscit\u00e9 les affrontements entre les communaut\u00e9s \u00bb, a-t-il tanc\u00e9.<\/p>\n<p>Le bureau investi par la voix de son d\u00e9l\u00e9gu\u00e9 a promis se mettre \u00e0 la t\u00e2che tr\u00e8s rapidement pour relever le d\u00e9fi de la mobilisation des billonnistes de Toumodi.<\/p>\n<p>Avant de boucler le meeting, le pr\u00e9sident national de Pierre d\u2019angle de Jean Louis Billon a r\u00e9pondu \u00e0 quelques questions des participants. Ceux-ci ont \u00e9t\u00e9 \u00e9difi\u00e9s sur les objectifs politiques du mouvement.<\/p>\n<p>&nbsp;<\/p>\n","protected":false},"excerpt":{"rendered":"<p>Africa-Press &#8211; C\u00f4te d&rsquo;Ivoire. Le mouvement Pierre d\u2019angle de Jean Louis Billon tisse progressivement sa toile. Mercredi, au foyer des jeunes Abla Pokou, il a investi son d\u00e9l\u00e9gu\u00e9 de Toumodi, ville au c\u0153ur du pays baoul\u00e9, bastion incontestable du Pdci-Rda. S\u00e9ri Damien Florent et ses amis ont battu le rappel des troupes et pr\u00each\u00e9 en [&hellip;]<\/p>\n","protected":false},"author":82,"featured_media":8881,"comment_status":"open","ping_status":"closed","sticky":false,"template":"","format":"standard","meta":{"footnotes":""},"categories":[11,2,20,10],"tags":[56,63,29],"class_list":["post-8882","post","type-post","status-publish","format-standard","has-post-thumbnail","hentry","category-homepage-french","category-politique","category-top-nouvelles","category-toutes-les-actualites","tag-africa-press","tag-africa-press-cote-divoire","tag-cote-divoire"],"yoast_head":"<!-- This site is optimized with the Yoast SEO Premium plugin v26.1 (Yoast SEO v27.0) - https:\/\/yoast.com\/product\/yoast-seo-premium-wordpress\/ -->\n<title>Bataille de positionnement au Pdci \u2013 Des partisans de Billon sonnent la mobilisation \u00e0 Toumodi - C\u00f4te d&#039;Ivoire<\/title>\n<meta name=\"description\" content=\"Le mouvement Pierre d\u2019angle de Jean Louis Billon tisse progressivement sa toile. Mercredi, au foyer des jeunes Abla Poko ...\" \/>\n<meta name=\"robots\" content=\"index, follow, max-snippet:-1, max-image-preview:large, max-video-preview:-1\" \/>\n<link rel=\"canonical\" href=\"https:\/\/www.africa-press.net\/cotedivoire\/politique\/bataille-de-positionnement-au-pdci-des-partisans-de-billon-sonnent-la-mobilisation-a-toumodi\" \/>\n<meta property=\"og:locale\" content=\"fr_FR\" \/>\n<meta property=\"og:type\" content=\"article\" \/>\n<meta property=\"og:title\" content=\"Bataille de positionnement au Pdci \u2013 Des partisans de Billon sonnent la mobilisation \u00e0 Toumodi\" \/>\n<meta property=\"og:description\" content=\"Le mouvement Pierre d\u2019angle de Jean Louis Billon tisse progressivement sa toile. Mercredi, au foyer des jeunes Abla Poko ...\" \/>\n<meta property=\"og:url\" content=\"https:\/\/www.africa-press.net\/cotedivoire\/politique\/bataille-de-positionnement-au-pdci-des-partisans-de-billon-sonnent-la-mobilisation-a-toumodi\" \/>\n<meta property=\"og:site_name\" content=\"C\u00f4te d&#039;Ivoire\" \/>\n<meta property=\"article:published_time\" content=\"2021-06-12T14:40:34+00:00\" \/>\n<meta property=\"article:modified_time\" content=\"2021-06-12T18:13:59+00:00\" \/>\n<meta property=\"og:image\" content=\"https:\/\/static.africa-press.net\/cote\/sites\/43\/2021\/06\/img-60c4bf995752e.jpg\" \/>\n\t<meta property=\"og:image:width\" content=\"1080\" \/>\n\t<meta property=\"og:image:height\" content=\"608\" \/>\n\t<meta property=\"og:image:type\" content=\"image\/jpeg\" \/>\n<meta name=\"author\" content=\"cfeditorfr\" \/>\n<meta name=\"twitter:card\" content=\"summary_large_image\" \/>\n<meta name=\"twitter:label1\" content=\"\u00c9crit par\" \/>\n\t<meta name=\"twitter:data1\" content=\"cfeditorfr\" \/>\n\t<meta name=\"twitter:label2\" content=\"Dur\u00e9e de lecture estim\u00e9e\" \/>\n\t<meta name=\"twitter:data2\" content=\"3 minutes\" \/>\n<script type=\"application\/ld+json\" class=\"yoast-schema-graph\">{\"@context\":\"https:\/\/schema.org\",\"@graph\":[{\"@type\":\"Article\",\"@id\":\"https:\/\/www.africa-press.net\/cotedivoire\/politique\/bataille-de-positionnement-au-pdci-des-partisans-de-billon-sonnent-la-mobilisation-a-toumodi#article\",\"isPartOf\":{\"@id\":\"https:\/\/www.africa-press.net\/cotedivoire\/politique\/bataille-de-positionnement-au-pdci-des-partisans-de-billon-sonnent-la-mobilisation-a-toumodi\"},\"author\":{\"name\":\"cfeditorfr\",\"@id\":\"https:\/\/www.africa-press.net\/cotedivoire\/#\/schema\/person\/2b1cf3cd81a31e3cd26889ca66d677f1\"},\"headline\":\"Bataille de positionnement au Pdci \u2013 Des partisans de Billon sonnent la mobilisation \u00e0 Toumodi\",\"datePublished\":\"2021-06-12T14:40:34+00:00\",\"dateModified\":\"2021-06-12T18:13:59+00:00\",\"mainEntityOfPage\":{\"@id\":\"https:\/\/www.africa-press.net\/cotedivoire\/politique\/bataille-de-positionnement-au-pdci-des-partisans-de-billon-sonnent-la-mobilisation-a-toumodi\"},\"wordCount\":525,\"commentCount\":0,\"image\":{\"@id\":\"https:\/\/www.africa-press.net\/cotedivoire\/politique\/bataille-de-positionnement-au-pdci-des-partisans-de-billon-sonnent-la-mobilisation-a-toumodi#primaryimage\"},\"thumbnailUrl\":\"https:\/\/static.africa-press.net\/cote\/sites\/43\/2021\/06\/img-60c4bf995752e.jpg\",\"keywords\":[\"Africa Press\",\"Africa Press-C\u00f4te d'Ivoire\",\"C\u00d4TE D'IVOIRE\"],\"articleSection\":[\"homepage-french\",\"Politique\",\"Top Nouvelles\",\"Toutes les actualit\u00e9s\"],\"inLanguage\":\"fr-FR\",\"potentialAction\":[{\"@type\":\"CommentAction\",\"name\":\"Comment\",\"target\":[\"https:\/\/www.africa-press.net\/cotedivoire\/politique\/bataille-de-positionnement-au-pdci-des-partisans-de-billon-sonnent-la-mobilisation-a-toumodi#respond\"]}]},{\"@type\":\"WebPage\",\"@id\":\"https:\/\/www.africa-press.net\/cotedivoire\/politique\/bataille-de-positionnement-au-pdci-des-partisans-de-billon-sonnent-la-mobilisation-a-toumodi\",\"url\":\"https:\/\/www.africa-press.net\/cotedivoire\/politique\/bataille-de-positionnement-au-pdci-des-partisans-de-billon-sonnent-la-mobilisation-a-toumodi\",\"name\":\"Bataille de positionnement au Pdci \u2013 Des partisans de Billon sonnent la mobilisation \u00e0 Toumodi - C\u00f4te d&#039;Ivoire\",\"isPartOf\":{\"@id\":\"https:\/\/www.africa-press.net\/cotedivoire\/#website\"},\"primaryImageOfPage\":{\"@id\":\"https:\/\/www.africa-press.net\/cotedivoire\/politique\/bataille-de-positionnement-au-pdci-des-partisans-de-billon-sonnent-la-mobilisation-a-toumodi#primaryimage\"},\"image\":{\"@id\":\"https:\/\/www.africa-press.net\/cotedivoire\/politique\/bataille-de-positionnement-au-pdci-des-partisans-de-billon-sonnent-la-mobilisation-a-toumodi#primaryimage\"},\"thumbnailUrl\":\"https:\/\/static.africa-press.net\/cote\/sites\/43\/2021\/06\/img-60c4bf995752e.jpg\",\"datePublished\":\"2021-06-12T14:40:34+00:00\",\"dateModified\":\"2021-06-12T18:13:59+00:00\",\"author\":{\"@id\":\"https:\/\/www.africa-press.net\/cotedivoire\/#\/schema\/person\/2b1cf3cd81a31e3cd26889ca66d677f1\"},\"description\":\"Le mouvement Pierre d\u2019angle de Jean Louis Billon tisse progressivement sa toile. Mercredi, au foyer des jeunes Abla Poko ...\",\"breadcrumb\":{\"@id\":\"https:\/\/www.africa-press.net\/cotedivoire\/politique\/bataille-de-positionnement-au-pdci-des-partisans-de-billon-sonnent-la-mobilisation-a-toumodi#breadcrumb\"},\"inLanguage\":\"fr-FR\",\"potentialAction\":[{\"@type\":\"ReadAction\",\"target\":[\"https:\/\/www.africa-press.net\/cotedivoire\/politique\/bataille-de-positionnement-au-pdci-des-partisans-de-billon-sonnent-la-mobilisation-a-toumodi\"]}]},{\"@type\":\"ImageObject\",\"inLanguage\":\"fr-FR\",\"@id\":\"https:\/\/www.africa-press.net\/cotedivoire\/politique\/bataille-de-positionnement-au-pdci-des-partisans-de-billon-sonnent-la-mobilisation-a-toumodi#primaryimage\",\"url\":\"https:\/\/static.africa-press.net\/cote\/sites\/43\/2021\/06\/img-60c4bf995752e.jpg\",\"contentUrl\":\"https:\/\/static.africa-press.net\/cote\/sites\/43\/2021\/06\/img-60c4bf995752e.jpg\",\"width\":1080,\"height\":608,\"caption\":\"Bataille de positionnement au Pdci \u2013 Des partisans de Billon sonnent la mobilisation \u00e0 Toumodi\"},{\"@type\":\"BreadcrumbList\",\"@id\":\"https:\/\/www.africa-press.net\/cotedivoire\/politique\/bataille-de-positionnement-au-pdci-des-partisans-de-billon-sonnent-la-mobilisation-a-toumodi#breadcrumb\",\"itemListElement\":[{\"@type\":\"ListItem\",\"position\":1,\"name\":\"Accueil\",\"item\":\"https:\/\/www.africa-press.net\/cotedivoire\/\"},{\"@type\":\"ListItem\",\"position\":2,\"name\":\"Bataille de positionnement au Pdci \u2013 Des partisans de Billon sonnent la mobilisation \u00e0 Toumodi\"}]},{\"@type\":\"WebSite\",\"@id\":\"https:\/\/www.africa-press.net\/cotedivoire\/#website\",\"url\":\"https:\/\/www.africa-press.net\/cotedivoire\/\",\"name\":\"C\u00f4te d&#039;Ivoire\",\"description\":\"Just another Africa News Agency Sites site\",\"potentialAction\":[{\"@type\":\"SearchAction\",\"target\":{\"@type\":\"EntryPoint\",\"urlTemplate\":\"https:\/\/www.africa-press.net\/cotedivoire\/?s={search_term_string}\"},\"query-input\":{\"@type\":\"PropertyValueSpecification\",\"valueRequired\":true,\"valueName\":\"search_term_string\"}}],\"inLanguage\":\"fr-FR\"},{\"@type\":\"Person\",\"@id\":\"https:\/\/www.africa-press.net\/cotedivoire\/#\/schema\/person\/2b1cf3cd81a31e3cd26889ca66d677f1\",\"name\":\"cfeditorfr\"}]}<\/script>\n<!-- \/ Yoast SEO Premium plugin. -->","yoast_head_json":{"title":"Bataille de positionnement au Pdci \u2013 Des partisans de Billon sonnent la mobilisation \u00e0 Toumodi - C\u00f4te d&#039;Ivoire","description":"Le mouvement Pierre d\u2019angle de Jean Louis Billon tisse progressivement sa toile. Mercredi, au foyer des jeunes Abla Poko ...","robots":{"index":"index","follow":"follow","max-snippet":"max-snippet:-1","max-image-preview":"max-image-preview:large","max-video-preview":"max-video-preview:-1"},"canonical":"https:\/\/www.africa-press.net\/cotedivoire\/politique\/bataille-de-positionnement-au-pdci-des-partisans-de-billon-sonnent-la-mobilisation-a-toumodi","og_locale":"fr_FR","og_type":"article","og_title":"Bataille de positionnement au Pdci \u2013 Des partisans de Billon sonnent la mobilisation \u00e0 Toumodi","og_description":"Le mouvement Pierre d\u2019angle de Jean Louis Billon tisse progressivement sa toile. Mercredi, au foyer des jeunes Abla Poko ...","og_url":"https:\/\/www.africa-press.net\/cotedivoire\/politique\/bataille-de-positionnement-au-pdci-des-partisans-de-billon-sonnent-la-mobilisation-a-toumodi","og_site_name":"C\u00f4te d&#039;Ivoire","article_published_time":"2021-06-12T14:40:34+00:00","article_modified_time":"2021-06-12T18:13:59+00:00","og_image":[{"width":1080,"height":608,"url":"https:\/\/static.africa-press.net\/cote\/sites\/43\/2021\/06\/img-60c4bf995752e.jpg","type":"image\/jpeg"}],"author":"cfeditorfr","twitter_card":"summary_large_image","twitter_misc":{"\u00c9crit par":"cfeditorfr","Dur\u00e9e de lecture estim\u00e9e":"3 minutes"},"schema":{"@context":"https:\/\/schema.org","@graph":[{"@type":"Article","@id":"https:\/\/www.africa-press.net\/cotedivoire\/politique\/bataille-de-positionnement-au-pdci-des-partisans-de-billon-sonnent-la-mobilisation-a-toumodi#article","isPartOf":{"@id":"https:\/\/www.africa-press.net\/cotedivoire\/politique\/bataille-de-positionnement-au-pdci-des-partisans-de-billon-sonnent-la-mobilisation-a-toumodi"},"author":{"name":"cfeditorfr","@id":"https:\/\/www.africa-press.net\/cotedivoire\/#\/schema\/person\/2b1cf3cd81a31e3cd26889ca66d677f1"},"headline":"Bataille de positionnement au Pdci \u2013 Des partisans de Billon sonnent la mobilisation \u00e0 Toumodi","datePublished":"2021-06-12T14:40:34+00:00","dateModified":"2021-06-12T18:13:59+00:00","mainEntityOfPage":{"@id":"https:\/\/www.africa-press.net\/cotedivoire\/politique\/bataille-de-positionnement-au-pdci-des-partisans-de-billon-sonnent-la-mobilisation-a-toumodi"},"wordCount":525,"commentCount":0,"image":{"@id":"https:\/\/www.africa-press.net\/cotedivoire\/politique\/bataille-de-positionnement-au-pdci-des-partisans-de-billon-sonnent-la-mobilisation-a-toumodi#primaryimage"},"thumbnailUrl":"https:\/\/static.africa-press.net\/cote\/sites\/43\/2021\/06\/img-60c4bf995752e.jpg","keywords":["Africa Press","Africa Press-C\u00f4te d'Ivoire","C\u00d4TE D'IVOIRE"],"articleSection":["homepage-french","Politique","Top Nouvelles","Toutes les actualit\u00e9s"],"inLanguage":"fr-FR","potentialAction":[{"@type":"CommentAction","name":"Comment","target":["https:\/\/www.africa-press.net\/cotedivoire\/politique\/bataille-de-positionnement-au-pdci-des-partisans-de-billon-sonnent-la-mobilisation-a-toumodi#respond"]}]},{"@type":"WebPage","@id":"https:\/\/www.africa-press.net\/cotedivoire\/politique\/bataille-de-positionnement-au-pdci-des-partisans-de-billon-sonnent-la-mobilisation-a-toumodi","url":"https:\/\/www.africa-press.net\/cotedivoire\/politique\/bataille-de-positionnement-au-pdci-des-partisans-de-billon-sonnent-la-mobilisation-a-toumodi","name":"Bataille de positionnement au Pdci \u2013 Des partisans de Billon sonnent la mobilisation \u00e0 Toumodi - C\u00f4te d&#039;Ivoire","isPartOf":{"@id":"https:\/\/www.africa-press.net\/cotedivoire\/#website"},"primaryImageOfPage":{"@id":"https:\/\/www.africa-press.net\/cotedivoire\/politique\/bataille-de-positionnement-au-pdci-des-partisans-de-billon-sonnent-la-mobilisation-a-toumodi#primaryimage"},"image":{"@id":"https:\/\/www.africa-press.net\/cotedivoire\/politique\/bataille-de-positionnement-au-pdci-des-partisans-de-billon-sonnent-la-mobilisation-a-toumodi#primaryimage"},"thumbnailUrl":"https:\/\/static.africa-press.net\/cote\/sites\/43\/2021\/06\/img-60c4bf995752e.jpg","datePublished":"2021-06-12T14:40:34+00:00","dateModified":"2021-06-12T18:13:59+00:00","author":{"@id":"https:\/\/www.africa-press.net\/cotedivoire\/#\/schema\/person\/2b1cf3cd81a31e3cd26889ca66d677f1"},"description":"Le mouvement Pierre d\u2019angle de Jean Louis Billon tisse progressivement sa toile. Mercredi, au foyer des jeunes Abla Poko ...","breadcrumb":{"@id":"https:\/\/www.africa-press.net\/cotedivoire\/politique\/bataille-de-positionnement-au-pdci-des-partisans-de-billon-sonnent-la-mobilisation-a-toumodi#breadcrumb"},"inLanguage":"fr-FR","potentialAction":[{"@type":"ReadAction","target":["https:\/\/www.africa-press.net\/cotedivoire\/politique\/bataille-de-positionnement-au-pdci-des-partisans-de-billon-sonnent-la-mobilisation-a-toumodi"]}]},{"@type":"ImageObject","inLanguage":"fr-FR","@id":"https:\/\/www.africa-press.net\/cotedivoire\/politique\/bataille-de-positionnement-au-pdci-des-partisans-de-billon-sonnent-la-mobilisation-a-toumodi#primaryimage","url":"https:\/\/static.africa-press.net\/cote\/sites\/43\/2021\/06\/img-60c4bf995752e.jpg","contentUrl":"https:\/\/static.africa-press.net\/cote\/sites\/43\/2021\/06\/img-60c4bf995752e.jpg","width":1080,"height":608,"caption":"Bataille de positionnement au Pdci \u2013 Des partisans de Billon sonnent la mobilisation \u00e0 Toumodi"},{"@type":"BreadcrumbList","@id":"https:\/\/www.africa-press.net\/cotedivoire\/politique\/bataille-de-positionnement-au-pdci-des-partisans-de-billon-sonnent-la-mobilisation-a-toumodi#breadcrumb","itemListElement":[{"@type":"ListItem","position":1,"name":"Accueil","item":"https:\/\/www.africa-press.net\/cotedivoire\/"},{"@type":"ListItem","position":2,"name":"Bataille de positionnement au Pdci \u2013 Des partisans de Billon sonnent la mobilisation \u00e0 Toumodi"}]},{"@type":"WebSite","@id":"https:\/\/www.africa-press.net\/cotedivoire\/#website","url":"https:\/\/www.africa-press.net\/cotedivoire\/","name":"C\u00f4te d&#039;Ivoire","description":"Just another Africa News Agency Sites site","potentialAction":[{"@type":"SearchAction","target":{"@type":"EntryPoint","urlTemplate":"https:\/\/www.africa-press.net\/cotedivoire\/?s={search_term_string}"},"query-input":{"@type":"PropertyValueSpecification","valueRequired":true,"valueName":"search_term_string"}}],"inLanguage":"fr-FR"},{"@type":"Person","@id":"https:\/\/www.africa-press.net\/cotedivoire\/#\/schema\/person\/2b1cf3cd81a31e3cd26889ca66d677f1","name":"cfeditorfr"}]}},"_links":{"self":[{"href":"https:\/\/www.africa-press.net\/cotedivoire\/wp-json\/wp\/v2\/posts\/8882","targetHints":{"allow":["GET"]}}],"collection":[{"href":"https:\/\/www.africa-press.net\/cotedivoire\/wp-json\/wp\/v2\/posts"}],"about":[{"href":"https:\/\/www.africa-press.net\/cotedivoire\/wp-json\/wp\/v2\/types\/post"}],"author":[{"embeddable":true,"href":"https:\/\/www.africa-press.net\/cotedivoire\/wp-json\/wp\/v2\/users\/82"}],"replies":[{"embeddable":true,"href":"https:\/\/www.africa-press.net\/cotedivoire\/wp-json\/wp\/v2\/comments?post=8882"}],"version-history":[{"count":0,"href":"https:\/\/www.africa-press.net\/cotedivoire\/wp-json\/wp\/v2\/posts\/8882\/revisions"}],"wp:featuredmedia":[{"embeddable":true,"href":"https:\/\/www.africa-press.net\/cotedivoire\/wp-json\/wp\/v2\/media\/8881"}],"wp:attachment":[{"href":"https:\/\/www.africa-press.net\/cotedivoire\/wp-json\/wp\/v2\/media?parent=8882"}],"wp:term":[{"taxonomy":"category","embeddable":true,"href":"https:\/\/www.africa-press.net\/cotedivoire\/wp-json\/wp\/v2\/categories?post=8882"},{"taxonomy":"post_tag","embeddable":true,"href":"https:\/\/www.africa-press.net\/cotedivoire\/wp-json\/wp\/v2\/tags?post=8882"}],"curies":[{"name":"wp","href":"https:\/\/api.w.org\/{rel}","templated":true}]}}