{"id":88843,"date":"2024-10-12T14:34:08","date_gmt":"2024-10-12T14:34:08","guid":{"rendered":"https:\/\/www.africa-press.net\/cotedivoire\/politique\/ida21-apres-deux-jours-de-reflexion-voici-laccord-dabidjan-signe-par-des-dirigeants-politiques-et-chefs-dentreprises"},"modified":"2024-10-12T15:21:13","modified_gmt":"2024-10-12T15:21:13","slug":"ida21-apres-deux-jours-de-reflexion-voici-laccord-dabidjan-signe-par-des-dirigeants-politiques-et-chefs-dentreprises","status":"publish","type":"post","link":"https:\/\/www.africa-press.net\/cotedivoire\/economie\/ida21-apres-deux-jours-de-reflexion-voici-laccord-dabidjan-signe-par-des-dirigeants-politiques-et-chefs-dentreprises","title":{"rendered":"IDA21, apr\u00e8s deux jours de r\u00e9flexion, voici l&rsquo;accord d&rsquo;Abidjan sign\u00e9 par des dirigeants politiques et chefs d&rsquo;entreprises"},"content":{"rendered":"<p><span style=\"color: #ff6600\"><strong>Africa-Press &#8211; C\u00f4te d&rsquo;Ivoire. <\/strong><\/span>L\u2019Afrique est a\u0300 un tournant de son histoire e\u0301conomique. C\u2019est avec cette prise de conscience que s\u2019est tenue l\u2019Assemble\u0301e pour le De\u0301veloppement E\u0301conomique a\u0300 Abidjan, en Co\u0302te d\u2019Ivoire, un e\u0301ve\u0301nement phare ayant rassemble\u0301 plus de 100 chefs d&rsquo;entreprises, dirigeants politiques de premier plan et personnalite\u0301s influentes du monde des arts.<\/p>\n<p>Apre\u0300s deux jours de de\u0301bats intensifs et de re\u0301flexions collectives, cet e\u0301ve\u0301nement s&rsquo;est conclu hier jeudi 10 octobre 2024 au Sofitel Ho\u0302tel Ivoire de Cocody par la signature de l&rsquo;Accord d&rsquo;Abidjan, un appel pressant aux gouvernements du G20 afin qu&rsquo;ils augmentent leur soutien financier a\u0300 l\u2019Association Internationale de De\u0301veloppement (IDA) de la Banque mondiale.<\/p>\n<p>L&rsquo;IDA, cre\u0301e\u0301e pour re\u0301pondre aux besoins des nations les plus pauvres du globe, repre\u0301sente un vecteur de changement fondamental pour des pays en de\u0301veloppement, dont beaucoup sont situe\u0301s en Afrique subsaharienne. Alors que la re\u0301gion continue de faire face a\u0300 des de\u0301fis structurels et e\u0301conomiques majeurs, cet appel a\u0300 la reconstitution des ressources de l&rsquo;IDA, dans le cadre de son 21e cycle de financement, est vu comme une e\u0301tape essentielle vers la re\u0301duction de la pauvrete\u0301 et l&rsquo;ame\u0301lioration des infrastructures vitales dans plusieurs pays.<\/p>\n<p>L&rsquo;Accord d&rsquo;Abidjan demande a\u0300 ce que les nations du G20 apportent un soutien a\u0300 hauteur de 120 milliards de dollars d\u2019ici la fin de l\u2019anne\u0301e 2024, une somme juge\u0301e ne\u0301cessaire pour permettre aux pays les plus vulne\u0301rables de be\u0301ne\u0301ficier de conditions de financement favorables. Cet engagement est d\u2019autant plus crucial que nombre de ces nations sont actuellement e\u0301trangle\u0301es par des taux d&rsquo;inte\u0301re\u0302t e\u0301leve\u0301s sur les pre\u0302ts, ce qui freine leur de\u0301veloppement en de\u0301tournant des ressources qui pourraient e\u0302tre utilise\u0301es pour ame\u0301liorer les services publics tels que la sante\u0301, l&rsquo;e\u0301ducation et les infrastructures.<\/p>\n<p>Parmi les signataires de cet accord historique, figurent des personnalite\u0301s comme Lawrence Summers, ancien secre\u0301taire au Tre\u0301sor des E\u0301tats-Unis, Mary Robinson, ancienne pre\u0301sidente d&rsquo;Irlande, et Stefan Lo\u0308fven, ancien premier ministre de Sue\u0300de. A\u0300 leurs co\u0302te\u0301s, des entreprises de renomme\u0301e mondiale telles que Cisco et Intel se sont engage\u0301es a\u0300 soutenir cette initiative, illustrant une fois de plus l&rsquo;importance d&rsquo;une collaboration entre le secteur prive\u0301 et les gouvernements pour re\u0301soudre les proble\u0300mes globaux.<\/p>\n<p>Au-dela\u0300 de cette contribution des acteurs politiques et e\u0301conomiques, l&rsquo;Accord d&rsquo;Abidjan a e\u0301galement rec\u0327u le soutien de figures emble\u0301matiques du monde des arts et de la culture. Des artistes influents tels que Femi Kuti, Gyakie, et Ariel Wayz ont eux aussi signe\u0301 cet appel, soulignant ainsi l\u2019importance de la mobilisation de toutes les sphe\u0300res de la socie\u0301te\u0301 dans la construction d\u2019un avenir meilleur pour l\u2019Afrique.<\/p>\n<p>L\u2019Assemble\u0301e pour le De\u0301veloppement E\u0301conomique d&rsquo;Abidjan a mis en lumie\u0300re les nombreux de\u0301fis auxquels le continent africain est confronte\u0301, mais aussi les opportunite\u0301s qui s\u2019y trouvent. La population de l&rsquo;Afrique subsaharienne, en rapide croissance, repre\u0301sente aujourd&rsquo;hui un atout majeur pour la re\u0301gion. Dans les de\u0301cennies a\u0300 venir, cette re\u0301gion comptera pre\u0300s d&rsquo;un quart de la population mondiale en a\u0302ge de travailler. C&rsquo;est ce potentiel de\u0301mographique et e\u0301conomique qui pourrait transformer l\u2019Afrique en un moteur central de la croissance mondiale, a\u0300 condition toutefois que les investissements et les ressources ne\u0301cessaires soient mobilise\u0301s de\u0300s maintenant.<\/p>\n<p>Cette assemble\u0301e a aussi e\u0301te\u0301 marque\u0301e par des annonces concre\u0300tes d\u2019investissements dans le de\u0301veloppement durable du continent. Parmi ces initiatives, Energea et Hecate Energy ont fait part de leur volonte\u0301 de construire des installations solaires a\u0300 grande e\u0301chelle, apportant ainsi de l\u2019e\u0301nergie propre a\u0300 des millions de foyers africains. D\u2019autres entreprises, telles que Zipline, ont de\u0301voile\u0301 des projets innovants, notamment pour e\u0301tendre la livraison de vaccins aux communaute\u0301s rurales en Co\u0302te d&rsquo;Ivoire, soulignant ainsi l\u2019importance d\u2019inte\u0301grer la technologie et les innovations logistiques au de\u0301veloppement du continent.<\/p>\n<p>Mais l\u2019aspect le plus marquant de cette rencontre a sans doute e\u0301te\u0301 l\u2019appel a\u0300 une plus grande coope\u0301ration entre les secteurs public, prive\u0301 et la socie\u0301te\u0301 civile pour s\u2019attaquer aux de\u0301fis du de\u0301veloppement africain. L\u2019Accord d\u2019Abidjan s\u2019inscrit dans cette logique, appelant les dirigeants des pays du G20 a\u0300 prendre des mesures concre\u0300tes pour soutenir la re\u0301gion a\u0300 travers le refinancement de l\u2019IDA.<\/p>\n<p>En amont du sommet du G20 pre\u0301vu en novembre a\u0300 Rio de Janeiro, cet appel reve\u0302t une importance capitale. Il en va non seulement de l\u2019avenir de l\u2019Afrique, mais aussi de l\u2019e\u0301conomie mondiale. La Banque mondiale et les entreprises partenaires, telles que Bridgewater Associates, Global Citizen et Harith General Partners, ont souligne\u0301 le ro\u0302le crucial que jouerait un soutien accru a\u0300 l\u2019IDA pour stimuler la croissance e\u0301conomique et ame\u0301liorer les conditions de vie de pre\u0300s de deux milliards de personnes.<\/p>\n<p>Ajay Banga, pre\u0301sident de la Banque mondiale, a exprime\u0301 son optimisme quant a\u0300 la capacite\u0301 des acteurs globaux a\u0300 re\u0301pondre a\u0300 cet appel. Selon lui, des investissements strate\u0301giques en Afrique permettront non seulement de re\u0301duire la pauvrete\u0301, mais aussi de renforcer la stabilite\u0301 e\u0301conomique mondiale a\u0300 long terme. \u00ab Nous avons l&rsquo;opportunite\u0301 de transformer les trajectoires de croissance de pays cle\u0301s en Afrique subsaharienne, et cette transformation profitera a\u0300 l&rsquo;ensemble de la plane\u0300te \u00bb, a-t-il de\u0301clare\u0301 lors de son discours de clo\u0302ture.<\/p>\n<p>Cette vision d\u2019un avenir plus prospe\u0300re pour l\u2019Afrique a e\u0301te\u0301 partage\u0301e par d&rsquo;autres personnalite\u0301s pre\u0301sentes, dont le pre\u0301sident ivoirien, Alassane Ouattara, et le pre\u0301sident mauritanien, Mohamed Ould Ghazouani, qui ont insiste\u0301 sur la ne\u0301cessite\u0301 pour les pays africains de jouer un ro\u0302le central dans la de\u0301finition de leur propre trajectoire de de\u0301veloppement, tout en be\u0301ne\u0301ficiant du soutien de la communaute\u0301 internationale.<\/p>\n<p>Ainsi, l&rsquo;Assemble\u0301e pour le De\u0301veloppement E\u0301conomique d&rsquo;Abidjan et l&rsquo;Accord d&rsquo;Abidjan qui en de\u0301coule, marquent une e\u0301tape cle\u0301 dans les efforts mondiaux pour soutenir le de\u0301veloppement de l\u2019Afrique. Plus qu\u2019un simple appel a\u0300 l\u2019action, cet accord incarne une vision d\u2019un continent qui, avec les investissements et la collaboration ne\u0301cessaires, peut non seulement surmonter ses de\u0301fis actuels, mais aussi devenir un acteur majeur de l&rsquo;e\u0301conomie mondiale.<\/p>\n<p><strong>Pour plus d&rsquo;informations et d&rsquo;analyses sur la C\u00f4te d&rsquo;Ivoire, suivez Africa-Press<\/strong><\/p>\n","protected":false},"excerpt":{"rendered":"<p>Africa-Press &#8211; C\u00f4te d&rsquo;Ivoire. L\u2019Afrique est a\u0300 un tournant de son histoire e\u0301conomique. C\u2019est avec cette prise de conscience que s\u2019est tenue l\u2019Assemble\u0301e pour le De\u0301veloppement E\u0301conomique a\u0300 Abidjan, en Co\u0302te d\u2019Ivoire, un e\u0301ve\u0301nement phare ayant rassemble\u0301 plus de 100 chefs d&rsquo;entreprises, dirigeants politiques de premier plan et personnalite\u0301s influentes du monde des arts. Apre\u0300s [&hellip;]<\/p>\n","protected":false},"author":82,"featured_media":88841,"comment_status":"open","ping_status":"closed","sticky":false,"template":"","format":"standard","meta":{"footnotes":""},"categories":[3,10],"tags":[30,35,29,14633],"class_list":["post-88843","post","type-post","status-publish","format-standard","has-post-thumbnail","hentry","category-economie","category-toutes-les-actualites","tag-abidjan","tag-afrique","tag-cote-divoire","tag-ida"],"yoast_head":"<!-- This site is optimized with the Yoast SEO Premium plugin v26.1 (Yoast SEO v27.0) - https:\/\/yoast.com\/product\/yoast-seo-premium-wordpress\/ -->\n<title>IDA21, apr\u00e8s deux jours de r\u00e9flexion, voici l&#039;accord d&#039;Abidjan sign\u00e9 par des dirigeants politiques et chefs d&#039;entreprises - C\u00f4te d&#039;Ivoire<\/title>\n<meta name=\"description\" content=\"L\u2019Afrique est a\u0300 un tournant de son histoire e\u0301conomique. C\u2019est avec cette prise de conscience que s\u2019est tenue l\u2019Assembl ...\" \/>\n<meta name=\"robots\" content=\"index, follow, max-snippet:-1, max-image-preview:large, max-video-preview:-1\" \/>\n<link rel=\"canonical\" href=\"https:\/\/www.africa-press.net\/cotedivoire\/economie\/ida21-apres-deux-jours-de-reflexion-voici-laccord-dabidjan-signe-par-des-dirigeants-politiques-et-chefs-dentreprises\" \/>\n<meta property=\"og:locale\" content=\"fr_FR\" \/>\n<meta property=\"og:type\" content=\"article\" \/>\n<meta property=\"og:title\" content=\"IDA21, apr\u00e8s deux jours de r\u00e9flexion, voici l&#039;accord d&#039;Abidjan sign\u00e9 par des dirigeants politiques et chefs d&#039;entreprises\" \/>\n<meta property=\"og:description\" content=\"L\u2019Afrique est a\u0300 un tournant de son histoire e\u0301conomique. C\u2019est avec cette prise de conscience que s\u2019est tenue l\u2019Assembl ...\" \/>\n<meta property=\"og:url\" content=\"https:\/\/www.africa-press.net\/cotedivoire\/economie\/ida21-apres-deux-jours-de-reflexion-voici-laccord-dabidjan-signe-par-des-dirigeants-politiques-et-chefs-dentreprises\" \/>\n<meta property=\"og:site_name\" content=\"C\u00f4te d&#039;Ivoire\" \/>\n<meta property=\"article:published_time\" content=\"2024-10-12T14:34:08+00:00\" \/>\n<meta property=\"article:modified_time\" content=\"2024-10-12T15:21:13+00:00\" \/>\n<meta property=\"og:image\" content=\"https:\/\/static.africa-press.net\/cote\/sites\/43\/2024\/10\/sm_1728733830.287736.jpg\" \/>\n\t<meta property=\"og:image:width\" content=\"720\" \/>\n\t<meta property=\"og:image:height\" content=\"480\" \/>\n\t<meta property=\"og:image:type\" content=\"image\/jpeg\" \/>\n<meta name=\"author\" content=\"cfeditorfr\" \/>\n<meta name=\"twitter:card\" content=\"summary_large_image\" \/>\n<meta name=\"twitter:label1\" content=\"\u00c9crit par\" \/>\n\t<meta name=\"twitter:data1\" content=\"cfeditorfr\" \/>\n\t<meta name=\"twitter:label2\" content=\"Dur\u00e9e de lecture estim\u00e9e\" \/>\n\t<meta name=\"twitter:data2\" content=\"6 minutes\" \/>\n<script type=\"application\/ld+json\" class=\"yoast-schema-graph\">{\"@context\":\"https:\/\/schema.org\",\"@graph\":[{\"@type\":\"Article\",\"@id\":\"https:\/\/www.africa-press.net\/cotedivoire\/economie\/ida21-apres-deux-jours-de-reflexion-voici-laccord-dabidjan-signe-par-des-dirigeants-politiques-et-chefs-dentreprises#article\",\"isPartOf\":{\"@id\":\"https:\/\/www.africa-press.net\/cotedivoire\/economie\/ida21-apres-deux-jours-de-reflexion-voici-laccord-dabidjan-signe-par-des-dirigeants-politiques-et-chefs-dentreprises\"},\"author\":{\"name\":\"cfeditorfr\",\"@id\":\"https:\/\/www.africa-press.net\/cotedivoire\/#\/schema\/person\/2b1cf3cd81a31e3cd26889ca66d677f1\"},\"headline\":\"IDA21, apr\u00e8s deux jours de r\u00e9flexion, voici l&rsquo;accord d&rsquo;Abidjan sign\u00e9 par des dirigeants politiques et chefs d&rsquo;entreprises\",\"datePublished\":\"2024-10-12T14:34:08+00:00\",\"dateModified\":\"2024-10-12T15:21:13+00:00\",\"mainEntityOfPage\":{\"@id\":\"https:\/\/www.africa-press.net\/cotedivoire\/economie\/ida21-apres-deux-jours-de-reflexion-voici-laccord-dabidjan-signe-par-des-dirigeants-politiques-et-chefs-dentreprises\"},\"wordCount\":1189,\"commentCount\":0,\"image\":{\"@id\":\"https:\/\/www.africa-press.net\/cotedivoire\/economie\/ida21-apres-deux-jours-de-reflexion-voici-laccord-dabidjan-signe-par-des-dirigeants-politiques-et-chefs-dentreprises#primaryimage\"},\"thumbnailUrl\":\"https:\/\/static.africa-press.net\/cote\/sites\/43\/2024\/10\/sm_1728733830.287736.jpg\",\"keywords\":[\"Abidjan\",\"Afrique\",\"C\u00d4TE D'IVOIRE\",\"IDA\"],\"articleSection\":[\"\u00c9conomie\",\"Toutes les actualit\u00e9s\"],\"inLanguage\":\"fr-FR\",\"potentialAction\":[{\"@type\":\"CommentAction\",\"name\":\"Comment\",\"target\":[\"https:\/\/www.africa-press.net\/cotedivoire\/economie\/ida21-apres-deux-jours-de-reflexion-voici-laccord-dabidjan-signe-par-des-dirigeants-politiques-et-chefs-dentreprises#respond\"]}]},{\"@type\":\"WebPage\",\"@id\":\"https:\/\/www.africa-press.net\/cotedivoire\/economie\/ida21-apres-deux-jours-de-reflexion-voici-laccord-dabidjan-signe-par-des-dirigeants-politiques-et-chefs-dentreprises\",\"url\":\"https:\/\/www.africa-press.net\/cotedivoire\/economie\/ida21-apres-deux-jours-de-reflexion-voici-laccord-dabidjan-signe-par-des-dirigeants-politiques-et-chefs-dentreprises\",\"name\":\"IDA21, apr\u00e8s deux jours de r\u00e9flexion, voici l'accord d'Abidjan sign\u00e9 par des dirigeants politiques et chefs d'entreprises - C\u00f4te d&#039;Ivoire\",\"isPartOf\":{\"@id\":\"https:\/\/www.africa-press.net\/cotedivoire\/#website\"},\"primaryImageOfPage\":{\"@id\":\"https:\/\/www.africa-press.net\/cotedivoire\/economie\/ida21-apres-deux-jours-de-reflexion-voici-laccord-dabidjan-signe-par-des-dirigeants-politiques-et-chefs-dentreprises#primaryimage\"},\"image\":{\"@id\":\"https:\/\/www.africa-press.net\/cotedivoire\/economie\/ida21-apres-deux-jours-de-reflexion-voici-laccord-dabidjan-signe-par-des-dirigeants-politiques-et-chefs-dentreprises#primaryimage\"},\"thumbnailUrl\":\"https:\/\/static.africa-press.net\/cote\/sites\/43\/2024\/10\/sm_1728733830.287736.jpg\",\"datePublished\":\"2024-10-12T14:34:08+00:00\",\"dateModified\":\"2024-10-12T15:21:13+00:00\",\"author\":{\"@id\":\"https:\/\/www.africa-press.net\/cotedivoire\/#\/schema\/person\/2b1cf3cd81a31e3cd26889ca66d677f1\"},\"description\":\"L\u2019Afrique est a\u0300 un tournant de son histoire e\u0301conomique. C\u2019est avec cette prise de conscience que s\u2019est tenue l\u2019Assembl ...\",\"breadcrumb\":{\"@id\":\"https:\/\/www.africa-press.net\/cotedivoire\/economie\/ida21-apres-deux-jours-de-reflexion-voici-laccord-dabidjan-signe-par-des-dirigeants-politiques-et-chefs-dentreprises#breadcrumb\"},\"inLanguage\":\"fr-FR\",\"potentialAction\":[{\"@type\":\"ReadAction\",\"target\":[\"https:\/\/www.africa-press.net\/cotedivoire\/economie\/ida21-apres-deux-jours-de-reflexion-voici-laccord-dabidjan-signe-par-des-dirigeants-politiques-et-chefs-dentreprises\"]}]},{\"@type\":\"ImageObject\",\"inLanguage\":\"fr-FR\",\"@id\":\"https:\/\/www.africa-press.net\/cotedivoire\/economie\/ida21-apres-deux-jours-de-reflexion-voici-laccord-dabidjan-signe-par-des-dirigeants-politiques-et-chefs-dentreprises#primaryimage\",\"url\":\"https:\/\/static.africa-press.net\/cote\/sites\/43\/2024\/10\/sm_1728733830.287736.jpg\",\"contentUrl\":\"https:\/\/static.africa-press.net\/cote\/sites\/43\/2024\/10\/sm_1728733830.287736.jpg\",\"width\":720,\"height\":480,\"caption\":\"IDA21, apr\u00e8s deux jours de r\u00e9flexion, voici l'accord d'Abidjan sign\u00e9 par des dirigeants politiques et chefs d'entreprises\"},{\"@type\":\"BreadcrumbList\",\"@id\":\"https:\/\/www.africa-press.net\/cotedivoire\/economie\/ida21-apres-deux-jours-de-reflexion-voici-laccord-dabidjan-signe-par-des-dirigeants-politiques-et-chefs-dentreprises#breadcrumb\",\"itemListElement\":[{\"@type\":\"ListItem\",\"position\":1,\"name\":\"Accueil\",\"item\":\"https:\/\/www.africa-press.net\/cotedivoire\/\"},{\"@type\":\"ListItem\",\"position\":2,\"name\":\"IDA21, apr\u00e8s deux jours de r\u00e9flexion, voici l&#8217;accord d&#8217;Abidjan sign\u00e9 par des dirigeants politiques et chefs d&#8217;entreprises\"}]},{\"@type\":\"WebSite\",\"@id\":\"https:\/\/www.africa-press.net\/cotedivoire\/#website\",\"url\":\"https:\/\/www.africa-press.net\/cotedivoire\/\",\"name\":\"C\u00f4te d&#039;Ivoire\",\"description\":\"Just another Africa News Agency Sites site\",\"potentialAction\":[{\"@type\":\"SearchAction\",\"target\":{\"@type\":\"EntryPoint\",\"urlTemplate\":\"https:\/\/www.africa-press.net\/cotedivoire\/?s={search_term_string}\"},\"query-input\":{\"@type\":\"PropertyValueSpecification\",\"valueRequired\":true,\"valueName\":\"search_term_string\"}}],\"inLanguage\":\"fr-FR\"},{\"@type\":\"Person\",\"@id\":\"https:\/\/www.africa-press.net\/cotedivoire\/#\/schema\/person\/2b1cf3cd81a31e3cd26889ca66d677f1\",\"name\":\"cfeditorfr\"}]}<\/script>\n<!-- \/ Yoast SEO Premium plugin. -->","yoast_head_json":{"title":"IDA21, apr\u00e8s deux jours de r\u00e9flexion, voici l'accord d'Abidjan sign\u00e9 par des dirigeants politiques et chefs d'entreprises - C\u00f4te d&#039;Ivoire","description":"L\u2019Afrique est a\u0300 un tournant de son histoire e\u0301conomique. C\u2019est avec cette prise de conscience que s\u2019est tenue l\u2019Assembl ...","robots":{"index":"index","follow":"follow","max-snippet":"max-snippet:-1","max-image-preview":"max-image-preview:large","max-video-preview":"max-video-preview:-1"},"canonical":"https:\/\/www.africa-press.net\/cotedivoire\/economie\/ida21-apres-deux-jours-de-reflexion-voici-laccord-dabidjan-signe-par-des-dirigeants-politiques-et-chefs-dentreprises","og_locale":"fr_FR","og_type":"article","og_title":"IDA21, apr\u00e8s deux jours de r\u00e9flexion, voici l'accord d'Abidjan sign\u00e9 par des dirigeants politiques et chefs d'entreprises","og_description":"L\u2019Afrique est a\u0300 un tournant de son histoire e\u0301conomique. C\u2019est avec cette prise de conscience que s\u2019est tenue l\u2019Assembl ...","og_url":"https:\/\/www.africa-press.net\/cotedivoire\/economie\/ida21-apres-deux-jours-de-reflexion-voici-laccord-dabidjan-signe-par-des-dirigeants-politiques-et-chefs-dentreprises","og_site_name":"C\u00f4te d&#039;Ivoire","article_published_time":"2024-10-12T14:34:08+00:00","article_modified_time":"2024-10-12T15:21:13+00:00","og_image":[{"width":720,"height":480,"url":"https:\/\/static.africa-press.net\/cote\/sites\/43\/2024\/10\/sm_1728733830.287736.jpg","type":"image\/jpeg"}],"author":"cfeditorfr","twitter_card":"summary_large_image","twitter_misc":{"\u00c9crit par":"cfeditorfr","Dur\u00e9e de lecture estim\u00e9e":"6 minutes"},"schema":{"@context":"https:\/\/schema.org","@graph":[{"@type":"Article","@id":"https:\/\/www.africa-press.net\/cotedivoire\/economie\/ida21-apres-deux-jours-de-reflexion-voici-laccord-dabidjan-signe-par-des-dirigeants-politiques-et-chefs-dentreprises#article","isPartOf":{"@id":"https:\/\/www.africa-press.net\/cotedivoire\/economie\/ida21-apres-deux-jours-de-reflexion-voici-laccord-dabidjan-signe-par-des-dirigeants-politiques-et-chefs-dentreprises"},"author":{"name":"cfeditorfr","@id":"https:\/\/www.africa-press.net\/cotedivoire\/#\/schema\/person\/2b1cf3cd81a31e3cd26889ca66d677f1"},"headline":"IDA21, apr\u00e8s deux jours de r\u00e9flexion, voici l&rsquo;accord d&rsquo;Abidjan sign\u00e9 par des dirigeants politiques et chefs d&rsquo;entreprises","datePublished":"2024-10-12T14:34:08+00:00","dateModified":"2024-10-12T15:21:13+00:00","mainEntityOfPage":{"@id":"https:\/\/www.africa-press.net\/cotedivoire\/economie\/ida21-apres-deux-jours-de-reflexion-voici-laccord-dabidjan-signe-par-des-dirigeants-politiques-et-chefs-dentreprises"},"wordCount":1189,"commentCount":0,"image":{"@id":"https:\/\/www.africa-press.net\/cotedivoire\/economie\/ida21-apres-deux-jours-de-reflexion-voici-laccord-dabidjan-signe-par-des-dirigeants-politiques-et-chefs-dentreprises#primaryimage"},"thumbnailUrl":"https:\/\/static.africa-press.net\/cote\/sites\/43\/2024\/10\/sm_1728733830.287736.jpg","keywords":["Abidjan","Afrique","C\u00d4TE D'IVOIRE","IDA"],"articleSection":["\u00c9conomie","Toutes les actualit\u00e9s"],"inLanguage":"fr-FR","potentialAction":[{"@type":"CommentAction","name":"Comment","target":["https:\/\/www.africa-press.net\/cotedivoire\/economie\/ida21-apres-deux-jours-de-reflexion-voici-laccord-dabidjan-signe-par-des-dirigeants-politiques-et-chefs-dentreprises#respond"]}]},{"@type":"WebPage","@id":"https:\/\/www.africa-press.net\/cotedivoire\/economie\/ida21-apres-deux-jours-de-reflexion-voici-laccord-dabidjan-signe-par-des-dirigeants-politiques-et-chefs-dentreprises","url":"https:\/\/www.africa-press.net\/cotedivoire\/economie\/ida21-apres-deux-jours-de-reflexion-voici-laccord-dabidjan-signe-par-des-dirigeants-politiques-et-chefs-dentreprises","name":"IDA21, apr\u00e8s deux jours de r\u00e9flexion, voici l'accord d'Abidjan sign\u00e9 par des dirigeants politiques et chefs d'entreprises - C\u00f4te d&#039;Ivoire","isPartOf":{"@id":"https:\/\/www.africa-press.net\/cotedivoire\/#website"},"primaryImageOfPage":{"@id":"https:\/\/www.africa-press.net\/cotedivoire\/economie\/ida21-apres-deux-jours-de-reflexion-voici-laccord-dabidjan-signe-par-des-dirigeants-politiques-et-chefs-dentreprises#primaryimage"},"image":{"@id":"https:\/\/www.africa-press.net\/cotedivoire\/economie\/ida21-apres-deux-jours-de-reflexion-voici-laccord-dabidjan-signe-par-des-dirigeants-politiques-et-chefs-dentreprises#primaryimage"},"thumbnailUrl":"https:\/\/static.africa-press.net\/cote\/sites\/43\/2024\/10\/sm_1728733830.287736.jpg","datePublished":"2024-10-12T14:34:08+00:00","dateModified":"2024-10-12T15:21:13+00:00","author":{"@id":"https:\/\/www.africa-press.net\/cotedivoire\/#\/schema\/person\/2b1cf3cd81a31e3cd26889ca66d677f1"},"description":"L\u2019Afrique est a\u0300 un tournant de son histoire e\u0301conomique. C\u2019est avec cette prise de conscience que s\u2019est tenue l\u2019Assembl ...","breadcrumb":{"@id":"https:\/\/www.africa-press.net\/cotedivoire\/economie\/ida21-apres-deux-jours-de-reflexion-voici-laccord-dabidjan-signe-par-des-dirigeants-politiques-et-chefs-dentreprises#breadcrumb"},"inLanguage":"fr-FR","potentialAction":[{"@type":"ReadAction","target":["https:\/\/www.africa-press.net\/cotedivoire\/economie\/ida21-apres-deux-jours-de-reflexion-voici-laccord-dabidjan-signe-par-des-dirigeants-politiques-et-chefs-dentreprises"]}]},{"@type":"ImageObject","inLanguage":"fr-FR","@id":"https:\/\/www.africa-press.net\/cotedivoire\/economie\/ida21-apres-deux-jours-de-reflexion-voici-laccord-dabidjan-signe-par-des-dirigeants-politiques-et-chefs-dentreprises#primaryimage","url":"https:\/\/static.africa-press.net\/cote\/sites\/43\/2024\/10\/sm_1728733830.287736.jpg","contentUrl":"https:\/\/static.africa-press.net\/cote\/sites\/43\/2024\/10\/sm_1728733830.287736.jpg","width":720,"height":480,"caption":"IDA21, apr\u00e8s deux jours de r\u00e9flexion, voici l'accord d'Abidjan sign\u00e9 par des dirigeants politiques et chefs d'entreprises"},{"@type":"BreadcrumbList","@id":"https:\/\/www.africa-press.net\/cotedivoire\/economie\/ida21-apres-deux-jours-de-reflexion-voici-laccord-dabidjan-signe-par-des-dirigeants-politiques-et-chefs-dentreprises#breadcrumb","itemListElement":[{"@type":"ListItem","position":1,"name":"Accueil","item":"https:\/\/www.africa-press.net\/cotedivoire\/"},{"@type":"ListItem","position":2,"name":"IDA21, apr\u00e8s deux jours de r\u00e9flexion, voici l&#8217;accord d&#8217;Abidjan sign\u00e9 par des dirigeants politiques et chefs d&#8217;entreprises"}]},{"@type":"WebSite","@id":"https:\/\/www.africa-press.net\/cotedivoire\/#website","url":"https:\/\/www.africa-press.net\/cotedivoire\/","name":"C\u00f4te d&#039;Ivoire","description":"Just another Africa News Agency Sites site","potentialAction":[{"@type":"SearchAction","target":{"@type":"EntryPoint","urlTemplate":"https:\/\/www.africa-press.net\/cotedivoire\/?s={search_term_string}"},"query-input":{"@type":"PropertyValueSpecification","valueRequired":true,"valueName":"search_term_string"}}],"inLanguage":"fr-FR"},{"@type":"Person","@id":"https:\/\/www.africa-press.net\/cotedivoire\/#\/schema\/person\/2b1cf3cd81a31e3cd26889ca66d677f1","name":"cfeditorfr"}]}},"_links":{"self":[{"href":"https:\/\/www.africa-press.net\/cotedivoire\/wp-json\/wp\/v2\/posts\/88843","targetHints":{"allow":["GET"]}}],"collection":[{"href":"https:\/\/www.africa-press.net\/cotedivoire\/wp-json\/wp\/v2\/posts"}],"about":[{"href":"https:\/\/www.africa-press.net\/cotedivoire\/wp-json\/wp\/v2\/types\/post"}],"author":[{"embeddable":true,"href":"https:\/\/www.africa-press.net\/cotedivoire\/wp-json\/wp\/v2\/users\/82"}],"replies":[{"embeddable":true,"href":"https:\/\/www.africa-press.net\/cotedivoire\/wp-json\/wp\/v2\/comments?post=88843"}],"version-history":[{"count":0,"href":"https:\/\/www.africa-press.net\/cotedivoire\/wp-json\/wp\/v2\/posts\/88843\/revisions"}],"wp:featuredmedia":[{"embeddable":true,"href":"https:\/\/www.africa-press.net\/cotedivoire\/wp-json\/wp\/v2\/media\/88841"}],"wp:attachment":[{"href":"https:\/\/www.africa-press.net\/cotedivoire\/wp-json\/wp\/v2\/media?parent=88843"}],"wp:term":[{"taxonomy":"category","embeddable":true,"href":"https:\/\/www.africa-press.net\/cotedivoire\/wp-json\/wp\/v2\/categories?post=88843"},{"taxonomy":"post_tag","embeddable":true,"href":"https:\/\/www.africa-press.net\/cotedivoire\/wp-json\/wp\/v2\/tags?post=88843"}],"curies":[{"name":"wp","href":"https:\/\/api.w.org\/{rel}","templated":true}]}}