{"id":8885,"date":"2021-06-12T14:44:09","date_gmt":"2021-06-12T14:44:09","guid":{"rendered":"https:\/\/www.africa-press.net\/cotedivoire\/?p=8885"},"modified":"2021-06-12T18:14:19","modified_gmt":"2021-06-12T18:14:19","slug":"travail-des-enfants-plus-de-10-000-enfants-secourus-de-2012-a-2021-en-cote-divoire-me-adama-kamara","status":"publish","type":"post","link":"https:\/\/www.africa-press.net\/cotedivoire\/economie\/travail-des-enfants-plus-de-10-000-enfants-secourus-de-2012-a-2021-en-cote-divoire-me-adama-kamara","title":{"rendered":"Travail des enfants: Plus de 10.000 enfants secourus de 2012 \u00e0 2021  en C\u00f4te-d\u2019Ivoire (Me Adama Kamara)"},"content":{"rendered":"<p><span style=\"color: #ff6600\"><strong><a href=\"https:\/\/www.africa-press.net\/\">Africa-Press<\/a> &#8211; <a href=\"https:\/\/www.africa-press.net\/cotedivoire\">C\u00f4te d&rsquo;Ivoire<\/a>. <\/strong><\/span>En C\u00f4te d\u2019Ivoire, plus de 10.000 enfants victimes de travail des enfants ont \u00e9t\u00e9 secourus de 2012 \u00e0 2021, a indiqu\u00e9 le ministre ivoirien de l\u2019Emploi et de la protection sociale, Adama Kamara, \u00e0 l\u2019occasion de la 20e \u00e9dition de la journ\u00e9e mondiale contre le travail des enfants, dans une note samedi.<\/p>\n<p>De l\u2019ann\u00e9e 2012 \u00e0 maintenant, la mise en \u0153uvre de plans d\u2019action nationaux de lutte contre le travail des enfants a permis de r\u00e9aliser de \u00ab bons r\u00e9sultats \u00bb qui sont entre autres \u00ab le retrait et de l\u2019assistance \u00e0 plus de 10.000 enfants et la condamnation \u00e0 des peines d\u2019emprisonnement ferme plus de 600 trafiquants d\u2019enfants \u00bb, a fait savoir M.Kamara.<\/p>\n<p>Outre cela, les actions de lutte men\u00e9es par le gouvernement et la Premi\u00e8re Dame ivoirienne, Dominique Ouattara ont \u00e9galement engendr\u00e9 \u00ab la construction et l\u2019\u00e9quipement plus de 40.000 salles de classe du primaire et pr\u00e9scolaire dans les zones \u00e0 forte pr\u00e9valence du travail des enfants. \u00bb<\/p>\n<p>Ce qui a fait passer le taux de scolarisation dans ces localit\u00e9s de \u00ab 58% en 2009 \u00e0 80% en 2019 \u00bb, selon les chiffres du minist\u00e8re.<\/p>\n<p>\u00ab En d\u00e9pit de ces r\u00e9sultats, le ph\u00e9nom\u00e8ne persiste \u00bb, a d\u00e9plor\u00e9 Adama Kamara, appelant \u00ab au sens \u00e9lev\u00e9 de la responsabilit\u00e9 de tous vis-\u00e0-vis du respect des droits et de la protection des enfants. \u00bb<\/p>\n<p>Cette ann\u00e9e, le th\u00e8me de la 20e \u00e9dition journ\u00e9e mondiale contre le travail des enfants est \u00ab Agissons maintenant pour mettre fin au travail des enfants ! \u00bb<\/p>\n<p>Brillant avocat sp\u00e9cialis\u00e9 dans le droit des affaires, Me Adama KAMARA, a men\u00e9 pour l\u2019Etat ivoirien des missions couronn\u00e9es de succ\u00e8s, en C\u00f4te d\u2019Ivoire comme devant des juridictions et des arbitrages \u00e0 l\u2019international. Il a \u00e9galement servi de conseil pour des grandes multinationales, \u00e0 l\u2019instar du g\u00e9ant mondial du n\u00e9goce, Trafigura.<\/p>\n<p>Depuis un quart de si\u00e8cle, l\u2019avocat de 57 ans, est un homme de l\u2019ombre qui a \u00e9t\u00e9 de tous les grands rendez-vous politiques de la C\u00f4te d\u2019Ivoire. Conseiller Sp\u00e9cial charg\u00e9 des questions juridiques du premier ministre du gouvernement d\u2019union nationale en 2002, il a notamment particip\u00e9 \u00e0 toutes les n\u00e9gociations de paix, aux c\u00f4t\u00e9s du chef du gouvernement, Seydou Elimane DIARRA.<\/p>\n<p>Bien que toujours dans l\u2019ombre, Me KAMARA est un habitu\u00e9 des arcanes politiques qu\u2019il c\u00f4toie depuis la cr\u00e9ation du RDR (Rassemblement Des R\u00e9publicains) d\u2019Alassane Ouattara. L\u2019homme de droit d\u00e9fendait d\u00e9j\u00e0 les int\u00e9r\u00eats de cette formation, de son leader -Alassane Ouattara- comme ceux des dirigeants et militants du parti, victime d\u2019une justice instrumentalis\u00e9e. Il assist\u00e2t notamment la d\u00e9funte m\u00e8re du pr\u00e9sident Alassane Ouattara pendant l\u2019insoutenable interrogatoire au cours de laquelle on tenta de lui faire m\u00e9conna\u00eetre la maternit\u00e9 de son fils, dans une tentative de retirer sa nationalit\u00e9 \u00e0 Alassane Ouattara.<\/p>\n<p>Chaque fois que M. Alassane Ouattara a \u00e9t\u00e9 candidat \u00e0 une \u00e9lection en C\u00f4te d\u2019Ivoire, depuis qu\u2019il est en politique, c\u2019est Me KAMARA qui a mont\u00e9 son dossier et qui l\u2019a d\u00e9pos\u00e9.<\/p>\n<p>Le juriste \u00e9tait au centre du certificat de nationalit\u00e9 d\u00e9livr\u00e9 \u00e0 Alassane Ouattara qui a valu au juge Epiphane Bi Ballo d\u2019\u00eatre traqu\u00e9 par les autorit\u00e9s d\u2019alors, pour avoir fait correctement son travail.<\/p>\n<p>Peu de gens le savent, mais c\u2019est Adama KAMARA qui a mont\u00e9 tout le dossier de constitution du Rassemblement des Houphou\u00ebtistes pour la D\u00e9mocratie et la Paix (parti unifi\u00e9).<\/p>\n<p>L\u2019histoire politique de l\u2019avocat d\u2019affaire est associ\u00e9e \u00e0 celle de son mentor, le pr\u00e9sident de la r\u00e9publique Alassane Ouattara, qu\u2019il suit depuis 25 ans. Il a particip\u00e9, comme Directeur Central Adjoint de campagne de SEM Alassane OUATTARA charg\u00e9 des questions juridiques, aux \u00e9lections pr\u00e9sidentielles de 2015 et 2020.<\/p>\n<p>Depuis l\u2019accession \u00e0 la magistrature supr\u00eame du pr\u00e9sident de la r\u00e9publique, Son Excellence Alassane Ouattara, Me KAMARA a notamment servi comme Conseiller Sp\u00e9cial du premier ministre Amadou Gon COULIBALY, puis d\u2019Hamed BAKAYOKO. Depuis la primature, il avait une mission transversale qui l\u2019a conduit \u00e0 travailler sur des dossiers dans des domaines tr\u00e8s vari\u00e9s. Cons\u00e9quence, il a d\u00e9velopp\u00e9 une expertise dans divers secteurs: mines, \u00e9lectricit\u00e9, p\u00e9trole, assainissement, transport, sant\u00e9, emploi, protection sociale, etc.<\/p>\n<p>Me Adama KAMARA est un pur produit de l\u2019\u00e9cole ivoirienne. Il est, en effet, titulaire d\u2019une Ma\u00eetrise en droit des affaires et d\u2019une Licence en droit priv\u00e9 de l\u2019Universit\u00e9 d\u2019Abidjan Cocody. C\u2019est au sein de la m\u00eame institution qu\u2019il obtint, en 1991, un Certificat d\u2019Aptitude \u00e0 la Profession d\u2019Avocats (CAPA).<\/p>\n<p>Le Club est l\u2019espace de libre expression des abonn\u00e9s de Mediapart. Ses contenus n\u2019engagent pas la r\u00e9daction.<\/p>\n","protected":false},"excerpt":{"rendered":"<p>Africa-Press &#8211; C\u00f4te d&rsquo;Ivoire. En C\u00f4te d\u2019Ivoire, plus de 10.000 enfants victimes de travail des enfants ont \u00e9t\u00e9 secourus de 2012 \u00e0 2021, a indiqu\u00e9 le ministre ivoirien de l\u2019Emploi et de la protection sociale, Adama Kamara, \u00e0 l\u2019occasion de la 20e \u00e9dition de la journ\u00e9e mondiale contre le travail des enfants, dans une note [&hellip;]<\/p>\n","protected":false},"author":82,"featured_media":8884,"comment_status":"open","ping_status":"closed","sticky":false,"template":"","format":"standard","meta":{"footnotes":""},"categories":[3,11,20,10],"tags":[56,63,29],"class_list":["post-8885","post","type-post","status-publish","format-standard","has-post-thumbnail","hentry","category-economie","category-homepage-french","category-top-nouvelles","category-toutes-les-actualites","tag-africa-press","tag-africa-press-cote-divoire","tag-cote-divoire"],"yoast_head":"<!-- This site is optimized with the Yoast SEO Premium plugin v26.1 (Yoast SEO v27.0) - https:\/\/yoast.com\/product\/yoast-seo-premium-wordpress\/ -->\n<title>Travail des enfants: Plus de 10.000 enfants secourus de 2012 \u00e0 2021 en C\u00f4te-d\u2019Ivoire (Me Adama Kamara) - C\u00f4te d&#039;Ivoire<\/title>\n<meta name=\"description\" content=\"Jocelyne LIADE En C\u00f4te d\u2019Ivoire, plus de 10.000 enfants victimes de travail des enfants ont \u00e9t\u00e9 secourus de 2012 \u00e0 2021 ...\" \/>\n<meta name=\"robots\" content=\"index, follow, max-snippet:-1, max-image-preview:large, max-video-preview:-1\" \/>\n<link rel=\"canonical\" href=\"https:\/\/www.africa-press.net\/cotedivoire\/economie\/travail-des-enfants-plus-de-10-000-enfants-secourus-de-2012-a-2021-en-cote-divoire-me-adama-kamara\" \/>\n<meta property=\"og:locale\" content=\"fr_FR\" \/>\n<meta property=\"og:type\" content=\"article\" \/>\n<meta property=\"og:title\" content=\"Travail des enfants: Plus de 10.000 enfants secourus de 2012 \u00e0 2021 en C\u00f4te-d\u2019Ivoire (Me Adama Kamara)\" \/>\n<meta property=\"og:description\" content=\"Jocelyne LIADE En C\u00f4te d\u2019Ivoire, plus de 10.000 enfants victimes de travail des enfants ont \u00e9t\u00e9 secourus de 2012 \u00e0 2021 ...\" \/>\n<meta property=\"og:url\" content=\"https:\/\/www.africa-press.net\/cotedivoire\/economie\/travail-des-enfants-plus-de-10-000-enfants-secourus-de-2012-a-2021-en-cote-divoire-me-adama-kamara\" \/>\n<meta property=\"og:site_name\" content=\"C\u00f4te d&#039;Ivoire\" \/>\n<meta property=\"article:published_time\" content=\"2021-06-12T14:44:09+00:00\" \/>\n<meta property=\"article:modified_time\" content=\"2021-06-12T18:14:19+00:00\" \/>\n<meta property=\"og:image\" content=\"https:\/\/static.africa-press.net\/cote\/sites\/43\/2021\/06\/img-60c4bfbcbdc05.jpg\" \/>\n\t<meta property=\"og:image:width\" content=\"1000\" \/>\n\t<meta property=\"og:image:height\" content=\"666\" \/>\n\t<meta property=\"og:image:type\" content=\"image\/jpeg\" \/>\n<meta name=\"author\" content=\"cfeditorfr\" \/>\n<meta name=\"twitter:card\" content=\"summary_large_image\" \/>\n<meta name=\"twitter:label1\" content=\"\u00c9crit par\" \/>\n\t<meta name=\"twitter:data1\" content=\"cfeditorfr\" \/>\n\t<meta name=\"twitter:label2\" content=\"Dur\u00e9e de lecture estim\u00e9e\" \/>\n\t<meta name=\"twitter:data2\" content=\"4 minutes\" \/>\n<script type=\"application\/ld+json\" class=\"yoast-schema-graph\">{\"@context\":\"https:\/\/schema.org\",\"@graph\":[{\"@type\":\"Article\",\"@id\":\"https:\/\/www.africa-press.net\/cotedivoire\/economie\/travail-des-enfants-plus-de-10-000-enfants-secourus-de-2012-a-2021-en-cote-divoire-me-adama-kamara#article\",\"isPartOf\":{\"@id\":\"https:\/\/www.africa-press.net\/cotedivoire\/economie\/travail-des-enfants-plus-de-10-000-enfants-secourus-de-2012-a-2021-en-cote-divoire-me-adama-kamara\"},\"author\":{\"name\":\"cfeditorfr\",\"@id\":\"https:\/\/www.africa-press.net\/cotedivoire\/#\/schema\/person\/2b1cf3cd81a31e3cd26889ca66d677f1\"},\"headline\":\"Travail des enfants: Plus de 10.000 enfants secourus de 2012 \u00e0 2021 en C\u00f4te-d\u2019Ivoire (Me Adama Kamara)\",\"datePublished\":\"2021-06-12T14:44:09+00:00\",\"dateModified\":\"2021-06-12T18:14:19+00:00\",\"mainEntityOfPage\":{\"@id\":\"https:\/\/www.africa-press.net\/cotedivoire\/economie\/travail-des-enfants-plus-de-10-000-enfants-secourus-de-2012-a-2021-en-cote-divoire-me-adama-kamara\"},\"wordCount\":824,\"commentCount\":0,\"image\":{\"@id\":\"https:\/\/www.africa-press.net\/cotedivoire\/economie\/travail-des-enfants-plus-de-10-000-enfants-secourus-de-2012-a-2021-en-cote-divoire-me-adama-kamara#primaryimage\"},\"thumbnailUrl\":\"https:\/\/static.africa-press.net\/cote\/sites\/43\/2021\/06\/img-60c4bfbcbdc05.jpg\",\"keywords\":[\"Africa Press\",\"Africa Press-C\u00f4te d'Ivoire\",\"C\u00d4TE D'IVOIRE\"],\"articleSection\":[\"\u00c9conomie\",\"homepage-french\",\"Top Nouvelles\",\"Toutes les actualit\u00e9s\"],\"inLanguage\":\"fr-FR\",\"potentialAction\":[{\"@type\":\"CommentAction\",\"name\":\"Comment\",\"target\":[\"https:\/\/www.africa-press.net\/cotedivoire\/economie\/travail-des-enfants-plus-de-10-000-enfants-secourus-de-2012-a-2021-en-cote-divoire-me-adama-kamara#respond\"]}]},{\"@type\":\"WebPage\",\"@id\":\"https:\/\/www.africa-press.net\/cotedivoire\/economie\/travail-des-enfants-plus-de-10-000-enfants-secourus-de-2012-a-2021-en-cote-divoire-me-adama-kamara\",\"url\":\"https:\/\/www.africa-press.net\/cotedivoire\/economie\/travail-des-enfants-plus-de-10-000-enfants-secourus-de-2012-a-2021-en-cote-divoire-me-adama-kamara\",\"name\":\"Travail des enfants: Plus de 10.000 enfants secourus de 2012 \u00e0 2021 en C\u00f4te-d\u2019Ivoire (Me Adama Kamara) - C\u00f4te d&#039;Ivoire\",\"isPartOf\":{\"@id\":\"https:\/\/www.africa-press.net\/cotedivoire\/#website\"},\"primaryImageOfPage\":{\"@id\":\"https:\/\/www.africa-press.net\/cotedivoire\/economie\/travail-des-enfants-plus-de-10-000-enfants-secourus-de-2012-a-2021-en-cote-divoire-me-adama-kamara#primaryimage\"},\"image\":{\"@id\":\"https:\/\/www.africa-press.net\/cotedivoire\/economie\/travail-des-enfants-plus-de-10-000-enfants-secourus-de-2012-a-2021-en-cote-divoire-me-adama-kamara#primaryimage\"},\"thumbnailUrl\":\"https:\/\/static.africa-press.net\/cote\/sites\/43\/2021\/06\/img-60c4bfbcbdc05.jpg\",\"datePublished\":\"2021-06-12T14:44:09+00:00\",\"dateModified\":\"2021-06-12T18:14:19+00:00\",\"author\":{\"@id\":\"https:\/\/www.africa-press.net\/cotedivoire\/#\/schema\/person\/2b1cf3cd81a31e3cd26889ca66d677f1\"},\"description\":\"Jocelyne LIADE En C\u00f4te d\u2019Ivoire, plus de 10.000 enfants victimes de travail des enfants ont \u00e9t\u00e9 secourus de 2012 \u00e0 2021 ...\",\"breadcrumb\":{\"@id\":\"https:\/\/www.africa-press.net\/cotedivoire\/economie\/travail-des-enfants-plus-de-10-000-enfants-secourus-de-2012-a-2021-en-cote-divoire-me-adama-kamara#breadcrumb\"},\"inLanguage\":\"fr-FR\",\"potentialAction\":[{\"@type\":\"ReadAction\",\"target\":[\"https:\/\/www.africa-press.net\/cotedivoire\/economie\/travail-des-enfants-plus-de-10-000-enfants-secourus-de-2012-a-2021-en-cote-divoire-me-adama-kamara\"]}]},{\"@type\":\"ImageObject\",\"inLanguage\":\"fr-FR\",\"@id\":\"https:\/\/www.africa-press.net\/cotedivoire\/economie\/travail-des-enfants-plus-de-10-000-enfants-secourus-de-2012-a-2021-en-cote-divoire-me-adama-kamara#primaryimage\",\"url\":\"https:\/\/static.africa-press.net\/cote\/sites\/43\/2021\/06\/img-60c4bfbcbdc05.jpg\",\"contentUrl\":\"https:\/\/static.africa-press.net\/cote\/sites\/43\/2021\/06\/img-60c4bfbcbdc05.jpg\",\"width\":1000,\"height\":666,\"caption\":\"Travail des enfants: Plus de 10.000 enfants secourus de 2012 \u00e0 2021 en C\u00f4te-d\u2019Ivoire (Me Adama Kamara)\"},{\"@type\":\"BreadcrumbList\",\"@id\":\"https:\/\/www.africa-press.net\/cotedivoire\/economie\/travail-des-enfants-plus-de-10-000-enfants-secourus-de-2012-a-2021-en-cote-divoire-me-adama-kamara#breadcrumb\",\"itemListElement\":[{\"@type\":\"ListItem\",\"position\":1,\"name\":\"Accueil\",\"item\":\"https:\/\/www.africa-press.net\/cotedivoire\/\"},{\"@type\":\"ListItem\",\"position\":2,\"name\":\"Travail des enfants: Plus de 10.000 enfants secourus de 2012 \u00e0 2021 en C\u00f4te-d\u2019Ivoire (Me Adama Kamara)\"}]},{\"@type\":\"WebSite\",\"@id\":\"https:\/\/www.africa-press.net\/cotedivoire\/#website\",\"url\":\"https:\/\/www.africa-press.net\/cotedivoire\/\",\"name\":\"C\u00f4te d&#039;Ivoire\",\"description\":\"Just another Africa News Agency Sites site\",\"potentialAction\":[{\"@type\":\"SearchAction\",\"target\":{\"@type\":\"EntryPoint\",\"urlTemplate\":\"https:\/\/www.africa-press.net\/cotedivoire\/?s={search_term_string}\"},\"query-input\":{\"@type\":\"PropertyValueSpecification\",\"valueRequired\":true,\"valueName\":\"search_term_string\"}}],\"inLanguage\":\"fr-FR\"},{\"@type\":\"Person\",\"@id\":\"https:\/\/www.africa-press.net\/cotedivoire\/#\/schema\/person\/2b1cf3cd81a31e3cd26889ca66d677f1\",\"name\":\"cfeditorfr\"}]}<\/script>\n<!-- \/ Yoast SEO Premium plugin. -->","yoast_head_json":{"title":"Travail des enfants: Plus de 10.000 enfants secourus de 2012 \u00e0 2021 en C\u00f4te-d\u2019Ivoire (Me Adama Kamara) - C\u00f4te d&#039;Ivoire","description":"Jocelyne LIADE En C\u00f4te d\u2019Ivoire, plus de 10.000 enfants victimes de travail des enfants ont \u00e9t\u00e9 secourus de 2012 \u00e0 2021 ...","robots":{"index":"index","follow":"follow","max-snippet":"max-snippet:-1","max-image-preview":"max-image-preview:large","max-video-preview":"max-video-preview:-1"},"canonical":"https:\/\/www.africa-press.net\/cotedivoire\/economie\/travail-des-enfants-plus-de-10-000-enfants-secourus-de-2012-a-2021-en-cote-divoire-me-adama-kamara","og_locale":"fr_FR","og_type":"article","og_title":"Travail des enfants: Plus de 10.000 enfants secourus de 2012 \u00e0 2021 en C\u00f4te-d\u2019Ivoire (Me Adama Kamara)","og_description":"Jocelyne LIADE En C\u00f4te d\u2019Ivoire, plus de 10.000 enfants victimes de travail des enfants ont \u00e9t\u00e9 secourus de 2012 \u00e0 2021 ...","og_url":"https:\/\/www.africa-press.net\/cotedivoire\/economie\/travail-des-enfants-plus-de-10-000-enfants-secourus-de-2012-a-2021-en-cote-divoire-me-adama-kamara","og_site_name":"C\u00f4te d&#039;Ivoire","article_published_time":"2021-06-12T14:44:09+00:00","article_modified_time":"2021-06-12T18:14:19+00:00","og_image":[{"width":1000,"height":666,"url":"https:\/\/static.africa-press.net\/cote\/sites\/43\/2021\/06\/img-60c4bfbcbdc05.jpg","type":"image\/jpeg"}],"author":"cfeditorfr","twitter_card":"summary_large_image","twitter_misc":{"\u00c9crit par":"cfeditorfr","Dur\u00e9e de lecture estim\u00e9e":"4 minutes"},"schema":{"@context":"https:\/\/schema.org","@graph":[{"@type":"Article","@id":"https:\/\/www.africa-press.net\/cotedivoire\/economie\/travail-des-enfants-plus-de-10-000-enfants-secourus-de-2012-a-2021-en-cote-divoire-me-adama-kamara#article","isPartOf":{"@id":"https:\/\/www.africa-press.net\/cotedivoire\/economie\/travail-des-enfants-plus-de-10-000-enfants-secourus-de-2012-a-2021-en-cote-divoire-me-adama-kamara"},"author":{"name":"cfeditorfr","@id":"https:\/\/www.africa-press.net\/cotedivoire\/#\/schema\/person\/2b1cf3cd81a31e3cd26889ca66d677f1"},"headline":"Travail des enfants: Plus de 10.000 enfants secourus de 2012 \u00e0 2021 en C\u00f4te-d\u2019Ivoire (Me Adama Kamara)","datePublished":"2021-06-12T14:44:09+00:00","dateModified":"2021-06-12T18:14:19+00:00","mainEntityOfPage":{"@id":"https:\/\/www.africa-press.net\/cotedivoire\/economie\/travail-des-enfants-plus-de-10-000-enfants-secourus-de-2012-a-2021-en-cote-divoire-me-adama-kamara"},"wordCount":824,"commentCount":0,"image":{"@id":"https:\/\/www.africa-press.net\/cotedivoire\/economie\/travail-des-enfants-plus-de-10-000-enfants-secourus-de-2012-a-2021-en-cote-divoire-me-adama-kamara#primaryimage"},"thumbnailUrl":"https:\/\/static.africa-press.net\/cote\/sites\/43\/2021\/06\/img-60c4bfbcbdc05.jpg","keywords":["Africa Press","Africa Press-C\u00f4te d'Ivoire","C\u00d4TE D'IVOIRE"],"articleSection":["\u00c9conomie","homepage-french","Top Nouvelles","Toutes les actualit\u00e9s"],"inLanguage":"fr-FR","potentialAction":[{"@type":"CommentAction","name":"Comment","target":["https:\/\/www.africa-press.net\/cotedivoire\/economie\/travail-des-enfants-plus-de-10-000-enfants-secourus-de-2012-a-2021-en-cote-divoire-me-adama-kamara#respond"]}]},{"@type":"WebPage","@id":"https:\/\/www.africa-press.net\/cotedivoire\/economie\/travail-des-enfants-plus-de-10-000-enfants-secourus-de-2012-a-2021-en-cote-divoire-me-adama-kamara","url":"https:\/\/www.africa-press.net\/cotedivoire\/economie\/travail-des-enfants-plus-de-10-000-enfants-secourus-de-2012-a-2021-en-cote-divoire-me-adama-kamara","name":"Travail des enfants: Plus de 10.000 enfants secourus de 2012 \u00e0 2021 en C\u00f4te-d\u2019Ivoire (Me Adama Kamara) - C\u00f4te d&#039;Ivoire","isPartOf":{"@id":"https:\/\/www.africa-press.net\/cotedivoire\/#website"},"primaryImageOfPage":{"@id":"https:\/\/www.africa-press.net\/cotedivoire\/economie\/travail-des-enfants-plus-de-10-000-enfants-secourus-de-2012-a-2021-en-cote-divoire-me-adama-kamara#primaryimage"},"image":{"@id":"https:\/\/www.africa-press.net\/cotedivoire\/economie\/travail-des-enfants-plus-de-10-000-enfants-secourus-de-2012-a-2021-en-cote-divoire-me-adama-kamara#primaryimage"},"thumbnailUrl":"https:\/\/static.africa-press.net\/cote\/sites\/43\/2021\/06\/img-60c4bfbcbdc05.jpg","datePublished":"2021-06-12T14:44:09+00:00","dateModified":"2021-06-12T18:14:19+00:00","author":{"@id":"https:\/\/www.africa-press.net\/cotedivoire\/#\/schema\/person\/2b1cf3cd81a31e3cd26889ca66d677f1"},"description":"Jocelyne LIADE En C\u00f4te d\u2019Ivoire, plus de 10.000 enfants victimes de travail des enfants ont \u00e9t\u00e9 secourus de 2012 \u00e0 2021 ...","breadcrumb":{"@id":"https:\/\/www.africa-press.net\/cotedivoire\/economie\/travail-des-enfants-plus-de-10-000-enfants-secourus-de-2012-a-2021-en-cote-divoire-me-adama-kamara#breadcrumb"},"inLanguage":"fr-FR","potentialAction":[{"@type":"ReadAction","target":["https:\/\/www.africa-press.net\/cotedivoire\/economie\/travail-des-enfants-plus-de-10-000-enfants-secourus-de-2012-a-2021-en-cote-divoire-me-adama-kamara"]}]},{"@type":"ImageObject","inLanguage":"fr-FR","@id":"https:\/\/www.africa-press.net\/cotedivoire\/economie\/travail-des-enfants-plus-de-10-000-enfants-secourus-de-2012-a-2021-en-cote-divoire-me-adama-kamara#primaryimage","url":"https:\/\/static.africa-press.net\/cote\/sites\/43\/2021\/06\/img-60c4bfbcbdc05.jpg","contentUrl":"https:\/\/static.africa-press.net\/cote\/sites\/43\/2021\/06\/img-60c4bfbcbdc05.jpg","width":1000,"height":666,"caption":"Travail des enfants: Plus de 10.000 enfants secourus de 2012 \u00e0 2021 en C\u00f4te-d\u2019Ivoire (Me Adama Kamara)"},{"@type":"BreadcrumbList","@id":"https:\/\/www.africa-press.net\/cotedivoire\/economie\/travail-des-enfants-plus-de-10-000-enfants-secourus-de-2012-a-2021-en-cote-divoire-me-adama-kamara#breadcrumb","itemListElement":[{"@type":"ListItem","position":1,"name":"Accueil","item":"https:\/\/www.africa-press.net\/cotedivoire\/"},{"@type":"ListItem","position":2,"name":"Travail des enfants: Plus de 10.000 enfants secourus de 2012 \u00e0 2021 en C\u00f4te-d\u2019Ivoire (Me Adama Kamara)"}]},{"@type":"WebSite","@id":"https:\/\/www.africa-press.net\/cotedivoire\/#website","url":"https:\/\/www.africa-press.net\/cotedivoire\/","name":"C\u00f4te d&#039;Ivoire","description":"Just another Africa News Agency Sites site","potentialAction":[{"@type":"SearchAction","target":{"@type":"EntryPoint","urlTemplate":"https:\/\/www.africa-press.net\/cotedivoire\/?s={search_term_string}"},"query-input":{"@type":"PropertyValueSpecification","valueRequired":true,"valueName":"search_term_string"}}],"inLanguage":"fr-FR"},{"@type":"Person","@id":"https:\/\/www.africa-press.net\/cotedivoire\/#\/schema\/person\/2b1cf3cd81a31e3cd26889ca66d677f1","name":"cfeditorfr"}]}},"_links":{"self":[{"href":"https:\/\/www.africa-press.net\/cotedivoire\/wp-json\/wp\/v2\/posts\/8885","targetHints":{"allow":["GET"]}}],"collection":[{"href":"https:\/\/www.africa-press.net\/cotedivoire\/wp-json\/wp\/v2\/posts"}],"about":[{"href":"https:\/\/www.africa-press.net\/cotedivoire\/wp-json\/wp\/v2\/types\/post"}],"author":[{"embeddable":true,"href":"https:\/\/www.africa-press.net\/cotedivoire\/wp-json\/wp\/v2\/users\/82"}],"replies":[{"embeddable":true,"href":"https:\/\/www.africa-press.net\/cotedivoire\/wp-json\/wp\/v2\/comments?post=8885"}],"version-history":[{"count":0,"href":"https:\/\/www.africa-press.net\/cotedivoire\/wp-json\/wp\/v2\/posts\/8885\/revisions"}],"wp:featuredmedia":[{"embeddable":true,"href":"https:\/\/www.africa-press.net\/cotedivoire\/wp-json\/wp\/v2\/media\/8884"}],"wp:attachment":[{"href":"https:\/\/www.africa-press.net\/cotedivoire\/wp-json\/wp\/v2\/media?parent=8885"}],"wp:term":[{"taxonomy":"category","embeddable":true,"href":"https:\/\/www.africa-press.net\/cotedivoire\/wp-json\/wp\/v2\/categories?post=8885"},{"taxonomy":"post_tag","embeddable":true,"href":"https:\/\/www.africa-press.net\/cotedivoire\/wp-json\/wp\/v2\/tags?post=8885"}],"curies":[{"name":"wp","href":"https:\/\/api.w.org\/{rel}","templated":true}]}}