{"id":8888,"date":"2021-06-12T14:53:42","date_gmt":"2021-06-12T14:53:42","guid":{"rendered":"https:\/\/www.africa-press.net\/cotedivoire\/?p=8888"},"modified":"2021-06-12T18:14:31","modified_gmt":"2021-06-12T18:14:31","slug":"en-catimini-ou-avec-fanfare-le-plus-important-est-que-gbagbo-soit-en-cote-divoire-dano-djedje","status":"publish","type":"post","link":"https:\/\/www.africa-press.net\/cotedivoire\/politique\/en-catimini-ou-avec-fanfare-le-plus-important-est-que-gbagbo-soit-en-cote-divoire-dano-djedje","title":{"rendered":"\u00ab\u00a0En catimini ou avec fanfare, le plus important est que Gbagbo soit en C\u00f4te d\u2019Ivoire\u00a0\u00bb (Dano Dj\u00e9dj\u00e9)"},"content":{"rendered":"<p><span style=\"color: #ff6600\"><strong><a href=\"https:\/\/www.africa-press.net\/\">Africa-Press<\/a> &#8211; <a href=\"https:\/\/www.africa-press.net\/cotedivoire\">C\u00f4te d&rsquo;Ivoire<\/a>.\u00a0 <\/strong><\/span>Dano Dj\u00e9dj\u00e9, vice-pr\u00e9sident de la frange Pro Gbagbo du Front populaire ivoirien (FPI, opposition) a estim\u00e9 vendredi que \u00ab le plus important est que \u00bb l\u2019ex-chef d\u2019Etat Laurent Gbagbo \u00ab soit en C\u00f4te d\u2019Ivoire que ce soit en fanfare ou en catimini \u00bb, apr\u00e8s une rencontre avec le pr\u00e9sident du Parti d\u00e9mocratique de C\u00f4te d\u2019Ivoire (PDCI) Henri Konan B\u00e9di\u00e9, \u00e0 Daoukro (Centre).<\/p>\n<p>\u00ab Que ce soit en fanfare, sous r\u00e9serve ou en catimini, le plus important est que le pr\u00e9sident Laurent Gbagbo soit en C\u00f4te d\u2019Ivoire. Nous attendons cette date du 17 juin 2021 \u00bb, a d\u00e9clar\u00e9 Dano Dj\u00e9dj\u00e9, face \u00e0 la presse apr\u00e8s la rencontre.<\/p>\n<p>Il conduisait une \u00ab d\u00e9l\u00e9gation d\u00e9p\u00each\u00e9e par \u00bb M.Gbagbo \u00ab aupr\u00e8s de son a\u00een\u00e9 \u00bb M. B\u00e9di\u00e9 pour lui dire merci pour les \u00ab actions qu\u2019il m\u00e8ne et qu\u2019il continue de mener en faveur de la paix en C\u00f4te d\u2019Ivoire, mais aussi et surtout en faveur du retour de \u00bb l\u2019ex-pr\u00e9sident.<\/p>\n<p>Dano Dj\u00e9dj\u00e9 a ajout\u00e9 avoir annonc\u00e9 officiellement au pr\u00e9sident du PDCI le retour le \u00ab 17 juin \u00bb de Laurent Gbagbo, acquitt\u00e9 par la Cour p\u00e9nale internationale (CPI) des accusations de crimes contre l\u2019humanit\u00e9.<\/p>\n<p>&nbsp;<\/p>\n","protected":false},"excerpt":{"rendered":"<p>Africa-Press &#8211; C\u00f4te d&rsquo;Ivoire.\u00a0 Dano Dj\u00e9dj\u00e9, vice-pr\u00e9sident de la frange Pro Gbagbo du Front populaire ivoirien (FPI, opposition) a estim\u00e9 vendredi que \u00ab le plus important est que \u00bb l\u2019ex-chef d\u2019Etat Laurent Gbagbo \u00ab soit en C\u00f4te d\u2019Ivoire que ce soit en fanfare ou en catimini \u00bb, apr\u00e8s une rencontre avec le pr\u00e9sident du Parti [&hellip;]<\/p>\n","protected":false},"author":82,"featured_media":8887,"comment_status":"open","ping_status":"closed","sticky":false,"template":"","format":"standard","meta":{"footnotes":""},"categories":[11,2,20,10],"tags":[56,63,29],"class_list":["post-8888","post","type-post","status-publish","format-standard","has-post-thumbnail","hentry","category-homepage-french","category-politique","category-top-nouvelles","category-toutes-les-actualites","tag-africa-press","tag-africa-press-cote-divoire","tag-cote-divoire"],"yoast_head":"<!-- This site is optimized with the Yoast SEO Premium plugin v26.1 (Yoast SEO v27.0) - https:\/\/yoast.com\/product\/yoast-seo-premium-wordpress\/ -->\n<title>\u00ab\u00a0En catimini ou avec fanfare, le plus important est que Gbagbo soit en C\u00f4te d\u2019Ivoire\u00a0\u00bb (Dano Dj\u00e9dj\u00e9) - C\u00f4te d&#039;Ivoire<\/title>\n<meta name=\"description\" content=\"Edwige FIENDE Dano Dj\u00e9dj\u00e9, vice-pr\u00e9sident de la frange Pro Gbagbo du Front populaire ivoirien (FPI, opposition) a estim ...\" \/>\n<meta name=\"robots\" content=\"index, follow, max-snippet:-1, max-image-preview:large, max-video-preview:-1\" \/>\n<link rel=\"canonical\" href=\"https:\/\/www.africa-press.net\/cotedivoire\/politique\/en-catimini-ou-avec-fanfare-le-plus-important-est-que-gbagbo-soit-en-cote-divoire-dano-djedje\" \/>\n<meta property=\"og:locale\" content=\"fr_FR\" \/>\n<meta property=\"og:type\" content=\"article\" \/>\n<meta property=\"og:title\" content=\"\u00ab\u00a0En catimini ou avec fanfare, le plus important est que Gbagbo soit en C\u00f4te d\u2019Ivoire\u00a0\u00bb (Dano Dj\u00e9dj\u00e9)\" \/>\n<meta property=\"og:description\" content=\"Edwige FIENDE Dano Dj\u00e9dj\u00e9, vice-pr\u00e9sident de la frange Pro Gbagbo du Front populaire ivoirien (FPI, opposition) a estim ...\" \/>\n<meta property=\"og:url\" content=\"https:\/\/www.africa-press.net\/cotedivoire\/politique\/en-catimini-ou-avec-fanfare-le-plus-important-est-que-gbagbo-soit-en-cote-divoire-dano-djedje\" \/>\n<meta property=\"og:site_name\" content=\"C\u00f4te d&#039;Ivoire\" \/>\n<meta property=\"article:published_time\" content=\"2021-06-12T14:53:42+00:00\" \/>\n<meta property=\"article:modified_time\" content=\"2021-06-12T18:14:31+00:00\" \/>\n<meta property=\"og:image\" content=\"https:\/\/static.africa-press.net\/cote\/sites\/43\/2021\/06\/img-60c4bfded9f8f.jpg\" \/>\n\t<meta property=\"og:image:width\" content=\"720\" \/>\n\t<meta property=\"og:image:height\" content=\"405\" \/>\n\t<meta property=\"og:image:type\" content=\"image\/jpeg\" \/>\n<meta name=\"author\" content=\"cfeditorfr\" \/>\n<meta name=\"twitter:card\" content=\"summary_large_image\" \/>\n<meta name=\"twitter:label1\" content=\"\u00c9crit par\" \/>\n\t<meta name=\"twitter:data1\" content=\"cfeditorfr\" \/>\n\t<meta name=\"twitter:label2\" content=\"Dur\u00e9e de lecture estim\u00e9e\" \/>\n\t<meta name=\"twitter:data2\" content=\"1 minute\" \/>\n<script type=\"application\/ld+json\" class=\"yoast-schema-graph\">{\"@context\":\"https:\/\/schema.org\",\"@graph\":[{\"@type\":\"Article\",\"@id\":\"https:\/\/www.africa-press.net\/cotedivoire\/politique\/en-catimini-ou-avec-fanfare-le-plus-important-est-que-gbagbo-soit-en-cote-divoire-dano-djedje#article\",\"isPartOf\":{\"@id\":\"https:\/\/www.africa-press.net\/cotedivoire\/politique\/en-catimini-ou-avec-fanfare-le-plus-important-est-que-gbagbo-soit-en-cote-divoire-dano-djedje\"},\"author\":{\"name\":\"cfeditorfr\",\"@id\":\"https:\/\/www.africa-press.net\/cotedivoire\/#\/schema\/person\/2b1cf3cd81a31e3cd26889ca66d677f1\"},\"headline\":\"\u00ab\u00a0En catimini ou avec fanfare, le plus important est que Gbagbo soit en C\u00f4te d\u2019Ivoire\u00a0\u00bb (Dano Dj\u00e9dj\u00e9)\",\"datePublished\":\"2021-06-12T14:53:42+00:00\",\"dateModified\":\"2021-06-12T18:14:31+00:00\",\"mainEntityOfPage\":{\"@id\":\"https:\/\/www.africa-press.net\/cotedivoire\/politique\/en-catimini-ou-avec-fanfare-le-plus-important-est-que-gbagbo-soit-en-cote-divoire-dano-djedje\"},\"wordCount\":238,\"commentCount\":0,\"image\":{\"@id\":\"https:\/\/www.africa-press.net\/cotedivoire\/politique\/en-catimini-ou-avec-fanfare-le-plus-important-est-que-gbagbo-soit-en-cote-divoire-dano-djedje#primaryimage\"},\"thumbnailUrl\":\"https:\/\/static.africa-press.net\/cote\/sites\/43\/2021\/06\/img-60c4bfded9f8f.jpg\",\"keywords\":[\"Africa Press\",\"Africa Press-C\u00f4te d'Ivoire\",\"C\u00d4TE D'IVOIRE\"],\"articleSection\":[\"homepage-french\",\"Politique\",\"Top Nouvelles\",\"Toutes les actualit\u00e9s\"],\"inLanguage\":\"fr-FR\",\"potentialAction\":[{\"@type\":\"CommentAction\",\"name\":\"Comment\",\"target\":[\"https:\/\/www.africa-press.net\/cotedivoire\/politique\/en-catimini-ou-avec-fanfare-le-plus-important-est-que-gbagbo-soit-en-cote-divoire-dano-djedje#respond\"]}]},{\"@type\":\"WebPage\",\"@id\":\"https:\/\/www.africa-press.net\/cotedivoire\/politique\/en-catimini-ou-avec-fanfare-le-plus-important-est-que-gbagbo-soit-en-cote-divoire-dano-djedje\",\"url\":\"https:\/\/www.africa-press.net\/cotedivoire\/politique\/en-catimini-ou-avec-fanfare-le-plus-important-est-que-gbagbo-soit-en-cote-divoire-dano-djedje\",\"name\":\"\u00ab\u00a0En catimini ou avec fanfare, le plus important est que Gbagbo soit en C\u00f4te d\u2019Ivoire\u00a0\u00bb (Dano Dj\u00e9dj\u00e9) - C\u00f4te d&#039;Ivoire\",\"isPartOf\":{\"@id\":\"https:\/\/www.africa-press.net\/cotedivoire\/#website\"},\"primaryImageOfPage\":{\"@id\":\"https:\/\/www.africa-press.net\/cotedivoire\/politique\/en-catimini-ou-avec-fanfare-le-plus-important-est-que-gbagbo-soit-en-cote-divoire-dano-djedje#primaryimage\"},\"image\":{\"@id\":\"https:\/\/www.africa-press.net\/cotedivoire\/politique\/en-catimini-ou-avec-fanfare-le-plus-important-est-que-gbagbo-soit-en-cote-divoire-dano-djedje#primaryimage\"},\"thumbnailUrl\":\"https:\/\/static.africa-press.net\/cote\/sites\/43\/2021\/06\/img-60c4bfded9f8f.jpg\",\"datePublished\":\"2021-06-12T14:53:42+00:00\",\"dateModified\":\"2021-06-12T18:14:31+00:00\",\"author\":{\"@id\":\"https:\/\/www.africa-press.net\/cotedivoire\/#\/schema\/person\/2b1cf3cd81a31e3cd26889ca66d677f1\"},\"description\":\"Edwige FIENDE Dano Dj\u00e9dj\u00e9, vice-pr\u00e9sident de la frange Pro Gbagbo du Front populaire ivoirien (FPI, opposition) a estim ...\",\"breadcrumb\":{\"@id\":\"https:\/\/www.africa-press.net\/cotedivoire\/politique\/en-catimini-ou-avec-fanfare-le-plus-important-est-que-gbagbo-soit-en-cote-divoire-dano-djedje#breadcrumb\"},\"inLanguage\":\"fr-FR\",\"potentialAction\":[{\"@type\":\"ReadAction\",\"target\":[\"https:\/\/www.africa-press.net\/cotedivoire\/politique\/en-catimini-ou-avec-fanfare-le-plus-important-est-que-gbagbo-soit-en-cote-divoire-dano-djedje\"]}]},{\"@type\":\"ImageObject\",\"inLanguage\":\"fr-FR\",\"@id\":\"https:\/\/www.africa-press.net\/cotedivoire\/politique\/en-catimini-ou-avec-fanfare-le-plus-important-est-que-gbagbo-soit-en-cote-divoire-dano-djedje#primaryimage\",\"url\":\"https:\/\/static.africa-press.net\/cote\/sites\/43\/2021\/06\/img-60c4bfded9f8f.jpg\",\"contentUrl\":\"https:\/\/static.africa-press.net\/cote\/sites\/43\/2021\/06\/img-60c4bfded9f8f.jpg\",\"width\":720,\"height\":405,\"caption\":\"\u00ab\u00a0En catimini ou avec fanfare, le plus important est que Gbagbo soit en C\u00f4te d\u2019Ivoire\u00a0\u00bb (Dano Dj\u00e9dj\u00e9)\"},{\"@type\":\"BreadcrumbList\",\"@id\":\"https:\/\/www.africa-press.net\/cotedivoire\/politique\/en-catimini-ou-avec-fanfare-le-plus-important-est-que-gbagbo-soit-en-cote-divoire-dano-djedje#breadcrumb\",\"itemListElement\":[{\"@type\":\"ListItem\",\"position\":1,\"name\":\"Accueil\",\"item\":\"https:\/\/www.africa-press.net\/cotedivoire\/\"},{\"@type\":\"ListItem\",\"position\":2,\"name\":\"\u00ab\u00a0En catimini ou avec fanfare, le plus important est que Gbagbo soit en C\u00f4te d\u2019Ivoire\u00a0\u00bb (Dano Dj\u00e9dj\u00e9)\"}]},{\"@type\":\"WebSite\",\"@id\":\"https:\/\/www.africa-press.net\/cotedivoire\/#website\",\"url\":\"https:\/\/www.africa-press.net\/cotedivoire\/\",\"name\":\"C\u00f4te d&#039;Ivoire\",\"description\":\"Just another Africa News Agency Sites site\",\"potentialAction\":[{\"@type\":\"SearchAction\",\"target\":{\"@type\":\"EntryPoint\",\"urlTemplate\":\"https:\/\/www.africa-press.net\/cotedivoire\/?s={search_term_string}\"},\"query-input\":{\"@type\":\"PropertyValueSpecification\",\"valueRequired\":true,\"valueName\":\"search_term_string\"}}],\"inLanguage\":\"fr-FR\"},{\"@type\":\"Person\",\"@id\":\"https:\/\/www.africa-press.net\/cotedivoire\/#\/schema\/person\/2b1cf3cd81a31e3cd26889ca66d677f1\",\"name\":\"cfeditorfr\"}]}<\/script>\n<!-- \/ Yoast SEO Premium plugin. -->","yoast_head_json":{"title":"\u00ab\u00a0En catimini ou avec fanfare, le plus important est que Gbagbo soit en C\u00f4te d\u2019Ivoire\u00a0\u00bb (Dano Dj\u00e9dj\u00e9) - C\u00f4te d&#039;Ivoire","description":"Edwige FIENDE Dano Dj\u00e9dj\u00e9, vice-pr\u00e9sident de la frange Pro Gbagbo du Front populaire ivoirien (FPI, opposition) a estim ...","robots":{"index":"index","follow":"follow","max-snippet":"max-snippet:-1","max-image-preview":"max-image-preview:large","max-video-preview":"max-video-preview:-1"},"canonical":"https:\/\/www.africa-press.net\/cotedivoire\/politique\/en-catimini-ou-avec-fanfare-le-plus-important-est-que-gbagbo-soit-en-cote-divoire-dano-djedje","og_locale":"fr_FR","og_type":"article","og_title":"\u00ab\u00a0En catimini ou avec fanfare, le plus important est que Gbagbo soit en C\u00f4te d\u2019Ivoire\u00a0\u00bb (Dano Dj\u00e9dj\u00e9)","og_description":"Edwige FIENDE Dano Dj\u00e9dj\u00e9, vice-pr\u00e9sident de la frange Pro Gbagbo du Front populaire ivoirien (FPI, opposition) a estim ...","og_url":"https:\/\/www.africa-press.net\/cotedivoire\/politique\/en-catimini-ou-avec-fanfare-le-plus-important-est-que-gbagbo-soit-en-cote-divoire-dano-djedje","og_site_name":"C\u00f4te d&#039;Ivoire","article_published_time":"2021-06-12T14:53:42+00:00","article_modified_time":"2021-06-12T18:14:31+00:00","og_image":[{"width":720,"height":405,"url":"https:\/\/static.africa-press.net\/cote\/sites\/43\/2021\/06\/img-60c4bfded9f8f.jpg","type":"image\/jpeg"}],"author":"cfeditorfr","twitter_card":"summary_large_image","twitter_misc":{"\u00c9crit par":"cfeditorfr","Dur\u00e9e de lecture estim\u00e9e":"1 minute"},"schema":{"@context":"https:\/\/schema.org","@graph":[{"@type":"Article","@id":"https:\/\/www.africa-press.net\/cotedivoire\/politique\/en-catimini-ou-avec-fanfare-le-plus-important-est-que-gbagbo-soit-en-cote-divoire-dano-djedje#article","isPartOf":{"@id":"https:\/\/www.africa-press.net\/cotedivoire\/politique\/en-catimini-ou-avec-fanfare-le-plus-important-est-que-gbagbo-soit-en-cote-divoire-dano-djedje"},"author":{"name":"cfeditorfr","@id":"https:\/\/www.africa-press.net\/cotedivoire\/#\/schema\/person\/2b1cf3cd81a31e3cd26889ca66d677f1"},"headline":"\u00ab\u00a0En catimini ou avec fanfare, le plus important est que Gbagbo soit en C\u00f4te d\u2019Ivoire\u00a0\u00bb (Dano Dj\u00e9dj\u00e9)","datePublished":"2021-06-12T14:53:42+00:00","dateModified":"2021-06-12T18:14:31+00:00","mainEntityOfPage":{"@id":"https:\/\/www.africa-press.net\/cotedivoire\/politique\/en-catimini-ou-avec-fanfare-le-plus-important-est-que-gbagbo-soit-en-cote-divoire-dano-djedje"},"wordCount":238,"commentCount":0,"image":{"@id":"https:\/\/www.africa-press.net\/cotedivoire\/politique\/en-catimini-ou-avec-fanfare-le-plus-important-est-que-gbagbo-soit-en-cote-divoire-dano-djedje#primaryimage"},"thumbnailUrl":"https:\/\/static.africa-press.net\/cote\/sites\/43\/2021\/06\/img-60c4bfded9f8f.jpg","keywords":["Africa Press","Africa Press-C\u00f4te d'Ivoire","C\u00d4TE D'IVOIRE"],"articleSection":["homepage-french","Politique","Top Nouvelles","Toutes les actualit\u00e9s"],"inLanguage":"fr-FR","potentialAction":[{"@type":"CommentAction","name":"Comment","target":["https:\/\/www.africa-press.net\/cotedivoire\/politique\/en-catimini-ou-avec-fanfare-le-plus-important-est-que-gbagbo-soit-en-cote-divoire-dano-djedje#respond"]}]},{"@type":"WebPage","@id":"https:\/\/www.africa-press.net\/cotedivoire\/politique\/en-catimini-ou-avec-fanfare-le-plus-important-est-que-gbagbo-soit-en-cote-divoire-dano-djedje","url":"https:\/\/www.africa-press.net\/cotedivoire\/politique\/en-catimini-ou-avec-fanfare-le-plus-important-est-que-gbagbo-soit-en-cote-divoire-dano-djedje","name":"\u00ab\u00a0En catimini ou avec fanfare, le plus important est que Gbagbo soit en C\u00f4te d\u2019Ivoire\u00a0\u00bb (Dano Dj\u00e9dj\u00e9) - C\u00f4te d&#039;Ivoire","isPartOf":{"@id":"https:\/\/www.africa-press.net\/cotedivoire\/#website"},"primaryImageOfPage":{"@id":"https:\/\/www.africa-press.net\/cotedivoire\/politique\/en-catimini-ou-avec-fanfare-le-plus-important-est-que-gbagbo-soit-en-cote-divoire-dano-djedje#primaryimage"},"image":{"@id":"https:\/\/www.africa-press.net\/cotedivoire\/politique\/en-catimini-ou-avec-fanfare-le-plus-important-est-que-gbagbo-soit-en-cote-divoire-dano-djedje#primaryimage"},"thumbnailUrl":"https:\/\/static.africa-press.net\/cote\/sites\/43\/2021\/06\/img-60c4bfded9f8f.jpg","datePublished":"2021-06-12T14:53:42+00:00","dateModified":"2021-06-12T18:14:31+00:00","author":{"@id":"https:\/\/www.africa-press.net\/cotedivoire\/#\/schema\/person\/2b1cf3cd81a31e3cd26889ca66d677f1"},"description":"Edwige FIENDE Dano Dj\u00e9dj\u00e9, vice-pr\u00e9sident de la frange Pro Gbagbo du Front populaire ivoirien (FPI, opposition) a estim ...","breadcrumb":{"@id":"https:\/\/www.africa-press.net\/cotedivoire\/politique\/en-catimini-ou-avec-fanfare-le-plus-important-est-que-gbagbo-soit-en-cote-divoire-dano-djedje#breadcrumb"},"inLanguage":"fr-FR","potentialAction":[{"@type":"ReadAction","target":["https:\/\/www.africa-press.net\/cotedivoire\/politique\/en-catimini-ou-avec-fanfare-le-plus-important-est-que-gbagbo-soit-en-cote-divoire-dano-djedje"]}]},{"@type":"ImageObject","inLanguage":"fr-FR","@id":"https:\/\/www.africa-press.net\/cotedivoire\/politique\/en-catimini-ou-avec-fanfare-le-plus-important-est-que-gbagbo-soit-en-cote-divoire-dano-djedje#primaryimage","url":"https:\/\/static.africa-press.net\/cote\/sites\/43\/2021\/06\/img-60c4bfded9f8f.jpg","contentUrl":"https:\/\/static.africa-press.net\/cote\/sites\/43\/2021\/06\/img-60c4bfded9f8f.jpg","width":720,"height":405,"caption":"\u00ab\u00a0En catimini ou avec fanfare, le plus important est que Gbagbo soit en C\u00f4te d\u2019Ivoire\u00a0\u00bb (Dano Dj\u00e9dj\u00e9)"},{"@type":"BreadcrumbList","@id":"https:\/\/www.africa-press.net\/cotedivoire\/politique\/en-catimini-ou-avec-fanfare-le-plus-important-est-que-gbagbo-soit-en-cote-divoire-dano-djedje#breadcrumb","itemListElement":[{"@type":"ListItem","position":1,"name":"Accueil","item":"https:\/\/www.africa-press.net\/cotedivoire\/"},{"@type":"ListItem","position":2,"name":"\u00ab\u00a0En catimini ou avec fanfare, le plus important est que Gbagbo soit en C\u00f4te d\u2019Ivoire\u00a0\u00bb (Dano Dj\u00e9dj\u00e9)"}]},{"@type":"WebSite","@id":"https:\/\/www.africa-press.net\/cotedivoire\/#website","url":"https:\/\/www.africa-press.net\/cotedivoire\/","name":"C\u00f4te d&#039;Ivoire","description":"Just another Africa News Agency Sites site","potentialAction":[{"@type":"SearchAction","target":{"@type":"EntryPoint","urlTemplate":"https:\/\/www.africa-press.net\/cotedivoire\/?s={search_term_string}"},"query-input":{"@type":"PropertyValueSpecification","valueRequired":true,"valueName":"search_term_string"}}],"inLanguage":"fr-FR"},{"@type":"Person","@id":"https:\/\/www.africa-press.net\/cotedivoire\/#\/schema\/person\/2b1cf3cd81a31e3cd26889ca66d677f1","name":"cfeditorfr"}]}},"_links":{"self":[{"href":"https:\/\/www.africa-press.net\/cotedivoire\/wp-json\/wp\/v2\/posts\/8888","targetHints":{"allow":["GET"]}}],"collection":[{"href":"https:\/\/www.africa-press.net\/cotedivoire\/wp-json\/wp\/v2\/posts"}],"about":[{"href":"https:\/\/www.africa-press.net\/cotedivoire\/wp-json\/wp\/v2\/types\/post"}],"author":[{"embeddable":true,"href":"https:\/\/www.africa-press.net\/cotedivoire\/wp-json\/wp\/v2\/users\/82"}],"replies":[{"embeddable":true,"href":"https:\/\/www.africa-press.net\/cotedivoire\/wp-json\/wp\/v2\/comments?post=8888"}],"version-history":[{"count":0,"href":"https:\/\/www.africa-press.net\/cotedivoire\/wp-json\/wp\/v2\/posts\/8888\/revisions"}],"wp:featuredmedia":[{"embeddable":true,"href":"https:\/\/www.africa-press.net\/cotedivoire\/wp-json\/wp\/v2\/media\/8887"}],"wp:attachment":[{"href":"https:\/\/www.africa-press.net\/cotedivoire\/wp-json\/wp\/v2\/media?parent=8888"}],"wp:term":[{"taxonomy":"category","embeddable":true,"href":"https:\/\/www.africa-press.net\/cotedivoire\/wp-json\/wp\/v2\/categories?post=8888"},{"taxonomy":"post_tag","embeddable":true,"href":"https:\/\/www.africa-press.net\/cotedivoire\/wp-json\/wp\/v2\/tags?post=8888"}],"curies":[{"name":"wp","href":"https:\/\/api.w.org\/{rel}","templated":true}]}}