{"id":8894,"date":"2021-06-12T15:09:50","date_gmt":"2021-06-12T15:09:50","guid":{"rendered":"https:\/\/www.africa-press.net\/cotedivoire\/?p=8894"},"modified":"2021-06-12T18:14:51","modified_gmt":"2021-06-12T18:14:51","slug":"shieldafrica-2021-de-la-linguistique-aux-armes-dassaut-pour-parer-aux-defis-securitaires-en-afrique-magazine","status":"publish","type":"post","link":"https:\/\/www.africa-press.net\/cotedivoire\/culture-et-art\/shieldafrica-2021-de-la-linguistique-aux-armes-dassaut-pour-parer-aux-defis-securitaires-en-afrique-magazine","title":{"rendered":"ShieldAfrica 2021: De la linguistique aux armes d\u2019assaut pour parer aux d\u00e9fis s\u00e9curitaires en Afrique (MAGAZINE)"},"content":{"rendered":"<p><span style=\"color: #ff6600\"><strong><a href=\"https:\/\/www.africa-press.net\/\">Africa-Press<\/a> &#8211; <a href=\"https:\/\/www.africa-press.net\/cotedivoire\">C\u00f4te d&rsquo;Ivoire<\/a>. <\/strong><\/span>\u00ab Le continent africain, c\u2019est comme en Europe, la s\u00e9curit\u00e9 passe par la communication \u00bb, explique Marc Lesueur, exposant Fran\u00e7ais \u00e0 la 6e \u00e9dition du salon international S\u00e9curit\u00e9-D\u00e9fense (ShieldAfrica), qui s\u2019est ouvert du 8 au 10 juin \u00e0 Abidjan, avec pr\u00e8s d\u2019une centaine d\u2019exposants de 25 pays \u00e9trangers.<\/p>\n<p>Plac\u00e9 sous le th\u00e8me: \u00ab les enjeux de la s\u00e9curit\u00e9 dans les m\u00e9tropoles africaines \u00bb, le salon a mobilis\u00e9 95 exposants venus de 25 pays \u00e9trangers \u00e9manant des continents d\u2019Asie, l\u2019Europe et l\u2019Am\u00e9rique, en vue de proposer dans les stands des solutions adapt\u00e9es aux d\u00e9fis s\u00e9curitaires.<\/p>\n<p>Marc Lesueur, gestionnaire client \u00e0 Elika Team, une entreprise qui propose des solutions d\u2019apprentissage linguistique au personnel de la d\u00e9fense et de s\u00e9curit\u00e9 pour communiquer en langue \u00e9trang\u00e8re en situation de crise, estime que \u00ab la langue est vraiment importante \u00bb.<\/p>\n<p>\u00ab Si vous \u00eates dans une situation de crise et que les gens ne parlent pas forc\u00e9ment fran\u00e7ais, \u00e7a va \u00eatre tr\u00e8s dur d\u00e9j\u00e0 de les calmer, de les rassurer et pouvoir les \u00e9vacuer \u00bb, explique t-il.<\/p>\n<p>Cette \u00e9dition s\u2019est ouverte, dans un contexte s\u00e9curitaire marqu\u00e9 par les attaques terroristes aussi bien dans le pays d\u2019accueil, la C\u00f4te d\u2019Ivoire que les pays limitrophes, notamment le Burkina Faso et le Mali.<\/p>\n<p>A la veille de l\u2019ouverture du salon, la C\u00f4te d\u2019Ivoire a perdu un soldat dans une attaque terroriste dans la localit\u00e9 de Tougbo, situ\u00e9e dans le d\u00e9partement de Bouna et frontali\u00e8re du Burkina Faso.<\/p>\n<p>Moins d\u2019une semaine plus t\u00f4t, 132 civils ont \u00e9t\u00e9 tu\u00e9s et une quarantaine de personnes bless\u00e9es dans une attaque terroriste dans la localit\u00e9 de Solhan, r\u00e9gion du Sahel au Nord du Burkina.<\/p>\n<p>Une centaine de d\u00e9l\u00e9gations sont venues pour \u00e9changer et chercher \u00e0 ShieldAfrica la solution aux probl\u00e8mes de s\u00e9curit\u00e9 dans leurs pays.<\/p>\n<p>Au stand de Laureen d\u2019Almeida, charg\u00e9e d\u2019affaires de l\u2019entreprise fran\u00e7aise Verney Carron s\u00e9curit\u00e9, bas\u00e9e \u00e0 Saint-Etienne avec 201 ans d\u2019existence et impliqu\u00e9e dans tout ce qui est arme de chasse, on y trouve tous types d\u2019armes de s\u00e9curit\u00e9 et de d\u00e9fense.<\/p>\n<p>\u00ab Nous avons Carron s\u00e9curit\u00e9 qui est plus pour les polices, les armes monetales, des Flash-ball, des sonos en 44 mm, des lanceurs de Grenade, des lacrymog\u00e8nes pour des \u00e9v\u00e9nements de foule. On a aussi une gamme de fusils \u00e0 pompe, fusils automatiques \u00bb.<\/p>\n<p>Laureen d\u2019Almeida explique \u00ab qu\u2019avec les probl\u00e8mes qui se passent en ce moment en Afrique, il tr\u00e8s important de mettre en avant tout ce qui est arme monetale, estimant que \u00ab c\u2019est la solution qui parait la plus adapt\u00e9e \u00bb. Elle dispose \u00e9galement d\u2019armes de \u00ab guerre, de fusils d\u2019assaut, mitrailleurs et de fusils de pr\u00e9cision \u00bb.<\/p>\n<p>En visite \u00e0 ShieldAfrica 2021, le ministre ivoirien de la D\u00e9fense, Ten\u00e9 Birahima Ouattara s\u2019est dit \u00ab impressionn\u00e9 \u00bb par la qualit\u00e9 des armes en exposition, tout en saluant les progr\u00e8s r\u00e9alis\u00e9s par le salon, initi\u00e9 en 2013.<\/p>\n<p>Selon Ten\u00e9 Birahima, \u00ab toutes les gammes de moyens de d\u00e9fense et de s\u00e9curit\u00e9 indispensables \u00e0 une arm\u00e9e moderne, que ce soit au niveau de la formation, de la protection des fronti\u00e8res, de l\u2019armement, \u00bb sont \u00e0 ShieldAfrica 2021 au grand bonheur des visiteurs.<\/p>\n<p>Au pavillon pakistanais, l\u2019entreprise D\u00e9fense export promotion organization (DEPO), dispose \u00ab de gants de s\u00e9curit\u00e9, de gilets par balle, de casques, de sacs tactiles, de chaussures de s\u00e9curit\u00e9, de chars de combat etc. \u00bb, selon Mariam Traor\u00e9, une h\u00f4tesse.<\/p>\n<p>\u00ab Je dois dire que toutes les solutions sont r\u00e9unies dans ce salon \u00bb, estime Ten\u00e9 Birahima, apr\u00e8s avoir fait le tour des stands allant du rayon A \u00e0 C passant par le B, long de plus de 100 m\u00e8tres, sis \u00e0 l\u2019Ecole de Police d\u2019Abidjan.<\/p>\n<p>&nbsp;<\/p>\n","protected":false},"excerpt":{"rendered":"<p>Africa-Press &#8211; C\u00f4te d&rsquo;Ivoire. \u00ab Le continent africain, c\u2019est comme en Europe, la s\u00e9curit\u00e9 passe par la communication \u00bb, explique Marc Lesueur, exposant Fran\u00e7ais \u00e0 la 6e \u00e9dition du salon international S\u00e9curit\u00e9-D\u00e9fense (ShieldAfrica), qui s\u2019est ouvert du 8 au 10 juin \u00e0 Abidjan, avec pr\u00e8s d\u2019une centaine d\u2019exposants de 25 pays \u00e9trangers. Plac\u00e9 sous le [&hellip;]<\/p>\n","protected":false},"author":82,"featured_media":8893,"comment_status":"open","ping_status":"closed","sticky":false,"template":"","format":"standard","meta":{"footnotes":""},"categories":[5,11,10],"tags":[56,63,29],"class_list":["post-8894","post","type-post","status-publish","format-standard","has-post-thumbnail","hentry","category-culture-et-art","category-homepage-french","category-toutes-les-actualites","tag-africa-press","tag-africa-press-cote-divoire","tag-cote-divoire"],"yoast_head":"<!-- This site is optimized with the Yoast SEO Premium plugin v26.1 (Yoast SEO v27.0) - https:\/\/yoast.com\/product\/yoast-seo-premium-wordpress\/ -->\n<title>ShieldAfrica 2021: De la linguistique aux armes d\u2019assaut pour parer aux d\u00e9fis s\u00e9curitaires en Afrique (MAGAZINE) - C\u00f4te d&#039;Ivoire<\/title>\n<meta name=\"description\" content=\"\u00ab Le continent africain, c\u2019est comme en Europe, la s\u00e9curit\u00e9 passe par la communication \u00bb, explique Marc Lesueur, exposan ...\" \/>\n<meta name=\"robots\" content=\"index, follow, max-snippet:-1, max-image-preview:large, max-video-preview:-1\" \/>\n<link rel=\"canonical\" href=\"https:\/\/www.africa-press.net\/cotedivoire\/culture-et-art\/shieldafrica-2021-de-la-linguistique-aux-armes-dassaut-pour-parer-aux-defis-securitaires-en-afrique-magazine\" \/>\n<meta property=\"og:locale\" content=\"fr_FR\" \/>\n<meta property=\"og:type\" content=\"article\" \/>\n<meta property=\"og:title\" content=\"ShieldAfrica 2021: De la linguistique aux armes d\u2019assaut pour parer aux d\u00e9fis s\u00e9curitaires en Afrique (MAGAZINE)\" \/>\n<meta property=\"og:description\" content=\"\u00ab Le continent africain, c\u2019est comme en Europe, la s\u00e9curit\u00e9 passe par la communication \u00bb, explique Marc Lesueur, exposan ...\" \/>\n<meta property=\"og:url\" content=\"https:\/\/www.africa-press.net\/cotedivoire\/culture-et-art\/shieldafrica-2021-de-la-linguistique-aux-armes-dassaut-pour-parer-aux-defis-securitaires-en-afrique-magazine\" \/>\n<meta property=\"og:site_name\" content=\"C\u00f4te d&#039;Ivoire\" \/>\n<meta property=\"article:published_time\" content=\"2021-06-12T15:09:50+00:00\" \/>\n<meta property=\"article:modified_time\" content=\"2021-06-12T18:14:51+00:00\" \/>\n<meta property=\"og:image\" content=\"https:\/\/static.africa-press.net\/cote\/sites\/43\/2021\/06\/img-60c4c021b4ed0.jpg\" \/>\n\t<meta property=\"og:image:width\" content=\"1169\" \/>\n\t<meta property=\"og:image:height\" content=\"552\" \/>\n\t<meta property=\"og:image:type\" content=\"image\/jpeg\" \/>\n<meta name=\"author\" content=\"cfeditorfr\" \/>\n<meta name=\"twitter:card\" content=\"summary_large_image\" \/>\n<meta name=\"twitter:label1\" content=\"\u00c9crit par\" \/>\n\t<meta name=\"twitter:data1\" content=\"cfeditorfr\" \/>\n\t<meta name=\"twitter:label2\" content=\"Dur\u00e9e de lecture estim\u00e9e\" \/>\n\t<meta name=\"twitter:data2\" content=\"3 minutes\" \/>\n<script type=\"application\/ld+json\" class=\"yoast-schema-graph\">{\"@context\":\"https:\/\/schema.org\",\"@graph\":[{\"@type\":\"Article\",\"@id\":\"https:\/\/www.africa-press.net\/cotedivoire\/culture-et-art\/shieldafrica-2021-de-la-linguistique-aux-armes-dassaut-pour-parer-aux-defis-securitaires-en-afrique-magazine#article\",\"isPartOf\":{\"@id\":\"https:\/\/www.africa-press.net\/cotedivoire\/culture-et-art\/shieldafrica-2021-de-la-linguistique-aux-armes-dassaut-pour-parer-aux-defis-securitaires-en-afrique-magazine\"},\"author\":{\"name\":\"cfeditorfr\",\"@id\":\"https:\/\/www.africa-press.net\/cotedivoire\/#\/schema\/person\/2b1cf3cd81a31e3cd26889ca66d677f1\"},\"headline\":\"ShieldAfrica 2021: De la linguistique aux armes d\u2019assaut pour parer aux d\u00e9fis s\u00e9curitaires en Afrique (MAGAZINE)\",\"datePublished\":\"2021-06-12T15:09:50+00:00\",\"dateModified\":\"2021-06-12T18:14:51+00:00\",\"mainEntityOfPage\":{\"@id\":\"https:\/\/www.africa-press.net\/cotedivoire\/culture-et-art\/shieldafrica-2021-de-la-linguistique-aux-armes-dassaut-pour-parer-aux-defis-securitaires-en-afrique-magazine\"},\"wordCount\":672,\"commentCount\":0,\"image\":{\"@id\":\"https:\/\/www.africa-press.net\/cotedivoire\/culture-et-art\/shieldafrica-2021-de-la-linguistique-aux-armes-dassaut-pour-parer-aux-defis-securitaires-en-afrique-magazine#primaryimage\"},\"thumbnailUrl\":\"https:\/\/static.africa-press.net\/cote\/sites\/43\/2021\/06\/img-60c4c021b4ed0.jpg\",\"keywords\":[\"Africa Press\",\"Africa Press-C\u00f4te d'Ivoire\",\"C\u00d4TE D'IVOIRE\"],\"articleSection\":[\"Culture et Art\",\"homepage-french\",\"Toutes les actualit\u00e9s\"],\"inLanguage\":\"fr-FR\",\"potentialAction\":[{\"@type\":\"CommentAction\",\"name\":\"Comment\",\"target\":[\"https:\/\/www.africa-press.net\/cotedivoire\/culture-et-art\/shieldafrica-2021-de-la-linguistique-aux-armes-dassaut-pour-parer-aux-defis-securitaires-en-afrique-magazine#respond\"]}]},{\"@type\":\"WebPage\",\"@id\":\"https:\/\/www.africa-press.net\/cotedivoire\/culture-et-art\/shieldafrica-2021-de-la-linguistique-aux-armes-dassaut-pour-parer-aux-defis-securitaires-en-afrique-magazine\",\"url\":\"https:\/\/www.africa-press.net\/cotedivoire\/culture-et-art\/shieldafrica-2021-de-la-linguistique-aux-armes-dassaut-pour-parer-aux-defis-securitaires-en-afrique-magazine\",\"name\":\"ShieldAfrica 2021: De la linguistique aux armes d\u2019assaut pour parer aux d\u00e9fis s\u00e9curitaires en Afrique (MAGAZINE) - C\u00f4te d&#039;Ivoire\",\"isPartOf\":{\"@id\":\"https:\/\/www.africa-press.net\/cotedivoire\/#website\"},\"primaryImageOfPage\":{\"@id\":\"https:\/\/www.africa-press.net\/cotedivoire\/culture-et-art\/shieldafrica-2021-de-la-linguistique-aux-armes-dassaut-pour-parer-aux-defis-securitaires-en-afrique-magazine#primaryimage\"},\"image\":{\"@id\":\"https:\/\/www.africa-press.net\/cotedivoire\/culture-et-art\/shieldafrica-2021-de-la-linguistique-aux-armes-dassaut-pour-parer-aux-defis-securitaires-en-afrique-magazine#primaryimage\"},\"thumbnailUrl\":\"https:\/\/static.africa-press.net\/cote\/sites\/43\/2021\/06\/img-60c4c021b4ed0.jpg\",\"datePublished\":\"2021-06-12T15:09:50+00:00\",\"dateModified\":\"2021-06-12T18:14:51+00:00\",\"author\":{\"@id\":\"https:\/\/www.africa-press.net\/cotedivoire\/#\/schema\/person\/2b1cf3cd81a31e3cd26889ca66d677f1\"},\"description\":\"\u00ab Le continent africain, c\u2019est comme en Europe, la s\u00e9curit\u00e9 passe par la communication \u00bb, explique Marc Lesueur, exposan ...\",\"breadcrumb\":{\"@id\":\"https:\/\/www.africa-press.net\/cotedivoire\/culture-et-art\/shieldafrica-2021-de-la-linguistique-aux-armes-dassaut-pour-parer-aux-defis-securitaires-en-afrique-magazine#breadcrumb\"},\"inLanguage\":\"fr-FR\",\"potentialAction\":[{\"@type\":\"ReadAction\",\"target\":[\"https:\/\/www.africa-press.net\/cotedivoire\/culture-et-art\/shieldafrica-2021-de-la-linguistique-aux-armes-dassaut-pour-parer-aux-defis-securitaires-en-afrique-magazine\"]}]},{\"@type\":\"ImageObject\",\"inLanguage\":\"fr-FR\",\"@id\":\"https:\/\/www.africa-press.net\/cotedivoire\/culture-et-art\/shieldafrica-2021-de-la-linguistique-aux-armes-dassaut-pour-parer-aux-defis-securitaires-en-afrique-magazine#primaryimage\",\"url\":\"https:\/\/static.africa-press.net\/cote\/sites\/43\/2021\/06\/img-60c4c021b4ed0.jpg\",\"contentUrl\":\"https:\/\/static.africa-press.net\/cote\/sites\/43\/2021\/06\/img-60c4c021b4ed0.jpg\",\"width\":1169,\"height\":552,\"caption\":\"ShieldAfrica 2021: De la linguistique aux armes d\u2019assaut pour parer aux d\u00e9fis s\u00e9curitaires en Afrique (MAGAZINE)\"},{\"@type\":\"BreadcrumbList\",\"@id\":\"https:\/\/www.africa-press.net\/cotedivoire\/culture-et-art\/shieldafrica-2021-de-la-linguistique-aux-armes-dassaut-pour-parer-aux-defis-securitaires-en-afrique-magazine#breadcrumb\",\"itemListElement\":[{\"@type\":\"ListItem\",\"position\":1,\"name\":\"Accueil\",\"item\":\"https:\/\/www.africa-press.net\/cotedivoire\/\"},{\"@type\":\"ListItem\",\"position\":2,\"name\":\"ShieldAfrica 2021: De la linguistique aux armes d\u2019assaut pour parer aux d\u00e9fis s\u00e9curitaires en Afrique (MAGAZINE)\"}]},{\"@type\":\"WebSite\",\"@id\":\"https:\/\/www.africa-press.net\/cotedivoire\/#website\",\"url\":\"https:\/\/www.africa-press.net\/cotedivoire\/\",\"name\":\"C\u00f4te d&#039;Ivoire\",\"description\":\"Just another Africa News Agency Sites site\",\"potentialAction\":[{\"@type\":\"SearchAction\",\"target\":{\"@type\":\"EntryPoint\",\"urlTemplate\":\"https:\/\/www.africa-press.net\/cotedivoire\/?s={search_term_string}\"},\"query-input\":{\"@type\":\"PropertyValueSpecification\",\"valueRequired\":true,\"valueName\":\"search_term_string\"}}],\"inLanguage\":\"fr-FR\"},{\"@type\":\"Person\",\"@id\":\"https:\/\/www.africa-press.net\/cotedivoire\/#\/schema\/person\/2b1cf3cd81a31e3cd26889ca66d677f1\",\"name\":\"cfeditorfr\"}]}<\/script>\n<!-- \/ Yoast SEO Premium plugin. -->","yoast_head_json":{"title":"ShieldAfrica 2021: De la linguistique aux armes d\u2019assaut pour parer aux d\u00e9fis s\u00e9curitaires en Afrique (MAGAZINE) - C\u00f4te d&#039;Ivoire","description":"\u00ab Le continent africain, c\u2019est comme en Europe, la s\u00e9curit\u00e9 passe par la communication \u00bb, explique Marc Lesueur, exposan ...","robots":{"index":"index","follow":"follow","max-snippet":"max-snippet:-1","max-image-preview":"max-image-preview:large","max-video-preview":"max-video-preview:-1"},"canonical":"https:\/\/www.africa-press.net\/cotedivoire\/culture-et-art\/shieldafrica-2021-de-la-linguistique-aux-armes-dassaut-pour-parer-aux-defis-securitaires-en-afrique-magazine","og_locale":"fr_FR","og_type":"article","og_title":"ShieldAfrica 2021: De la linguistique aux armes d\u2019assaut pour parer aux d\u00e9fis s\u00e9curitaires en Afrique (MAGAZINE)","og_description":"\u00ab Le continent africain, c\u2019est comme en Europe, la s\u00e9curit\u00e9 passe par la communication \u00bb, explique Marc Lesueur, exposan ...","og_url":"https:\/\/www.africa-press.net\/cotedivoire\/culture-et-art\/shieldafrica-2021-de-la-linguistique-aux-armes-dassaut-pour-parer-aux-defis-securitaires-en-afrique-magazine","og_site_name":"C\u00f4te d&#039;Ivoire","article_published_time":"2021-06-12T15:09:50+00:00","article_modified_time":"2021-06-12T18:14:51+00:00","og_image":[{"width":1169,"height":552,"url":"https:\/\/static.africa-press.net\/cote\/sites\/43\/2021\/06\/img-60c4c021b4ed0.jpg","type":"image\/jpeg"}],"author":"cfeditorfr","twitter_card":"summary_large_image","twitter_misc":{"\u00c9crit par":"cfeditorfr","Dur\u00e9e de lecture estim\u00e9e":"3 minutes"},"schema":{"@context":"https:\/\/schema.org","@graph":[{"@type":"Article","@id":"https:\/\/www.africa-press.net\/cotedivoire\/culture-et-art\/shieldafrica-2021-de-la-linguistique-aux-armes-dassaut-pour-parer-aux-defis-securitaires-en-afrique-magazine#article","isPartOf":{"@id":"https:\/\/www.africa-press.net\/cotedivoire\/culture-et-art\/shieldafrica-2021-de-la-linguistique-aux-armes-dassaut-pour-parer-aux-defis-securitaires-en-afrique-magazine"},"author":{"name":"cfeditorfr","@id":"https:\/\/www.africa-press.net\/cotedivoire\/#\/schema\/person\/2b1cf3cd81a31e3cd26889ca66d677f1"},"headline":"ShieldAfrica 2021: De la linguistique aux armes d\u2019assaut pour parer aux d\u00e9fis s\u00e9curitaires en Afrique (MAGAZINE)","datePublished":"2021-06-12T15:09:50+00:00","dateModified":"2021-06-12T18:14:51+00:00","mainEntityOfPage":{"@id":"https:\/\/www.africa-press.net\/cotedivoire\/culture-et-art\/shieldafrica-2021-de-la-linguistique-aux-armes-dassaut-pour-parer-aux-defis-securitaires-en-afrique-magazine"},"wordCount":672,"commentCount":0,"image":{"@id":"https:\/\/www.africa-press.net\/cotedivoire\/culture-et-art\/shieldafrica-2021-de-la-linguistique-aux-armes-dassaut-pour-parer-aux-defis-securitaires-en-afrique-magazine#primaryimage"},"thumbnailUrl":"https:\/\/static.africa-press.net\/cote\/sites\/43\/2021\/06\/img-60c4c021b4ed0.jpg","keywords":["Africa Press","Africa Press-C\u00f4te d'Ivoire","C\u00d4TE D'IVOIRE"],"articleSection":["Culture et Art","homepage-french","Toutes les actualit\u00e9s"],"inLanguage":"fr-FR","potentialAction":[{"@type":"CommentAction","name":"Comment","target":["https:\/\/www.africa-press.net\/cotedivoire\/culture-et-art\/shieldafrica-2021-de-la-linguistique-aux-armes-dassaut-pour-parer-aux-defis-securitaires-en-afrique-magazine#respond"]}]},{"@type":"WebPage","@id":"https:\/\/www.africa-press.net\/cotedivoire\/culture-et-art\/shieldafrica-2021-de-la-linguistique-aux-armes-dassaut-pour-parer-aux-defis-securitaires-en-afrique-magazine","url":"https:\/\/www.africa-press.net\/cotedivoire\/culture-et-art\/shieldafrica-2021-de-la-linguistique-aux-armes-dassaut-pour-parer-aux-defis-securitaires-en-afrique-magazine","name":"ShieldAfrica 2021: De la linguistique aux armes d\u2019assaut pour parer aux d\u00e9fis s\u00e9curitaires en Afrique (MAGAZINE) - C\u00f4te d&#039;Ivoire","isPartOf":{"@id":"https:\/\/www.africa-press.net\/cotedivoire\/#website"},"primaryImageOfPage":{"@id":"https:\/\/www.africa-press.net\/cotedivoire\/culture-et-art\/shieldafrica-2021-de-la-linguistique-aux-armes-dassaut-pour-parer-aux-defis-securitaires-en-afrique-magazine#primaryimage"},"image":{"@id":"https:\/\/www.africa-press.net\/cotedivoire\/culture-et-art\/shieldafrica-2021-de-la-linguistique-aux-armes-dassaut-pour-parer-aux-defis-securitaires-en-afrique-magazine#primaryimage"},"thumbnailUrl":"https:\/\/static.africa-press.net\/cote\/sites\/43\/2021\/06\/img-60c4c021b4ed0.jpg","datePublished":"2021-06-12T15:09:50+00:00","dateModified":"2021-06-12T18:14:51+00:00","author":{"@id":"https:\/\/www.africa-press.net\/cotedivoire\/#\/schema\/person\/2b1cf3cd81a31e3cd26889ca66d677f1"},"description":"\u00ab Le continent africain, c\u2019est comme en Europe, la s\u00e9curit\u00e9 passe par la communication \u00bb, explique Marc Lesueur, exposan ...","breadcrumb":{"@id":"https:\/\/www.africa-press.net\/cotedivoire\/culture-et-art\/shieldafrica-2021-de-la-linguistique-aux-armes-dassaut-pour-parer-aux-defis-securitaires-en-afrique-magazine#breadcrumb"},"inLanguage":"fr-FR","potentialAction":[{"@type":"ReadAction","target":["https:\/\/www.africa-press.net\/cotedivoire\/culture-et-art\/shieldafrica-2021-de-la-linguistique-aux-armes-dassaut-pour-parer-aux-defis-securitaires-en-afrique-magazine"]}]},{"@type":"ImageObject","inLanguage":"fr-FR","@id":"https:\/\/www.africa-press.net\/cotedivoire\/culture-et-art\/shieldafrica-2021-de-la-linguistique-aux-armes-dassaut-pour-parer-aux-defis-securitaires-en-afrique-magazine#primaryimage","url":"https:\/\/static.africa-press.net\/cote\/sites\/43\/2021\/06\/img-60c4c021b4ed0.jpg","contentUrl":"https:\/\/static.africa-press.net\/cote\/sites\/43\/2021\/06\/img-60c4c021b4ed0.jpg","width":1169,"height":552,"caption":"ShieldAfrica 2021: De la linguistique aux armes d\u2019assaut pour parer aux d\u00e9fis s\u00e9curitaires en Afrique (MAGAZINE)"},{"@type":"BreadcrumbList","@id":"https:\/\/www.africa-press.net\/cotedivoire\/culture-et-art\/shieldafrica-2021-de-la-linguistique-aux-armes-dassaut-pour-parer-aux-defis-securitaires-en-afrique-magazine#breadcrumb","itemListElement":[{"@type":"ListItem","position":1,"name":"Accueil","item":"https:\/\/www.africa-press.net\/cotedivoire\/"},{"@type":"ListItem","position":2,"name":"ShieldAfrica 2021: De la linguistique aux armes d\u2019assaut pour parer aux d\u00e9fis s\u00e9curitaires en Afrique (MAGAZINE)"}]},{"@type":"WebSite","@id":"https:\/\/www.africa-press.net\/cotedivoire\/#website","url":"https:\/\/www.africa-press.net\/cotedivoire\/","name":"C\u00f4te d&#039;Ivoire","description":"Just another Africa News Agency Sites site","potentialAction":[{"@type":"SearchAction","target":{"@type":"EntryPoint","urlTemplate":"https:\/\/www.africa-press.net\/cotedivoire\/?s={search_term_string}"},"query-input":{"@type":"PropertyValueSpecification","valueRequired":true,"valueName":"search_term_string"}}],"inLanguage":"fr-FR"},{"@type":"Person","@id":"https:\/\/www.africa-press.net\/cotedivoire\/#\/schema\/person\/2b1cf3cd81a31e3cd26889ca66d677f1","name":"cfeditorfr"}]}},"_links":{"self":[{"href":"https:\/\/www.africa-press.net\/cotedivoire\/wp-json\/wp\/v2\/posts\/8894","targetHints":{"allow":["GET"]}}],"collection":[{"href":"https:\/\/www.africa-press.net\/cotedivoire\/wp-json\/wp\/v2\/posts"}],"about":[{"href":"https:\/\/www.africa-press.net\/cotedivoire\/wp-json\/wp\/v2\/types\/post"}],"author":[{"embeddable":true,"href":"https:\/\/www.africa-press.net\/cotedivoire\/wp-json\/wp\/v2\/users\/82"}],"replies":[{"embeddable":true,"href":"https:\/\/www.africa-press.net\/cotedivoire\/wp-json\/wp\/v2\/comments?post=8894"}],"version-history":[{"count":0,"href":"https:\/\/www.africa-press.net\/cotedivoire\/wp-json\/wp\/v2\/posts\/8894\/revisions"}],"wp:featuredmedia":[{"embeddable":true,"href":"https:\/\/www.africa-press.net\/cotedivoire\/wp-json\/wp\/v2\/media\/8893"}],"wp:attachment":[{"href":"https:\/\/www.africa-press.net\/cotedivoire\/wp-json\/wp\/v2\/media?parent=8894"}],"wp:term":[{"taxonomy":"category","embeddable":true,"href":"https:\/\/www.africa-press.net\/cotedivoire\/wp-json\/wp\/v2\/categories?post=8894"},{"taxonomy":"post_tag","embeddable":true,"href":"https:\/\/www.africa-press.net\/cotedivoire\/wp-json\/wp\/v2\/tags?post=8894"}],"curies":[{"name":"wp","href":"https:\/\/api.w.org\/{rel}","templated":true}]}}