{"id":88964,"date":"2024-10-15T18:10:17","date_gmt":"2024-10-15T18:10:17","guid":{"rendered":"https:\/\/www.africa-press.net\/cotedivoire\/politique\/fenacci-farikou-soumahoro-dote-les-commercants-et-leurs-familles-dune-couverture-sociale-complete-a-travers-la-mise-sur-pied-dune-mutuelle"},"modified":"2024-10-15T18:15:59","modified_gmt":"2024-10-15T18:15:59","slug":"fenacci-farikou-soumahoro-dote-les-commercants-et-leurs-familles-dune-couverture-sociale-complete-a-travers-la-mise-sur-pied-dune-mutuelle","status":"publish","type":"post","link":"https:\/\/www.africa-press.net\/cotedivoire\/toutes-les-actualites\/fenacci-farikou-soumahoro-dote-les-commercants-et-leurs-familles-dune-couverture-sociale-complete-a-travers-la-mise-sur-pied-dune-mutuelle","title":{"rendered":"FENACCI, Farikou Soumahoro dote les commer\u00e7ants et leurs familles d&rsquo;une couverture sociale compl\u00e8te \u00e0 travers la mise sur pied d&rsquo;une mutuelle"},"content":{"rendered":"<p><span style=\"color: #ff6600\"><strong>Africa-Press &#8211; C\u00f4te d&rsquo;Ivoire. <\/strong><\/span>Le 14 octobre 2024 au Forum d&rsquo;Adjame\u0301, s&rsquo;est tenu un e\u0301ve\u0300nement qui vaut son pesant d&rsquo;or dans la vie des commerc\u0327ants de Co\u0302te d&rsquo;Ivoire. Il s&rsquo;agit du lancement officiel de l&rsquo;enro\u0302lement a\u0300 la Mutuelle des Commerc\u0327ants de Co\u0302te d&rsquo;Ivoire (MUCCI). Cette initiative, soutenue par Soumahoro Farikou, Pre\u0301sident du Conseil d&rsquo;Administration de la MUCCI, a pour objectif de fournir une couverture sociale comple\u0300te aux commerc\u0327ants et a\u0300 leurs familles, et de re\u0301pondre a\u0300 de nombreux de\u0301fis auxquels le secteur est confronte\u0301 depuis des de\u0301cennies.<\/p>\n<p>Depuis 11 ans, les commerc\u0327ants de Co\u0302te d&rsquo;Ivoire se battent pour obtenir un soutien institutionnel dans leur quotidien, notamment en matie\u0300re de sante\u0301, de retraite et de se\u0301curite\u0301. La cre\u0301ation de cette mutuelle est le fruit de cette lutte acharne\u0301e, porte\u0301e notamment par Soumahoro Farikou, qui a \u0153uvre\u0301 sans rela\u0302che pour de\u0301fendre les inte\u0301re\u0302ts de ce secteur vital pour l\u2019e\u0301conomie ivoirienne.<\/p>\n<p>\u00abLe secteur commercial repre\u0301sente environ 10% du PIB de la Co\u0302te d&rsquo;Ivoire et emploie pre\u0300s de trois millions de personnes a\u0300 travers le pays. Pourtant, malgre\u0301 leur importance, les commerc\u0327ants n&rsquo;ont jusqu\u2019ici be\u0301ne\u0301ficie\u0301 d&rsquo;aucune couverture sociale ni de soutien e\u0301tatique structurel. La cre\u0301ation de cette mutuelle vise a\u0300 corriger cette injustice et a\u0300 offrir une ve\u0301ritable se\u0301curite\u0301 aux commerc\u0327ants \u00bb, a pre\u0301cise\u0301, Lacine\u0301 Toure\u0301, Directeur ge\u0301ne\u0301ral de la MUCCI.<\/p>\n<p>Selon lui, les commerc\u0327ants qui s&rsquo;inscriront a\u0300 la mutuelle be\u0301ne\u0301ficieront de\u0300s le 1er janvier d&rsquo;une prise en charge comple\u0300te en matie\u0300re de sante\u0301. \u00abConcre\u0300tement, cela signifie que tous les frais me\u0301dicaux seront couverts, y compris les frais d\u2019hospitalisation et les consultations. De plus, la mutuelle prendra en charge la Cotisation a\u0300 la Caisse Nationale de Pre\u0301voyance Sociale (CNPS), alle\u0301geant ainsi les commerc\u0327ants d\u2019un cou\u0302t supple\u0301mentaire \u00bb, a mentionne\u0301, le DG.<\/p>\n<p>\u00abUn des aspects les plus significatifs de cette mutuelle est son aide en cas de sinistre, comme les incendies de marche\u0301s, un proble\u0300me re\u0301current qui a cou\u0302te\u0301 cher a\u0300 de nombreux commerc\u0327ants au fil des ans. Pour seulement 5 500 FCFA de cotisation, la mutuelle s&rsquo;engage a\u0300 rembourser jusqu\u2019a\u0300 5 millions de FCFA en cas de perte de stock dans un incendie. Cette mesure vise a\u0300 offrir une se\u0301curite\u0301 financie\u0300re aux commerc\u0327ants face a\u0300 ces e\u0301ve\u0301nements impre\u0301vus \u00bb, a-t-il souligne\u0301.<\/p>\n<p>\u00abOutre les avantages lie\u0301s a\u0300 la sante\u0301 et a\u0300 la se\u0301curite\u0301, la mutuelle propose e\u0301galement un syste\u0300me de retraite. En cotisant a\u0300 la MUCCI, chaque commerc\u0327ant pourra be\u0301ne\u0301ficier d\u2019une pension mensuelle de 250 000 FCFA jusqu\u2019a\u0300 la fin de sa vie. Cela constitue une avance\u0301e majeure pour une population qui, historiquement, n\u2019a pas eu acce\u0300s a\u0300 une pension de retraite digne de ce nom \u00bb, a poursuivi, Toure\u0301 Lacine\u0301.<\/p>\n<p>La mutuelle ne se contente pas de prote\u0301ger les commerc\u0327ants eux-me\u0302mes. \u00abElle s\u2019engage e\u0301galement a\u0300 soutenir leurs familles. En cas de de\u0301ce\u0300s, la mutuelle offrira un capital de\u0301ce\u0300s de 1,5 million de FCFA pour alle\u0301ger les charges des proches. De plus, elle prendra en charge l&rsquo;e\u0301ducation des enfants pendant cinq ans, jusqu\u2019a\u0300 l&rsquo;obtention de leur diplo\u0302me universitaire, offrant ainsi une ve\u0301ritable se\u0301curite\u0301 pour les ge\u0301ne\u0301rations futures \u00bb, a explique\u0301, le DG.<\/p>\n<p>Le PCA de la FENACCI et PCA de la MUCCI, Farikou Soumahoro a souligne\u0301 que cette mutuelle est une opportunite\u0301 historique pour les commerc\u0327ants. Selon lui, gra\u0302ce a\u0300 l&rsquo;engagement du Pre\u0301sident de la Re\u0301publique Alassane Ouattara, cette mutuelle est de\u0301sormais une re\u0301alite\u0301. Il a appele\u0301 les commerc\u0327ants a\u0300 adhe\u0301rer massivement a\u0300 cette initiative, qui vise a\u0300 transformer le secteur commercial ivoirien en une grande entreprise collective, capable de de\u0301fendre les droits et les inte\u0301re\u0302ts de ses membres.<\/p>\n<p>\u00abLa balle est maintenant dans le camp des commerc\u0327ants. En adhe\u0301rant a\u0300 cette mutuelle, chacun pourra be\u0301ne\u0301ficier d\u2019une couverture sociale comple\u0300te et d\u2019un soutien financier face aux ale\u0301as de la vie professionnelle. Ce programme ambitieux vise non seulement a\u0300 ame\u0301liorer les conditions de vie des commerc\u0327ants, mais e\u0301galement a\u0300 assurer leur dignite\u0301 et a\u0300 renforcer leur place dans l&rsquo;e\u0301conomie nationale \u00bb, a explique\u0301, le De\u0301pute\u0301 maire d&rsquo;Adjame\u0301, par ailleurs PCA de la MUCCI.<\/p>\n<p>Enfin, son v\u0153u est que cette Mutuelle soit la plus grande de l&rsquo;Afrique de l&rsquo;ouest.<\/p>\n<p>Le message est clair, la Mutuelle des Commerc\u0327ants de Co\u0302te d&rsquo;Ivoire est la\u0300 pour prote\u0301ger, accompagner et soutenir les commerc\u0327ants dans leur quotidien et dans leur avenir. Il est temps de s\u2019engager pour un avenir plus su\u0302r et plus stable, car les adhe\u0301rents be\u0301ne\u0301ficieront des prestations de la Mutuelle a\u0300 partir du premier janvier 2025.<\/p>\n<p><strong>Pour plus d&rsquo;informations et d&rsquo;analyses sur la C\u00f4te d&rsquo;Ivoire, suivez Africa-Press<\/strong><\/p>\n","protected":false},"excerpt":{"rendered":"<p>Africa-Press &#8211; C\u00f4te d&rsquo;Ivoire. Le 14 octobre 2024 au Forum d&rsquo;Adjame\u0301, s&rsquo;est tenu un e\u0301ve\u0300nement qui vaut son pesant d&rsquo;or dans la vie des commerc\u0327ants de Co\u0302te d&rsquo;Ivoire. Il s&rsquo;agit du lancement officiel de l&rsquo;enro\u0302lement a\u0300 la Mutuelle des Commerc\u0327ants de Co\u0302te d&rsquo;Ivoire (MUCCI). Cette initiative, soutenue par Soumahoro Farikou, Pre\u0301sident du Conseil d&rsquo;Administration de [&hellip;]<\/p>\n","protected":false},"author":82,"featured_media":88962,"comment_status":"open","ping_status":"closed","sticky":false,"template":"","format":"standard","meta":{"footnotes":""},"categories":[21,10],"tags":[1525,15198,29,15196,2700,664,15197,2586,532,2846],"class_list":["post-88964","post","type-post","status-publish","format-standard","has-post-thumbnail","hentry","category-communaute","category-toutes-les-actualites","tag-commercants","tag-complete","tag-cote-divoire","tag-familles-couverture","tag-farikou-soumahoro","tag-fenacci","tag-lacine-toure-directeur","tag-mutuelle","tag-pca","tag-sociale"],"yoast_head":"<!-- This site is optimized with the Yoast SEO Premium plugin v26.1 (Yoast SEO v27.0) - https:\/\/yoast.com\/product\/yoast-seo-premium-wordpress\/ -->\n<title>FENACCI, Farikou Soumahoro dote les commer\u00e7ants et leurs familles d&#039;une couverture sociale compl\u00e8te \u00e0 travers la mise sur pied d&#039;une mutuelle - C\u00f4te d&#039;Ivoire<\/title>\n<meta name=\"description\" content=\"Le 14 octobre 2024 au Forum d&#039;Adjame\u0301, s&#039;est tenu un e\u0301ve\u0300nement qui vaut son pesant d&#039;or dans la vie des commerc\u0327ants d ...\" \/>\n<meta name=\"robots\" content=\"index, follow, max-snippet:-1, max-image-preview:large, max-video-preview:-1\" \/>\n<link rel=\"canonical\" href=\"https:\/\/www.africa-press.net\/cotedivoire\/toutes-les-actualites\/fenacci-farikou-soumahoro-dote-les-commercants-et-leurs-familles-dune-couverture-sociale-complete-a-travers-la-mise-sur-pied-dune-mutuelle\" \/>\n<meta property=\"og:locale\" content=\"fr_FR\" \/>\n<meta property=\"og:type\" content=\"article\" \/>\n<meta property=\"og:title\" content=\"FENACCI, Farikou Soumahoro dote les commer\u00e7ants et leurs familles d&#039;une couverture sociale compl\u00e8te \u00e0 travers la mise sur pied d&#039;une mutuelle\" \/>\n<meta property=\"og:description\" content=\"Le 14 octobre 2024 au Forum d&#039;Adjame\u0301, s&#039;est tenu un e\u0301ve\u0300nement qui vaut son pesant d&#039;or dans la vie des commerc\u0327ants d ...\" \/>\n<meta property=\"og:url\" content=\"https:\/\/www.africa-press.net\/cotedivoire\/toutes-les-actualites\/fenacci-farikou-soumahoro-dote-les-commercants-et-leurs-familles-dune-couverture-sociale-complete-a-travers-la-mise-sur-pied-dune-mutuelle\" \/>\n<meta property=\"og:site_name\" content=\"C\u00f4te d&#039;Ivoire\" \/>\n<meta property=\"article:published_time\" content=\"2024-10-15T18:10:17+00:00\" \/>\n<meta property=\"article:modified_time\" content=\"2024-10-15T18:15:59+00:00\" \/>\n<meta property=\"og:image\" content=\"https:\/\/static.africa-press.net\/cote\/sites\/43\/2024\/10\/sm_1729003539.389769.jpg\" \/>\n\t<meta property=\"og:image:width\" content=\"720\" \/>\n\t<meta property=\"og:image:height\" content=\"480\" \/>\n\t<meta property=\"og:image:type\" content=\"image\/jpeg\" \/>\n<meta name=\"author\" content=\"cfeditorfr\" \/>\n<meta name=\"twitter:card\" content=\"summary_large_image\" \/>\n<meta name=\"twitter:label1\" content=\"\u00c9crit par\" \/>\n\t<meta name=\"twitter:data1\" content=\"cfeditorfr\" \/>\n\t<meta name=\"twitter:label2\" content=\"Dur\u00e9e de lecture estim\u00e9e\" \/>\n\t<meta name=\"twitter:data2\" content=\"4 minutes\" \/>\n<script type=\"application\/ld+json\" class=\"yoast-schema-graph\">{\"@context\":\"https:\/\/schema.org\",\"@graph\":[{\"@type\":\"Article\",\"@id\":\"https:\/\/www.africa-press.net\/cotedivoire\/toutes-les-actualites\/fenacci-farikou-soumahoro-dote-les-commercants-et-leurs-familles-dune-couverture-sociale-complete-a-travers-la-mise-sur-pied-dune-mutuelle#article\",\"isPartOf\":{\"@id\":\"https:\/\/www.africa-press.net\/cotedivoire\/toutes-les-actualites\/fenacci-farikou-soumahoro-dote-les-commercants-et-leurs-familles-dune-couverture-sociale-complete-a-travers-la-mise-sur-pied-dune-mutuelle\"},\"author\":{\"name\":\"cfeditorfr\",\"@id\":\"https:\/\/www.africa-press.net\/cotedivoire\/#\/schema\/person\/2b1cf3cd81a31e3cd26889ca66d677f1\"},\"headline\":\"FENACCI, Farikou Soumahoro dote les commer\u00e7ants et leurs familles d&rsquo;une couverture sociale compl\u00e8te \u00e0 travers la mise sur pied d&rsquo;une mutuelle\",\"datePublished\":\"2024-10-15T18:10:17+00:00\",\"dateModified\":\"2024-10-15T18:15:59+00:00\",\"mainEntityOfPage\":{\"@id\":\"https:\/\/www.africa-press.net\/cotedivoire\/toutes-les-actualites\/fenacci-farikou-soumahoro-dote-les-commercants-et-leurs-familles-dune-couverture-sociale-complete-a-travers-la-mise-sur-pied-dune-mutuelle\"},\"wordCount\":905,\"commentCount\":0,\"image\":{\"@id\":\"https:\/\/www.africa-press.net\/cotedivoire\/toutes-les-actualites\/fenacci-farikou-soumahoro-dote-les-commercants-et-leurs-familles-dune-couverture-sociale-complete-a-travers-la-mise-sur-pied-dune-mutuelle#primaryimage\"},\"thumbnailUrl\":\"https:\/\/static.africa-press.net\/cote\/sites\/43\/2024\/10\/sm_1729003539.389769.jpg\",\"keywords\":[\"commer\u00e7ants\",\"compl\u00e8te\",\"C\u00d4TE D'IVOIRE\",\"familles couverture\",\"Farikou Soumahoro\",\"FENACCI\",\"Lacin\u00e9 Tour\u00e9 directeur\",\"mutuelle\",\"PCA\",\"sociale\"],\"articleSection\":[\"Communaut\u00e9\",\"Toutes les actualit\u00e9s\"],\"inLanguage\":\"fr-FR\",\"potentialAction\":[{\"@type\":\"CommentAction\",\"name\":\"Comment\",\"target\":[\"https:\/\/www.africa-press.net\/cotedivoire\/toutes-les-actualites\/fenacci-farikou-soumahoro-dote-les-commercants-et-leurs-familles-dune-couverture-sociale-complete-a-travers-la-mise-sur-pied-dune-mutuelle#respond\"]}]},{\"@type\":\"WebPage\",\"@id\":\"https:\/\/www.africa-press.net\/cotedivoire\/toutes-les-actualites\/fenacci-farikou-soumahoro-dote-les-commercants-et-leurs-familles-dune-couverture-sociale-complete-a-travers-la-mise-sur-pied-dune-mutuelle\",\"url\":\"https:\/\/www.africa-press.net\/cotedivoire\/toutes-les-actualites\/fenacci-farikou-soumahoro-dote-les-commercants-et-leurs-familles-dune-couverture-sociale-complete-a-travers-la-mise-sur-pied-dune-mutuelle\",\"name\":\"FENACCI, Farikou Soumahoro dote les commer\u00e7ants et leurs familles d'une couverture sociale compl\u00e8te \u00e0 travers la mise sur pied d'une mutuelle - C\u00f4te d&#039;Ivoire\",\"isPartOf\":{\"@id\":\"https:\/\/www.africa-press.net\/cotedivoire\/#website\"},\"primaryImageOfPage\":{\"@id\":\"https:\/\/www.africa-press.net\/cotedivoire\/toutes-les-actualites\/fenacci-farikou-soumahoro-dote-les-commercants-et-leurs-familles-dune-couverture-sociale-complete-a-travers-la-mise-sur-pied-dune-mutuelle#primaryimage\"},\"image\":{\"@id\":\"https:\/\/www.africa-press.net\/cotedivoire\/toutes-les-actualites\/fenacci-farikou-soumahoro-dote-les-commercants-et-leurs-familles-dune-couverture-sociale-complete-a-travers-la-mise-sur-pied-dune-mutuelle#primaryimage\"},\"thumbnailUrl\":\"https:\/\/static.africa-press.net\/cote\/sites\/43\/2024\/10\/sm_1729003539.389769.jpg\",\"datePublished\":\"2024-10-15T18:10:17+00:00\",\"dateModified\":\"2024-10-15T18:15:59+00:00\",\"author\":{\"@id\":\"https:\/\/www.africa-press.net\/cotedivoire\/#\/schema\/person\/2b1cf3cd81a31e3cd26889ca66d677f1\"},\"description\":\"Le 14 octobre 2024 au Forum d'Adjame\u0301, s'est tenu un e\u0301ve\u0300nement qui vaut son pesant d'or dans la vie des commerc\u0327ants d ...\",\"breadcrumb\":{\"@id\":\"https:\/\/www.africa-press.net\/cotedivoire\/toutes-les-actualites\/fenacci-farikou-soumahoro-dote-les-commercants-et-leurs-familles-dune-couverture-sociale-complete-a-travers-la-mise-sur-pied-dune-mutuelle#breadcrumb\"},\"inLanguage\":\"fr-FR\",\"potentialAction\":[{\"@type\":\"ReadAction\",\"target\":[\"https:\/\/www.africa-press.net\/cotedivoire\/toutes-les-actualites\/fenacci-farikou-soumahoro-dote-les-commercants-et-leurs-familles-dune-couverture-sociale-complete-a-travers-la-mise-sur-pied-dune-mutuelle\"]}]},{\"@type\":\"ImageObject\",\"inLanguage\":\"fr-FR\",\"@id\":\"https:\/\/www.africa-press.net\/cotedivoire\/toutes-les-actualites\/fenacci-farikou-soumahoro-dote-les-commercants-et-leurs-familles-dune-couverture-sociale-complete-a-travers-la-mise-sur-pied-dune-mutuelle#primaryimage\",\"url\":\"https:\/\/static.africa-press.net\/cote\/sites\/43\/2024\/10\/sm_1729003539.389769.jpg\",\"contentUrl\":\"https:\/\/static.africa-press.net\/cote\/sites\/43\/2024\/10\/sm_1729003539.389769.jpg\",\"width\":720,\"height\":480,\"caption\":\"FENACCI, Farikou Soumahoro dote les commer\u00e7ants et leurs familles d'une couverture sociale compl\u00e8te \u00e0 travers la mise sur pied d'une mutuelle\"},{\"@type\":\"BreadcrumbList\",\"@id\":\"https:\/\/www.africa-press.net\/cotedivoire\/toutes-les-actualites\/fenacci-farikou-soumahoro-dote-les-commercants-et-leurs-familles-dune-couverture-sociale-complete-a-travers-la-mise-sur-pied-dune-mutuelle#breadcrumb\",\"itemListElement\":[{\"@type\":\"ListItem\",\"position\":1,\"name\":\"Accueil\",\"item\":\"https:\/\/www.africa-press.net\/cotedivoire\/\"},{\"@type\":\"ListItem\",\"position\":2,\"name\":\"FENACCI, Farikou Soumahoro dote les commer\u00e7ants et leurs familles d&#8217;une couverture sociale compl\u00e8te \u00e0 travers la mise sur pied d&#8217;une mutuelle\"}]},{\"@type\":\"WebSite\",\"@id\":\"https:\/\/www.africa-press.net\/cotedivoire\/#website\",\"url\":\"https:\/\/www.africa-press.net\/cotedivoire\/\",\"name\":\"C\u00f4te d&#039;Ivoire\",\"description\":\"Just another Africa News Agency Sites site\",\"potentialAction\":[{\"@type\":\"SearchAction\",\"target\":{\"@type\":\"EntryPoint\",\"urlTemplate\":\"https:\/\/www.africa-press.net\/cotedivoire\/?s={search_term_string}\"},\"query-input\":{\"@type\":\"PropertyValueSpecification\",\"valueRequired\":true,\"valueName\":\"search_term_string\"}}],\"inLanguage\":\"fr-FR\"},{\"@type\":\"Person\",\"@id\":\"https:\/\/www.africa-press.net\/cotedivoire\/#\/schema\/person\/2b1cf3cd81a31e3cd26889ca66d677f1\",\"name\":\"cfeditorfr\"}]}<\/script>\n<!-- \/ Yoast SEO Premium plugin. -->","yoast_head_json":{"title":"FENACCI, Farikou Soumahoro dote les commer\u00e7ants et leurs familles d'une couverture sociale compl\u00e8te \u00e0 travers la mise sur pied d'une mutuelle - C\u00f4te d&#039;Ivoire","description":"Le 14 octobre 2024 au Forum d'Adjame\u0301, s'est tenu un e\u0301ve\u0300nement qui vaut son pesant d'or dans la vie des commerc\u0327ants d ...","robots":{"index":"index","follow":"follow","max-snippet":"max-snippet:-1","max-image-preview":"max-image-preview:large","max-video-preview":"max-video-preview:-1"},"canonical":"https:\/\/www.africa-press.net\/cotedivoire\/toutes-les-actualites\/fenacci-farikou-soumahoro-dote-les-commercants-et-leurs-familles-dune-couverture-sociale-complete-a-travers-la-mise-sur-pied-dune-mutuelle","og_locale":"fr_FR","og_type":"article","og_title":"FENACCI, Farikou Soumahoro dote les commer\u00e7ants et leurs familles d'une couverture sociale compl\u00e8te \u00e0 travers la mise sur pied d'une mutuelle","og_description":"Le 14 octobre 2024 au Forum d'Adjame\u0301, s'est tenu un e\u0301ve\u0300nement qui vaut son pesant d'or dans la vie des commerc\u0327ants d ...","og_url":"https:\/\/www.africa-press.net\/cotedivoire\/toutes-les-actualites\/fenacci-farikou-soumahoro-dote-les-commercants-et-leurs-familles-dune-couverture-sociale-complete-a-travers-la-mise-sur-pied-dune-mutuelle","og_site_name":"C\u00f4te d&#039;Ivoire","article_published_time":"2024-10-15T18:10:17+00:00","article_modified_time":"2024-10-15T18:15:59+00:00","og_image":[{"width":720,"height":480,"url":"https:\/\/static.africa-press.net\/cote\/sites\/43\/2024\/10\/sm_1729003539.389769.jpg","type":"image\/jpeg"}],"author":"cfeditorfr","twitter_card":"summary_large_image","twitter_misc":{"\u00c9crit par":"cfeditorfr","Dur\u00e9e de lecture estim\u00e9e":"4 minutes"},"schema":{"@context":"https:\/\/schema.org","@graph":[{"@type":"Article","@id":"https:\/\/www.africa-press.net\/cotedivoire\/toutes-les-actualites\/fenacci-farikou-soumahoro-dote-les-commercants-et-leurs-familles-dune-couverture-sociale-complete-a-travers-la-mise-sur-pied-dune-mutuelle#article","isPartOf":{"@id":"https:\/\/www.africa-press.net\/cotedivoire\/toutes-les-actualites\/fenacci-farikou-soumahoro-dote-les-commercants-et-leurs-familles-dune-couverture-sociale-complete-a-travers-la-mise-sur-pied-dune-mutuelle"},"author":{"name":"cfeditorfr","@id":"https:\/\/www.africa-press.net\/cotedivoire\/#\/schema\/person\/2b1cf3cd81a31e3cd26889ca66d677f1"},"headline":"FENACCI, Farikou Soumahoro dote les commer\u00e7ants et leurs familles d&rsquo;une couverture sociale compl\u00e8te \u00e0 travers la mise sur pied d&rsquo;une mutuelle","datePublished":"2024-10-15T18:10:17+00:00","dateModified":"2024-10-15T18:15:59+00:00","mainEntityOfPage":{"@id":"https:\/\/www.africa-press.net\/cotedivoire\/toutes-les-actualites\/fenacci-farikou-soumahoro-dote-les-commercants-et-leurs-familles-dune-couverture-sociale-complete-a-travers-la-mise-sur-pied-dune-mutuelle"},"wordCount":905,"commentCount":0,"image":{"@id":"https:\/\/www.africa-press.net\/cotedivoire\/toutes-les-actualites\/fenacci-farikou-soumahoro-dote-les-commercants-et-leurs-familles-dune-couverture-sociale-complete-a-travers-la-mise-sur-pied-dune-mutuelle#primaryimage"},"thumbnailUrl":"https:\/\/static.africa-press.net\/cote\/sites\/43\/2024\/10\/sm_1729003539.389769.jpg","keywords":["commer\u00e7ants","compl\u00e8te","C\u00d4TE D'IVOIRE","familles couverture","Farikou Soumahoro","FENACCI","Lacin\u00e9 Tour\u00e9 directeur","mutuelle","PCA","sociale"],"articleSection":["Communaut\u00e9","Toutes les actualit\u00e9s"],"inLanguage":"fr-FR","potentialAction":[{"@type":"CommentAction","name":"Comment","target":["https:\/\/www.africa-press.net\/cotedivoire\/toutes-les-actualites\/fenacci-farikou-soumahoro-dote-les-commercants-et-leurs-familles-dune-couverture-sociale-complete-a-travers-la-mise-sur-pied-dune-mutuelle#respond"]}]},{"@type":"WebPage","@id":"https:\/\/www.africa-press.net\/cotedivoire\/toutes-les-actualites\/fenacci-farikou-soumahoro-dote-les-commercants-et-leurs-familles-dune-couverture-sociale-complete-a-travers-la-mise-sur-pied-dune-mutuelle","url":"https:\/\/www.africa-press.net\/cotedivoire\/toutes-les-actualites\/fenacci-farikou-soumahoro-dote-les-commercants-et-leurs-familles-dune-couverture-sociale-complete-a-travers-la-mise-sur-pied-dune-mutuelle","name":"FENACCI, Farikou Soumahoro dote les commer\u00e7ants et leurs familles d'une couverture sociale compl\u00e8te \u00e0 travers la mise sur pied d'une mutuelle - C\u00f4te d&#039;Ivoire","isPartOf":{"@id":"https:\/\/www.africa-press.net\/cotedivoire\/#website"},"primaryImageOfPage":{"@id":"https:\/\/www.africa-press.net\/cotedivoire\/toutes-les-actualites\/fenacci-farikou-soumahoro-dote-les-commercants-et-leurs-familles-dune-couverture-sociale-complete-a-travers-la-mise-sur-pied-dune-mutuelle#primaryimage"},"image":{"@id":"https:\/\/www.africa-press.net\/cotedivoire\/toutes-les-actualites\/fenacci-farikou-soumahoro-dote-les-commercants-et-leurs-familles-dune-couverture-sociale-complete-a-travers-la-mise-sur-pied-dune-mutuelle#primaryimage"},"thumbnailUrl":"https:\/\/static.africa-press.net\/cote\/sites\/43\/2024\/10\/sm_1729003539.389769.jpg","datePublished":"2024-10-15T18:10:17+00:00","dateModified":"2024-10-15T18:15:59+00:00","author":{"@id":"https:\/\/www.africa-press.net\/cotedivoire\/#\/schema\/person\/2b1cf3cd81a31e3cd26889ca66d677f1"},"description":"Le 14 octobre 2024 au Forum d'Adjame\u0301, s'est tenu un e\u0301ve\u0300nement qui vaut son pesant d'or dans la vie des commerc\u0327ants d ...","breadcrumb":{"@id":"https:\/\/www.africa-press.net\/cotedivoire\/toutes-les-actualites\/fenacci-farikou-soumahoro-dote-les-commercants-et-leurs-familles-dune-couverture-sociale-complete-a-travers-la-mise-sur-pied-dune-mutuelle#breadcrumb"},"inLanguage":"fr-FR","potentialAction":[{"@type":"ReadAction","target":["https:\/\/www.africa-press.net\/cotedivoire\/toutes-les-actualites\/fenacci-farikou-soumahoro-dote-les-commercants-et-leurs-familles-dune-couverture-sociale-complete-a-travers-la-mise-sur-pied-dune-mutuelle"]}]},{"@type":"ImageObject","inLanguage":"fr-FR","@id":"https:\/\/www.africa-press.net\/cotedivoire\/toutes-les-actualites\/fenacci-farikou-soumahoro-dote-les-commercants-et-leurs-familles-dune-couverture-sociale-complete-a-travers-la-mise-sur-pied-dune-mutuelle#primaryimage","url":"https:\/\/static.africa-press.net\/cote\/sites\/43\/2024\/10\/sm_1729003539.389769.jpg","contentUrl":"https:\/\/static.africa-press.net\/cote\/sites\/43\/2024\/10\/sm_1729003539.389769.jpg","width":720,"height":480,"caption":"FENACCI, Farikou Soumahoro dote les commer\u00e7ants et leurs familles d'une couverture sociale compl\u00e8te \u00e0 travers la mise sur pied d'une mutuelle"},{"@type":"BreadcrumbList","@id":"https:\/\/www.africa-press.net\/cotedivoire\/toutes-les-actualites\/fenacci-farikou-soumahoro-dote-les-commercants-et-leurs-familles-dune-couverture-sociale-complete-a-travers-la-mise-sur-pied-dune-mutuelle#breadcrumb","itemListElement":[{"@type":"ListItem","position":1,"name":"Accueil","item":"https:\/\/www.africa-press.net\/cotedivoire\/"},{"@type":"ListItem","position":2,"name":"FENACCI, Farikou Soumahoro dote les commer\u00e7ants et leurs familles d&#8217;une couverture sociale compl\u00e8te \u00e0 travers la mise sur pied d&#8217;une mutuelle"}]},{"@type":"WebSite","@id":"https:\/\/www.africa-press.net\/cotedivoire\/#website","url":"https:\/\/www.africa-press.net\/cotedivoire\/","name":"C\u00f4te d&#039;Ivoire","description":"Just another Africa News Agency Sites site","potentialAction":[{"@type":"SearchAction","target":{"@type":"EntryPoint","urlTemplate":"https:\/\/www.africa-press.net\/cotedivoire\/?s={search_term_string}"},"query-input":{"@type":"PropertyValueSpecification","valueRequired":true,"valueName":"search_term_string"}}],"inLanguage":"fr-FR"},{"@type":"Person","@id":"https:\/\/www.africa-press.net\/cotedivoire\/#\/schema\/person\/2b1cf3cd81a31e3cd26889ca66d677f1","name":"cfeditorfr"}]}},"_links":{"self":[{"href":"https:\/\/www.africa-press.net\/cotedivoire\/wp-json\/wp\/v2\/posts\/88964","targetHints":{"allow":["GET"]}}],"collection":[{"href":"https:\/\/www.africa-press.net\/cotedivoire\/wp-json\/wp\/v2\/posts"}],"about":[{"href":"https:\/\/www.africa-press.net\/cotedivoire\/wp-json\/wp\/v2\/types\/post"}],"author":[{"embeddable":true,"href":"https:\/\/www.africa-press.net\/cotedivoire\/wp-json\/wp\/v2\/users\/82"}],"replies":[{"embeddable":true,"href":"https:\/\/www.africa-press.net\/cotedivoire\/wp-json\/wp\/v2\/comments?post=88964"}],"version-history":[{"count":0,"href":"https:\/\/www.africa-press.net\/cotedivoire\/wp-json\/wp\/v2\/posts\/88964\/revisions"}],"wp:featuredmedia":[{"embeddable":true,"href":"https:\/\/www.africa-press.net\/cotedivoire\/wp-json\/wp\/v2\/media\/88962"}],"wp:attachment":[{"href":"https:\/\/www.africa-press.net\/cotedivoire\/wp-json\/wp\/v2\/media?parent=88964"}],"wp:term":[{"taxonomy":"category","embeddable":true,"href":"https:\/\/www.africa-press.net\/cotedivoire\/wp-json\/wp\/v2\/categories?post=88964"},{"taxonomy":"post_tag","embeddable":true,"href":"https:\/\/www.africa-press.net\/cotedivoire\/wp-json\/wp\/v2\/tags?post=88964"}],"curies":[{"name":"wp","href":"https:\/\/api.w.org\/{rel}","templated":true}]}}