{"id":8903,"date":"2021-06-12T15:34:39","date_gmt":"2021-06-12T15:34:39","guid":{"rendered":"https:\/\/www.africa-press.net\/cotedivoire\/?p=8903"},"modified":"2021-06-12T18:15:35","modified_gmt":"2021-06-12T18:15:35","slug":"appel-a-la-xenophobie-des-osc-burkinabe-ecrivent-a-lambassadeur-de-la-cote-divoire-au-burkina","status":"publish","type":"post","link":"https:\/\/www.africa-press.net\/cotedivoire\/politique\/appel-a-la-xenophobie-des-osc-burkinabe-ecrivent-a-lambassadeur-de-la-cote-divoire-au-burkina","title":{"rendered":"Appel \u00e0 la X\u00e9nophobie : Des OSC burkinab\u00e8 \u00e9crivent \u00e0 l\u2019ambassadeur de la C\u00f4te d\u2019Ivoire au Burkina"},"content":{"rendered":"<p><span style=\"color: #ff6600\"><strong><a href=\"https:\/\/www.africa-press.net\/\">Africa-Press<\/a> &#8211; <a href=\"https:\/\/www.africa-press.net\/cotedivoire\">C\u00f4te d&rsquo;Ivoire<\/a>. <\/strong><\/span><b>Ceci est une lettre adress\u00e9e \u00e0 l\u2019ambassadeur de la C\u00f4te d\u2019Ivoire au Burkina, Kapi\u00e9l\u00e9tien Soro. Elle est l\u2019\u0153uvre de la Convergence citoyenne et panafricaine (CCP) et Alliance pour la d\u00e9fense de la patrie (ADP). A travers cet \u00e9crit, elles expriment leurs \u00ab inqui\u00e9tudes \u00bb au sujet de ce qu\u2019elles appellent une \u2018\u2019chasse \u00e0 l\u2019homme\u2019\u2019 \u00ab contre la communaut\u00e9 burkinab\u00e8 \u00e9tablie en C\u00f4te d\u2019Ivoire. \u00bb<\/b><\/p>\n<p>Nous venons par la pr\u00e9sente vous faire part de nos inqui\u00e9tudes suite \u00e0 la publication sur les r\u00e9seaux sociaux de vid\u00e9os appelant les populations ivoiriennes \u00e0 une \u00ab chasse \u00e0 l\u2019homme \u00bb contre la communaut\u00e9 burkinab\u00e8 \u00e9tablie en C\u00f4te d\u2019Ivoire. En effet, ces vid\u00e9os seraient l\u2019\u0153uvre d\u2019activistes ivoiriens r\u00e9sidents \u00e0 l\u2019ext\u00e9rieur de la C\u00f4te d\u2019Ivoire qui, sur la base de propos pr\u00e9con\u00e7us et mensongers, distillent la haine via les r\u00e9seaux sociaux contre la communaut\u00e9 burkinab\u00e8.<\/p>\n<p>Notre inqui\u00e9tude est d\u2019autant plus grande qu\u2019il y a juste quelques jours sur la base d\u2019un simple fake news, il a \u00e9t\u00e9 donn\u00e9 \u00e0 voir une forte violence d\u00e9ploy\u00e9e par une cat\u00e9gorie d\u2019Ivoiriens \u00e0 l\u2019encontre de la communaut\u00e9 nig\u00e9rienne dans plusieurs quartiers d\u2019Abidjan et des localit\u00e9s en C\u00f4te d\u2019Ivoire. Malheureusement, cette situation a engendr\u00e9 un d\u00e9c\u00e8s de nationalit\u00e9 nig\u00e9rienne, plus d\u2019une vingtaine de bless\u00e9s et de nombreux d\u00e9g\u00e2ts mat\u00e9riels.<\/p>\n<p>Fort heureusement la prompte et vigoureuse r\u00e9action de l\u2019autorit\u00e9 en C\u00f4te d\u2019Ivoire aura permis de stopper cette folie meurtri\u00e8re avec en cl\u00e9 plusieurs arrestations et une condamnation d\u00e9j\u00e0 prononc\u00e9e par la justice.<\/p>\n<p>C\u2019est pour nous l\u2019occasion de saluer la fraternit\u00e9 l\u00e9gendaire entre le Burkina Faso et la C\u00f4te d\u2019Ivoire mat\u00e9rialis\u00e9e par un trait\u00e9 d\u2019amiti\u00e9 et de coop\u00e9ration (TAC) sous la conduite actuelle des pr\u00e9sidents Roch Marc Christian Kabor\u00e9 et Alassane Dramane Ouattara.<\/p>\n<p>Aussi, nous souhaitons que les auteurs desdites vid\u00e9os soient rappel\u00e9s \u00e0 l\u2019ordre par l\u2019autorit\u00e9 et la justice ivoirienne afin de tuer dans l\u2019\u0153uf toutes les vell\u00e9it\u00e9s d\u2019entrave \u00e0 notre marche commune et notre vivre-ensemble.<\/p>\n<p>La convergence citoyenne et panafricaine (CCP) et l\u2019alliance pour la d\u00e9fense de la patrie (ADP) sont deux (2) organisations de la soci\u00e9t\u00e9 civile burkinab\u00e8 engag\u00e9es dans la d\u00e9fense des droits humains. Tout en vous souhaitant bonne r\u00e9ception, veuillez agr\u00e9er S.E.M l\u2019ambassadeur, l\u2019expression de notre haute consid\u00e9ration.<\/p>\n<p><b>\u00a0<\/b><\/p>\n","protected":false},"excerpt":{"rendered":"<p>Africa-Press &#8211; C\u00f4te d&rsquo;Ivoire. Ceci est une lettre adress\u00e9e \u00e0 l\u2019ambassadeur de la C\u00f4te d\u2019Ivoire au Burkina, Kapi\u00e9l\u00e9tien Soro. Elle est l\u2019\u0153uvre de la Convergence citoyenne et panafricaine (CCP) et Alliance pour la d\u00e9fense de la patrie (ADP). A travers cet \u00e9crit, elles expriment leurs \u00ab inqui\u00e9tudes \u00bb au sujet de ce qu\u2019elles appellent une [&hellip;]<\/p>\n","protected":false},"author":82,"featured_media":8902,"comment_status":"open","ping_status":"closed","sticky":false,"template":"","format":"standard","meta":{"footnotes":""},"categories":[11,2,10],"tags":[56,63,29],"class_list":["post-8903","post","type-post","status-publish","format-standard","has-post-thumbnail","hentry","category-homepage-french","category-politique","category-toutes-les-actualites","tag-africa-press","tag-africa-press-cote-divoire","tag-cote-divoire"],"yoast_head":"<!-- This site is optimized with the Yoast SEO Premium plugin v26.1 (Yoast SEO v27.0) - https:\/\/yoast.com\/product\/yoast-seo-premium-wordpress\/ -->\n<title>Appel \u00e0 la X\u00e9nophobie : Des OSC burkinab\u00e8 \u00e9crivent \u00e0 l\u2019ambassadeur de la C\u00f4te d\u2019Ivoire au Burkina - C\u00f4te d&#039;Ivoire<\/title>\n<meta name=\"description\" content=\"Ceci est une lettre adress\u00e9e \u00e0 l\u2019ambassadeur de la C\u00f4te d\u2019Ivoire au Burkina, Kapi\u00e9l\u00e9tien Soro. Elle est l\u2019\u0153uvre de la ...\" \/>\n<meta name=\"robots\" content=\"index, follow, max-snippet:-1, max-image-preview:large, max-video-preview:-1\" \/>\n<link rel=\"canonical\" href=\"https:\/\/www.africa-press.net\/cotedivoire\/politique\/appel-a-la-xenophobie-des-osc-burkinabe-ecrivent-a-lambassadeur-de-la-cote-divoire-au-burkina\" \/>\n<meta property=\"og:locale\" content=\"fr_FR\" \/>\n<meta property=\"og:type\" content=\"article\" \/>\n<meta property=\"og:title\" content=\"Appel \u00e0 la X\u00e9nophobie : Des OSC burkinab\u00e8 \u00e9crivent \u00e0 l\u2019ambassadeur de la C\u00f4te d\u2019Ivoire au Burkina\" \/>\n<meta property=\"og:description\" content=\"Ceci est une lettre adress\u00e9e \u00e0 l\u2019ambassadeur de la C\u00f4te d\u2019Ivoire au Burkina, Kapi\u00e9l\u00e9tien Soro. Elle est l\u2019\u0153uvre de la ...\" \/>\n<meta property=\"og:url\" content=\"https:\/\/www.africa-press.net\/cotedivoire\/politique\/appel-a-la-xenophobie-des-osc-burkinabe-ecrivent-a-lambassadeur-de-la-cote-divoire-au-burkina\" \/>\n<meta property=\"og:site_name\" content=\"C\u00f4te d&#039;Ivoire\" \/>\n<meta property=\"article:published_time\" content=\"2021-06-12T15:34:39+00:00\" \/>\n<meta property=\"article:modified_time\" content=\"2021-06-12T18:15:35+00:00\" \/>\n<meta property=\"og:image\" content=\"https:\/\/static.africa-press.net\/cote\/sites\/43\/2021\/06\/img-60c4c1810c881.jpg\" \/>\n\t<meta property=\"og:image:width\" content=\"720\" \/>\n\t<meta property=\"og:image:height\" content=\"379\" \/>\n\t<meta property=\"og:image:type\" content=\"image\/jpeg\" \/>\n<meta name=\"author\" content=\"cfeditorfr\" \/>\n<meta name=\"twitter:card\" content=\"summary_large_image\" \/>\n<meta name=\"twitter:label1\" content=\"\u00c9crit par\" \/>\n\t<meta name=\"twitter:data1\" content=\"cfeditorfr\" \/>\n\t<meta name=\"twitter:label2\" content=\"Dur\u00e9e de lecture estim\u00e9e\" \/>\n\t<meta name=\"twitter:data2\" content=\"2 minutes\" \/>\n<script type=\"application\/ld+json\" class=\"yoast-schema-graph\">{\"@context\":\"https:\/\/schema.org\",\"@graph\":[{\"@type\":\"Article\",\"@id\":\"https:\/\/www.africa-press.net\/cotedivoire\/politique\/appel-a-la-xenophobie-des-osc-burkinabe-ecrivent-a-lambassadeur-de-la-cote-divoire-au-burkina#article\",\"isPartOf\":{\"@id\":\"https:\/\/www.africa-press.net\/cotedivoire\/politique\/appel-a-la-xenophobie-des-osc-burkinabe-ecrivent-a-lambassadeur-de-la-cote-divoire-au-burkina\"},\"author\":{\"name\":\"cfeditorfr\",\"@id\":\"https:\/\/www.africa-press.net\/cotedivoire\/#\/schema\/person\/2b1cf3cd81a31e3cd26889ca66d677f1\"},\"headline\":\"Appel \u00e0 la X\u00e9nophobie : Des OSC burkinab\u00e8 \u00e9crivent \u00e0 l\u2019ambassadeur de la C\u00f4te d\u2019Ivoire au Burkina\",\"datePublished\":\"2021-06-12T15:34:39+00:00\",\"dateModified\":\"2021-06-12T18:15:35+00:00\",\"mainEntityOfPage\":{\"@id\":\"https:\/\/www.africa-press.net\/cotedivoire\/politique\/appel-a-la-xenophobie-des-osc-burkinabe-ecrivent-a-lambassadeur-de-la-cote-divoire-au-burkina\"},\"wordCount\":457,\"commentCount\":0,\"image\":{\"@id\":\"https:\/\/www.africa-press.net\/cotedivoire\/politique\/appel-a-la-xenophobie-des-osc-burkinabe-ecrivent-a-lambassadeur-de-la-cote-divoire-au-burkina#primaryimage\"},\"thumbnailUrl\":\"https:\/\/static.africa-press.net\/cote\/sites\/43\/2021\/06\/img-60c4c1810c881.jpg\",\"keywords\":[\"Africa Press\",\"Africa Press-C\u00f4te d'Ivoire\",\"C\u00d4TE D'IVOIRE\"],\"articleSection\":[\"homepage-french\",\"Politique\",\"Toutes les actualit\u00e9s\"],\"inLanguage\":\"fr-FR\",\"potentialAction\":[{\"@type\":\"CommentAction\",\"name\":\"Comment\",\"target\":[\"https:\/\/www.africa-press.net\/cotedivoire\/politique\/appel-a-la-xenophobie-des-osc-burkinabe-ecrivent-a-lambassadeur-de-la-cote-divoire-au-burkina#respond\"]}]},{\"@type\":\"WebPage\",\"@id\":\"https:\/\/www.africa-press.net\/cotedivoire\/politique\/appel-a-la-xenophobie-des-osc-burkinabe-ecrivent-a-lambassadeur-de-la-cote-divoire-au-burkina\",\"url\":\"https:\/\/www.africa-press.net\/cotedivoire\/politique\/appel-a-la-xenophobie-des-osc-burkinabe-ecrivent-a-lambassadeur-de-la-cote-divoire-au-burkina\",\"name\":\"Appel \u00e0 la X\u00e9nophobie : Des OSC burkinab\u00e8 \u00e9crivent \u00e0 l\u2019ambassadeur de la C\u00f4te d\u2019Ivoire au Burkina - C\u00f4te d&#039;Ivoire\",\"isPartOf\":{\"@id\":\"https:\/\/www.africa-press.net\/cotedivoire\/#website\"},\"primaryImageOfPage\":{\"@id\":\"https:\/\/www.africa-press.net\/cotedivoire\/politique\/appel-a-la-xenophobie-des-osc-burkinabe-ecrivent-a-lambassadeur-de-la-cote-divoire-au-burkina#primaryimage\"},\"image\":{\"@id\":\"https:\/\/www.africa-press.net\/cotedivoire\/politique\/appel-a-la-xenophobie-des-osc-burkinabe-ecrivent-a-lambassadeur-de-la-cote-divoire-au-burkina#primaryimage\"},\"thumbnailUrl\":\"https:\/\/static.africa-press.net\/cote\/sites\/43\/2021\/06\/img-60c4c1810c881.jpg\",\"datePublished\":\"2021-06-12T15:34:39+00:00\",\"dateModified\":\"2021-06-12T18:15:35+00:00\",\"author\":{\"@id\":\"https:\/\/www.africa-press.net\/cotedivoire\/#\/schema\/person\/2b1cf3cd81a31e3cd26889ca66d677f1\"},\"description\":\"Ceci est une lettre adress\u00e9e \u00e0 l\u2019ambassadeur de la C\u00f4te d\u2019Ivoire au Burkina, Kapi\u00e9l\u00e9tien Soro. Elle est l\u2019\u0153uvre de la ...\",\"breadcrumb\":{\"@id\":\"https:\/\/www.africa-press.net\/cotedivoire\/politique\/appel-a-la-xenophobie-des-osc-burkinabe-ecrivent-a-lambassadeur-de-la-cote-divoire-au-burkina#breadcrumb\"},\"inLanguage\":\"fr-FR\",\"potentialAction\":[{\"@type\":\"ReadAction\",\"target\":[\"https:\/\/www.africa-press.net\/cotedivoire\/politique\/appel-a-la-xenophobie-des-osc-burkinabe-ecrivent-a-lambassadeur-de-la-cote-divoire-au-burkina\"]}]},{\"@type\":\"ImageObject\",\"inLanguage\":\"fr-FR\",\"@id\":\"https:\/\/www.africa-press.net\/cotedivoire\/politique\/appel-a-la-xenophobie-des-osc-burkinabe-ecrivent-a-lambassadeur-de-la-cote-divoire-au-burkina#primaryimage\",\"url\":\"https:\/\/static.africa-press.net\/cote\/sites\/43\/2021\/06\/img-60c4c1810c881.jpg\",\"contentUrl\":\"https:\/\/static.africa-press.net\/cote\/sites\/43\/2021\/06\/img-60c4c1810c881.jpg\",\"width\":720,\"height\":379,\"caption\":\"Appel \u00e0 la X\u00e9nophobie : Des OSC burkinab\u00e8 \u00e9crivent \u00e0 l\u2019ambassadeur de la C\u00f4te d\u2019Ivoire au Burkina\"},{\"@type\":\"BreadcrumbList\",\"@id\":\"https:\/\/www.africa-press.net\/cotedivoire\/politique\/appel-a-la-xenophobie-des-osc-burkinabe-ecrivent-a-lambassadeur-de-la-cote-divoire-au-burkina#breadcrumb\",\"itemListElement\":[{\"@type\":\"ListItem\",\"position\":1,\"name\":\"Accueil\",\"item\":\"https:\/\/www.africa-press.net\/cotedivoire\/\"},{\"@type\":\"ListItem\",\"position\":2,\"name\":\"Appel \u00e0 la X\u00e9nophobie : Des OSC burkinab\u00e8 \u00e9crivent \u00e0 l\u2019ambassadeur de la C\u00f4te d\u2019Ivoire au Burkina\"}]},{\"@type\":\"WebSite\",\"@id\":\"https:\/\/www.africa-press.net\/cotedivoire\/#website\",\"url\":\"https:\/\/www.africa-press.net\/cotedivoire\/\",\"name\":\"C\u00f4te d&#039;Ivoire\",\"description\":\"Just another Africa News Agency Sites site\",\"potentialAction\":[{\"@type\":\"SearchAction\",\"target\":{\"@type\":\"EntryPoint\",\"urlTemplate\":\"https:\/\/www.africa-press.net\/cotedivoire\/?s={search_term_string}\"},\"query-input\":{\"@type\":\"PropertyValueSpecification\",\"valueRequired\":true,\"valueName\":\"search_term_string\"}}],\"inLanguage\":\"fr-FR\"},{\"@type\":\"Person\",\"@id\":\"https:\/\/www.africa-press.net\/cotedivoire\/#\/schema\/person\/2b1cf3cd81a31e3cd26889ca66d677f1\",\"name\":\"cfeditorfr\"}]}<\/script>\n<!-- \/ Yoast SEO Premium plugin. -->","yoast_head_json":{"title":"Appel \u00e0 la X\u00e9nophobie : Des OSC burkinab\u00e8 \u00e9crivent \u00e0 l\u2019ambassadeur de la C\u00f4te d\u2019Ivoire au Burkina - C\u00f4te d&#039;Ivoire","description":"Ceci est une lettre adress\u00e9e \u00e0 l\u2019ambassadeur de la C\u00f4te d\u2019Ivoire au Burkina, Kapi\u00e9l\u00e9tien Soro. Elle est l\u2019\u0153uvre de la ...","robots":{"index":"index","follow":"follow","max-snippet":"max-snippet:-1","max-image-preview":"max-image-preview:large","max-video-preview":"max-video-preview:-1"},"canonical":"https:\/\/www.africa-press.net\/cotedivoire\/politique\/appel-a-la-xenophobie-des-osc-burkinabe-ecrivent-a-lambassadeur-de-la-cote-divoire-au-burkina","og_locale":"fr_FR","og_type":"article","og_title":"Appel \u00e0 la X\u00e9nophobie : Des OSC burkinab\u00e8 \u00e9crivent \u00e0 l\u2019ambassadeur de la C\u00f4te d\u2019Ivoire au Burkina","og_description":"Ceci est une lettre adress\u00e9e \u00e0 l\u2019ambassadeur de la C\u00f4te d\u2019Ivoire au Burkina, Kapi\u00e9l\u00e9tien Soro. Elle est l\u2019\u0153uvre de la ...","og_url":"https:\/\/www.africa-press.net\/cotedivoire\/politique\/appel-a-la-xenophobie-des-osc-burkinabe-ecrivent-a-lambassadeur-de-la-cote-divoire-au-burkina","og_site_name":"C\u00f4te d&#039;Ivoire","article_published_time":"2021-06-12T15:34:39+00:00","article_modified_time":"2021-06-12T18:15:35+00:00","og_image":[{"width":720,"height":379,"url":"https:\/\/static.africa-press.net\/cote\/sites\/43\/2021\/06\/img-60c4c1810c881.jpg","type":"image\/jpeg"}],"author":"cfeditorfr","twitter_card":"summary_large_image","twitter_misc":{"\u00c9crit par":"cfeditorfr","Dur\u00e9e de lecture estim\u00e9e":"2 minutes"},"schema":{"@context":"https:\/\/schema.org","@graph":[{"@type":"Article","@id":"https:\/\/www.africa-press.net\/cotedivoire\/politique\/appel-a-la-xenophobie-des-osc-burkinabe-ecrivent-a-lambassadeur-de-la-cote-divoire-au-burkina#article","isPartOf":{"@id":"https:\/\/www.africa-press.net\/cotedivoire\/politique\/appel-a-la-xenophobie-des-osc-burkinabe-ecrivent-a-lambassadeur-de-la-cote-divoire-au-burkina"},"author":{"name":"cfeditorfr","@id":"https:\/\/www.africa-press.net\/cotedivoire\/#\/schema\/person\/2b1cf3cd81a31e3cd26889ca66d677f1"},"headline":"Appel \u00e0 la X\u00e9nophobie : Des OSC burkinab\u00e8 \u00e9crivent \u00e0 l\u2019ambassadeur de la C\u00f4te d\u2019Ivoire au Burkina","datePublished":"2021-06-12T15:34:39+00:00","dateModified":"2021-06-12T18:15:35+00:00","mainEntityOfPage":{"@id":"https:\/\/www.africa-press.net\/cotedivoire\/politique\/appel-a-la-xenophobie-des-osc-burkinabe-ecrivent-a-lambassadeur-de-la-cote-divoire-au-burkina"},"wordCount":457,"commentCount":0,"image":{"@id":"https:\/\/www.africa-press.net\/cotedivoire\/politique\/appel-a-la-xenophobie-des-osc-burkinabe-ecrivent-a-lambassadeur-de-la-cote-divoire-au-burkina#primaryimage"},"thumbnailUrl":"https:\/\/static.africa-press.net\/cote\/sites\/43\/2021\/06\/img-60c4c1810c881.jpg","keywords":["Africa Press","Africa Press-C\u00f4te d'Ivoire","C\u00d4TE D'IVOIRE"],"articleSection":["homepage-french","Politique","Toutes les actualit\u00e9s"],"inLanguage":"fr-FR","potentialAction":[{"@type":"CommentAction","name":"Comment","target":["https:\/\/www.africa-press.net\/cotedivoire\/politique\/appel-a-la-xenophobie-des-osc-burkinabe-ecrivent-a-lambassadeur-de-la-cote-divoire-au-burkina#respond"]}]},{"@type":"WebPage","@id":"https:\/\/www.africa-press.net\/cotedivoire\/politique\/appel-a-la-xenophobie-des-osc-burkinabe-ecrivent-a-lambassadeur-de-la-cote-divoire-au-burkina","url":"https:\/\/www.africa-press.net\/cotedivoire\/politique\/appel-a-la-xenophobie-des-osc-burkinabe-ecrivent-a-lambassadeur-de-la-cote-divoire-au-burkina","name":"Appel \u00e0 la X\u00e9nophobie : Des OSC burkinab\u00e8 \u00e9crivent \u00e0 l\u2019ambassadeur de la C\u00f4te d\u2019Ivoire au Burkina - C\u00f4te d&#039;Ivoire","isPartOf":{"@id":"https:\/\/www.africa-press.net\/cotedivoire\/#website"},"primaryImageOfPage":{"@id":"https:\/\/www.africa-press.net\/cotedivoire\/politique\/appel-a-la-xenophobie-des-osc-burkinabe-ecrivent-a-lambassadeur-de-la-cote-divoire-au-burkina#primaryimage"},"image":{"@id":"https:\/\/www.africa-press.net\/cotedivoire\/politique\/appel-a-la-xenophobie-des-osc-burkinabe-ecrivent-a-lambassadeur-de-la-cote-divoire-au-burkina#primaryimage"},"thumbnailUrl":"https:\/\/static.africa-press.net\/cote\/sites\/43\/2021\/06\/img-60c4c1810c881.jpg","datePublished":"2021-06-12T15:34:39+00:00","dateModified":"2021-06-12T18:15:35+00:00","author":{"@id":"https:\/\/www.africa-press.net\/cotedivoire\/#\/schema\/person\/2b1cf3cd81a31e3cd26889ca66d677f1"},"description":"Ceci est une lettre adress\u00e9e \u00e0 l\u2019ambassadeur de la C\u00f4te d\u2019Ivoire au Burkina, Kapi\u00e9l\u00e9tien Soro. Elle est l\u2019\u0153uvre de la ...","breadcrumb":{"@id":"https:\/\/www.africa-press.net\/cotedivoire\/politique\/appel-a-la-xenophobie-des-osc-burkinabe-ecrivent-a-lambassadeur-de-la-cote-divoire-au-burkina#breadcrumb"},"inLanguage":"fr-FR","potentialAction":[{"@type":"ReadAction","target":["https:\/\/www.africa-press.net\/cotedivoire\/politique\/appel-a-la-xenophobie-des-osc-burkinabe-ecrivent-a-lambassadeur-de-la-cote-divoire-au-burkina"]}]},{"@type":"ImageObject","inLanguage":"fr-FR","@id":"https:\/\/www.africa-press.net\/cotedivoire\/politique\/appel-a-la-xenophobie-des-osc-burkinabe-ecrivent-a-lambassadeur-de-la-cote-divoire-au-burkina#primaryimage","url":"https:\/\/static.africa-press.net\/cote\/sites\/43\/2021\/06\/img-60c4c1810c881.jpg","contentUrl":"https:\/\/static.africa-press.net\/cote\/sites\/43\/2021\/06\/img-60c4c1810c881.jpg","width":720,"height":379,"caption":"Appel \u00e0 la X\u00e9nophobie : Des OSC burkinab\u00e8 \u00e9crivent \u00e0 l\u2019ambassadeur de la C\u00f4te d\u2019Ivoire au Burkina"},{"@type":"BreadcrumbList","@id":"https:\/\/www.africa-press.net\/cotedivoire\/politique\/appel-a-la-xenophobie-des-osc-burkinabe-ecrivent-a-lambassadeur-de-la-cote-divoire-au-burkina#breadcrumb","itemListElement":[{"@type":"ListItem","position":1,"name":"Accueil","item":"https:\/\/www.africa-press.net\/cotedivoire\/"},{"@type":"ListItem","position":2,"name":"Appel \u00e0 la X\u00e9nophobie : Des OSC burkinab\u00e8 \u00e9crivent \u00e0 l\u2019ambassadeur de la C\u00f4te d\u2019Ivoire au Burkina"}]},{"@type":"WebSite","@id":"https:\/\/www.africa-press.net\/cotedivoire\/#website","url":"https:\/\/www.africa-press.net\/cotedivoire\/","name":"C\u00f4te d&#039;Ivoire","description":"Just another Africa News Agency Sites site","potentialAction":[{"@type":"SearchAction","target":{"@type":"EntryPoint","urlTemplate":"https:\/\/www.africa-press.net\/cotedivoire\/?s={search_term_string}"},"query-input":{"@type":"PropertyValueSpecification","valueRequired":true,"valueName":"search_term_string"}}],"inLanguage":"fr-FR"},{"@type":"Person","@id":"https:\/\/www.africa-press.net\/cotedivoire\/#\/schema\/person\/2b1cf3cd81a31e3cd26889ca66d677f1","name":"cfeditorfr"}]}},"_links":{"self":[{"href":"https:\/\/www.africa-press.net\/cotedivoire\/wp-json\/wp\/v2\/posts\/8903","targetHints":{"allow":["GET"]}}],"collection":[{"href":"https:\/\/www.africa-press.net\/cotedivoire\/wp-json\/wp\/v2\/posts"}],"about":[{"href":"https:\/\/www.africa-press.net\/cotedivoire\/wp-json\/wp\/v2\/types\/post"}],"author":[{"embeddable":true,"href":"https:\/\/www.africa-press.net\/cotedivoire\/wp-json\/wp\/v2\/users\/82"}],"replies":[{"embeddable":true,"href":"https:\/\/www.africa-press.net\/cotedivoire\/wp-json\/wp\/v2\/comments?post=8903"}],"version-history":[{"count":0,"href":"https:\/\/www.africa-press.net\/cotedivoire\/wp-json\/wp\/v2\/posts\/8903\/revisions"}],"wp:featuredmedia":[{"embeddable":true,"href":"https:\/\/www.africa-press.net\/cotedivoire\/wp-json\/wp\/v2\/media\/8902"}],"wp:attachment":[{"href":"https:\/\/www.africa-press.net\/cotedivoire\/wp-json\/wp\/v2\/media?parent=8903"}],"wp:term":[{"taxonomy":"category","embeddable":true,"href":"https:\/\/www.africa-press.net\/cotedivoire\/wp-json\/wp\/v2\/categories?post=8903"},{"taxonomy":"post_tag","embeddable":true,"href":"https:\/\/www.africa-press.net\/cotedivoire\/wp-json\/wp\/v2\/tags?post=8903"}],"curies":[{"name":"wp","href":"https:\/\/api.w.org\/{rel}","templated":true}]}}