{"id":89092,"date":"2024-10-17T08:00:11","date_gmt":"2024-10-17T08:00:11","guid":{"rendered":"https:\/\/www.africa-press.net\/cotedivoire\/politique\/en-afrique-la-france-amorce-une-baisse-drastique-de-ses-effectifs-militaires"},"modified":"2024-10-17T08:23:50","modified_gmt":"2024-10-17T08:23:50","slug":"en-afrique-la-france-amorce-une-baisse-drastique-de-ses-effectifs-militaires","status":"publish","type":"post","link":"https:\/\/www.africa-press.net\/cotedivoire\/dossiers\/en-afrique-la-france-amorce-une-baisse-drastique-de-ses-effectifs-militaires","title":{"rendered":"En Afrique, la France amorce une baisse drastique de ses effectifs militaires"},"content":{"rendered":"<p><span style=\"color: #ff6600\"><strong>Africa-Press &#8211; C\u00f4te d&rsquo;Ivoire. <\/strong><\/span>E\u0301branle\u0301e par les coups d\u2019E\u0301tat au Sahel et la contestation croissante de ses actions, la France pre\u0301voit de re\u0301duire sa pre\u0301sence militaire. Si les annonces doivent e\u0302tre officialise\u0301es dans les semaines a\u0300 venir, la nouvelle strate\u0301gie se pre\u0301cise sur le terrain.<\/p>\n<p>Ce lundi 7 octobre signait le passage discret en Co\u0302te d&rsquo;Ivoire du ge\u0301ne\u0301ral Pascal Lanni, ancien porte-parole de l&rsquo;e\u0301tat-major des arme\u0301es. Le haut grade\u0301 est le premier a\u0300 prendre les re\u0302nes du nouveau commandement franc\u0327ais de\u0301die\u0301 a\u0300 l&rsquo;Afrique, dont la cre\u0301ation avait e\u0301te\u0301 de\u0301cide\u0301e fin juin. Paris s&rsquo;inscrit en cela dans une de\u0301marche similaire aux E\u0301tats-Unis avec l&rsquo;Africom, soit une structure de\u0301cisionnelle conjointe pour l&rsquo;ensemble du continent. Au programme, une se\u0301ance de travail avec son homologue ivoirien le ge\u0301ne\u0301ral Lassina Doumbia, qui portait notamment sur la re\u0301trocession progressive du camp militaire franc\u0327ais situe\u0301 dans la commune de Port-Boue\u0308t, au sud d&rsquo;Abidjan.<\/p>\n<p>Si les modalite\u0301s exactes de ce transfert restent pour l&rsquo;heure me\u0301connues, la nature de cette discussion confirme la de\u0301crue du site qui comptait il y a peu de temps encore quelque 900 e\u0301le\u0301ments franc\u0327ais. Le de\u0301part des soldats a par ailleurs de\u0301ja\u0300 commence\u0301, puisque leur nombre oscillerait aujourd&rsquo;hui autour de 600 avec un objectif final re\u0301duit a\u0300 une centaine selon l&rsquo;Agence France-Presse.<\/p>\n<p>Le 17 septembre, la France avait e\u0301galement restitue\u0301 aux autorite\u0301s ivoiriennes son champ de tir et d&rsquo;exercice militaire de Lomo-Nord, au centre du pays. L&rsquo;abandon de cet autre site, pourtant loin des the\u0301a\u0302tres de guerre sahe\u0301liens, illustre parfaitement la volonte\u0301 de de\u0301sinvestir, au moins symboliquement, le continent africain. \u00ab On paie aujourd&rsquo;hui les pots casse\u0301s de l&rsquo;ope\u0301ration Barkhane \u00bb, renche\u0301rit une source se\u0301curitaire locale, pointant du doigt l&rsquo;enlisement franc\u0327ais devant l&rsquo;insaisissable menace des groupes arme\u0301s au Sahel.<\/p>\n<p><b>Vers d&rsquo;autres me\u0301canismes de coope\u0301ration<\/b><\/p>\n<p>Outre ces restitutions, l&rsquo;arme\u0301e franc\u0327aise multiplie les actions de soutien envers ses allie\u0301s re\u0301gionaux dans le cadre de la lutte contre la descente des groupes terroristes vers le golfe de Guine\u0301e. C&rsquo;est ainsi qu&rsquo;une quinzaine de blinde\u0301s de type VAB seront livre\u0301s prochainement a\u0300 l&rsquo;arme\u0301e du Be\u0301nin, faisant suite a\u0300 une premie\u0300re salve de dons franc\u0327ais qui comportaient trois he\u0301licopte\u0300res Puma, particulie\u0300rement utiles au transport de troupes. Ce type de support mate\u0301riel se re\u0301ve\u0300le, une fois de plus, proche de la posture ame\u0301ricaine qui envisage de re\u0301partir entre la Co\u0302te d&rsquo;Ivoire et le Be\u0301nin une quarantaine de ve\u0301hicules blinde\u0301s initialement destine\u0301s au Niger. En avril dernier, les troupes de Washington avaient en effet e\u0301te\u0301 somme\u0301es de quitter le pays de l&rsquo;AES gouverne\u0301 par le ge\u0301ne\u0301ral Tiani.<\/p>\n<p>Pour Eddie Guipie\u0301 \u2013 enseignant-chercheur, spe\u0301cialiste des questions de de\u0301fense et de se\u0301curite\u0301 internationale \u2013, la volonte\u0301 de de\u0301sinvestissement franc\u0327ais s&rsquo;inscrit dans une temporalite\u0301 plus longue. \u00ab Me\u0302me sous la pre\u0301sidence Sarkozy, le livre blanc de la de\u0301fense de 2007 pre\u0301conisait de\u0301ja\u0300 un mouvement de re\u0301duction en Afrique \u00bb, commente-t-il songeur avant de qualifier la dynamique actuelle de \u00ab baisse de l&#8217;empreinte quantitative au profit d&rsquo;une coope\u0301ration qualitative \u00bb. C&rsquo;est en ce sens que des instructeurs de l&rsquo;arme\u0301e franc\u0327aise et des forces ivoiriennes ont re\u0301cemment mene\u0301 une se\u0301rie d&rsquo;exercices ae\u0301riens mobilisant une dizaine d&rsquo;ae\u0301ronefs depuis la base de Bouake\u0301. La formation et l&rsquo;appui technique e\u0301tant ici envisage\u0301s comme relais d&rsquo;influence, l&rsquo;e\u0301tat-major ivoirien pre\u0301sent sur place se re\u0301jouissait d&rsquo;ailleurs d&rsquo;une certaine \u00ab proximite\u0301 des doctrines \u00bb entre les deux arme\u0301es.<\/p>\n<p><b>L&rsquo;importance du renseignement dans un contexte de\u0301grade\u0301<\/b><\/p>\n<p>D&rsquo;un point de vue re\u0301gional, Paris tablait aux dernie\u0300res nouvelles sur une re\u0301duction de ses effectifs similaire au Gabon, passant de 350 a\u0300 100 soldats positionne\u0301s. Concernant Djibouti, aucun changement pre\u0301vu pour les 1 000 hommes et femmes que ce bout de la Corne de l&rsquo;Afrique projette directement sur le canal de Suez, le Proche et Moyen-Orient: d&rsquo;autres espaces hautement strate\u0301giques. L&rsquo;e\u0301quation de ces derniers mois tenait aussi au Se\u0301ne\u0301gal qui a connu une passation de pouvoir pour le moins agite\u0301e. \u00ab Malgre\u0301 un pre\u0301sident Bassirou Diomaye Faye qui e\u0301tait attendu sur ce sujet, il n&rsquo;y a pas eu de rupture avec l&rsquo;arme\u0301e franc\u0327aise \u00bb, souligne le docteur Guipie\u0301. En l&rsquo;e\u0301tat, le nombre de militaires devrait lui aussi e\u0302tre revu a\u0300 la baisse pour e\u0302tre ramene\u0301 a\u0300 une centaine au pays de la Te\u0301ranga. Paris maintiendrait donc plusieurs enclaves avance\u0301es sur le continent, proche de sa marine qui reste relativement active dans le golfe de Guine\u0301e avec son programme Siren visant a\u0300 renforcer la coope\u0301ration re\u0301gionale en formant des officiers africains au moyen de stages embarque\u0301s. Elle maintient e\u0301galement sa participation a\u0300 l&rsquo;exercice militaire maritime Grand African NEMO au co\u0302te\u0301 des autres nations de l&rsquo;architecture se\u0301curitaire de Yaounde\u0301.<\/p>\n<p>Mais pour juguler la menace, il faudra paralle\u0300lement doter les pays co\u0302tiers de meilleures capacite\u0301s de renseignement plaide cette me\u0302me source se\u0301curitaire: \u00ab dans les zones frontalie\u0300res l&rsquo;ennemi se trouve d&rsquo;abord parmi certaines populations qui soutiennent les terroristes \u00bb. Sous cet angle, il faut avouer que la situation est pre\u0301occupante, tout de\u0301but octobre, ce sont successivement le Togo puis le Be\u0301nin qui ont vu des civils et des militaires tue\u0301s au niveau de leurs frontie\u0300res septentrionales, en lisie\u0300re du Sahel.<\/p>\n<p>Si la Co\u0302te d&rsquo;Ivoire n&rsquo;a pas connu d&rsquo;attaque depuis trois ans, c&rsquo;est politiquement que la situation semble s&#8217;embraser a\u0300 l&rsquo;heure ou\u0300 une action militaire commune et le partage d&rsquo;informations devraient pourtant e\u0302tre de rigueur. Au cours du mois de septembre, les autorite\u0301s burkinabe\u0300 du capitaine Traore\u0301 accusaient Abidjan de mener des activite\u0301s de de\u0301stabilisation visant a\u0300 renverser le pouvoir. Certaines voix affirment me\u0302me que, dans la foule\u0301e, Ouagadougou aurait discre\u0300tement rappele\u0301 ses diplomates en Co\u0302te d&rsquo;Ivoire ; geste rare et e\u0301quivoque parmi des usages diplomatiques d&rsquo;habitude si mesure\u0301s.<\/p>\n<p><b>Le cas particulier du Tchad<\/b><\/p>\n<p>Le dernier myste\u0300re du de\u0301sinvestissement militaire franc\u0327ais re\u0301side peut-e\u0302tre au Tchad. Le millier de soldats re\u0301parti sur trois bases est le seul vestige de la pre\u0301sence franc\u0327aise au Sahel. Ce dossier e\u0301pineux \u2013 marque\u0301 par l&rsquo;e\u0301lection de Mahamat Idriss De\u0301by a\u0300 l&rsquo;issue de sa propre transition \u2013 est certainement celui qui a retarde\u0301 la pre\u0301sentation du rapport de Jean-Marie Bockel, l&rsquo;envoye\u0301 personnel d&rsquo;Emmanuel Macron sur le continent. \u00ab Le Tchad est historiquement un e\u0301tat caserne, militarise\u0301 a\u0300 outrance. La paix a toujours e\u0301te\u0301 arme\u0301e, il se pourrait que ce soit l&rsquo;exception qui confirme la re\u0300gle de ce remodelage \u00bb, sugge\u0300re Eddie Guipie\u0301 au sujet de ce pays tre\u0300s convoite\u0301 par d&rsquo;autres puissances e\u0301trange\u0300res.<\/p>\n<p>Du co\u0302te\u0301 de l&rsquo;E\u0301lyse\u0301e, un conseil des ministres de\u0301die\u0301 a\u0300 l&rsquo;Afrique est pre\u0301vu pour le 26 octobre, l&rsquo;occasion de s&rsquo;attaquer aux premie\u0300res conclusions rendues par le rapport de M. Bockel, dont on comprend de\u0301ja\u0300 quelques contours.<\/p>\n<p><b>lepoint<\/b><\/p>\n<p><strong>Pour plus d&rsquo;informations et d&rsquo;analyses sur la C\u00f4te d&rsquo;Ivoire, suivez Africa-Press<\/strong><\/p>\n","protected":false},"excerpt":{"rendered":"<p>Africa-Press &#8211; C\u00f4te d&rsquo;Ivoire. E\u0301branle\u0301e par les coups d\u2019E\u0301tat au Sahel et la contestation croissante de ses actions, la France pre\u0301voit de re\u0301duire sa pre\u0301sence militaire. Si les annonces doivent e\u0302tre officialise\u0301es dans les semaines a\u0300 venir, la nouvelle strate\u0301gie se pre\u0301cise sur le terrain. Ce lundi 7 octobre signait le passage discret en Co\u0302te [&hellip;]<\/p>\n","protected":false},"author":82,"featured_media":89091,"comment_status":"open","ping_status":"closed","sticky":false,"template":"","format":"standard","meta":{"footnotes":""},"categories":[7,10],"tags":[29],"class_list":["post-89092","post","type-post","status-publish","format-standard","has-post-thumbnail","hentry","category-dossiers","category-toutes-les-actualites","tag-cote-divoire"],"yoast_head":"<!-- This site is optimized with the Yoast SEO Premium plugin v26.1 (Yoast SEO v27.0) - https:\/\/yoast.com\/product\/yoast-seo-premium-wordpress\/ -->\n<title>En Afrique, la France amorce une baisse drastique de ses effectifs militaires - C\u00f4te d&#039;Ivoire<\/title>\n<meta name=\"description\" content=\"E\u0301branle\u0301e par les coups d\u2019E\u0301tat au Sahel et la contestation croissante de ses actions, la France pre\u0301voit de re\u0301duire s ...\" \/>\n<meta name=\"robots\" content=\"index, follow, max-snippet:-1, max-image-preview:large, max-video-preview:-1\" \/>\n<link rel=\"canonical\" href=\"https:\/\/www.africa-press.net\/cotedivoire\/dossiers\/en-afrique-la-france-amorce-une-baisse-drastique-de-ses-effectifs-militaires\" \/>\n<meta property=\"og:locale\" content=\"fr_FR\" \/>\n<meta property=\"og:type\" content=\"article\" \/>\n<meta property=\"og:title\" content=\"En Afrique, la France amorce une baisse drastique de ses effectifs militaires\" \/>\n<meta property=\"og:description\" content=\"E\u0301branle\u0301e par les coups d\u2019E\u0301tat au Sahel et la contestation croissante de ses actions, la France pre\u0301voit de re\u0301duire s ...\" \/>\n<meta property=\"og:url\" content=\"https:\/\/www.africa-press.net\/cotedivoire\/dossiers\/en-afrique-la-france-amorce-une-baisse-drastique-de-ses-effectifs-militaires\" \/>\n<meta property=\"og:site_name\" content=\"C\u00f4te d&#039;Ivoire\" \/>\n<meta property=\"article:published_time\" content=\"2024-10-17T08:00:11+00:00\" \/>\n<meta property=\"article:modified_time\" content=\"2024-10-17T08:23:50+00:00\" \/>\n<meta property=\"og:image\" content=\"https:\/\/static.africa-press.net\/cote\/sites\/43\/2024\/10\/sm_1729140728.711873.jpg\" \/>\n\t<meta property=\"og:image:width\" content=\"809\" \/>\n\t<meta property=\"og:image:height\" content=\"405\" \/>\n\t<meta property=\"og:image:type\" content=\"image\/jpeg\" \/>\n<meta name=\"author\" content=\"cfeditorfr\" \/>\n<meta name=\"twitter:card\" content=\"summary_large_image\" \/>\n<meta name=\"twitter:label1\" content=\"\u00c9crit par\" \/>\n\t<meta name=\"twitter:data1\" content=\"cfeditorfr\" \/>\n\t<meta name=\"twitter:label2\" content=\"Dur\u00e9e de lecture estim\u00e9e\" \/>\n\t<meta name=\"twitter:data2\" content=\"6 minutes\" \/>\n<script type=\"application\/ld+json\" class=\"yoast-schema-graph\">{\"@context\":\"https:\/\/schema.org\",\"@graph\":[{\"@type\":\"Article\",\"@id\":\"https:\/\/www.africa-press.net\/cotedivoire\/dossiers\/en-afrique-la-france-amorce-une-baisse-drastique-de-ses-effectifs-militaires#article\",\"isPartOf\":{\"@id\":\"https:\/\/www.africa-press.net\/cotedivoire\/dossiers\/en-afrique-la-france-amorce-une-baisse-drastique-de-ses-effectifs-militaires\"},\"author\":{\"name\":\"cfeditorfr\",\"@id\":\"https:\/\/www.africa-press.net\/cotedivoire\/#\/schema\/person\/2b1cf3cd81a31e3cd26889ca66d677f1\"},\"headline\":\"En Afrique, la France amorce une baisse drastique de ses effectifs militaires\",\"datePublished\":\"2024-10-17T08:00:11+00:00\",\"dateModified\":\"2024-10-17T08:23:50+00:00\",\"mainEntityOfPage\":{\"@id\":\"https:\/\/www.africa-press.net\/cotedivoire\/dossiers\/en-afrique-la-france-amorce-une-baisse-drastique-de-ses-effectifs-militaires\"},\"wordCount\":1323,\"commentCount\":0,\"image\":{\"@id\":\"https:\/\/www.africa-press.net\/cotedivoire\/dossiers\/en-afrique-la-france-amorce-une-baisse-drastique-de-ses-effectifs-militaires#primaryimage\"},\"thumbnailUrl\":\"https:\/\/static.africa-press.net\/cote\/sites\/43\/2024\/10\/sm_1729140728.711873.jpg\",\"keywords\":[\"C\u00d4TE D'IVOIRE\"],\"articleSection\":[\"Dossiers\",\"Toutes les actualit\u00e9s\"],\"inLanguage\":\"fr-FR\",\"potentialAction\":[{\"@type\":\"CommentAction\",\"name\":\"Comment\",\"target\":[\"https:\/\/www.africa-press.net\/cotedivoire\/dossiers\/en-afrique-la-france-amorce-une-baisse-drastique-de-ses-effectifs-militaires#respond\"]}]},{\"@type\":\"WebPage\",\"@id\":\"https:\/\/www.africa-press.net\/cotedivoire\/dossiers\/en-afrique-la-france-amorce-une-baisse-drastique-de-ses-effectifs-militaires\",\"url\":\"https:\/\/www.africa-press.net\/cotedivoire\/dossiers\/en-afrique-la-france-amorce-une-baisse-drastique-de-ses-effectifs-militaires\",\"name\":\"En Afrique, la France amorce une baisse drastique de ses effectifs militaires - C\u00f4te d&#039;Ivoire\",\"isPartOf\":{\"@id\":\"https:\/\/www.africa-press.net\/cotedivoire\/#website\"},\"primaryImageOfPage\":{\"@id\":\"https:\/\/www.africa-press.net\/cotedivoire\/dossiers\/en-afrique-la-france-amorce-une-baisse-drastique-de-ses-effectifs-militaires#primaryimage\"},\"image\":{\"@id\":\"https:\/\/www.africa-press.net\/cotedivoire\/dossiers\/en-afrique-la-france-amorce-une-baisse-drastique-de-ses-effectifs-militaires#primaryimage\"},\"thumbnailUrl\":\"https:\/\/static.africa-press.net\/cote\/sites\/43\/2024\/10\/sm_1729140728.711873.jpg\",\"datePublished\":\"2024-10-17T08:00:11+00:00\",\"dateModified\":\"2024-10-17T08:23:50+00:00\",\"author\":{\"@id\":\"https:\/\/www.africa-press.net\/cotedivoire\/#\/schema\/person\/2b1cf3cd81a31e3cd26889ca66d677f1\"},\"description\":\"E\u0301branle\u0301e par les coups d\u2019E\u0301tat au Sahel et la contestation croissante de ses actions, la France pre\u0301voit de re\u0301duire s ...\",\"breadcrumb\":{\"@id\":\"https:\/\/www.africa-press.net\/cotedivoire\/dossiers\/en-afrique-la-france-amorce-une-baisse-drastique-de-ses-effectifs-militaires#breadcrumb\"},\"inLanguage\":\"fr-FR\",\"potentialAction\":[{\"@type\":\"ReadAction\",\"target\":[\"https:\/\/www.africa-press.net\/cotedivoire\/dossiers\/en-afrique-la-france-amorce-une-baisse-drastique-de-ses-effectifs-militaires\"]}]},{\"@type\":\"ImageObject\",\"inLanguage\":\"fr-FR\",\"@id\":\"https:\/\/www.africa-press.net\/cotedivoire\/dossiers\/en-afrique-la-france-amorce-une-baisse-drastique-de-ses-effectifs-militaires#primaryimage\",\"url\":\"https:\/\/static.africa-press.net\/cote\/sites\/43\/2024\/10\/sm_1729140728.711873.jpg\",\"contentUrl\":\"https:\/\/static.africa-press.net\/cote\/sites\/43\/2024\/10\/sm_1729140728.711873.jpg\",\"width\":809,\"height\":405,\"caption\":\"En Afrique, la France amorce une baisse drastique de ses effectifs militaires\"},{\"@type\":\"BreadcrumbList\",\"@id\":\"https:\/\/www.africa-press.net\/cotedivoire\/dossiers\/en-afrique-la-france-amorce-une-baisse-drastique-de-ses-effectifs-militaires#breadcrumb\",\"itemListElement\":[{\"@type\":\"ListItem\",\"position\":1,\"name\":\"Accueil\",\"item\":\"https:\/\/www.africa-press.net\/cotedivoire\/\"},{\"@type\":\"ListItem\",\"position\":2,\"name\":\"En Afrique, la France amorce une baisse drastique de ses effectifs militaires\"}]},{\"@type\":\"WebSite\",\"@id\":\"https:\/\/www.africa-press.net\/cotedivoire\/#website\",\"url\":\"https:\/\/www.africa-press.net\/cotedivoire\/\",\"name\":\"C\u00f4te d&#039;Ivoire\",\"description\":\"Just another Africa News Agency Sites site\",\"potentialAction\":[{\"@type\":\"SearchAction\",\"target\":{\"@type\":\"EntryPoint\",\"urlTemplate\":\"https:\/\/www.africa-press.net\/cotedivoire\/?s={search_term_string}\"},\"query-input\":{\"@type\":\"PropertyValueSpecification\",\"valueRequired\":true,\"valueName\":\"search_term_string\"}}],\"inLanguage\":\"fr-FR\"},{\"@type\":\"Person\",\"@id\":\"https:\/\/www.africa-press.net\/cotedivoire\/#\/schema\/person\/2b1cf3cd81a31e3cd26889ca66d677f1\",\"name\":\"cfeditorfr\"}]}<\/script>\n<!-- \/ Yoast SEO Premium plugin. -->","yoast_head_json":{"title":"En Afrique, la France amorce une baisse drastique de ses effectifs militaires - C\u00f4te d&#039;Ivoire","description":"E\u0301branle\u0301e par les coups d\u2019E\u0301tat au Sahel et la contestation croissante de ses actions, la France pre\u0301voit de re\u0301duire s ...","robots":{"index":"index","follow":"follow","max-snippet":"max-snippet:-1","max-image-preview":"max-image-preview:large","max-video-preview":"max-video-preview:-1"},"canonical":"https:\/\/www.africa-press.net\/cotedivoire\/dossiers\/en-afrique-la-france-amorce-une-baisse-drastique-de-ses-effectifs-militaires","og_locale":"fr_FR","og_type":"article","og_title":"En Afrique, la France amorce une baisse drastique de ses effectifs militaires","og_description":"E\u0301branle\u0301e par les coups d\u2019E\u0301tat au Sahel et la contestation croissante de ses actions, la France pre\u0301voit de re\u0301duire s ...","og_url":"https:\/\/www.africa-press.net\/cotedivoire\/dossiers\/en-afrique-la-france-amorce-une-baisse-drastique-de-ses-effectifs-militaires","og_site_name":"C\u00f4te d&#039;Ivoire","article_published_time":"2024-10-17T08:00:11+00:00","article_modified_time":"2024-10-17T08:23:50+00:00","og_image":[{"width":809,"height":405,"url":"https:\/\/static.africa-press.net\/cote\/sites\/43\/2024\/10\/sm_1729140728.711873.jpg","type":"image\/jpeg"}],"author":"cfeditorfr","twitter_card":"summary_large_image","twitter_misc":{"\u00c9crit par":"cfeditorfr","Dur\u00e9e de lecture estim\u00e9e":"6 minutes"},"schema":{"@context":"https:\/\/schema.org","@graph":[{"@type":"Article","@id":"https:\/\/www.africa-press.net\/cotedivoire\/dossiers\/en-afrique-la-france-amorce-une-baisse-drastique-de-ses-effectifs-militaires#article","isPartOf":{"@id":"https:\/\/www.africa-press.net\/cotedivoire\/dossiers\/en-afrique-la-france-amorce-une-baisse-drastique-de-ses-effectifs-militaires"},"author":{"name":"cfeditorfr","@id":"https:\/\/www.africa-press.net\/cotedivoire\/#\/schema\/person\/2b1cf3cd81a31e3cd26889ca66d677f1"},"headline":"En Afrique, la France amorce une baisse drastique de ses effectifs militaires","datePublished":"2024-10-17T08:00:11+00:00","dateModified":"2024-10-17T08:23:50+00:00","mainEntityOfPage":{"@id":"https:\/\/www.africa-press.net\/cotedivoire\/dossiers\/en-afrique-la-france-amorce-une-baisse-drastique-de-ses-effectifs-militaires"},"wordCount":1323,"commentCount":0,"image":{"@id":"https:\/\/www.africa-press.net\/cotedivoire\/dossiers\/en-afrique-la-france-amorce-une-baisse-drastique-de-ses-effectifs-militaires#primaryimage"},"thumbnailUrl":"https:\/\/static.africa-press.net\/cote\/sites\/43\/2024\/10\/sm_1729140728.711873.jpg","keywords":["C\u00d4TE D'IVOIRE"],"articleSection":["Dossiers","Toutes les actualit\u00e9s"],"inLanguage":"fr-FR","potentialAction":[{"@type":"CommentAction","name":"Comment","target":["https:\/\/www.africa-press.net\/cotedivoire\/dossiers\/en-afrique-la-france-amorce-une-baisse-drastique-de-ses-effectifs-militaires#respond"]}]},{"@type":"WebPage","@id":"https:\/\/www.africa-press.net\/cotedivoire\/dossiers\/en-afrique-la-france-amorce-une-baisse-drastique-de-ses-effectifs-militaires","url":"https:\/\/www.africa-press.net\/cotedivoire\/dossiers\/en-afrique-la-france-amorce-une-baisse-drastique-de-ses-effectifs-militaires","name":"En Afrique, la France amorce une baisse drastique de ses effectifs militaires - C\u00f4te d&#039;Ivoire","isPartOf":{"@id":"https:\/\/www.africa-press.net\/cotedivoire\/#website"},"primaryImageOfPage":{"@id":"https:\/\/www.africa-press.net\/cotedivoire\/dossiers\/en-afrique-la-france-amorce-une-baisse-drastique-de-ses-effectifs-militaires#primaryimage"},"image":{"@id":"https:\/\/www.africa-press.net\/cotedivoire\/dossiers\/en-afrique-la-france-amorce-une-baisse-drastique-de-ses-effectifs-militaires#primaryimage"},"thumbnailUrl":"https:\/\/static.africa-press.net\/cote\/sites\/43\/2024\/10\/sm_1729140728.711873.jpg","datePublished":"2024-10-17T08:00:11+00:00","dateModified":"2024-10-17T08:23:50+00:00","author":{"@id":"https:\/\/www.africa-press.net\/cotedivoire\/#\/schema\/person\/2b1cf3cd81a31e3cd26889ca66d677f1"},"description":"E\u0301branle\u0301e par les coups d\u2019E\u0301tat au Sahel et la contestation croissante de ses actions, la France pre\u0301voit de re\u0301duire s ...","breadcrumb":{"@id":"https:\/\/www.africa-press.net\/cotedivoire\/dossiers\/en-afrique-la-france-amorce-une-baisse-drastique-de-ses-effectifs-militaires#breadcrumb"},"inLanguage":"fr-FR","potentialAction":[{"@type":"ReadAction","target":["https:\/\/www.africa-press.net\/cotedivoire\/dossiers\/en-afrique-la-france-amorce-une-baisse-drastique-de-ses-effectifs-militaires"]}]},{"@type":"ImageObject","inLanguage":"fr-FR","@id":"https:\/\/www.africa-press.net\/cotedivoire\/dossiers\/en-afrique-la-france-amorce-une-baisse-drastique-de-ses-effectifs-militaires#primaryimage","url":"https:\/\/static.africa-press.net\/cote\/sites\/43\/2024\/10\/sm_1729140728.711873.jpg","contentUrl":"https:\/\/static.africa-press.net\/cote\/sites\/43\/2024\/10\/sm_1729140728.711873.jpg","width":809,"height":405,"caption":"En Afrique, la France amorce une baisse drastique de ses effectifs militaires"},{"@type":"BreadcrumbList","@id":"https:\/\/www.africa-press.net\/cotedivoire\/dossiers\/en-afrique-la-france-amorce-une-baisse-drastique-de-ses-effectifs-militaires#breadcrumb","itemListElement":[{"@type":"ListItem","position":1,"name":"Accueil","item":"https:\/\/www.africa-press.net\/cotedivoire\/"},{"@type":"ListItem","position":2,"name":"En Afrique, la France amorce une baisse drastique de ses effectifs militaires"}]},{"@type":"WebSite","@id":"https:\/\/www.africa-press.net\/cotedivoire\/#website","url":"https:\/\/www.africa-press.net\/cotedivoire\/","name":"C\u00f4te d&#039;Ivoire","description":"Just another Africa News Agency Sites site","potentialAction":[{"@type":"SearchAction","target":{"@type":"EntryPoint","urlTemplate":"https:\/\/www.africa-press.net\/cotedivoire\/?s={search_term_string}"},"query-input":{"@type":"PropertyValueSpecification","valueRequired":true,"valueName":"search_term_string"}}],"inLanguage":"fr-FR"},{"@type":"Person","@id":"https:\/\/www.africa-press.net\/cotedivoire\/#\/schema\/person\/2b1cf3cd81a31e3cd26889ca66d677f1","name":"cfeditorfr"}]}},"_links":{"self":[{"href":"https:\/\/www.africa-press.net\/cotedivoire\/wp-json\/wp\/v2\/posts\/89092","targetHints":{"allow":["GET"]}}],"collection":[{"href":"https:\/\/www.africa-press.net\/cotedivoire\/wp-json\/wp\/v2\/posts"}],"about":[{"href":"https:\/\/www.africa-press.net\/cotedivoire\/wp-json\/wp\/v2\/types\/post"}],"author":[{"embeddable":true,"href":"https:\/\/www.africa-press.net\/cotedivoire\/wp-json\/wp\/v2\/users\/82"}],"replies":[{"embeddable":true,"href":"https:\/\/www.africa-press.net\/cotedivoire\/wp-json\/wp\/v2\/comments?post=89092"}],"version-history":[{"count":0,"href":"https:\/\/www.africa-press.net\/cotedivoire\/wp-json\/wp\/v2\/posts\/89092\/revisions"}],"wp:featuredmedia":[{"embeddable":true,"href":"https:\/\/www.africa-press.net\/cotedivoire\/wp-json\/wp\/v2\/media\/89091"}],"wp:attachment":[{"href":"https:\/\/www.africa-press.net\/cotedivoire\/wp-json\/wp\/v2\/media?parent=89092"}],"wp:term":[{"taxonomy":"category","embeddable":true,"href":"https:\/\/www.africa-press.net\/cotedivoire\/wp-json\/wp\/v2\/categories?post=89092"},{"taxonomy":"post_tag","embeddable":true,"href":"https:\/\/www.africa-press.net\/cotedivoire\/wp-json\/wp\/v2\/tags?post=89092"}],"curies":[{"name":"wp","href":"https:\/\/api.w.org\/{rel}","templated":true}]}}