{"id":8922,"date":"2021-06-13T12:44:34","date_gmt":"2021-06-13T12:44:34","guid":{"rendered":"https:\/\/www.africa-press.net\/cotedivoire\/?p=8922"},"modified":"2021-06-13T16:44:03","modified_gmt":"2021-06-13T16:44:03","slug":"cote-divoire-simone-gbagbo-salue-lattachement-du-peuple-a-son-epoux-laurent-gbagbo","status":"publish","type":"post","link":"https:\/\/www.africa-press.net\/cotedivoire\/politique\/cote-divoire-simone-gbagbo-salue-lattachement-du-peuple-a-son-epoux-laurent-gbagbo","title":{"rendered":"Simone Gbagbo salue \u00ab\u00a0l\u2019attachement\u00a0\u00bb du \u00ab\u00a0peuple\u00a0\u00bb \u00e0 son \u00e9poux Laurent Gbagbo"},"content":{"rendered":"<p><span style=\"color: #ff6600\"><strong><a href=\"https:\/\/www.africa-press.net\/\">Africa-Press<\/a> &#8211; <a href=\"https:\/\/www.africa-press.net\/cotedivoire\">C\u00f4te d&rsquo;Ivoire<\/a>. <\/strong><\/span>L\u2019ex-Premi\u00e8re dame ivoirienne Simone Gbagbo, a salu\u00e9 samedi \u00e0 Abidjan \u00ab l\u2019attachement \u00bb du \u00ab peuple \u00e0 son \u00e9lu \u00bb, l\u2019ancien pr\u00e9sident Laurent Gbagbo, tout en invitant les uns et les autres \u00e0 \u00ab continuer de prier \u00bb pour que Dieu \u00ab prot\u00e8ge son retour \u00bb en C\u00f4te d\u2019Ivoire pr\u00e9vu le 17 juin, lors d\u2019une c\u00e9r\u00e9monie.<\/p>\n<p>\u00ab Il est important, selon moi, de saluer l\u2019attachement et la f\u00e9licit\u00e9 de ce peuple \u00e0 son \u00e9lu, le pr\u00e9sident Laurent Gbagbo \u00bb, a dit l\u2019ancienne Premi\u00e8re dame, qui a \u00ab exhort\u00e9 chacun (\u00e0) continuer de prier \u00bb afin que \u00ab Dieu b\u00e9nisse et prot\u00e8ge (son) retour chez lui \u00bb.<\/p>\n<p>A l\u2019occasion de la pr\u00e9sentation de son second livre intitul\u00e9 \u00ab Ma sortie de prison, pr\u00e9mices d\u2019une C\u00f4te d\u2019Ivoire r\u00e9concili\u00e9e \u00bb, l\u2019auteure a \u00e9galement exprim\u00e9 sa gratitude aux \u00ab populations qui ont d\u00e9ferl\u00e9 vers (elle) avec de nombreux cadeaux et surtout avec leurs b\u00e9n\u00e9dictions \u00bb, apr\u00e8s sa lib\u00e9ration le 08 ao\u00fbt 2018, soit apr\u00e8s sept ans de d\u00e9tention \u00e0 l\u2019issue de la crise post\u00e9lectorale.<\/p>\n<p>\u00ab Pensons \u00e0 ceux qui ont tout perdu (\u2026). Mon souhait le plus ardent est que nous allions tous r\u00e9solument \u00e0 cette n\u00e9cessaire r\u00e9conciliation qui reste le seul gage de la rel\u00e8ve de notre nation \u00bb, a ajout\u00e9 Simone Gbagbo, dans un discours empreint de spiritualit\u00e9.<\/p>\n<p>Cette \u0153uvre a \u00e9t\u00e9 pr\u00e9sent\u00e9e comme la \u00ab compilation \u00bb d\u2019une centaine de discours prononc\u00e9s au cours des audiences que Mme Gbagbo a accord\u00e9 \u00e0 de \u00ab nombreuses \u00bb communaut\u00e9s aux lendemains de sa sortie de prison.<\/p>\n<p>&nbsp;<\/p>\n","protected":false},"excerpt":{"rendered":"<p>Africa-Press &#8211; C\u00f4te d&rsquo;Ivoire. L\u2019ex-Premi\u00e8re dame ivoirienne Simone Gbagbo, a salu\u00e9 samedi \u00e0 Abidjan \u00ab l\u2019attachement \u00bb du \u00ab peuple \u00e0 son \u00e9lu \u00bb, l\u2019ancien pr\u00e9sident Laurent Gbagbo, tout en invitant les uns et les autres \u00e0 \u00ab continuer de prier \u00bb pour que Dieu \u00ab prot\u00e8ge son retour \u00bb en C\u00f4te d\u2019Ivoire pr\u00e9vu le [&hellip;]<\/p>\n","protected":false},"author":82,"featured_media":8921,"comment_status":"open","ping_status":"closed","sticky":false,"template":"","format":"standard","meta":{"footnotes":""},"categories":[11,2,20,10],"tags":[56,63,29],"class_list":["post-8922","post","type-post","status-publish","format-standard","has-post-thumbnail","hentry","category-homepage-french","category-politique","category-top-nouvelles","category-toutes-les-actualites","tag-africa-press","tag-africa-press-cote-divoire","tag-cote-divoire"],"yoast_head":"<!-- This site is optimized with the Yoast SEO Premium plugin v26.1 (Yoast SEO v27.0) - https:\/\/yoast.com\/product\/yoast-seo-premium-wordpress\/ -->\n<title>Simone Gbagbo salue \u00ab\u00a0l\u2019attachement\u00a0\u00bb du \u00ab\u00a0peuple\u00a0\u00bb \u00e0 son \u00e9poux Laurent Gbagbo - C\u00f4te d&#039;Ivoire<\/title>\n<meta name=\"description\" content=\"Manuella YAPI L\u2019ex-Premi\u00e8re dame ivoirienne Simone Gbagbo, a salu\u00e9 samedi \u00e0 Abidjan \u00ab l\u2019attachement \u00bb du \u00ab peuple \u00e0 son ...\" \/>\n<meta name=\"robots\" content=\"index, follow, max-snippet:-1, max-image-preview:large, max-video-preview:-1\" \/>\n<link rel=\"canonical\" href=\"https:\/\/www.africa-press.net\/cotedivoire\/politique\/cote-divoire-simone-gbagbo-salue-lattachement-du-peuple-a-son-epoux-laurent-gbagbo\" \/>\n<meta property=\"og:locale\" content=\"fr_FR\" \/>\n<meta property=\"og:type\" content=\"article\" \/>\n<meta property=\"og:title\" content=\"Simone Gbagbo salue \u00ab\u00a0l\u2019attachement\u00a0\u00bb du \u00ab\u00a0peuple\u00a0\u00bb \u00e0 son \u00e9poux Laurent Gbagbo\" \/>\n<meta property=\"og:description\" content=\"Manuella YAPI L\u2019ex-Premi\u00e8re dame ivoirienne Simone Gbagbo, a salu\u00e9 samedi \u00e0 Abidjan \u00ab l\u2019attachement \u00bb du \u00ab peuple \u00e0 son ...\" \/>\n<meta property=\"og:url\" content=\"https:\/\/www.africa-press.net\/cotedivoire\/politique\/cote-divoire-simone-gbagbo-salue-lattachement-du-peuple-a-son-epoux-laurent-gbagbo\" \/>\n<meta property=\"og:site_name\" content=\"C\u00f4te d&#039;Ivoire\" \/>\n<meta property=\"article:published_time\" content=\"2021-06-13T12:44:34+00:00\" \/>\n<meta property=\"article:modified_time\" content=\"2021-06-13T16:44:03+00:00\" \/>\n<meta property=\"og:image\" content=\"https:\/\/static.africa-press.net\/cote\/sites\/43\/2021\/06\/img-60c5fc79365db.jpg\" \/>\n\t<meta property=\"og:image:width\" content=\"720\" \/>\n\t<meta property=\"og:image:height\" content=\"540\" \/>\n\t<meta property=\"og:image:type\" content=\"image\/jpeg\" \/>\n<meta name=\"author\" content=\"cfeditorfr\" \/>\n<meta name=\"twitter:card\" content=\"summary_large_image\" \/>\n<meta name=\"twitter:label1\" content=\"\u00c9crit par\" \/>\n\t<meta name=\"twitter:data1\" content=\"cfeditorfr\" \/>\n\t<meta name=\"twitter:label2\" content=\"Dur\u00e9e de lecture estim\u00e9e\" \/>\n\t<meta name=\"twitter:data2\" content=\"1 minute\" \/>\n<script type=\"application\/ld+json\" class=\"yoast-schema-graph\">{\"@context\":\"https:\/\/schema.org\",\"@graph\":[{\"@type\":\"Article\",\"@id\":\"https:\/\/www.africa-press.net\/cotedivoire\/politique\/cote-divoire-simone-gbagbo-salue-lattachement-du-peuple-a-son-epoux-laurent-gbagbo#article\",\"isPartOf\":{\"@id\":\"https:\/\/www.africa-press.net\/cotedivoire\/politique\/cote-divoire-simone-gbagbo-salue-lattachement-du-peuple-a-son-epoux-laurent-gbagbo\"},\"author\":{\"name\":\"cfeditorfr\",\"@id\":\"https:\/\/www.africa-press.net\/cotedivoire\/#\/schema\/person\/2b1cf3cd81a31e3cd26889ca66d677f1\"},\"headline\":\"Simone Gbagbo salue \u00ab\u00a0l\u2019attachement\u00a0\u00bb du \u00ab\u00a0peuple\u00a0\u00bb \u00e0 son \u00e9poux Laurent Gbagbo\",\"datePublished\":\"2021-06-13T12:44:34+00:00\",\"dateModified\":\"2021-06-13T16:44:03+00:00\",\"mainEntityOfPage\":{\"@id\":\"https:\/\/www.africa-press.net\/cotedivoire\/politique\/cote-divoire-simone-gbagbo-salue-lattachement-du-peuple-a-son-epoux-laurent-gbagbo\"},\"wordCount\":281,\"commentCount\":0,\"image\":{\"@id\":\"https:\/\/www.africa-press.net\/cotedivoire\/politique\/cote-divoire-simone-gbagbo-salue-lattachement-du-peuple-a-son-epoux-laurent-gbagbo#primaryimage\"},\"thumbnailUrl\":\"https:\/\/static.africa-press.net\/cote\/sites\/43\/2021\/06\/img-60c5fc79365db.jpg\",\"keywords\":[\"Africa Press\",\"Africa Press-C\u00f4te d'Ivoire\",\"C\u00d4TE D'IVOIRE\"],\"articleSection\":[\"homepage-french\",\"Politique\",\"Top Nouvelles\",\"Toutes les actualit\u00e9s\"],\"inLanguage\":\"fr-FR\",\"potentialAction\":[{\"@type\":\"CommentAction\",\"name\":\"Comment\",\"target\":[\"https:\/\/www.africa-press.net\/cotedivoire\/politique\/cote-divoire-simone-gbagbo-salue-lattachement-du-peuple-a-son-epoux-laurent-gbagbo#respond\"]}]},{\"@type\":\"WebPage\",\"@id\":\"https:\/\/www.africa-press.net\/cotedivoire\/politique\/cote-divoire-simone-gbagbo-salue-lattachement-du-peuple-a-son-epoux-laurent-gbagbo\",\"url\":\"https:\/\/www.africa-press.net\/cotedivoire\/politique\/cote-divoire-simone-gbagbo-salue-lattachement-du-peuple-a-son-epoux-laurent-gbagbo\",\"name\":\"Simone Gbagbo salue \u00ab\u00a0l\u2019attachement\u00a0\u00bb du \u00ab\u00a0peuple\u00a0\u00bb \u00e0 son \u00e9poux Laurent Gbagbo - C\u00f4te d&#039;Ivoire\",\"isPartOf\":{\"@id\":\"https:\/\/www.africa-press.net\/cotedivoire\/#website\"},\"primaryImageOfPage\":{\"@id\":\"https:\/\/www.africa-press.net\/cotedivoire\/politique\/cote-divoire-simone-gbagbo-salue-lattachement-du-peuple-a-son-epoux-laurent-gbagbo#primaryimage\"},\"image\":{\"@id\":\"https:\/\/www.africa-press.net\/cotedivoire\/politique\/cote-divoire-simone-gbagbo-salue-lattachement-du-peuple-a-son-epoux-laurent-gbagbo#primaryimage\"},\"thumbnailUrl\":\"https:\/\/static.africa-press.net\/cote\/sites\/43\/2021\/06\/img-60c5fc79365db.jpg\",\"datePublished\":\"2021-06-13T12:44:34+00:00\",\"dateModified\":\"2021-06-13T16:44:03+00:00\",\"author\":{\"@id\":\"https:\/\/www.africa-press.net\/cotedivoire\/#\/schema\/person\/2b1cf3cd81a31e3cd26889ca66d677f1\"},\"description\":\"Manuella YAPI L\u2019ex-Premi\u00e8re dame ivoirienne Simone Gbagbo, a salu\u00e9 samedi \u00e0 Abidjan \u00ab l\u2019attachement \u00bb du \u00ab peuple \u00e0 son ...\",\"breadcrumb\":{\"@id\":\"https:\/\/www.africa-press.net\/cotedivoire\/politique\/cote-divoire-simone-gbagbo-salue-lattachement-du-peuple-a-son-epoux-laurent-gbagbo#breadcrumb\"},\"inLanguage\":\"fr-FR\",\"potentialAction\":[{\"@type\":\"ReadAction\",\"target\":[\"https:\/\/www.africa-press.net\/cotedivoire\/politique\/cote-divoire-simone-gbagbo-salue-lattachement-du-peuple-a-son-epoux-laurent-gbagbo\"]}]},{\"@type\":\"ImageObject\",\"inLanguage\":\"fr-FR\",\"@id\":\"https:\/\/www.africa-press.net\/cotedivoire\/politique\/cote-divoire-simone-gbagbo-salue-lattachement-du-peuple-a-son-epoux-laurent-gbagbo#primaryimage\",\"url\":\"https:\/\/static.africa-press.net\/cote\/sites\/43\/2021\/06\/img-60c5fc79365db.jpg\",\"contentUrl\":\"https:\/\/static.africa-press.net\/cote\/sites\/43\/2021\/06\/img-60c5fc79365db.jpg\",\"width\":720,\"height\":540,\"caption\":\"C\u00f4te-d\u2019Ivoire: Simone Gbagbo salue \u00ab\u00a0l\u2019attachement\u00a0\u00bb du \u00ab\u00a0peuple\u00a0\u00bb \u00e0 son \u00e9poux Laurent Gbagbo\"},{\"@type\":\"BreadcrumbList\",\"@id\":\"https:\/\/www.africa-press.net\/cotedivoire\/politique\/cote-divoire-simone-gbagbo-salue-lattachement-du-peuple-a-son-epoux-laurent-gbagbo#breadcrumb\",\"itemListElement\":[{\"@type\":\"ListItem\",\"position\":1,\"name\":\"Accueil\",\"item\":\"https:\/\/www.africa-press.net\/cotedivoire\/\"},{\"@type\":\"ListItem\",\"position\":2,\"name\":\"Simone Gbagbo salue \u00ab\u00a0l\u2019attachement\u00a0\u00bb du \u00ab\u00a0peuple\u00a0\u00bb \u00e0 son \u00e9poux Laurent Gbagbo\"}]},{\"@type\":\"WebSite\",\"@id\":\"https:\/\/www.africa-press.net\/cotedivoire\/#website\",\"url\":\"https:\/\/www.africa-press.net\/cotedivoire\/\",\"name\":\"C\u00f4te d&#039;Ivoire\",\"description\":\"Just another Africa News Agency Sites site\",\"potentialAction\":[{\"@type\":\"SearchAction\",\"target\":{\"@type\":\"EntryPoint\",\"urlTemplate\":\"https:\/\/www.africa-press.net\/cotedivoire\/?s={search_term_string}\"},\"query-input\":{\"@type\":\"PropertyValueSpecification\",\"valueRequired\":true,\"valueName\":\"search_term_string\"}}],\"inLanguage\":\"fr-FR\"},{\"@type\":\"Person\",\"@id\":\"https:\/\/www.africa-press.net\/cotedivoire\/#\/schema\/person\/2b1cf3cd81a31e3cd26889ca66d677f1\",\"name\":\"cfeditorfr\"}]}<\/script>\n<!-- \/ Yoast SEO Premium plugin. -->","yoast_head_json":{"title":"Simone Gbagbo salue \u00ab\u00a0l\u2019attachement\u00a0\u00bb du \u00ab\u00a0peuple\u00a0\u00bb \u00e0 son \u00e9poux Laurent Gbagbo - C\u00f4te d&#039;Ivoire","description":"Manuella YAPI L\u2019ex-Premi\u00e8re dame ivoirienne Simone Gbagbo, a salu\u00e9 samedi \u00e0 Abidjan \u00ab l\u2019attachement \u00bb du \u00ab peuple \u00e0 son ...","robots":{"index":"index","follow":"follow","max-snippet":"max-snippet:-1","max-image-preview":"max-image-preview:large","max-video-preview":"max-video-preview:-1"},"canonical":"https:\/\/www.africa-press.net\/cotedivoire\/politique\/cote-divoire-simone-gbagbo-salue-lattachement-du-peuple-a-son-epoux-laurent-gbagbo","og_locale":"fr_FR","og_type":"article","og_title":"Simone Gbagbo salue \u00ab\u00a0l\u2019attachement\u00a0\u00bb du \u00ab\u00a0peuple\u00a0\u00bb \u00e0 son \u00e9poux Laurent Gbagbo","og_description":"Manuella YAPI L\u2019ex-Premi\u00e8re dame ivoirienne Simone Gbagbo, a salu\u00e9 samedi \u00e0 Abidjan \u00ab l\u2019attachement \u00bb du \u00ab peuple \u00e0 son ...","og_url":"https:\/\/www.africa-press.net\/cotedivoire\/politique\/cote-divoire-simone-gbagbo-salue-lattachement-du-peuple-a-son-epoux-laurent-gbagbo","og_site_name":"C\u00f4te d&#039;Ivoire","article_published_time":"2021-06-13T12:44:34+00:00","article_modified_time":"2021-06-13T16:44:03+00:00","og_image":[{"width":720,"height":540,"url":"https:\/\/static.africa-press.net\/cote\/sites\/43\/2021\/06\/img-60c5fc79365db.jpg","type":"image\/jpeg"}],"author":"cfeditorfr","twitter_card":"summary_large_image","twitter_misc":{"\u00c9crit par":"cfeditorfr","Dur\u00e9e de lecture estim\u00e9e":"1 minute"},"schema":{"@context":"https:\/\/schema.org","@graph":[{"@type":"Article","@id":"https:\/\/www.africa-press.net\/cotedivoire\/politique\/cote-divoire-simone-gbagbo-salue-lattachement-du-peuple-a-son-epoux-laurent-gbagbo#article","isPartOf":{"@id":"https:\/\/www.africa-press.net\/cotedivoire\/politique\/cote-divoire-simone-gbagbo-salue-lattachement-du-peuple-a-son-epoux-laurent-gbagbo"},"author":{"name":"cfeditorfr","@id":"https:\/\/www.africa-press.net\/cotedivoire\/#\/schema\/person\/2b1cf3cd81a31e3cd26889ca66d677f1"},"headline":"Simone Gbagbo salue \u00ab\u00a0l\u2019attachement\u00a0\u00bb du \u00ab\u00a0peuple\u00a0\u00bb \u00e0 son \u00e9poux Laurent Gbagbo","datePublished":"2021-06-13T12:44:34+00:00","dateModified":"2021-06-13T16:44:03+00:00","mainEntityOfPage":{"@id":"https:\/\/www.africa-press.net\/cotedivoire\/politique\/cote-divoire-simone-gbagbo-salue-lattachement-du-peuple-a-son-epoux-laurent-gbagbo"},"wordCount":281,"commentCount":0,"image":{"@id":"https:\/\/www.africa-press.net\/cotedivoire\/politique\/cote-divoire-simone-gbagbo-salue-lattachement-du-peuple-a-son-epoux-laurent-gbagbo#primaryimage"},"thumbnailUrl":"https:\/\/static.africa-press.net\/cote\/sites\/43\/2021\/06\/img-60c5fc79365db.jpg","keywords":["Africa Press","Africa Press-C\u00f4te d'Ivoire","C\u00d4TE D'IVOIRE"],"articleSection":["homepage-french","Politique","Top Nouvelles","Toutes les actualit\u00e9s"],"inLanguage":"fr-FR","potentialAction":[{"@type":"CommentAction","name":"Comment","target":["https:\/\/www.africa-press.net\/cotedivoire\/politique\/cote-divoire-simone-gbagbo-salue-lattachement-du-peuple-a-son-epoux-laurent-gbagbo#respond"]}]},{"@type":"WebPage","@id":"https:\/\/www.africa-press.net\/cotedivoire\/politique\/cote-divoire-simone-gbagbo-salue-lattachement-du-peuple-a-son-epoux-laurent-gbagbo","url":"https:\/\/www.africa-press.net\/cotedivoire\/politique\/cote-divoire-simone-gbagbo-salue-lattachement-du-peuple-a-son-epoux-laurent-gbagbo","name":"Simone Gbagbo salue \u00ab\u00a0l\u2019attachement\u00a0\u00bb du \u00ab\u00a0peuple\u00a0\u00bb \u00e0 son \u00e9poux Laurent Gbagbo - C\u00f4te d&#039;Ivoire","isPartOf":{"@id":"https:\/\/www.africa-press.net\/cotedivoire\/#website"},"primaryImageOfPage":{"@id":"https:\/\/www.africa-press.net\/cotedivoire\/politique\/cote-divoire-simone-gbagbo-salue-lattachement-du-peuple-a-son-epoux-laurent-gbagbo#primaryimage"},"image":{"@id":"https:\/\/www.africa-press.net\/cotedivoire\/politique\/cote-divoire-simone-gbagbo-salue-lattachement-du-peuple-a-son-epoux-laurent-gbagbo#primaryimage"},"thumbnailUrl":"https:\/\/static.africa-press.net\/cote\/sites\/43\/2021\/06\/img-60c5fc79365db.jpg","datePublished":"2021-06-13T12:44:34+00:00","dateModified":"2021-06-13T16:44:03+00:00","author":{"@id":"https:\/\/www.africa-press.net\/cotedivoire\/#\/schema\/person\/2b1cf3cd81a31e3cd26889ca66d677f1"},"description":"Manuella YAPI L\u2019ex-Premi\u00e8re dame ivoirienne Simone Gbagbo, a salu\u00e9 samedi \u00e0 Abidjan \u00ab l\u2019attachement \u00bb du \u00ab peuple \u00e0 son ...","breadcrumb":{"@id":"https:\/\/www.africa-press.net\/cotedivoire\/politique\/cote-divoire-simone-gbagbo-salue-lattachement-du-peuple-a-son-epoux-laurent-gbagbo#breadcrumb"},"inLanguage":"fr-FR","potentialAction":[{"@type":"ReadAction","target":["https:\/\/www.africa-press.net\/cotedivoire\/politique\/cote-divoire-simone-gbagbo-salue-lattachement-du-peuple-a-son-epoux-laurent-gbagbo"]}]},{"@type":"ImageObject","inLanguage":"fr-FR","@id":"https:\/\/www.africa-press.net\/cotedivoire\/politique\/cote-divoire-simone-gbagbo-salue-lattachement-du-peuple-a-son-epoux-laurent-gbagbo#primaryimage","url":"https:\/\/static.africa-press.net\/cote\/sites\/43\/2021\/06\/img-60c5fc79365db.jpg","contentUrl":"https:\/\/static.africa-press.net\/cote\/sites\/43\/2021\/06\/img-60c5fc79365db.jpg","width":720,"height":540,"caption":"C\u00f4te-d\u2019Ivoire: Simone Gbagbo salue \u00ab\u00a0l\u2019attachement\u00a0\u00bb du \u00ab\u00a0peuple\u00a0\u00bb \u00e0 son \u00e9poux Laurent Gbagbo"},{"@type":"BreadcrumbList","@id":"https:\/\/www.africa-press.net\/cotedivoire\/politique\/cote-divoire-simone-gbagbo-salue-lattachement-du-peuple-a-son-epoux-laurent-gbagbo#breadcrumb","itemListElement":[{"@type":"ListItem","position":1,"name":"Accueil","item":"https:\/\/www.africa-press.net\/cotedivoire\/"},{"@type":"ListItem","position":2,"name":"Simone Gbagbo salue \u00ab\u00a0l\u2019attachement\u00a0\u00bb du \u00ab\u00a0peuple\u00a0\u00bb \u00e0 son \u00e9poux Laurent Gbagbo"}]},{"@type":"WebSite","@id":"https:\/\/www.africa-press.net\/cotedivoire\/#website","url":"https:\/\/www.africa-press.net\/cotedivoire\/","name":"C\u00f4te d&#039;Ivoire","description":"Just another Africa News Agency Sites site","potentialAction":[{"@type":"SearchAction","target":{"@type":"EntryPoint","urlTemplate":"https:\/\/www.africa-press.net\/cotedivoire\/?s={search_term_string}"},"query-input":{"@type":"PropertyValueSpecification","valueRequired":true,"valueName":"search_term_string"}}],"inLanguage":"fr-FR"},{"@type":"Person","@id":"https:\/\/www.africa-press.net\/cotedivoire\/#\/schema\/person\/2b1cf3cd81a31e3cd26889ca66d677f1","name":"cfeditorfr"}]}},"_links":{"self":[{"href":"https:\/\/www.africa-press.net\/cotedivoire\/wp-json\/wp\/v2\/posts\/8922","targetHints":{"allow":["GET"]}}],"collection":[{"href":"https:\/\/www.africa-press.net\/cotedivoire\/wp-json\/wp\/v2\/posts"}],"about":[{"href":"https:\/\/www.africa-press.net\/cotedivoire\/wp-json\/wp\/v2\/types\/post"}],"author":[{"embeddable":true,"href":"https:\/\/www.africa-press.net\/cotedivoire\/wp-json\/wp\/v2\/users\/82"}],"replies":[{"embeddable":true,"href":"https:\/\/www.africa-press.net\/cotedivoire\/wp-json\/wp\/v2\/comments?post=8922"}],"version-history":[{"count":0,"href":"https:\/\/www.africa-press.net\/cotedivoire\/wp-json\/wp\/v2\/posts\/8922\/revisions"}],"wp:featuredmedia":[{"embeddable":true,"href":"https:\/\/www.africa-press.net\/cotedivoire\/wp-json\/wp\/v2\/media\/8921"}],"wp:attachment":[{"href":"https:\/\/www.africa-press.net\/cotedivoire\/wp-json\/wp\/v2\/media?parent=8922"}],"wp:term":[{"taxonomy":"category","embeddable":true,"href":"https:\/\/www.africa-press.net\/cotedivoire\/wp-json\/wp\/v2\/categories?post=8922"},{"taxonomy":"post_tag","embeddable":true,"href":"https:\/\/www.africa-press.net\/cotedivoire\/wp-json\/wp\/v2\/tags?post=8922"}],"curies":[{"name":"wp","href":"https:\/\/api.w.org\/{rel}","templated":true}]}}