{"id":8925,"date":"2021-06-13T12:49:24","date_gmt":"2021-06-13T12:49:24","guid":{"rendered":"https:\/\/www.africa-press.net\/cotedivoire\/?p=8925"},"modified":"2021-06-13T16:44:11","modified_gmt":"2021-06-13T16:44:11","slug":"reprise-legislatives-en-cote-divoire-kuibiert-souhaite-que-les-causes-qui-ont-justifie-les-annulations-disparaissent","status":"publish","type":"post","link":"https:\/\/www.africa-press.net\/cotedivoire\/politique\/reprise-legislatives-en-cote-divoire-kuibiert-souhaite-que-les-causes-qui-ont-justifie-les-annulations-disparaissent","title":{"rendered":"Reprise l\u00e9gislatives En C\u00f4te-d\u2019Ivoire: Kuibiert souhaite \u00ab\u00a0que les causes qui ont justifi\u00e9 les annulations disparaissent\u00a0\u00bb"},"content":{"rendered":"<p><span style=\"color: #ff6600\"><strong><a href=\"https:\/\/www.africa-press.net\/\">Africa-Press<\/a> &#8211; <a href=\"https:\/\/www.africa-press.net\/cotedivoire\">C\u00f4te d&rsquo;Ivoire<\/a>.\u00a0 <\/strong><\/span>Le Pr\u00e9sident de la Commission \u00e9lectorale ind\u00e9pendante (CEI), Ibrahime Coulibaly-Kuibiert a invit\u00e9 les agents de la commission, les candidats ainsi que les \u00e9lecteurs de Jacqueville (Sud ivoirien), l\u2019une des six circonscriptions concern\u00e9es par les l\u00e9gislatives partielles, \u00e0 plus de vigilance afin que les causes qui ont justifi\u00e9 l\u2019annulation de ces \u00e9lections disparaissent \u00bb, apr\u00e8s la visite de bureaux de vote dans la dite localit\u00e9.<\/p>\n<p>\u00ab Ce faisant, nous venons donc demander \u00e0 nos collaborateurs de redoubler d\u2019efforts, d\u2019\u00eatre plus vigilants, que les m\u00eames causes ne produisent pas les m\u00eames effets, que les causes qui ont justifi\u00e9 l\u2019annulation de ces \u00e9lections disparaissent \u00bb, a exhort\u00e9 M. Kuibiert, face \u00e0 la presse.<\/p>\n<p>A en croire le pr\u00e9sident de la CEI, les r\u00e9sultats des l\u00e9gislatives dans cette circonscription ont \u00e9t\u00e9 annul\u00e9s en raison d\u2019irr\u00e9gularit\u00e9s constat\u00e9es dans les proc\u00e8s verbaux. Par exemple, \u00ab des personnes qui ne m\u00e9ritaient pas de voter qui ont vot\u00e9 \u00bb notamment des morts.<\/p>\n<p>Il a par cons\u00e9quent appel\u00e9 les agents de la CEI \u00e0 \u00ab se conformer \u00e0 la loi \u00bb et aux candidats de garder leur s\u00e9r\u00e9nit\u00e9 \u00bb, avant d\u2019assurer que \u00ab la commission va faire son travail pour que le meilleur gagne. \u00bb<\/p>\n<p>Au Lieu de Vote Epp Adjacouti\u00e9, \u00e0 17 km de Jacqueville commune, le pr\u00e9sident de la CEI a proc\u00e9d\u00e9, en pr\u00e9sence d\u2019un des candidats, \u00e0 la destruction de proc\u00e8s-verbaux irr\u00e9guli\u00e8rement renseign\u00e9s, a fait savoir le service de communication de la CEI.<\/p>\n<p>Des \u00e9lections l\u00e9gislatives partielles ont eu lieu samedi dans six circonscriptions \u00e9lectorales dont quatre pour annulation et deux pour d\u00e9c\u00e8s des \u00e9lus.<\/p>\n<p>&nbsp;<\/p>\n","protected":false},"excerpt":{"rendered":"<p>Africa-Press &#8211; C\u00f4te d&rsquo;Ivoire.\u00a0 Le Pr\u00e9sident de la Commission \u00e9lectorale ind\u00e9pendante (CEI), Ibrahime Coulibaly-Kuibiert a invit\u00e9 les agents de la commission, les candidats ainsi que les \u00e9lecteurs de Jacqueville (Sud ivoirien), l\u2019une des six circonscriptions concern\u00e9es par les l\u00e9gislatives partielles, \u00e0 plus de vigilance afin que les causes qui ont justifi\u00e9 l\u2019annulation de ces \u00e9lections [&hellip;]<\/p>\n","protected":false},"author":82,"featured_media":8924,"comment_status":"open","ping_status":"closed","sticky":false,"template":"","format":"standard","meta":{"footnotes":""},"categories":[11,2,10],"tags":[56,63,29],"class_list":["post-8925","post","type-post","status-publish","format-standard","has-post-thumbnail","hentry","category-homepage-french","category-politique","category-toutes-les-actualites","tag-africa-press","tag-africa-press-cote-divoire","tag-cote-divoire"],"yoast_head":"<!-- This site is optimized with the Yoast SEO Premium plugin v26.1 (Yoast SEO v27.0) - https:\/\/yoast.com\/product\/yoast-seo-premium-wordpress\/ -->\n<title>Reprise l\u00e9gislatives En C\u00f4te-d\u2019Ivoire: Kuibiert souhaite \u00ab\u00a0que les causes qui ont justifi\u00e9 les annulations disparaissent\u00a0\u00bb - C\u00f4te d&#039;Ivoire<\/title>\n<meta name=\"description\" content=\"Jocelyne LIADE Le Pr\u00e9sident de la Commission \u00e9lectorale ind\u00e9pendante (CEI), Ibrahime Coulibaly-Kuibiert a invit\u00e9 les ag ...\" \/>\n<meta name=\"robots\" content=\"index, follow, max-snippet:-1, max-image-preview:large, max-video-preview:-1\" \/>\n<link rel=\"canonical\" href=\"https:\/\/www.africa-press.net\/cotedivoire\/politique\/reprise-legislatives-en-cote-divoire-kuibiert-souhaite-que-les-causes-qui-ont-justifie-les-annulations-disparaissent\" \/>\n<meta property=\"og:locale\" content=\"fr_FR\" \/>\n<meta property=\"og:type\" content=\"article\" \/>\n<meta property=\"og:title\" content=\"Reprise l\u00e9gislatives En C\u00f4te-d\u2019Ivoire: Kuibiert souhaite \u00ab\u00a0que les causes qui ont justifi\u00e9 les annulations disparaissent\u00a0\u00bb\" \/>\n<meta property=\"og:description\" content=\"Jocelyne LIADE Le Pr\u00e9sident de la Commission \u00e9lectorale ind\u00e9pendante (CEI), Ibrahime Coulibaly-Kuibiert a invit\u00e9 les ag ...\" \/>\n<meta property=\"og:url\" content=\"https:\/\/www.africa-press.net\/cotedivoire\/politique\/reprise-legislatives-en-cote-divoire-kuibiert-souhaite-que-les-causes-qui-ont-justifie-les-annulations-disparaissent\" \/>\n<meta property=\"og:site_name\" content=\"C\u00f4te d&#039;Ivoire\" \/>\n<meta property=\"article:published_time\" content=\"2021-06-13T12:49:24+00:00\" \/>\n<meta property=\"article:modified_time\" content=\"2021-06-13T16:44:11+00:00\" \/>\n<meta property=\"og:image\" content=\"https:\/\/static.africa-press.net\/cote\/sites\/43\/2021\/06\/img-60c5fca8dca3d.jpg\" \/>\n\t<meta property=\"og:image:width\" content=\"720\" \/>\n\t<meta property=\"og:image:height\" content=\"479\" \/>\n\t<meta property=\"og:image:type\" content=\"image\/jpeg\" \/>\n<meta name=\"author\" content=\"cfeditorfr\" \/>\n<meta name=\"twitter:card\" content=\"summary_large_image\" \/>\n<meta name=\"twitter:label1\" content=\"\u00c9crit par\" \/>\n\t<meta name=\"twitter:data1\" content=\"cfeditorfr\" \/>\n\t<meta name=\"twitter:label2\" content=\"Dur\u00e9e de lecture estim\u00e9e\" \/>\n\t<meta name=\"twitter:data2\" content=\"2 minutes\" \/>\n<script type=\"application\/ld+json\" class=\"yoast-schema-graph\">{\"@context\":\"https:\/\/schema.org\",\"@graph\":[{\"@type\":\"Article\",\"@id\":\"https:\/\/www.africa-press.net\/cotedivoire\/politique\/reprise-legislatives-en-cote-divoire-kuibiert-souhaite-que-les-causes-qui-ont-justifie-les-annulations-disparaissent#article\",\"isPartOf\":{\"@id\":\"https:\/\/www.africa-press.net\/cotedivoire\/politique\/reprise-legislatives-en-cote-divoire-kuibiert-souhaite-que-les-causes-qui-ont-justifie-les-annulations-disparaissent\"},\"author\":{\"name\":\"cfeditorfr\",\"@id\":\"https:\/\/www.africa-press.net\/cotedivoire\/#\/schema\/person\/2b1cf3cd81a31e3cd26889ca66d677f1\"},\"headline\":\"Reprise l\u00e9gislatives En C\u00f4te-d\u2019Ivoire: Kuibiert souhaite \u00ab\u00a0que les causes qui ont justifi\u00e9 les annulations disparaissent\u00a0\u00bb\",\"datePublished\":\"2021-06-13T12:49:24+00:00\",\"dateModified\":\"2021-06-13T16:44:11+00:00\",\"mainEntityOfPage\":{\"@id\":\"https:\/\/www.africa-press.net\/cotedivoire\/politique\/reprise-legislatives-en-cote-divoire-kuibiert-souhaite-que-les-causes-qui-ont-justifie-les-annulations-disparaissent\"},\"wordCount\":303,\"commentCount\":0,\"image\":{\"@id\":\"https:\/\/www.africa-press.net\/cotedivoire\/politique\/reprise-legislatives-en-cote-divoire-kuibiert-souhaite-que-les-causes-qui-ont-justifie-les-annulations-disparaissent#primaryimage\"},\"thumbnailUrl\":\"https:\/\/static.africa-press.net\/cote\/sites\/43\/2021\/06\/img-60c5fca8dca3d.jpg\",\"keywords\":[\"Africa Press\",\"Africa Press-C\u00f4te d'Ivoire\",\"C\u00d4TE D'IVOIRE\"],\"articleSection\":[\"homepage-french\",\"Politique\",\"Toutes les actualit\u00e9s\"],\"inLanguage\":\"fr-FR\",\"potentialAction\":[{\"@type\":\"CommentAction\",\"name\":\"Comment\",\"target\":[\"https:\/\/www.africa-press.net\/cotedivoire\/politique\/reprise-legislatives-en-cote-divoire-kuibiert-souhaite-que-les-causes-qui-ont-justifie-les-annulations-disparaissent#respond\"]}]},{\"@type\":\"WebPage\",\"@id\":\"https:\/\/www.africa-press.net\/cotedivoire\/politique\/reprise-legislatives-en-cote-divoire-kuibiert-souhaite-que-les-causes-qui-ont-justifie-les-annulations-disparaissent\",\"url\":\"https:\/\/www.africa-press.net\/cotedivoire\/politique\/reprise-legislatives-en-cote-divoire-kuibiert-souhaite-que-les-causes-qui-ont-justifie-les-annulations-disparaissent\",\"name\":\"Reprise l\u00e9gislatives En C\u00f4te-d\u2019Ivoire: Kuibiert souhaite \u00ab\u00a0que les causes qui ont justifi\u00e9 les annulations disparaissent\u00a0\u00bb - C\u00f4te d&#039;Ivoire\",\"isPartOf\":{\"@id\":\"https:\/\/www.africa-press.net\/cotedivoire\/#website\"},\"primaryImageOfPage\":{\"@id\":\"https:\/\/www.africa-press.net\/cotedivoire\/politique\/reprise-legislatives-en-cote-divoire-kuibiert-souhaite-que-les-causes-qui-ont-justifie-les-annulations-disparaissent#primaryimage\"},\"image\":{\"@id\":\"https:\/\/www.africa-press.net\/cotedivoire\/politique\/reprise-legislatives-en-cote-divoire-kuibiert-souhaite-que-les-causes-qui-ont-justifie-les-annulations-disparaissent#primaryimage\"},\"thumbnailUrl\":\"https:\/\/static.africa-press.net\/cote\/sites\/43\/2021\/06\/img-60c5fca8dca3d.jpg\",\"datePublished\":\"2021-06-13T12:49:24+00:00\",\"dateModified\":\"2021-06-13T16:44:11+00:00\",\"author\":{\"@id\":\"https:\/\/www.africa-press.net\/cotedivoire\/#\/schema\/person\/2b1cf3cd81a31e3cd26889ca66d677f1\"},\"description\":\"Jocelyne LIADE Le Pr\u00e9sident de la Commission \u00e9lectorale ind\u00e9pendante (CEI), Ibrahime Coulibaly-Kuibiert a invit\u00e9 les ag ...\",\"breadcrumb\":{\"@id\":\"https:\/\/www.africa-press.net\/cotedivoire\/politique\/reprise-legislatives-en-cote-divoire-kuibiert-souhaite-que-les-causes-qui-ont-justifie-les-annulations-disparaissent#breadcrumb\"},\"inLanguage\":\"fr-FR\",\"potentialAction\":[{\"@type\":\"ReadAction\",\"target\":[\"https:\/\/www.africa-press.net\/cotedivoire\/politique\/reprise-legislatives-en-cote-divoire-kuibiert-souhaite-que-les-causes-qui-ont-justifie-les-annulations-disparaissent\"]}]},{\"@type\":\"ImageObject\",\"inLanguage\":\"fr-FR\",\"@id\":\"https:\/\/www.africa-press.net\/cotedivoire\/politique\/reprise-legislatives-en-cote-divoire-kuibiert-souhaite-que-les-causes-qui-ont-justifie-les-annulations-disparaissent#primaryimage\",\"url\":\"https:\/\/static.africa-press.net\/cote\/sites\/43\/2021\/06\/img-60c5fca8dca3d.jpg\",\"contentUrl\":\"https:\/\/static.africa-press.net\/cote\/sites\/43\/2021\/06\/img-60c5fca8dca3d.jpg\",\"width\":720,\"height\":479,\"caption\":\"Reprise l\u00e9gislatives En C\u00f4te-d\u2019Ivoire: Kuibiert souhaite \u00ab\u00a0que les causes qui ont justifi\u00e9 les annulations disparaissent\u00a0\u00bb\"},{\"@type\":\"BreadcrumbList\",\"@id\":\"https:\/\/www.africa-press.net\/cotedivoire\/politique\/reprise-legislatives-en-cote-divoire-kuibiert-souhaite-que-les-causes-qui-ont-justifie-les-annulations-disparaissent#breadcrumb\",\"itemListElement\":[{\"@type\":\"ListItem\",\"position\":1,\"name\":\"Accueil\",\"item\":\"https:\/\/www.africa-press.net\/cotedivoire\/\"},{\"@type\":\"ListItem\",\"position\":2,\"name\":\"Reprise l\u00e9gislatives En C\u00f4te-d\u2019Ivoire: Kuibiert souhaite \u00ab\u00a0que les causes qui ont justifi\u00e9 les annulations disparaissent\u00a0\u00bb\"}]},{\"@type\":\"WebSite\",\"@id\":\"https:\/\/www.africa-press.net\/cotedivoire\/#website\",\"url\":\"https:\/\/www.africa-press.net\/cotedivoire\/\",\"name\":\"C\u00f4te d&#039;Ivoire\",\"description\":\"Just another Africa News Agency Sites site\",\"potentialAction\":[{\"@type\":\"SearchAction\",\"target\":{\"@type\":\"EntryPoint\",\"urlTemplate\":\"https:\/\/www.africa-press.net\/cotedivoire\/?s={search_term_string}\"},\"query-input\":{\"@type\":\"PropertyValueSpecification\",\"valueRequired\":true,\"valueName\":\"search_term_string\"}}],\"inLanguage\":\"fr-FR\"},{\"@type\":\"Person\",\"@id\":\"https:\/\/www.africa-press.net\/cotedivoire\/#\/schema\/person\/2b1cf3cd81a31e3cd26889ca66d677f1\",\"name\":\"cfeditorfr\"}]}<\/script>\n<!-- \/ Yoast SEO Premium plugin. -->","yoast_head_json":{"title":"Reprise l\u00e9gislatives En C\u00f4te-d\u2019Ivoire: Kuibiert souhaite \u00ab\u00a0que les causes qui ont justifi\u00e9 les annulations disparaissent\u00a0\u00bb - C\u00f4te d&#039;Ivoire","description":"Jocelyne LIADE Le Pr\u00e9sident de la Commission \u00e9lectorale ind\u00e9pendante (CEI), Ibrahime Coulibaly-Kuibiert a invit\u00e9 les ag ...","robots":{"index":"index","follow":"follow","max-snippet":"max-snippet:-1","max-image-preview":"max-image-preview:large","max-video-preview":"max-video-preview:-1"},"canonical":"https:\/\/www.africa-press.net\/cotedivoire\/politique\/reprise-legislatives-en-cote-divoire-kuibiert-souhaite-que-les-causes-qui-ont-justifie-les-annulations-disparaissent","og_locale":"fr_FR","og_type":"article","og_title":"Reprise l\u00e9gislatives En C\u00f4te-d\u2019Ivoire: Kuibiert souhaite \u00ab\u00a0que les causes qui ont justifi\u00e9 les annulations disparaissent\u00a0\u00bb","og_description":"Jocelyne LIADE Le Pr\u00e9sident de la Commission \u00e9lectorale ind\u00e9pendante (CEI), Ibrahime Coulibaly-Kuibiert a invit\u00e9 les ag ...","og_url":"https:\/\/www.africa-press.net\/cotedivoire\/politique\/reprise-legislatives-en-cote-divoire-kuibiert-souhaite-que-les-causes-qui-ont-justifie-les-annulations-disparaissent","og_site_name":"C\u00f4te d&#039;Ivoire","article_published_time":"2021-06-13T12:49:24+00:00","article_modified_time":"2021-06-13T16:44:11+00:00","og_image":[{"width":720,"height":479,"url":"https:\/\/static.africa-press.net\/cote\/sites\/43\/2021\/06\/img-60c5fca8dca3d.jpg","type":"image\/jpeg"}],"author":"cfeditorfr","twitter_card":"summary_large_image","twitter_misc":{"\u00c9crit par":"cfeditorfr","Dur\u00e9e de lecture estim\u00e9e":"2 minutes"},"schema":{"@context":"https:\/\/schema.org","@graph":[{"@type":"Article","@id":"https:\/\/www.africa-press.net\/cotedivoire\/politique\/reprise-legislatives-en-cote-divoire-kuibiert-souhaite-que-les-causes-qui-ont-justifie-les-annulations-disparaissent#article","isPartOf":{"@id":"https:\/\/www.africa-press.net\/cotedivoire\/politique\/reprise-legislatives-en-cote-divoire-kuibiert-souhaite-que-les-causes-qui-ont-justifie-les-annulations-disparaissent"},"author":{"name":"cfeditorfr","@id":"https:\/\/www.africa-press.net\/cotedivoire\/#\/schema\/person\/2b1cf3cd81a31e3cd26889ca66d677f1"},"headline":"Reprise l\u00e9gislatives En C\u00f4te-d\u2019Ivoire: Kuibiert souhaite \u00ab\u00a0que les causes qui ont justifi\u00e9 les annulations disparaissent\u00a0\u00bb","datePublished":"2021-06-13T12:49:24+00:00","dateModified":"2021-06-13T16:44:11+00:00","mainEntityOfPage":{"@id":"https:\/\/www.africa-press.net\/cotedivoire\/politique\/reprise-legislatives-en-cote-divoire-kuibiert-souhaite-que-les-causes-qui-ont-justifie-les-annulations-disparaissent"},"wordCount":303,"commentCount":0,"image":{"@id":"https:\/\/www.africa-press.net\/cotedivoire\/politique\/reprise-legislatives-en-cote-divoire-kuibiert-souhaite-que-les-causes-qui-ont-justifie-les-annulations-disparaissent#primaryimage"},"thumbnailUrl":"https:\/\/static.africa-press.net\/cote\/sites\/43\/2021\/06\/img-60c5fca8dca3d.jpg","keywords":["Africa Press","Africa Press-C\u00f4te d'Ivoire","C\u00d4TE D'IVOIRE"],"articleSection":["homepage-french","Politique","Toutes les actualit\u00e9s"],"inLanguage":"fr-FR","potentialAction":[{"@type":"CommentAction","name":"Comment","target":["https:\/\/www.africa-press.net\/cotedivoire\/politique\/reprise-legislatives-en-cote-divoire-kuibiert-souhaite-que-les-causes-qui-ont-justifie-les-annulations-disparaissent#respond"]}]},{"@type":"WebPage","@id":"https:\/\/www.africa-press.net\/cotedivoire\/politique\/reprise-legislatives-en-cote-divoire-kuibiert-souhaite-que-les-causes-qui-ont-justifie-les-annulations-disparaissent","url":"https:\/\/www.africa-press.net\/cotedivoire\/politique\/reprise-legislatives-en-cote-divoire-kuibiert-souhaite-que-les-causes-qui-ont-justifie-les-annulations-disparaissent","name":"Reprise l\u00e9gislatives En C\u00f4te-d\u2019Ivoire: Kuibiert souhaite \u00ab\u00a0que les causes qui ont justifi\u00e9 les annulations disparaissent\u00a0\u00bb - C\u00f4te d&#039;Ivoire","isPartOf":{"@id":"https:\/\/www.africa-press.net\/cotedivoire\/#website"},"primaryImageOfPage":{"@id":"https:\/\/www.africa-press.net\/cotedivoire\/politique\/reprise-legislatives-en-cote-divoire-kuibiert-souhaite-que-les-causes-qui-ont-justifie-les-annulations-disparaissent#primaryimage"},"image":{"@id":"https:\/\/www.africa-press.net\/cotedivoire\/politique\/reprise-legislatives-en-cote-divoire-kuibiert-souhaite-que-les-causes-qui-ont-justifie-les-annulations-disparaissent#primaryimage"},"thumbnailUrl":"https:\/\/static.africa-press.net\/cote\/sites\/43\/2021\/06\/img-60c5fca8dca3d.jpg","datePublished":"2021-06-13T12:49:24+00:00","dateModified":"2021-06-13T16:44:11+00:00","author":{"@id":"https:\/\/www.africa-press.net\/cotedivoire\/#\/schema\/person\/2b1cf3cd81a31e3cd26889ca66d677f1"},"description":"Jocelyne LIADE Le Pr\u00e9sident de la Commission \u00e9lectorale ind\u00e9pendante (CEI), Ibrahime Coulibaly-Kuibiert a invit\u00e9 les ag ...","breadcrumb":{"@id":"https:\/\/www.africa-press.net\/cotedivoire\/politique\/reprise-legislatives-en-cote-divoire-kuibiert-souhaite-que-les-causes-qui-ont-justifie-les-annulations-disparaissent#breadcrumb"},"inLanguage":"fr-FR","potentialAction":[{"@type":"ReadAction","target":["https:\/\/www.africa-press.net\/cotedivoire\/politique\/reprise-legislatives-en-cote-divoire-kuibiert-souhaite-que-les-causes-qui-ont-justifie-les-annulations-disparaissent"]}]},{"@type":"ImageObject","inLanguage":"fr-FR","@id":"https:\/\/www.africa-press.net\/cotedivoire\/politique\/reprise-legislatives-en-cote-divoire-kuibiert-souhaite-que-les-causes-qui-ont-justifie-les-annulations-disparaissent#primaryimage","url":"https:\/\/static.africa-press.net\/cote\/sites\/43\/2021\/06\/img-60c5fca8dca3d.jpg","contentUrl":"https:\/\/static.africa-press.net\/cote\/sites\/43\/2021\/06\/img-60c5fca8dca3d.jpg","width":720,"height":479,"caption":"Reprise l\u00e9gislatives En C\u00f4te-d\u2019Ivoire: Kuibiert souhaite \u00ab\u00a0que les causes qui ont justifi\u00e9 les annulations disparaissent\u00a0\u00bb"},{"@type":"BreadcrumbList","@id":"https:\/\/www.africa-press.net\/cotedivoire\/politique\/reprise-legislatives-en-cote-divoire-kuibiert-souhaite-que-les-causes-qui-ont-justifie-les-annulations-disparaissent#breadcrumb","itemListElement":[{"@type":"ListItem","position":1,"name":"Accueil","item":"https:\/\/www.africa-press.net\/cotedivoire\/"},{"@type":"ListItem","position":2,"name":"Reprise l\u00e9gislatives En C\u00f4te-d\u2019Ivoire: Kuibiert souhaite \u00ab\u00a0que les causes qui ont justifi\u00e9 les annulations disparaissent\u00a0\u00bb"}]},{"@type":"WebSite","@id":"https:\/\/www.africa-press.net\/cotedivoire\/#website","url":"https:\/\/www.africa-press.net\/cotedivoire\/","name":"C\u00f4te d&#039;Ivoire","description":"Just another Africa News Agency Sites site","potentialAction":[{"@type":"SearchAction","target":{"@type":"EntryPoint","urlTemplate":"https:\/\/www.africa-press.net\/cotedivoire\/?s={search_term_string}"},"query-input":{"@type":"PropertyValueSpecification","valueRequired":true,"valueName":"search_term_string"}}],"inLanguage":"fr-FR"},{"@type":"Person","@id":"https:\/\/www.africa-press.net\/cotedivoire\/#\/schema\/person\/2b1cf3cd81a31e3cd26889ca66d677f1","name":"cfeditorfr"}]}},"_links":{"self":[{"href":"https:\/\/www.africa-press.net\/cotedivoire\/wp-json\/wp\/v2\/posts\/8925","targetHints":{"allow":["GET"]}}],"collection":[{"href":"https:\/\/www.africa-press.net\/cotedivoire\/wp-json\/wp\/v2\/posts"}],"about":[{"href":"https:\/\/www.africa-press.net\/cotedivoire\/wp-json\/wp\/v2\/types\/post"}],"author":[{"embeddable":true,"href":"https:\/\/www.africa-press.net\/cotedivoire\/wp-json\/wp\/v2\/users\/82"}],"replies":[{"embeddable":true,"href":"https:\/\/www.africa-press.net\/cotedivoire\/wp-json\/wp\/v2\/comments?post=8925"}],"version-history":[{"count":0,"href":"https:\/\/www.africa-press.net\/cotedivoire\/wp-json\/wp\/v2\/posts\/8925\/revisions"}],"wp:featuredmedia":[{"embeddable":true,"href":"https:\/\/www.africa-press.net\/cotedivoire\/wp-json\/wp\/v2\/media\/8924"}],"wp:attachment":[{"href":"https:\/\/www.africa-press.net\/cotedivoire\/wp-json\/wp\/v2\/media?parent=8925"}],"wp:term":[{"taxonomy":"category","embeddable":true,"href":"https:\/\/www.africa-press.net\/cotedivoire\/wp-json\/wp\/v2\/categories?post=8925"},{"taxonomy":"post_tag","embeddable":true,"href":"https:\/\/www.africa-press.net\/cotedivoire\/wp-json\/wp\/v2\/tags?post=8925"}],"curies":[{"name":"wp","href":"https:\/\/api.w.org\/{rel}","templated":true}]}}