{"id":8934,"date":"2021-06-13T13:14:29","date_gmt":"2021-06-13T13:14:29","guid":{"rendered":"https:\/\/www.africa-press.net\/cotedivoire\/?p=8934"},"modified":"2021-06-13T16:44:38","modified_gmt":"2021-06-13T16:44:38","slug":"cote-divoire-trois-militaires-tues-dans-une-attaque-a-la-frontiere-du-burkina-faso","status":"publish","type":"post","link":"https:\/\/www.africa-press.net\/cotedivoire\/politique\/cote-divoire-trois-militaires-tues-dans-une-attaque-a-la-frontiere-du-burkina-faso","title":{"rendered":"trois militaires tu\u00e9s dans une attaque \u00e0 la fronti\u00e8re du Burkina Faso"},"content":{"rendered":"<p><span style=\"color: #ff6600\"><strong><a href=\"https:\/\/www.africa-press.net\/\">Africa-Press<\/a> &#8211; <a href=\"https:\/\/www.africa-press.net\/cotedivoire\">C\u00f4te d&rsquo;Ivoire<\/a>. <\/strong><\/span>Au moins deux soldats et un gendarme ont \u00e9t\u00e9 tu\u00e9s samedi lors du passage de leur v\u00e9hicule sur un engin explosif, dans la r\u00e9gion de Tehini (nord-est de la C\u00f4te d\u2019Ivoire), pr\u00e8s de la fronti\u00e8re avec le Burkina Faso.<\/p>\n<p>\u00ab Le bilan fait \u00e9tat de trois morts et quatre bless\u00e9s. Ces derniers ont \u00e9t\u00e9 \u00e9vacu\u00e9s et pris en charge \u00bb, affirme dimanche un communiqu\u00e9 du chef d\u2019\u00c9tat-major g\u00e9n\u00e9ral des arm\u00e9es, moins d\u2019une semaine apr\u00e8s l\u2019attaque men\u00e9e par des jihadistes pr\u00e9sum\u00e9s dans la localit\u00e9 de Tougbo, \u00e0 quelques kilom\u00e8tres de la fronti\u00e8re burkinab\u00e8, selon une source s\u00e9curitaire.<\/p>\n<p>Cette explosion intervient deux jours apr\u00e8s l\u2019inauguration d\u2019une Acad\u00e9mie internationale de lutte contre le terrorisme (AILCT) \u00e0 Jacqueville, pr\u00e8s d\u2019Abidjan, par le Premier ministre ivoirien Patrick Achi et son ministre de la D\u00e9fense, T\u00e9n\u00e9 Birahima Ouattara, aux c\u00f4t\u00e9s du ministre fran\u00e7ais des Affaires \u00e9trang\u00e8res Jean-Yves Le Drian. L\u2019AILCT vise \u00e0 aider au combat contre les jihadistes qui intensifient leurs actions sanglantes dans le Sahel voisin.<\/p>\n<p><b>Emprise des groupes jihadistes<\/b><\/p>\n<p>Cette attaque est la quatri\u00e8me en un peu plus de deux mois commise dans cette r\u00e9gion. Les derni\u00e8res attaques dans le nord de la C\u00f4te d\u2019Ivoire pr\u00e8s de la fronti\u00e8re du Burkina Faso remontent au 29 mars, lorsque deux positions de l\u2019arm\u00e9e \u00e0 Kafolo et Kolobougou avaient \u00e9t\u00e9 prises pour cibles par des hommes arm\u00e9s, faisant six morts, trois soldats et \u00ab trois terroristes \u00bb.<\/p>\n<p>L\u2019attaque de Kafolo \u00e9tait \u00ab le fait d\u2019une soixantaine de terroristes lourdement arm\u00e9s venant du Burkina Faso \u00bb, selon l\u2019arm\u00e9e. Dans la nuit du 10 au 11 juin 2020, une attaque contre l\u2019arm\u00e9e ivoirienne s\u2019y \u00e9tait d\u00e9j\u00e0 produite, au cours de laquelle 14 soldats avaient \u00e9t\u00e9 tu\u00e9s.<\/p>\n<p>Attribu\u00e9es aux jihadistes qui frappent dans plusieurs pays voisins \u2013 Burkina Faso, Mali et Niger \u2013 ces attaques n\u2019ont pas \u00e9t\u00e9 revendiqu\u00e9es. \u00ab Le nord de la C\u00f4te d\u2019Ivoire frontalier avec le Burkina Faso commence \u00e0 \u00eatre sous l\u2019emprise des groupes jihadistes. Cette r\u00e9gion constitue un enjeu important de s\u00e9curit\u00e9 pour l\u2019\u00c9tat ivoirien \u00bb, a affirm\u00e9 l\u2019expert antiterroriste ivoirien Lassina Diarra, notant que \u00ab depuis quelques mois, des personnes, certes ultra-minoritaires, commencent \u00e0 \u00eatre s\u00e9duites \u00bb par les jihadistes.<\/p>\n","protected":false},"excerpt":{"rendered":"<p>Africa-Press &#8211; C\u00f4te d&rsquo;Ivoire. Au moins deux soldats et un gendarme ont \u00e9t\u00e9 tu\u00e9s samedi lors du passage de leur v\u00e9hicule sur un engin explosif, dans la r\u00e9gion de Tehini (nord-est de la C\u00f4te d\u2019Ivoire), pr\u00e8s de la fronti\u00e8re avec le Burkina Faso. \u00ab Le bilan fait \u00e9tat de trois morts et quatre bless\u00e9s. Ces [&hellip;]<\/p>\n","protected":false},"author":82,"featured_media":8933,"comment_status":"open","ping_status":"closed","sticky":false,"template":"","format":"standard","meta":{"footnotes":""},"categories":[11,2,20,10],"tags":[56,63,29],"class_list":["post-8934","post","type-post","status-publish","format-standard","has-post-thumbnail","hentry","category-homepage-french","category-politique","category-top-nouvelles","category-toutes-les-actualites","tag-africa-press","tag-africa-press-cote-divoire","tag-cote-divoire"],"yoast_head":"<!-- This site is optimized with the Yoast SEO Premium plugin v26.1 (Yoast SEO v27.0) - https:\/\/yoast.com\/product\/yoast-seo-premium-wordpress\/ -->\n<title>trois militaires tu\u00e9s dans une attaque \u00e0 la fronti\u00e8re du Burkina Faso - C\u00f4te d&#039;Ivoire<\/title>\n<meta name=\"description\" content=\"Au moins deux soldats et un gendarme ont \u00e9t\u00e9 tu\u00e9s samedi lors du passage de leur v\u00e9hicule sur un engin explosif, dans la ...\" \/>\n<meta name=\"robots\" content=\"index, follow, max-snippet:-1, max-image-preview:large, max-video-preview:-1\" \/>\n<link rel=\"canonical\" href=\"https:\/\/www.africa-press.net\/cotedivoire\/politique\/cote-divoire-trois-militaires-tues-dans-une-attaque-a-la-frontiere-du-burkina-faso\" \/>\n<meta property=\"og:locale\" content=\"fr_FR\" \/>\n<meta property=\"og:type\" content=\"article\" \/>\n<meta property=\"og:title\" content=\"trois militaires tu\u00e9s dans une attaque \u00e0 la fronti\u00e8re du Burkina Faso\" \/>\n<meta property=\"og:description\" content=\"Au moins deux soldats et un gendarme ont \u00e9t\u00e9 tu\u00e9s samedi lors du passage de leur v\u00e9hicule sur un engin explosif, dans la ...\" \/>\n<meta property=\"og:url\" content=\"https:\/\/www.africa-press.net\/cotedivoire\/politique\/cote-divoire-trois-militaires-tues-dans-une-attaque-a-la-frontiere-du-burkina-faso\" \/>\n<meta property=\"og:site_name\" content=\"C\u00f4te d&#039;Ivoire\" \/>\n<meta property=\"article:published_time\" content=\"2021-06-13T13:14:29+00:00\" \/>\n<meta property=\"article:modified_time\" content=\"2021-06-13T16:44:38+00:00\" \/>\n<meta property=\"og:image\" content=\"https:\/\/static.africa-press.net\/cote\/sites\/43\/2021\/06\/img-60c5fd6516a98.jpg\" \/>\n\t<meta property=\"og:image:width\" content=\"720\" \/>\n\t<meta property=\"og:image:height\" content=\"360\" \/>\n\t<meta property=\"og:image:type\" content=\"image\/jpeg\" \/>\n<meta name=\"author\" content=\"cfeditorfr\" \/>\n<meta name=\"twitter:card\" content=\"summary_large_image\" \/>\n<meta name=\"twitter:label1\" content=\"\u00c9crit par\" \/>\n\t<meta name=\"twitter:data1\" content=\"cfeditorfr\" \/>\n\t<meta name=\"twitter:label2\" content=\"Dur\u00e9e de lecture estim\u00e9e\" \/>\n\t<meta name=\"twitter:data2\" content=\"2 minutes\" \/>\n<script type=\"application\/ld+json\" class=\"yoast-schema-graph\">{\"@context\":\"https:\/\/schema.org\",\"@graph\":[{\"@type\":\"Article\",\"@id\":\"https:\/\/www.africa-press.net\/cotedivoire\/politique\/cote-divoire-trois-militaires-tues-dans-une-attaque-a-la-frontiere-du-burkina-faso#article\",\"isPartOf\":{\"@id\":\"https:\/\/www.africa-press.net\/cotedivoire\/politique\/cote-divoire-trois-militaires-tues-dans-une-attaque-a-la-frontiere-du-burkina-faso\"},\"author\":{\"name\":\"cfeditorfr\",\"@id\":\"https:\/\/www.africa-press.net\/cotedivoire\/#\/schema\/person\/2b1cf3cd81a31e3cd26889ca66d677f1\"},\"headline\":\"trois militaires tu\u00e9s dans une attaque \u00e0 la fronti\u00e8re du Burkina Faso\",\"datePublished\":\"2021-06-13T13:14:29+00:00\",\"dateModified\":\"2021-06-13T16:44:38+00:00\",\"mainEntityOfPage\":{\"@id\":\"https:\/\/www.africa-press.net\/cotedivoire\/politique\/cote-divoire-trois-militaires-tues-dans-une-attaque-a-la-frontiere-du-burkina-faso\"},\"wordCount\":418,\"commentCount\":0,\"image\":{\"@id\":\"https:\/\/www.africa-press.net\/cotedivoire\/politique\/cote-divoire-trois-militaires-tues-dans-une-attaque-a-la-frontiere-du-burkina-faso#primaryimage\"},\"thumbnailUrl\":\"https:\/\/static.africa-press.net\/cote\/sites\/43\/2021\/06\/img-60c5fd6516a98.jpg\",\"keywords\":[\"Africa Press\",\"Africa Press-C\u00f4te d'Ivoire\",\"C\u00d4TE D'IVOIRE\"],\"articleSection\":[\"homepage-french\",\"Politique\",\"Top Nouvelles\",\"Toutes les actualit\u00e9s\"],\"inLanguage\":\"fr-FR\",\"potentialAction\":[{\"@type\":\"CommentAction\",\"name\":\"Comment\",\"target\":[\"https:\/\/www.africa-press.net\/cotedivoire\/politique\/cote-divoire-trois-militaires-tues-dans-une-attaque-a-la-frontiere-du-burkina-faso#respond\"]}]},{\"@type\":\"WebPage\",\"@id\":\"https:\/\/www.africa-press.net\/cotedivoire\/politique\/cote-divoire-trois-militaires-tues-dans-une-attaque-a-la-frontiere-du-burkina-faso\",\"url\":\"https:\/\/www.africa-press.net\/cotedivoire\/politique\/cote-divoire-trois-militaires-tues-dans-une-attaque-a-la-frontiere-du-burkina-faso\",\"name\":\"trois militaires tu\u00e9s dans une attaque \u00e0 la fronti\u00e8re du Burkina Faso - C\u00f4te d&#039;Ivoire\",\"isPartOf\":{\"@id\":\"https:\/\/www.africa-press.net\/cotedivoire\/#website\"},\"primaryImageOfPage\":{\"@id\":\"https:\/\/www.africa-press.net\/cotedivoire\/politique\/cote-divoire-trois-militaires-tues-dans-une-attaque-a-la-frontiere-du-burkina-faso#primaryimage\"},\"image\":{\"@id\":\"https:\/\/www.africa-press.net\/cotedivoire\/politique\/cote-divoire-trois-militaires-tues-dans-une-attaque-a-la-frontiere-du-burkina-faso#primaryimage\"},\"thumbnailUrl\":\"https:\/\/static.africa-press.net\/cote\/sites\/43\/2021\/06\/img-60c5fd6516a98.jpg\",\"datePublished\":\"2021-06-13T13:14:29+00:00\",\"dateModified\":\"2021-06-13T16:44:38+00:00\",\"author\":{\"@id\":\"https:\/\/www.africa-press.net\/cotedivoire\/#\/schema\/person\/2b1cf3cd81a31e3cd26889ca66d677f1\"},\"description\":\"Au moins deux soldats et un gendarme ont \u00e9t\u00e9 tu\u00e9s samedi lors du passage de leur v\u00e9hicule sur un engin explosif, dans la ...\",\"breadcrumb\":{\"@id\":\"https:\/\/www.africa-press.net\/cotedivoire\/politique\/cote-divoire-trois-militaires-tues-dans-une-attaque-a-la-frontiere-du-burkina-faso#breadcrumb\"},\"inLanguage\":\"fr-FR\",\"potentialAction\":[{\"@type\":\"ReadAction\",\"target\":[\"https:\/\/www.africa-press.net\/cotedivoire\/politique\/cote-divoire-trois-militaires-tues-dans-une-attaque-a-la-frontiere-du-burkina-faso\"]}]},{\"@type\":\"ImageObject\",\"inLanguage\":\"fr-FR\",\"@id\":\"https:\/\/www.africa-press.net\/cotedivoire\/politique\/cote-divoire-trois-militaires-tues-dans-une-attaque-a-la-frontiere-du-burkina-faso#primaryimage\",\"url\":\"https:\/\/static.africa-press.net\/cote\/sites\/43\/2021\/06\/img-60c5fd6516a98.jpg\",\"contentUrl\":\"https:\/\/static.africa-press.net\/cote\/sites\/43\/2021\/06\/img-60c5fd6516a98.jpg\",\"width\":720,\"height\":360,\"caption\":\"C\u00f4te d\u2019Ivoire : trois militaires tu\u00e9s dans une attaque \u00e0 la fronti\u00e8re du Burkina Faso\"},{\"@type\":\"BreadcrumbList\",\"@id\":\"https:\/\/www.africa-press.net\/cotedivoire\/politique\/cote-divoire-trois-militaires-tues-dans-une-attaque-a-la-frontiere-du-burkina-faso#breadcrumb\",\"itemListElement\":[{\"@type\":\"ListItem\",\"position\":1,\"name\":\"Accueil\",\"item\":\"https:\/\/www.africa-press.net\/cotedivoire\/\"},{\"@type\":\"ListItem\",\"position\":2,\"name\":\"trois militaires tu\u00e9s dans une attaque \u00e0 la fronti\u00e8re du Burkina Faso\"}]},{\"@type\":\"WebSite\",\"@id\":\"https:\/\/www.africa-press.net\/cotedivoire\/#website\",\"url\":\"https:\/\/www.africa-press.net\/cotedivoire\/\",\"name\":\"C\u00f4te d&#039;Ivoire\",\"description\":\"Just another Africa News Agency Sites site\",\"potentialAction\":[{\"@type\":\"SearchAction\",\"target\":{\"@type\":\"EntryPoint\",\"urlTemplate\":\"https:\/\/www.africa-press.net\/cotedivoire\/?s={search_term_string}\"},\"query-input\":{\"@type\":\"PropertyValueSpecification\",\"valueRequired\":true,\"valueName\":\"search_term_string\"}}],\"inLanguage\":\"fr-FR\"},{\"@type\":\"Person\",\"@id\":\"https:\/\/www.africa-press.net\/cotedivoire\/#\/schema\/person\/2b1cf3cd81a31e3cd26889ca66d677f1\",\"name\":\"cfeditorfr\"}]}<\/script>\n<!-- \/ Yoast SEO Premium plugin. -->","yoast_head_json":{"title":"trois militaires tu\u00e9s dans une attaque \u00e0 la fronti\u00e8re du Burkina Faso - C\u00f4te d&#039;Ivoire","description":"Au moins deux soldats et un gendarme ont \u00e9t\u00e9 tu\u00e9s samedi lors du passage de leur v\u00e9hicule sur un engin explosif, dans la ...","robots":{"index":"index","follow":"follow","max-snippet":"max-snippet:-1","max-image-preview":"max-image-preview:large","max-video-preview":"max-video-preview:-1"},"canonical":"https:\/\/www.africa-press.net\/cotedivoire\/politique\/cote-divoire-trois-militaires-tues-dans-une-attaque-a-la-frontiere-du-burkina-faso","og_locale":"fr_FR","og_type":"article","og_title":"trois militaires tu\u00e9s dans une attaque \u00e0 la fronti\u00e8re du Burkina Faso","og_description":"Au moins deux soldats et un gendarme ont \u00e9t\u00e9 tu\u00e9s samedi lors du passage de leur v\u00e9hicule sur un engin explosif, dans la ...","og_url":"https:\/\/www.africa-press.net\/cotedivoire\/politique\/cote-divoire-trois-militaires-tues-dans-une-attaque-a-la-frontiere-du-burkina-faso","og_site_name":"C\u00f4te d&#039;Ivoire","article_published_time":"2021-06-13T13:14:29+00:00","article_modified_time":"2021-06-13T16:44:38+00:00","og_image":[{"width":720,"height":360,"url":"https:\/\/static.africa-press.net\/cote\/sites\/43\/2021\/06\/img-60c5fd6516a98.jpg","type":"image\/jpeg"}],"author":"cfeditorfr","twitter_card":"summary_large_image","twitter_misc":{"\u00c9crit par":"cfeditorfr","Dur\u00e9e de lecture estim\u00e9e":"2 minutes"},"schema":{"@context":"https:\/\/schema.org","@graph":[{"@type":"Article","@id":"https:\/\/www.africa-press.net\/cotedivoire\/politique\/cote-divoire-trois-militaires-tues-dans-une-attaque-a-la-frontiere-du-burkina-faso#article","isPartOf":{"@id":"https:\/\/www.africa-press.net\/cotedivoire\/politique\/cote-divoire-trois-militaires-tues-dans-une-attaque-a-la-frontiere-du-burkina-faso"},"author":{"name":"cfeditorfr","@id":"https:\/\/www.africa-press.net\/cotedivoire\/#\/schema\/person\/2b1cf3cd81a31e3cd26889ca66d677f1"},"headline":"trois militaires tu\u00e9s dans une attaque \u00e0 la fronti\u00e8re du Burkina Faso","datePublished":"2021-06-13T13:14:29+00:00","dateModified":"2021-06-13T16:44:38+00:00","mainEntityOfPage":{"@id":"https:\/\/www.africa-press.net\/cotedivoire\/politique\/cote-divoire-trois-militaires-tues-dans-une-attaque-a-la-frontiere-du-burkina-faso"},"wordCount":418,"commentCount":0,"image":{"@id":"https:\/\/www.africa-press.net\/cotedivoire\/politique\/cote-divoire-trois-militaires-tues-dans-une-attaque-a-la-frontiere-du-burkina-faso#primaryimage"},"thumbnailUrl":"https:\/\/static.africa-press.net\/cote\/sites\/43\/2021\/06\/img-60c5fd6516a98.jpg","keywords":["Africa Press","Africa Press-C\u00f4te d'Ivoire","C\u00d4TE D'IVOIRE"],"articleSection":["homepage-french","Politique","Top Nouvelles","Toutes les actualit\u00e9s"],"inLanguage":"fr-FR","potentialAction":[{"@type":"CommentAction","name":"Comment","target":["https:\/\/www.africa-press.net\/cotedivoire\/politique\/cote-divoire-trois-militaires-tues-dans-une-attaque-a-la-frontiere-du-burkina-faso#respond"]}]},{"@type":"WebPage","@id":"https:\/\/www.africa-press.net\/cotedivoire\/politique\/cote-divoire-trois-militaires-tues-dans-une-attaque-a-la-frontiere-du-burkina-faso","url":"https:\/\/www.africa-press.net\/cotedivoire\/politique\/cote-divoire-trois-militaires-tues-dans-une-attaque-a-la-frontiere-du-burkina-faso","name":"trois militaires tu\u00e9s dans une attaque \u00e0 la fronti\u00e8re du Burkina Faso - C\u00f4te d&#039;Ivoire","isPartOf":{"@id":"https:\/\/www.africa-press.net\/cotedivoire\/#website"},"primaryImageOfPage":{"@id":"https:\/\/www.africa-press.net\/cotedivoire\/politique\/cote-divoire-trois-militaires-tues-dans-une-attaque-a-la-frontiere-du-burkina-faso#primaryimage"},"image":{"@id":"https:\/\/www.africa-press.net\/cotedivoire\/politique\/cote-divoire-trois-militaires-tues-dans-une-attaque-a-la-frontiere-du-burkina-faso#primaryimage"},"thumbnailUrl":"https:\/\/static.africa-press.net\/cote\/sites\/43\/2021\/06\/img-60c5fd6516a98.jpg","datePublished":"2021-06-13T13:14:29+00:00","dateModified":"2021-06-13T16:44:38+00:00","author":{"@id":"https:\/\/www.africa-press.net\/cotedivoire\/#\/schema\/person\/2b1cf3cd81a31e3cd26889ca66d677f1"},"description":"Au moins deux soldats et un gendarme ont \u00e9t\u00e9 tu\u00e9s samedi lors du passage de leur v\u00e9hicule sur un engin explosif, dans la ...","breadcrumb":{"@id":"https:\/\/www.africa-press.net\/cotedivoire\/politique\/cote-divoire-trois-militaires-tues-dans-une-attaque-a-la-frontiere-du-burkina-faso#breadcrumb"},"inLanguage":"fr-FR","potentialAction":[{"@type":"ReadAction","target":["https:\/\/www.africa-press.net\/cotedivoire\/politique\/cote-divoire-trois-militaires-tues-dans-une-attaque-a-la-frontiere-du-burkina-faso"]}]},{"@type":"ImageObject","inLanguage":"fr-FR","@id":"https:\/\/www.africa-press.net\/cotedivoire\/politique\/cote-divoire-trois-militaires-tues-dans-une-attaque-a-la-frontiere-du-burkina-faso#primaryimage","url":"https:\/\/static.africa-press.net\/cote\/sites\/43\/2021\/06\/img-60c5fd6516a98.jpg","contentUrl":"https:\/\/static.africa-press.net\/cote\/sites\/43\/2021\/06\/img-60c5fd6516a98.jpg","width":720,"height":360,"caption":"C\u00f4te d\u2019Ivoire : trois militaires tu\u00e9s dans une attaque \u00e0 la fronti\u00e8re du Burkina Faso"},{"@type":"BreadcrumbList","@id":"https:\/\/www.africa-press.net\/cotedivoire\/politique\/cote-divoire-trois-militaires-tues-dans-une-attaque-a-la-frontiere-du-burkina-faso#breadcrumb","itemListElement":[{"@type":"ListItem","position":1,"name":"Accueil","item":"https:\/\/www.africa-press.net\/cotedivoire\/"},{"@type":"ListItem","position":2,"name":"trois militaires tu\u00e9s dans une attaque \u00e0 la fronti\u00e8re du Burkina Faso"}]},{"@type":"WebSite","@id":"https:\/\/www.africa-press.net\/cotedivoire\/#website","url":"https:\/\/www.africa-press.net\/cotedivoire\/","name":"C\u00f4te d&#039;Ivoire","description":"Just another Africa News Agency Sites site","potentialAction":[{"@type":"SearchAction","target":{"@type":"EntryPoint","urlTemplate":"https:\/\/www.africa-press.net\/cotedivoire\/?s={search_term_string}"},"query-input":{"@type":"PropertyValueSpecification","valueRequired":true,"valueName":"search_term_string"}}],"inLanguage":"fr-FR"},{"@type":"Person","@id":"https:\/\/www.africa-press.net\/cotedivoire\/#\/schema\/person\/2b1cf3cd81a31e3cd26889ca66d677f1","name":"cfeditorfr"}]}},"_links":{"self":[{"href":"https:\/\/www.africa-press.net\/cotedivoire\/wp-json\/wp\/v2\/posts\/8934","targetHints":{"allow":["GET"]}}],"collection":[{"href":"https:\/\/www.africa-press.net\/cotedivoire\/wp-json\/wp\/v2\/posts"}],"about":[{"href":"https:\/\/www.africa-press.net\/cotedivoire\/wp-json\/wp\/v2\/types\/post"}],"author":[{"embeddable":true,"href":"https:\/\/www.africa-press.net\/cotedivoire\/wp-json\/wp\/v2\/users\/82"}],"replies":[{"embeddable":true,"href":"https:\/\/www.africa-press.net\/cotedivoire\/wp-json\/wp\/v2\/comments?post=8934"}],"version-history":[{"count":0,"href":"https:\/\/www.africa-press.net\/cotedivoire\/wp-json\/wp\/v2\/posts\/8934\/revisions"}],"wp:featuredmedia":[{"embeddable":true,"href":"https:\/\/www.africa-press.net\/cotedivoire\/wp-json\/wp\/v2\/media\/8933"}],"wp:attachment":[{"href":"https:\/\/www.africa-press.net\/cotedivoire\/wp-json\/wp\/v2\/media?parent=8934"}],"wp:term":[{"taxonomy":"category","embeddable":true,"href":"https:\/\/www.africa-press.net\/cotedivoire\/wp-json\/wp\/v2\/categories?post=8934"},{"taxonomy":"post_tag","embeddable":true,"href":"https:\/\/www.africa-press.net\/cotedivoire\/wp-json\/wp\/v2\/tags?post=8934"}],"curies":[{"name":"wp","href":"https:\/\/api.w.org\/{rel}","templated":true}]}}