{"id":8937,"date":"2021-06-13T13:21:09","date_gmt":"2021-06-13T13:21:09","guid":{"rendered":"https:\/\/www.africa-press.net\/cotedivoire\/?p=8937"},"modified":"2021-06-13T16:44:54","modified_gmt":"2021-06-13T16:44:54","slug":"cote-divoire-deuxieme-attaque-djihadiste-en-moins-dune-semaine-a-la-frontiere-burkinabe","status":"publish","type":"post","link":"https:\/\/www.africa-press.net\/cotedivoire\/dossiers\/cote-divoire-deuxieme-attaque-djihadiste-en-moins-dune-semaine-a-la-frontiere-burkinabe","title":{"rendered":"Deuxi\u00e8me attaque djihadiste en moins d\u2019une semaine \u00e0 la fronti\u00e8re burkinab\u00e9"},"content":{"rendered":"<p><span style=\"color: #ff6600\"><strong><a href=\"https:\/\/www.africa-press.net\/\">Africa-Press<\/a> &#8211; <a href=\"https:\/\/www.africa-press.net\/cotedivoire\">C\u00f4te d&rsquo;Ivoire<\/a>. <\/strong><\/span><b>Une embuscade a entra\u00een\u00e9 la mort de 2 soldats et un gendarme, dans la r\u00e9gion de T\u00e8hini (nord-est de la C\u00f4te d\u2019Ivoire), moins d\u2019une semaine apr\u00e8s l\u2019attaque de djihadistes dans la localit\u00e9 de Tougbo, proche de la fronti\u00e8re avec le Burkina Faso.<\/b><\/p>\n<p>\u00ab Le samedi 12 juin 2021, aux environs de 19h, une patrouille de reconnaissance des Forces Arm\u00e9es de C\u00f4te d\u2019Ivoire a \u00e9t\u00e9 l\u2019objet d\u2019une attaque complexe, sur l\u2019axe TEHINI &#8211; TOGOLOKAYE (localit\u00e9 frontali\u00e8re du Burkina-Faso). Il s\u2019agit d\u2019une embuscade avec usage d\u2019engin explosif improvis\u00e9 au contact duquel un des v\u00e9hicules a saut\u00e9. \u00bb affirme le communiqu\u00e9 de l\u2019Etat major g\u00e9n\u00e9ral des arm\u00e9es, dat\u00e9 du 13 juin. \u00ab Le bilan fait \u00e9tait de 3 morts et de 4 bless\u00e9s \u00bb. Les trois personnes d\u00e9c\u00e9d\u00e9es sont deux soldats et un gendarme. Voir aussi : Burkina Faso : o\u00f9 en est la lutte anti-djihadiste ? Chargement du lecteur&#8230;<\/p>\n<p><b>Des attaques r\u00e9p\u00e9t\u00e9es<\/b><\/p>\n<p>Cette explosion intervient deux jours apr\u00e8s l&rsquo;inauguration d&rsquo;une Acad\u00e9mie internationale de lutte contre le terrorisme (AILCT) \u00e0 Jacqueville, pr\u00e8s d&rsquo;Abidjan, par le Premier ministre ivoirien Patrick Achi et son ministre de la D\u00e9fense, T\u00e9n\u00e9 Birahima Ouattara, aux c\u00f4t\u00e9s du ministre fran\u00e7ais des Affaires \u00e9trang\u00e8res Jean-Yves Le Drian. L&rsquo;objectif de L&rsquo;AILCT est de fournir une aide au combat contre les jihadistes qui intensifient leurs actions sanglantes dans le Sahel voisin.<\/p>\n<p>Lire aussi : C\u00f4te d&rsquo;Ivoire: au moins six morts dans deux attaques contre l&rsquo;arm\u00e9e \u00e0 la fronti\u00e8re burkinab\u00e9e Cette attaque est la deuxi\u00e8me en moins d&rsquo;une semaine apr\u00e8s celle de Tougbo, non loin de la fronti\u00e8re burkinab\u00e8, mais aussi la quatri\u00e8me en deux mois dans la r\u00e9gion. Les derni\u00e8res attaques dans le nord de la C\u00f4te d&rsquo;Ivoire, toujours pr\u00e8s de la fronti\u00e8re du Burkina Faso, remontent au 29 mars, lorsque deux positions de l&rsquo;arm\u00e9e \u00e0 Kafolo et Kolobougou avaient \u00e9t\u00e9 prises pour cibles par des hommes arm\u00e9s faisant six morts, trois soldats et \u00ab\u00a0trois terroristes\u00a0\u00bb.<\/p>\n<p>Lire aussi : C\u00f4te d&rsquo;Ivoire : le chef du commando de l&rsquo;attaque djihadiste de Kafolo captur\u00e9 L\u2019an dernier, dans la nuit du 10 au 11 juin 2020, une attaque contre l&rsquo;arm\u00e9e ivoirienne s&rsquo;\u00e9tait d\u00e9j\u00e0 produite une fois de plus \u00e0 Kafolo, au cours de laquelle 14 soldats avaient \u00e9t\u00e9 tu\u00e9s. Attribu\u00e9es aux jihadistes qui frappent dans plusieurs pays voisins &#8211; Burkina Faso, Mali et Niger &#8211; ces attaques n&rsquo;ont pas toutefois \u00e9t\u00e9 revendiqu\u00e9es.<\/p>\n<p><b>Le Sahel en proie du djihadisme<\/b><\/p>\n<p>La C\u00f4te d&rsquo;Ivoire avait \u00e9t\u00e9 frapp\u00e9e une premi\u00e8re fois en mars 2016, dans la ville baln\u00e9aire de Grand-Bassam, pr\u00e8s d&rsquo;Abidjan: des assaillants djihadistes avaient ouvert le feu sur la plage et des h\u00f4tels, faisant 19 morts. Lire aussi : Terrorisme : cinq ans apr\u00e8s Grand-Bassam, l\u2019ombre des djihadistes plane sur le golfe de Guin\u00e9e<\/p>\n<p>Le Sahel est la cible d&rsquo;attaques et attentats meurtriers d&rsquo;une myriade de groupes jihadistes, li\u00e9s soit \u00e0 Al-Qa\u00efda soit au groupe Etat islamique (EI), implant\u00e9s dans des zones largement d\u00e9laiss\u00e9s par les pouvoirs centraux. Outre le Sahel, les groupes jihadistes frappent aussi \u00e0 intervalles r\u00e9guliers dans les pays du Golfe de Guin\u00e9e depuis plusieurs ann\u00e9es, notamment la C\u00f4te d\u2019Ivoire.<\/p>\n<p>\u00ab\u00a0Le Nord de la C\u00f4te d&rsquo;Ivoire frontalier avec le Burkina Faso commence \u00e0 \u00eatre sous l&#8217;emprise des groupes jihadistes. Cette r\u00e9gion constitue un enjeu important de s\u00e9curit\u00e9 pour l&rsquo;Etat ivoirien\u00a0\u00bb, a affirm\u00e9 r\u00e9cemment l&rsquo;expert antiterroriste ivoirien Lassina Diarra, en notant que \u00ab\u00a0depuis quelques mois, des personnes, certes ultra-minoritaires commencent \u00e0 \u00eatre s\u00e9duites\u00a0\u00bb par les jihadistes. Le communiqu\u00e9 de l&rsquo;arm\u00e9e ivoirienne le samedi 12 juin 2021 au soir.<\/p>\n","protected":false},"excerpt":{"rendered":"<p>Africa-Press &#8211; C\u00f4te d&rsquo;Ivoire. Une embuscade a entra\u00een\u00e9 la mort de 2 soldats et un gendarme, dans la r\u00e9gion de T\u00e8hini (nord-est de la C\u00f4te d\u2019Ivoire), moins d\u2019une semaine apr\u00e8s l\u2019attaque de djihadistes dans la localit\u00e9 de Tougbo, proche de la fronti\u00e8re avec le Burkina Faso. \u00ab Le samedi 12 juin 2021, aux environs de [&hellip;]<\/p>\n","protected":false},"author":82,"featured_media":8936,"comment_status":"open","ping_status":"closed","sticky":false,"template":"","format":"standard","meta":{"footnotes":""},"categories":[7,11,10],"tags":[56,63,29],"class_list":["post-8937","post","type-post","status-publish","format-standard","has-post-thumbnail","hentry","category-dossiers","category-homepage-french","category-toutes-les-actualites","tag-africa-press","tag-africa-press-cote-divoire","tag-cote-divoire"],"yoast_head":"<!-- This site is optimized with the Yoast SEO Premium plugin v26.1 (Yoast SEO v27.0) - https:\/\/yoast.com\/product\/yoast-seo-premium-wordpress\/ -->\n<title>Deuxi\u00e8me attaque djihadiste en moins d\u2019une semaine \u00e0 la fronti\u00e8re burkinab\u00e9 - C\u00f4te d&#039;Ivoire<\/title>\n<meta name=\"description\" content=\"Une embuscade a entra\u00een\u00e9 la mort de 2 soldats et un gendarme, dans la r\u00e9gion de T\u00e8hini (nord-est de la C\u00f4te d\u2019Ivoire) ...\" \/>\n<meta name=\"robots\" content=\"index, follow, max-snippet:-1, max-image-preview:large, max-video-preview:-1\" \/>\n<link rel=\"canonical\" href=\"https:\/\/www.africa-press.net\/cotedivoire\/dossiers\/cote-divoire-deuxieme-attaque-djihadiste-en-moins-dune-semaine-a-la-frontiere-burkinabe\" \/>\n<meta property=\"og:locale\" content=\"fr_FR\" \/>\n<meta property=\"og:type\" content=\"article\" \/>\n<meta property=\"og:title\" content=\"Deuxi\u00e8me attaque djihadiste en moins d\u2019une semaine \u00e0 la fronti\u00e8re burkinab\u00e9\" \/>\n<meta property=\"og:description\" content=\"Une embuscade a entra\u00een\u00e9 la mort de 2 soldats et un gendarme, dans la r\u00e9gion de T\u00e8hini (nord-est de la C\u00f4te d\u2019Ivoire) ...\" \/>\n<meta property=\"og:url\" content=\"https:\/\/www.africa-press.net\/cotedivoire\/dossiers\/cote-divoire-deuxieme-attaque-djihadiste-en-moins-dune-semaine-a-la-frontiere-burkinabe\" \/>\n<meta property=\"og:site_name\" content=\"C\u00f4te d&#039;Ivoire\" \/>\n<meta property=\"article:published_time\" content=\"2021-06-13T13:21:09+00:00\" \/>\n<meta property=\"article:modified_time\" content=\"2021-06-13T16:44:54+00:00\" \/>\n<meta property=\"og:image\" content=\"https:\/\/static.africa-press.net\/cote\/sites\/43\/2021\/06\/img-60c5fd8bac190.jpg\" \/>\n\t<meta property=\"og:image:width\" content=\"770\" \/>\n\t<meta property=\"og:image:height\" content=\"431\" \/>\n\t<meta property=\"og:image:type\" content=\"image\/jpeg\" \/>\n<meta name=\"author\" content=\"cfeditorfr\" \/>\n<meta name=\"twitter:card\" content=\"summary_large_image\" \/>\n<meta name=\"twitter:label1\" content=\"\u00c9crit par\" \/>\n\t<meta name=\"twitter:data1\" content=\"cfeditorfr\" \/>\n\t<meta name=\"twitter:label2\" content=\"Dur\u00e9e de lecture estim\u00e9e\" \/>\n\t<meta name=\"twitter:data2\" content=\"3 minutes\" \/>\n<script type=\"application\/ld+json\" class=\"yoast-schema-graph\">{\"@context\":\"https:\/\/schema.org\",\"@graph\":[{\"@type\":\"Article\",\"@id\":\"https:\/\/www.africa-press.net\/cotedivoire\/dossiers\/cote-divoire-deuxieme-attaque-djihadiste-en-moins-dune-semaine-a-la-frontiere-burkinabe#article\",\"isPartOf\":{\"@id\":\"https:\/\/www.africa-press.net\/cotedivoire\/dossiers\/cote-divoire-deuxieme-attaque-djihadiste-en-moins-dune-semaine-a-la-frontiere-burkinabe\"},\"author\":{\"name\":\"cfeditorfr\",\"@id\":\"https:\/\/www.africa-press.net\/cotedivoire\/#\/schema\/person\/2b1cf3cd81a31e3cd26889ca66d677f1\"},\"headline\":\"Deuxi\u00e8me attaque djihadiste en moins d\u2019une semaine \u00e0 la fronti\u00e8re burkinab\u00e9\",\"datePublished\":\"2021-06-13T13:21:09+00:00\",\"dateModified\":\"2021-06-13T16:44:54+00:00\",\"mainEntityOfPage\":{\"@id\":\"https:\/\/www.africa-press.net\/cotedivoire\/dossiers\/cote-divoire-deuxieme-attaque-djihadiste-en-moins-dune-semaine-a-la-frontiere-burkinabe\"},\"wordCount\":668,\"commentCount\":0,\"image\":{\"@id\":\"https:\/\/www.africa-press.net\/cotedivoire\/dossiers\/cote-divoire-deuxieme-attaque-djihadiste-en-moins-dune-semaine-a-la-frontiere-burkinabe#primaryimage\"},\"thumbnailUrl\":\"https:\/\/static.africa-press.net\/cote\/sites\/43\/2021\/06\/img-60c5fd8bac190.jpg\",\"keywords\":[\"Africa Press\",\"Africa Press-C\u00f4te d'Ivoire\",\"C\u00d4TE D'IVOIRE\"],\"articleSection\":[\"Dossiers\",\"homepage-french\",\"Toutes les actualit\u00e9s\"],\"inLanguage\":\"fr-FR\",\"potentialAction\":[{\"@type\":\"CommentAction\",\"name\":\"Comment\",\"target\":[\"https:\/\/www.africa-press.net\/cotedivoire\/dossiers\/cote-divoire-deuxieme-attaque-djihadiste-en-moins-dune-semaine-a-la-frontiere-burkinabe#respond\"]}]},{\"@type\":\"WebPage\",\"@id\":\"https:\/\/www.africa-press.net\/cotedivoire\/dossiers\/cote-divoire-deuxieme-attaque-djihadiste-en-moins-dune-semaine-a-la-frontiere-burkinabe\",\"url\":\"https:\/\/www.africa-press.net\/cotedivoire\/dossiers\/cote-divoire-deuxieme-attaque-djihadiste-en-moins-dune-semaine-a-la-frontiere-burkinabe\",\"name\":\"Deuxi\u00e8me attaque djihadiste en moins d\u2019une semaine \u00e0 la fronti\u00e8re burkinab\u00e9 - C\u00f4te d&#039;Ivoire\",\"isPartOf\":{\"@id\":\"https:\/\/www.africa-press.net\/cotedivoire\/#website\"},\"primaryImageOfPage\":{\"@id\":\"https:\/\/www.africa-press.net\/cotedivoire\/dossiers\/cote-divoire-deuxieme-attaque-djihadiste-en-moins-dune-semaine-a-la-frontiere-burkinabe#primaryimage\"},\"image\":{\"@id\":\"https:\/\/www.africa-press.net\/cotedivoire\/dossiers\/cote-divoire-deuxieme-attaque-djihadiste-en-moins-dune-semaine-a-la-frontiere-burkinabe#primaryimage\"},\"thumbnailUrl\":\"https:\/\/static.africa-press.net\/cote\/sites\/43\/2021\/06\/img-60c5fd8bac190.jpg\",\"datePublished\":\"2021-06-13T13:21:09+00:00\",\"dateModified\":\"2021-06-13T16:44:54+00:00\",\"author\":{\"@id\":\"https:\/\/www.africa-press.net\/cotedivoire\/#\/schema\/person\/2b1cf3cd81a31e3cd26889ca66d677f1\"},\"description\":\"Une embuscade a entra\u00een\u00e9 la mort de 2 soldats et un gendarme, dans la r\u00e9gion de T\u00e8hini (nord-est de la C\u00f4te d\u2019Ivoire) ...\",\"breadcrumb\":{\"@id\":\"https:\/\/www.africa-press.net\/cotedivoire\/dossiers\/cote-divoire-deuxieme-attaque-djihadiste-en-moins-dune-semaine-a-la-frontiere-burkinabe#breadcrumb\"},\"inLanguage\":\"fr-FR\",\"potentialAction\":[{\"@type\":\"ReadAction\",\"target\":[\"https:\/\/www.africa-press.net\/cotedivoire\/dossiers\/cote-divoire-deuxieme-attaque-djihadiste-en-moins-dune-semaine-a-la-frontiere-burkinabe\"]}]},{\"@type\":\"ImageObject\",\"inLanguage\":\"fr-FR\",\"@id\":\"https:\/\/www.africa-press.net\/cotedivoire\/dossiers\/cote-divoire-deuxieme-attaque-djihadiste-en-moins-dune-semaine-a-la-frontiere-burkinabe#primaryimage\",\"url\":\"https:\/\/static.africa-press.net\/cote\/sites\/43\/2021\/06\/img-60c5fd8bac190.jpg\",\"contentUrl\":\"https:\/\/static.africa-press.net\/cote\/sites\/43\/2021\/06\/img-60c5fd8bac190.jpg\",\"width\":770,\"height\":431,\"caption\":\"C\u00f4te d\u2019Ivoire : Deuxi\u00e8me attaque djihadiste en moins d\u2019une semaine \u00e0 la fronti\u00e8re burkinab\u00e9\"},{\"@type\":\"BreadcrumbList\",\"@id\":\"https:\/\/www.africa-press.net\/cotedivoire\/dossiers\/cote-divoire-deuxieme-attaque-djihadiste-en-moins-dune-semaine-a-la-frontiere-burkinabe#breadcrumb\",\"itemListElement\":[{\"@type\":\"ListItem\",\"position\":1,\"name\":\"Accueil\",\"item\":\"https:\/\/www.africa-press.net\/cotedivoire\/\"},{\"@type\":\"ListItem\",\"position\":2,\"name\":\"Deuxi\u00e8me attaque djihadiste en moins d\u2019une semaine \u00e0 la fronti\u00e8re burkinab\u00e9\"}]},{\"@type\":\"WebSite\",\"@id\":\"https:\/\/www.africa-press.net\/cotedivoire\/#website\",\"url\":\"https:\/\/www.africa-press.net\/cotedivoire\/\",\"name\":\"C\u00f4te d&#039;Ivoire\",\"description\":\"Just another Africa News Agency Sites site\",\"potentialAction\":[{\"@type\":\"SearchAction\",\"target\":{\"@type\":\"EntryPoint\",\"urlTemplate\":\"https:\/\/www.africa-press.net\/cotedivoire\/?s={search_term_string}\"},\"query-input\":{\"@type\":\"PropertyValueSpecification\",\"valueRequired\":true,\"valueName\":\"search_term_string\"}}],\"inLanguage\":\"fr-FR\"},{\"@type\":\"Person\",\"@id\":\"https:\/\/www.africa-press.net\/cotedivoire\/#\/schema\/person\/2b1cf3cd81a31e3cd26889ca66d677f1\",\"name\":\"cfeditorfr\"}]}<\/script>\n<!-- \/ Yoast SEO Premium plugin. -->","yoast_head_json":{"title":"Deuxi\u00e8me attaque djihadiste en moins d\u2019une semaine \u00e0 la fronti\u00e8re burkinab\u00e9 - C\u00f4te d&#039;Ivoire","description":"Une embuscade a entra\u00een\u00e9 la mort de 2 soldats et un gendarme, dans la r\u00e9gion de T\u00e8hini (nord-est de la C\u00f4te d\u2019Ivoire) ...","robots":{"index":"index","follow":"follow","max-snippet":"max-snippet:-1","max-image-preview":"max-image-preview:large","max-video-preview":"max-video-preview:-1"},"canonical":"https:\/\/www.africa-press.net\/cotedivoire\/dossiers\/cote-divoire-deuxieme-attaque-djihadiste-en-moins-dune-semaine-a-la-frontiere-burkinabe","og_locale":"fr_FR","og_type":"article","og_title":"Deuxi\u00e8me attaque djihadiste en moins d\u2019une semaine \u00e0 la fronti\u00e8re burkinab\u00e9","og_description":"Une embuscade a entra\u00een\u00e9 la mort de 2 soldats et un gendarme, dans la r\u00e9gion de T\u00e8hini (nord-est de la C\u00f4te d\u2019Ivoire) ...","og_url":"https:\/\/www.africa-press.net\/cotedivoire\/dossiers\/cote-divoire-deuxieme-attaque-djihadiste-en-moins-dune-semaine-a-la-frontiere-burkinabe","og_site_name":"C\u00f4te d&#039;Ivoire","article_published_time":"2021-06-13T13:21:09+00:00","article_modified_time":"2021-06-13T16:44:54+00:00","og_image":[{"width":770,"height":431,"url":"https:\/\/static.africa-press.net\/cote\/sites\/43\/2021\/06\/img-60c5fd8bac190.jpg","type":"image\/jpeg"}],"author":"cfeditorfr","twitter_card":"summary_large_image","twitter_misc":{"\u00c9crit par":"cfeditorfr","Dur\u00e9e de lecture estim\u00e9e":"3 minutes"},"schema":{"@context":"https:\/\/schema.org","@graph":[{"@type":"Article","@id":"https:\/\/www.africa-press.net\/cotedivoire\/dossiers\/cote-divoire-deuxieme-attaque-djihadiste-en-moins-dune-semaine-a-la-frontiere-burkinabe#article","isPartOf":{"@id":"https:\/\/www.africa-press.net\/cotedivoire\/dossiers\/cote-divoire-deuxieme-attaque-djihadiste-en-moins-dune-semaine-a-la-frontiere-burkinabe"},"author":{"name":"cfeditorfr","@id":"https:\/\/www.africa-press.net\/cotedivoire\/#\/schema\/person\/2b1cf3cd81a31e3cd26889ca66d677f1"},"headline":"Deuxi\u00e8me attaque djihadiste en moins d\u2019une semaine \u00e0 la fronti\u00e8re burkinab\u00e9","datePublished":"2021-06-13T13:21:09+00:00","dateModified":"2021-06-13T16:44:54+00:00","mainEntityOfPage":{"@id":"https:\/\/www.africa-press.net\/cotedivoire\/dossiers\/cote-divoire-deuxieme-attaque-djihadiste-en-moins-dune-semaine-a-la-frontiere-burkinabe"},"wordCount":668,"commentCount":0,"image":{"@id":"https:\/\/www.africa-press.net\/cotedivoire\/dossiers\/cote-divoire-deuxieme-attaque-djihadiste-en-moins-dune-semaine-a-la-frontiere-burkinabe#primaryimage"},"thumbnailUrl":"https:\/\/static.africa-press.net\/cote\/sites\/43\/2021\/06\/img-60c5fd8bac190.jpg","keywords":["Africa Press","Africa Press-C\u00f4te d'Ivoire","C\u00d4TE D'IVOIRE"],"articleSection":["Dossiers","homepage-french","Toutes les actualit\u00e9s"],"inLanguage":"fr-FR","potentialAction":[{"@type":"CommentAction","name":"Comment","target":["https:\/\/www.africa-press.net\/cotedivoire\/dossiers\/cote-divoire-deuxieme-attaque-djihadiste-en-moins-dune-semaine-a-la-frontiere-burkinabe#respond"]}]},{"@type":"WebPage","@id":"https:\/\/www.africa-press.net\/cotedivoire\/dossiers\/cote-divoire-deuxieme-attaque-djihadiste-en-moins-dune-semaine-a-la-frontiere-burkinabe","url":"https:\/\/www.africa-press.net\/cotedivoire\/dossiers\/cote-divoire-deuxieme-attaque-djihadiste-en-moins-dune-semaine-a-la-frontiere-burkinabe","name":"Deuxi\u00e8me attaque djihadiste en moins d\u2019une semaine \u00e0 la fronti\u00e8re burkinab\u00e9 - C\u00f4te d&#039;Ivoire","isPartOf":{"@id":"https:\/\/www.africa-press.net\/cotedivoire\/#website"},"primaryImageOfPage":{"@id":"https:\/\/www.africa-press.net\/cotedivoire\/dossiers\/cote-divoire-deuxieme-attaque-djihadiste-en-moins-dune-semaine-a-la-frontiere-burkinabe#primaryimage"},"image":{"@id":"https:\/\/www.africa-press.net\/cotedivoire\/dossiers\/cote-divoire-deuxieme-attaque-djihadiste-en-moins-dune-semaine-a-la-frontiere-burkinabe#primaryimage"},"thumbnailUrl":"https:\/\/static.africa-press.net\/cote\/sites\/43\/2021\/06\/img-60c5fd8bac190.jpg","datePublished":"2021-06-13T13:21:09+00:00","dateModified":"2021-06-13T16:44:54+00:00","author":{"@id":"https:\/\/www.africa-press.net\/cotedivoire\/#\/schema\/person\/2b1cf3cd81a31e3cd26889ca66d677f1"},"description":"Une embuscade a entra\u00een\u00e9 la mort de 2 soldats et un gendarme, dans la r\u00e9gion de T\u00e8hini (nord-est de la C\u00f4te d\u2019Ivoire) ...","breadcrumb":{"@id":"https:\/\/www.africa-press.net\/cotedivoire\/dossiers\/cote-divoire-deuxieme-attaque-djihadiste-en-moins-dune-semaine-a-la-frontiere-burkinabe#breadcrumb"},"inLanguage":"fr-FR","potentialAction":[{"@type":"ReadAction","target":["https:\/\/www.africa-press.net\/cotedivoire\/dossiers\/cote-divoire-deuxieme-attaque-djihadiste-en-moins-dune-semaine-a-la-frontiere-burkinabe"]}]},{"@type":"ImageObject","inLanguage":"fr-FR","@id":"https:\/\/www.africa-press.net\/cotedivoire\/dossiers\/cote-divoire-deuxieme-attaque-djihadiste-en-moins-dune-semaine-a-la-frontiere-burkinabe#primaryimage","url":"https:\/\/static.africa-press.net\/cote\/sites\/43\/2021\/06\/img-60c5fd8bac190.jpg","contentUrl":"https:\/\/static.africa-press.net\/cote\/sites\/43\/2021\/06\/img-60c5fd8bac190.jpg","width":770,"height":431,"caption":"C\u00f4te d\u2019Ivoire : Deuxi\u00e8me attaque djihadiste en moins d\u2019une semaine \u00e0 la fronti\u00e8re burkinab\u00e9"},{"@type":"BreadcrumbList","@id":"https:\/\/www.africa-press.net\/cotedivoire\/dossiers\/cote-divoire-deuxieme-attaque-djihadiste-en-moins-dune-semaine-a-la-frontiere-burkinabe#breadcrumb","itemListElement":[{"@type":"ListItem","position":1,"name":"Accueil","item":"https:\/\/www.africa-press.net\/cotedivoire\/"},{"@type":"ListItem","position":2,"name":"Deuxi\u00e8me attaque djihadiste en moins d\u2019une semaine \u00e0 la fronti\u00e8re burkinab\u00e9"}]},{"@type":"WebSite","@id":"https:\/\/www.africa-press.net\/cotedivoire\/#website","url":"https:\/\/www.africa-press.net\/cotedivoire\/","name":"C\u00f4te d&#039;Ivoire","description":"Just another Africa News Agency Sites site","potentialAction":[{"@type":"SearchAction","target":{"@type":"EntryPoint","urlTemplate":"https:\/\/www.africa-press.net\/cotedivoire\/?s={search_term_string}"},"query-input":{"@type":"PropertyValueSpecification","valueRequired":true,"valueName":"search_term_string"}}],"inLanguage":"fr-FR"},{"@type":"Person","@id":"https:\/\/www.africa-press.net\/cotedivoire\/#\/schema\/person\/2b1cf3cd81a31e3cd26889ca66d677f1","name":"cfeditorfr"}]}},"_links":{"self":[{"href":"https:\/\/www.africa-press.net\/cotedivoire\/wp-json\/wp\/v2\/posts\/8937","targetHints":{"allow":["GET"]}}],"collection":[{"href":"https:\/\/www.africa-press.net\/cotedivoire\/wp-json\/wp\/v2\/posts"}],"about":[{"href":"https:\/\/www.africa-press.net\/cotedivoire\/wp-json\/wp\/v2\/types\/post"}],"author":[{"embeddable":true,"href":"https:\/\/www.africa-press.net\/cotedivoire\/wp-json\/wp\/v2\/users\/82"}],"replies":[{"embeddable":true,"href":"https:\/\/www.africa-press.net\/cotedivoire\/wp-json\/wp\/v2\/comments?post=8937"}],"version-history":[{"count":0,"href":"https:\/\/www.africa-press.net\/cotedivoire\/wp-json\/wp\/v2\/posts\/8937\/revisions"}],"wp:featuredmedia":[{"embeddable":true,"href":"https:\/\/www.africa-press.net\/cotedivoire\/wp-json\/wp\/v2\/media\/8936"}],"wp:attachment":[{"href":"https:\/\/www.africa-press.net\/cotedivoire\/wp-json\/wp\/v2\/media?parent=8937"}],"wp:term":[{"taxonomy":"category","embeddable":true,"href":"https:\/\/www.africa-press.net\/cotedivoire\/wp-json\/wp\/v2\/categories?post=8937"},{"taxonomy":"post_tag","embeddable":true,"href":"https:\/\/www.africa-press.net\/cotedivoire\/wp-json\/wp\/v2\/tags?post=8937"}],"curies":[{"name":"wp","href":"https:\/\/api.w.org\/{rel}","templated":true}]}}