{"id":8958,"date":"2021-06-13T16:48:31","date_gmt":"2021-06-13T16:48:31","guid":{"rendered":"https:\/\/www.africa-press.net\/cotedivoire\/?p=8958"},"modified":"2021-06-13T16:46:00","modified_gmt":"2021-06-13T16:46:00","slug":"plaidoyer-pour-la-construction-decoles-dingenieurs-a-luniversite-de-man-en-cote-divoire","status":"publish","type":"post","link":"https:\/\/www.africa-press.net\/cotedivoire\/culture-et-art\/plaidoyer-pour-la-construction-decoles-dingenieurs-a-luniversite-de-man-en-cote-divoire","title":{"rendered":"Plaidoyer pour la construction d\u2019\u00e9coles d\u2019ing\u00e9nieurs \u00e0 l\u2019universit\u00e9 de Man en C\u00f4te d\u2019Ivoire"},"content":{"rendered":"<p><span style=\"color: #ff6600\"><strong><a href=\"https:\/\/www.africa-press.net\/\">Africa-Press<\/a> &#8211; <a href=\"https:\/\/www.africa-press.net\/cotedivoire\">C\u00f4te d&rsquo;Ivoire<\/a>. <\/strong><\/span>Le pr\u00e9sident de l\u2019universit\u00e9 polytechnique de Man, le Pr Coulibaly Lacina, plaide pour la construction des \u00e9coles d\u2019ing\u00e9nieurs, en vue de maintenir le cap de la performance dans ce temple du savoir qui respecte, depuis son ouverture en f\u00e9vrier 2016, son calendrier acad\u00e9mique avec un bilan \u00ab satisfaisant \u00bb au niveau du travail des \u00e9tudiants et du corps enseignant.<\/p>\n<p>\u00ab Nous avons seulement deux ans pour maintenir notre performance. Mais si au-del\u00e0 de deux ans, les \u00e9coles d\u2019ing\u00e9nieurs ne sont pas construites, l\u2019universit\u00e9 polytechnique de Man ne pourra plus avoir les performances qu\u2019elle a en ce moment. Nous n\u2019aurons pas suffisamment d\u2019infrastructures pour d\u00e9ployer tout ce que nous voulons et m\u00eame quand nous recevrons les enseignants, nous aurons du mal \u00e0 leur trouver des bureaux \u00bb, a indiqu\u00e9 le Pr Coulibaly, vendredi 11 juin 2021, lors d\u2019une rencontre pour faire le bilan de l\u2019ann\u00e9e acad\u00e9mique 2020-2021.<\/p>\n<p>Tout en t\u00e9moignant sa gratitude au gouvernement pour ce qui est fait pour la bonne marche de son institution, le Pr Coulibaly a relev\u00e9 que l\u2019administration de l\u2019universit\u00e9 n\u2019est pas encore construite et que les services de la comptabilit\u00e9 et de la scolarit\u00e9 sont toujours dans la ville de Man, \u00e0 plus d\u2019une dizaine de kilom\u00e8tres du site universitaire.<\/p>\n<p>Pour l\u2019ann\u00e9e acad\u00e9mique 2021-2022, a-t-on annonc\u00e9, l\u2019universit\u00e9 de Man va d\u00e9buter des cours d\u2019\u00e9t\u00e9 de pr\u00e9paration aux \u00e9tudes scientifiques que sont les sciences physiques, les math\u00e9matiques et les sciences de la vie et de la terre.<\/p>\n<p>Il est \u00e9galement pr\u00e9vu des formations professionnelles en licence pro-conception de produits touristiques et de valorisation du territoire, en licence pro-tourisme durable et territoires ruraux, ainsi qu\u2019en master pro- assainissement non collectif.<\/p>\n<p>&nbsp;<\/p>\n","protected":false},"excerpt":{"rendered":"<p>Africa-Press &#8211; C\u00f4te d&rsquo;Ivoire. Le pr\u00e9sident de l\u2019universit\u00e9 polytechnique de Man, le Pr Coulibaly Lacina, plaide pour la construction des \u00e9coles d\u2019ing\u00e9nieurs, en vue de maintenir le cap de la performance dans ce temple du savoir qui respecte, depuis son ouverture en f\u00e9vrier 2016, son calendrier acad\u00e9mique avec un bilan \u00ab satisfaisant \u00bb au niveau [&hellip;]<\/p>\n","protected":false},"author":82,"featured_media":8957,"comment_status":"open","ping_status":"closed","sticky":false,"template":"","format":"standard","meta":{"footnotes":""},"categories":[5,11,20,10],"tags":[56,63,29],"class_list":["post-8958","post","type-post","status-publish","format-standard","has-post-thumbnail","hentry","category-culture-et-art","category-homepage-french","category-top-nouvelles","category-toutes-les-actualites","tag-africa-press","tag-africa-press-cote-divoire","tag-cote-divoire"],"yoast_head":"<!-- This site is optimized with the Yoast SEO Premium plugin v26.1 (Yoast SEO v27.0) - https:\/\/yoast.com\/product\/yoast-seo-premium-wordpress\/ -->\n<title>Plaidoyer pour la construction d\u2019\u00e9coles d\u2019ing\u00e9nieurs \u00e0 l\u2019universit\u00e9 de Man en C\u00f4te d\u2019Ivoire - C\u00f4te d&#039;Ivoire<\/title>\n<meta name=\"description\" content=\"Le pr\u00e9sident de l\u2019universit\u00e9 polytechnique de Man, le Pr Coulibaly Lacina, plaide pour la construction des \u00e9coles d\u2019ing\u00e9 ...\" \/>\n<meta name=\"robots\" content=\"index, follow, max-snippet:-1, max-image-preview:large, max-video-preview:-1\" \/>\n<link rel=\"canonical\" href=\"https:\/\/www.africa-press.net\/cotedivoire\/culture-et-art\/plaidoyer-pour-la-construction-decoles-dingenieurs-a-luniversite-de-man-en-cote-divoire\" \/>\n<meta property=\"og:locale\" content=\"fr_FR\" \/>\n<meta property=\"og:type\" content=\"article\" \/>\n<meta property=\"og:title\" content=\"Plaidoyer pour la construction d\u2019\u00e9coles d\u2019ing\u00e9nieurs \u00e0 l\u2019universit\u00e9 de Man en C\u00f4te d\u2019Ivoire\" \/>\n<meta property=\"og:description\" content=\"Le pr\u00e9sident de l\u2019universit\u00e9 polytechnique de Man, le Pr Coulibaly Lacina, plaide pour la construction des \u00e9coles d\u2019ing\u00e9 ...\" \/>\n<meta property=\"og:url\" content=\"https:\/\/www.africa-press.net\/cotedivoire\/culture-et-art\/plaidoyer-pour-la-construction-decoles-dingenieurs-a-luniversite-de-man-en-cote-divoire\" \/>\n<meta property=\"og:site_name\" content=\"C\u00f4te d&#039;Ivoire\" \/>\n<meta property=\"article:published_time\" content=\"2021-06-13T16:48:31+00:00\" \/>\n<meta property=\"og:image\" content=\"https:\/\/static.africa-press.net\/cote\/sites\/43\/2021\/06\/img-60c63478c0937.jpg\" \/>\n\t<meta property=\"og:image:width\" content=\"960\" \/>\n\t<meta property=\"og:image:height\" content=\"639\" \/>\n\t<meta property=\"og:image:type\" content=\"image\/jpeg\" \/>\n<meta name=\"author\" content=\"cfeditorfr\" \/>\n<meta name=\"twitter:card\" content=\"summary_large_image\" \/>\n<meta name=\"twitter:label1\" content=\"\u00c9crit par\" \/>\n\t<meta name=\"twitter:data1\" content=\"cfeditorfr\" \/>\n\t<meta name=\"twitter:label2\" content=\"Dur\u00e9e de lecture estim\u00e9e\" \/>\n\t<meta name=\"twitter:data2\" content=\"2 minutes\" \/>\n<script type=\"application\/ld+json\" class=\"yoast-schema-graph\">{\"@context\":\"https:\/\/schema.org\",\"@graph\":[{\"@type\":\"Article\",\"@id\":\"https:\/\/www.africa-press.net\/cotedivoire\/culture-et-art\/plaidoyer-pour-la-construction-decoles-dingenieurs-a-luniversite-de-man-en-cote-divoire#article\",\"isPartOf\":{\"@id\":\"https:\/\/www.africa-press.net\/cotedivoire\/culture-et-art\/plaidoyer-pour-la-construction-decoles-dingenieurs-a-luniversite-de-man-en-cote-divoire\"},\"author\":{\"name\":\"cfeditorfr\",\"@id\":\"https:\/\/www.africa-press.net\/cotedivoire\/#\/schema\/person\/2b1cf3cd81a31e3cd26889ca66d677f1\"},\"headline\":\"Plaidoyer pour la construction d\u2019\u00e9coles d\u2019ing\u00e9nieurs \u00e0 l\u2019universit\u00e9 de Man en C\u00f4te d\u2019Ivoire\",\"datePublished\":\"2021-06-13T16:48:31+00:00\",\"mainEntityOfPage\":{\"@id\":\"https:\/\/www.africa-press.net\/cotedivoire\/culture-et-art\/plaidoyer-pour-la-construction-decoles-dingenieurs-a-luniversite-de-man-en-cote-divoire\"},\"wordCount\":323,\"commentCount\":0,\"image\":{\"@id\":\"https:\/\/www.africa-press.net\/cotedivoire\/culture-et-art\/plaidoyer-pour-la-construction-decoles-dingenieurs-a-luniversite-de-man-en-cote-divoire#primaryimage\"},\"thumbnailUrl\":\"https:\/\/static.africa-press.net\/cote\/sites\/43\/2021\/06\/img-60c63478c0937.jpg\",\"keywords\":[\"Africa Press\",\"Africa Press-C\u00f4te d'Ivoire\",\"C\u00d4TE D'IVOIRE\"],\"articleSection\":[\"Culture et Art\",\"homepage-french\",\"Top Nouvelles\",\"Toutes les actualit\u00e9s\"],\"inLanguage\":\"fr-FR\",\"potentialAction\":[{\"@type\":\"CommentAction\",\"name\":\"Comment\",\"target\":[\"https:\/\/www.africa-press.net\/cotedivoire\/culture-et-art\/plaidoyer-pour-la-construction-decoles-dingenieurs-a-luniversite-de-man-en-cote-divoire#respond\"]}]},{\"@type\":\"WebPage\",\"@id\":\"https:\/\/www.africa-press.net\/cotedivoire\/culture-et-art\/plaidoyer-pour-la-construction-decoles-dingenieurs-a-luniversite-de-man-en-cote-divoire\",\"url\":\"https:\/\/www.africa-press.net\/cotedivoire\/culture-et-art\/plaidoyer-pour-la-construction-decoles-dingenieurs-a-luniversite-de-man-en-cote-divoire\",\"name\":\"Plaidoyer pour la construction d\u2019\u00e9coles d\u2019ing\u00e9nieurs \u00e0 l\u2019universit\u00e9 de Man en C\u00f4te d\u2019Ivoire - C\u00f4te d&#039;Ivoire\",\"isPartOf\":{\"@id\":\"https:\/\/www.africa-press.net\/cotedivoire\/#website\"},\"primaryImageOfPage\":{\"@id\":\"https:\/\/www.africa-press.net\/cotedivoire\/culture-et-art\/plaidoyer-pour-la-construction-decoles-dingenieurs-a-luniversite-de-man-en-cote-divoire#primaryimage\"},\"image\":{\"@id\":\"https:\/\/www.africa-press.net\/cotedivoire\/culture-et-art\/plaidoyer-pour-la-construction-decoles-dingenieurs-a-luniversite-de-man-en-cote-divoire#primaryimage\"},\"thumbnailUrl\":\"https:\/\/static.africa-press.net\/cote\/sites\/43\/2021\/06\/img-60c63478c0937.jpg\",\"datePublished\":\"2021-06-13T16:48:31+00:00\",\"author\":{\"@id\":\"https:\/\/www.africa-press.net\/cotedivoire\/#\/schema\/person\/2b1cf3cd81a31e3cd26889ca66d677f1\"},\"description\":\"Le pr\u00e9sident de l\u2019universit\u00e9 polytechnique de Man, le Pr Coulibaly Lacina, plaide pour la construction des \u00e9coles d\u2019ing\u00e9 ...\",\"breadcrumb\":{\"@id\":\"https:\/\/www.africa-press.net\/cotedivoire\/culture-et-art\/plaidoyer-pour-la-construction-decoles-dingenieurs-a-luniversite-de-man-en-cote-divoire#breadcrumb\"},\"inLanguage\":\"fr-FR\",\"potentialAction\":[{\"@type\":\"ReadAction\",\"target\":[\"https:\/\/www.africa-press.net\/cotedivoire\/culture-et-art\/plaidoyer-pour-la-construction-decoles-dingenieurs-a-luniversite-de-man-en-cote-divoire\"]}]},{\"@type\":\"ImageObject\",\"inLanguage\":\"fr-FR\",\"@id\":\"https:\/\/www.africa-press.net\/cotedivoire\/culture-et-art\/plaidoyer-pour-la-construction-decoles-dingenieurs-a-luniversite-de-man-en-cote-divoire#primaryimage\",\"url\":\"https:\/\/static.africa-press.net\/cote\/sites\/43\/2021\/06\/img-60c63478c0937.jpg\",\"contentUrl\":\"https:\/\/static.africa-press.net\/cote\/sites\/43\/2021\/06\/img-60c63478c0937.jpg\",\"width\":960,\"height\":639,\"caption\":\"Plaidoyer pour la construction d\u2019\u00e9coles d\u2019ing\u00e9nieurs \u00e0 l\u2019universit\u00e9 de Man en C\u00f4te d\u2019Ivoire\"},{\"@type\":\"BreadcrumbList\",\"@id\":\"https:\/\/www.africa-press.net\/cotedivoire\/culture-et-art\/plaidoyer-pour-la-construction-decoles-dingenieurs-a-luniversite-de-man-en-cote-divoire#breadcrumb\",\"itemListElement\":[{\"@type\":\"ListItem\",\"position\":1,\"name\":\"Accueil\",\"item\":\"https:\/\/www.africa-press.net\/cotedivoire\/\"},{\"@type\":\"ListItem\",\"position\":2,\"name\":\"Plaidoyer pour la construction d\u2019\u00e9coles d\u2019ing\u00e9nieurs \u00e0 l\u2019universit\u00e9 de Man en C\u00f4te d\u2019Ivoire\"}]},{\"@type\":\"WebSite\",\"@id\":\"https:\/\/www.africa-press.net\/cotedivoire\/#website\",\"url\":\"https:\/\/www.africa-press.net\/cotedivoire\/\",\"name\":\"C\u00f4te d&#039;Ivoire\",\"description\":\"Just another Africa News Agency Sites site\",\"potentialAction\":[{\"@type\":\"SearchAction\",\"target\":{\"@type\":\"EntryPoint\",\"urlTemplate\":\"https:\/\/www.africa-press.net\/cotedivoire\/?s={search_term_string}\"},\"query-input\":{\"@type\":\"PropertyValueSpecification\",\"valueRequired\":true,\"valueName\":\"search_term_string\"}}],\"inLanguage\":\"fr-FR\"},{\"@type\":\"Person\",\"@id\":\"https:\/\/www.africa-press.net\/cotedivoire\/#\/schema\/person\/2b1cf3cd81a31e3cd26889ca66d677f1\",\"name\":\"cfeditorfr\"}]}<\/script>\n<!-- \/ Yoast SEO Premium plugin. -->","yoast_head_json":{"title":"Plaidoyer pour la construction d\u2019\u00e9coles d\u2019ing\u00e9nieurs \u00e0 l\u2019universit\u00e9 de Man en C\u00f4te d\u2019Ivoire - C\u00f4te d&#039;Ivoire","description":"Le pr\u00e9sident de l\u2019universit\u00e9 polytechnique de Man, le Pr Coulibaly Lacina, plaide pour la construction des \u00e9coles d\u2019ing\u00e9 ...","robots":{"index":"index","follow":"follow","max-snippet":"max-snippet:-1","max-image-preview":"max-image-preview:large","max-video-preview":"max-video-preview:-1"},"canonical":"https:\/\/www.africa-press.net\/cotedivoire\/culture-et-art\/plaidoyer-pour-la-construction-decoles-dingenieurs-a-luniversite-de-man-en-cote-divoire","og_locale":"fr_FR","og_type":"article","og_title":"Plaidoyer pour la construction d\u2019\u00e9coles d\u2019ing\u00e9nieurs \u00e0 l\u2019universit\u00e9 de Man en C\u00f4te d\u2019Ivoire","og_description":"Le pr\u00e9sident de l\u2019universit\u00e9 polytechnique de Man, le Pr Coulibaly Lacina, plaide pour la construction des \u00e9coles d\u2019ing\u00e9 ...","og_url":"https:\/\/www.africa-press.net\/cotedivoire\/culture-et-art\/plaidoyer-pour-la-construction-decoles-dingenieurs-a-luniversite-de-man-en-cote-divoire","og_site_name":"C\u00f4te d&#039;Ivoire","article_published_time":"2021-06-13T16:48:31+00:00","og_image":[{"width":960,"height":639,"url":"https:\/\/static.africa-press.net\/cote\/sites\/43\/2021\/06\/img-60c63478c0937.jpg","type":"image\/jpeg"}],"author":"cfeditorfr","twitter_card":"summary_large_image","twitter_misc":{"\u00c9crit par":"cfeditorfr","Dur\u00e9e de lecture estim\u00e9e":"2 minutes"},"schema":{"@context":"https:\/\/schema.org","@graph":[{"@type":"Article","@id":"https:\/\/www.africa-press.net\/cotedivoire\/culture-et-art\/plaidoyer-pour-la-construction-decoles-dingenieurs-a-luniversite-de-man-en-cote-divoire#article","isPartOf":{"@id":"https:\/\/www.africa-press.net\/cotedivoire\/culture-et-art\/plaidoyer-pour-la-construction-decoles-dingenieurs-a-luniversite-de-man-en-cote-divoire"},"author":{"name":"cfeditorfr","@id":"https:\/\/www.africa-press.net\/cotedivoire\/#\/schema\/person\/2b1cf3cd81a31e3cd26889ca66d677f1"},"headline":"Plaidoyer pour la construction d\u2019\u00e9coles d\u2019ing\u00e9nieurs \u00e0 l\u2019universit\u00e9 de Man en C\u00f4te d\u2019Ivoire","datePublished":"2021-06-13T16:48:31+00:00","mainEntityOfPage":{"@id":"https:\/\/www.africa-press.net\/cotedivoire\/culture-et-art\/plaidoyer-pour-la-construction-decoles-dingenieurs-a-luniversite-de-man-en-cote-divoire"},"wordCount":323,"commentCount":0,"image":{"@id":"https:\/\/www.africa-press.net\/cotedivoire\/culture-et-art\/plaidoyer-pour-la-construction-decoles-dingenieurs-a-luniversite-de-man-en-cote-divoire#primaryimage"},"thumbnailUrl":"https:\/\/static.africa-press.net\/cote\/sites\/43\/2021\/06\/img-60c63478c0937.jpg","keywords":["Africa Press","Africa Press-C\u00f4te d'Ivoire","C\u00d4TE D'IVOIRE"],"articleSection":["Culture et Art","homepage-french","Top Nouvelles","Toutes les actualit\u00e9s"],"inLanguage":"fr-FR","potentialAction":[{"@type":"CommentAction","name":"Comment","target":["https:\/\/www.africa-press.net\/cotedivoire\/culture-et-art\/plaidoyer-pour-la-construction-decoles-dingenieurs-a-luniversite-de-man-en-cote-divoire#respond"]}]},{"@type":"WebPage","@id":"https:\/\/www.africa-press.net\/cotedivoire\/culture-et-art\/plaidoyer-pour-la-construction-decoles-dingenieurs-a-luniversite-de-man-en-cote-divoire","url":"https:\/\/www.africa-press.net\/cotedivoire\/culture-et-art\/plaidoyer-pour-la-construction-decoles-dingenieurs-a-luniversite-de-man-en-cote-divoire","name":"Plaidoyer pour la construction d\u2019\u00e9coles d\u2019ing\u00e9nieurs \u00e0 l\u2019universit\u00e9 de Man en C\u00f4te d\u2019Ivoire - C\u00f4te d&#039;Ivoire","isPartOf":{"@id":"https:\/\/www.africa-press.net\/cotedivoire\/#website"},"primaryImageOfPage":{"@id":"https:\/\/www.africa-press.net\/cotedivoire\/culture-et-art\/plaidoyer-pour-la-construction-decoles-dingenieurs-a-luniversite-de-man-en-cote-divoire#primaryimage"},"image":{"@id":"https:\/\/www.africa-press.net\/cotedivoire\/culture-et-art\/plaidoyer-pour-la-construction-decoles-dingenieurs-a-luniversite-de-man-en-cote-divoire#primaryimage"},"thumbnailUrl":"https:\/\/static.africa-press.net\/cote\/sites\/43\/2021\/06\/img-60c63478c0937.jpg","datePublished":"2021-06-13T16:48:31+00:00","author":{"@id":"https:\/\/www.africa-press.net\/cotedivoire\/#\/schema\/person\/2b1cf3cd81a31e3cd26889ca66d677f1"},"description":"Le pr\u00e9sident de l\u2019universit\u00e9 polytechnique de Man, le Pr Coulibaly Lacina, plaide pour la construction des \u00e9coles d\u2019ing\u00e9 ...","breadcrumb":{"@id":"https:\/\/www.africa-press.net\/cotedivoire\/culture-et-art\/plaidoyer-pour-la-construction-decoles-dingenieurs-a-luniversite-de-man-en-cote-divoire#breadcrumb"},"inLanguage":"fr-FR","potentialAction":[{"@type":"ReadAction","target":["https:\/\/www.africa-press.net\/cotedivoire\/culture-et-art\/plaidoyer-pour-la-construction-decoles-dingenieurs-a-luniversite-de-man-en-cote-divoire"]}]},{"@type":"ImageObject","inLanguage":"fr-FR","@id":"https:\/\/www.africa-press.net\/cotedivoire\/culture-et-art\/plaidoyer-pour-la-construction-decoles-dingenieurs-a-luniversite-de-man-en-cote-divoire#primaryimage","url":"https:\/\/static.africa-press.net\/cote\/sites\/43\/2021\/06\/img-60c63478c0937.jpg","contentUrl":"https:\/\/static.africa-press.net\/cote\/sites\/43\/2021\/06\/img-60c63478c0937.jpg","width":960,"height":639,"caption":"Plaidoyer pour la construction d\u2019\u00e9coles d\u2019ing\u00e9nieurs \u00e0 l\u2019universit\u00e9 de Man en C\u00f4te d\u2019Ivoire"},{"@type":"BreadcrumbList","@id":"https:\/\/www.africa-press.net\/cotedivoire\/culture-et-art\/plaidoyer-pour-la-construction-decoles-dingenieurs-a-luniversite-de-man-en-cote-divoire#breadcrumb","itemListElement":[{"@type":"ListItem","position":1,"name":"Accueil","item":"https:\/\/www.africa-press.net\/cotedivoire\/"},{"@type":"ListItem","position":2,"name":"Plaidoyer pour la construction d\u2019\u00e9coles d\u2019ing\u00e9nieurs \u00e0 l\u2019universit\u00e9 de Man en C\u00f4te d\u2019Ivoire"}]},{"@type":"WebSite","@id":"https:\/\/www.africa-press.net\/cotedivoire\/#website","url":"https:\/\/www.africa-press.net\/cotedivoire\/","name":"C\u00f4te d&#039;Ivoire","description":"Just another Africa News Agency Sites site","potentialAction":[{"@type":"SearchAction","target":{"@type":"EntryPoint","urlTemplate":"https:\/\/www.africa-press.net\/cotedivoire\/?s={search_term_string}"},"query-input":{"@type":"PropertyValueSpecification","valueRequired":true,"valueName":"search_term_string"}}],"inLanguage":"fr-FR"},{"@type":"Person","@id":"https:\/\/www.africa-press.net\/cotedivoire\/#\/schema\/person\/2b1cf3cd81a31e3cd26889ca66d677f1","name":"cfeditorfr"}]}},"_links":{"self":[{"href":"https:\/\/www.africa-press.net\/cotedivoire\/wp-json\/wp\/v2\/posts\/8958","targetHints":{"allow":["GET"]}}],"collection":[{"href":"https:\/\/www.africa-press.net\/cotedivoire\/wp-json\/wp\/v2\/posts"}],"about":[{"href":"https:\/\/www.africa-press.net\/cotedivoire\/wp-json\/wp\/v2\/types\/post"}],"author":[{"embeddable":true,"href":"https:\/\/www.africa-press.net\/cotedivoire\/wp-json\/wp\/v2\/users\/82"}],"replies":[{"embeddable":true,"href":"https:\/\/www.africa-press.net\/cotedivoire\/wp-json\/wp\/v2\/comments?post=8958"}],"version-history":[{"count":0,"href":"https:\/\/www.africa-press.net\/cotedivoire\/wp-json\/wp\/v2\/posts\/8958\/revisions"}],"wp:featuredmedia":[{"embeddable":true,"href":"https:\/\/www.africa-press.net\/cotedivoire\/wp-json\/wp\/v2\/media\/8957"}],"wp:attachment":[{"href":"https:\/\/www.africa-press.net\/cotedivoire\/wp-json\/wp\/v2\/media?parent=8958"}],"wp:term":[{"taxonomy":"category","embeddable":true,"href":"https:\/\/www.africa-press.net\/cotedivoire\/wp-json\/wp\/v2\/categories?post=8958"},{"taxonomy":"post_tag","embeddable":true,"href":"https:\/\/www.africa-press.net\/cotedivoire\/wp-json\/wp\/v2\/tags?post=8958"}],"curies":[{"name":"wp","href":"https:\/\/api.w.org\/{rel}","templated":true}]}}