{"id":8970,"date":"2021-06-14T11:55:49","date_gmt":"2021-06-14T11:55:49","guid":{"rendered":"https:\/\/www.africa-press.net\/cotedivoire\/?p=8970"},"modified":"2021-06-14T19:44:41","modified_gmt":"2021-06-14T19:44:41","slug":"cote-divoire-le-village-de-laurent-gbagbo-pret-pour-le-retour-du-pere","status":"publish","type":"post","link":"https:\/\/www.africa-press.net\/cotedivoire\/politique\/cote-divoire-le-village-de-laurent-gbagbo-pret-pour-le-retour-du-pere","title":{"rendered":"le village de Laurent Gbagbo pr\u00eat pour le retour du \u00ab\u00a0p\u00e8re\u00a0\u00bb"},"content":{"rendered":"<p><span style=\"color: #ff6600\"><strong><a href=\"https:\/\/www.africa-press.net\/\">Africa-Press<\/a> &#8211; <a href=\"https:\/\/www.africa-press.net\/cotedivoire\">C\u00f4te d&rsquo;Ivoire<\/a>. <\/strong><\/span>Ils chantent, dansent et rient en coupant les herbes hautes pour d\u00e9gager la route qui m\u00e8ne \u00e0 Mama. Le village natal de Laurent Gbabgo se pr\u00e9pare \u00e0 faire un triomphe \u00e0 l\u2019ancien pr\u00e9sident, ce \u00ab p\u00e8re \u00bb, ce \u00ab h\u00e9ros \u00bb qui sera de retour jeudi 17 juin en C\u00f4te d\u2019Ivoire apr\u00e8s dix ans d\u2019absence.<\/p>\n<p><b>\u00ab Respecter l\u2019arriv\u00e9e de Gbagbo ! \u00bb<\/b><\/p>\n<p>, \u00ab Honorer l\u2019arriv\u00e9e de Gbagbo ! \u00bb : une trentaine d\u2019hommes et quelques femmes scandent en rythme ces mots, en travaillant machette et pelle \u00e0 la main. C\u2019est le dernier dimanche avant le retour du \u00ab fils du pays \u00bb et le premier jour des festivit\u00e9s en son honneur \u00e0 Mama (centre-ouest).<\/p>\n<p>Laurent Gbagbo, qui a \u00e9t\u00e9 d\u00e9finitivement acquitt\u00e9 en mars par la Cour p\u00e9nale internationale (CPI) de La Haye des accusations de crimes contre l\u2019humanit\u00e9, doit atterrir jeudi \u00e0 Abidjan. Il avait \u00e9t\u00e9 arr\u00eat\u00e9 en avril 2011, lors de la crise post\u00e9lectorale qui a dur\u00e9 cinq mois et pendant laquelle plus de 3 000 personnes ont \u00e9t\u00e9 tu\u00e9es.<\/p>\n<p>Les travailleurs du bord de la route sont rejoints en fin de matin\u00e9e par quelques centaines de personnes venues en bus de Gagnoa, la ville la plus proche, \u00e0 une trentaine de minutes de Mama. Les bus s\u2019arr\u00eatent l\u00e0, les passagers descendent en criant \u00ab Gbagbo ! Gbagbo ! \u00bb pour faire les derniers kilom\u00e8tres \u00e0 pied. Une fanfare accompagne cette \u00ab caravane de la paix et de la victoire \u00bb.<\/p>\n<p><b>\u00ab Le lion de l\u2019Afrique est de retour \u00bb<\/b><\/p>\n<p>Laurent Gbagbo, 76 ans, qui fut pr\u00e9sident pendant dix ans, est d\u00e9j\u00e0 partout sur les chapeaux, les tee-shirts et les pagnes color\u00e9s. Comme celui de deux femmes, avec le portrait de l\u2019ancien chef de l\u2019Etat et ce message : \u00ab Le lion de l\u2019Afrique est de retour. \u00bb Ou encore un polo \u00ab Bon retour chez toi \u00bb. Des femmes scandent : \u00ab La joie est totale \u00bb, \u00ab Gbagbo ou rien \u00bb. Dans le cort\u00e8ge, Agn\u00e8s Koudy a le sourire aux l\u00e8vres : \u00ab \u00c7a a \u00e9t\u00e9 un pr\u00e9sident parfait. Avec lui, il y avait la joie de vivre. Il nous a tant manqu\u00e9. \u00bb<\/p>\n<p>Loin du tumulte, le \u00ab chef des terres \u00bb, une autorit\u00e9 traditionnelle, Joseph Goli Obou, re\u00e7oit ses visiteurs \u00e0 l\u2019ombre devant une maison proprette. \u00ab Si un fils te quitte un certain temps, \u00e0 son retour tu ne dois pas rester les bras crois\u00e9s \u00bb, pr\u00e9cise cet homme de 71 ans, auxquels tous s\u2019adressent avec d\u00e9f\u00e9rence.<\/p>\n<p><b>\u00ab Je suis en train de balayer autour du village. Je pr\u00e9pare le manger pour ceux qui l\u2019accompagnent, les moutons, les b\u0153ufs. J\u2019ai d\u00e9j\u00e0 pr\u00e9par\u00e9 sa maison, sa couchette \u00bb<\/b><\/p>\n<p>, proclame, enfonc\u00e9 dans son fauteuil, le chef qui porte lui aussi un pagne avec le portrait de l\u2019ex-pr\u00e9sident.<\/p>\n<p>Difficile de rater \u00ab la r\u00e9sidence \u00bb de Laurent Gbagbo. Difficile cependant de voir la maison, tant elle est bien cach\u00e9e derri\u00e8re des murs roses qui s\u2019\u00e9tendent \u00e0 perte de vue. Quand Laurent Gbagbo reviendra-t-il \u00e0 Mama ? Tr\u00e8s rapidement apr\u00e8s son arriv\u00e9e \u00e0 Abidjan, \u00ab le lendemain \u00bb, affirme le \u00ab chef des terres \u00bb.<\/p>\n<p><b>\u00ab On a besoin de tout le monde ici \u00bb<\/b><\/p>\n<p>D\u00e9but avril, le pr\u00e9sident Alassane Ouattara a donn\u00e9 en avril son feu vert au retour de son ancien rival, au nom de la r\u00e9conciliation nationale. Des victimes des violences de la crise de 2010-2011 r\u00e9clament cependant toujours justice. \u00ab Il faut qu\u2019ils mettent de l\u2019eau dans leur vin. Gbagbo veut la paix, Gbagbo est un d\u00e9mocrate \u00bb, affirme avec v\u00e9h\u00e9mence le \u00ab chef des terres \u00bb. Et apr\u00e8s ? \u00ab A son retour, il va reprendre la politique. C\u2019est la politique qui l\u2019a amen\u00e9 l\u00e0-bas [devant la CPI] \u00bb. Mais \u00ab c\u2019est le peuple qui d\u00e9cidera \u00bb de l\u2019\u00e9lire ou non : \u00ab Nous sommes en d\u00e9mocratie. \u00bb<\/p>\n<p>Pour Pulch\u00e9rie Gbalet, de l\u2019ONG Alternative citoyenne ivoirienne (ACI), \u00ab ce retour repr\u00e9sente un acte majeur pour la r\u00e9conciliation. On a besoin de tout le monde ici \u00bb. Lib\u00e9r\u00e9e de prison en avril, elle est venue saluer le chef et lui \u00ab manifester [sa] joie \u00bb. Porcherie Gbalet a \u00e9t\u00e9 arr\u00eat\u00e9e en ao\u00fbt pour une manifestation contre le troisi\u00e8me mandat d\u2019Alassane Ouattara.<\/p>\n<p>Mais dans la \u00ab caravane \u00bb, les avis sont plus partag\u00e9s. \u00ab Quand il y a la discorde, il faut juger les deux. Laurent Gbagbo a \u00e9t\u00e9 jug\u00e9. L\u2019autre [Alassane Ouattara] aussi doit aller se pr\u00e9senter \u00e0 la CPI \u00bb, d\u00e9clare fermement F\u00e9lix Koudou, qui se pr\u00e9sente comme un cousin de l\u2019ancien pr\u00e9sident.<\/p>\n<p>Jeudi, beaucoup comptent quitter Mama pour aller \u00e0 l\u2019a\u00e9roport d\u2019Abidjan. Parmi eux, le \u00ab chef des terres \u00bb, car \u00ab le 17, Laurent Gbagbo sera en C\u00f4te d\u2019Ivoire. Le 17 sera une date exceptionnelle \u00bb.<\/p>\n","protected":false},"excerpt":{"rendered":"<p>Africa-Press &#8211; C\u00f4te d&rsquo;Ivoire. Ils chantent, dansent et rient en coupant les herbes hautes pour d\u00e9gager la route qui m\u00e8ne \u00e0 Mama. Le village natal de Laurent Gbabgo se pr\u00e9pare \u00e0 faire un triomphe \u00e0 l\u2019ancien pr\u00e9sident, ce \u00ab p\u00e8re \u00bb, ce \u00ab h\u00e9ros \u00bb qui sera de retour jeudi 17 juin en C\u00f4te d\u2019Ivoire [&hellip;]<\/p>\n","protected":false},"author":82,"featured_media":8969,"comment_status":"open","ping_status":"closed","sticky":false,"template":"","format":"standard","meta":{"footnotes":""},"categories":[11,2,10],"tags":[56,63,29],"class_list":["post-8970","post","type-post","status-publish","format-standard","has-post-thumbnail","hentry","category-homepage-french","category-politique","category-toutes-les-actualites","tag-africa-press","tag-africa-press-cote-divoire","tag-cote-divoire"],"yoast_head":"<!-- This site is optimized with the Yoast SEO Premium plugin v26.1 (Yoast SEO v27.0) - https:\/\/yoast.com\/product\/yoast-seo-premium-wordpress\/ -->\n<title>le village de Laurent Gbagbo pr\u00eat pour le retour du \u00ab\u00a0p\u00e8re\u00a0\u00bb - C\u00f4te d&#039;Ivoire<\/title>\n<meta name=\"description\" content=\"Ils chantent, dansent et rient en coupant les herbes hautes pour d\u00e9gager la route qui m\u00e8ne \u00e0 Mama. Le village natal de L ...\" \/>\n<meta name=\"robots\" content=\"index, follow, max-snippet:-1, max-image-preview:large, max-video-preview:-1\" \/>\n<link rel=\"canonical\" href=\"https:\/\/www.africa-press.net\/cotedivoire\/politique\/cote-divoire-le-village-de-laurent-gbagbo-pret-pour-le-retour-du-pere\" \/>\n<meta property=\"og:locale\" content=\"fr_FR\" \/>\n<meta property=\"og:type\" content=\"article\" \/>\n<meta property=\"og:title\" content=\"le village de Laurent Gbagbo pr\u00eat pour le retour du \u00ab\u00a0p\u00e8re\u00a0\u00bb\" \/>\n<meta property=\"og:description\" content=\"Ils chantent, dansent et rient en coupant les herbes hautes pour d\u00e9gager la route qui m\u00e8ne \u00e0 Mama. Le village natal de L ...\" \/>\n<meta property=\"og:url\" content=\"https:\/\/www.africa-press.net\/cotedivoire\/politique\/cote-divoire-le-village-de-laurent-gbagbo-pret-pour-le-retour-du-pere\" \/>\n<meta property=\"og:site_name\" content=\"C\u00f4te d&#039;Ivoire\" \/>\n<meta property=\"article:published_time\" content=\"2021-06-14T11:55:49+00:00\" \/>\n<meta property=\"article:modified_time\" content=\"2021-06-14T19:44:41+00:00\" \/>\n<meta property=\"og:image\" content=\"https:\/\/static.africa-press.net\/cote\/sites\/43\/2021\/06\/img-60c74288b94b6.jpg\" \/>\n\t<meta property=\"og:image:width\" content=\"1440\" \/>\n\t<meta property=\"og:image:height\" content=\"720\" \/>\n\t<meta property=\"og:image:type\" content=\"image\/jpeg\" \/>\n<meta name=\"author\" content=\"cfeditorfr\" \/>\n<meta name=\"twitter:card\" content=\"summary_large_image\" \/>\n<meta name=\"twitter:label1\" content=\"\u00c9crit par\" \/>\n\t<meta name=\"twitter:data1\" content=\"cfeditorfr\" \/>\n\t<meta name=\"twitter:label2\" content=\"Dur\u00e9e de lecture estim\u00e9e\" \/>\n\t<meta name=\"twitter:data2\" content=\"4 minutes\" \/>\n<script type=\"application\/ld+json\" class=\"yoast-schema-graph\">{\"@context\":\"https:\/\/schema.org\",\"@graph\":[{\"@type\":\"Article\",\"@id\":\"https:\/\/www.africa-press.net\/cotedivoire\/politique\/cote-divoire-le-village-de-laurent-gbagbo-pret-pour-le-retour-du-pere#article\",\"isPartOf\":{\"@id\":\"https:\/\/www.africa-press.net\/cotedivoire\/politique\/cote-divoire-le-village-de-laurent-gbagbo-pret-pour-le-retour-du-pere\"},\"author\":{\"name\":\"cfeditorfr\",\"@id\":\"https:\/\/www.africa-press.net\/cotedivoire\/#\/schema\/person\/2b1cf3cd81a31e3cd26889ca66d677f1\"},\"headline\":\"le village de Laurent Gbagbo pr\u00eat pour le retour du \u00ab\u00a0p\u00e8re\u00a0\u00bb\",\"datePublished\":\"2021-06-14T11:55:49+00:00\",\"dateModified\":\"2021-06-14T19:44:41+00:00\",\"mainEntityOfPage\":{\"@id\":\"https:\/\/www.africa-press.net\/cotedivoire\/politique\/cote-divoire-le-village-de-laurent-gbagbo-pret-pour-le-retour-du-pere\"},\"wordCount\":810,\"commentCount\":0,\"image\":{\"@id\":\"https:\/\/www.africa-press.net\/cotedivoire\/politique\/cote-divoire-le-village-de-laurent-gbagbo-pret-pour-le-retour-du-pere#primaryimage\"},\"thumbnailUrl\":\"https:\/\/static.africa-press.net\/cote\/sites\/43\/2021\/06\/img-60c74288b94b6.jpg\",\"keywords\":[\"Africa Press\",\"Africa Press-C\u00f4te d'Ivoire\",\"C\u00d4TE D'IVOIRE\"],\"articleSection\":[\"homepage-french\",\"Politique\",\"Toutes les actualit\u00e9s\"],\"inLanguage\":\"fr-FR\",\"potentialAction\":[{\"@type\":\"CommentAction\",\"name\":\"Comment\",\"target\":[\"https:\/\/www.africa-press.net\/cotedivoire\/politique\/cote-divoire-le-village-de-laurent-gbagbo-pret-pour-le-retour-du-pere#respond\"]}]},{\"@type\":\"WebPage\",\"@id\":\"https:\/\/www.africa-press.net\/cotedivoire\/politique\/cote-divoire-le-village-de-laurent-gbagbo-pret-pour-le-retour-du-pere\",\"url\":\"https:\/\/www.africa-press.net\/cotedivoire\/politique\/cote-divoire-le-village-de-laurent-gbagbo-pret-pour-le-retour-du-pere\",\"name\":\"le village de Laurent Gbagbo pr\u00eat pour le retour du \u00ab\u00a0p\u00e8re\u00a0\u00bb - C\u00f4te d&#039;Ivoire\",\"isPartOf\":{\"@id\":\"https:\/\/www.africa-press.net\/cotedivoire\/#website\"},\"primaryImageOfPage\":{\"@id\":\"https:\/\/www.africa-press.net\/cotedivoire\/politique\/cote-divoire-le-village-de-laurent-gbagbo-pret-pour-le-retour-du-pere#primaryimage\"},\"image\":{\"@id\":\"https:\/\/www.africa-press.net\/cotedivoire\/politique\/cote-divoire-le-village-de-laurent-gbagbo-pret-pour-le-retour-du-pere#primaryimage\"},\"thumbnailUrl\":\"https:\/\/static.africa-press.net\/cote\/sites\/43\/2021\/06\/img-60c74288b94b6.jpg\",\"datePublished\":\"2021-06-14T11:55:49+00:00\",\"dateModified\":\"2021-06-14T19:44:41+00:00\",\"author\":{\"@id\":\"https:\/\/www.africa-press.net\/cotedivoire\/#\/schema\/person\/2b1cf3cd81a31e3cd26889ca66d677f1\"},\"description\":\"Ils chantent, dansent et rient en coupant les herbes hautes pour d\u00e9gager la route qui m\u00e8ne \u00e0 Mama. Le village natal de L ...\",\"breadcrumb\":{\"@id\":\"https:\/\/www.africa-press.net\/cotedivoire\/politique\/cote-divoire-le-village-de-laurent-gbagbo-pret-pour-le-retour-du-pere#breadcrumb\"},\"inLanguage\":\"fr-FR\",\"potentialAction\":[{\"@type\":\"ReadAction\",\"target\":[\"https:\/\/www.africa-press.net\/cotedivoire\/politique\/cote-divoire-le-village-de-laurent-gbagbo-pret-pour-le-retour-du-pere\"]}]},{\"@type\":\"ImageObject\",\"inLanguage\":\"fr-FR\",\"@id\":\"https:\/\/www.africa-press.net\/cotedivoire\/politique\/cote-divoire-le-village-de-laurent-gbagbo-pret-pour-le-retour-du-pere#primaryimage\",\"url\":\"https:\/\/static.africa-press.net\/cote\/sites\/43\/2021\/06\/img-60c74288b94b6.jpg\",\"contentUrl\":\"https:\/\/static.africa-press.net\/cote\/sites\/43\/2021\/06\/img-60c74288b94b6.jpg\",\"width\":1440,\"height\":720,\"caption\":\"C\u00f4te d\u2019Ivoire\u00a0: le village de Laurent Gbagbo pr\u00eat pour le retour du \u00ab\u00a0p\u00e8re\u00a0\u00bb\"},{\"@type\":\"BreadcrumbList\",\"@id\":\"https:\/\/www.africa-press.net\/cotedivoire\/politique\/cote-divoire-le-village-de-laurent-gbagbo-pret-pour-le-retour-du-pere#breadcrumb\",\"itemListElement\":[{\"@type\":\"ListItem\",\"position\":1,\"name\":\"Accueil\",\"item\":\"https:\/\/www.africa-press.net\/cotedivoire\/\"},{\"@type\":\"ListItem\",\"position\":2,\"name\":\"le village de Laurent Gbagbo pr\u00eat pour le retour du \u00ab\u00a0p\u00e8re\u00a0\u00bb\"}]},{\"@type\":\"WebSite\",\"@id\":\"https:\/\/www.africa-press.net\/cotedivoire\/#website\",\"url\":\"https:\/\/www.africa-press.net\/cotedivoire\/\",\"name\":\"C\u00f4te d&#039;Ivoire\",\"description\":\"Just another Africa News Agency Sites site\",\"potentialAction\":[{\"@type\":\"SearchAction\",\"target\":{\"@type\":\"EntryPoint\",\"urlTemplate\":\"https:\/\/www.africa-press.net\/cotedivoire\/?s={search_term_string}\"},\"query-input\":{\"@type\":\"PropertyValueSpecification\",\"valueRequired\":true,\"valueName\":\"search_term_string\"}}],\"inLanguage\":\"fr-FR\"},{\"@type\":\"Person\",\"@id\":\"https:\/\/www.africa-press.net\/cotedivoire\/#\/schema\/person\/2b1cf3cd81a31e3cd26889ca66d677f1\",\"name\":\"cfeditorfr\"}]}<\/script>\n<!-- \/ Yoast SEO Premium plugin. -->","yoast_head_json":{"title":"le village de Laurent Gbagbo pr\u00eat pour le retour du \u00ab\u00a0p\u00e8re\u00a0\u00bb - C\u00f4te d&#039;Ivoire","description":"Ils chantent, dansent et rient en coupant les herbes hautes pour d\u00e9gager la route qui m\u00e8ne \u00e0 Mama. Le village natal de L ...","robots":{"index":"index","follow":"follow","max-snippet":"max-snippet:-1","max-image-preview":"max-image-preview:large","max-video-preview":"max-video-preview:-1"},"canonical":"https:\/\/www.africa-press.net\/cotedivoire\/politique\/cote-divoire-le-village-de-laurent-gbagbo-pret-pour-le-retour-du-pere","og_locale":"fr_FR","og_type":"article","og_title":"le village de Laurent Gbagbo pr\u00eat pour le retour du \u00ab\u00a0p\u00e8re\u00a0\u00bb","og_description":"Ils chantent, dansent et rient en coupant les herbes hautes pour d\u00e9gager la route qui m\u00e8ne \u00e0 Mama. Le village natal de L ...","og_url":"https:\/\/www.africa-press.net\/cotedivoire\/politique\/cote-divoire-le-village-de-laurent-gbagbo-pret-pour-le-retour-du-pere","og_site_name":"C\u00f4te d&#039;Ivoire","article_published_time":"2021-06-14T11:55:49+00:00","article_modified_time":"2021-06-14T19:44:41+00:00","og_image":[{"width":1440,"height":720,"url":"https:\/\/static.africa-press.net\/cote\/sites\/43\/2021\/06\/img-60c74288b94b6.jpg","type":"image\/jpeg"}],"author":"cfeditorfr","twitter_card":"summary_large_image","twitter_misc":{"\u00c9crit par":"cfeditorfr","Dur\u00e9e de lecture estim\u00e9e":"4 minutes"},"schema":{"@context":"https:\/\/schema.org","@graph":[{"@type":"Article","@id":"https:\/\/www.africa-press.net\/cotedivoire\/politique\/cote-divoire-le-village-de-laurent-gbagbo-pret-pour-le-retour-du-pere#article","isPartOf":{"@id":"https:\/\/www.africa-press.net\/cotedivoire\/politique\/cote-divoire-le-village-de-laurent-gbagbo-pret-pour-le-retour-du-pere"},"author":{"name":"cfeditorfr","@id":"https:\/\/www.africa-press.net\/cotedivoire\/#\/schema\/person\/2b1cf3cd81a31e3cd26889ca66d677f1"},"headline":"le village de Laurent Gbagbo pr\u00eat pour le retour du \u00ab\u00a0p\u00e8re\u00a0\u00bb","datePublished":"2021-06-14T11:55:49+00:00","dateModified":"2021-06-14T19:44:41+00:00","mainEntityOfPage":{"@id":"https:\/\/www.africa-press.net\/cotedivoire\/politique\/cote-divoire-le-village-de-laurent-gbagbo-pret-pour-le-retour-du-pere"},"wordCount":810,"commentCount":0,"image":{"@id":"https:\/\/www.africa-press.net\/cotedivoire\/politique\/cote-divoire-le-village-de-laurent-gbagbo-pret-pour-le-retour-du-pere#primaryimage"},"thumbnailUrl":"https:\/\/static.africa-press.net\/cote\/sites\/43\/2021\/06\/img-60c74288b94b6.jpg","keywords":["Africa Press","Africa Press-C\u00f4te d'Ivoire","C\u00d4TE D'IVOIRE"],"articleSection":["homepage-french","Politique","Toutes les actualit\u00e9s"],"inLanguage":"fr-FR","potentialAction":[{"@type":"CommentAction","name":"Comment","target":["https:\/\/www.africa-press.net\/cotedivoire\/politique\/cote-divoire-le-village-de-laurent-gbagbo-pret-pour-le-retour-du-pere#respond"]}]},{"@type":"WebPage","@id":"https:\/\/www.africa-press.net\/cotedivoire\/politique\/cote-divoire-le-village-de-laurent-gbagbo-pret-pour-le-retour-du-pere","url":"https:\/\/www.africa-press.net\/cotedivoire\/politique\/cote-divoire-le-village-de-laurent-gbagbo-pret-pour-le-retour-du-pere","name":"le village de Laurent Gbagbo pr\u00eat pour le retour du \u00ab\u00a0p\u00e8re\u00a0\u00bb - C\u00f4te d&#039;Ivoire","isPartOf":{"@id":"https:\/\/www.africa-press.net\/cotedivoire\/#website"},"primaryImageOfPage":{"@id":"https:\/\/www.africa-press.net\/cotedivoire\/politique\/cote-divoire-le-village-de-laurent-gbagbo-pret-pour-le-retour-du-pere#primaryimage"},"image":{"@id":"https:\/\/www.africa-press.net\/cotedivoire\/politique\/cote-divoire-le-village-de-laurent-gbagbo-pret-pour-le-retour-du-pere#primaryimage"},"thumbnailUrl":"https:\/\/static.africa-press.net\/cote\/sites\/43\/2021\/06\/img-60c74288b94b6.jpg","datePublished":"2021-06-14T11:55:49+00:00","dateModified":"2021-06-14T19:44:41+00:00","author":{"@id":"https:\/\/www.africa-press.net\/cotedivoire\/#\/schema\/person\/2b1cf3cd81a31e3cd26889ca66d677f1"},"description":"Ils chantent, dansent et rient en coupant les herbes hautes pour d\u00e9gager la route qui m\u00e8ne \u00e0 Mama. Le village natal de L ...","breadcrumb":{"@id":"https:\/\/www.africa-press.net\/cotedivoire\/politique\/cote-divoire-le-village-de-laurent-gbagbo-pret-pour-le-retour-du-pere#breadcrumb"},"inLanguage":"fr-FR","potentialAction":[{"@type":"ReadAction","target":["https:\/\/www.africa-press.net\/cotedivoire\/politique\/cote-divoire-le-village-de-laurent-gbagbo-pret-pour-le-retour-du-pere"]}]},{"@type":"ImageObject","inLanguage":"fr-FR","@id":"https:\/\/www.africa-press.net\/cotedivoire\/politique\/cote-divoire-le-village-de-laurent-gbagbo-pret-pour-le-retour-du-pere#primaryimage","url":"https:\/\/static.africa-press.net\/cote\/sites\/43\/2021\/06\/img-60c74288b94b6.jpg","contentUrl":"https:\/\/static.africa-press.net\/cote\/sites\/43\/2021\/06\/img-60c74288b94b6.jpg","width":1440,"height":720,"caption":"C\u00f4te d\u2019Ivoire\u00a0: le village de Laurent Gbagbo pr\u00eat pour le retour du \u00ab\u00a0p\u00e8re\u00a0\u00bb"},{"@type":"BreadcrumbList","@id":"https:\/\/www.africa-press.net\/cotedivoire\/politique\/cote-divoire-le-village-de-laurent-gbagbo-pret-pour-le-retour-du-pere#breadcrumb","itemListElement":[{"@type":"ListItem","position":1,"name":"Accueil","item":"https:\/\/www.africa-press.net\/cotedivoire\/"},{"@type":"ListItem","position":2,"name":"le village de Laurent Gbagbo pr\u00eat pour le retour du \u00ab\u00a0p\u00e8re\u00a0\u00bb"}]},{"@type":"WebSite","@id":"https:\/\/www.africa-press.net\/cotedivoire\/#website","url":"https:\/\/www.africa-press.net\/cotedivoire\/","name":"C\u00f4te d&#039;Ivoire","description":"Just another Africa News Agency Sites site","potentialAction":[{"@type":"SearchAction","target":{"@type":"EntryPoint","urlTemplate":"https:\/\/www.africa-press.net\/cotedivoire\/?s={search_term_string}"},"query-input":{"@type":"PropertyValueSpecification","valueRequired":true,"valueName":"search_term_string"}}],"inLanguage":"fr-FR"},{"@type":"Person","@id":"https:\/\/www.africa-press.net\/cotedivoire\/#\/schema\/person\/2b1cf3cd81a31e3cd26889ca66d677f1","name":"cfeditorfr"}]}},"_links":{"self":[{"href":"https:\/\/www.africa-press.net\/cotedivoire\/wp-json\/wp\/v2\/posts\/8970","targetHints":{"allow":["GET"]}}],"collection":[{"href":"https:\/\/www.africa-press.net\/cotedivoire\/wp-json\/wp\/v2\/posts"}],"about":[{"href":"https:\/\/www.africa-press.net\/cotedivoire\/wp-json\/wp\/v2\/types\/post"}],"author":[{"embeddable":true,"href":"https:\/\/www.africa-press.net\/cotedivoire\/wp-json\/wp\/v2\/users\/82"}],"replies":[{"embeddable":true,"href":"https:\/\/www.africa-press.net\/cotedivoire\/wp-json\/wp\/v2\/comments?post=8970"}],"version-history":[{"count":0,"href":"https:\/\/www.africa-press.net\/cotedivoire\/wp-json\/wp\/v2\/posts\/8970\/revisions"}],"wp:featuredmedia":[{"embeddable":true,"href":"https:\/\/www.africa-press.net\/cotedivoire\/wp-json\/wp\/v2\/media\/8969"}],"wp:attachment":[{"href":"https:\/\/www.africa-press.net\/cotedivoire\/wp-json\/wp\/v2\/media?parent=8970"}],"wp:term":[{"taxonomy":"category","embeddable":true,"href":"https:\/\/www.africa-press.net\/cotedivoire\/wp-json\/wp\/v2\/categories?post=8970"},{"taxonomy":"post_tag","embeddable":true,"href":"https:\/\/www.africa-press.net\/cotedivoire\/wp-json\/wp\/v2\/tags?post=8970"}],"curies":[{"name":"wp","href":"https:\/\/api.w.org\/{rel}","templated":true}]}}