{"id":8973,"date":"2021-06-14T12:03:11","date_gmt":"2021-06-14T12:03:11","guid":{"rendered":"https:\/\/www.africa-press.net\/cotedivoire\/?p=8973"},"modified":"2021-06-14T19:44:51","modified_gmt":"2021-06-14T19:44:51","slug":"cote-divoire-lheure-des-pro-gbagbo-est-elle-venue","status":"publish","type":"post","link":"https:\/\/www.africa-press.net\/cotedivoire\/politique\/cote-divoire-lheure-des-pro-gbagbo-est-elle-venue","title":{"rendered":"l\u2019heure des pro-Gbagbo est-elle venue\u00a0?"},"content":{"rendered":"<p><span style=\"color: #ff6600\"><strong><a href=\"https:\/\/www.africa-press.net\/\">Africa-Press<\/a> &#8211; <a href=\"https:\/\/www.africa-press.net\/cotedivoire\">C\u00f4te d&rsquo;Ivoire<\/a>. <\/strong><\/span>Ragaillardi par l\u2019annonce du retour de Laurent Gbagbo, le FPI compte bien regagner du terrain. D\u2019autant qu\u2019apr\u00e8s dix ans de boycott des \u00e9lections l\u00e9gislatives, les partisans de l\u2019ex-pr\u00e9sident ont fait leur grand retour \u00e0 l\u2019Assembl\u00e9e nationale.<\/p>\n<p>Voil\u00e0 plus de dix ans qu\u2019ils n\u2019avaient pas particip\u00e9 \u00e0 une \u00e9lection. Le 6 mars dernier, les GOR (les partisans rest\u00e9s sur la ligne \u00ab Gbagbo ou rien \u00bb) au sein du Front populaire ivoirien (FPI) effectuaient leur grand retour sur la sc\u00e8ne politique \u00e0 l\u2019occasion des l\u00e9gislatives. Cette strat\u00e9gie m\u00fbrement r\u00e9fl\u00e9chie avait \u00e9t\u00e9 d\u00e9cid\u00e9e en 2018, lors du congr\u00e8s du FPI pro-Gbagbo \u00e0 Moossou. Pour les fid\u00e8les de l\u2019ancien pr\u00e9sident, il n\u2019\u00e9tait plus possible de rester en dehors du jeu \u00e9lectoral. Trop co\u00fbteux politiquement et financi\u00e8rement. \u00ab Ce n\u2019\u00e9tait plus tenable. Si nous \u00e9tions rest\u00e9s dans cette logique de boycott, nous serions morts \u00e0 petit feu \u00bb, confie l\u2019un d\u2019entre eux.<\/p>\n<p>Le FPI l\u00e9galement reconnu \u00e9tant toujours pr\u00e9sid\u00e9 par Pascal Affi N\u2019Guessan, avec lequel la r\u00e9conciliation est au point mort, les candidats de l\u2019ex-chef de l\u2019\u00c9tat ne pouvaient pas battre campagne avec le sigle et le logo du parti que leur leader a fond\u00e9 en 1982. Pour ce retour aux urnes, les GOR se sont donc regroup\u00e9s sous la banni\u00e8re d\u2019Ensemble pour la d\u00e9mocratie et la souverainet\u00e9 (EDS). Fort d\u2019une alliance avec le Parti d\u00e9mocratique de C\u00f4te d\u2019Ivoire (PDCI) dans la plupart des 205 circonscriptions du pays, EDS est parvenu \u00e0 obtenir 17 si\u00e8ges de d\u00e9put\u00e9s \u2013 dont seulement deux femmes \u2013 sur les 255 que compte l\u2019Assembl\u00e9e nationale. De quoi en faire le deuxi\u00e8me groupe parlementaire d\u2019opposition derri\u00e8re celui du PDCI, qui compte 65 \u00e9lus.<\/p>\n<p>Obtenir 17 d\u00e9put\u00e9s dans ces conditions est tout \u00e0 fait honorable M\u00eame si ce r\u00e9sultat n\u2019est pas tout \u00e0 fait \u00e0 la hauteur de ce qu\u2019ils esp\u00e9raient, les pro-Gbagbo le jugent satisfaisant. \u00ab Il faut \u00eatre r\u00e9aliste. Nous n\u2019avons particip\u00e9 \u00e0 aucune \u00e9lection depuis dix ans et nous avions tr\u00e8s peu de moyens par rapport \u00e0 nos concurrents. Obtenir 17 d\u00e9put\u00e9s dans ces conditions est donc tout \u00e0 fait honorable \u00bb, estime une figure des GOR.<\/p>\n<p>Pour eux, l\u2019essentiel est ailleurs : ils sont de retour sur l\u2019\u00e9chiquier politique ivoirien et disposent d\u00e9sormais d\u2019une tribune \u00e0 l\u2019Assembl\u00e9e nationale. Tout un symbole, alors que Laurent Gbagbo doit lui-m\u00eame rentrer \u00e0 Abidjan le 17 juin, plus de dix ans apr\u00e8s son arrestation et un proc\u00e8s \u00e0 rallonge devant la Cour p\u00e9nale internationale (CPI) \u00e0 l\u2019issue duquel il a finalement \u00e9t\u00e9 d\u00e9finitivement acquitt\u00e9 le 31 mars. Toujours d\u00e9termin\u00e9 \u00e0 jouer un r\u00f4le de premier plan, il pourra s\u2019appuyer sur \u00ab ses d\u00e9put\u00e9s \u00bb, dont voici les principales figures.<\/p>\n<p><b>\u00a0<\/b><\/p>\n","protected":false},"excerpt":{"rendered":"<p>Africa-Press &#8211; C\u00f4te d&rsquo;Ivoire. Ragaillardi par l\u2019annonce du retour de Laurent Gbagbo, le FPI compte bien regagner du terrain. D\u2019autant qu\u2019apr\u00e8s dix ans de boycott des \u00e9lections l\u00e9gislatives, les partisans de l\u2019ex-pr\u00e9sident ont fait leur grand retour \u00e0 l\u2019Assembl\u00e9e nationale. Voil\u00e0 plus de dix ans qu\u2019ils n\u2019avaient pas particip\u00e9 \u00e0 une \u00e9lection. Le 6 mars [&hellip;]<\/p>\n","protected":false},"author":82,"featured_media":8972,"comment_status":"open","ping_status":"closed","sticky":false,"template":"","format":"standard","meta":{"footnotes":""},"categories":[11,2,20,10],"tags":[56,63,29],"class_list":["post-8973","post","type-post","status-publish","format-standard","has-post-thumbnail","hentry","category-homepage-french","category-politique","category-top-nouvelles","category-toutes-les-actualites","tag-africa-press","tag-africa-press-cote-divoire","tag-cote-divoire"],"yoast_head":"<!-- This site is optimized with the Yoast SEO Premium plugin v26.1 (Yoast SEO v27.0) - https:\/\/yoast.com\/product\/yoast-seo-premium-wordpress\/ -->\n<title>l\u2019heure des pro-Gbagbo est-elle venue\u00a0? - C\u00f4te d&#039;Ivoire<\/title>\n<meta name=\"description\" content=\"Ragaillardi par l\u2019annonce du retour de Laurent Gbagbo, le FPI compte bien regagner du terrain. D\u2019autant qu\u2019apr\u00e8s dix ans ...\" \/>\n<meta name=\"robots\" content=\"index, follow, max-snippet:-1, max-image-preview:large, max-video-preview:-1\" \/>\n<link rel=\"canonical\" href=\"https:\/\/www.africa-press.net\/cotedivoire\/politique\/cote-divoire-lheure-des-pro-gbagbo-est-elle-venue\" \/>\n<meta property=\"og:locale\" content=\"fr_FR\" \/>\n<meta property=\"og:type\" content=\"article\" \/>\n<meta property=\"og:title\" content=\"l\u2019heure des pro-Gbagbo est-elle venue\u00a0?\" \/>\n<meta property=\"og:description\" content=\"Ragaillardi par l\u2019annonce du retour de Laurent Gbagbo, le FPI compte bien regagner du terrain. D\u2019autant qu\u2019apr\u00e8s dix ans ...\" \/>\n<meta property=\"og:url\" content=\"https:\/\/www.africa-press.net\/cotedivoire\/politique\/cote-divoire-lheure-des-pro-gbagbo-est-elle-venue\" \/>\n<meta property=\"og:site_name\" content=\"C\u00f4te d&#039;Ivoire\" \/>\n<meta property=\"article:published_time\" content=\"2021-06-14T12:03:11+00:00\" \/>\n<meta property=\"article:modified_time\" content=\"2021-06-14T19:44:51+00:00\" \/>\n<meta property=\"og:image\" content=\"https:\/\/static.africa-press.net\/cote\/sites\/43\/2021\/06\/img-60c743186a24f.jpg\" \/>\n\t<meta property=\"og:image:width\" content=\"720\" \/>\n\t<meta property=\"og:image:height\" content=\"360\" \/>\n\t<meta property=\"og:image:type\" content=\"image\/jpeg\" \/>\n<meta name=\"author\" content=\"cfeditorfr\" \/>\n<meta name=\"twitter:card\" content=\"summary_large_image\" \/>\n<meta name=\"twitter:label1\" content=\"\u00c9crit par\" \/>\n\t<meta name=\"twitter:data1\" content=\"cfeditorfr\" \/>\n\t<meta name=\"twitter:label2\" content=\"Dur\u00e9e de lecture estim\u00e9e\" \/>\n\t<meta name=\"twitter:data2\" content=\"2 minutes\" \/>\n<script type=\"application\/ld+json\" class=\"yoast-schema-graph\">{\"@context\":\"https:\/\/schema.org\",\"@graph\":[{\"@type\":\"Article\",\"@id\":\"https:\/\/www.africa-press.net\/cotedivoire\/politique\/cote-divoire-lheure-des-pro-gbagbo-est-elle-venue#article\",\"isPartOf\":{\"@id\":\"https:\/\/www.africa-press.net\/cotedivoire\/politique\/cote-divoire-lheure-des-pro-gbagbo-est-elle-venue\"},\"author\":{\"name\":\"cfeditorfr\",\"@id\":\"https:\/\/www.africa-press.net\/cotedivoire\/#\/schema\/person\/2b1cf3cd81a31e3cd26889ca66d677f1\"},\"headline\":\"l\u2019heure des pro-Gbagbo est-elle venue\u00a0?\",\"datePublished\":\"2021-06-14T12:03:11+00:00\",\"dateModified\":\"2021-06-14T19:44:51+00:00\",\"mainEntityOfPage\":{\"@id\":\"https:\/\/www.africa-press.net\/cotedivoire\/politique\/cote-divoire-lheure-des-pro-gbagbo-est-elle-venue\"},\"wordCount\":494,\"commentCount\":0,\"image\":{\"@id\":\"https:\/\/www.africa-press.net\/cotedivoire\/politique\/cote-divoire-lheure-des-pro-gbagbo-est-elle-venue#primaryimage\"},\"thumbnailUrl\":\"https:\/\/static.africa-press.net\/cote\/sites\/43\/2021\/06\/img-60c743186a24f.jpg\",\"keywords\":[\"Africa Press\",\"Africa Press-C\u00f4te d'Ivoire\",\"C\u00d4TE D'IVOIRE\"],\"articleSection\":[\"homepage-french\",\"Politique\",\"Top Nouvelles\",\"Toutes les actualit\u00e9s\"],\"inLanguage\":\"fr-FR\",\"potentialAction\":[{\"@type\":\"CommentAction\",\"name\":\"Comment\",\"target\":[\"https:\/\/www.africa-press.net\/cotedivoire\/politique\/cote-divoire-lheure-des-pro-gbagbo-est-elle-venue#respond\"]}]},{\"@type\":\"WebPage\",\"@id\":\"https:\/\/www.africa-press.net\/cotedivoire\/politique\/cote-divoire-lheure-des-pro-gbagbo-est-elle-venue\",\"url\":\"https:\/\/www.africa-press.net\/cotedivoire\/politique\/cote-divoire-lheure-des-pro-gbagbo-est-elle-venue\",\"name\":\"l\u2019heure des pro-Gbagbo est-elle venue\u00a0? - C\u00f4te d&#039;Ivoire\",\"isPartOf\":{\"@id\":\"https:\/\/www.africa-press.net\/cotedivoire\/#website\"},\"primaryImageOfPage\":{\"@id\":\"https:\/\/www.africa-press.net\/cotedivoire\/politique\/cote-divoire-lheure-des-pro-gbagbo-est-elle-venue#primaryimage\"},\"image\":{\"@id\":\"https:\/\/www.africa-press.net\/cotedivoire\/politique\/cote-divoire-lheure-des-pro-gbagbo-est-elle-venue#primaryimage\"},\"thumbnailUrl\":\"https:\/\/static.africa-press.net\/cote\/sites\/43\/2021\/06\/img-60c743186a24f.jpg\",\"datePublished\":\"2021-06-14T12:03:11+00:00\",\"dateModified\":\"2021-06-14T19:44:51+00:00\",\"author\":{\"@id\":\"https:\/\/www.africa-press.net\/cotedivoire\/#\/schema\/person\/2b1cf3cd81a31e3cd26889ca66d677f1\"},\"description\":\"Ragaillardi par l\u2019annonce du retour de Laurent Gbagbo, le FPI compte bien regagner du terrain. D\u2019autant qu\u2019apr\u00e8s dix ans ...\",\"breadcrumb\":{\"@id\":\"https:\/\/www.africa-press.net\/cotedivoire\/politique\/cote-divoire-lheure-des-pro-gbagbo-est-elle-venue#breadcrumb\"},\"inLanguage\":\"fr-FR\",\"potentialAction\":[{\"@type\":\"ReadAction\",\"target\":[\"https:\/\/www.africa-press.net\/cotedivoire\/politique\/cote-divoire-lheure-des-pro-gbagbo-est-elle-venue\"]}]},{\"@type\":\"ImageObject\",\"inLanguage\":\"fr-FR\",\"@id\":\"https:\/\/www.africa-press.net\/cotedivoire\/politique\/cote-divoire-lheure-des-pro-gbagbo-est-elle-venue#primaryimage\",\"url\":\"https:\/\/static.africa-press.net\/cote\/sites\/43\/2021\/06\/img-60c743186a24f.jpg\",\"contentUrl\":\"https:\/\/static.africa-press.net\/cote\/sites\/43\/2021\/06\/img-60c743186a24f.jpg\",\"width\":720,\"height\":360,\"caption\":\"C\u00f4te d\u2019Ivoire : l\u2019heure des pro-Gbagbo est-elle venue\u00a0?\"},{\"@type\":\"BreadcrumbList\",\"@id\":\"https:\/\/www.africa-press.net\/cotedivoire\/politique\/cote-divoire-lheure-des-pro-gbagbo-est-elle-venue#breadcrumb\",\"itemListElement\":[{\"@type\":\"ListItem\",\"position\":1,\"name\":\"Accueil\",\"item\":\"https:\/\/www.africa-press.net\/cotedivoire\/\"},{\"@type\":\"ListItem\",\"position\":2,\"name\":\"l\u2019heure des pro-Gbagbo est-elle venue\u00a0?\"}]},{\"@type\":\"WebSite\",\"@id\":\"https:\/\/www.africa-press.net\/cotedivoire\/#website\",\"url\":\"https:\/\/www.africa-press.net\/cotedivoire\/\",\"name\":\"C\u00f4te d&#039;Ivoire\",\"description\":\"Just another Africa News Agency Sites site\",\"potentialAction\":[{\"@type\":\"SearchAction\",\"target\":{\"@type\":\"EntryPoint\",\"urlTemplate\":\"https:\/\/www.africa-press.net\/cotedivoire\/?s={search_term_string}\"},\"query-input\":{\"@type\":\"PropertyValueSpecification\",\"valueRequired\":true,\"valueName\":\"search_term_string\"}}],\"inLanguage\":\"fr-FR\"},{\"@type\":\"Person\",\"@id\":\"https:\/\/www.africa-press.net\/cotedivoire\/#\/schema\/person\/2b1cf3cd81a31e3cd26889ca66d677f1\",\"name\":\"cfeditorfr\"}]}<\/script>\n<!-- \/ Yoast SEO Premium plugin. -->","yoast_head_json":{"title":"l\u2019heure des pro-Gbagbo est-elle venue\u00a0? - C\u00f4te d&#039;Ivoire","description":"Ragaillardi par l\u2019annonce du retour de Laurent Gbagbo, le FPI compte bien regagner du terrain. D\u2019autant qu\u2019apr\u00e8s dix ans ...","robots":{"index":"index","follow":"follow","max-snippet":"max-snippet:-1","max-image-preview":"max-image-preview:large","max-video-preview":"max-video-preview:-1"},"canonical":"https:\/\/www.africa-press.net\/cotedivoire\/politique\/cote-divoire-lheure-des-pro-gbagbo-est-elle-venue","og_locale":"fr_FR","og_type":"article","og_title":"l\u2019heure des pro-Gbagbo est-elle venue\u00a0?","og_description":"Ragaillardi par l\u2019annonce du retour de Laurent Gbagbo, le FPI compte bien regagner du terrain. D\u2019autant qu\u2019apr\u00e8s dix ans ...","og_url":"https:\/\/www.africa-press.net\/cotedivoire\/politique\/cote-divoire-lheure-des-pro-gbagbo-est-elle-venue","og_site_name":"C\u00f4te d&#039;Ivoire","article_published_time":"2021-06-14T12:03:11+00:00","article_modified_time":"2021-06-14T19:44:51+00:00","og_image":[{"width":720,"height":360,"url":"https:\/\/static.africa-press.net\/cote\/sites\/43\/2021\/06\/img-60c743186a24f.jpg","type":"image\/jpeg"}],"author":"cfeditorfr","twitter_card":"summary_large_image","twitter_misc":{"\u00c9crit par":"cfeditorfr","Dur\u00e9e de lecture estim\u00e9e":"2 minutes"},"schema":{"@context":"https:\/\/schema.org","@graph":[{"@type":"Article","@id":"https:\/\/www.africa-press.net\/cotedivoire\/politique\/cote-divoire-lheure-des-pro-gbagbo-est-elle-venue#article","isPartOf":{"@id":"https:\/\/www.africa-press.net\/cotedivoire\/politique\/cote-divoire-lheure-des-pro-gbagbo-est-elle-venue"},"author":{"name":"cfeditorfr","@id":"https:\/\/www.africa-press.net\/cotedivoire\/#\/schema\/person\/2b1cf3cd81a31e3cd26889ca66d677f1"},"headline":"l\u2019heure des pro-Gbagbo est-elle venue\u00a0?","datePublished":"2021-06-14T12:03:11+00:00","dateModified":"2021-06-14T19:44:51+00:00","mainEntityOfPage":{"@id":"https:\/\/www.africa-press.net\/cotedivoire\/politique\/cote-divoire-lheure-des-pro-gbagbo-est-elle-venue"},"wordCount":494,"commentCount":0,"image":{"@id":"https:\/\/www.africa-press.net\/cotedivoire\/politique\/cote-divoire-lheure-des-pro-gbagbo-est-elle-venue#primaryimage"},"thumbnailUrl":"https:\/\/static.africa-press.net\/cote\/sites\/43\/2021\/06\/img-60c743186a24f.jpg","keywords":["Africa Press","Africa Press-C\u00f4te d'Ivoire","C\u00d4TE D'IVOIRE"],"articleSection":["homepage-french","Politique","Top Nouvelles","Toutes les actualit\u00e9s"],"inLanguage":"fr-FR","potentialAction":[{"@type":"CommentAction","name":"Comment","target":["https:\/\/www.africa-press.net\/cotedivoire\/politique\/cote-divoire-lheure-des-pro-gbagbo-est-elle-venue#respond"]}]},{"@type":"WebPage","@id":"https:\/\/www.africa-press.net\/cotedivoire\/politique\/cote-divoire-lheure-des-pro-gbagbo-est-elle-venue","url":"https:\/\/www.africa-press.net\/cotedivoire\/politique\/cote-divoire-lheure-des-pro-gbagbo-est-elle-venue","name":"l\u2019heure des pro-Gbagbo est-elle venue\u00a0? - C\u00f4te d&#039;Ivoire","isPartOf":{"@id":"https:\/\/www.africa-press.net\/cotedivoire\/#website"},"primaryImageOfPage":{"@id":"https:\/\/www.africa-press.net\/cotedivoire\/politique\/cote-divoire-lheure-des-pro-gbagbo-est-elle-venue#primaryimage"},"image":{"@id":"https:\/\/www.africa-press.net\/cotedivoire\/politique\/cote-divoire-lheure-des-pro-gbagbo-est-elle-venue#primaryimage"},"thumbnailUrl":"https:\/\/static.africa-press.net\/cote\/sites\/43\/2021\/06\/img-60c743186a24f.jpg","datePublished":"2021-06-14T12:03:11+00:00","dateModified":"2021-06-14T19:44:51+00:00","author":{"@id":"https:\/\/www.africa-press.net\/cotedivoire\/#\/schema\/person\/2b1cf3cd81a31e3cd26889ca66d677f1"},"description":"Ragaillardi par l\u2019annonce du retour de Laurent Gbagbo, le FPI compte bien regagner du terrain. D\u2019autant qu\u2019apr\u00e8s dix ans ...","breadcrumb":{"@id":"https:\/\/www.africa-press.net\/cotedivoire\/politique\/cote-divoire-lheure-des-pro-gbagbo-est-elle-venue#breadcrumb"},"inLanguage":"fr-FR","potentialAction":[{"@type":"ReadAction","target":["https:\/\/www.africa-press.net\/cotedivoire\/politique\/cote-divoire-lheure-des-pro-gbagbo-est-elle-venue"]}]},{"@type":"ImageObject","inLanguage":"fr-FR","@id":"https:\/\/www.africa-press.net\/cotedivoire\/politique\/cote-divoire-lheure-des-pro-gbagbo-est-elle-venue#primaryimage","url":"https:\/\/static.africa-press.net\/cote\/sites\/43\/2021\/06\/img-60c743186a24f.jpg","contentUrl":"https:\/\/static.africa-press.net\/cote\/sites\/43\/2021\/06\/img-60c743186a24f.jpg","width":720,"height":360,"caption":"C\u00f4te d\u2019Ivoire : l\u2019heure des pro-Gbagbo est-elle venue\u00a0?"},{"@type":"BreadcrumbList","@id":"https:\/\/www.africa-press.net\/cotedivoire\/politique\/cote-divoire-lheure-des-pro-gbagbo-est-elle-venue#breadcrumb","itemListElement":[{"@type":"ListItem","position":1,"name":"Accueil","item":"https:\/\/www.africa-press.net\/cotedivoire\/"},{"@type":"ListItem","position":2,"name":"l\u2019heure des pro-Gbagbo est-elle venue\u00a0?"}]},{"@type":"WebSite","@id":"https:\/\/www.africa-press.net\/cotedivoire\/#website","url":"https:\/\/www.africa-press.net\/cotedivoire\/","name":"C\u00f4te d&#039;Ivoire","description":"Just another Africa News Agency Sites site","potentialAction":[{"@type":"SearchAction","target":{"@type":"EntryPoint","urlTemplate":"https:\/\/www.africa-press.net\/cotedivoire\/?s={search_term_string}"},"query-input":{"@type":"PropertyValueSpecification","valueRequired":true,"valueName":"search_term_string"}}],"inLanguage":"fr-FR"},{"@type":"Person","@id":"https:\/\/www.africa-press.net\/cotedivoire\/#\/schema\/person\/2b1cf3cd81a31e3cd26889ca66d677f1","name":"cfeditorfr"}]}},"_links":{"self":[{"href":"https:\/\/www.africa-press.net\/cotedivoire\/wp-json\/wp\/v2\/posts\/8973","targetHints":{"allow":["GET"]}}],"collection":[{"href":"https:\/\/www.africa-press.net\/cotedivoire\/wp-json\/wp\/v2\/posts"}],"about":[{"href":"https:\/\/www.africa-press.net\/cotedivoire\/wp-json\/wp\/v2\/types\/post"}],"author":[{"embeddable":true,"href":"https:\/\/www.africa-press.net\/cotedivoire\/wp-json\/wp\/v2\/users\/82"}],"replies":[{"embeddable":true,"href":"https:\/\/www.africa-press.net\/cotedivoire\/wp-json\/wp\/v2\/comments?post=8973"}],"version-history":[{"count":0,"href":"https:\/\/www.africa-press.net\/cotedivoire\/wp-json\/wp\/v2\/posts\/8973\/revisions"}],"wp:featuredmedia":[{"embeddable":true,"href":"https:\/\/www.africa-press.net\/cotedivoire\/wp-json\/wp\/v2\/media\/8972"}],"wp:attachment":[{"href":"https:\/\/www.africa-press.net\/cotedivoire\/wp-json\/wp\/v2\/media?parent=8973"}],"wp:term":[{"taxonomy":"category","embeddable":true,"href":"https:\/\/www.africa-press.net\/cotedivoire\/wp-json\/wp\/v2\/categories?post=8973"},{"taxonomy":"post_tag","embeddable":true,"href":"https:\/\/www.africa-press.net\/cotedivoire\/wp-json\/wp\/v2\/tags?post=8973"}],"curies":[{"name":"wp","href":"https:\/\/api.w.org\/{rel}","templated":true}]}}