{"id":89744,"date":"2024-10-28T13:40:06","date_gmt":"2024-10-28T13:40:06","guid":{"rendered":"https:\/\/www.africa-press.net\/cotedivoire\/politique\/ppa-ci-deces-de-djodjo-togba-ancien-ambassadeur-en-libye"},"modified":"2024-10-28T13:44:32","modified_gmt":"2024-10-28T13:44:32","slug":"ppa-ci-deces-de-djodjo-togba-ancien-ambassadeur-en-libye","status":"publish","type":"post","link":"https:\/\/www.africa-press.net\/cotedivoire\/politique\/ppa-ci-deces-de-djodjo-togba-ancien-ambassadeur-en-libye","title":{"rendered":"PPA-CI, D\u00e9c\u00e8s de Djodjo Togba, ancien ambassadeur en Libye"},"content":{"rendered":"<p><span style=\"color: #ff6600\"><strong>Africa-Press &#8211; C\u00f4te d&rsquo;Ivoire. <\/strong><\/span>Le Parti des Peuples Africains \u2013 Co\u0302te d&rsquo;Ivoire (PPA-CI) est en deuil a\u0300 la suite du de\u0301ce\u0300s tragique de Djodjo Togba, Vice-pre\u0301sident Exe\u0301cutif du parti, survenu dans la nuit du vendredi 24 octobre.<\/p>\n<p>La nouvelle de son de\u0301ce\u0300s a suscite\u0301 une profonde e\u0301motion au sein de la formation politique, ou\u0300 il avait joue\u0301 un ro\u0302le crucial en tant qu\u2019ancien ambassadeur de Co\u0302te d&rsquo;Ivoire en Libye et pre\u0301sident de la Commission Protocole.<\/p>\n<p>Djodjo Togba a consacre\u0301 sa vie a\u0300 la politique et au service public, s&rsquo;imposant comme un fervent de\u0301fenseur des valeurs du PPA-CI. Sa carrie\u0300re diplomatique, marque\u0301e par son passage en Libye, te\u0301moigne de son engagement en faveur des inte\u0301re\u0302ts de la Co\u0302te d&rsquo;Ivoire a\u0300 l&rsquo;international. Au sein du parti, il a e\u0301te\u0301 un acteur cle\u0301 dans l&rsquo;e\u0301tablissement de protocoles et de normes qui ont renforce\u0301 la cohe\u0301sion et l&rsquo;efficacite\u0301 des structures internes, laissant ainsi une empreinte inde\u0301le\u0301bile sur le fonctionnement du PPA-CI.<\/p>\n<p>Laurent Gbagbo, e\u0301galement pre\u0301sident du PPA-CI, a exprime\u0301 sa profonde tristesse et son choc face a\u0300 la perte de son camarade. Il a adresse\u0301 ses since\u0300res condole\u0301ances a\u0300 la famille de Djodjo Togba, soulignant le vide immense que sa disparition laisse non seulement dans sa sphe\u0300re familiale mais aussi parmi tous les militants et sympathisants du parti. \u00ab En ce moment de douleur, nos pense\u0301es et nos prie\u0300res accompagnent la famille de notre compagnon de lutte, qui a toujours \u0153uvre\u0301 avec de\u0301termination pour l&rsquo;unite\u0301 et la justice \u00bb, a de\u0301clare\u0301 Gbagbo dans un communique\u0301 parvenu a\u0300 KOACI.<\/p>\n<p><strong>Pour plus d&rsquo;informations et d&rsquo;analyses sur la C\u00f4te d&rsquo;Ivoire, suivez Africa-Press<\/strong><\/p>\n","protected":false},"excerpt":{"rendered":"<p>Africa-Press &#8211; C\u00f4te d&rsquo;Ivoire. Le Parti des Peuples Africains \u2013 Co\u0302te d&rsquo;Ivoire (PPA-CI) est en deuil a\u0300 la suite du de\u0301ce\u0300s tragique de Djodjo Togba, Vice-pre\u0301sident Exe\u0301cutif du parti, survenu dans la nuit du vendredi 24 octobre. La nouvelle de son de\u0301ce\u0300s a suscite\u0301 une profonde e\u0301motion au sein de la formation politique, ou\u0300 il [&hellip;]<\/p>\n","protected":false},"author":82,"featured_media":89743,"comment_status":"open","ping_status":"closed","sticky":false,"template":"","format":"standard","meta":{"footnotes":""},"categories":[2,10],"tags":[29,15387,320,1952],"class_list":["post-89744","post","type-post","status-publish","format-standard","has-post-thumbnail","hentry","category-politique","category-toutes-les-actualites","tag-cote-divoire","tag-djodjo-togba","tag-gbagbo","tag-ppa-ci"],"yoast_head":"<!-- This site is optimized with the Yoast SEO Premium plugin v26.1 (Yoast SEO v27.0) - https:\/\/yoast.com\/product\/yoast-seo-premium-wordpress\/ -->\n<title>PPA-CI, D\u00e9c\u00e8s de Djodjo Togba, ancien ambassadeur en Libye - C\u00f4te d&#039;Ivoire<\/title>\n<meta name=\"description\" content=\"Le Parti des Peuples Africains \u2013 Co\u0302te d&#039;Ivoire (PPA-CI) est en deuil a\u0300 la suite du de\u0301ce\u0300s tragique de Djodjo Togba, V ...\" \/>\n<meta name=\"robots\" content=\"index, follow, max-snippet:-1, max-image-preview:large, max-video-preview:-1\" \/>\n<link rel=\"canonical\" href=\"https:\/\/www.africa-press.net\/cotedivoire\/politique\/ppa-ci-deces-de-djodjo-togba-ancien-ambassadeur-en-libye\" \/>\n<meta property=\"og:locale\" content=\"fr_FR\" \/>\n<meta property=\"og:type\" content=\"article\" \/>\n<meta property=\"og:title\" content=\"PPA-CI, D\u00e9c\u00e8s de Djodjo Togba, ancien ambassadeur en Libye\" \/>\n<meta property=\"og:description\" content=\"Le Parti des Peuples Africains \u2013 Co\u0302te d&#039;Ivoire (PPA-CI) est en deuil a\u0300 la suite du de\u0301ce\u0300s tragique de Djodjo Togba, V ...\" \/>\n<meta property=\"og:url\" content=\"https:\/\/www.africa-press.net\/cotedivoire\/politique\/ppa-ci-deces-de-djodjo-togba-ancien-ambassadeur-en-libye\" \/>\n<meta property=\"og:site_name\" content=\"C\u00f4te d&#039;Ivoire\" \/>\n<meta property=\"article:published_time\" content=\"2024-10-28T13:40:06+00:00\" \/>\n<meta property=\"article:modified_time\" content=\"2024-10-28T13:44:32+00:00\" \/>\n<meta property=\"og:image\" content=\"https:\/\/static.africa-press.net\/cote\/sites\/43\/2024\/10\/sm_1730110436.451112.jpg\" \/>\n\t<meta property=\"og:image:width\" content=\"720\" \/>\n\t<meta property=\"og:image:height\" content=\"429\" \/>\n\t<meta property=\"og:image:type\" content=\"image\/jpeg\" \/>\n<meta name=\"author\" content=\"cfeditorfr\" \/>\n<meta name=\"twitter:card\" content=\"summary_large_image\" \/>\n<meta name=\"twitter:label1\" content=\"\u00c9crit par\" \/>\n\t<meta name=\"twitter:data1\" content=\"cfeditorfr\" \/>\n\t<meta name=\"twitter:label2\" content=\"Dur\u00e9e de lecture estim\u00e9e\" \/>\n\t<meta name=\"twitter:data2\" content=\"2 minutes\" \/>\n<script type=\"application\/ld+json\" class=\"yoast-schema-graph\">{\"@context\":\"https:\/\/schema.org\",\"@graph\":[{\"@type\":\"Article\",\"@id\":\"https:\/\/www.africa-press.net\/cotedivoire\/politique\/ppa-ci-deces-de-djodjo-togba-ancien-ambassadeur-en-libye#article\",\"isPartOf\":{\"@id\":\"https:\/\/www.africa-press.net\/cotedivoire\/politique\/ppa-ci-deces-de-djodjo-togba-ancien-ambassadeur-en-libye\"},\"author\":{\"name\":\"cfeditorfr\",\"@id\":\"https:\/\/www.africa-press.net\/cotedivoire\/#\/schema\/person\/2b1cf3cd81a31e3cd26889ca66d677f1\"},\"headline\":\"PPA-CI, D\u00e9c\u00e8s de Djodjo Togba, ancien ambassadeur en Libye\",\"datePublished\":\"2024-10-28T13:40:06+00:00\",\"dateModified\":\"2024-10-28T13:44:32+00:00\",\"mainEntityOfPage\":{\"@id\":\"https:\/\/www.africa-press.net\/cotedivoire\/politique\/ppa-ci-deces-de-djodjo-togba-ancien-ambassadeur-en-libye\"},\"wordCount\":319,\"commentCount\":0,\"image\":{\"@id\":\"https:\/\/www.africa-press.net\/cotedivoire\/politique\/ppa-ci-deces-de-djodjo-togba-ancien-ambassadeur-en-libye#primaryimage\"},\"thumbnailUrl\":\"https:\/\/static.africa-press.net\/cote\/sites\/43\/2024\/10\/sm_1730110436.451112.jpg\",\"keywords\":[\"C\u00d4TE D'IVOIRE\",\"Djodjo Togba\",\"Gbagbo\",\"PPA-CI\"],\"articleSection\":[\"Politique\",\"Toutes les actualit\u00e9s\"],\"inLanguage\":\"fr-FR\",\"potentialAction\":[{\"@type\":\"CommentAction\",\"name\":\"Comment\",\"target\":[\"https:\/\/www.africa-press.net\/cotedivoire\/politique\/ppa-ci-deces-de-djodjo-togba-ancien-ambassadeur-en-libye#respond\"]}]},{\"@type\":\"WebPage\",\"@id\":\"https:\/\/www.africa-press.net\/cotedivoire\/politique\/ppa-ci-deces-de-djodjo-togba-ancien-ambassadeur-en-libye\",\"url\":\"https:\/\/www.africa-press.net\/cotedivoire\/politique\/ppa-ci-deces-de-djodjo-togba-ancien-ambassadeur-en-libye\",\"name\":\"PPA-CI, D\u00e9c\u00e8s de Djodjo Togba, ancien ambassadeur en Libye - C\u00f4te d&#039;Ivoire\",\"isPartOf\":{\"@id\":\"https:\/\/www.africa-press.net\/cotedivoire\/#website\"},\"primaryImageOfPage\":{\"@id\":\"https:\/\/www.africa-press.net\/cotedivoire\/politique\/ppa-ci-deces-de-djodjo-togba-ancien-ambassadeur-en-libye#primaryimage\"},\"image\":{\"@id\":\"https:\/\/www.africa-press.net\/cotedivoire\/politique\/ppa-ci-deces-de-djodjo-togba-ancien-ambassadeur-en-libye#primaryimage\"},\"thumbnailUrl\":\"https:\/\/static.africa-press.net\/cote\/sites\/43\/2024\/10\/sm_1730110436.451112.jpg\",\"datePublished\":\"2024-10-28T13:40:06+00:00\",\"dateModified\":\"2024-10-28T13:44:32+00:00\",\"author\":{\"@id\":\"https:\/\/www.africa-press.net\/cotedivoire\/#\/schema\/person\/2b1cf3cd81a31e3cd26889ca66d677f1\"},\"description\":\"Le Parti des Peuples Africains \u2013 Co\u0302te d'Ivoire (PPA-CI) est en deuil a\u0300 la suite du de\u0301ce\u0300s tragique de Djodjo Togba, V ...\",\"breadcrumb\":{\"@id\":\"https:\/\/www.africa-press.net\/cotedivoire\/politique\/ppa-ci-deces-de-djodjo-togba-ancien-ambassadeur-en-libye#breadcrumb\"},\"inLanguage\":\"fr-FR\",\"potentialAction\":[{\"@type\":\"ReadAction\",\"target\":[\"https:\/\/www.africa-press.net\/cotedivoire\/politique\/ppa-ci-deces-de-djodjo-togba-ancien-ambassadeur-en-libye\"]}]},{\"@type\":\"ImageObject\",\"inLanguage\":\"fr-FR\",\"@id\":\"https:\/\/www.africa-press.net\/cotedivoire\/politique\/ppa-ci-deces-de-djodjo-togba-ancien-ambassadeur-en-libye#primaryimage\",\"url\":\"https:\/\/static.africa-press.net\/cote\/sites\/43\/2024\/10\/sm_1730110436.451112.jpg\",\"contentUrl\":\"https:\/\/static.africa-press.net\/cote\/sites\/43\/2024\/10\/sm_1730110436.451112.jpg\",\"width\":720,\"height\":429,\"caption\":\"PPA-CI, D\u00e9c\u00e8s de Djodjo Togba, ancien ambassadeur en Libye\"},{\"@type\":\"BreadcrumbList\",\"@id\":\"https:\/\/www.africa-press.net\/cotedivoire\/politique\/ppa-ci-deces-de-djodjo-togba-ancien-ambassadeur-en-libye#breadcrumb\",\"itemListElement\":[{\"@type\":\"ListItem\",\"position\":1,\"name\":\"Accueil\",\"item\":\"https:\/\/www.africa-press.net\/cotedivoire\/\"},{\"@type\":\"ListItem\",\"position\":2,\"name\":\"PPA-CI, D\u00e9c\u00e8s de Djodjo Togba, ancien ambassadeur en Libye\"}]},{\"@type\":\"WebSite\",\"@id\":\"https:\/\/www.africa-press.net\/cotedivoire\/#website\",\"url\":\"https:\/\/www.africa-press.net\/cotedivoire\/\",\"name\":\"C\u00f4te d&#039;Ivoire\",\"description\":\"Just another Africa News Agency Sites site\",\"potentialAction\":[{\"@type\":\"SearchAction\",\"target\":{\"@type\":\"EntryPoint\",\"urlTemplate\":\"https:\/\/www.africa-press.net\/cotedivoire\/?s={search_term_string}\"},\"query-input\":{\"@type\":\"PropertyValueSpecification\",\"valueRequired\":true,\"valueName\":\"search_term_string\"}}],\"inLanguage\":\"fr-FR\"},{\"@type\":\"Person\",\"@id\":\"https:\/\/www.africa-press.net\/cotedivoire\/#\/schema\/person\/2b1cf3cd81a31e3cd26889ca66d677f1\",\"name\":\"cfeditorfr\"}]}<\/script>\n<!-- \/ Yoast SEO Premium plugin. -->","yoast_head_json":{"title":"PPA-CI, D\u00e9c\u00e8s de Djodjo Togba, ancien ambassadeur en Libye - C\u00f4te d&#039;Ivoire","description":"Le Parti des Peuples Africains \u2013 Co\u0302te d'Ivoire (PPA-CI) est en deuil a\u0300 la suite du de\u0301ce\u0300s tragique de Djodjo Togba, V ...","robots":{"index":"index","follow":"follow","max-snippet":"max-snippet:-1","max-image-preview":"max-image-preview:large","max-video-preview":"max-video-preview:-1"},"canonical":"https:\/\/www.africa-press.net\/cotedivoire\/politique\/ppa-ci-deces-de-djodjo-togba-ancien-ambassadeur-en-libye","og_locale":"fr_FR","og_type":"article","og_title":"PPA-CI, D\u00e9c\u00e8s de Djodjo Togba, ancien ambassadeur en Libye","og_description":"Le Parti des Peuples Africains \u2013 Co\u0302te d'Ivoire (PPA-CI) est en deuil a\u0300 la suite du de\u0301ce\u0300s tragique de Djodjo Togba, V ...","og_url":"https:\/\/www.africa-press.net\/cotedivoire\/politique\/ppa-ci-deces-de-djodjo-togba-ancien-ambassadeur-en-libye","og_site_name":"C\u00f4te d&#039;Ivoire","article_published_time":"2024-10-28T13:40:06+00:00","article_modified_time":"2024-10-28T13:44:32+00:00","og_image":[{"width":720,"height":429,"url":"https:\/\/static.africa-press.net\/cote\/sites\/43\/2024\/10\/sm_1730110436.451112.jpg","type":"image\/jpeg"}],"author":"cfeditorfr","twitter_card":"summary_large_image","twitter_misc":{"\u00c9crit par":"cfeditorfr","Dur\u00e9e de lecture estim\u00e9e":"2 minutes"},"schema":{"@context":"https:\/\/schema.org","@graph":[{"@type":"Article","@id":"https:\/\/www.africa-press.net\/cotedivoire\/politique\/ppa-ci-deces-de-djodjo-togba-ancien-ambassadeur-en-libye#article","isPartOf":{"@id":"https:\/\/www.africa-press.net\/cotedivoire\/politique\/ppa-ci-deces-de-djodjo-togba-ancien-ambassadeur-en-libye"},"author":{"name":"cfeditorfr","@id":"https:\/\/www.africa-press.net\/cotedivoire\/#\/schema\/person\/2b1cf3cd81a31e3cd26889ca66d677f1"},"headline":"PPA-CI, D\u00e9c\u00e8s de Djodjo Togba, ancien ambassadeur en Libye","datePublished":"2024-10-28T13:40:06+00:00","dateModified":"2024-10-28T13:44:32+00:00","mainEntityOfPage":{"@id":"https:\/\/www.africa-press.net\/cotedivoire\/politique\/ppa-ci-deces-de-djodjo-togba-ancien-ambassadeur-en-libye"},"wordCount":319,"commentCount":0,"image":{"@id":"https:\/\/www.africa-press.net\/cotedivoire\/politique\/ppa-ci-deces-de-djodjo-togba-ancien-ambassadeur-en-libye#primaryimage"},"thumbnailUrl":"https:\/\/static.africa-press.net\/cote\/sites\/43\/2024\/10\/sm_1730110436.451112.jpg","keywords":["C\u00d4TE D'IVOIRE","Djodjo Togba","Gbagbo","PPA-CI"],"articleSection":["Politique","Toutes les actualit\u00e9s"],"inLanguage":"fr-FR","potentialAction":[{"@type":"CommentAction","name":"Comment","target":["https:\/\/www.africa-press.net\/cotedivoire\/politique\/ppa-ci-deces-de-djodjo-togba-ancien-ambassadeur-en-libye#respond"]}]},{"@type":"WebPage","@id":"https:\/\/www.africa-press.net\/cotedivoire\/politique\/ppa-ci-deces-de-djodjo-togba-ancien-ambassadeur-en-libye","url":"https:\/\/www.africa-press.net\/cotedivoire\/politique\/ppa-ci-deces-de-djodjo-togba-ancien-ambassadeur-en-libye","name":"PPA-CI, D\u00e9c\u00e8s de Djodjo Togba, ancien ambassadeur en Libye - C\u00f4te d&#039;Ivoire","isPartOf":{"@id":"https:\/\/www.africa-press.net\/cotedivoire\/#website"},"primaryImageOfPage":{"@id":"https:\/\/www.africa-press.net\/cotedivoire\/politique\/ppa-ci-deces-de-djodjo-togba-ancien-ambassadeur-en-libye#primaryimage"},"image":{"@id":"https:\/\/www.africa-press.net\/cotedivoire\/politique\/ppa-ci-deces-de-djodjo-togba-ancien-ambassadeur-en-libye#primaryimage"},"thumbnailUrl":"https:\/\/static.africa-press.net\/cote\/sites\/43\/2024\/10\/sm_1730110436.451112.jpg","datePublished":"2024-10-28T13:40:06+00:00","dateModified":"2024-10-28T13:44:32+00:00","author":{"@id":"https:\/\/www.africa-press.net\/cotedivoire\/#\/schema\/person\/2b1cf3cd81a31e3cd26889ca66d677f1"},"description":"Le Parti des Peuples Africains \u2013 Co\u0302te d'Ivoire (PPA-CI) est en deuil a\u0300 la suite du de\u0301ce\u0300s tragique de Djodjo Togba, V ...","breadcrumb":{"@id":"https:\/\/www.africa-press.net\/cotedivoire\/politique\/ppa-ci-deces-de-djodjo-togba-ancien-ambassadeur-en-libye#breadcrumb"},"inLanguage":"fr-FR","potentialAction":[{"@type":"ReadAction","target":["https:\/\/www.africa-press.net\/cotedivoire\/politique\/ppa-ci-deces-de-djodjo-togba-ancien-ambassadeur-en-libye"]}]},{"@type":"ImageObject","inLanguage":"fr-FR","@id":"https:\/\/www.africa-press.net\/cotedivoire\/politique\/ppa-ci-deces-de-djodjo-togba-ancien-ambassadeur-en-libye#primaryimage","url":"https:\/\/static.africa-press.net\/cote\/sites\/43\/2024\/10\/sm_1730110436.451112.jpg","contentUrl":"https:\/\/static.africa-press.net\/cote\/sites\/43\/2024\/10\/sm_1730110436.451112.jpg","width":720,"height":429,"caption":"PPA-CI, D\u00e9c\u00e8s de Djodjo Togba, ancien ambassadeur en Libye"},{"@type":"BreadcrumbList","@id":"https:\/\/www.africa-press.net\/cotedivoire\/politique\/ppa-ci-deces-de-djodjo-togba-ancien-ambassadeur-en-libye#breadcrumb","itemListElement":[{"@type":"ListItem","position":1,"name":"Accueil","item":"https:\/\/www.africa-press.net\/cotedivoire\/"},{"@type":"ListItem","position":2,"name":"PPA-CI, D\u00e9c\u00e8s de Djodjo Togba, ancien ambassadeur en Libye"}]},{"@type":"WebSite","@id":"https:\/\/www.africa-press.net\/cotedivoire\/#website","url":"https:\/\/www.africa-press.net\/cotedivoire\/","name":"C\u00f4te d&#039;Ivoire","description":"Just another Africa News Agency Sites site","potentialAction":[{"@type":"SearchAction","target":{"@type":"EntryPoint","urlTemplate":"https:\/\/www.africa-press.net\/cotedivoire\/?s={search_term_string}"},"query-input":{"@type":"PropertyValueSpecification","valueRequired":true,"valueName":"search_term_string"}}],"inLanguage":"fr-FR"},{"@type":"Person","@id":"https:\/\/www.africa-press.net\/cotedivoire\/#\/schema\/person\/2b1cf3cd81a31e3cd26889ca66d677f1","name":"cfeditorfr"}]}},"_links":{"self":[{"href":"https:\/\/www.africa-press.net\/cotedivoire\/wp-json\/wp\/v2\/posts\/89744","targetHints":{"allow":["GET"]}}],"collection":[{"href":"https:\/\/www.africa-press.net\/cotedivoire\/wp-json\/wp\/v2\/posts"}],"about":[{"href":"https:\/\/www.africa-press.net\/cotedivoire\/wp-json\/wp\/v2\/types\/post"}],"author":[{"embeddable":true,"href":"https:\/\/www.africa-press.net\/cotedivoire\/wp-json\/wp\/v2\/users\/82"}],"replies":[{"embeddable":true,"href":"https:\/\/www.africa-press.net\/cotedivoire\/wp-json\/wp\/v2\/comments?post=89744"}],"version-history":[{"count":0,"href":"https:\/\/www.africa-press.net\/cotedivoire\/wp-json\/wp\/v2\/posts\/89744\/revisions"}],"wp:featuredmedia":[{"embeddable":true,"href":"https:\/\/www.africa-press.net\/cotedivoire\/wp-json\/wp\/v2\/media\/89743"}],"wp:attachment":[{"href":"https:\/\/www.africa-press.net\/cotedivoire\/wp-json\/wp\/v2\/media?parent=89744"}],"wp:term":[{"taxonomy":"category","embeddable":true,"href":"https:\/\/www.africa-press.net\/cotedivoire\/wp-json\/wp\/v2\/categories?post=89744"},{"taxonomy":"post_tag","embeddable":true,"href":"https:\/\/www.africa-press.net\/cotedivoire\/wp-json\/wp\/v2\/tags?post=89744"}],"curies":[{"name":"wp","href":"https:\/\/api.w.org\/{rel}","templated":true}]}}