{"id":8976,"date":"2021-06-14T12:13:52","date_gmt":"2021-06-14T12:13:52","guid":{"rendered":"https:\/\/www.africa-press.net\/cotedivoire\/?p=8976"},"modified":"2021-06-14T19:45:10","modified_gmt":"2021-06-14T19:45:10","slug":"le-hadj-2021-annule-pour-tous-les-candidats-originaires-de-cote-divoire-dg-des-cultes","status":"publish","type":"post","link":"https:\/\/www.africa-press.net\/cotedivoire\/culture-et-art\/le-hadj-2021-annule-pour-tous-les-candidats-originaires-de-cote-divoire-dg-des-cultes","title":{"rendered":"Le Hadj 2021 annul\u00e9 pour tous les candidats originaires de C\u00f4te-d\u2019Ivoire (DG des Cultes)"},"content":{"rendered":"<p><span style=\"color: #ff6600\"><strong><a href=\"https:\/\/www.africa-press.net\/\">Africa-Press<\/a> &#8211; <a href=\"https:\/\/www.africa-press.net\/cotedivoire\">C\u00f4te d&rsquo;Ivoire<\/a>. <\/strong><\/span>Le Directeur G\u00e9n\u00e9ral des Cultes, El Hadj Messamba Bamba a anim\u00e9 ce dimanche 13 juin 2021 une conf\u00e9rence de presse sur l\u2019annulation de l\u2019\u00e9dition du 2021 du Hadj pour les candidats ivoiriens. Cette annulation est d\u00fbe \u00e0 la pand\u00e9mie de la Covid19. Nous vous proposons la d\u00e9claration liminaire du Directeur G\u00e9n\u00e9ral des Cultes.<\/p>\n<p>Le jeudi 29 avril 2021, je vous annon\u00e7ais, dans cette m\u00eame salle, la reprise des activit\u00e9s pr\u00e9paratoires du Hadj 2021. Il importe d\u2019indiquer que cette initiative faisait suite \u00e0 un communiqu\u00e9 du minist\u00e8re saoudien de la sant\u00e9 relativement \u00e0 des mesures sanitaires \u00e0 observer afin de prendre part au Hadj 2021.<\/p>\n<p>En cons\u00e9quence de ce qui pr\u00e9c\u00e8de, le Comit\u00e9 de Surveillance a instruit le Commissariat du Hadj \u00e0 l\u2019effet d\u2019inviter les candidats inscrits \u00e0 faire leurs vaccins contre la covid19. Dans la m\u00eame dynamique, le Commissariat du Hadj a d\u00e9marr\u00e9 la reprise des consultations m\u00e9dicales pr\u00e9-p\u00e8lerinages (CMPP) et entam\u00e9 les cours de formation aux rites du p\u00e8lerinage respectivement les 17 et 26 mai 2021. Plusieurs r\u00e9unions, par ailleurs, se sont tenues avec le transporteur a\u00e9rien, Air C\u00f4te d\u2019Ivoire, sur les projets de programmes de vols pour nos p\u00e8lerins.<\/p>\n<p>Comme vous pouvez le constater, alors que les pr\u00e9paratifs se d\u00e9roulaient normalement, nous recevons, ce matin m\u00eame, du Consul G\u00e9n\u00e9ral de C\u00f4te d\u2019Ivoire \u00e0 Djeddah, le courrier N\u00b0272\/21\/JED\/CG\/SB\/OTM, en date du 13 juin 2021, avec pour objet : \u00ab Participation au Hadj 2021 limit\u00e9e aux candidats r\u00e9sidant en Arabie Saoudite \u00bb.<\/p>\n<p>En effet, Mesdames et Messieurs, dans une d\u00e9claration officielle publi\u00e9e dans le journal saoudien \u00ab Okaz \u00bb, le minist\u00e8re saoudien du Hadj et de la Oumra, soucieuse de la pr\u00e9servation de la sant\u00e9 et de la s\u00e9curit\u00e9 des p\u00e8lerins juge la menace du Covid-19 toujours pr\u00e9occupante en raison de sa propagation continue avec notamment l\u2019apparition de nouveaux variants \u00e0 travers le monde.<\/p>\n<p>Par suite, le minist\u00e8re saoudien du Hadj et de la Oumra a d\u00e9cid\u00e9 de limiter la participation \u00e0 l\u2019\u00e9dition 2021 aux seuls r\u00e9sidents nationaux et aux membres des communaut\u00e9s \u00e9trang\u00e8res d\u00e9sireuses d\u2019y participer. Selon ladite d\u00e9claration officielle, le Hadj 2021 sera autoris\u00e9 pour 60.000 candidats r\u00e9sidant dans le Royaume, incluant les citoyens saoudiens et les ressortissants \u00e9trangers appel\u00e9s \u00e0 s\u2019inscrire sur un site ouvert \u00e0 cet effet.<\/p>\n<p>Face \u00e0 cette situation ind\u00e9pendante de notre volont\u00e9, nous prenons acte de la d\u00e9cision des autorit\u00e9s saoudiennes. Le Comit\u00e9 de Surveillance du Hadj rassure la communaut\u00e9 musulmane de l\u2019int\u00e9r\u00eat que les plus hautes autorit\u00e9s de ce pays accordent \u00e0 cette question. En outre, il pr\u00e9conise les mesures suivantes \u00e0 l\u2019attention des candidats p\u00e8lerins inscrits :<\/p>\n<p>Tous les candidats inscrits en 2020 restent prioritaires pour le prochain Hadj selon les conditions qui seront fix\u00e9es par les autorit\u00e9s saoudiennes ;<\/p>\n<p>La possibilit\u00e9 de rembourser les frais d\u2019inscription \u00e0 ceux qui le souhaiteraient ;<\/p>\n<p>La prise en charge de la consultation m\u00e9dicale pr\u00e9-p\u00e8lerinage (CMPP) des candidats inscrits en 2020 et qui ont \u00e9t\u00e9 invit\u00e9s, en 2021, par le Commissariat du Hadj, \u00e0 reprendre lesdites consultations;<\/p>\n<p>La possibilit\u00e9 de remplacer des candidats d\u00e9c\u00e9d\u00e9s ou en situation de handicap selon les conditions arr\u00eat\u00e9es par le Comit\u00e9 de Surveillance du Hadj.<\/p>\n<p>Pour toute information compl\u00e9mentaire, les candidats p\u00e8lerins ou leurs parents sont pri\u00e9s de se mettre en rapport avec le Commissariat du Hadj.<\/p>\n<p>&nbsp;<\/p>\n","protected":false},"excerpt":{"rendered":"<p>Africa-Press &#8211; C\u00f4te d&rsquo;Ivoire. Le Directeur G\u00e9n\u00e9ral des Cultes, El Hadj Messamba Bamba a anim\u00e9 ce dimanche 13 juin 2021 une conf\u00e9rence de presse sur l\u2019annulation de l\u2019\u00e9dition du 2021 du Hadj pour les candidats ivoiriens. Cette annulation est d\u00fbe \u00e0 la pand\u00e9mie de la Covid19. Nous vous proposons la d\u00e9claration liminaire du Directeur G\u00e9n\u00e9ral [&hellip;]<\/p>\n","protected":false},"author":82,"featured_media":8975,"comment_status":"open","ping_status":"closed","sticky":false,"template":"","format":"standard","meta":{"footnotes":""},"categories":[5,11,10],"tags":[56,63,29],"class_list":["post-8976","post","type-post","status-publish","format-standard","has-post-thumbnail","hentry","category-culture-et-art","category-homepage-french","category-toutes-les-actualites","tag-africa-press","tag-africa-press-cote-divoire","tag-cote-divoire"],"yoast_head":"<!-- This site is optimized with the Yoast SEO Premium plugin v26.1 (Yoast SEO v27.0) - https:\/\/yoast.com\/product\/yoast-seo-premium-wordpress\/ -->\n<title>Le Hadj 2021 annul\u00e9 pour tous les candidats originaires de C\u00f4te-d\u2019Ivoire (DG des Cultes) - C\u00f4te d&#039;Ivoire<\/title>\n<meta name=\"description\" content=\"Le Directeur G\u00e9n\u00e9ral des Cultes, El Hadj Messamba Bamba a anim\u00e9 ce dimanche 13 juin 2021 une conf\u00e9rence de presse sur l\u2019 ...\" \/>\n<meta name=\"robots\" content=\"index, follow, max-snippet:-1, max-image-preview:large, max-video-preview:-1\" \/>\n<link rel=\"canonical\" href=\"https:\/\/www.africa-press.net\/cotedivoire\/culture-et-art\/le-hadj-2021-annule-pour-tous-les-candidats-originaires-de-cote-divoire-dg-des-cultes\" \/>\n<meta property=\"og:locale\" content=\"fr_FR\" \/>\n<meta property=\"og:type\" content=\"article\" \/>\n<meta property=\"og:title\" content=\"Le Hadj 2021 annul\u00e9 pour tous les candidats originaires de C\u00f4te-d\u2019Ivoire (DG des Cultes)\" \/>\n<meta property=\"og:description\" content=\"Le Directeur G\u00e9n\u00e9ral des Cultes, El Hadj Messamba Bamba a anim\u00e9 ce dimanche 13 juin 2021 une conf\u00e9rence de presse sur l\u2019 ...\" \/>\n<meta property=\"og:url\" content=\"https:\/\/www.africa-press.net\/cotedivoire\/culture-et-art\/le-hadj-2021-annule-pour-tous-les-candidats-originaires-de-cote-divoire-dg-des-cultes\" \/>\n<meta property=\"og:site_name\" content=\"C\u00f4te d&#039;Ivoire\" \/>\n<meta property=\"article:published_time\" content=\"2021-06-14T12:13:52+00:00\" \/>\n<meta property=\"article:modified_time\" content=\"2021-06-14T19:45:10+00:00\" \/>\n<meta property=\"og:image\" content=\"https:\/\/static.africa-press.net\/cote\/sites\/43\/2021\/06\/img-60c743778bf9e.jpg\" \/>\n\t<meta property=\"og:image:width\" content=\"1920\" \/>\n\t<meta property=\"og:image:height\" content=\"1440\" \/>\n\t<meta property=\"og:image:type\" content=\"image\/jpeg\" \/>\n<meta name=\"author\" content=\"cfeditorfr\" \/>\n<meta name=\"twitter:card\" content=\"summary_large_image\" \/>\n<meta name=\"twitter:label1\" content=\"\u00c9crit par\" \/>\n\t<meta name=\"twitter:data1\" content=\"cfeditorfr\" \/>\n\t<meta name=\"twitter:label2\" content=\"Dur\u00e9e de lecture estim\u00e9e\" \/>\n\t<meta name=\"twitter:data2\" content=\"3 minutes\" \/>\n<script type=\"application\/ld+json\" class=\"yoast-schema-graph\">{\"@context\":\"https:\/\/schema.org\",\"@graph\":[{\"@type\":\"Article\",\"@id\":\"https:\/\/www.africa-press.net\/cotedivoire\/culture-et-art\/le-hadj-2021-annule-pour-tous-les-candidats-originaires-de-cote-divoire-dg-des-cultes#article\",\"isPartOf\":{\"@id\":\"https:\/\/www.africa-press.net\/cotedivoire\/culture-et-art\/le-hadj-2021-annule-pour-tous-les-candidats-originaires-de-cote-divoire-dg-des-cultes\"},\"author\":{\"name\":\"cfeditorfr\",\"@id\":\"https:\/\/www.africa-press.net\/cotedivoire\/#\/schema\/person\/2b1cf3cd81a31e3cd26889ca66d677f1\"},\"headline\":\"Le Hadj 2021 annul\u00e9 pour tous les candidats originaires de C\u00f4te-d\u2019Ivoire (DG des Cultes)\",\"datePublished\":\"2021-06-14T12:13:52+00:00\",\"dateModified\":\"2021-06-14T19:45:10+00:00\",\"mainEntityOfPage\":{\"@id\":\"https:\/\/www.africa-press.net\/cotedivoire\/culture-et-art\/le-hadj-2021-annule-pour-tous-les-candidats-originaires-de-cote-divoire-dg-des-cultes\"},\"wordCount\":607,\"commentCount\":0,\"image\":{\"@id\":\"https:\/\/www.africa-press.net\/cotedivoire\/culture-et-art\/le-hadj-2021-annule-pour-tous-les-candidats-originaires-de-cote-divoire-dg-des-cultes#primaryimage\"},\"thumbnailUrl\":\"https:\/\/static.africa-press.net\/cote\/sites\/43\/2021\/06\/img-60c743778bf9e.jpg\",\"keywords\":[\"Africa Press\",\"Africa Press-C\u00f4te d'Ivoire\",\"C\u00d4TE D'IVOIRE\"],\"articleSection\":[\"Culture et Art\",\"homepage-french\",\"Toutes les actualit\u00e9s\"],\"inLanguage\":\"fr-FR\",\"potentialAction\":[{\"@type\":\"CommentAction\",\"name\":\"Comment\",\"target\":[\"https:\/\/www.africa-press.net\/cotedivoire\/culture-et-art\/le-hadj-2021-annule-pour-tous-les-candidats-originaires-de-cote-divoire-dg-des-cultes#respond\"]}]},{\"@type\":\"WebPage\",\"@id\":\"https:\/\/www.africa-press.net\/cotedivoire\/culture-et-art\/le-hadj-2021-annule-pour-tous-les-candidats-originaires-de-cote-divoire-dg-des-cultes\",\"url\":\"https:\/\/www.africa-press.net\/cotedivoire\/culture-et-art\/le-hadj-2021-annule-pour-tous-les-candidats-originaires-de-cote-divoire-dg-des-cultes\",\"name\":\"Le Hadj 2021 annul\u00e9 pour tous les candidats originaires de C\u00f4te-d\u2019Ivoire (DG des Cultes) - C\u00f4te d&#039;Ivoire\",\"isPartOf\":{\"@id\":\"https:\/\/www.africa-press.net\/cotedivoire\/#website\"},\"primaryImageOfPage\":{\"@id\":\"https:\/\/www.africa-press.net\/cotedivoire\/culture-et-art\/le-hadj-2021-annule-pour-tous-les-candidats-originaires-de-cote-divoire-dg-des-cultes#primaryimage\"},\"image\":{\"@id\":\"https:\/\/www.africa-press.net\/cotedivoire\/culture-et-art\/le-hadj-2021-annule-pour-tous-les-candidats-originaires-de-cote-divoire-dg-des-cultes#primaryimage\"},\"thumbnailUrl\":\"https:\/\/static.africa-press.net\/cote\/sites\/43\/2021\/06\/img-60c743778bf9e.jpg\",\"datePublished\":\"2021-06-14T12:13:52+00:00\",\"dateModified\":\"2021-06-14T19:45:10+00:00\",\"author\":{\"@id\":\"https:\/\/www.africa-press.net\/cotedivoire\/#\/schema\/person\/2b1cf3cd81a31e3cd26889ca66d677f1\"},\"description\":\"Le Directeur G\u00e9n\u00e9ral des Cultes, El Hadj Messamba Bamba a anim\u00e9 ce dimanche 13 juin 2021 une conf\u00e9rence de presse sur l\u2019 ...\",\"breadcrumb\":{\"@id\":\"https:\/\/www.africa-press.net\/cotedivoire\/culture-et-art\/le-hadj-2021-annule-pour-tous-les-candidats-originaires-de-cote-divoire-dg-des-cultes#breadcrumb\"},\"inLanguage\":\"fr-FR\",\"potentialAction\":[{\"@type\":\"ReadAction\",\"target\":[\"https:\/\/www.africa-press.net\/cotedivoire\/culture-et-art\/le-hadj-2021-annule-pour-tous-les-candidats-originaires-de-cote-divoire-dg-des-cultes\"]}]},{\"@type\":\"ImageObject\",\"inLanguage\":\"fr-FR\",\"@id\":\"https:\/\/www.africa-press.net\/cotedivoire\/culture-et-art\/le-hadj-2021-annule-pour-tous-les-candidats-originaires-de-cote-divoire-dg-des-cultes#primaryimage\",\"url\":\"https:\/\/static.africa-press.net\/cote\/sites\/43\/2021\/06\/img-60c743778bf9e.jpg\",\"contentUrl\":\"https:\/\/static.africa-press.net\/cote\/sites\/43\/2021\/06\/img-60c743778bf9e.jpg\",\"width\":1920,\"height\":1440,\"caption\":\"Le Hadj 2021 annul\u00e9 pour tous les candidats originaires de C\u00f4te-d\u2019Ivoire (DG des Cultes)\"},{\"@type\":\"BreadcrumbList\",\"@id\":\"https:\/\/www.africa-press.net\/cotedivoire\/culture-et-art\/le-hadj-2021-annule-pour-tous-les-candidats-originaires-de-cote-divoire-dg-des-cultes#breadcrumb\",\"itemListElement\":[{\"@type\":\"ListItem\",\"position\":1,\"name\":\"Accueil\",\"item\":\"https:\/\/www.africa-press.net\/cotedivoire\/\"},{\"@type\":\"ListItem\",\"position\":2,\"name\":\"Le Hadj 2021 annul\u00e9 pour tous les candidats originaires de C\u00f4te-d\u2019Ivoire (DG des Cultes)\"}]},{\"@type\":\"WebSite\",\"@id\":\"https:\/\/www.africa-press.net\/cotedivoire\/#website\",\"url\":\"https:\/\/www.africa-press.net\/cotedivoire\/\",\"name\":\"C\u00f4te d&#039;Ivoire\",\"description\":\"Just another Africa News Agency Sites site\",\"potentialAction\":[{\"@type\":\"SearchAction\",\"target\":{\"@type\":\"EntryPoint\",\"urlTemplate\":\"https:\/\/www.africa-press.net\/cotedivoire\/?s={search_term_string}\"},\"query-input\":{\"@type\":\"PropertyValueSpecification\",\"valueRequired\":true,\"valueName\":\"search_term_string\"}}],\"inLanguage\":\"fr-FR\"},{\"@type\":\"Person\",\"@id\":\"https:\/\/www.africa-press.net\/cotedivoire\/#\/schema\/person\/2b1cf3cd81a31e3cd26889ca66d677f1\",\"name\":\"cfeditorfr\"}]}<\/script>\n<!-- \/ Yoast SEO Premium plugin. -->","yoast_head_json":{"title":"Le Hadj 2021 annul\u00e9 pour tous les candidats originaires de C\u00f4te-d\u2019Ivoire (DG des Cultes) - C\u00f4te d&#039;Ivoire","description":"Le Directeur G\u00e9n\u00e9ral des Cultes, El Hadj Messamba Bamba a anim\u00e9 ce dimanche 13 juin 2021 une conf\u00e9rence de presse sur l\u2019 ...","robots":{"index":"index","follow":"follow","max-snippet":"max-snippet:-1","max-image-preview":"max-image-preview:large","max-video-preview":"max-video-preview:-1"},"canonical":"https:\/\/www.africa-press.net\/cotedivoire\/culture-et-art\/le-hadj-2021-annule-pour-tous-les-candidats-originaires-de-cote-divoire-dg-des-cultes","og_locale":"fr_FR","og_type":"article","og_title":"Le Hadj 2021 annul\u00e9 pour tous les candidats originaires de C\u00f4te-d\u2019Ivoire (DG des Cultes)","og_description":"Le Directeur G\u00e9n\u00e9ral des Cultes, El Hadj Messamba Bamba a anim\u00e9 ce dimanche 13 juin 2021 une conf\u00e9rence de presse sur l\u2019 ...","og_url":"https:\/\/www.africa-press.net\/cotedivoire\/culture-et-art\/le-hadj-2021-annule-pour-tous-les-candidats-originaires-de-cote-divoire-dg-des-cultes","og_site_name":"C\u00f4te d&#039;Ivoire","article_published_time":"2021-06-14T12:13:52+00:00","article_modified_time":"2021-06-14T19:45:10+00:00","og_image":[{"width":1920,"height":1440,"url":"https:\/\/static.africa-press.net\/cote\/sites\/43\/2021\/06\/img-60c743778bf9e.jpg","type":"image\/jpeg"}],"author":"cfeditorfr","twitter_card":"summary_large_image","twitter_misc":{"\u00c9crit par":"cfeditorfr","Dur\u00e9e de lecture estim\u00e9e":"3 minutes"},"schema":{"@context":"https:\/\/schema.org","@graph":[{"@type":"Article","@id":"https:\/\/www.africa-press.net\/cotedivoire\/culture-et-art\/le-hadj-2021-annule-pour-tous-les-candidats-originaires-de-cote-divoire-dg-des-cultes#article","isPartOf":{"@id":"https:\/\/www.africa-press.net\/cotedivoire\/culture-et-art\/le-hadj-2021-annule-pour-tous-les-candidats-originaires-de-cote-divoire-dg-des-cultes"},"author":{"name":"cfeditorfr","@id":"https:\/\/www.africa-press.net\/cotedivoire\/#\/schema\/person\/2b1cf3cd81a31e3cd26889ca66d677f1"},"headline":"Le Hadj 2021 annul\u00e9 pour tous les candidats originaires de C\u00f4te-d\u2019Ivoire (DG des Cultes)","datePublished":"2021-06-14T12:13:52+00:00","dateModified":"2021-06-14T19:45:10+00:00","mainEntityOfPage":{"@id":"https:\/\/www.africa-press.net\/cotedivoire\/culture-et-art\/le-hadj-2021-annule-pour-tous-les-candidats-originaires-de-cote-divoire-dg-des-cultes"},"wordCount":607,"commentCount":0,"image":{"@id":"https:\/\/www.africa-press.net\/cotedivoire\/culture-et-art\/le-hadj-2021-annule-pour-tous-les-candidats-originaires-de-cote-divoire-dg-des-cultes#primaryimage"},"thumbnailUrl":"https:\/\/static.africa-press.net\/cote\/sites\/43\/2021\/06\/img-60c743778bf9e.jpg","keywords":["Africa Press","Africa Press-C\u00f4te d'Ivoire","C\u00d4TE D'IVOIRE"],"articleSection":["Culture et Art","homepage-french","Toutes les actualit\u00e9s"],"inLanguage":"fr-FR","potentialAction":[{"@type":"CommentAction","name":"Comment","target":["https:\/\/www.africa-press.net\/cotedivoire\/culture-et-art\/le-hadj-2021-annule-pour-tous-les-candidats-originaires-de-cote-divoire-dg-des-cultes#respond"]}]},{"@type":"WebPage","@id":"https:\/\/www.africa-press.net\/cotedivoire\/culture-et-art\/le-hadj-2021-annule-pour-tous-les-candidats-originaires-de-cote-divoire-dg-des-cultes","url":"https:\/\/www.africa-press.net\/cotedivoire\/culture-et-art\/le-hadj-2021-annule-pour-tous-les-candidats-originaires-de-cote-divoire-dg-des-cultes","name":"Le Hadj 2021 annul\u00e9 pour tous les candidats originaires de C\u00f4te-d\u2019Ivoire (DG des Cultes) - C\u00f4te d&#039;Ivoire","isPartOf":{"@id":"https:\/\/www.africa-press.net\/cotedivoire\/#website"},"primaryImageOfPage":{"@id":"https:\/\/www.africa-press.net\/cotedivoire\/culture-et-art\/le-hadj-2021-annule-pour-tous-les-candidats-originaires-de-cote-divoire-dg-des-cultes#primaryimage"},"image":{"@id":"https:\/\/www.africa-press.net\/cotedivoire\/culture-et-art\/le-hadj-2021-annule-pour-tous-les-candidats-originaires-de-cote-divoire-dg-des-cultes#primaryimage"},"thumbnailUrl":"https:\/\/static.africa-press.net\/cote\/sites\/43\/2021\/06\/img-60c743778bf9e.jpg","datePublished":"2021-06-14T12:13:52+00:00","dateModified":"2021-06-14T19:45:10+00:00","author":{"@id":"https:\/\/www.africa-press.net\/cotedivoire\/#\/schema\/person\/2b1cf3cd81a31e3cd26889ca66d677f1"},"description":"Le Directeur G\u00e9n\u00e9ral des Cultes, El Hadj Messamba Bamba a anim\u00e9 ce dimanche 13 juin 2021 une conf\u00e9rence de presse sur l\u2019 ...","breadcrumb":{"@id":"https:\/\/www.africa-press.net\/cotedivoire\/culture-et-art\/le-hadj-2021-annule-pour-tous-les-candidats-originaires-de-cote-divoire-dg-des-cultes#breadcrumb"},"inLanguage":"fr-FR","potentialAction":[{"@type":"ReadAction","target":["https:\/\/www.africa-press.net\/cotedivoire\/culture-et-art\/le-hadj-2021-annule-pour-tous-les-candidats-originaires-de-cote-divoire-dg-des-cultes"]}]},{"@type":"ImageObject","inLanguage":"fr-FR","@id":"https:\/\/www.africa-press.net\/cotedivoire\/culture-et-art\/le-hadj-2021-annule-pour-tous-les-candidats-originaires-de-cote-divoire-dg-des-cultes#primaryimage","url":"https:\/\/static.africa-press.net\/cote\/sites\/43\/2021\/06\/img-60c743778bf9e.jpg","contentUrl":"https:\/\/static.africa-press.net\/cote\/sites\/43\/2021\/06\/img-60c743778bf9e.jpg","width":1920,"height":1440,"caption":"Le Hadj 2021 annul\u00e9 pour tous les candidats originaires de C\u00f4te-d\u2019Ivoire (DG des Cultes)"},{"@type":"BreadcrumbList","@id":"https:\/\/www.africa-press.net\/cotedivoire\/culture-et-art\/le-hadj-2021-annule-pour-tous-les-candidats-originaires-de-cote-divoire-dg-des-cultes#breadcrumb","itemListElement":[{"@type":"ListItem","position":1,"name":"Accueil","item":"https:\/\/www.africa-press.net\/cotedivoire\/"},{"@type":"ListItem","position":2,"name":"Le Hadj 2021 annul\u00e9 pour tous les candidats originaires de C\u00f4te-d\u2019Ivoire (DG des Cultes)"}]},{"@type":"WebSite","@id":"https:\/\/www.africa-press.net\/cotedivoire\/#website","url":"https:\/\/www.africa-press.net\/cotedivoire\/","name":"C\u00f4te d&#039;Ivoire","description":"Just another Africa News Agency Sites site","potentialAction":[{"@type":"SearchAction","target":{"@type":"EntryPoint","urlTemplate":"https:\/\/www.africa-press.net\/cotedivoire\/?s={search_term_string}"},"query-input":{"@type":"PropertyValueSpecification","valueRequired":true,"valueName":"search_term_string"}}],"inLanguage":"fr-FR"},{"@type":"Person","@id":"https:\/\/www.africa-press.net\/cotedivoire\/#\/schema\/person\/2b1cf3cd81a31e3cd26889ca66d677f1","name":"cfeditorfr"}]}},"_links":{"self":[{"href":"https:\/\/www.africa-press.net\/cotedivoire\/wp-json\/wp\/v2\/posts\/8976","targetHints":{"allow":["GET"]}}],"collection":[{"href":"https:\/\/www.africa-press.net\/cotedivoire\/wp-json\/wp\/v2\/posts"}],"about":[{"href":"https:\/\/www.africa-press.net\/cotedivoire\/wp-json\/wp\/v2\/types\/post"}],"author":[{"embeddable":true,"href":"https:\/\/www.africa-press.net\/cotedivoire\/wp-json\/wp\/v2\/users\/82"}],"replies":[{"embeddable":true,"href":"https:\/\/www.africa-press.net\/cotedivoire\/wp-json\/wp\/v2\/comments?post=8976"}],"version-history":[{"count":0,"href":"https:\/\/www.africa-press.net\/cotedivoire\/wp-json\/wp\/v2\/posts\/8976\/revisions"}],"wp:featuredmedia":[{"embeddable":true,"href":"https:\/\/www.africa-press.net\/cotedivoire\/wp-json\/wp\/v2\/media\/8975"}],"wp:attachment":[{"href":"https:\/\/www.africa-press.net\/cotedivoire\/wp-json\/wp\/v2\/media?parent=8976"}],"wp:term":[{"taxonomy":"category","embeddable":true,"href":"https:\/\/www.africa-press.net\/cotedivoire\/wp-json\/wp\/v2\/categories?post=8976"},{"taxonomy":"post_tag","embeddable":true,"href":"https:\/\/www.africa-press.net\/cotedivoire\/wp-json\/wp\/v2\/tags?post=8976"}],"curies":[{"name":"wp","href":"https:\/\/api.w.org\/{rel}","templated":true}]}}