{"id":8979,"date":"2021-06-14T12:18:55","date_gmt":"2021-06-14T12:18:55","guid":{"rendered":"https:\/\/www.africa-press.net\/cotedivoire\/?p=8979"},"modified":"2021-06-14T19:45:26","modified_gmt":"2021-06-14T19:45:26","slug":"cote-divoire-dr-boga-sako-de-la-fidhop-met-fin-a-son-exile-de-10-ans","status":"publish","type":"post","link":"https:\/\/www.africa-press.net\/cotedivoire\/politique\/cote-divoire-dr-boga-sako-de-la-fidhop-met-fin-a-son-exile-de-10-ans","title":{"rendered":"Dr Boga Sako de la FIDHOP met fin \u00e0 son exile de 10 ans"},"content":{"rendered":"<p><span style=\"color: #ff6600\"><strong><a href=\"https:\/\/www.africa-press.net\/\">Africa-Press<\/a> &#8211; <a href=\"https:\/\/www.africa-press.net\/cotedivoire\">C\u00f4te d&rsquo;Ivoire<\/a>. <\/strong><\/span>La Fondation Ivoirienne pour l\u2019Observation et la surveillance des Droits de l\u2019Homme et de la vie Politique, en abr\u00e9g\u00e9 FIDHOP, est une organisation de la Soci\u00e9t\u00e9 civile d\u00e9clar\u00e9e et enregistr\u00e9e en C\u00f4te d\u2019Ivoire, \u00e0 Abidjan, sous le n\u00b0943\/PA du 1er Avril 2009 ; RECEPISSE N\u00b0881 PA\/SG\/D1.<\/p>\n<p>Vu la loi n\u00b060-315 du 21 Septembre 1960 ;<\/p>\n<p>Vu la loi n\u00b02000-513 du 1er Ao\u00fbt 2000 ;<\/p>\n<p>Vu la loi n\u00b02016-886 du 8 Novembre 2016 portant Constitution de la R\u00e9publique de C\u00f4te d\u2019Ivoire,<\/p>\n<p>Laquelle stipule en son Article 22 : \u00ab Aucun Ivoirien ne peut \u00eatre contraint \u00e0 l\u2019exil \u00bb ;<\/p>\n<p>Vu les Statuts et le R\u00e8glement int\u00e9rieur de la FIDHOP ;<\/p>\n<p>Le Pr\u00e9sident de la FIDHOP, Dr BOGA SAKO GERVAIS, qui fut contraint de s\u2019exiler en Italie depuis le 10 Juin 2011, du fait de la grave crise post\u00e9lectorale survenue dans son pays La C\u00f4te d\u2019Ivoire, pour laquelle ses prises de positions en faveur du respect de la Constitution lui ont valu des menaces gravissimes de mort apr\u00e8s deux attaques de ses bureaux de la FIDHOP, en Mars puis en Avril 2011, a pris la d\u00e9cision de mettre un terme \u00e0 son exil et de regagner sa Patrie.<\/p>\n<p>Puisque depuis l\u2019acquittement d\u00e9finitif de l\u2019ex-Pr\u00e9sident de la R\u00e9publique, Laurent GBAGBO et de son Ministre Charles BLE GOUDE, le 31 Mars 2021, les Autorit\u00e9s ivoiriennes consentent d\u00e9sormais au retour dans leur pays des Leaders en exil, ainsi que de tous les exil\u00e9s de la crise de 2010-2011.<\/p>\n<p>Le Pr\u00e9sident de la FIDHOP exprime toute sa gratitude aux Autorit\u00e9s italiennes et confirme qu\u2019il regagnera la C\u00f4te d\u2019Ivoire, d\u00e9but Juillet 2021, pour contribuer, bien activement, \u00e0 la R\u00e9conciliation nationale et \u00e0 la marche glorieuse de son pays vers \u00ab La Terre Promise \u00bb.<\/p>\n<p>Le Pr\u00e9sident de la FIDHOP salue les bonnes dispositions d\u2019esprit des Autorit\u00e9s ivoiriennes, qui ont promptement et tr\u00e8s positivement accueilli sa d\u00e9marche ; notamment M. Le Premier Ministre ivoirien Patrick ACHI et des membres du Gouvernement, dont le Ministre de la R\u00e9conciliation nationale KOUADIO Konan Bertin ; ainsi que la Pr\u00e9sidente du Conseil National des Droits de l\u2019Homme (CNDH) et Son Excellence Samuel OUATTARA, Ambassadeur de la C\u00f4te d\u2019Ivoire en Italie.<\/p>\n<p>La pr\u00e9sente D\u00e9cision est produite pour servir et valoir ce que de droit.<\/p>\n<p>&nbsp;<\/p>\n","protected":false},"excerpt":{"rendered":"<p>Africa-Press &#8211; C\u00f4te d&rsquo;Ivoire. La Fondation Ivoirienne pour l\u2019Observation et la surveillance des Droits de l\u2019Homme et de la vie Politique, en abr\u00e9g\u00e9 FIDHOP, est une organisation de la Soci\u00e9t\u00e9 civile d\u00e9clar\u00e9e et enregistr\u00e9e en C\u00f4te d\u2019Ivoire, \u00e0 Abidjan, sous le n\u00b0943\/PA du 1er Avril 2009 ; RECEPISSE N\u00b0881 PA\/SG\/D1. Vu la loi n\u00b060-315 du [&hellip;]<\/p>\n","protected":false},"author":82,"featured_media":8978,"comment_status":"open","ping_status":"closed","sticky":false,"template":"","format":"standard","meta":{"footnotes":""},"categories":[11,2,10],"tags":[56,63,29],"class_list":["post-8979","post","type-post","status-publish","format-standard","has-post-thumbnail","hentry","category-homepage-french","category-politique","category-toutes-les-actualites","tag-africa-press","tag-africa-press-cote-divoire","tag-cote-divoire"],"yoast_head":"<!-- This site is optimized with the Yoast SEO Premium plugin v26.1 (Yoast SEO v27.0) - https:\/\/yoast.com\/product\/yoast-seo-premium-wordpress\/ -->\n<title>Dr Boga Sako de la FIDHOP met fin \u00e0 son exile de 10 ans - C\u00f4te d&#039;Ivoire<\/title>\n<meta name=\"description\" content=\"La Fondation Ivoirienne pour l\u2019Observation et la surveillance des Droits de l\u2019Homme et de la vie Politique, en abr\u00e9g\u00e9 FI ...\" \/>\n<meta name=\"robots\" content=\"index, follow, max-snippet:-1, max-image-preview:large, max-video-preview:-1\" \/>\n<link rel=\"canonical\" href=\"https:\/\/www.africa-press.net\/cotedivoire\/politique\/cote-divoire-dr-boga-sako-de-la-fidhop-met-fin-a-son-exile-de-10-ans\" \/>\n<meta property=\"og:locale\" content=\"fr_FR\" \/>\n<meta property=\"og:type\" content=\"article\" \/>\n<meta property=\"og:title\" content=\"Dr Boga Sako de la FIDHOP met fin \u00e0 son exile de 10 ans\" \/>\n<meta property=\"og:description\" content=\"La Fondation Ivoirienne pour l\u2019Observation et la surveillance des Droits de l\u2019Homme et de la vie Politique, en abr\u00e9g\u00e9 FI ...\" \/>\n<meta property=\"og:url\" content=\"https:\/\/www.africa-press.net\/cotedivoire\/politique\/cote-divoire-dr-boga-sako-de-la-fidhop-met-fin-a-son-exile-de-10-ans\" \/>\n<meta property=\"og:site_name\" content=\"C\u00f4te d&#039;Ivoire\" \/>\n<meta property=\"article:published_time\" content=\"2021-06-14T12:18:55+00:00\" \/>\n<meta property=\"article:modified_time\" content=\"2021-06-14T19:45:26+00:00\" \/>\n<meta property=\"og:image\" content=\"https:\/\/static.africa-press.net\/cote\/sites\/43\/2021\/06\/img-60c743bae7a3c.jpg\" \/>\n\t<meta property=\"og:image:width\" content=\"1320\" \/>\n\t<meta property=\"og:image:height\" content=\"598\" \/>\n\t<meta property=\"og:image:type\" content=\"image\/jpeg\" \/>\n<meta name=\"author\" content=\"cfeditorfr\" \/>\n<meta name=\"twitter:card\" content=\"summary_large_image\" \/>\n<meta name=\"twitter:label1\" content=\"\u00c9crit par\" \/>\n\t<meta name=\"twitter:data1\" content=\"cfeditorfr\" \/>\n\t<meta name=\"twitter:label2\" content=\"Dur\u00e9e de lecture estim\u00e9e\" \/>\n\t<meta name=\"twitter:data2\" content=\"2 minutes\" \/>\n<script type=\"application\/ld+json\" class=\"yoast-schema-graph\">{\"@context\":\"https:\/\/schema.org\",\"@graph\":[{\"@type\":\"Article\",\"@id\":\"https:\/\/www.africa-press.net\/cotedivoire\/politique\/cote-divoire-dr-boga-sako-de-la-fidhop-met-fin-a-son-exile-de-10-ans#article\",\"isPartOf\":{\"@id\":\"https:\/\/www.africa-press.net\/cotedivoire\/politique\/cote-divoire-dr-boga-sako-de-la-fidhop-met-fin-a-son-exile-de-10-ans\"},\"author\":{\"name\":\"cfeditorfr\",\"@id\":\"https:\/\/www.africa-press.net\/cotedivoire\/#\/schema\/person\/2b1cf3cd81a31e3cd26889ca66d677f1\"},\"headline\":\"Dr Boga Sako de la FIDHOP met fin \u00e0 son exile de 10 ans\",\"datePublished\":\"2021-06-14T12:18:55+00:00\",\"dateModified\":\"2021-06-14T19:45:26+00:00\",\"mainEntityOfPage\":{\"@id\":\"https:\/\/www.africa-press.net\/cotedivoire\/politique\/cote-divoire-dr-boga-sako-de-la-fidhop-met-fin-a-son-exile-de-10-ans\"},\"wordCount\":416,\"commentCount\":0,\"image\":{\"@id\":\"https:\/\/www.africa-press.net\/cotedivoire\/politique\/cote-divoire-dr-boga-sako-de-la-fidhop-met-fin-a-son-exile-de-10-ans#primaryimage\"},\"thumbnailUrl\":\"https:\/\/static.africa-press.net\/cote\/sites\/43\/2021\/06\/img-60c743bae7a3c.jpg\",\"keywords\":[\"Africa Press\",\"Africa Press-C\u00f4te d'Ivoire\",\"C\u00d4TE D'IVOIRE\"],\"articleSection\":[\"homepage-french\",\"Politique\",\"Toutes les actualit\u00e9s\"],\"inLanguage\":\"fr-FR\",\"potentialAction\":[{\"@type\":\"CommentAction\",\"name\":\"Comment\",\"target\":[\"https:\/\/www.africa-press.net\/cotedivoire\/politique\/cote-divoire-dr-boga-sako-de-la-fidhop-met-fin-a-son-exile-de-10-ans#respond\"]}]},{\"@type\":\"WebPage\",\"@id\":\"https:\/\/www.africa-press.net\/cotedivoire\/politique\/cote-divoire-dr-boga-sako-de-la-fidhop-met-fin-a-son-exile-de-10-ans\",\"url\":\"https:\/\/www.africa-press.net\/cotedivoire\/politique\/cote-divoire-dr-boga-sako-de-la-fidhop-met-fin-a-son-exile-de-10-ans\",\"name\":\"Dr Boga Sako de la FIDHOP met fin \u00e0 son exile de 10 ans - C\u00f4te d&#039;Ivoire\",\"isPartOf\":{\"@id\":\"https:\/\/www.africa-press.net\/cotedivoire\/#website\"},\"primaryImageOfPage\":{\"@id\":\"https:\/\/www.africa-press.net\/cotedivoire\/politique\/cote-divoire-dr-boga-sako-de-la-fidhop-met-fin-a-son-exile-de-10-ans#primaryimage\"},\"image\":{\"@id\":\"https:\/\/www.africa-press.net\/cotedivoire\/politique\/cote-divoire-dr-boga-sako-de-la-fidhop-met-fin-a-son-exile-de-10-ans#primaryimage\"},\"thumbnailUrl\":\"https:\/\/static.africa-press.net\/cote\/sites\/43\/2021\/06\/img-60c743bae7a3c.jpg\",\"datePublished\":\"2021-06-14T12:18:55+00:00\",\"dateModified\":\"2021-06-14T19:45:26+00:00\",\"author\":{\"@id\":\"https:\/\/www.africa-press.net\/cotedivoire\/#\/schema\/person\/2b1cf3cd81a31e3cd26889ca66d677f1\"},\"description\":\"La Fondation Ivoirienne pour l\u2019Observation et la surveillance des Droits de l\u2019Homme et de la vie Politique, en abr\u00e9g\u00e9 FI ...\",\"breadcrumb\":{\"@id\":\"https:\/\/www.africa-press.net\/cotedivoire\/politique\/cote-divoire-dr-boga-sako-de-la-fidhop-met-fin-a-son-exile-de-10-ans#breadcrumb\"},\"inLanguage\":\"fr-FR\",\"potentialAction\":[{\"@type\":\"ReadAction\",\"target\":[\"https:\/\/www.africa-press.net\/cotedivoire\/politique\/cote-divoire-dr-boga-sako-de-la-fidhop-met-fin-a-son-exile-de-10-ans\"]}]},{\"@type\":\"ImageObject\",\"inLanguage\":\"fr-FR\",\"@id\":\"https:\/\/www.africa-press.net\/cotedivoire\/politique\/cote-divoire-dr-boga-sako-de-la-fidhop-met-fin-a-son-exile-de-10-ans#primaryimage\",\"url\":\"https:\/\/static.africa-press.net\/cote\/sites\/43\/2021\/06\/img-60c743bae7a3c.jpg\",\"contentUrl\":\"https:\/\/static.africa-press.net\/cote\/sites\/43\/2021\/06\/img-60c743bae7a3c.jpg\",\"width\":1320,\"height\":598,\"caption\":\"C\u00f4te-d\u2019Ivoire: Dr Boga Sako de la FIDHOP met fin \u00e0 son exile de 10 ans\"},{\"@type\":\"BreadcrumbList\",\"@id\":\"https:\/\/www.africa-press.net\/cotedivoire\/politique\/cote-divoire-dr-boga-sako-de-la-fidhop-met-fin-a-son-exile-de-10-ans#breadcrumb\",\"itemListElement\":[{\"@type\":\"ListItem\",\"position\":1,\"name\":\"Accueil\",\"item\":\"https:\/\/www.africa-press.net\/cotedivoire\/\"},{\"@type\":\"ListItem\",\"position\":2,\"name\":\"Dr Boga Sako de la FIDHOP met fin \u00e0 son exile de 10 ans\"}]},{\"@type\":\"WebSite\",\"@id\":\"https:\/\/www.africa-press.net\/cotedivoire\/#website\",\"url\":\"https:\/\/www.africa-press.net\/cotedivoire\/\",\"name\":\"C\u00f4te d&#039;Ivoire\",\"description\":\"Just another Africa News Agency Sites site\",\"potentialAction\":[{\"@type\":\"SearchAction\",\"target\":{\"@type\":\"EntryPoint\",\"urlTemplate\":\"https:\/\/www.africa-press.net\/cotedivoire\/?s={search_term_string}\"},\"query-input\":{\"@type\":\"PropertyValueSpecification\",\"valueRequired\":true,\"valueName\":\"search_term_string\"}}],\"inLanguage\":\"fr-FR\"},{\"@type\":\"Person\",\"@id\":\"https:\/\/www.africa-press.net\/cotedivoire\/#\/schema\/person\/2b1cf3cd81a31e3cd26889ca66d677f1\",\"name\":\"cfeditorfr\"}]}<\/script>\n<!-- \/ Yoast SEO Premium plugin. -->","yoast_head_json":{"title":"Dr Boga Sako de la FIDHOP met fin \u00e0 son exile de 10 ans - C\u00f4te d&#039;Ivoire","description":"La Fondation Ivoirienne pour l\u2019Observation et la surveillance des Droits de l\u2019Homme et de la vie Politique, en abr\u00e9g\u00e9 FI ...","robots":{"index":"index","follow":"follow","max-snippet":"max-snippet:-1","max-image-preview":"max-image-preview:large","max-video-preview":"max-video-preview:-1"},"canonical":"https:\/\/www.africa-press.net\/cotedivoire\/politique\/cote-divoire-dr-boga-sako-de-la-fidhop-met-fin-a-son-exile-de-10-ans","og_locale":"fr_FR","og_type":"article","og_title":"Dr Boga Sako de la FIDHOP met fin \u00e0 son exile de 10 ans","og_description":"La Fondation Ivoirienne pour l\u2019Observation et la surveillance des Droits de l\u2019Homme et de la vie Politique, en abr\u00e9g\u00e9 FI ...","og_url":"https:\/\/www.africa-press.net\/cotedivoire\/politique\/cote-divoire-dr-boga-sako-de-la-fidhop-met-fin-a-son-exile-de-10-ans","og_site_name":"C\u00f4te d&#039;Ivoire","article_published_time":"2021-06-14T12:18:55+00:00","article_modified_time":"2021-06-14T19:45:26+00:00","og_image":[{"width":1320,"height":598,"url":"https:\/\/static.africa-press.net\/cote\/sites\/43\/2021\/06\/img-60c743bae7a3c.jpg","type":"image\/jpeg"}],"author":"cfeditorfr","twitter_card":"summary_large_image","twitter_misc":{"\u00c9crit par":"cfeditorfr","Dur\u00e9e de lecture estim\u00e9e":"2 minutes"},"schema":{"@context":"https:\/\/schema.org","@graph":[{"@type":"Article","@id":"https:\/\/www.africa-press.net\/cotedivoire\/politique\/cote-divoire-dr-boga-sako-de-la-fidhop-met-fin-a-son-exile-de-10-ans#article","isPartOf":{"@id":"https:\/\/www.africa-press.net\/cotedivoire\/politique\/cote-divoire-dr-boga-sako-de-la-fidhop-met-fin-a-son-exile-de-10-ans"},"author":{"name":"cfeditorfr","@id":"https:\/\/www.africa-press.net\/cotedivoire\/#\/schema\/person\/2b1cf3cd81a31e3cd26889ca66d677f1"},"headline":"Dr Boga Sako de la FIDHOP met fin \u00e0 son exile de 10 ans","datePublished":"2021-06-14T12:18:55+00:00","dateModified":"2021-06-14T19:45:26+00:00","mainEntityOfPage":{"@id":"https:\/\/www.africa-press.net\/cotedivoire\/politique\/cote-divoire-dr-boga-sako-de-la-fidhop-met-fin-a-son-exile-de-10-ans"},"wordCount":416,"commentCount":0,"image":{"@id":"https:\/\/www.africa-press.net\/cotedivoire\/politique\/cote-divoire-dr-boga-sako-de-la-fidhop-met-fin-a-son-exile-de-10-ans#primaryimage"},"thumbnailUrl":"https:\/\/static.africa-press.net\/cote\/sites\/43\/2021\/06\/img-60c743bae7a3c.jpg","keywords":["Africa Press","Africa Press-C\u00f4te d'Ivoire","C\u00d4TE D'IVOIRE"],"articleSection":["homepage-french","Politique","Toutes les actualit\u00e9s"],"inLanguage":"fr-FR","potentialAction":[{"@type":"CommentAction","name":"Comment","target":["https:\/\/www.africa-press.net\/cotedivoire\/politique\/cote-divoire-dr-boga-sako-de-la-fidhop-met-fin-a-son-exile-de-10-ans#respond"]}]},{"@type":"WebPage","@id":"https:\/\/www.africa-press.net\/cotedivoire\/politique\/cote-divoire-dr-boga-sako-de-la-fidhop-met-fin-a-son-exile-de-10-ans","url":"https:\/\/www.africa-press.net\/cotedivoire\/politique\/cote-divoire-dr-boga-sako-de-la-fidhop-met-fin-a-son-exile-de-10-ans","name":"Dr Boga Sako de la FIDHOP met fin \u00e0 son exile de 10 ans - C\u00f4te d&#039;Ivoire","isPartOf":{"@id":"https:\/\/www.africa-press.net\/cotedivoire\/#website"},"primaryImageOfPage":{"@id":"https:\/\/www.africa-press.net\/cotedivoire\/politique\/cote-divoire-dr-boga-sako-de-la-fidhop-met-fin-a-son-exile-de-10-ans#primaryimage"},"image":{"@id":"https:\/\/www.africa-press.net\/cotedivoire\/politique\/cote-divoire-dr-boga-sako-de-la-fidhop-met-fin-a-son-exile-de-10-ans#primaryimage"},"thumbnailUrl":"https:\/\/static.africa-press.net\/cote\/sites\/43\/2021\/06\/img-60c743bae7a3c.jpg","datePublished":"2021-06-14T12:18:55+00:00","dateModified":"2021-06-14T19:45:26+00:00","author":{"@id":"https:\/\/www.africa-press.net\/cotedivoire\/#\/schema\/person\/2b1cf3cd81a31e3cd26889ca66d677f1"},"description":"La Fondation Ivoirienne pour l\u2019Observation et la surveillance des Droits de l\u2019Homme et de la vie Politique, en abr\u00e9g\u00e9 FI ...","breadcrumb":{"@id":"https:\/\/www.africa-press.net\/cotedivoire\/politique\/cote-divoire-dr-boga-sako-de-la-fidhop-met-fin-a-son-exile-de-10-ans#breadcrumb"},"inLanguage":"fr-FR","potentialAction":[{"@type":"ReadAction","target":["https:\/\/www.africa-press.net\/cotedivoire\/politique\/cote-divoire-dr-boga-sako-de-la-fidhop-met-fin-a-son-exile-de-10-ans"]}]},{"@type":"ImageObject","inLanguage":"fr-FR","@id":"https:\/\/www.africa-press.net\/cotedivoire\/politique\/cote-divoire-dr-boga-sako-de-la-fidhop-met-fin-a-son-exile-de-10-ans#primaryimage","url":"https:\/\/static.africa-press.net\/cote\/sites\/43\/2021\/06\/img-60c743bae7a3c.jpg","contentUrl":"https:\/\/static.africa-press.net\/cote\/sites\/43\/2021\/06\/img-60c743bae7a3c.jpg","width":1320,"height":598,"caption":"C\u00f4te-d\u2019Ivoire: Dr Boga Sako de la FIDHOP met fin \u00e0 son exile de 10 ans"},{"@type":"BreadcrumbList","@id":"https:\/\/www.africa-press.net\/cotedivoire\/politique\/cote-divoire-dr-boga-sako-de-la-fidhop-met-fin-a-son-exile-de-10-ans#breadcrumb","itemListElement":[{"@type":"ListItem","position":1,"name":"Accueil","item":"https:\/\/www.africa-press.net\/cotedivoire\/"},{"@type":"ListItem","position":2,"name":"Dr Boga Sako de la FIDHOP met fin \u00e0 son exile de 10 ans"}]},{"@type":"WebSite","@id":"https:\/\/www.africa-press.net\/cotedivoire\/#website","url":"https:\/\/www.africa-press.net\/cotedivoire\/","name":"C\u00f4te d&#039;Ivoire","description":"Just another Africa News Agency Sites site","potentialAction":[{"@type":"SearchAction","target":{"@type":"EntryPoint","urlTemplate":"https:\/\/www.africa-press.net\/cotedivoire\/?s={search_term_string}"},"query-input":{"@type":"PropertyValueSpecification","valueRequired":true,"valueName":"search_term_string"}}],"inLanguage":"fr-FR"},{"@type":"Person","@id":"https:\/\/www.africa-press.net\/cotedivoire\/#\/schema\/person\/2b1cf3cd81a31e3cd26889ca66d677f1","name":"cfeditorfr"}]}},"_links":{"self":[{"href":"https:\/\/www.africa-press.net\/cotedivoire\/wp-json\/wp\/v2\/posts\/8979","targetHints":{"allow":["GET"]}}],"collection":[{"href":"https:\/\/www.africa-press.net\/cotedivoire\/wp-json\/wp\/v2\/posts"}],"about":[{"href":"https:\/\/www.africa-press.net\/cotedivoire\/wp-json\/wp\/v2\/types\/post"}],"author":[{"embeddable":true,"href":"https:\/\/www.africa-press.net\/cotedivoire\/wp-json\/wp\/v2\/users\/82"}],"replies":[{"embeddable":true,"href":"https:\/\/www.africa-press.net\/cotedivoire\/wp-json\/wp\/v2\/comments?post=8979"}],"version-history":[{"count":0,"href":"https:\/\/www.africa-press.net\/cotedivoire\/wp-json\/wp\/v2\/posts\/8979\/revisions"}],"wp:featuredmedia":[{"embeddable":true,"href":"https:\/\/www.africa-press.net\/cotedivoire\/wp-json\/wp\/v2\/media\/8978"}],"wp:attachment":[{"href":"https:\/\/www.africa-press.net\/cotedivoire\/wp-json\/wp\/v2\/media?parent=8979"}],"wp:term":[{"taxonomy":"category","embeddable":true,"href":"https:\/\/www.africa-press.net\/cotedivoire\/wp-json\/wp\/v2\/categories?post=8979"},{"taxonomy":"post_tag","embeddable":true,"href":"https:\/\/www.africa-press.net\/cotedivoire\/wp-json\/wp\/v2\/tags?post=8979"}],"curies":[{"name":"wp","href":"https:\/\/api.w.org\/{rel}","templated":true}]}}