{"id":8985,"date":"2021-06-14T12:37:54","date_gmt":"2021-06-14T12:37:54","guid":{"rendered":"https:\/\/www.africa-press.net\/cotedivoire\/?p=8985"},"modified":"2021-06-14T19:45:44","modified_gmt":"2021-06-14T19:45:44","slug":"les-gerants-de-stations-service-suspendent-leur-mot-dordre-de-greve-en-cote-divoire","status":"publish","type":"post","link":"https:\/\/www.africa-press.net\/cotedivoire\/economie\/les-gerants-de-stations-service-suspendent-leur-mot-dordre-de-greve-en-cote-divoire","title":{"rendered":"Les g\u00e9rants de stations-service suspendent leur mot d\u2019ordre de gr\u00e8ve en C\u00f4te-d\u2019Ivoire"},"content":{"rendered":"<p><span style=\"color: #ff6600\"><strong><a href=\"https:\/\/www.africa-press.net\/\">Africa-Press<\/a> &#8211; <a href=\"https:\/\/www.africa-press.net\/cotedivoire\">C\u00f4te d&rsquo;Ivoire<\/a>.\u00a0 <\/strong><\/span>L\u2019Organisation des g\u00e9rants de stations-service de C\u00f4te d\u2019Ivoire (OGSCI) a annonc\u00e9 la suspension de leur mot d\u2019ordre de gr\u00e8ve qui devrait rentrer en vigueur demain, apr\u00e8s une rencontre avec le ministre de l\u2019Energie, Thomas Camara, a indiqu\u00e9 son pr\u00e9sident Kolodjo Fofana dans une d\u00e9claration.<\/p>\n<p>\u00ab Suite au mot d\u2019ordre de gr\u00e8ve lanc\u00e9 par I\u2019OGSCI le lundi 31 mai 2021, le ministre des Mines, du p\u00e9trole et de l\u2019\u00e9nergie, Monsieur Thomas Camara, a re\u00e7u en audience le bureau pour une s\u00e9ance de travail, le vendredi 11 Juin 2021. L\u2019OGSCI a d\u00e9cid\u00e9 de la suspension de son mot d\u2019ordre de gr\u00e8ve initialement pr\u00e9vu du lundi 14 au mercredi 16 juin 2021 \u00bb, a d\u00e9clar\u00e9 M. Fofana sur les antennes de la t\u00e9l\u00e9vision nationale dimanche.<\/p>\n<p>Poursuivant, il a invit\u00e9 l\u2019ensemble des g\u00e9rants de station-service de C\u00f4te d\u2019Ivoire \u00ab \u00e0 lever le mot d\u2019ordre de gr\u00e8ve et \u00e0 maintenir les points de vente ouverts jusqu\u2019\u00e0 nouvel ordre \u00bb.<\/p>\n<p>Tout en remerciant le ministre de l\u2019\u00c9nergie \u00ab qui a d\u00e9cid\u00e9 de pr\u00eater une oreille attentive \u00e0 leur situation \u00bb, l\u2019OGSCI rappelle que \u00ab les discussions sont toujours en cours avec la tutelle en vue de trouver une issue favorable et d\u00e9finitive \u00e0 leurs pr\u00e9occupations \u00bb.<\/p>\n<p>L\u2019OGSCI avait lanc\u00e9 un mot d\u2019ordre de gr\u00e8ve \u00e0 l\u2019issue d\u2019une r\u00e9union jeudi afin de protester contre les co\u00fbts des prestations de la Soci\u00e9t\u00e9 C\u00f4te d\u2019Ivoire M\u00e9trologie SA.<\/p>\n<p>&nbsp;<\/p>\n","protected":false},"excerpt":{"rendered":"<p>Africa-Press &#8211; C\u00f4te d&rsquo;Ivoire.\u00a0 L\u2019Organisation des g\u00e9rants de stations-service de C\u00f4te d\u2019Ivoire (OGSCI) a annonc\u00e9 la suspension de leur mot d\u2019ordre de gr\u00e8ve qui devrait rentrer en vigueur demain, apr\u00e8s une rencontre avec le ministre de l\u2019Energie, Thomas Camara, a indiqu\u00e9 son pr\u00e9sident Kolodjo Fofana dans une d\u00e9claration. \u00ab Suite au mot d\u2019ordre de gr\u00e8ve [&hellip;]<\/p>\n","protected":false},"author":82,"featured_media":8984,"comment_status":"open","ping_status":"closed","sticky":false,"template":"","format":"standard","meta":{"footnotes":""},"categories":[3,11,10],"tags":[56,63,29],"class_list":["post-8985","post","type-post","status-publish","format-standard","has-post-thumbnail","hentry","category-economie","category-homepage-french","category-toutes-les-actualites","tag-africa-press","tag-africa-press-cote-divoire","tag-cote-divoire"],"yoast_head":"<!-- This site is optimized with the Yoast SEO Premium plugin v26.1 (Yoast SEO v27.0) - https:\/\/yoast.com\/product\/yoast-seo-premium-wordpress\/ -->\n<title>Les g\u00e9rants de stations-service suspendent leur mot d\u2019ordre de gr\u00e8ve en C\u00f4te-d\u2019Ivoire - C\u00f4te d&#039;Ivoire<\/title>\n<meta name=\"description\" content=\"Djamal AKINBOLA L\u2019Organisation des g\u00e9rants de stations-service de C\u00f4te d\u2019Ivoire (OGSCI) a annonc\u00e9 la suspension de leur ...\" \/>\n<meta name=\"robots\" content=\"index, follow, max-snippet:-1, max-image-preview:large, max-video-preview:-1\" \/>\n<link rel=\"canonical\" href=\"https:\/\/www.africa-press.net\/cotedivoire\/economie\/les-gerants-de-stations-service-suspendent-leur-mot-dordre-de-greve-en-cote-divoire\" \/>\n<meta property=\"og:locale\" content=\"fr_FR\" \/>\n<meta property=\"og:type\" content=\"article\" \/>\n<meta property=\"og:title\" content=\"Les g\u00e9rants de stations-service suspendent leur mot d\u2019ordre de gr\u00e8ve en C\u00f4te-d\u2019Ivoire\" \/>\n<meta property=\"og:description\" content=\"Djamal AKINBOLA L\u2019Organisation des g\u00e9rants de stations-service de C\u00f4te d\u2019Ivoire (OGSCI) a annonc\u00e9 la suspension de leur ...\" \/>\n<meta property=\"og:url\" content=\"https:\/\/www.africa-press.net\/cotedivoire\/economie\/les-gerants-de-stations-service-suspendent-leur-mot-dordre-de-greve-en-cote-divoire\" \/>\n<meta property=\"og:site_name\" content=\"C\u00f4te d&#039;Ivoire\" \/>\n<meta property=\"article:published_time\" content=\"2021-06-14T12:37:54+00:00\" \/>\n<meta property=\"article:modified_time\" content=\"2021-06-14T19:45:44+00:00\" \/>\n<meta property=\"og:image\" content=\"https:\/\/static.africa-press.net\/cote\/sites\/43\/2021\/06\/img-60c744343fcba.jpg\" \/>\n\t<meta property=\"og:image:width\" content=\"720\" \/>\n\t<meta property=\"og:image:height\" content=\"360\" \/>\n\t<meta property=\"og:image:type\" content=\"image\/jpeg\" \/>\n<meta name=\"author\" content=\"cfeditorfr\" \/>\n<meta name=\"twitter:card\" content=\"summary_large_image\" \/>\n<meta name=\"twitter:label1\" content=\"\u00c9crit par\" \/>\n\t<meta name=\"twitter:data1\" content=\"cfeditorfr\" \/>\n\t<meta name=\"twitter:label2\" content=\"Dur\u00e9e de lecture estim\u00e9e\" \/>\n\t<meta name=\"twitter:data2\" content=\"1 minute\" \/>\n<script type=\"application\/ld+json\" class=\"yoast-schema-graph\">{\"@context\":\"https:\/\/schema.org\",\"@graph\":[{\"@type\":\"Article\",\"@id\":\"https:\/\/www.africa-press.net\/cotedivoire\/economie\/les-gerants-de-stations-service-suspendent-leur-mot-dordre-de-greve-en-cote-divoire#article\",\"isPartOf\":{\"@id\":\"https:\/\/www.africa-press.net\/cotedivoire\/economie\/les-gerants-de-stations-service-suspendent-leur-mot-dordre-de-greve-en-cote-divoire\"},\"author\":{\"name\":\"cfeditorfr\",\"@id\":\"https:\/\/www.africa-press.net\/cotedivoire\/#\/schema\/person\/2b1cf3cd81a31e3cd26889ca66d677f1\"},\"headline\":\"Les g\u00e9rants de stations-service suspendent leur mot d\u2019ordre de gr\u00e8ve en C\u00f4te-d\u2019Ivoire\",\"datePublished\":\"2021-06-14T12:37:54+00:00\",\"dateModified\":\"2021-06-14T19:45:44+00:00\",\"mainEntityOfPage\":{\"@id\":\"https:\/\/www.africa-press.net\/cotedivoire\/economie\/les-gerants-de-stations-service-suspendent-leur-mot-dordre-de-greve-en-cote-divoire\"},\"wordCount\":280,\"commentCount\":0,\"image\":{\"@id\":\"https:\/\/www.africa-press.net\/cotedivoire\/economie\/les-gerants-de-stations-service-suspendent-leur-mot-dordre-de-greve-en-cote-divoire#primaryimage\"},\"thumbnailUrl\":\"https:\/\/static.africa-press.net\/cote\/sites\/43\/2021\/06\/img-60c744343fcba.jpg\",\"keywords\":[\"Africa Press\",\"Africa Press-C\u00f4te d'Ivoire\",\"C\u00d4TE D'IVOIRE\"],\"articleSection\":[\"\u00c9conomie\",\"homepage-french\",\"Toutes les actualit\u00e9s\"],\"inLanguage\":\"fr-FR\",\"potentialAction\":[{\"@type\":\"CommentAction\",\"name\":\"Comment\",\"target\":[\"https:\/\/www.africa-press.net\/cotedivoire\/economie\/les-gerants-de-stations-service-suspendent-leur-mot-dordre-de-greve-en-cote-divoire#respond\"]}]},{\"@type\":\"WebPage\",\"@id\":\"https:\/\/www.africa-press.net\/cotedivoire\/economie\/les-gerants-de-stations-service-suspendent-leur-mot-dordre-de-greve-en-cote-divoire\",\"url\":\"https:\/\/www.africa-press.net\/cotedivoire\/economie\/les-gerants-de-stations-service-suspendent-leur-mot-dordre-de-greve-en-cote-divoire\",\"name\":\"Les g\u00e9rants de stations-service suspendent leur mot d\u2019ordre de gr\u00e8ve en C\u00f4te-d\u2019Ivoire - C\u00f4te d&#039;Ivoire\",\"isPartOf\":{\"@id\":\"https:\/\/www.africa-press.net\/cotedivoire\/#website\"},\"primaryImageOfPage\":{\"@id\":\"https:\/\/www.africa-press.net\/cotedivoire\/economie\/les-gerants-de-stations-service-suspendent-leur-mot-dordre-de-greve-en-cote-divoire#primaryimage\"},\"image\":{\"@id\":\"https:\/\/www.africa-press.net\/cotedivoire\/economie\/les-gerants-de-stations-service-suspendent-leur-mot-dordre-de-greve-en-cote-divoire#primaryimage\"},\"thumbnailUrl\":\"https:\/\/static.africa-press.net\/cote\/sites\/43\/2021\/06\/img-60c744343fcba.jpg\",\"datePublished\":\"2021-06-14T12:37:54+00:00\",\"dateModified\":\"2021-06-14T19:45:44+00:00\",\"author\":{\"@id\":\"https:\/\/www.africa-press.net\/cotedivoire\/#\/schema\/person\/2b1cf3cd81a31e3cd26889ca66d677f1\"},\"description\":\"Djamal AKINBOLA L\u2019Organisation des g\u00e9rants de stations-service de C\u00f4te d\u2019Ivoire (OGSCI) a annonc\u00e9 la suspension de leur ...\",\"breadcrumb\":{\"@id\":\"https:\/\/www.africa-press.net\/cotedivoire\/economie\/les-gerants-de-stations-service-suspendent-leur-mot-dordre-de-greve-en-cote-divoire#breadcrumb\"},\"inLanguage\":\"fr-FR\",\"potentialAction\":[{\"@type\":\"ReadAction\",\"target\":[\"https:\/\/www.africa-press.net\/cotedivoire\/economie\/les-gerants-de-stations-service-suspendent-leur-mot-dordre-de-greve-en-cote-divoire\"]}]},{\"@type\":\"ImageObject\",\"inLanguage\":\"fr-FR\",\"@id\":\"https:\/\/www.africa-press.net\/cotedivoire\/economie\/les-gerants-de-stations-service-suspendent-leur-mot-dordre-de-greve-en-cote-divoire#primaryimage\",\"url\":\"https:\/\/static.africa-press.net\/cote\/sites\/43\/2021\/06\/img-60c744343fcba.jpg\",\"contentUrl\":\"https:\/\/static.africa-press.net\/cote\/sites\/43\/2021\/06\/img-60c744343fcba.jpg\",\"width\":720,\"height\":360,\"caption\":\"Les g\u00e9rants de stations-service suspendent leur mot d\u2019ordre de gr\u00e8ve en C\u00f4te-d\u2019Ivoire\"},{\"@type\":\"BreadcrumbList\",\"@id\":\"https:\/\/www.africa-press.net\/cotedivoire\/economie\/les-gerants-de-stations-service-suspendent-leur-mot-dordre-de-greve-en-cote-divoire#breadcrumb\",\"itemListElement\":[{\"@type\":\"ListItem\",\"position\":1,\"name\":\"Accueil\",\"item\":\"https:\/\/www.africa-press.net\/cotedivoire\/\"},{\"@type\":\"ListItem\",\"position\":2,\"name\":\"Les g\u00e9rants de stations-service suspendent leur mot d\u2019ordre de gr\u00e8ve en C\u00f4te-d\u2019Ivoire\"}]},{\"@type\":\"WebSite\",\"@id\":\"https:\/\/www.africa-press.net\/cotedivoire\/#website\",\"url\":\"https:\/\/www.africa-press.net\/cotedivoire\/\",\"name\":\"C\u00f4te d&#039;Ivoire\",\"description\":\"Just another Africa News Agency Sites site\",\"potentialAction\":[{\"@type\":\"SearchAction\",\"target\":{\"@type\":\"EntryPoint\",\"urlTemplate\":\"https:\/\/www.africa-press.net\/cotedivoire\/?s={search_term_string}\"},\"query-input\":{\"@type\":\"PropertyValueSpecification\",\"valueRequired\":true,\"valueName\":\"search_term_string\"}}],\"inLanguage\":\"fr-FR\"},{\"@type\":\"Person\",\"@id\":\"https:\/\/www.africa-press.net\/cotedivoire\/#\/schema\/person\/2b1cf3cd81a31e3cd26889ca66d677f1\",\"name\":\"cfeditorfr\"}]}<\/script>\n<!-- \/ Yoast SEO Premium plugin. -->","yoast_head_json":{"title":"Les g\u00e9rants de stations-service suspendent leur mot d\u2019ordre de gr\u00e8ve en C\u00f4te-d\u2019Ivoire - C\u00f4te d&#039;Ivoire","description":"Djamal AKINBOLA L\u2019Organisation des g\u00e9rants de stations-service de C\u00f4te d\u2019Ivoire (OGSCI) a annonc\u00e9 la suspension de leur ...","robots":{"index":"index","follow":"follow","max-snippet":"max-snippet:-1","max-image-preview":"max-image-preview:large","max-video-preview":"max-video-preview:-1"},"canonical":"https:\/\/www.africa-press.net\/cotedivoire\/economie\/les-gerants-de-stations-service-suspendent-leur-mot-dordre-de-greve-en-cote-divoire","og_locale":"fr_FR","og_type":"article","og_title":"Les g\u00e9rants de stations-service suspendent leur mot d\u2019ordre de gr\u00e8ve en C\u00f4te-d\u2019Ivoire","og_description":"Djamal AKINBOLA L\u2019Organisation des g\u00e9rants de stations-service de C\u00f4te d\u2019Ivoire (OGSCI) a annonc\u00e9 la suspension de leur ...","og_url":"https:\/\/www.africa-press.net\/cotedivoire\/economie\/les-gerants-de-stations-service-suspendent-leur-mot-dordre-de-greve-en-cote-divoire","og_site_name":"C\u00f4te d&#039;Ivoire","article_published_time":"2021-06-14T12:37:54+00:00","article_modified_time":"2021-06-14T19:45:44+00:00","og_image":[{"width":720,"height":360,"url":"https:\/\/static.africa-press.net\/cote\/sites\/43\/2021\/06\/img-60c744343fcba.jpg","type":"image\/jpeg"}],"author":"cfeditorfr","twitter_card":"summary_large_image","twitter_misc":{"\u00c9crit par":"cfeditorfr","Dur\u00e9e de lecture estim\u00e9e":"1 minute"},"schema":{"@context":"https:\/\/schema.org","@graph":[{"@type":"Article","@id":"https:\/\/www.africa-press.net\/cotedivoire\/economie\/les-gerants-de-stations-service-suspendent-leur-mot-dordre-de-greve-en-cote-divoire#article","isPartOf":{"@id":"https:\/\/www.africa-press.net\/cotedivoire\/economie\/les-gerants-de-stations-service-suspendent-leur-mot-dordre-de-greve-en-cote-divoire"},"author":{"name":"cfeditorfr","@id":"https:\/\/www.africa-press.net\/cotedivoire\/#\/schema\/person\/2b1cf3cd81a31e3cd26889ca66d677f1"},"headline":"Les g\u00e9rants de stations-service suspendent leur mot d\u2019ordre de gr\u00e8ve en C\u00f4te-d\u2019Ivoire","datePublished":"2021-06-14T12:37:54+00:00","dateModified":"2021-06-14T19:45:44+00:00","mainEntityOfPage":{"@id":"https:\/\/www.africa-press.net\/cotedivoire\/economie\/les-gerants-de-stations-service-suspendent-leur-mot-dordre-de-greve-en-cote-divoire"},"wordCount":280,"commentCount":0,"image":{"@id":"https:\/\/www.africa-press.net\/cotedivoire\/economie\/les-gerants-de-stations-service-suspendent-leur-mot-dordre-de-greve-en-cote-divoire#primaryimage"},"thumbnailUrl":"https:\/\/static.africa-press.net\/cote\/sites\/43\/2021\/06\/img-60c744343fcba.jpg","keywords":["Africa Press","Africa Press-C\u00f4te d'Ivoire","C\u00d4TE D'IVOIRE"],"articleSection":["\u00c9conomie","homepage-french","Toutes les actualit\u00e9s"],"inLanguage":"fr-FR","potentialAction":[{"@type":"CommentAction","name":"Comment","target":["https:\/\/www.africa-press.net\/cotedivoire\/economie\/les-gerants-de-stations-service-suspendent-leur-mot-dordre-de-greve-en-cote-divoire#respond"]}]},{"@type":"WebPage","@id":"https:\/\/www.africa-press.net\/cotedivoire\/economie\/les-gerants-de-stations-service-suspendent-leur-mot-dordre-de-greve-en-cote-divoire","url":"https:\/\/www.africa-press.net\/cotedivoire\/economie\/les-gerants-de-stations-service-suspendent-leur-mot-dordre-de-greve-en-cote-divoire","name":"Les g\u00e9rants de stations-service suspendent leur mot d\u2019ordre de gr\u00e8ve en C\u00f4te-d\u2019Ivoire - C\u00f4te d&#039;Ivoire","isPartOf":{"@id":"https:\/\/www.africa-press.net\/cotedivoire\/#website"},"primaryImageOfPage":{"@id":"https:\/\/www.africa-press.net\/cotedivoire\/economie\/les-gerants-de-stations-service-suspendent-leur-mot-dordre-de-greve-en-cote-divoire#primaryimage"},"image":{"@id":"https:\/\/www.africa-press.net\/cotedivoire\/economie\/les-gerants-de-stations-service-suspendent-leur-mot-dordre-de-greve-en-cote-divoire#primaryimage"},"thumbnailUrl":"https:\/\/static.africa-press.net\/cote\/sites\/43\/2021\/06\/img-60c744343fcba.jpg","datePublished":"2021-06-14T12:37:54+00:00","dateModified":"2021-06-14T19:45:44+00:00","author":{"@id":"https:\/\/www.africa-press.net\/cotedivoire\/#\/schema\/person\/2b1cf3cd81a31e3cd26889ca66d677f1"},"description":"Djamal AKINBOLA L\u2019Organisation des g\u00e9rants de stations-service de C\u00f4te d\u2019Ivoire (OGSCI) a annonc\u00e9 la suspension de leur ...","breadcrumb":{"@id":"https:\/\/www.africa-press.net\/cotedivoire\/economie\/les-gerants-de-stations-service-suspendent-leur-mot-dordre-de-greve-en-cote-divoire#breadcrumb"},"inLanguage":"fr-FR","potentialAction":[{"@type":"ReadAction","target":["https:\/\/www.africa-press.net\/cotedivoire\/economie\/les-gerants-de-stations-service-suspendent-leur-mot-dordre-de-greve-en-cote-divoire"]}]},{"@type":"ImageObject","inLanguage":"fr-FR","@id":"https:\/\/www.africa-press.net\/cotedivoire\/economie\/les-gerants-de-stations-service-suspendent-leur-mot-dordre-de-greve-en-cote-divoire#primaryimage","url":"https:\/\/static.africa-press.net\/cote\/sites\/43\/2021\/06\/img-60c744343fcba.jpg","contentUrl":"https:\/\/static.africa-press.net\/cote\/sites\/43\/2021\/06\/img-60c744343fcba.jpg","width":720,"height":360,"caption":"Les g\u00e9rants de stations-service suspendent leur mot d\u2019ordre de gr\u00e8ve en C\u00f4te-d\u2019Ivoire"},{"@type":"BreadcrumbList","@id":"https:\/\/www.africa-press.net\/cotedivoire\/economie\/les-gerants-de-stations-service-suspendent-leur-mot-dordre-de-greve-en-cote-divoire#breadcrumb","itemListElement":[{"@type":"ListItem","position":1,"name":"Accueil","item":"https:\/\/www.africa-press.net\/cotedivoire\/"},{"@type":"ListItem","position":2,"name":"Les g\u00e9rants de stations-service suspendent leur mot d\u2019ordre de gr\u00e8ve en C\u00f4te-d\u2019Ivoire"}]},{"@type":"WebSite","@id":"https:\/\/www.africa-press.net\/cotedivoire\/#website","url":"https:\/\/www.africa-press.net\/cotedivoire\/","name":"C\u00f4te d&#039;Ivoire","description":"Just another Africa News Agency Sites site","potentialAction":[{"@type":"SearchAction","target":{"@type":"EntryPoint","urlTemplate":"https:\/\/www.africa-press.net\/cotedivoire\/?s={search_term_string}"},"query-input":{"@type":"PropertyValueSpecification","valueRequired":true,"valueName":"search_term_string"}}],"inLanguage":"fr-FR"},{"@type":"Person","@id":"https:\/\/www.africa-press.net\/cotedivoire\/#\/schema\/person\/2b1cf3cd81a31e3cd26889ca66d677f1","name":"cfeditorfr"}]}},"_links":{"self":[{"href":"https:\/\/www.africa-press.net\/cotedivoire\/wp-json\/wp\/v2\/posts\/8985","targetHints":{"allow":["GET"]}}],"collection":[{"href":"https:\/\/www.africa-press.net\/cotedivoire\/wp-json\/wp\/v2\/posts"}],"about":[{"href":"https:\/\/www.africa-press.net\/cotedivoire\/wp-json\/wp\/v2\/types\/post"}],"author":[{"embeddable":true,"href":"https:\/\/www.africa-press.net\/cotedivoire\/wp-json\/wp\/v2\/users\/82"}],"replies":[{"embeddable":true,"href":"https:\/\/www.africa-press.net\/cotedivoire\/wp-json\/wp\/v2\/comments?post=8985"}],"version-history":[{"count":0,"href":"https:\/\/www.africa-press.net\/cotedivoire\/wp-json\/wp\/v2\/posts\/8985\/revisions"}],"wp:featuredmedia":[{"embeddable":true,"href":"https:\/\/www.africa-press.net\/cotedivoire\/wp-json\/wp\/v2\/media\/8984"}],"wp:attachment":[{"href":"https:\/\/www.africa-press.net\/cotedivoire\/wp-json\/wp\/v2\/media?parent=8985"}],"wp:term":[{"taxonomy":"category","embeddable":true,"href":"https:\/\/www.africa-press.net\/cotedivoire\/wp-json\/wp\/v2\/categories?post=8985"},{"taxonomy":"post_tag","embeddable":true,"href":"https:\/\/www.africa-press.net\/cotedivoire\/wp-json\/wp\/v2\/tags?post=8985"}],"curies":[{"name":"wp","href":"https:\/\/api.w.org\/{rel}","templated":true}]}}