{"id":89968,"date":"2024-10-31T18:43:49","date_gmt":"2024-10-31T18:43:49","guid":{"rendered":"https:\/\/www.africa-press.net\/cotedivoire\/politique\/des-conducteurs-indelicats-au-tribunal-de-la-commission-de-retrait-des-permis-de-conduire"},"modified":"2024-10-31T18:54:38","modified_gmt":"2024-10-31T18:54:38","slug":"des-conducteurs-indelicats-au-tribunal-de-la-commission-de-retrait-des-permis-de-conduire","status":"publish","type":"post","link":"https:\/\/www.africa-press.net\/cotedivoire\/toutes-les-actualites\/des-conducteurs-indelicats-au-tribunal-de-la-commission-de-retrait-des-permis-de-conduire","title":{"rendered":"Des conducteurs ind\u00e9licats au \u00ab Tribunal \u00bb de la Commission de retrait des permis de conduire"},"content":{"rendered":"<p><span style=\"color: #ff6600\"><strong>Africa-Press &#8211; C\u00f4te d&rsquo;Ivoire. <\/strong><\/span>Des conducteurs inde\u0301licats e\u0301taient ce jeudi 31 octobre 2024 au \u00ab tribunal \u00bb de la Commission de retrait des permis de conduire a\u0300 la Direction Ge\u0301ne\u0301rale des Transports Terrestres et de la Circulation (DGTTC), du Ministe\u0300re des Transports au 16e\u0300me e\u0301tage de de la tour E, a\u0300 Abidjan-Plateau.<\/p>\n<p>Apre\u0300s analyse des 40 dossiers en sa session ordinaire du mois d\u2019octobre, la commission spe\u0301ciale technique de suspension et de retrait de permis de conduire a pris des sanctions contre les contrevenants.<\/p>\n<p>Ainsi donc au terme des travaux, 27 permis de conduire ont e\u0301te\u0301s sanctionne\u0301s de manie\u0300re ferme, avec des pe\u0301riodes de suspension variant de 3 mois a\u0300 5 ans. Parmi ces cas, un conducteur a perdu 6 points de son permis en raison de conduite en e\u0301tat d&rsquo;ivresse au moment de l&rsquo;accident. 07 permis ont e\u0301te\u0301 sanctionne\u0301s avec sursis pour des pe\u0301riodes allant d\u2019un mois a\u0300 six mois, tandis qu\u2019un permis a e\u0301te\u0301 restitue\u0301 et 05 cas d&rsquo;absence constate\u0301s.<\/p>\n<p>Notons que, ces refle\u0300tent la de\u0301termination du Ministre des Transports, Amadou Kone\u0301, a\u0300 dissuader les comportements a\u0300 risque et a\u0300 prote\u0301ger la vie des usagers de la route. En effet, il est reproche\u0301 entre autres, aux de\u0301tenteurs de permis sanctionne\u0301s, le non-respect des feux tricolores, la mauvaise man\u0153uvre, le non-respect des bandes signale\u0301tiques, la vitesse excessive, l\u2019imprudence et l\u2019alcool au volant.<\/p>\n<p>Le Directeur Ge\u0301ne\u0301ral des Transports Terrestres et de la Circulation, M. Oumar Sacko a, salue\u0301 le bon travail fait par la commission depuis sa mise en place.<\/p>\n<p>Il s\u2019est re\u0301joui du fait que le dernier Conseil National de Se\u0301curite\u0301 (CNS) a constate\u0301 que de juin a\u0300 septembre, le taux d\u2019accidents a baisse\u0301 d\u2019environ 31% \u00bb<\/p>\n<p>\u00ab Au sortir du dernier conseil National de Se\u0301curite\u0301, il a e\u0301te\u0301 donne\u0301 de constater que de juin a\u0300 septembre, le taux d\u2019accidents a baisse\u0301 d\u2019environ 31% \u00bb s\u2019est \u2013 il re\u0301joui sans attribuer ce re\u0301sultat uniquement a\u0300 la commission.<\/p>\n<p>Il a toutefois exprime\u0301 son inquie\u0301tude face a\u0300 l\u2019imprudence croissante des conducteurs de deux et trois roues qui ne respectent pas les feux tricolores. Il promet les jours avenirs durcir le ton.<\/p>\n<p><strong>Pour plus d&rsquo;informations et d&rsquo;analyses sur la C\u00f4te d&rsquo;Ivoire, suivez Africa-Press<\/strong><\/p>\n","protected":false},"excerpt":{"rendered":"<p>Africa-Press &#8211; C\u00f4te d&rsquo;Ivoire. Des conducteurs inde\u0301licats e\u0301taient ce jeudi 31 octobre 2024 au \u00ab tribunal \u00bb de la Commission de retrait des permis de conduire a\u0300 la Direction Ge\u0301ne\u0301rale des Transports Terrestres et de la Circulation (DGTTC), du Ministe\u0300re des Transports au 16e\u0300me e\u0301tage de de la tour E, a\u0300 Abidjan-Plateau. Apre\u0300s analyse des [&hellip;]<\/p>\n","protected":false},"author":82,"featured_media":89967,"comment_status":"open","ping_status":"closed","sticky":false,"template":"","format":"standard","meta":{"footnotes":""},"categories":[21,10],"tags":[2503,29,6173,571,11939,2218,945],"class_list":["post-89968","post","type-post","status-publish","format-standard","has-post-thumbnail","hentry","category-communaute","category-toutes-les-actualites","tag-conducteur","tag-cote-divoire","tag-dgttc","tag-ministere","tag-oumar-sacko","tag-transport","tag-tribunal"],"yoast_head":"<!-- This site is optimized with the Yoast SEO Premium plugin v26.1 (Yoast SEO v27.0) - https:\/\/yoast.com\/product\/yoast-seo-premium-wordpress\/ -->\n<title>Des conducteurs ind\u00e9licats au \u00ab Tribunal \u00bb de la Commission de retrait des permis de conduire - C\u00f4te d&#039;Ivoire<\/title>\n<meta name=\"description\" content=\"Des conducteurs inde\u0301licats e\u0301taient ce jeudi 31 octobre 2024 au \u00ab tribunal \u00bb de la Commission de retrait des permis de ...\" \/>\n<meta name=\"robots\" content=\"index, follow, max-snippet:-1, max-image-preview:large, max-video-preview:-1\" \/>\n<link rel=\"canonical\" href=\"https:\/\/www.africa-press.net\/cotedivoire\/toutes-les-actualites\/des-conducteurs-indelicats-au-tribunal-de-la-commission-de-retrait-des-permis-de-conduire\" \/>\n<meta property=\"og:locale\" content=\"fr_FR\" \/>\n<meta property=\"og:type\" content=\"article\" \/>\n<meta property=\"og:title\" content=\"Des conducteurs ind\u00e9licats au \u00ab Tribunal \u00bb de la Commission de retrait des permis de conduire\" \/>\n<meta property=\"og:description\" content=\"Des conducteurs inde\u0301licats e\u0301taient ce jeudi 31 octobre 2024 au \u00ab tribunal \u00bb de la Commission de retrait des permis de ...\" \/>\n<meta property=\"og:url\" content=\"https:\/\/www.africa-press.net\/cotedivoire\/toutes-les-actualites\/des-conducteurs-indelicats-au-tribunal-de-la-commission-de-retrait-des-permis-de-conduire\" \/>\n<meta property=\"og:site_name\" content=\"C\u00f4te d&#039;Ivoire\" \/>\n<meta property=\"article:published_time\" content=\"2024-10-31T18:43:49+00:00\" \/>\n<meta property=\"article:modified_time\" content=\"2024-10-31T18:54:38+00:00\" \/>\n<meta property=\"og:image\" content=\"https:\/\/static.africa-press.net\/cote\/sites\/43\/2024\/10\/sm_1730388257.93806.jpg\" \/>\n\t<meta property=\"og:image:width\" content=\"720\" \/>\n\t<meta property=\"og:image:height\" content=\"480\" \/>\n\t<meta property=\"og:image:type\" content=\"image\/jpeg\" \/>\n<meta name=\"author\" content=\"cfeditorfr\" \/>\n<meta name=\"twitter:card\" content=\"summary_large_image\" \/>\n<meta name=\"twitter:label1\" content=\"\u00c9crit par\" \/>\n\t<meta name=\"twitter:data1\" content=\"cfeditorfr\" \/>\n\t<meta name=\"twitter:label2\" content=\"Dur\u00e9e de lecture estim\u00e9e\" \/>\n\t<meta name=\"twitter:data2\" content=\"3 minutes\" \/>\n<script type=\"application\/ld+json\" class=\"yoast-schema-graph\">{\"@context\":\"https:\/\/schema.org\",\"@graph\":[{\"@type\":\"Article\",\"@id\":\"https:\/\/www.africa-press.net\/cotedivoire\/toutes-les-actualites\/des-conducteurs-indelicats-au-tribunal-de-la-commission-de-retrait-des-permis-de-conduire#article\",\"isPartOf\":{\"@id\":\"https:\/\/www.africa-press.net\/cotedivoire\/toutes-les-actualites\/des-conducteurs-indelicats-au-tribunal-de-la-commission-de-retrait-des-permis-de-conduire\"},\"author\":{\"name\":\"cfeditorfr\",\"@id\":\"https:\/\/www.africa-press.net\/cotedivoire\/#\/schema\/person\/2b1cf3cd81a31e3cd26889ca66d677f1\"},\"headline\":\"Des conducteurs ind\u00e9licats au \u00ab Tribunal \u00bb de la Commission de retrait des permis de conduire\",\"datePublished\":\"2024-10-31T18:43:49+00:00\",\"dateModified\":\"2024-10-31T18:54:38+00:00\",\"mainEntityOfPage\":{\"@id\":\"https:\/\/www.africa-press.net\/cotedivoire\/toutes-les-actualites\/des-conducteurs-indelicats-au-tribunal-de-la-commission-de-retrait-des-permis-de-conduire\"},\"wordCount\":416,\"commentCount\":0,\"image\":{\"@id\":\"https:\/\/www.africa-press.net\/cotedivoire\/toutes-les-actualites\/des-conducteurs-indelicats-au-tribunal-de-la-commission-de-retrait-des-permis-de-conduire#primaryimage\"},\"thumbnailUrl\":\"https:\/\/static.africa-press.net\/cote\/sites\/43\/2024\/10\/sm_1730388257.93806.jpg\",\"keywords\":[\"conducteur\",\"C\u00d4TE D'IVOIRE\",\"DGTTC\",\"Minist\u00e8re\",\"Oumar Sacko\",\"transport\",\"Tribunal\"],\"articleSection\":[\"Communaut\u00e9\",\"Toutes les actualit\u00e9s\"],\"inLanguage\":\"fr-FR\",\"potentialAction\":[{\"@type\":\"CommentAction\",\"name\":\"Comment\",\"target\":[\"https:\/\/www.africa-press.net\/cotedivoire\/toutes-les-actualites\/des-conducteurs-indelicats-au-tribunal-de-la-commission-de-retrait-des-permis-de-conduire#respond\"]}]},{\"@type\":\"WebPage\",\"@id\":\"https:\/\/www.africa-press.net\/cotedivoire\/toutes-les-actualites\/des-conducteurs-indelicats-au-tribunal-de-la-commission-de-retrait-des-permis-de-conduire\",\"url\":\"https:\/\/www.africa-press.net\/cotedivoire\/toutes-les-actualites\/des-conducteurs-indelicats-au-tribunal-de-la-commission-de-retrait-des-permis-de-conduire\",\"name\":\"Des conducteurs ind\u00e9licats au \u00ab Tribunal \u00bb de la Commission de retrait des permis de conduire - C\u00f4te d&#039;Ivoire\",\"isPartOf\":{\"@id\":\"https:\/\/www.africa-press.net\/cotedivoire\/#website\"},\"primaryImageOfPage\":{\"@id\":\"https:\/\/www.africa-press.net\/cotedivoire\/toutes-les-actualites\/des-conducteurs-indelicats-au-tribunal-de-la-commission-de-retrait-des-permis-de-conduire#primaryimage\"},\"image\":{\"@id\":\"https:\/\/www.africa-press.net\/cotedivoire\/toutes-les-actualites\/des-conducteurs-indelicats-au-tribunal-de-la-commission-de-retrait-des-permis-de-conduire#primaryimage\"},\"thumbnailUrl\":\"https:\/\/static.africa-press.net\/cote\/sites\/43\/2024\/10\/sm_1730388257.93806.jpg\",\"datePublished\":\"2024-10-31T18:43:49+00:00\",\"dateModified\":\"2024-10-31T18:54:38+00:00\",\"author\":{\"@id\":\"https:\/\/www.africa-press.net\/cotedivoire\/#\/schema\/person\/2b1cf3cd81a31e3cd26889ca66d677f1\"},\"description\":\"Des conducteurs inde\u0301licats e\u0301taient ce jeudi 31 octobre 2024 au \u00ab tribunal \u00bb de la Commission de retrait des permis de ...\",\"breadcrumb\":{\"@id\":\"https:\/\/www.africa-press.net\/cotedivoire\/toutes-les-actualites\/des-conducteurs-indelicats-au-tribunal-de-la-commission-de-retrait-des-permis-de-conduire#breadcrumb\"},\"inLanguage\":\"fr-FR\",\"potentialAction\":[{\"@type\":\"ReadAction\",\"target\":[\"https:\/\/www.africa-press.net\/cotedivoire\/toutes-les-actualites\/des-conducteurs-indelicats-au-tribunal-de-la-commission-de-retrait-des-permis-de-conduire\"]}]},{\"@type\":\"ImageObject\",\"inLanguage\":\"fr-FR\",\"@id\":\"https:\/\/www.africa-press.net\/cotedivoire\/toutes-les-actualites\/des-conducteurs-indelicats-au-tribunal-de-la-commission-de-retrait-des-permis-de-conduire#primaryimage\",\"url\":\"https:\/\/static.africa-press.net\/cote\/sites\/43\/2024\/10\/sm_1730388257.93806.jpg\",\"contentUrl\":\"https:\/\/static.africa-press.net\/cote\/sites\/43\/2024\/10\/sm_1730388257.93806.jpg\",\"width\":720,\"height\":480,\"caption\":\"Des conducteurs ind\u00e9licats au \u00ab Tribunal \u00bb de la Commission de retrait des permis de conduire\"},{\"@type\":\"BreadcrumbList\",\"@id\":\"https:\/\/www.africa-press.net\/cotedivoire\/toutes-les-actualites\/des-conducteurs-indelicats-au-tribunal-de-la-commission-de-retrait-des-permis-de-conduire#breadcrumb\",\"itemListElement\":[{\"@type\":\"ListItem\",\"position\":1,\"name\":\"Accueil\",\"item\":\"https:\/\/www.africa-press.net\/cotedivoire\/\"},{\"@type\":\"ListItem\",\"position\":2,\"name\":\"Des conducteurs ind\u00e9licats au \u00ab Tribunal \u00bb de la Commission de retrait des permis de conduire\"}]},{\"@type\":\"WebSite\",\"@id\":\"https:\/\/www.africa-press.net\/cotedivoire\/#website\",\"url\":\"https:\/\/www.africa-press.net\/cotedivoire\/\",\"name\":\"C\u00f4te d&#039;Ivoire\",\"description\":\"Just another Africa News Agency Sites site\",\"potentialAction\":[{\"@type\":\"SearchAction\",\"target\":{\"@type\":\"EntryPoint\",\"urlTemplate\":\"https:\/\/www.africa-press.net\/cotedivoire\/?s={search_term_string}\"},\"query-input\":{\"@type\":\"PropertyValueSpecification\",\"valueRequired\":true,\"valueName\":\"search_term_string\"}}],\"inLanguage\":\"fr-FR\"},{\"@type\":\"Person\",\"@id\":\"https:\/\/www.africa-press.net\/cotedivoire\/#\/schema\/person\/2b1cf3cd81a31e3cd26889ca66d677f1\",\"name\":\"cfeditorfr\"}]}<\/script>\n<!-- \/ Yoast SEO Premium plugin. -->","yoast_head_json":{"title":"Des conducteurs ind\u00e9licats au \u00ab Tribunal \u00bb de la Commission de retrait des permis de conduire - C\u00f4te d&#039;Ivoire","description":"Des conducteurs inde\u0301licats e\u0301taient ce jeudi 31 octobre 2024 au \u00ab tribunal \u00bb de la Commission de retrait des permis de ...","robots":{"index":"index","follow":"follow","max-snippet":"max-snippet:-1","max-image-preview":"max-image-preview:large","max-video-preview":"max-video-preview:-1"},"canonical":"https:\/\/www.africa-press.net\/cotedivoire\/toutes-les-actualites\/des-conducteurs-indelicats-au-tribunal-de-la-commission-de-retrait-des-permis-de-conduire","og_locale":"fr_FR","og_type":"article","og_title":"Des conducteurs ind\u00e9licats au \u00ab Tribunal \u00bb de la Commission de retrait des permis de conduire","og_description":"Des conducteurs inde\u0301licats e\u0301taient ce jeudi 31 octobre 2024 au \u00ab tribunal \u00bb de la Commission de retrait des permis de ...","og_url":"https:\/\/www.africa-press.net\/cotedivoire\/toutes-les-actualites\/des-conducteurs-indelicats-au-tribunal-de-la-commission-de-retrait-des-permis-de-conduire","og_site_name":"C\u00f4te d&#039;Ivoire","article_published_time":"2024-10-31T18:43:49+00:00","article_modified_time":"2024-10-31T18:54:38+00:00","og_image":[{"width":720,"height":480,"url":"https:\/\/static.africa-press.net\/cote\/sites\/43\/2024\/10\/sm_1730388257.93806.jpg","type":"image\/jpeg"}],"author":"cfeditorfr","twitter_card":"summary_large_image","twitter_misc":{"\u00c9crit par":"cfeditorfr","Dur\u00e9e de lecture estim\u00e9e":"3 minutes"},"schema":{"@context":"https:\/\/schema.org","@graph":[{"@type":"Article","@id":"https:\/\/www.africa-press.net\/cotedivoire\/toutes-les-actualites\/des-conducteurs-indelicats-au-tribunal-de-la-commission-de-retrait-des-permis-de-conduire#article","isPartOf":{"@id":"https:\/\/www.africa-press.net\/cotedivoire\/toutes-les-actualites\/des-conducteurs-indelicats-au-tribunal-de-la-commission-de-retrait-des-permis-de-conduire"},"author":{"name":"cfeditorfr","@id":"https:\/\/www.africa-press.net\/cotedivoire\/#\/schema\/person\/2b1cf3cd81a31e3cd26889ca66d677f1"},"headline":"Des conducteurs ind\u00e9licats au \u00ab Tribunal \u00bb de la Commission de retrait des permis de conduire","datePublished":"2024-10-31T18:43:49+00:00","dateModified":"2024-10-31T18:54:38+00:00","mainEntityOfPage":{"@id":"https:\/\/www.africa-press.net\/cotedivoire\/toutes-les-actualites\/des-conducteurs-indelicats-au-tribunal-de-la-commission-de-retrait-des-permis-de-conduire"},"wordCount":416,"commentCount":0,"image":{"@id":"https:\/\/www.africa-press.net\/cotedivoire\/toutes-les-actualites\/des-conducteurs-indelicats-au-tribunal-de-la-commission-de-retrait-des-permis-de-conduire#primaryimage"},"thumbnailUrl":"https:\/\/static.africa-press.net\/cote\/sites\/43\/2024\/10\/sm_1730388257.93806.jpg","keywords":["conducteur","C\u00d4TE D'IVOIRE","DGTTC","Minist\u00e8re","Oumar Sacko","transport","Tribunal"],"articleSection":["Communaut\u00e9","Toutes les actualit\u00e9s"],"inLanguage":"fr-FR","potentialAction":[{"@type":"CommentAction","name":"Comment","target":["https:\/\/www.africa-press.net\/cotedivoire\/toutes-les-actualites\/des-conducteurs-indelicats-au-tribunal-de-la-commission-de-retrait-des-permis-de-conduire#respond"]}]},{"@type":"WebPage","@id":"https:\/\/www.africa-press.net\/cotedivoire\/toutes-les-actualites\/des-conducteurs-indelicats-au-tribunal-de-la-commission-de-retrait-des-permis-de-conduire","url":"https:\/\/www.africa-press.net\/cotedivoire\/toutes-les-actualites\/des-conducteurs-indelicats-au-tribunal-de-la-commission-de-retrait-des-permis-de-conduire","name":"Des conducteurs ind\u00e9licats au \u00ab Tribunal \u00bb de la Commission de retrait des permis de conduire - C\u00f4te d&#039;Ivoire","isPartOf":{"@id":"https:\/\/www.africa-press.net\/cotedivoire\/#website"},"primaryImageOfPage":{"@id":"https:\/\/www.africa-press.net\/cotedivoire\/toutes-les-actualites\/des-conducteurs-indelicats-au-tribunal-de-la-commission-de-retrait-des-permis-de-conduire#primaryimage"},"image":{"@id":"https:\/\/www.africa-press.net\/cotedivoire\/toutes-les-actualites\/des-conducteurs-indelicats-au-tribunal-de-la-commission-de-retrait-des-permis-de-conduire#primaryimage"},"thumbnailUrl":"https:\/\/static.africa-press.net\/cote\/sites\/43\/2024\/10\/sm_1730388257.93806.jpg","datePublished":"2024-10-31T18:43:49+00:00","dateModified":"2024-10-31T18:54:38+00:00","author":{"@id":"https:\/\/www.africa-press.net\/cotedivoire\/#\/schema\/person\/2b1cf3cd81a31e3cd26889ca66d677f1"},"description":"Des conducteurs inde\u0301licats e\u0301taient ce jeudi 31 octobre 2024 au \u00ab tribunal \u00bb de la Commission de retrait des permis de ...","breadcrumb":{"@id":"https:\/\/www.africa-press.net\/cotedivoire\/toutes-les-actualites\/des-conducteurs-indelicats-au-tribunal-de-la-commission-de-retrait-des-permis-de-conduire#breadcrumb"},"inLanguage":"fr-FR","potentialAction":[{"@type":"ReadAction","target":["https:\/\/www.africa-press.net\/cotedivoire\/toutes-les-actualites\/des-conducteurs-indelicats-au-tribunal-de-la-commission-de-retrait-des-permis-de-conduire"]}]},{"@type":"ImageObject","inLanguage":"fr-FR","@id":"https:\/\/www.africa-press.net\/cotedivoire\/toutes-les-actualites\/des-conducteurs-indelicats-au-tribunal-de-la-commission-de-retrait-des-permis-de-conduire#primaryimage","url":"https:\/\/static.africa-press.net\/cote\/sites\/43\/2024\/10\/sm_1730388257.93806.jpg","contentUrl":"https:\/\/static.africa-press.net\/cote\/sites\/43\/2024\/10\/sm_1730388257.93806.jpg","width":720,"height":480,"caption":"Des conducteurs ind\u00e9licats au \u00ab Tribunal \u00bb de la Commission de retrait des permis de conduire"},{"@type":"BreadcrumbList","@id":"https:\/\/www.africa-press.net\/cotedivoire\/toutes-les-actualites\/des-conducteurs-indelicats-au-tribunal-de-la-commission-de-retrait-des-permis-de-conduire#breadcrumb","itemListElement":[{"@type":"ListItem","position":1,"name":"Accueil","item":"https:\/\/www.africa-press.net\/cotedivoire\/"},{"@type":"ListItem","position":2,"name":"Des conducteurs ind\u00e9licats au \u00ab Tribunal \u00bb de la Commission de retrait des permis de conduire"}]},{"@type":"WebSite","@id":"https:\/\/www.africa-press.net\/cotedivoire\/#website","url":"https:\/\/www.africa-press.net\/cotedivoire\/","name":"C\u00f4te d&#039;Ivoire","description":"Just another Africa News Agency Sites site","potentialAction":[{"@type":"SearchAction","target":{"@type":"EntryPoint","urlTemplate":"https:\/\/www.africa-press.net\/cotedivoire\/?s={search_term_string}"},"query-input":{"@type":"PropertyValueSpecification","valueRequired":true,"valueName":"search_term_string"}}],"inLanguage":"fr-FR"},{"@type":"Person","@id":"https:\/\/www.africa-press.net\/cotedivoire\/#\/schema\/person\/2b1cf3cd81a31e3cd26889ca66d677f1","name":"cfeditorfr"}]}},"_links":{"self":[{"href":"https:\/\/www.africa-press.net\/cotedivoire\/wp-json\/wp\/v2\/posts\/89968","targetHints":{"allow":["GET"]}}],"collection":[{"href":"https:\/\/www.africa-press.net\/cotedivoire\/wp-json\/wp\/v2\/posts"}],"about":[{"href":"https:\/\/www.africa-press.net\/cotedivoire\/wp-json\/wp\/v2\/types\/post"}],"author":[{"embeddable":true,"href":"https:\/\/www.africa-press.net\/cotedivoire\/wp-json\/wp\/v2\/users\/82"}],"replies":[{"embeddable":true,"href":"https:\/\/www.africa-press.net\/cotedivoire\/wp-json\/wp\/v2\/comments?post=89968"}],"version-history":[{"count":0,"href":"https:\/\/www.africa-press.net\/cotedivoire\/wp-json\/wp\/v2\/posts\/89968\/revisions"}],"wp:featuredmedia":[{"embeddable":true,"href":"https:\/\/www.africa-press.net\/cotedivoire\/wp-json\/wp\/v2\/media\/89967"}],"wp:attachment":[{"href":"https:\/\/www.africa-press.net\/cotedivoire\/wp-json\/wp\/v2\/media?parent=89968"}],"wp:term":[{"taxonomy":"category","embeddable":true,"href":"https:\/\/www.africa-press.net\/cotedivoire\/wp-json\/wp\/v2\/categories?post=89968"},{"taxonomy":"post_tag","embeddable":true,"href":"https:\/\/www.africa-press.net\/cotedivoire\/wp-json\/wp\/v2\/tags?post=89968"}],"curies":[{"name":"wp","href":"https:\/\/api.w.org\/{rel}","templated":true}]}}