{"id":89977,"date":"2024-10-31T18:44:55","date_gmt":"2024-10-31T18:44:55","guid":{"rendered":"https:\/\/www.africa-press.net\/cotedivoire\/politique\/tiemoko-kone-a-propos-des-institutions-de-la-republique-elles-assurent-la-continuite-et-sont-des-vecteurs-de-transformation-sociale-et-economique"},"modified":"2024-10-31T18:55:24","modified_gmt":"2024-10-31T18:55:24","slug":"tiemoko-kone-a-propos-des-institutions-de-la-republique-elles-assurent-la-continuite-et-sont-des-vecteurs-de-transformation-sociale-et-economique","status":"publish","type":"post","link":"https:\/\/www.africa-press.net\/cotedivoire\/politique\/tiemoko-kone-a-propos-des-institutions-de-la-republique-elles-assurent-la-continuite-et-sont-des-vecteurs-de-transformation-sociale-et-economique","title":{"rendered":"Ti\u00e9moko Kon\u00e9 \u00e0 propos des Institutions de la R\u00e9publique : \u00abElles assurent la continuit\u00e9 et sont des vecteurs de transformation sociale et \u00e9conomique\u00bb"},"content":{"rendered":"<p><span style=\"color: #ff6600\"><strong>Africa-Press &#8211; C\u00f4te d&rsquo;Ivoire. <\/strong><\/span>Le Vice-Pre\u0301sident de la Re\u0301publique, Kone\u0301 Tie\u0301moko, a souligne\u0301 l&rsquo;importance cruciale des institutions dans la construction d&rsquo;une Co\u0302te d&rsquo;Ivoire moderne, solidaire et inclusive, lors de la 3e e\u0301dition des journe\u0301es portes ouvertes des institutions de la Re\u0301publique, qui s&rsquo;est tenue le jeudi 31 octobre 2024. Cette e\u0301dition e\u0301tait place\u0301e sous le the\u0300me: \u00ab\u00a0Les institutions de la Re\u0301publique au cur du de\u0301veloppement socio-e\u0301conomique de la Co\u0302te d&rsquo;Ivoire\u00a0\u00bb.<\/p>\n<p>A\u0300 cette occasion, le Vice-Pre\u0301sident a fe\u0301licite\u0301 les organisateurs de l&rsquo;e\u0301ve\u0301nement, en particulier le haut repre\u0301sentant du Pre\u0301sident Alassane Ouattara, Kone\u0301 Kafana, pour avoir mis cette the\u0301matique essentielle au centre des de\u0301bats. \u00ab\u00a0Le pre\u0301sident de la Re\u0301publique a une ambition claire: ba\u0302tir une Co\u0302te d&rsquo;Ivoire solidaire ou\u0300 chaque Ivoirien trouve sa place et contribue au projet commun de vivre ensemble\u00a0\u00bb, a-t-il de\u0301clare\u0301.<\/p>\n<p>Tie\u0301moko Kone\u0301 a mis en lumie\u0300re le ro\u0302le fondamental des institutions, affirmant qu&rsquo;elles ne sont pas de simples entite\u0301s administratives, mais le socle me\u0302me de la Re\u0301publique. \u00ab\u00a0Les institutions assurent la continuite\u0301 et sont des vecteurs de transformation sociale et e\u0301conomique. Le respect mutuel et les ro\u0302les spe\u0301cifiques de chacune d&rsquo;elles ont permis de garantir les activite\u0301s de l&rsquo;E\u0301tat et de consolider la bonne gouvernance. Ces e\u0301le\u0301ments ont e\u0301galement contribue\u0301 a\u0300 renforcer l&rsquo;image de marque de la Co\u0302te d&rsquo;Ivoire\u00a0\u00bb, a-t-il souligne\u0301.<\/p>\n<p>Pour le Vice-Pre\u0301sident, la collaboration harmonieuse entre les institutions du pays est une condition sine qua non pour le progre\u0300s e\u0301conomique et social, garantissant ainsi le bon fonctionnement de l&rsquo;E\u0301tat et renforc\u0327ant la bonne gouvernance. Sous la pre\u0301sidence d&rsquo;Alassane Ouattara, des progre\u0300s significatifs ont e\u0301te\u0301 re\u0301alise\u0301s, notamment en matie\u0300re d&rsquo;acce\u0300s aux infrastructures sociales dans des secteurs cruciaux tels que la sante\u0301, l&rsquo;e\u0301ducation et l&rsquo;eau potable.<\/p>\n<p>\u00ab\u00a0Des programmes tels que la couverture me\u0301dicale universelle te\u0301moigne de notre engagement en faveur d&rsquo;un de\u0301veloppement inclusif\u00a0\u00bb, a ajoute\u0301 l&rsquo;homme de confiance du Pre\u0301sident Ouattara.<\/p>\n<p>L&rsquo;ancien Gouverneur de la BCEAO a e\u0301galement tenu a\u0300 rendre hommage aux animateurs des institutions, affirmant que leur travail, bien que souvent discret, est essentiel au bon fonctionnement de l&rsquo;E\u0301tat. Il les a invite\u0301s a\u0300 engager un dialogue ouvert avec les be\u0301ne\u0301ficiaires des services publics afin de maintenir la confiance mutuelle.<\/p>\n<p>Le nume\u0301ro deux constitutionnel a e\u0301galement souligne\u0301 l&rsquo;importance de l&rsquo;implication des communaute\u0301s, notamment la chefferie traditionnelle et la socie\u0301te\u0301 civile, dans la mise en uvre des programmes de de\u0301veloppement, saluant et encourageant leurs actions en faveur de leurs communaute\u0301s.<\/p>\n<p>\u00ab\u00a0Vos efforts sont un levier important pour le de\u0301veloppement socio-e\u0301conomique de notre pays\u00a0\u00bb, a-t-il conclu.<\/p>\n<p>Les journe\u0301es portes ouvertes des institutions de la Re\u0301publique visent a\u0300 permettre aux citoyens de de\u0301couvrir ces institutions, leurs missions, leurs armoiries et ceux qui les incarnent.<\/p>\n\r\n                <style type=\"text\/css\">\r\n                    \r\n                    #td_uid_1_69f2bdc1b37d8  .td-doubleSlider-2 .td-item1 {\r\n                        background: url(https:\/\/static.africa-press.net\/cote\/sites\/43\/2024\/10\/sm_1730388289.944386-80x60.jpg) 0 0 no-repeat;\r\n                    }\r\n                    #td_uid_1_69f2bdc1b37d8  .td-doubleSlider-2 .td-item2 {\r\n                        background: url(https:\/\/static.africa-press.net\/cote\/sites\/43\/2024\/10\/sm_1730388294.560093-80x60.jpg) 0 0 no-repeat;\r\n                    }\r\n                <\/style>\r\n\r\n                <div id=\"td_uid_1_69f2bdc1b37d8\" class=\"td-gallery td-slide-on-2-columns\">\r\n                    <div class=\"post_td_gallery\">\r\n                        <div class=\"td-gallery-slide-top\">\r\n                           <div class=\"td-gallery-title\"><\/div>\r\n\r\n                            <div class=\"td-gallery-controls-wrapper\">\r\n                                <div class=\"td-gallery-slide-count\"><span class=\"td-gallery-slide-item-focus\">1<\/span> de 2<\/div>\r\n                                <div class=\"td-gallery-slide-prev-next-but\">\r\n                                    <i class = \"td-icon-left doubleSliderPrevButton\"><\/i>\r\n                                    <i class = \"td-icon-right doubleSliderNextButton\"><\/i>\r\n                                <\/div>\r\n                            <\/div>\r\n                        <\/div>\r\n\r\n                        <div class = \"td-doubleSlider-1 \">\r\n                            <div class = \"td-slider\">\r\n                                \r\n                    <div class = \"td-slide-item td-item1\">\r\n                        <figure class=\"td-slide-galery-figure td-slide-popup-gallery\">\r\n                            <a class=\"slide-gallery-image-link\" href=\"https:\/\/static.africa-press.net\/cote\/sites\/43\/2024\/10\/sm_1730388289.944386.jpg\" title=\"sm_1730388289.944386\"  data-caption=\"\"  data-description=\"\">\r\n                                <img decoding=\"async\" src=\"https:\/\/static.africa-press.net\/cote\/sites\/43\/2024\/10\/sm_1730388289.944386.jpg\" srcset=\"https:\/\/static.africa-press.net\/cote\/sites\/43\/2024\/10\/sm_1730388289.944386.jpg 1000w, https:\/\/static.africa-press.net\/cote\/sites\/43\/2024\/10\/sm_1730388289.944386-300x200.jpg 300w, https:\/\/static.africa-press.net\/cote\/sites\/43\/2024\/10\/sm_1730388289.944386-768x512.jpg 768w\" sizes=\"(max-width: 1000px) 100vw, 1000px\" alt=\"\">\r\n                            <\/a>\r\n                            \r\n                        <\/figure>\r\n                    <\/div>\r\n                    <div class = \"td-slide-item td-item2\">\r\n                        <figure class=\"td-slide-galery-figure td-slide-popup-gallery\">\r\n                            <a class=\"slide-gallery-image-link\" href=\"https:\/\/static.africa-press.net\/cote\/sites\/43\/2024\/10\/sm_1730388294.560093.jpg\" title=\"sm_1730388294.560093\"  data-caption=\"\"  data-description=\"\">\r\n                                <img decoding=\"async\" src=\"https:\/\/static.africa-press.net\/cote\/sites\/43\/2024\/10\/sm_1730388294.560093.jpg\" srcset=\"https:\/\/static.africa-press.net\/cote\/sites\/43\/2024\/10\/sm_1730388294.560093.jpg 1000w, https:\/\/static.africa-press.net\/cote\/sites\/43\/2024\/10\/sm_1730388294.560093-300x200.jpg 300w, https:\/\/static.africa-press.net\/cote\/sites\/43\/2024\/10\/sm_1730388294.560093-768x512.jpg 768w\" sizes=\"(max-width: 1000px) 100vw, 1000px\" alt=\"\">\r\n                            <\/a>\r\n                            \r\n                        <\/figure>\r\n                    <\/div>\r\n                            <\/div>\r\n                        <\/div>\r\n\r\n                        <div class = \"td-doubleSlider-2\">\r\n                            <div class = \"td-slider\">\r\n                                \r\n                    <div class = \"td-button td-item1\">\r\n                        <div class = \"td-border\"><\/div>\r\n                    <\/div>\r\n                    <div class = \"td-button td-item2\">\r\n                        <div class = \"td-border\"><\/div>\r\n                    <\/div>\r\n                            <\/div>\r\n                        <\/div>\r\n\r\n                    <\/div>\r\n\r\n                <\/div>\r\n                \n<p><strong>Pour plus d&rsquo;informations et d&rsquo;analyses sur la C\u00f4te d&rsquo;Ivoire, suivez Africa-Press<\/strong><\/p>\n","protected":false},"excerpt":{"rendered":"<p>Africa-Press &#8211; C\u00f4te d&rsquo;Ivoire. Le Vice-Pre\u0301sident de la Re\u0301publique, Kone\u0301 Tie\u0301moko, a souligne\u0301 l&rsquo;importance cruciale des institutions dans la construction d&rsquo;une Co\u0302te d&rsquo;Ivoire moderne, solidaire et inclusive, lors de la 3e e\u0301dition des journe\u0301es portes ouvertes des institutions de la Re\u0301publique, qui s&rsquo;est tenue le jeudi 31 octobre 2024. Cette e\u0301dition e\u0301tait place\u0301e sous le [&hellip;]<\/p>\n","protected":false},"author":82,"featured_media":89976,"comment_status":"open","ping_status":"closed","sticky":false,"template":"","format":"standard","meta":{"footnotes":""},"categories":[8,2,20,10],"tags":[15433,15434,29,4147,9063,9427,3184,2358,2846,1259,15431],"class_list":["post-89977","post","type-post","status-publish","format-standard","has-post-thumbnail","hentry","category-photo","category-politique","category-top-nouvelles","category-toutes-les-actualites","tag-assurent","tag-continuite","tag-cote-divoire","tag-economique","tag-institutions","tag-kone-tiemoko-meyliet","tag-propos","tag-republique","tag-sociale","tag-transformation","tag-vecteurs"],"yoast_head":"<!-- This site is optimized with the Yoast SEO Premium plugin v26.1 (Yoast SEO v27.0) - https:\/\/yoast.com\/product\/yoast-seo-premium-wordpress\/ -->\n<title>Ti\u00e9moko Kon\u00e9 \u00e0 propos des Institutions de la R\u00e9publique : \u00abElles assurent la continuit\u00e9 et sont des vecteurs de transformation sociale et \u00e9conomique\u00bb - C\u00f4te d&#039;Ivoire<\/title>\n<meta name=\"description\" content=\"Le Vice-Pre\u0301sident de la Re\u0301publique, Kone\u0301 Tie\u0301moko, a souligne\u0301 l&#039;importance cruciale des institutions dans la constru ...\" \/>\n<meta name=\"robots\" content=\"index, follow, max-snippet:-1, max-image-preview:large, max-video-preview:-1\" \/>\n<link rel=\"canonical\" href=\"https:\/\/www.africa-press.net\/cotedivoire\/politique\/tiemoko-kone-a-propos-des-institutions-de-la-republique-elles-assurent-la-continuite-et-sont-des-vecteurs-de-transformation-sociale-et-economique\" \/>\n<meta property=\"og:locale\" content=\"fr_FR\" \/>\n<meta property=\"og:type\" content=\"article\" \/>\n<meta property=\"og:title\" content=\"Ti\u00e9moko Kon\u00e9 \u00e0 propos des Institutions de la R\u00e9publique : \u00abElles assurent la continuit\u00e9 et sont des vecteurs de transformation sociale et \u00e9conomique\u00bb\" \/>\n<meta property=\"og:description\" content=\"Le Vice-Pre\u0301sident de la Re\u0301publique, Kone\u0301 Tie\u0301moko, a souligne\u0301 l&#039;importance cruciale des institutions dans la constru ...\" \/>\n<meta property=\"og:url\" content=\"https:\/\/www.africa-press.net\/cotedivoire\/politique\/tiemoko-kone-a-propos-des-institutions-de-la-republique-elles-assurent-la-continuite-et-sont-des-vecteurs-de-transformation-sociale-et-economique\" \/>\n<meta property=\"og:site_name\" content=\"C\u00f4te d&#039;Ivoire\" \/>\n<meta property=\"article:published_time\" content=\"2024-10-31T18:44:55+00:00\" \/>\n<meta property=\"article:modified_time\" content=\"2024-10-31T18:55:24+00:00\" \/>\n<meta property=\"og:image\" content=\"https:\/\/static.africa-press.net\/cote\/sites\/43\/2024\/10\/sm_1730388298.245225.jpg\" \/>\n\t<meta property=\"og:image:width\" content=\"720\" \/>\n\t<meta property=\"og:image:height\" content=\"480\" \/>\n\t<meta property=\"og:image:type\" content=\"image\/jpeg\" \/>\n<meta name=\"author\" content=\"cfeditorfr\" \/>\n<meta name=\"twitter:card\" content=\"summary_large_image\" \/>\n<meta name=\"twitter:label1\" content=\"\u00c9crit par\" \/>\n\t<meta name=\"twitter:data1\" content=\"cfeditorfr\" \/>\n\t<meta name=\"twitter:label2\" content=\"Dur\u00e9e de lecture estim\u00e9e\" \/>\n\t<meta name=\"twitter:data2\" content=\"3 minutes\" \/>\n<script type=\"application\/ld+json\" class=\"yoast-schema-graph\">{\"@context\":\"https:\/\/schema.org\",\"@graph\":[{\"@type\":\"Article\",\"@id\":\"https:\/\/www.africa-press.net\/cotedivoire\/politique\/tiemoko-kone-a-propos-des-institutions-de-la-republique-elles-assurent-la-continuite-et-sont-des-vecteurs-de-transformation-sociale-et-economique#article\",\"isPartOf\":{\"@id\":\"https:\/\/www.africa-press.net\/cotedivoire\/politique\/tiemoko-kone-a-propos-des-institutions-de-la-republique-elles-assurent-la-continuite-et-sont-des-vecteurs-de-transformation-sociale-et-economique\"},\"author\":{\"name\":\"cfeditorfr\",\"@id\":\"https:\/\/www.africa-press.net\/cotedivoire\/#\/schema\/person\/2b1cf3cd81a31e3cd26889ca66d677f1\"},\"headline\":\"Ti\u00e9moko Kon\u00e9 \u00e0 propos des Institutions de la R\u00e9publique : \u00abElles assurent la continuit\u00e9 et sont des vecteurs de transformation sociale et \u00e9conomique\u00bb\",\"datePublished\":\"2024-10-31T18:44:55+00:00\",\"dateModified\":\"2024-10-31T18:55:24+00:00\",\"mainEntityOfPage\":{\"@id\":\"https:\/\/www.africa-press.net\/cotedivoire\/politique\/tiemoko-kone-a-propos-des-institutions-de-la-republique-elles-assurent-la-continuite-et-sont-des-vecteurs-de-transformation-sociale-et-economique\"},\"wordCount\":582,\"commentCount\":0,\"image\":{\"@id\":\"https:\/\/www.africa-press.net\/cotedivoire\/politique\/tiemoko-kone-a-propos-des-institutions-de-la-republique-elles-assurent-la-continuite-et-sont-des-vecteurs-de-transformation-sociale-et-economique#primaryimage\"},\"thumbnailUrl\":\"https:\/\/static.africa-press.net\/cote\/sites\/43\/2024\/10\/sm_1730388298.245225.jpg\",\"keywords\":[\"assurent\",\"continuit\u00e9\",\"C\u00d4TE D'IVOIRE\",\"Economique\",\"institutions\",\"Kon\u00e9 Tiemoko Meyliet\",\"propos\",\"R\u00e9publique\",\"sociale\",\"transformation\",\"vecteurs\"],\"articleSection\":[\"Photo\",\"Politique\",\"Top Nouvelles\",\"Toutes les actualit\u00e9s\"],\"inLanguage\":\"fr-FR\",\"potentialAction\":[{\"@type\":\"CommentAction\",\"name\":\"Comment\",\"target\":[\"https:\/\/www.africa-press.net\/cotedivoire\/politique\/tiemoko-kone-a-propos-des-institutions-de-la-republique-elles-assurent-la-continuite-et-sont-des-vecteurs-de-transformation-sociale-et-economique#respond\"]}]},{\"@type\":\"WebPage\",\"@id\":\"https:\/\/www.africa-press.net\/cotedivoire\/politique\/tiemoko-kone-a-propos-des-institutions-de-la-republique-elles-assurent-la-continuite-et-sont-des-vecteurs-de-transformation-sociale-et-economique\",\"url\":\"https:\/\/www.africa-press.net\/cotedivoire\/politique\/tiemoko-kone-a-propos-des-institutions-de-la-republique-elles-assurent-la-continuite-et-sont-des-vecteurs-de-transformation-sociale-et-economique\",\"name\":\"Ti\u00e9moko Kon\u00e9 \u00e0 propos des Institutions de la R\u00e9publique : \u00abElles assurent la continuit\u00e9 et sont des vecteurs de transformation sociale et \u00e9conomique\u00bb - C\u00f4te d&#039;Ivoire\",\"isPartOf\":{\"@id\":\"https:\/\/www.africa-press.net\/cotedivoire\/#website\"},\"primaryImageOfPage\":{\"@id\":\"https:\/\/www.africa-press.net\/cotedivoire\/politique\/tiemoko-kone-a-propos-des-institutions-de-la-republique-elles-assurent-la-continuite-et-sont-des-vecteurs-de-transformation-sociale-et-economique#primaryimage\"},\"image\":{\"@id\":\"https:\/\/www.africa-press.net\/cotedivoire\/politique\/tiemoko-kone-a-propos-des-institutions-de-la-republique-elles-assurent-la-continuite-et-sont-des-vecteurs-de-transformation-sociale-et-economique#primaryimage\"},\"thumbnailUrl\":\"https:\/\/static.africa-press.net\/cote\/sites\/43\/2024\/10\/sm_1730388298.245225.jpg\",\"datePublished\":\"2024-10-31T18:44:55+00:00\",\"dateModified\":\"2024-10-31T18:55:24+00:00\",\"author\":{\"@id\":\"https:\/\/www.africa-press.net\/cotedivoire\/#\/schema\/person\/2b1cf3cd81a31e3cd26889ca66d677f1\"},\"description\":\"Le Vice-Pre\u0301sident de la Re\u0301publique, Kone\u0301 Tie\u0301moko, a souligne\u0301 l'importance cruciale des institutions dans la constru ...\",\"breadcrumb\":{\"@id\":\"https:\/\/www.africa-press.net\/cotedivoire\/politique\/tiemoko-kone-a-propos-des-institutions-de-la-republique-elles-assurent-la-continuite-et-sont-des-vecteurs-de-transformation-sociale-et-economique#breadcrumb\"},\"inLanguage\":\"fr-FR\",\"potentialAction\":[{\"@type\":\"ReadAction\",\"target\":[\"https:\/\/www.africa-press.net\/cotedivoire\/politique\/tiemoko-kone-a-propos-des-institutions-de-la-republique-elles-assurent-la-continuite-et-sont-des-vecteurs-de-transformation-sociale-et-economique\"]}]},{\"@type\":\"ImageObject\",\"inLanguage\":\"fr-FR\",\"@id\":\"https:\/\/www.africa-press.net\/cotedivoire\/politique\/tiemoko-kone-a-propos-des-institutions-de-la-republique-elles-assurent-la-continuite-et-sont-des-vecteurs-de-transformation-sociale-et-economique#primaryimage\",\"url\":\"https:\/\/static.africa-press.net\/cote\/sites\/43\/2024\/10\/sm_1730388298.245225.jpg\",\"contentUrl\":\"https:\/\/static.africa-press.net\/cote\/sites\/43\/2024\/10\/sm_1730388298.245225.jpg\",\"width\":720,\"height\":480,\"caption\":\"Ti\u00e9moko Kon\u00e9 \u00e0 propos des Institutions de la R\u00e9publique : \u00abElles assurent la continuit\u00e9 et sont des vecteurs de transformation sociale et \u00e9conomique\u00bb\"},{\"@type\":\"BreadcrumbList\",\"@id\":\"https:\/\/www.africa-press.net\/cotedivoire\/politique\/tiemoko-kone-a-propos-des-institutions-de-la-republique-elles-assurent-la-continuite-et-sont-des-vecteurs-de-transformation-sociale-et-economique#breadcrumb\",\"itemListElement\":[{\"@type\":\"ListItem\",\"position\":1,\"name\":\"Accueil\",\"item\":\"https:\/\/www.africa-press.net\/cotedivoire\/\"},{\"@type\":\"ListItem\",\"position\":2,\"name\":\"Ti\u00e9moko Kon\u00e9 \u00e0 propos des Institutions de la R\u00e9publique : \u00abElles assurent la continuit\u00e9 et sont des vecteurs de transformation sociale et \u00e9conomique\u00bb\"}]},{\"@type\":\"WebSite\",\"@id\":\"https:\/\/www.africa-press.net\/cotedivoire\/#website\",\"url\":\"https:\/\/www.africa-press.net\/cotedivoire\/\",\"name\":\"C\u00f4te d&#039;Ivoire\",\"description\":\"Just another Africa News Agency Sites site\",\"potentialAction\":[{\"@type\":\"SearchAction\",\"target\":{\"@type\":\"EntryPoint\",\"urlTemplate\":\"https:\/\/www.africa-press.net\/cotedivoire\/?s={search_term_string}\"},\"query-input\":{\"@type\":\"PropertyValueSpecification\",\"valueRequired\":true,\"valueName\":\"search_term_string\"}}],\"inLanguage\":\"fr-FR\"},{\"@type\":\"Person\",\"@id\":\"https:\/\/www.africa-press.net\/cotedivoire\/#\/schema\/person\/2b1cf3cd81a31e3cd26889ca66d677f1\",\"name\":\"cfeditorfr\"}]}<\/script>\n<!-- \/ Yoast SEO Premium plugin. -->","yoast_head_json":{"title":"Ti\u00e9moko Kon\u00e9 \u00e0 propos des Institutions de la R\u00e9publique : \u00abElles assurent la continuit\u00e9 et sont des vecteurs de transformation sociale et \u00e9conomique\u00bb - C\u00f4te d&#039;Ivoire","description":"Le Vice-Pre\u0301sident de la Re\u0301publique, Kone\u0301 Tie\u0301moko, a souligne\u0301 l'importance cruciale des institutions dans la constru ...","robots":{"index":"index","follow":"follow","max-snippet":"max-snippet:-1","max-image-preview":"max-image-preview:large","max-video-preview":"max-video-preview:-1"},"canonical":"https:\/\/www.africa-press.net\/cotedivoire\/politique\/tiemoko-kone-a-propos-des-institutions-de-la-republique-elles-assurent-la-continuite-et-sont-des-vecteurs-de-transformation-sociale-et-economique","og_locale":"fr_FR","og_type":"article","og_title":"Ti\u00e9moko Kon\u00e9 \u00e0 propos des Institutions de la R\u00e9publique : \u00abElles assurent la continuit\u00e9 et sont des vecteurs de transformation sociale et \u00e9conomique\u00bb","og_description":"Le Vice-Pre\u0301sident de la Re\u0301publique, Kone\u0301 Tie\u0301moko, a souligne\u0301 l'importance cruciale des institutions dans la constru ...","og_url":"https:\/\/www.africa-press.net\/cotedivoire\/politique\/tiemoko-kone-a-propos-des-institutions-de-la-republique-elles-assurent-la-continuite-et-sont-des-vecteurs-de-transformation-sociale-et-economique","og_site_name":"C\u00f4te d&#039;Ivoire","article_published_time":"2024-10-31T18:44:55+00:00","article_modified_time":"2024-10-31T18:55:24+00:00","og_image":[{"width":720,"height":480,"url":"https:\/\/static.africa-press.net\/cote\/sites\/43\/2024\/10\/sm_1730388298.245225.jpg","type":"image\/jpeg"}],"author":"cfeditorfr","twitter_card":"summary_large_image","twitter_misc":{"\u00c9crit par":"cfeditorfr","Dur\u00e9e de lecture estim\u00e9e":"3 minutes"},"schema":{"@context":"https:\/\/schema.org","@graph":[{"@type":"Article","@id":"https:\/\/www.africa-press.net\/cotedivoire\/politique\/tiemoko-kone-a-propos-des-institutions-de-la-republique-elles-assurent-la-continuite-et-sont-des-vecteurs-de-transformation-sociale-et-economique#article","isPartOf":{"@id":"https:\/\/www.africa-press.net\/cotedivoire\/politique\/tiemoko-kone-a-propos-des-institutions-de-la-republique-elles-assurent-la-continuite-et-sont-des-vecteurs-de-transformation-sociale-et-economique"},"author":{"name":"cfeditorfr","@id":"https:\/\/www.africa-press.net\/cotedivoire\/#\/schema\/person\/2b1cf3cd81a31e3cd26889ca66d677f1"},"headline":"Ti\u00e9moko Kon\u00e9 \u00e0 propos des Institutions de la R\u00e9publique : \u00abElles assurent la continuit\u00e9 et sont des vecteurs de transformation sociale et \u00e9conomique\u00bb","datePublished":"2024-10-31T18:44:55+00:00","dateModified":"2024-10-31T18:55:24+00:00","mainEntityOfPage":{"@id":"https:\/\/www.africa-press.net\/cotedivoire\/politique\/tiemoko-kone-a-propos-des-institutions-de-la-republique-elles-assurent-la-continuite-et-sont-des-vecteurs-de-transformation-sociale-et-economique"},"wordCount":582,"commentCount":0,"image":{"@id":"https:\/\/www.africa-press.net\/cotedivoire\/politique\/tiemoko-kone-a-propos-des-institutions-de-la-republique-elles-assurent-la-continuite-et-sont-des-vecteurs-de-transformation-sociale-et-economique#primaryimage"},"thumbnailUrl":"https:\/\/static.africa-press.net\/cote\/sites\/43\/2024\/10\/sm_1730388298.245225.jpg","keywords":["assurent","continuit\u00e9","C\u00d4TE D'IVOIRE","Economique","institutions","Kon\u00e9 Tiemoko Meyliet","propos","R\u00e9publique","sociale","transformation","vecteurs"],"articleSection":["Photo","Politique","Top Nouvelles","Toutes les actualit\u00e9s"],"inLanguage":"fr-FR","potentialAction":[{"@type":"CommentAction","name":"Comment","target":["https:\/\/www.africa-press.net\/cotedivoire\/politique\/tiemoko-kone-a-propos-des-institutions-de-la-republique-elles-assurent-la-continuite-et-sont-des-vecteurs-de-transformation-sociale-et-economique#respond"]}]},{"@type":"WebPage","@id":"https:\/\/www.africa-press.net\/cotedivoire\/politique\/tiemoko-kone-a-propos-des-institutions-de-la-republique-elles-assurent-la-continuite-et-sont-des-vecteurs-de-transformation-sociale-et-economique","url":"https:\/\/www.africa-press.net\/cotedivoire\/politique\/tiemoko-kone-a-propos-des-institutions-de-la-republique-elles-assurent-la-continuite-et-sont-des-vecteurs-de-transformation-sociale-et-economique","name":"Ti\u00e9moko Kon\u00e9 \u00e0 propos des Institutions de la R\u00e9publique : \u00abElles assurent la continuit\u00e9 et sont des vecteurs de transformation sociale et \u00e9conomique\u00bb - C\u00f4te d&#039;Ivoire","isPartOf":{"@id":"https:\/\/www.africa-press.net\/cotedivoire\/#website"},"primaryImageOfPage":{"@id":"https:\/\/www.africa-press.net\/cotedivoire\/politique\/tiemoko-kone-a-propos-des-institutions-de-la-republique-elles-assurent-la-continuite-et-sont-des-vecteurs-de-transformation-sociale-et-economique#primaryimage"},"image":{"@id":"https:\/\/www.africa-press.net\/cotedivoire\/politique\/tiemoko-kone-a-propos-des-institutions-de-la-republique-elles-assurent-la-continuite-et-sont-des-vecteurs-de-transformation-sociale-et-economique#primaryimage"},"thumbnailUrl":"https:\/\/static.africa-press.net\/cote\/sites\/43\/2024\/10\/sm_1730388298.245225.jpg","datePublished":"2024-10-31T18:44:55+00:00","dateModified":"2024-10-31T18:55:24+00:00","author":{"@id":"https:\/\/www.africa-press.net\/cotedivoire\/#\/schema\/person\/2b1cf3cd81a31e3cd26889ca66d677f1"},"description":"Le Vice-Pre\u0301sident de la Re\u0301publique, Kone\u0301 Tie\u0301moko, a souligne\u0301 l'importance cruciale des institutions dans la constru ...","breadcrumb":{"@id":"https:\/\/www.africa-press.net\/cotedivoire\/politique\/tiemoko-kone-a-propos-des-institutions-de-la-republique-elles-assurent-la-continuite-et-sont-des-vecteurs-de-transformation-sociale-et-economique#breadcrumb"},"inLanguage":"fr-FR","potentialAction":[{"@type":"ReadAction","target":["https:\/\/www.africa-press.net\/cotedivoire\/politique\/tiemoko-kone-a-propos-des-institutions-de-la-republique-elles-assurent-la-continuite-et-sont-des-vecteurs-de-transformation-sociale-et-economique"]}]},{"@type":"ImageObject","inLanguage":"fr-FR","@id":"https:\/\/www.africa-press.net\/cotedivoire\/politique\/tiemoko-kone-a-propos-des-institutions-de-la-republique-elles-assurent-la-continuite-et-sont-des-vecteurs-de-transformation-sociale-et-economique#primaryimage","url":"https:\/\/static.africa-press.net\/cote\/sites\/43\/2024\/10\/sm_1730388298.245225.jpg","contentUrl":"https:\/\/static.africa-press.net\/cote\/sites\/43\/2024\/10\/sm_1730388298.245225.jpg","width":720,"height":480,"caption":"Ti\u00e9moko Kon\u00e9 \u00e0 propos des Institutions de la R\u00e9publique : \u00abElles assurent la continuit\u00e9 et sont des vecteurs de transformation sociale et \u00e9conomique\u00bb"},{"@type":"BreadcrumbList","@id":"https:\/\/www.africa-press.net\/cotedivoire\/politique\/tiemoko-kone-a-propos-des-institutions-de-la-republique-elles-assurent-la-continuite-et-sont-des-vecteurs-de-transformation-sociale-et-economique#breadcrumb","itemListElement":[{"@type":"ListItem","position":1,"name":"Accueil","item":"https:\/\/www.africa-press.net\/cotedivoire\/"},{"@type":"ListItem","position":2,"name":"Ti\u00e9moko Kon\u00e9 \u00e0 propos des Institutions de la R\u00e9publique : \u00abElles assurent la continuit\u00e9 et sont des vecteurs de transformation sociale et \u00e9conomique\u00bb"}]},{"@type":"WebSite","@id":"https:\/\/www.africa-press.net\/cotedivoire\/#website","url":"https:\/\/www.africa-press.net\/cotedivoire\/","name":"C\u00f4te d&#039;Ivoire","description":"Just another Africa News Agency Sites site","potentialAction":[{"@type":"SearchAction","target":{"@type":"EntryPoint","urlTemplate":"https:\/\/www.africa-press.net\/cotedivoire\/?s={search_term_string}"},"query-input":{"@type":"PropertyValueSpecification","valueRequired":true,"valueName":"search_term_string"}}],"inLanguage":"fr-FR"},{"@type":"Person","@id":"https:\/\/www.africa-press.net\/cotedivoire\/#\/schema\/person\/2b1cf3cd81a31e3cd26889ca66d677f1","name":"cfeditorfr"}]}},"_links":{"self":[{"href":"https:\/\/www.africa-press.net\/cotedivoire\/wp-json\/wp\/v2\/posts\/89977","targetHints":{"allow":["GET"]}}],"collection":[{"href":"https:\/\/www.africa-press.net\/cotedivoire\/wp-json\/wp\/v2\/posts"}],"about":[{"href":"https:\/\/www.africa-press.net\/cotedivoire\/wp-json\/wp\/v2\/types\/post"}],"author":[{"embeddable":true,"href":"https:\/\/www.africa-press.net\/cotedivoire\/wp-json\/wp\/v2\/users\/82"}],"replies":[{"embeddable":true,"href":"https:\/\/www.africa-press.net\/cotedivoire\/wp-json\/wp\/v2\/comments?post=89977"}],"version-history":[{"count":0,"href":"https:\/\/www.africa-press.net\/cotedivoire\/wp-json\/wp\/v2\/posts\/89977\/revisions"}],"wp:featuredmedia":[{"embeddable":true,"href":"https:\/\/www.africa-press.net\/cotedivoire\/wp-json\/wp\/v2\/media\/89976"}],"wp:attachment":[{"href":"https:\/\/www.africa-press.net\/cotedivoire\/wp-json\/wp\/v2\/media?parent=89977"}],"wp:term":[{"taxonomy":"category","embeddable":true,"href":"https:\/\/www.africa-press.net\/cotedivoire\/wp-json\/wp\/v2\/categories?post=89977"},{"taxonomy":"post_tag","embeddable":true,"href":"https:\/\/www.africa-press.net\/cotedivoire\/wp-json\/wp\/v2\/tags?post=89977"}],"curies":[{"name":"wp","href":"https:\/\/api.w.org\/{rel}","templated":true}]}}