{"id":9000,"date":"2021-06-15T12:49:40","date_gmt":"2021-06-15T12:49:40","guid":{"rendered":"https:\/\/www.africa-press.net\/cotedivoire\/?p=9000"},"modified":"2021-06-15T13:56:34","modified_gmt":"2021-06-15T13:56:34","slug":"cote-divoire-ces-petits-metiers-a-lagonie-a-cause-du-rationnement-de-lelectricite-reportage","status":"publish","type":"post","link":"https:\/\/www.africa-press.net\/cotedivoire\/economie\/cote-divoire-ces-petits-metiers-a-lagonie-a-cause-du-rationnement-de-lelectricite-reportage","title":{"rendered":"ces petits m\u00e9tiers \u00e0 l\u2019agonie \u00e0 cause du rationnement de l\u2019\u00e9lectricit\u00e9 &#8211; reportage"},"content":{"rendered":"<p><span style=\"color: #ff6600\"><strong><a href=\"https:\/\/www.africa-press.net\/\">Africa-Press<\/a> &#8211; <a href=\"https:\/\/www.africa-press.net\/cotedivoire\">C\u00f4te d&rsquo;Ivoire<\/a>. <\/strong><\/span>Depuis le d\u00e9but du rationnement de l\u2019\u00e9lectricit\u00e9, officiellement annonc\u00e9 le 10 mai 2021 en C\u00f4te d\u2019Ivoire par la Compagnie ivoirienne d\u2019\u00e9lectricit\u00e9 (CIE), beaucoup d\u2019activit\u00e9s tournent au ralenti, mettant \u00e0 mal le pouvoir d\u2019achat de nombreux m\u00e9nages.<\/p>\n<p>Assis devant son atelier de couture \u00e0 Port-Bou\u00ebt centre, Jean No\u00ebl S\u00e9ka est d\u00e9sesp\u00e9r\u00e9. Il est dans l\u2019impossibilit\u00e9 d\u2019honorer ses rendez-vous avec ses nombreux clients \u00e0 la veille de la f\u00eate des m\u00e8res \u00e0 cause des coupures r\u00e9p\u00e9t\u00e9es d\u2019\u00e9lectricit\u00e9 qui l\u2019emp\u00eachent de travailler normalement avec ses machines \u00e9lectriques.<\/p>\n<p>\u00abDemain, c\u2019est la f\u00eate des m\u00e8res. Durant toute la semaine, nous avons connu des coupures de courant sur toute la ligne. Ce samedi, je me suis r\u00e9veill\u00e9 tr\u00e8s t\u00f4t pour pouvoir travailler afin d\u2019honorer les promesses faites \u00e0 ma client\u00e8le. Mais je me vois dans l\u2019impossibilit\u00e9 de faire mon travail \u00e0 cause de l\u2019interruption de l\u2019\u00e9lectricit\u00e9\u00bb, d\u00e9plore M. S\u00e9ka. Dans son atelier, plusieurs pagnes sont entass\u00e9s dans les diff\u00e9rents placards.<\/p>\n<p><b>\u00abJe ne sais pas comment m\u2019y prendre et pourtant, mes clientes ont d\u00e9j\u00e0 pay\u00e9 le prix de la couture. Depuis que le probl\u00e8me est arriv\u00e9, je ne peux plus travailler. Je suis sans ressources financi\u00e8res non seulement pour mon fonctionnement et les charges de ma famille. Je vais perdre au moins 50.000 francs CFA pour rien\u00bb, se plaint cet op\u00e9rateur \u00e9conomique qui emploie cinq personnes.<\/b><\/p>\n<p>Tout comme ce couturier, le jeune Yao Kouam\u00e9, propri\u00e9taire d\u2019un salon de coiffure, a stopp\u00e9 ses activit\u00e9s avec ses tondeuses \u00e9lectriques.<\/p>\n<p><b>Recours aux m\u00e9thodes traditionnelles<\/b><\/p>\n<p>Il emploie d\u00e9sormais une m\u00e9thode plus traditionnelle: une lame, un peigne et des ciseaux pour coiffer ses clients qui le veulent bien. \u00abC\u2019est la gal\u00e8re pour l\u2019heure\u00bb, confie-t-il. Une situation qui lui porte pr\u00e9judice car plusieurs personnes n\u2019appr\u00e9cient plus l\u2019utilisation des objets tranchants pour le rasage de leurs cheveux. Dans ce p\u00e9rim\u00e8tre sont align\u00e9s au moins cinq ateliers de coiffures. Les jeunes gens qui y travaillent se demandent quand les coupures d\u2019\u00e9lectricit\u00e9 qui perturbent leur quotidien prendront fin.<\/p>\n<p><b>\u00abLorsque le courant fait d\u00e9faut, nous travaillons manuellement et nous avons peu de clients dans les salons de coiffure. C\u2019est un grand manque \u00e0 gagner. On a du mal \u00e0 payer le loyer du local\u2026 nous sommes locataires ici\u00bb, d\u00e9peint Yaya Ouattara.<\/b><\/p>\n<p>Traor\u00e9 Adama, ferronnier, est install\u00e9 \u00e0 quelques m\u00e8tres de l\u00e0, dans le quartier de Petit Bassam. Il vit essentiellement de la fabrique de portes et fen\u00eatres m\u00e9talliques. Entour\u00e9 de ses cinq apprentis, ils discutent. La cinquantaine r\u00e9volue, ce p\u00e8re de famille s\u2019est r\u00e9sign\u00e9 et s\u2019en est remis \u00e0 la volont\u00e9 de Dieu. \u00abIl n\u2019y a pas d\u2019\u00e9lectricit\u00e9 souvent les matins et les soirs. Que puis-je faire si ce n\u2019est de ranger mes outils \u00e0 l\u2019atelier et causer avec les apprentis?\u00bb, s\u2019interroge le cinquantenaire.<\/p>\n<p>L\u2019homme explique qu\u2019il n\u2019a pas les moyens de se procurer un groupe \u00e9lectrog\u00e8ne, encore moins l\u2019\u00e9nergie solaire. \u00abQuand l\u2019intensit\u00e9 du courant ne r\u00e9pond pas, c\u2019est difficile de respecter les d\u00e9lais. Par exemple, un travail qui prend g\u00e9n\u00e9ralement dix jours, nous le livrons en quinze jours. Nous prenons une marge par rapport \u00e0 la fourniture de l\u2019\u00e9lectricit\u00e9\u00bb, explique-t-il.<\/p>\n<p>\u00c0 moins de deux kilom\u00e8tres de cet endroit, dans le quartier de Vridi, toujours dans la commune portuaire, Mme Eug\u00e9nie Diomand\u00e9 tient une chambre froide qui tourne presque au ralenti. Cette femme, qui commercialise de la volaille et du poisson congel\u00e9s, r\u00e9v\u00e8le que du jeudi 28 au samedi 30 mai 2021, soit trois jours cons\u00e9cutifs, l\u2019\u00e9lectricit\u00e9 a \u00e9t\u00e9 interrompue dans ce quartier de Port-Bou\u00ebt. Deux jours apr\u00e8s cet incident, une situation pareille s\u2019est produite mettant \u00e0 mal ses activit\u00e9s.<\/p>\n<p><b>\u00abBeaucoup de mes aliments se sont d\u00e9compos\u00e9s. J\u2019ai perdu beaucoup d\u2019argent dans cette situation, car j\u2019\u00e9tais oblig\u00e9 de faire fumer certains des produits pour pouvoir les consommer moi-m\u00eame. Depuis ces interruptions, j\u2019ai d\u00e9cid\u00e9 de freiner mes activit\u00e9s en attendant la fin de la p\u00e9riode de rationnement\u00bb, explique-t-elle.<\/b><\/p>\n<p>En face de son entrep\u00f4t sont assises tristement ses cinq employ\u00e9es. D\u00e9sormais, elles sont confront\u00e9es \u00e0 un probl\u00e8me d\u2019emploi. \u00abSi cela continue, qui va acheter de la viande ou du poisson qui sortent d\u2019un frigo dont le fonctionnement n\u2019est pas garanti? J\u2019ai lib\u00e9r\u00e9 tout le personnel en attendant le retour \u00e0 la normale de l\u2019\u00e9lectricit\u00e9\u00bb, poursuit la g\u00e9rante.<\/p>\n<p>Le probl\u00e8me semble plus s\u00e9rieux dans les cybers qui doivent faire face non seulement aux coupures d\u2019\u00e9lectricit\u00e9, mais aussi aux caprices des connexions Internet.<\/p>\n<p><b>\u00abDepuis le d\u00e9but des probl\u00e8mes d\u2019\u00e9lectricit\u00e9, j\u2019ai d\u00e9cid\u00e9 de fermer mes deux cybers \u00e0 Vridi. Lorsque j\u2019ouvre mon local, s\u2019il n\u2019y a pas de coupure d\u2019\u00e9lectricit\u00e9, c\u2019est plut\u00f4t des probl\u00e8mes de connexion. Et pourtant, ce sont les vacances. C\u2019est en cette p\u00e9riode que nous r\u00e9alisons le plus de recettes\u00bb, se lamente Herv\u00e9 Adou, un op\u00e9rateur \u00e9conomique.<\/b><\/p>\n<p>Assis dans une buvette en compagnie Kon\u00e9 Hugues, qui exerce le m\u00e9tier de la ma\u00e7onnerie, les deux hommes dig\u00e8rent mal la situation.<\/p>\n<p><b>Ma\u00e7ons et travailleurs du b\u00e2timent au ch\u00f4mage<\/b><\/p>\n<p>M. Kon\u00e9 qui travaille \u00e0 Ayaou, pr\u00e8s de Bonoua, sur un chantier de construction est au ch\u00f4mage \u00e0 cause de l\u2019arr\u00eat du projet. La charpente qui devrait \u00eatre mont\u00e9e depuis le d\u00e9but du mois de mai 2021 n\u2019a pas \u00e9t\u00e9 effective \u00e0 cause de la hausse des co\u00fbts. En plus de lui, dix autres personnes qui travaillent sur le m\u00eame site sont oblig\u00e9es de suspendre les travaux et rester \u00e0 la maison. \u00abAvec la hausse du prix de ciment, nos projets sont au ralenti pour ne pas dire \u00e0 l\u2019arr\u00eat. C\u2019est la d\u00e9solation g\u00e9n\u00e9rale. En plus, les charges fixes n\u2019ont pas vari\u00e9\u00bb, d\u00e9plore le chef de chantier de ce projet immobilier, N\u2019Guessan G\u00e9rard.<\/p>\n<p>Il affirme avoir mis plusieurs de ses travailleurs au repos, en attendant la fin de cette situation et le retour des prix du ciment \u00e0 la normale. Comme lui, Z\u00e9z\u00e9 Martin, un ancien fonctionnaire qui r\u00e9alise actuellement sa maison de retraite dans la m\u00eame zone, est d\u00e9sempar\u00e9. Son projet, qui avait bien d\u00e9marr\u00e9, est \u00e0 l\u2019arr\u00eat et les personnes qui y gagnaient leur vie sont dans l\u2019obligation d\u2019observer une p\u00e9riode de ch\u00f4mage.<\/p>\n<p><b>\u00abJ\u2019ai pris un pr\u00eat pour achever la r\u00e9alisation de ce projet. Avec la hausse du ciment, les ma\u00e7ons sont venus me dire qu\u2019il y a des surco\u00fbts auxquels je dois faire face. J\u2019ai donc d\u00e9cid\u00e9 qu\u2019on arr\u00eatait tout pour le moment\u00bb, d\u00e9plore M. Z\u00e9z\u00e9.<\/b><\/p>\n<p>Le rel\u00e8vement du prix du ciment impacte fortement les particuliers et les entreprises engag\u00e9es dans des projets de construction car cette situation vient cr\u00e9er un d\u00e9passement de leurs devis pr\u00e9visionnels et des d\u00e9lais de livraison. Selon une source au sein d\u2019une cimenterie situ\u00e9e \u00e0 la zone industrielle de Yopougon, cette situation cr\u00e9e la surench\u00e8re du produit, car ce sont les plus offrants qui sont approvisionn\u00e9s, malgr\u00e9 les prix de plafonnement du gouvernement. Elle pr\u00e9cise que la fourniture de l\u2019\u00e9lectricit\u00e9 dans les cimenteries est de 50 heures, soit deux jours et demi de travail sur les sept jours de la semaine.<\/p>\n<p>Le march\u00e9 ivoirien, de ce fait, conna\u00eet un approvisionnement insuffisant en d\u00e9pit de l\u2019existence de plusieurs usines de ciment. Sur place, devant les cimenteries de la zone industrielle de Yopougon en passant par la zone portuaire, de nombreux camions forment une file indienne dans l\u2019attente d\u2019un chargement pour approvisionner leur client\u00e8le.<\/p>\n<p><b>Une reprise progressive<\/b><\/p>\n<p>Le pr\u00e9sident de la Conf\u00e9d\u00e9ration des petites et moyennes entreprises (PME) du b\u00e2timent et des travaux publics de C\u00f4te d\u2019Ivoire, Soro Dot\u00e9, a confi\u00e9 que la hausse du ciment a un impact r\u00e9el sur tous les projets en cours depuis avril 2021. \u00c0 l\u2019en croire, plusieurs programmes sont \u00e0 l\u2019arr\u00eat et pr\u00e8s des 80% des emplois sont menac\u00e9s. Ainsi, on ne compte plus le nombre d\u2019administrations et d\u2019entreprises ayant \u00e9t\u00e9 contraintes \u00e0 tourner au ralenti ou \u00e0 mettre purement et simplement la cl\u00e9 sous le paillasson.<\/p>\n<p>Avec le d\u00e9ficit \u00e9nerg\u00e9tique, sur instruction du ministre des Mines, du P\u00e9trole et de l\u2019\u00c9nergie, la Compagnie ivoirienne d\u2019\u00e9lectricit\u00e9 a mis en place un programme de rationnement de la fourniture de cette \u00e9nergie depuis le 10 mai. Selon le directeur g\u00e9n\u00e9ral de la CIE, Ahmadou Bakayoko, au niveau des m\u00e9nages, les coupures sont de pr\u00e8s de 6 heures de temps par jour. Les plages horaires sont de 6h \u00e0 12h, de 12h \u00e0 18H ou de 18h \u00e0 24h, \u00e0 l\u2019exclusion de la journ\u00e9e du dimanche.<\/p>\n<p>Lors du Conseil des ministre du mercredi 10 juin 2021, le gouvernement a promis qu\u2019avec le retour du terminal \u00e0 vapeur (TAV) de la centrale d\u2019Azito pr\u00e9vu \u00e0 la fin du mois de juin 2021, le niveau de d\u00e9ficit de l\u2019\u00e9lectricit\u00e9 pourrait se r\u00e9duire de fa\u00e7on progressive jusqu\u2019en juillet. Et \u00e0 partir du d\u00e9but du mois de juillet, la fourniture d\u2019\u00e9lectricit\u00e9 serait continue pour les m\u00e9nages. Quant aux industriels, ils pourraient b\u00e9n\u00e9ficier d\u2019une fourniture continue d\u2019\u00e9lectricit\u00e9 \u00e0 partir de mi-juillet 2021.<\/p>\n","protected":false},"excerpt":{"rendered":"<p>Africa-Press &#8211; C\u00f4te d&rsquo;Ivoire. Depuis le d\u00e9but du rationnement de l\u2019\u00e9lectricit\u00e9, officiellement annonc\u00e9 le 10 mai 2021 en C\u00f4te d\u2019Ivoire par la Compagnie ivoirienne d\u2019\u00e9lectricit\u00e9 (CIE), beaucoup d\u2019activit\u00e9s tournent au ralenti, mettant \u00e0 mal le pouvoir d\u2019achat de nombreux m\u00e9nages. Assis devant son atelier de couture \u00e0 Port-Bou\u00ebt centre, Jean No\u00ebl S\u00e9ka est d\u00e9sesp\u00e9r\u00e9. Il [&hellip;]<\/p>\n","protected":false},"author":82,"featured_media":8999,"comment_status":"open","ping_status":"closed","sticky":false,"template":"","format":"standard","meta":{"footnotes":""},"categories":[3,11,20,10],"tags":[56,63,29],"class_list":["post-9000","post","type-post","status-publish","format-standard","has-post-thumbnail","hentry","category-economie","category-homepage-french","category-top-nouvelles","category-toutes-les-actualites","tag-africa-press","tag-africa-press-cote-divoire","tag-cote-divoire"],"yoast_head":"<!-- This site is optimized with the Yoast SEO Premium plugin v26.1 (Yoast SEO v27.0) - https:\/\/yoast.com\/product\/yoast-seo-premium-wordpress\/ -->\n<title>ces petits m\u00e9tiers \u00e0 l\u2019agonie \u00e0 cause du rationnement de l\u2019\u00e9lectricit\u00e9 - reportage - C\u00f4te d&#039;Ivoire<\/title>\n<meta name=\"description\" content=\"Depuis le d\u00e9but du rationnement de l\u2019\u00e9lectricit\u00e9, officiellement annonc\u00e9 le 10 mai 2021 en C\u00f4te d\u2019Ivoire par la Compagni ...\" \/>\n<meta name=\"robots\" content=\"index, follow, max-snippet:-1, max-image-preview:large, max-video-preview:-1\" \/>\n<link rel=\"canonical\" href=\"https:\/\/www.africa-press.net\/cotedivoire\/economie\/cote-divoire-ces-petits-metiers-a-lagonie-a-cause-du-rationnement-de-lelectricite-reportage\" \/>\n<meta property=\"og:locale\" content=\"fr_FR\" \/>\n<meta property=\"og:type\" content=\"article\" \/>\n<meta property=\"og:title\" content=\"ces petits m\u00e9tiers \u00e0 l\u2019agonie \u00e0 cause du rationnement de l\u2019\u00e9lectricit\u00e9 - reportage\" \/>\n<meta property=\"og:description\" content=\"Depuis le d\u00e9but du rationnement de l\u2019\u00e9lectricit\u00e9, officiellement annonc\u00e9 le 10 mai 2021 en C\u00f4te d\u2019Ivoire par la Compagni ...\" \/>\n<meta property=\"og:url\" content=\"https:\/\/www.africa-press.net\/cotedivoire\/economie\/cote-divoire-ces-petits-metiers-a-lagonie-a-cause-du-rationnement-de-lelectricite-reportage\" \/>\n<meta property=\"og:site_name\" content=\"C\u00f4te d&#039;Ivoire\" \/>\n<meta property=\"article:published_time\" content=\"2021-06-15T12:49:40+00:00\" \/>\n<meta property=\"article:modified_time\" content=\"2021-06-15T13:56:34+00:00\" \/>\n<meta property=\"og:image\" content=\"https:\/\/static.africa-press.net\/cote\/sites\/43\/2021\/06\/img-60c8a0ab03f00.jpg\" \/>\n\t<meta property=\"og:image:width\" content=\"720\" \/>\n\t<meta property=\"og:image:height\" content=\"382\" \/>\n\t<meta property=\"og:image:type\" content=\"image\/jpeg\" \/>\n<meta name=\"author\" content=\"cfeditorfr\" \/>\n<meta name=\"twitter:card\" content=\"summary_large_image\" \/>\n<meta name=\"twitter:label1\" content=\"\u00c9crit par\" \/>\n\t<meta name=\"twitter:data1\" content=\"cfeditorfr\" \/>\n\t<meta name=\"twitter:label2\" content=\"Dur\u00e9e de lecture estim\u00e9e\" \/>\n\t<meta name=\"twitter:data2\" content=\"8 minutes\" \/>\n<script type=\"application\/ld+json\" class=\"yoast-schema-graph\">{\"@context\":\"https:\/\/schema.org\",\"@graph\":[{\"@type\":\"Article\",\"@id\":\"https:\/\/www.africa-press.net\/cotedivoire\/economie\/cote-divoire-ces-petits-metiers-a-lagonie-a-cause-du-rationnement-de-lelectricite-reportage#article\",\"isPartOf\":{\"@id\":\"https:\/\/www.africa-press.net\/cotedivoire\/economie\/cote-divoire-ces-petits-metiers-a-lagonie-a-cause-du-rationnement-de-lelectricite-reportage\"},\"author\":{\"name\":\"cfeditorfr\",\"@id\":\"https:\/\/www.africa-press.net\/cotedivoire\/#\/schema\/person\/2b1cf3cd81a31e3cd26889ca66d677f1\"},\"headline\":\"ces petits m\u00e9tiers \u00e0 l\u2019agonie \u00e0 cause du rationnement de l\u2019\u00e9lectricit\u00e9 &#8211; reportage\",\"datePublished\":\"2021-06-15T12:49:40+00:00\",\"dateModified\":\"2021-06-15T13:56:34+00:00\",\"mainEntityOfPage\":{\"@id\":\"https:\/\/www.africa-press.net\/cotedivoire\/economie\/cote-divoire-ces-petits-metiers-a-lagonie-a-cause-du-rationnement-de-lelectricite-reportage\"},\"wordCount\":1649,\"commentCount\":0,\"image\":{\"@id\":\"https:\/\/www.africa-press.net\/cotedivoire\/economie\/cote-divoire-ces-petits-metiers-a-lagonie-a-cause-du-rationnement-de-lelectricite-reportage#primaryimage\"},\"thumbnailUrl\":\"https:\/\/static.africa-press.net\/cote\/sites\/43\/2021\/06\/img-60c8a0ab03f00.jpg\",\"keywords\":[\"Africa Press\",\"Africa Press-C\u00f4te d'Ivoire\",\"C\u00d4TE D'IVOIRE\"],\"articleSection\":[\"\u00c9conomie\",\"homepage-french\",\"Top Nouvelles\",\"Toutes les actualit\u00e9s\"],\"inLanguage\":\"fr-FR\",\"potentialAction\":[{\"@type\":\"CommentAction\",\"name\":\"Comment\",\"target\":[\"https:\/\/www.africa-press.net\/cotedivoire\/economie\/cote-divoire-ces-petits-metiers-a-lagonie-a-cause-du-rationnement-de-lelectricite-reportage#respond\"]}]},{\"@type\":\"WebPage\",\"@id\":\"https:\/\/www.africa-press.net\/cotedivoire\/economie\/cote-divoire-ces-petits-metiers-a-lagonie-a-cause-du-rationnement-de-lelectricite-reportage\",\"url\":\"https:\/\/www.africa-press.net\/cotedivoire\/economie\/cote-divoire-ces-petits-metiers-a-lagonie-a-cause-du-rationnement-de-lelectricite-reportage\",\"name\":\"ces petits m\u00e9tiers \u00e0 l\u2019agonie \u00e0 cause du rationnement de l\u2019\u00e9lectricit\u00e9 - reportage - C\u00f4te d&#039;Ivoire\",\"isPartOf\":{\"@id\":\"https:\/\/www.africa-press.net\/cotedivoire\/#website\"},\"primaryImageOfPage\":{\"@id\":\"https:\/\/www.africa-press.net\/cotedivoire\/economie\/cote-divoire-ces-petits-metiers-a-lagonie-a-cause-du-rationnement-de-lelectricite-reportage#primaryimage\"},\"image\":{\"@id\":\"https:\/\/www.africa-press.net\/cotedivoire\/economie\/cote-divoire-ces-petits-metiers-a-lagonie-a-cause-du-rationnement-de-lelectricite-reportage#primaryimage\"},\"thumbnailUrl\":\"https:\/\/static.africa-press.net\/cote\/sites\/43\/2021\/06\/img-60c8a0ab03f00.jpg\",\"datePublished\":\"2021-06-15T12:49:40+00:00\",\"dateModified\":\"2021-06-15T13:56:34+00:00\",\"author\":{\"@id\":\"https:\/\/www.africa-press.net\/cotedivoire\/#\/schema\/person\/2b1cf3cd81a31e3cd26889ca66d677f1\"},\"description\":\"Depuis le d\u00e9but du rationnement de l\u2019\u00e9lectricit\u00e9, officiellement annonc\u00e9 le 10 mai 2021 en C\u00f4te d\u2019Ivoire par la Compagni ...\",\"breadcrumb\":{\"@id\":\"https:\/\/www.africa-press.net\/cotedivoire\/economie\/cote-divoire-ces-petits-metiers-a-lagonie-a-cause-du-rationnement-de-lelectricite-reportage#breadcrumb\"},\"inLanguage\":\"fr-FR\",\"potentialAction\":[{\"@type\":\"ReadAction\",\"target\":[\"https:\/\/www.africa-press.net\/cotedivoire\/economie\/cote-divoire-ces-petits-metiers-a-lagonie-a-cause-du-rationnement-de-lelectricite-reportage\"]}]},{\"@type\":\"ImageObject\",\"inLanguage\":\"fr-FR\",\"@id\":\"https:\/\/www.africa-press.net\/cotedivoire\/economie\/cote-divoire-ces-petits-metiers-a-lagonie-a-cause-du-rationnement-de-lelectricite-reportage#primaryimage\",\"url\":\"https:\/\/static.africa-press.net\/cote\/sites\/43\/2021\/06\/img-60c8a0ab03f00.jpg\",\"contentUrl\":\"https:\/\/static.africa-press.net\/cote\/sites\/43\/2021\/06\/img-60c8a0ab03f00.jpg\",\"width\":720,\"height\":382,\"caption\":\"C\u00f4te d\u2019Ivoire: ces petits m\u00e9tiers \u00e0 l\u2019agonie \u00e0 cause du rationnement de l\u2019\u00e9lectricit\u00e9 - reportage\"},{\"@type\":\"BreadcrumbList\",\"@id\":\"https:\/\/www.africa-press.net\/cotedivoire\/economie\/cote-divoire-ces-petits-metiers-a-lagonie-a-cause-du-rationnement-de-lelectricite-reportage#breadcrumb\",\"itemListElement\":[{\"@type\":\"ListItem\",\"position\":1,\"name\":\"Accueil\",\"item\":\"https:\/\/www.africa-press.net\/cotedivoire\/\"},{\"@type\":\"ListItem\",\"position\":2,\"name\":\"ces petits m\u00e9tiers \u00e0 l\u2019agonie \u00e0 cause du rationnement de l\u2019\u00e9lectricit\u00e9 &#8211; reportage\"}]},{\"@type\":\"WebSite\",\"@id\":\"https:\/\/www.africa-press.net\/cotedivoire\/#website\",\"url\":\"https:\/\/www.africa-press.net\/cotedivoire\/\",\"name\":\"C\u00f4te d&#039;Ivoire\",\"description\":\"Just another Africa News Agency Sites site\",\"potentialAction\":[{\"@type\":\"SearchAction\",\"target\":{\"@type\":\"EntryPoint\",\"urlTemplate\":\"https:\/\/www.africa-press.net\/cotedivoire\/?s={search_term_string}\"},\"query-input\":{\"@type\":\"PropertyValueSpecification\",\"valueRequired\":true,\"valueName\":\"search_term_string\"}}],\"inLanguage\":\"fr-FR\"},{\"@type\":\"Person\",\"@id\":\"https:\/\/www.africa-press.net\/cotedivoire\/#\/schema\/person\/2b1cf3cd81a31e3cd26889ca66d677f1\",\"name\":\"cfeditorfr\"}]}<\/script>\n<!-- \/ Yoast SEO Premium plugin. -->","yoast_head_json":{"title":"ces petits m\u00e9tiers \u00e0 l\u2019agonie \u00e0 cause du rationnement de l\u2019\u00e9lectricit\u00e9 - reportage - C\u00f4te d&#039;Ivoire","description":"Depuis le d\u00e9but du rationnement de l\u2019\u00e9lectricit\u00e9, officiellement annonc\u00e9 le 10 mai 2021 en C\u00f4te d\u2019Ivoire par la Compagni ...","robots":{"index":"index","follow":"follow","max-snippet":"max-snippet:-1","max-image-preview":"max-image-preview:large","max-video-preview":"max-video-preview:-1"},"canonical":"https:\/\/www.africa-press.net\/cotedivoire\/economie\/cote-divoire-ces-petits-metiers-a-lagonie-a-cause-du-rationnement-de-lelectricite-reportage","og_locale":"fr_FR","og_type":"article","og_title":"ces petits m\u00e9tiers \u00e0 l\u2019agonie \u00e0 cause du rationnement de l\u2019\u00e9lectricit\u00e9 - reportage","og_description":"Depuis le d\u00e9but du rationnement de l\u2019\u00e9lectricit\u00e9, officiellement annonc\u00e9 le 10 mai 2021 en C\u00f4te d\u2019Ivoire par la Compagni ...","og_url":"https:\/\/www.africa-press.net\/cotedivoire\/economie\/cote-divoire-ces-petits-metiers-a-lagonie-a-cause-du-rationnement-de-lelectricite-reportage","og_site_name":"C\u00f4te d&#039;Ivoire","article_published_time":"2021-06-15T12:49:40+00:00","article_modified_time":"2021-06-15T13:56:34+00:00","og_image":[{"width":720,"height":382,"url":"https:\/\/static.africa-press.net\/cote\/sites\/43\/2021\/06\/img-60c8a0ab03f00.jpg","type":"image\/jpeg"}],"author":"cfeditorfr","twitter_card":"summary_large_image","twitter_misc":{"\u00c9crit par":"cfeditorfr","Dur\u00e9e de lecture estim\u00e9e":"8 minutes"},"schema":{"@context":"https:\/\/schema.org","@graph":[{"@type":"Article","@id":"https:\/\/www.africa-press.net\/cotedivoire\/economie\/cote-divoire-ces-petits-metiers-a-lagonie-a-cause-du-rationnement-de-lelectricite-reportage#article","isPartOf":{"@id":"https:\/\/www.africa-press.net\/cotedivoire\/economie\/cote-divoire-ces-petits-metiers-a-lagonie-a-cause-du-rationnement-de-lelectricite-reportage"},"author":{"name":"cfeditorfr","@id":"https:\/\/www.africa-press.net\/cotedivoire\/#\/schema\/person\/2b1cf3cd81a31e3cd26889ca66d677f1"},"headline":"ces petits m\u00e9tiers \u00e0 l\u2019agonie \u00e0 cause du rationnement de l\u2019\u00e9lectricit\u00e9 &#8211; reportage","datePublished":"2021-06-15T12:49:40+00:00","dateModified":"2021-06-15T13:56:34+00:00","mainEntityOfPage":{"@id":"https:\/\/www.africa-press.net\/cotedivoire\/economie\/cote-divoire-ces-petits-metiers-a-lagonie-a-cause-du-rationnement-de-lelectricite-reportage"},"wordCount":1649,"commentCount":0,"image":{"@id":"https:\/\/www.africa-press.net\/cotedivoire\/economie\/cote-divoire-ces-petits-metiers-a-lagonie-a-cause-du-rationnement-de-lelectricite-reportage#primaryimage"},"thumbnailUrl":"https:\/\/static.africa-press.net\/cote\/sites\/43\/2021\/06\/img-60c8a0ab03f00.jpg","keywords":["Africa Press","Africa Press-C\u00f4te d'Ivoire","C\u00d4TE D'IVOIRE"],"articleSection":["\u00c9conomie","homepage-french","Top Nouvelles","Toutes les actualit\u00e9s"],"inLanguage":"fr-FR","potentialAction":[{"@type":"CommentAction","name":"Comment","target":["https:\/\/www.africa-press.net\/cotedivoire\/economie\/cote-divoire-ces-petits-metiers-a-lagonie-a-cause-du-rationnement-de-lelectricite-reportage#respond"]}]},{"@type":"WebPage","@id":"https:\/\/www.africa-press.net\/cotedivoire\/economie\/cote-divoire-ces-petits-metiers-a-lagonie-a-cause-du-rationnement-de-lelectricite-reportage","url":"https:\/\/www.africa-press.net\/cotedivoire\/economie\/cote-divoire-ces-petits-metiers-a-lagonie-a-cause-du-rationnement-de-lelectricite-reportage","name":"ces petits m\u00e9tiers \u00e0 l\u2019agonie \u00e0 cause du rationnement de l\u2019\u00e9lectricit\u00e9 - reportage - C\u00f4te d&#039;Ivoire","isPartOf":{"@id":"https:\/\/www.africa-press.net\/cotedivoire\/#website"},"primaryImageOfPage":{"@id":"https:\/\/www.africa-press.net\/cotedivoire\/economie\/cote-divoire-ces-petits-metiers-a-lagonie-a-cause-du-rationnement-de-lelectricite-reportage#primaryimage"},"image":{"@id":"https:\/\/www.africa-press.net\/cotedivoire\/economie\/cote-divoire-ces-petits-metiers-a-lagonie-a-cause-du-rationnement-de-lelectricite-reportage#primaryimage"},"thumbnailUrl":"https:\/\/static.africa-press.net\/cote\/sites\/43\/2021\/06\/img-60c8a0ab03f00.jpg","datePublished":"2021-06-15T12:49:40+00:00","dateModified":"2021-06-15T13:56:34+00:00","author":{"@id":"https:\/\/www.africa-press.net\/cotedivoire\/#\/schema\/person\/2b1cf3cd81a31e3cd26889ca66d677f1"},"description":"Depuis le d\u00e9but du rationnement de l\u2019\u00e9lectricit\u00e9, officiellement annonc\u00e9 le 10 mai 2021 en C\u00f4te d\u2019Ivoire par la Compagni ...","breadcrumb":{"@id":"https:\/\/www.africa-press.net\/cotedivoire\/economie\/cote-divoire-ces-petits-metiers-a-lagonie-a-cause-du-rationnement-de-lelectricite-reportage#breadcrumb"},"inLanguage":"fr-FR","potentialAction":[{"@type":"ReadAction","target":["https:\/\/www.africa-press.net\/cotedivoire\/economie\/cote-divoire-ces-petits-metiers-a-lagonie-a-cause-du-rationnement-de-lelectricite-reportage"]}]},{"@type":"ImageObject","inLanguage":"fr-FR","@id":"https:\/\/www.africa-press.net\/cotedivoire\/economie\/cote-divoire-ces-petits-metiers-a-lagonie-a-cause-du-rationnement-de-lelectricite-reportage#primaryimage","url":"https:\/\/static.africa-press.net\/cote\/sites\/43\/2021\/06\/img-60c8a0ab03f00.jpg","contentUrl":"https:\/\/static.africa-press.net\/cote\/sites\/43\/2021\/06\/img-60c8a0ab03f00.jpg","width":720,"height":382,"caption":"C\u00f4te d\u2019Ivoire: ces petits m\u00e9tiers \u00e0 l\u2019agonie \u00e0 cause du rationnement de l\u2019\u00e9lectricit\u00e9 - reportage"},{"@type":"BreadcrumbList","@id":"https:\/\/www.africa-press.net\/cotedivoire\/economie\/cote-divoire-ces-petits-metiers-a-lagonie-a-cause-du-rationnement-de-lelectricite-reportage#breadcrumb","itemListElement":[{"@type":"ListItem","position":1,"name":"Accueil","item":"https:\/\/www.africa-press.net\/cotedivoire\/"},{"@type":"ListItem","position":2,"name":"ces petits m\u00e9tiers \u00e0 l\u2019agonie \u00e0 cause du rationnement de l\u2019\u00e9lectricit\u00e9 &#8211; reportage"}]},{"@type":"WebSite","@id":"https:\/\/www.africa-press.net\/cotedivoire\/#website","url":"https:\/\/www.africa-press.net\/cotedivoire\/","name":"C\u00f4te d&#039;Ivoire","description":"Just another Africa News Agency Sites site","potentialAction":[{"@type":"SearchAction","target":{"@type":"EntryPoint","urlTemplate":"https:\/\/www.africa-press.net\/cotedivoire\/?s={search_term_string}"},"query-input":{"@type":"PropertyValueSpecification","valueRequired":true,"valueName":"search_term_string"}}],"inLanguage":"fr-FR"},{"@type":"Person","@id":"https:\/\/www.africa-press.net\/cotedivoire\/#\/schema\/person\/2b1cf3cd81a31e3cd26889ca66d677f1","name":"cfeditorfr"}]}},"_links":{"self":[{"href":"https:\/\/www.africa-press.net\/cotedivoire\/wp-json\/wp\/v2\/posts\/9000","targetHints":{"allow":["GET"]}}],"collection":[{"href":"https:\/\/www.africa-press.net\/cotedivoire\/wp-json\/wp\/v2\/posts"}],"about":[{"href":"https:\/\/www.africa-press.net\/cotedivoire\/wp-json\/wp\/v2\/types\/post"}],"author":[{"embeddable":true,"href":"https:\/\/www.africa-press.net\/cotedivoire\/wp-json\/wp\/v2\/users\/82"}],"replies":[{"embeddable":true,"href":"https:\/\/www.africa-press.net\/cotedivoire\/wp-json\/wp\/v2\/comments?post=9000"}],"version-history":[{"count":0,"href":"https:\/\/www.africa-press.net\/cotedivoire\/wp-json\/wp\/v2\/posts\/9000\/revisions"}],"wp:featuredmedia":[{"embeddable":true,"href":"https:\/\/www.africa-press.net\/cotedivoire\/wp-json\/wp\/v2\/media\/8999"}],"wp:attachment":[{"href":"https:\/\/www.africa-press.net\/cotedivoire\/wp-json\/wp\/v2\/media?parent=9000"}],"wp:term":[{"taxonomy":"category","embeddable":true,"href":"https:\/\/www.africa-press.net\/cotedivoire\/wp-json\/wp\/v2\/categories?post=9000"},{"taxonomy":"post_tag","embeddable":true,"href":"https:\/\/www.africa-press.net\/cotedivoire\/wp-json\/wp\/v2\/tags?post=9000"}],"curies":[{"name":"wp","href":"https:\/\/api.w.org\/{rel}","templated":true}]}}