{"id":9003,"date":"2021-06-15T12:55:43","date_gmt":"2021-06-15T12:55:43","guid":{"rendered":"https:\/\/www.africa-press.net\/cotedivoire\/?p=9003"},"modified":"2021-06-15T13:56:45","modified_gmt":"2021-06-15T13:56:45","slug":"apres-dix-ans-dabsence-laurent-gbagbo-de-retour-jeudi-en-cote-divoire","status":"publish","type":"post","link":"https:\/\/www.africa-press.net\/cotedivoire\/politique\/apres-dix-ans-dabsence-laurent-gbagbo-de-retour-jeudi-en-cote-divoire","title":{"rendered":"Apr\u00e8s dix ans d\u2019absence, Laurent Gbagbo de retour jeudi en C\u00f4te d\u2019Ivoire"},"content":{"rendered":"<p><span style=\"color: #ff6600\"><strong><a href=\"https:\/\/www.africa-press.net\/\">Africa-Press<\/a> &#8211; <a href=\"https:\/\/www.africa-press.net\/cotedivoire\">C\u00f4te d&rsquo;Ivoire<\/a>. <\/strong><\/span>L\u2019ex-pr\u00e9sident ivoirien Laurent Gbagbo doit rentrer, jeudi 17 juin, \u00e0 Abidjan apr\u00e8s dix ans d\u2019absence, trois mois \u00e0 peine apr\u00e8s son acquittement d\u00e9finitif de crimes contre l\u2019humanit\u00e9 par la justice internationale et le feu vert \u00e0 son retour donn\u00e9 par son rival, le pr\u00e9sident Alassane Ouattara, au nom de la \u00ab r\u00e9conciliation nationale \u00bb.<\/p>\n<p>Laurent Gbagbo, qui a dirig\u00e9 le pays pendant dix ans jusqu\u2019en 2011, sera accueilli au pavillon pr\u00e9sidentiel \u00e0 l\u2019a\u00e9roport, comme l\u2019a propos\u00e9 le pr\u00e9sident Alassane Ouattara. C\u2019est un \u00ab message fort \u00bb, un geste en faveur de la r\u00e9conciliation, a salu\u00e9 le parti de Laurent Gbagbo, le Front populaire ivoirien (FPI).<\/p>\n<p>L\u2019avion en provenance de Bruxelles doit atterrir \u00e0 l\u2019a\u00e9roport d\u2019Abidjan \u00e0 15 h 45 (heure locale et GMT). Une journ\u00e9e d\u00e9j\u00e0 qualifi\u00e9e d\u2019\u00ab historique \u00bb : elle marque le retour d\u2019un homme de 76 ans, qui domine la politique ivoirienne depuis des d\u00e9cennies, comme opposant, pr\u00e9sident, puis prisonnier. Il revient, selon ses proches, sans esprit de vengeance, mais au contraire pour \u0153uvrer \u00e0 la politique de \u00ab r\u00e9conciliation nationale \u00bb.<\/p>\n<p><b>Col\u00e8re des victimes<\/b><\/p>\n<p>Son absence n\u2019a pas \u00e9rod\u00e9 sa popularit\u00e9 dans son camp. Les habitants de Mama (centre-ouest), son village natal, ont commenc\u00e9 d\u00e8s dimanche \u00e0 f\u00eater son retour. \u00ab Je suis Gbagbo ou rien. Sans Gbagbo, pas de r\u00e9conciliation. On a pri\u00e9 pour qu\u2019il revienne. Dieu merci, il revient vivant. On est pr\u00eat pour l\u2019accueillir \u00bb, a d\u00e9clar\u00e9 \u00e0 l\u2019AFP B\u00e9atrice Kragba.<\/p>\n<p>A Abidjan, des habitants commen\u00e7aient \u00e0 manifester leur joie lundi, comme un homme qui avait plac\u00e9 sur son scooter une pancarte : \u00ab Dignes fils d\u2019Afrique, honneur et gloire \u00e0 vous. Gbagbo arrive ! \u00bb<\/p>\n<p>A l\u2019oppos\u00e9, ses adversaires estiment toujours qu\u2019il a pr\u00e9cipit\u00e9 son pays dans le chaos en refusant sa d\u00e9faite face \u00e0 Alassane Ouattara \u00e0 la pr\u00e9sidentielle de 2010. Ce refus avait provoqu\u00e9 une grave crise post-\u00e9lectorale, pendant laquelle quelque 3 000 personnes ont \u00e9t\u00e9 tu\u00e9es. C\u2019est pour ces violences que M. Gbagbo avait \u00e9t\u00e9 arr\u00eat\u00e9 en avril 2011, d\u2019abord d\u00e9tenu dans le nord de la C\u00f4te d\u2019Ivoire, puis transf\u00e9r\u00e9 fin 2011 \u00e0 la Cour p\u00e9nale internationale (CPI) \u00e0 La Haye. La CPI l\u2019a d\u00e9finitivement acquitt\u00e9 des charges de crimes contre l\u2019humanit\u00e9 le 31 mars. Il vit depuis \u00e0 Bruxelles.<\/p>\n<p>Dans la foul\u00e9e de son acquittement et au nom de la \u00ab r\u00e9conciliation nationale \u00bb dans un pays meurtri par les violences politiques et ethniques depuis plus de vingt ans, Alassane Ouattara avait donn\u00e9 son feu vert au retour de Laurent Gbagbo, assurant qu\u2019il b\u00e9n\u00e9ficierait des avantages dus aux anciens pr\u00e9sidents.<\/p>\n<p>Des victimes de la crise de 2010-2011 s\u2019inqui\u00e8tent cependant de son retour et d\u00e9noncent une r\u00e9conciliation qui se fait au prix de l\u2019impunit\u00e9. Laurent Gbagbo reste sous le coup d\u2019une condamnation en C\u00f4te d\u2019Ivoire \u00e0 vingt ans de prison pour le \u00ab braquage \u00bb de la Banque centrale des Etats d\u2019Afrique de l\u2019Ouest (BCEAO) commis \u00e0 cette \u00e9poque. Pour le Collectif des victimes de C\u00f4te d\u2019Ivoire (CVCI), cette peine doit \u00eatre ex\u00e9cut\u00e9e.<\/p>\n<p>En annon\u00e7ant d\u00e9but avril qu\u2019il \u00e9tait libre de rentrer quand il le souhaitait en C\u00f4te d\u2019Ivoire, le pr\u00e9sident Ouattara n\u2019avait pas mentionn\u00e9 cette condamnation, mais Amadou Coulibaly, ministre de la communication et porte-parole du gouvernement, a laiss\u00e9 entendre qu\u2019elle serait lev\u00e9e. Le CVCI a annonc\u00e9 qu\u2019il manifesterait \u00e0 l\u2019arriv\u00e9e de Laurent Gbagbo.<\/p>\n<p><b>Eviter tout d\u00e9bordement<\/b><\/p>\n<p>Mais \u00e0 deux jours de l\u2019arriv\u00e9e de l\u2019ancien pr\u00e9sident, son parti et le gouvernement ont donn\u00e9 peu de d\u00e9tails sur l\u2019organisation de cette journ\u00e9e, qui pourrait voir les supporters de l\u2019ex-pr\u00e9sident affluer massivement vers l\u2019a\u00e9roport pour accueillir leur chef. Les discussions sur la s\u00e9curit\u00e9 sont toujours en cours. Le souci des deux parties est cependant d\u2019\u00e9viter tout d\u00e9bordement.<\/p>\n<p><b>\u00ab Mon souhait est qu\u2019il n\u2019y ait pas de triomphalisme qui pourrait engendrer des ranc\u0153urs et r\u00e9veiller les vieux d\u00e9mons de la division au lieu d\u2019apporter la paix en C\u00f4te d\u2019Ivoire \u00bb<\/b><\/p>\n<p>, a d\u00e9clar\u00e9 \u00e0 l\u2019AFP Jo\u00ebl N\u2019Guessan, du Rassemblement des houphou\u00ebtistes pour la d\u00e9mocratie et la paix (RHDP), le parti au pouvoir.<\/p>\n<p><b>\u00ab La C\u00f4te d\u2019Ivoire doit se retrouver. (\u2026) Elle est aujourd\u2019hui en danger de d\u00e9stabilisation par des djihadistes \u00bb<\/b><\/p>\n<p>, a d\u00e9clar\u00e9 Assoa Adou, le secr\u00e9taire g\u00e9n\u00e9ral du FPI, \u00e9voquant les r\u00e9centes attaques meurtri\u00e8res dans le nord du pays.<\/p>\n<p>Il a appel\u00e9 \u00ab tous les sympathisants \u00bb de Laurent Gbagbo \u00e0 \u00ab ne pas r\u00e9pondre aux provocations, parce qu\u2019ils vont nous provoquer (\u2026), mais de dire \u00e0 tous ceux qui manifestent : l\u2019essentiel, c\u2019est de se retrouver pour reconstruire un pays en paix, de fraternit\u00e9 \u00bb.<\/p>\n","protected":false},"excerpt":{"rendered":"<p>Africa-Press &#8211; C\u00f4te d&rsquo;Ivoire. L\u2019ex-pr\u00e9sident ivoirien Laurent Gbagbo doit rentrer, jeudi 17 juin, \u00e0 Abidjan apr\u00e8s dix ans d\u2019absence, trois mois \u00e0 peine apr\u00e8s son acquittement d\u00e9finitif de crimes contre l\u2019humanit\u00e9 par la justice internationale et le feu vert \u00e0 son retour donn\u00e9 par son rival, le pr\u00e9sident Alassane Ouattara, au nom de la \u00ab [&hellip;]<\/p>\n","protected":false},"author":82,"featured_media":9002,"comment_status":"open","ping_status":"closed","sticky":false,"template":"","format":"standard","meta":{"footnotes":""},"categories":[11,2,20,10],"tags":[56,63,29],"class_list":["post-9003","post","type-post","status-publish","format-standard","has-post-thumbnail","hentry","category-homepage-french","category-politique","category-top-nouvelles","category-toutes-les-actualites","tag-africa-press","tag-africa-press-cote-divoire","tag-cote-divoire"],"yoast_head":"<!-- This site is optimized with the Yoast SEO Premium plugin v26.1 (Yoast SEO v27.0) - https:\/\/yoast.com\/product\/yoast-seo-premium-wordpress\/ -->\n<title>Apr\u00e8s dix ans d\u2019absence, Laurent Gbagbo de retour jeudi en C\u00f4te d\u2019Ivoire - C\u00f4te d&#039;Ivoire<\/title>\n<meta name=\"description\" content=\"L\u2019ex-pr\u00e9sident ivoirien Laurent Gbagbo doit rentrer, jeudi 17 juin, \u00e0 Abidjan apr\u00e8s dix ans d\u2019absence, trois mois \u00e0 pein ...\" \/>\n<meta name=\"robots\" content=\"index, follow, max-snippet:-1, max-image-preview:large, max-video-preview:-1\" \/>\n<link rel=\"canonical\" href=\"https:\/\/www.africa-press.net\/cotedivoire\/politique\/apres-dix-ans-dabsence-laurent-gbagbo-de-retour-jeudi-en-cote-divoire\" \/>\n<meta property=\"og:locale\" content=\"fr_FR\" \/>\n<meta property=\"og:type\" content=\"article\" \/>\n<meta property=\"og:title\" content=\"Apr\u00e8s dix ans d\u2019absence, Laurent Gbagbo de retour jeudi en C\u00f4te d\u2019Ivoire\" \/>\n<meta property=\"og:description\" content=\"L\u2019ex-pr\u00e9sident ivoirien Laurent Gbagbo doit rentrer, jeudi 17 juin, \u00e0 Abidjan apr\u00e8s dix ans d\u2019absence, trois mois \u00e0 pein ...\" \/>\n<meta property=\"og:url\" content=\"https:\/\/www.africa-press.net\/cotedivoire\/politique\/apres-dix-ans-dabsence-laurent-gbagbo-de-retour-jeudi-en-cote-divoire\" \/>\n<meta property=\"og:site_name\" content=\"C\u00f4te d&#039;Ivoire\" \/>\n<meta property=\"article:published_time\" content=\"2021-06-15T12:55:43+00:00\" \/>\n<meta property=\"article:modified_time\" content=\"2021-06-15T13:56:45+00:00\" \/>\n<meta property=\"og:image\" content=\"https:\/\/static.africa-press.net\/cote\/sites\/43\/2021\/06\/img-60c8a0e799635.jpg\" \/>\n\t<meta property=\"og:image:width\" content=\"1440\" \/>\n\t<meta property=\"og:image:height\" content=\"720\" \/>\n\t<meta property=\"og:image:type\" content=\"image\/jpeg\" \/>\n<meta name=\"author\" content=\"cfeditorfr\" \/>\n<meta name=\"twitter:card\" content=\"summary_large_image\" \/>\n<meta name=\"twitter:label1\" content=\"\u00c9crit par\" \/>\n\t<meta name=\"twitter:data1\" content=\"cfeditorfr\" \/>\n\t<meta name=\"twitter:label2\" content=\"Dur\u00e9e de lecture estim\u00e9e\" \/>\n\t<meta name=\"twitter:data2\" content=\"4 minutes\" \/>\n<script type=\"application\/ld+json\" class=\"yoast-schema-graph\">{\"@context\":\"https:\/\/schema.org\",\"@graph\":[{\"@type\":\"Article\",\"@id\":\"https:\/\/www.africa-press.net\/cotedivoire\/politique\/apres-dix-ans-dabsence-laurent-gbagbo-de-retour-jeudi-en-cote-divoire#article\",\"isPartOf\":{\"@id\":\"https:\/\/www.africa-press.net\/cotedivoire\/politique\/apres-dix-ans-dabsence-laurent-gbagbo-de-retour-jeudi-en-cote-divoire\"},\"author\":{\"name\":\"cfeditorfr\",\"@id\":\"https:\/\/www.africa-press.net\/cotedivoire\/#\/schema\/person\/2b1cf3cd81a31e3cd26889ca66d677f1\"},\"headline\":\"Apr\u00e8s dix ans d\u2019absence, Laurent Gbagbo de retour jeudi en C\u00f4te d\u2019Ivoire\",\"datePublished\":\"2021-06-15T12:55:43+00:00\",\"dateModified\":\"2021-06-15T13:56:45+00:00\",\"mainEntityOfPage\":{\"@id\":\"https:\/\/www.africa-press.net\/cotedivoire\/politique\/apres-dix-ans-dabsence-laurent-gbagbo-de-retour-jeudi-en-cote-divoire\"},\"wordCount\":838,\"commentCount\":0,\"image\":{\"@id\":\"https:\/\/www.africa-press.net\/cotedivoire\/politique\/apres-dix-ans-dabsence-laurent-gbagbo-de-retour-jeudi-en-cote-divoire#primaryimage\"},\"thumbnailUrl\":\"https:\/\/static.africa-press.net\/cote\/sites\/43\/2021\/06\/img-60c8a0e799635.jpg\",\"keywords\":[\"Africa Press\",\"Africa Press-C\u00f4te d'Ivoire\",\"C\u00d4TE D'IVOIRE\"],\"articleSection\":[\"homepage-french\",\"Politique\",\"Top Nouvelles\",\"Toutes les actualit\u00e9s\"],\"inLanguage\":\"fr-FR\",\"potentialAction\":[{\"@type\":\"CommentAction\",\"name\":\"Comment\",\"target\":[\"https:\/\/www.africa-press.net\/cotedivoire\/politique\/apres-dix-ans-dabsence-laurent-gbagbo-de-retour-jeudi-en-cote-divoire#respond\"]}]},{\"@type\":\"WebPage\",\"@id\":\"https:\/\/www.africa-press.net\/cotedivoire\/politique\/apres-dix-ans-dabsence-laurent-gbagbo-de-retour-jeudi-en-cote-divoire\",\"url\":\"https:\/\/www.africa-press.net\/cotedivoire\/politique\/apres-dix-ans-dabsence-laurent-gbagbo-de-retour-jeudi-en-cote-divoire\",\"name\":\"Apr\u00e8s dix ans d\u2019absence, Laurent Gbagbo de retour jeudi en C\u00f4te d\u2019Ivoire - C\u00f4te d&#039;Ivoire\",\"isPartOf\":{\"@id\":\"https:\/\/www.africa-press.net\/cotedivoire\/#website\"},\"primaryImageOfPage\":{\"@id\":\"https:\/\/www.africa-press.net\/cotedivoire\/politique\/apres-dix-ans-dabsence-laurent-gbagbo-de-retour-jeudi-en-cote-divoire#primaryimage\"},\"image\":{\"@id\":\"https:\/\/www.africa-press.net\/cotedivoire\/politique\/apres-dix-ans-dabsence-laurent-gbagbo-de-retour-jeudi-en-cote-divoire#primaryimage\"},\"thumbnailUrl\":\"https:\/\/static.africa-press.net\/cote\/sites\/43\/2021\/06\/img-60c8a0e799635.jpg\",\"datePublished\":\"2021-06-15T12:55:43+00:00\",\"dateModified\":\"2021-06-15T13:56:45+00:00\",\"author\":{\"@id\":\"https:\/\/www.africa-press.net\/cotedivoire\/#\/schema\/person\/2b1cf3cd81a31e3cd26889ca66d677f1\"},\"description\":\"L\u2019ex-pr\u00e9sident ivoirien Laurent Gbagbo doit rentrer, jeudi 17 juin, \u00e0 Abidjan apr\u00e8s dix ans d\u2019absence, trois mois \u00e0 pein ...\",\"breadcrumb\":{\"@id\":\"https:\/\/www.africa-press.net\/cotedivoire\/politique\/apres-dix-ans-dabsence-laurent-gbagbo-de-retour-jeudi-en-cote-divoire#breadcrumb\"},\"inLanguage\":\"fr-FR\",\"potentialAction\":[{\"@type\":\"ReadAction\",\"target\":[\"https:\/\/www.africa-press.net\/cotedivoire\/politique\/apres-dix-ans-dabsence-laurent-gbagbo-de-retour-jeudi-en-cote-divoire\"]}]},{\"@type\":\"ImageObject\",\"inLanguage\":\"fr-FR\",\"@id\":\"https:\/\/www.africa-press.net\/cotedivoire\/politique\/apres-dix-ans-dabsence-laurent-gbagbo-de-retour-jeudi-en-cote-divoire#primaryimage\",\"url\":\"https:\/\/static.africa-press.net\/cote\/sites\/43\/2021\/06\/img-60c8a0e799635.jpg\",\"contentUrl\":\"https:\/\/static.africa-press.net\/cote\/sites\/43\/2021\/06\/img-60c8a0e799635.jpg\",\"width\":1440,\"height\":720,\"caption\":\"Apr\u00e8s dix ans d\u2019absence, Laurent Gbagbo de retour jeudi en C\u00f4te d\u2019Ivoire\"},{\"@type\":\"BreadcrumbList\",\"@id\":\"https:\/\/www.africa-press.net\/cotedivoire\/politique\/apres-dix-ans-dabsence-laurent-gbagbo-de-retour-jeudi-en-cote-divoire#breadcrumb\",\"itemListElement\":[{\"@type\":\"ListItem\",\"position\":1,\"name\":\"Accueil\",\"item\":\"https:\/\/www.africa-press.net\/cotedivoire\/\"},{\"@type\":\"ListItem\",\"position\":2,\"name\":\"Apr\u00e8s dix ans d\u2019absence, Laurent Gbagbo de retour jeudi en C\u00f4te d\u2019Ivoire\"}]},{\"@type\":\"WebSite\",\"@id\":\"https:\/\/www.africa-press.net\/cotedivoire\/#website\",\"url\":\"https:\/\/www.africa-press.net\/cotedivoire\/\",\"name\":\"C\u00f4te d&#039;Ivoire\",\"description\":\"Just another Africa News Agency Sites site\",\"potentialAction\":[{\"@type\":\"SearchAction\",\"target\":{\"@type\":\"EntryPoint\",\"urlTemplate\":\"https:\/\/www.africa-press.net\/cotedivoire\/?s={search_term_string}\"},\"query-input\":{\"@type\":\"PropertyValueSpecification\",\"valueRequired\":true,\"valueName\":\"search_term_string\"}}],\"inLanguage\":\"fr-FR\"},{\"@type\":\"Person\",\"@id\":\"https:\/\/www.africa-press.net\/cotedivoire\/#\/schema\/person\/2b1cf3cd81a31e3cd26889ca66d677f1\",\"name\":\"cfeditorfr\"}]}<\/script>\n<!-- \/ Yoast SEO Premium plugin. -->","yoast_head_json":{"title":"Apr\u00e8s dix ans d\u2019absence, Laurent Gbagbo de retour jeudi en C\u00f4te d\u2019Ivoire - C\u00f4te d&#039;Ivoire","description":"L\u2019ex-pr\u00e9sident ivoirien Laurent Gbagbo doit rentrer, jeudi 17 juin, \u00e0 Abidjan apr\u00e8s dix ans d\u2019absence, trois mois \u00e0 pein ...","robots":{"index":"index","follow":"follow","max-snippet":"max-snippet:-1","max-image-preview":"max-image-preview:large","max-video-preview":"max-video-preview:-1"},"canonical":"https:\/\/www.africa-press.net\/cotedivoire\/politique\/apres-dix-ans-dabsence-laurent-gbagbo-de-retour-jeudi-en-cote-divoire","og_locale":"fr_FR","og_type":"article","og_title":"Apr\u00e8s dix ans d\u2019absence, Laurent Gbagbo de retour jeudi en C\u00f4te d\u2019Ivoire","og_description":"L\u2019ex-pr\u00e9sident ivoirien Laurent Gbagbo doit rentrer, jeudi 17 juin, \u00e0 Abidjan apr\u00e8s dix ans d\u2019absence, trois mois \u00e0 pein ...","og_url":"https:\/\/www.africa-press.net\/cotedivoire\/politique\/apres-dix-ans-dabsence-laurent-gbagbo-de-retour-jeudi-en-cote-divoire","og_site_name":"C\u00f4te d&#039;Ivoire","article_published_time":"2021-06-15T12:55:43+00:00","article_modified_time":"2021-06-15T13:56:45+00:00","og_image":[{"width":1440,"height":720,"url":"https:\/\/static.africa-press.net\/cote\/sites\/43\/2021\/06\/img-60c8a0e799635.jpg","type":"image\/jpeg"}],"author":"cfeditorfr","twitter_card":"summary_large_image","twitter_misc":{"\u00c9crit par":"cfeditorfr","Dur\u00e9e de lecture estim\u00e9e":"4 minutes"},"schema":{"@context":"https:\/\/schema.org","@graph":[{"@type":"Article","@id":"https:\/\/www.africa-press.net\/cotedivoire\/politique\/apres-dix-ans-dabsence-laurent-gbagbo-de-retour-jeudi-en-cote-divoire#article","isPartOf":{"@id":"https:\/\/www.africa-press.net\/cotedivoire\/politique\/apres-dix-ans-dabsence-laurent-gbagbo-de-retour-jeudi-en-cote-divoire"},"author":{"name":"cfeditorfr","@id":"https:\/\/www.africa-press.net\/cotedivoire\/#\/schema\/person\/2b1cf3cd81a31e3cd26889ca66d677f1"},"headline":"Apr\u00e8s dix ans d\u2019absence, Laurent Gbagbo de retour jeudi en C\u00f4te d\u2019Ivoire","datePublished":"2021-06-15T12:55:43+00:00","dateModified":"2021-06-15T13:56:45+00:00","mainEntityOfPage":{"@id":"https:\/\/www.africa-press.net\/cotedivoire\/politique\/apres-dix-ans-dabsence-laurent-gbagbo-de-retour-jeudi-en-cote-divoire"},"wordCount":838,"commentCount":0,"image":{"@id":"https:\/\/www.africa-press.net\/cotedivoire\/politique\/apres-dix-ans-dabsence-laurent-gbagbo-de-retour-jeudi-en-cote-divoire#primaryimage"},"thumbnailUrl":"https:\/\/static.africa-press.net\/cote\/sites\/43\/2021\/06\/img-60c8a0e799635.jpg","keywords":["Africa Press","Africa Press-C\u00f4te d'Ivoire","C\u00d4TE D'IVOIRE"],"articleSection":["homepage-french","Politique","Top Nouvelles","Toutes les actualit\u00e9s"],"inLanguage":"fr-FR","potentialAction":[{"@type":"CommentAction","name":"Comment","target":["https:\/\/www.africa-press.net\/cotedivoire\/politique\/apres-dix-ans-dabsence-laurent-gbagbo-de-retour-jeudi-en-cote-divoire#respond"]}]},{"@type":"WebPage","@id":"https:\/\/www.africa-press.net\/cotedivoire\/politique\/apres-dix-ans-dabsence-laurent-gbagbo-de-retour-jeudi-en-cote-divoire","url":"https:\/\/www.africa-press.net\/cotedivoire\/politique\/apres-dix-ans-dabsence-laurent-gbagbo-de-retour-jeudi-en-cote-divoire","name":"Apr\u00e8s dix ans d\u2019absence, Laurent Gbagbo de retour jeudi en C\u00f4te d\u2019Ivoire - C\u00f4te d&#039;Ivoire","isPartOf":{"@id":"https:\/\/www.africa-press.net\/cotedivoire\/#website"},"primaryImageOfPage":{"@id":"https:\/\/www.africa-press.net\/cotedivoire\/politique\/apres-dix-ans-dabsence-laurent-gbagbo-de-retour-jeudi-en-cote-divoire#primaryimage"},"image":{"@id":"https:\/\/www.africa-press.net\/cotedivoire\/politique\/apres-dix-ans-dabsence-laurent-gbagbo-de-retour-jeudi-en-cote-divoire#primaryimage"},"thumbnailUrl":"https:\/\/static.africa-press.net\/cote\/sites\/43\/2021\/06\/img-60c8a0e799635.jpg","datePublished":"2021-06-15T12:55:43+00:00","dateModified":"2021-06-15T13:56:45+00:00","author":{"@id":"https:\/\/www.africa-press.net\/cotedivoire\/#\/schema\/person\/2b1cf3cd81a31e3cd26889ca66d677f1"},"description":"L\u2019ex-pr\u00e9sident ivoirien Laurent Gbagbo doit rentrer, jeudi 17 juin, \u00e0 Abidjan apr\u00e8s dix ans d\u2019absence, trois mois \u00e0 pein ...","breadcrumb":{"@id":"https:\/\/www.africa-press.net\/cotedivoire\/politique\/apres-dix-ans-dabsence-laurent-gbagbo-de-retour-jeudi-en-cote-divoire#breadcrumb"},"inLanguage":"fr-FR","potentialAction":[{"@type":"ReadAction","target":["https:\/\/www.africa-press.net\/cotedivoire\/politique\/apres-dix-ans-dabsence-laurent-gbagbo-de-retour-jeudi-en-cote-divoire"]}]},{"@type":"ImageObject","inLanguage":"fr-FR","@id":"https:\/\/www.africa-press.net\/cotedivoire\/politique\/apres-dix-ans-dabsence-laurent-gbagbo-de-retour-jeudi-en-cote-divoire#primaryimage","url":"https:\/\/static.africa-press.net\/cote\/sites\/43\/2021\/06\/img-60c8a0e799635.jpg","contentUrl":"https:\/\/static.africa-press.net\/cote\/sites\/43\/2021\/06\/img-60c8a0e799635.jpg","width":1440,"height":720,"caption":"Apr\u00e8s dix ans d\u2019absence, Laurent Gbagbo de retour jeudi en C\u00f4te d\u2019Ivoire"},{"@type":"BreadcrumbList","@id":"https:\/\/www.africa-press.net\/cotedivoire\/politique\/apres-dix-ans-dabsence-laurent-gbagbo-de-retour-jeudi-en-cote-divoire#breadcrumb","itemListElement":[{"@type":"ListItem","position":1,"name":"Accueil","item":"https:\/\/www.africa-press.net\/cotedivoire\/"},{"@type":"ListItem","position":2,"name":"Apr\u00e8s dix ans d\u2019absence, Laurent Gbagbo de retour jeudi en C\u00f4te d\u2019Ivoire"}]},{"@type":"WebSite","@id":"https:\/\/www.africa-press.net\/cotedivoire\/#website","url":"https:\/\/www.africa-press.net\/cotedivoire\/","name":"C\u00f4te d&#039;Ivoire","description":"Just another Africa News Agency Sites site","potentialAction":[{"@type":"SearchAction","target":{"@type":"EntryPoint","urlTemplate":"https:\/\/www.africa-press.net\/cotedivoire\/?s={search_term_string}"},"query-input":{"@type":"PropertyValueSpecification","valueRequired":true,"valueName":"search_term_string"}}],"inLanguage":"fr-FR"},{"@type":"Person","@id":"https:\/\/www.africa-press.net\/cotedivoire\/#\/schema\/person\/2b1cf3cd81a31e3cd26889ca66d677f1","name":"cfeditorfr"}]}},"_links":{"self":[{"href":"https:\/\/www.africa-press.net\/cotedivoire\/wp-json\/wp\/v2\/posts\/9003","targetHints":{"allow":["GET"]}}],"collection":[{"href":"https:\/\/www.africa-press.net\/cotedivoire\/wp-json\/wp\/v2\/posts"}],"about":[{"href":"https:\/\/www.africa-press.net\/cotedivoire\/wp-json\/wp\/v2\/types\/post"}],"author":[{"embeddable":true,"href":"https:\/\/www.africa-press.net\/cotedivoire\/wp-json\/wp\/v2\/users\/82"}],"replies":[{"embeddable":true,"href":"https:\/\/www.africa-press.net\/cotedivoire\/wp-json\/wp\/v2\/comments?post=9003"}],"version-history":[{"count":0,"href":"https:\/\/www.africa-press.net\/cotedivoire\/wp-json\/wp\/v2\/posts\/9003\/revisions"}],"wp:featuredmedia":[{"embeddable":true,"href":"https:\/\/www.africa-press.net\/cotedivoire\/wp-json\/wp\/v2\/media\/9002"}],"wp:attachment":[{"href":"https:\/\/www.africa-press.net\/cotedivoire\/wp-json\/wp\/v2\/media?parent=9003"}],"wp:term":[{"taxonomy":"category","embeddable":true,"href":"https:\/\/www.africa-press.net\/cotedivoire\/wp-json\/wp\/v2\/categories?post=9003"},{"taxonomy":"post_tag","embeddable":true,"href":"https:\/\/www.africa-press.net\/cotedivoire\/wp-json\/wp\/v2\/tags?post=9003"}],"curies":[{"name":"wp","href":"https:\/\/api.w.org\/{rel}","templated":true}]}}