{"id":90049,"date":"2024-11-02T13:50:29","date_gmt":"2024-11-02T13:50:29","guid":{"rendered":"https:\/\/www.africa-press.net\/cotedivoire\/politique\/damana-adia-pickass-de-nouveau-devant-la-justice-pour-des-accusations-graves"},"modified":"2024-11-02T14:16:24","modified_gmt":"2024-11-02T14:16:24","slug":"damana-adia-pickass-de-nouveau-devant-la-justice-pour-des-accusations-graves","status":"publish","type":"post","link":"https:\/\/www.africa-press.net\/cotedivoire\/politique\/damana-adia-pickass-de-nouveau-devant-la-justice-pour-des-accusations-graves","title":{"rendered":"Damana Adia Pickass de nouveau devant la justice pour des accusations graves"},"content":{"rendered":"<p><span style=\"color: #ff6600\"><strong>Africa-Press &#8211; C\u00f4te d&rsquo;Ivoire. <\/strong><\/span>L&rsquo;ancien secre\u0301taire ge\u0301ne\u0301ral du parti fonde\u0301 par Laurent Gbagbo, aujourd&rsquo;hui deuxie\u0300me vice-pre\u0301sident du Conseil strate\u0301gique et politique (CSP), Damana Adia Pickass, comparai\u0302tra de\u0300s les 6, 7, 13 et 14 novembre 2024 au tribunal de premie\u0300re instance d\u2019Abidjan dans le cadre d&rsquo;une affaire de grande envergure qui remonte a\u0300 l\u2019anne\u0301e 2021, apprend-on de sources proches du PPA-CI.<\/p>\n<p>Accuse\u0301 d\u2019implication dans l\u2019attaque du camp militaire d&rsquo;Anyama, il fait face a\u0300 de lourdes accusations criminelles, toutes lie\u0301es a\u0300 la se\u0301curite\u0301 de l\u2019E\u0301tat et a\u0300 des actes contre la de\u0301fense nationale.<\/p>\n<p>Damana Adia Pickass, un proche collaborateur de Laurent Gbagbo et pilier du parti, voit aujourd&rsquo;hui son parcours politique entache\u0301 par des chefs d&rsquo;accusation particulie\u0300rement graves. Parmi ceux-ci figurent des accusations d&rsquo;atteinte a\u0300 la de\u0301fense nationale et de mise en danger de la su\u0302rete\u0301 de l&rsquo;E\u0301tat, des charges qui, en raison de leur nature, soulignent la gravite\u0301 des actions qui lui sont reproche\u0301es.<\/p>\n<p>La liste des accusations mentionne e\u0301galement une \u00ab association de malfaiteurs \u00bb, un terme lourd de sens en matie\u0300re criminelle, car il implique une organisation de\u0301libe\u0301re\u0301e et une coope\u0301ration avec d&rsquo;autres individus pour commettre des actes ille\u0301gaux.<\/p>\n<p>Les charges retenues contre Damana Pickass incluent aussi l\u2019assassinat, un crime qui ne peut e\u0302tre e\u0301voque\u0301 sans rappeler la porte\u0301e de l\u2019accusation et les peines se\u0301ve\u0300res qui en de\u0301coulent en cas de culpabilite\u0301. A\u0300 cela s\u2019ajoute l\u2019accusation de mercenariat, faisant re\u0301fe\u0301rence a\u0300 l&#8217;embauche pre\u0301sume\u0301e de combattants e\u0301trangers ou non assermente\u0301s pour re\u0301aliser des actions arme\u0301es, et enfin la de\u0301tention ille\u0301gale d\u2019armes a\u0300 feu, un chef d\u2019accusation qui peut, selon la gravite\u0301, impliquer une mise en pe\u0301ril des forces arme\u0301es et de la se\u0301curite\u0301 publique.<\/p>\n<p>L\u2019affaire suscite une attention toute particulie\u0300re dans la sphe\u0300re publique et politique, l\u2019homme e\u0301tant une figure notable du paysage politique ivoirien. Avec ce proce\u0300s, les autorite\u0301s judiciaires entendent examiner minutieusement l\u2019implication pre\u0301sume\u0301e de Damana Pickass dans cette affaire d&rsquo;attaque arme\u0301e, ainsi que ses e\u0301ventuelles connexions avec des groupes ou des individus ayant pu contribuer a\u0300 l\u2019ope\u0301ration contre le camp militaire.<\/p>\n<p>Les audiences de novembre, qui s&rsquo;e\u0301tendront sur plusieurs jours, offriront une tribune au ministe\u0300re public pour de\u0301tailler les faits reproche\u0301s a\u0300 Damana Pickass, et lui permettront, a\u0300 son tour, de de\u0301fendre son innocence face a\u0300 des accusations aux conse\u0301quences potentiellement tre\u0300s lourdes.<\/p>\n<p>Ce proce\u0300s est perc\u0327u comme un moment de\u0301cisif pour cet acteur politique, ainsi que pour la stabilite\u0301 du climat social en Co\u0302te d\u2019Ivoire, ou\u0300 la lutte contre les crimes d&rsquo;atteinte a\u0300 la se\u0301curite\u0301 de l&rsquo;E\u0301tat demeure une priorite\u0301 pour les autorite\u0301s.<\/p>\n<p><strong>Pour plus d&rsquo;informations et d&rsquo;analyses sur la C\u00f4te d&rsquo;Ivoire, suivez Africa-Press<\/strong><\/p>\n","protected":false},"excerpt":{"rendered":"<p>Africa-Press &#8211; C\u00f4te d&rsquo;Ivoire. L&rsquo;ancien secre\u0301taire ge\u0301ne\u0301ral du parti fonde\u0301 par Laurent Gbagbo, aujourd&rsquo;hui deuxie\u0300me vice-pre\u0301sident du Conseil strate\u0301gique et politique (CSP), Damana Adia Pickass, comparai\u0302tra de\u0300s les 6, 7, 13 et 14 novembre 2024 au tribunal de premie\u0300re instance d\u2019Abidjan dans le cadre d&rsquo;une affaire de grande envergure qui remonte a\u0300 l\u2019anne\u0301e 2021, apprend-on [&hellip;]<\/p>\n","protected":false},"author":82,"featured_media":90048,"comment_status":"open","ping_status":"closed","sticky":false,"template":"","format":"standard","meta":{"footnotes":""},"categories":[2,10],"tags":[30,787,504,29,2232,320,1233,60,1952,945],"class_list":["post-90049","post","type-post","status-publish","format-standard","has-post-thumbnail","hentry","category-politique","category-toutes-les-actualites","tag-abidjan","tag-abobo","tag-anyama","tag-cote-divoire","tag-csp","tag-gbagbo","tag-pickass","tag-politique","tag-ppa-ci","tag-tribunal"],"yoast_head":"<!-- This site is optimized with the Yoast SEO Premium plugin v26.1 (Yoast SEO v27.0) - https:\/\/yoast.com\/product\/yoast-seo-premium-wordpress\/ -->\n<title>Damana Adia Pickass de nouveau devant la justice pour des accusations graves - C\u00f4te d&#039;Ivoire<\/title>\n<meta name=\"description\" content=\"L&#039;ancien secre\u0301taire ge\u0301ne\u0301ral du parti fonde\u0301 par Laurent Gbagbo, aujourd&#039;hui deuxie\u0300me vice-pre\u0301sident du Conseil stra ...\" \/>\n<meta name=\"robots\" content=\"index, follow, max-snippet:-1, max-image-preview:large, max-video-preview:-1\" \/>\n<link rel=\"canonical\" href=\"https:\/\/www.africa-press.net\/cotedivoire\/politique\/damana-adia-pickass-de-nouveau-devant-la-justice-pour-des-accusations-graves\" \/>\n<meta property=\"og:locale\" content=\"fr_FR\" \/>\n<meta property=\"og:type\" content=\"article\" \/>\n<meta property=\"og:title\" content=\"Damana Adia Pickass de nouveau devant la justice pour des accusations graves\" \/>\n<meta property=\"og:description\" content=\"L&#039;ancien secre\u0301taire ge\u0301ne\u0301ral du parti fonde\u0301 par Laurent Gbagbo, aujourd&#039;hui deuxie\u0300me vice-pre\u0301sident du Conseil stra ...\" \/>\n<meta property=\"og:url\" content=\"https:\/\/www.africa-press.net\/cotedivoire\/politique\/damana-adia-pickass-de-nouveau-devant-la-justice-pour-des-accusations-graves\" \/>\n<meta property=\"og:site_name\" content=\"C\u00f4te d&#039;Ivoire\" \/>\n<meta property=\"article:published_time\" content=\"2024-11-02T13:50:29+00:00\" \/>\n<meta property=\"article:modified_time\" content=\"2024-11-02T14:16:24+00:00\" \/>\n<meta property=\"og:image\" content=\"https:\/\/static.africa-press.net\/cote\/sites\/43\/2024\/11\/sm_1730544310.374056.jpg\" \/>\n\t<meta property=\"og:image:width\" content=\"720\" \/>\n\t<meta property=\"og:image:height\" content=\"463\" \/>\n\t<meta property=\"og:image:type\" content=\"image\/jpeg\" \/>\n<meta name=\"author\" content=\"cfeditorfr\" \/>\n<meta name=\"twitter:card\" content=\"summary_large_image\" \/>\n<meta name=\"twitter:label1\" content=\"\u00c9crit par\" \/>\n\t<meta name=\"twitter:data1\" content=\"cfeditorfr\" \/>\n\t<meta name=\"twitter:label2\" content=\"Dur\u00e9e de lecture estim\u00e9e\" \/>\n\t<meta name=\"twitter:data2\" content=\"3 minutes\" \/>\n<script type=\"application\/ld+json\" class=\"yoast-schema-graph\">{\"@context\":\"https:\/\/schema.org\",\"@graph\":[{\"@type\":\"Article\",\"@id\":\"https:\/\/www.africa-press.net\/cotedivoire\/politique\/damana-adia-pickass-de-nouveau-devant-la-justice-pour-des-accusations-graves#article\",\"isPartOf\":{\"@id\":\"https:\/\/www.africa-press.net\/cotedivoire\/politique\/damana-adia-pickass-de-nouveau-devant-la-justice-pour-des-accusations-graves\"},\"author\":{\"name\":\"cfeditorfr\",\"@id\":\"https:\/\/www.africa-press.net\/cotedivoire\/#\/schema\/person\/2b1cf3cd81a31e3cd26889ca66d677f1\"},\"headline\":\"Damana Adia Pickass de nouveau devant la justice pour des accusations graves\",\"datePublished\":\"2024-11-02T13:50:29+00:00\",\"dateModified\":\"2024-11-02T14:16:24+00:00\",\"mainEntityOfPage\":{\"@id\":\"https:\/\/www.africa-press.net\/cotedivoire\/politique\/damana-adia-pickass-de-nouveau-devant-la-justice-pour-des-accusations-graves\"},\"wordCount\":537,\"commentCount\":0,\"image\":{\"@id\":\"https:\/\/www.africa-press.net\/cotedivoire\/politique\/damana-adia-pickass-de-nouveau-devant-la-justice-pour-des-accusations-graves#primaryimage\"},\"thumbnailUrl\":\"https:\/\/static.africa-press.net\/cote\/sites\/43\/2024\/11\/sm_1730544310.374056.jpg\",\"keywords\":[\"Abidjan\",\"Abobo\",\"Anyama\",\"C\u00d4TE D'IVOIRE\",\"CSP\",\"Gbagbo\",\"Pickass\",\"Politique\",\"PPA-CI\",\"Tribunal\"],\"articleSection\":[\"Politique\",\"Toutes les actualit\u00e9s\"],\"inLanguage\":\"fr-FR\",\"potentialAction\":[{\"@type\":\"CommentAction\",\"name\":\"Comment\",\"target\":[\"https:\/\/www.africa-press.net\/cotedivoire\/politique\/damana-adia-pickass-de-nouveau-devant-la-justice-pour-des-accusations-graves#respond\"]}]},{\"@type\":\"WebPage\",\"@id\":\"https:\/\/www.africa-press.net\/cotedivoire\/politique\/damana-adia-pickass-de-nouveau-devant-la-justice-pour-des-accusations-graves\",\"url\":\"https:\/\/www.africa-press.net\/cotedivoire\/politique\/damana-adia-pickass-de-nouveau-devant-la-justice-pour-des-accusations-graves\",\"name\":\"Damana Adia Pickass de nouveau devant la justice pour des accusations graves - C\u00f4te d&#039;Ivoire\",\"isPartOf\":{\"@id\":\"https:\/\/www.africa-press.net\/cotedivoire\/#website\"},\"primaryImageOfPage\":{\"@id\":\"https:\/\/www.africa-press.net\/cotedivoire\/politique\/damana-adia-pickass-de-nouveau-devant-la-justice-pour-des-accusations-graves#primaryimage\"},\"image\":{\"@id\":\"https:\/\/www.africa-press.net\/cotedivoire\/politique\/damana-adia-pickass-de-nouveau-devant-la-justice-pour-des-accusations-graves#primaryimage\"},\"thumbnailUrl\":\"https:\/\/static.africa-press.net\/cote\/sites\/43\/2024\/11\/sm_1730544310.374056.jpg\",\"datePublished\":\"2024-11-02T13:50:29+00:00\",\"dateModified\":\"2024-11-02T14:16:24+00:00\",\"author\":{\"@id\":\"https:\/\/www.africa-press.net\/cotedivoire\/#\/schema\/person\/2b1cf3cd81a31e3cd26889ca66d677f1\"},\"description\":\"L'ancien secre\u0301taire ge\u0301ne\u0301ral du parti fonde\u0301 par Laurent Gbagbo, aujourd'hui deuxie\u0300me vice-pre\u0301sident du Conseil stra ...\",\"breadcrumb\":{\"@id\":\"https:\/\/www.africa-press.net\/cotedivoire\/politique\/damana-adia-pickass-de-nouveau-devant-la-justice-pour-des-accusations-graves#breadcrumb\"},\"inLanguage\":\"fr-FR\",\"potentialAction\":[{\"@type\":\"ReadAction\",\"target\":[\"https:\/\/www.africa-press.net\/cotedivoire\/politique\/damana-adia-pickass-de-nouveau-devant-la-justice-pour-des-accusations-graves\"]}]},{\"@type\":\"ImageObject\",\"inLanguage\":\"fr-FR\",\"@id\":\"https:\/\/www.africa-press.net\/cotedivoire\/politique\/damana-adia-pickass-de-nouveau-devant-la-justice-pour-des-accusations-graves#primaryimage\",\"url\":\"https:\/\/static.africa-press.net\/cote\/sites\/43\/2024\/11\/sm_1730544310.374056.jpg\",\"contentUrl\":\"https:\/\/static.africa-press.net\/cote\/sites\/43\/2024\/11\/sm_1730544310.374056.jpg\",\"width\":720,\"height\":463,\"caption\":\"Damana Adia Pickass de nouveau devant la justice pour des accusations graves\"},{\"@type\":\"BreadcrumbList\",\"@id\":\"https:\/\/www.africa-press.net\/cotedivoire\/politique\/damana-adia-pickass-de-nouveau-devant-la-justice-pour-des-accusations-graves#breadcrumb\",\"itemListElement\":[{\"@type\":\"ListItem\",\"position\":1,\"name\":\"Accueil\",\"item\":\"https:\/\/www.africa-press.net\/cotedivoire\/\"},{\"@type\":\"ListItem\",\"position\":2,\"name\":\"Damana Adia Pickass de nouveau devant la justice pour des accusations graves\"}]},{\"@type\":\"WebSite\",\"@id\":\"https:\/\/www.africa-press.net\/cotedivoire\/#website\",\"url\":\"https:\/\/www.africa-press.net\/cotedivoire\/\",\"name\":\"C\u00f4te d&#039;Ivoire\",\"description\":\"Just another Africa News Agency Sites site\",\"potentialAction\":[{\"@type\":\"SearchAction\",\"target\":{\"@type\":\"EntryPoint\",\"urlTemplate\":\"https:\/\/www.africa-press.net\/cotedivoire\/?s={search_term_string}\"},\"query-input\":{\"@type\":\"PropertyValueSpecification\",\"valueRequired\":true,\"valueName\":\"search_term_string\"}}],\"inLanguage\":\"fr-FR\"},{\"@type\":\"Person\",\"@id\":\"https:\/\/www.africa-press.net\/cotedivoire\/#\/schema\/person\/2b1cf3cd81a31e3cd26889ca66d677f1\",\"name\":\"cfeditorfr\"}]}<\/script>\n<!-- \/ Yoast SEO Premium plugin. -->","yoast_head_json":{"title":"Damana Adia Pickass de nouveau devant la justice pour des accusations graves - C\u00f4te d&#039;Ivoire","description":"L'ancien secre\u0301taire ge\u0301ne\u0301ral du parti fonde\u0301 par Laurent Gbagbo, aujourd'hui deuxie\u0300me vice-pre\u0301sident du Conseil stra ...","robots":{"index":"index","follow":"follow","max-snippet":"max-snippet:-1","max-image-preview":"max-image-preview:large","max-video-preview":"max-video-preview:-1"},"canonical":"https:\/\/www.africa-press.net\/cotedivoire\/politique\/damana-adia-pickass-de-nouveau-devant-la-justice-pour-des-accusations-graves","og_locale":"fr_FR","og_type":"article","og_title":"Damana Adia Pickass de nouveau devant la justice pour des accusations graves","og_description":"L'ancien secre\u0301taire ge\u0301ne\u0301ral du parti fonde\u0301 par Laurent Gbagbo, aujourd'hui deuxie\u0300me vice-pre\u0301sident du Conseil stra ...","og_url":"https:\/\/www.africa-press.net\/cotedivoire\/politique\/damana-adia-pickass-de-nouveau-devant-la-justice-pour-des-accusations-graves","og_site_name":"C\u00f4te d&#039;Ivoire","article_published_time":"2024-11-02T13:50:29+00:00","article_modified_time":"2024-11-02T14:16:24+00:00","og_image":[{"width":720,"height":463,"url":"https:\/\/static.africa-press.net\/cote\/sites\/43\/2024\/11\/sm_1730544310.374056.jpg","type":"image\/jpeg"}],"author":"cfeditorfr","twitter_card":"summary_large_image","twitter_misc":{"\u00c9crit par":"cfeditorfr","Dur\u00e9e de lecture estim\u00e9e":"3 minutes"},"schema":{"@context":"https:\/\/schema.org","@graph":[{"@type":"Article","@id":"https:\/\/www.africa-press.net\/cotedivoire\/politique\/damana-adia-pickass-de-nouveau-devant-la-justice-pour-des-accusations-graves#article","isPartOf":{"@id":"https:\/\/www.africa-press.net\/cotedivoire\/politique\/damana-adia-pickass-de-nouveau-devant-la-justice-pour-des-accusations-graves"},"author":{"name":"cfeditorfr","@id":"https:\/\/www.africa-press.net\/cotedivoire\/#\/schema\/person\/2b1cf3cd81a31e3cd26889ca66d677f1"},"headline":"Damana Adia Pickass de nouveau devant la justice pour des accusations graves","datePublished":"2024-11-02T13:50:29+00:00","dateModified":"2024-11-02T14:16:24+00:00","mainEntityOfPage":{"@id":"https:\/\/www.africa-press.net\/cotedivoire\/politique\/damana-adia-pickass-de-nouveau-devant-la-justice-pour-des-accusations-graves"},"wordCount":537,"commentCount":0,"image":{"@id":"https:\/\/www.africa-press.net\/cotedivoire\/politique\/damana-adia-pickass-de-nouveau-devant-la-justice-pour-des-accusations-graves#primaryimage"},"thumbnailUrl":"https:\/\/static.africa-press.net\/cote\/sites\/43\/2024\/11\/sm_1730544310.374056.jpg","keywords":["Abidjan","Abobo","Anyama","C\u00d4TE D'IVOIRE","CSP","Gbagbo","Pickass","Politique","PPA-CI","Tribunal"],"articleSection":["Politique","Toutes les actualit\u00e9s"],"inLanguage":"fr-FR","potentialAction":[{"@type":"CommentAction","name":"Comment","target":["https:\/\/www.africa-press.net\/cotedivoire\/politique\/damana-adia-pickass-de-nouveau-devant-la-justice-pour-des-accusations-graves#respond"]}]},{"@type":"WebPage","@id":"https:\/\/www.africa-press.net\/cotedivoire\/politique\/damana-adia-pickass-de-nouveau-devant-la-justice-pour-des-accusations-graves","url":"https:\/\/www.africa-press.net\/cotedivoire\/politique\/damana-adia-pickass-de-nouveau-devant-la-justice-pour-des-accusations-graves","name":"Damana Adia Pickass de nouveau devant la justice pour des accusations graves - C\u00f4te d&#039;Ivoire","isPartOf":{"@id":"https:\/\/www.africa-press.net\/cotedivoire\/#website"},"primaryImageOfPage":{"@id":"https:\/\/www.africa-press.net\/cotedivoire\/politique\/damana-adia-pickass-de-nouveau-devant-la-justice-pour-des-accusations-graves#primaryimage"},"image":{"@id":"https:\/\/www.africa-press.net\/cotedivoire\/politique\/damana-adia-pickass-de-nouveau-devant-la-justice-pour-des-accusations-graves#primaryimage"},"thumbnailUrl":"https:\/\/static.africa-press.net\/cote\/sites\/43\/2024\/11\/sm_1730544310.374056.jpg","datePublished":"2024-11-02T13:50:29+00:00","dateModified":"2024-11-02T14:16:24+00:00","author":{"@id":"https:\/\/www.africa-press.net\/cotedivoire\/#\/schema\/person\/2b1cf3cd81a31e3cd26889ca66d677f1"},"description":"L'ancien secre\u0301taire ge\u0301ne\u0301ral du parti fonde\u0301 par Laurent Gbagbo, aujourd'hui deuxie\u0300me vice-pre\u0301sident du Conseil stra ...","breadcrumb":{"@id":"https:\/\/www.africa-press.net\/cotedivoire\/politique\/damana-adia-pickass-de-nouveau-devant-la-justice-pour-des-accusations-graves#breadcrumb"},"inLanguage":"fr-FR","potentialAction":[{"@type":"ReadAction","target":["https:\/\/www.africa-press.net\/cotedivoire\/politique\/damana-adia-pickass-de-nouveau-devant-la-justice-pour-des-accusations-graves"]}]},{"@type":"ImageObject","inLanguage":"fr-FR","@id":"https:\/\/www.africa-press.net\/cotedivoire\/politique\/damana-adia-pickass-de-nouveau-devant-la-justice-pour-des-accusations-graves#primaryimage","url":"https:\/\/static.africa-press.net\/cote\/sites\/43\/2024\/11\/sm_1730544310.374056.jpg","contentUrl":"https:\/\/static.africa-press.net\/cote\/sites\/43\/2024\/11\/sm_1730544310.374056.jpg","width":720,"height":463,"caption":"Damana Adia Pickass de nouveau devant la justice pour des accusations graves"},{"@type":"BreadcrumbList","@id":"https:\/\/www.africa-press.net\/cotedivoire\/politique\/damana-adia-pickass-de-nouveau-devant-la-justice-pour-des-accusations-graves#breadcrumb","itemListElement":[{"@type":"ListItem","position":1,"name":"Accueil","item":"https:\/\/www.africa-press.net\/cotedivoire\/"},{"@type":"ListItem","position":2,"name":"Damana Adia Pickass de nouveau devant la justice pour des accusations graves"}]},{"@type":"WebSite","@id":"https:\/\/www.africa-press.net\/cotedivoire\/#website","url":"https:\/\/www.africa-press.net\/cotedivoire\/","name":"C\u00f4te d&#039;Ivoire","description":"Just another Africa News Agency Sites site","potentialAction":[{"@type":"SearchAction","target":{"@type":"EntryPoint","urlTemplate":"https:\/\/www.africa-press.net\/cotedivoire\/?s={search_term_string}"},"query-input":{"@type":"PropertyValueSpecification","valueRequired":true,"valueName":"search_term_string"}}],"inLanguage":"fr-FR"},{"@type":"Person","@id":"https:\/\/www.africa-press.net\/cotedivoire\/#\/schema\/person\/2b1cf3cd81a31e3cd26889ca66d677f1","name":"cfeditorfr"}]}},"_links":{"self":[{"href":"https:\/\/www.africa-press.net\/cotedivoire\/wp-json\/wp\/v2\/posts\/90049","targetHints":{"allow":["GET"]}}],"collection":[{"href":"https:\/\/www.africa-press.net\/cotedivoire\/wp-json\/wp\/v2\/posts"}],"about":[{"href":"https:\/\/www.africa-press.net\/cotedivoire\/wp-json\/wp\/v2\/types\/post"}],"author":[{"embeddable":true,"href":"https:\/\/www.africa-press.net\/cotedivoire\/wp-json\/wp\/v2\/users\/82"}],"replies":[{"embeddable":true,"href":"https:\/\/www.africa-press.net\/cotedivoire\/wp-json\/wp\/v2\/comments?post=90049"}],"version-history":[{"count":0,"href":"https:\/\/www.africa-press.net\/cotedivoire\/wp-json\/wp\/v2\/posts\/90049\/revisions"}],"wp:featuredmedia":[{"embeddable":true,"href":"https:\/\/www.africa-press.net\/cotedivoire\/wp-json\/wp\/v2\/media\/90048"}],"wp:attachment":[{"href":"https:\/\/www.africa-press.net\/cotedivoire\/wp-json\/wp\/v2\/media?parent=90049"}],"wp:term":[{"taxonomy":"category","embeddable":true,"href":"https:\/\/www.africa-press.net\/cotedivoire\/wp-json\/wp\/v2\/categories?post=90049"},{"taxonomy":"post_tag","embeddable":true,"href":"https:\/\/www.africa-press.net\/cotedivoire\/wp-json\/wp\/v2\/tags?post=90049"}],"curies":[{"name":"wp","href":"https:\/\/api.w.org\/{rel}","templated":true}]}}