{"id":90084,"date":"2024-11-03T17:40:46","date_gmt":"2024-11-03T17:40:46","guid":{"rendered":"https:\/\/www.africa-press.net\/cotedivoire\/politique\/kevin-fieni-candidat-a-la-presidentielle-de-2025-appelle-le-gouvernement-a-supprimer-des-pas-de-portes-pour-favoriser-lentrepreneuriat"},"modified":"2024-11-03T17:54:27","modified_gmt":"2024-11-03T17:54:27","slug":"kevin-fieni-candidat-a-la-presidentielle-de-2025-appelle-le-gouvernement-a-supprimer-des-pas-de-portes-pour-favoriser-lentrepreneuriat","status":"publish","type":"post","link":"https:\/\/www.africa-press.net\/cotedivoire\/politique\/kevin-fieni-candidat-a-la-presidentielle-de-2025-appelle-le-gouvernement-a-supprimer-des-pas-de-portes-pour-favoriser-lentrepreneuriat","title":{"rendered":"K\u00e9vin Fieni, candidat \u00e0 la pr\u00e9sidentielle de 2025, appelle le gouvernement \u00e0 supprimer des pas-de-portes pour favoriser l&rsquo;entrepreneuriat"},"content":{"rendered":"<p><span style=\"color: #ff6600\"><strong>Africa-Press &#8211; C\u00f4te d&rsquo;Ivoire. <\/strong><\/span>Ke\u0301vin Fieni Koffi, pre\u0301sident du parti politique Proci-Dps, candidat de\u0301clare\u0301 aux e\u0301lections pre\u0301sidentielles d&rsquo;octobre 2025, a anime\u0301 une confe\u0301rence de presse le vendredi 1er novembre 2024 au sie\u0300ge de son parti a\u0300 Cocody.<\/p>\n<p>Lors de cette confe\u0301rence, il a aborde\u0301 le sujet crucial de la vie che\u0300re en ge\u0301ne\u0301ral, et plus spe\u0301cifiquement la hausse des cou\u0302ts des loyers, le non-respect des mesures gouvernementales sur le cautionnement des loyers, et la question des pas-de-portes.<\/p>\n<p>M. Fieni a de\u0301nonce\u0301 avec vigueur le fait qu\u2019en Co\u0302te d\u2019Ivoire, les prix des terrains et des loyers sont exage\u0301re\u0301ment e\u0301leve\u0301s, et que les proprie\u0301taires ne respectent pas la mesure fixant les cautions a\u0300 quatre mois, prise par les autorite\u0301s.<\/p>\n<p>Malgre\u0301 les cou\u0302ts e\u0301leve\u0301s des loyers, les proprie\u0301taires ont introduit le pas-de-porte, une nouvelle exigence qui aggrave la situation.<\/p>\n<p>Selon lui, cette pratique constitue un ve\u0301ritable frein a\u0300 la politique gouvernementale en faveur de l\u2019entrepreneuriat des jeunes. Il a exhorte\u0301 les autorite\u0301s a\u0300 se pencher sur cette situation et a\u0300 trouver des solutions pour soulager les populations.<\/p>\n<p>Pour le pre\u0301sident de Pro Co\u0302te d\u2019Ivoire, les autorite\u0301s pourraient mettre fin a\u0300 cette situation s\u2019il y avait une re\u0301elle volonte\u0301 politique.<\/p>\n<p>\u00ab Je propose de re\u0301duire le cou\u0302t des loyers et de mettre en place des me\u0301canismes facilitant l\u2019acce\u0300s aux terrains a\u0300 moindre cou\u0302t. Concernant le cautionnement des loyers, il a e\u0301te\u0301 officiellement fixe\u0301 a\u0300 deux mois de caution et deux mois d\u2019avance, mais ce n\u2019est pas respecte\u0301. J\u2019invite les autorite\u0301s a\u0300 faire respecter ces mesures. Nous devons aussi e\u0302tre e\u0301claire\u0301s sur cette question du cinquie\u0300me mois. J\u2019encourage le pouvoir en place a\u0300 trouver des solutions pour que davantage d\u2019Ivoiriens acce\u0300dent facilement a\u0300 des logements de\u0301cents. Quant aux pas-de-portes, je ne sais pas a\u0300 quoi cela sert concre\u0300tement. C&rsquo;est ille\u0301gal, et cela fait souffrir les entrepreneurs et la population ivoirienne. On souhaite que la jeunesse entreprenne, mais on lui impose des obstacles. Qu&rsquo;on supprime ces pas-de-portes et qu&rsquo;on permette aux entrepreneurs d&rsquo;acce\u0301der a\u0300 des loyers pour cre\u0301er des emplois pour la jeunesse ivoirienne \u00bb, a-t-il affirme\u0301.<\/p>\n<p>Il a ajoute\u0301 que si son parti acce\u0301dait au pouvoir, il supprimerait non seulement les pas-de-portes, mais ferait en sorte que les populations puissent acque\u0301rir des terrains a\u0300 moindre cou\u0302t.<\/p>\n<p>\u00ab Je re\u0302ve d\u2019une Co\u0302te d\u2019Ivoire ou\u0300 tout fonctionnaire, tout Ivoirien puisse avoir une parcelle de terrain a\u0300 un cou\u0302t abordable. Je re\u0302ve d\u2019une Co\u0302te d\u2019Ivoire sans pas-de-portes, d\u2019une Co\u0302te d\u2019Ivoire ou\u0300 l\u2019anarchie dans la fixation des loyers n\u2019existerait plus et ou\u0300 les cou\u0302ts seraient re\u0301glemente\u0301s. Je re\u0302ve d\u2019une Co\u0302te d\u2019Ivoire ou\u0300 l\u2019entrepreneuriat ne serait pas entrave\u0301 par les pas-de-portes, ni par des loyers et des terrains aux cou\u0302ts prohibitifs \u00bb, a-t-il conclu.<\/p>\n<p><strong>Pour plus d&rsquo;informations et d&rsquo;analyses sur la C\u00f4te d&rsquo;Ivoire, suivez Africa-Press<\/strong><\/p>\n","protected":false},"excerpt":{"rendered":"<p>Africa-Press &#8211; C\u00f4te d&rsquo;Ivoire. Ke\u0301vin Fieni Koffi, pre\u0301sident du parti politique Proci-Dps, candidat de\u0301clare\u0301 aux e\u0301lections pre\u0301sidentielles d&rsquo;octobre 2025, a anime\u0301 une confe\u0301rence de presse le vendredi 1er novembre 2024 au sie\u0300ge de son parti a\u0300 Cocody. Lors de cette confe\u0301rence, il a aborde\u0301 le sujet crucial de la vie che\u0300re en ge\u0301ne\u0301ral, et plus [&hellip;]<\/p>\n","protected":false},"author":82,"featured_media":90083,"comment_status":"open","ping_status":"closed","sticky":false,"template":"","format":"standard","meta":{"footnotes":""},"categories":[2,20,10],"tags":[5252,29,15457,15458],"class_list":["post-90084","post","type-post","status-publish","format-standard","has-post-thumbnail","hentry","category-politique","category-top-nouvelles","category-toutes-les-actualites","tag-candidat","tag-cote-divoire","tag-fieni","tag-proci"],"yoast_head":"<!-- This site is optimized with the Yoast SEO Premium plugin v26.1 (Yoast SEO v27.0) - https:\/\/yoast.com\/product\/yoast-seo-premium-wordpress\/ -->\n<title>K\u00e9vin Fieni, candidat \u00e0 la pr\u00e9sidentielle de 2025, appelle le gouvernement \u00e0 supprimer des pas-de-portes pour favoriser l&#039;entrepreneuriat - C\u00f4te d&#039;Ivoire<\/title>\n<meta name=\"description\" content=\"Ke\u0301vin Fieni Koffi, pre\u0301sident du parti politique Proci-Dps, candidat de\u0301clare\u0301 aux e\u0301lections pre\u0301sidentielles d&#039;octobr ...\" \/>\n<meta name=\"robots\" content=\"index, follow, max-snippet:-1, max-image-preview:large, max-video-preview:-1\" \/>\n<link rel=\"canonical\" href=\"https:\/\/www.africa-press.net\/cotedivoire\/politique\/kevin-fieni-candidat-a-la-presidentielle-de-2025-appelle-le-gouvernement-a-supprimer-des-pas-de-portes-pour-favoriser-lentrepreneuriat\" \/>\n<meta property=\"og:locale\" content=\"fr_FR\" \/>\n<meta property=\"og:type\" content=\"article\" \/>\n<meta property=\"og:title\" content=\"K\u00e9vin Fieni, candidat \u00e0 la pr\u00e9sidentielle de 2025, appelle le gouvernement \u00e0 supprimer des pas-de-portes pour favoriser l&#039;entrepreneuriat\" \/>\n<meta property=\"og:description\" content=\"Ke\u0301vin Fieni Koffi, pre\u0301sident du parti politique Proci-Dps, candidat de\u0301clare\u0301 aux e\u0301lections pre\u0301sidentielles d&#039;octobr ...\" \/>\n<meta property=\"og:url\" content=\"https:\/\/www.africa-press.net\/cotedivoire\/politique\/kevin-fieni-candidat-a-la-presidentielle-de-2025-appelle-le-gouvernement-a-supprimer-des-pas-de-portes-pour-favoriser-lentrepreneuriat\" \/>\n<meta property=\"og:site_name\" content=\"C\u00f4te d&#039;Ivoire\" \/>\n<meta property=\"article:published_time\" content=\"2024-11-03T17:40:46+00:00\" \/>\n<meta property=\"article:modified_time\" content=\"2024-11-03T17:54:27+00:00\" \/>\n<meta property=\"og:image\" content=\"https:\/\/static.africa-press.net\/cote\/sites\/43\/2024\/11\/sm_1730643826.583603.jpg\" \/>\n\t<meta property=\"og:image:width\" content=\"720\" \/>\n\t<meta property=\"og:image:height\" content=\"360\" \/>\n\t<meta property=\"og:image:type\" content=\"image\/jpeg\" \/>\n<meta name=\"author\" content=\"cfeditorfr\" \/>\n<meta name=\"twitter:card\" content=\"summary_large_image\" \/>\n<meta name=\"twitter:label1\" content=\"\u00c9crit par\" \/>\n\t<meta name=\"twitter:data1\" content=\"cfeditorfr\" \/>\n\t<meta name=\"twitter:label2\" content=\"Dur\u00e9e de lecture estim\u00e9e\" \/>\n\t<meta name=\"twitter:data2\" content=\"3 minutes\" \/>\n<script type=\"application\/ld+json\" class=\"yoast-schema-graph\">{\"@context\":\"https:\/\/schema.org\",\"@graph\":[{\"@type\":\"Article\",\"@id\":\"https:\/\/www.africa-press.net\/cotedivoire\/politique\/kevin-fieni-candidat-a-la-presidentielle-de-2025-appelle-le-gouvernement-a-supprimer-des-pas-de-portes-pour-favoriser-lentrepreneuriat#article\",\"isPartOf\":{\"@id\":\"https:\/\/www.africa-press.net\/cotedivoire\/politique\/kevin-fieni-candidat-a-la-presidentielle-de-2025-appelle-le-gouvernement-a-supprimer-des-pas-de-portes-pour-favoriser-lentrepreneuriat\"},\"author\":{\"name\":\"cfeditorfr\",\"@id\":\"https:\/\/www.africa-press.net\/cotedivoire\/#\/schema\/person\/2b1cf3cd81a31e3cd26889ca66d677f1\"},\"headline\":\"K\u00e9vin Fieni, candidat \u00e0 la pr\u00e9sidentielle de 2025, appelle le gouvernement \u00e0 supprimer des pas-de-portes pour favoriser l&rsquo;entrepreneuriat\",\"datePublished\":\"2024-11-03T17:40:46+00:00\",\"dateModified\":\"2024-11-03T17:54:27+00:00\",\"mainEntityOfPage\":{\"@id\":\"https:\/\/www.africa-press.net\/cotedivoire\/politique\/kevin-fieni-candidat-a-la-presidentielle-de-2025-appelle-le-gouvernement-a-supprimer-des-pas-de-portes-pour-favoriser-lentrepreneuriat\"},\"wordCount\":563,\"commentCount\":0,\"image\":{\"@id\":\"https:\/\/www.africa-press.net\/cotedivoire\/politique\/kevin-fieni-candidat-a-la-presidentielle-de-2025-appelle-le-gouvernement-a-supprimer-des-pas-de-portes-pour-favoriser-lentrepreneuriat#primaryimage\"},\"thumbnailUrl\":\"https:\/\/static.africa-press.net\/cote\/sites\/43\/2024\/11\/sm_1730643826.583603.jpg\",\"keywords\":[\"candidat\",\"C\u00d4TE D'IVOIRE\",\"Fi\u00e9ni\",\"Proci\"],\"articleSection\":[\"Politique\",\"Top Nouvelles\",\"Toutes les actualit\u00e9s\"],\"inLanguage\":\"fr-FR\",\"potentialAction\":[{\"@type\":\"CommentAction\",\"name\":\"Comment\",\"target\":[\"https:\/\/www.africa-press.net\/cotedivoire\/politique\/kevin-fieni-candidat-a-la-presidentielle-de-2025-appelle-le-gouvernement-a-supprimer-des-pas-de-portes-pour-favoriser-lentrepreneuriat#respond\"]}]},{\"@type\":\"WebPage\",\"@id\":\"https:\/\/www.africa-press.net\/cotedivoire\/politique\/kevin-fieni-candidat-a-la-presidentielle-de-2025-appelle-le-gouvernement-a-supprimer-des-pas-de-portes-pour-favoriser-lentrepreneuriat\",\"url\":\"https:\/\/www.africa-press.net\/cotedivoire\/politique\/kevin-fieni-candidat-a-la-presidentielle-de-2025-appelle-le-gouvernement-a-supprimer-des-pas-de-portes-pour-favoriser-lentrepreneuriat\",\"name\":\"K\u00e9vin Fieni, candidat \u00e0 la pr\u00e9sidentielle de 2025, appelle le gouvernement \u00e0 supprimer des pas-de-portes pour favoriser l'entrepreneuriat - C\u00f4te d&#039;Ivoire\",\"isPartOf\":{\"@id\":\"https:\/\/www.africa-press.net\/cotedivoire\/#website\"},\"primaryImageOfPage\":{\"@id\":\"https:\/\/www.africa-press.net\/cotedivoire\/politique\/kevin-fieni-candidat-a-la-presidentielle-de-2025-appelle-le-gouvernement-a-supprimer-des-pas-de-portes-pour-favoriser-lentrepreneuriat#primaryimage\"},\"image\":{\"@id\":\"https:\/\/www.africa-press.net\/cotedivoire\/politique\/kevin-fieni-candidat-a-la-presidentielle-de-2025-appelle-le-gouvernement-a-supprimer-des-pas-de-portes-pour-favoriser-lentrepreneuriat#primaryimage\"},\"thumbnailUrl\":\"https:\/\/static.africa-press.net\/cote\/sites\/43\/2024\/11\/sm_1730643826.583603.jpg\",\"datePublished\":\"2024-11-03T17:40:46+00:00\",\"dateModified\":\"2024-11-03T17:54:27+00:00\",\"author\":{\"@id\":\"https:\/\/www.africa-press.net\/cotedivoire\/#\/schema\/person\/2b1cf3cd81a31e3cd26889ca66d677f1\"},\"description\":\"Ke\u0301vin Fieni Koffi, pre\u0301sident du parti politique Proci-Dps, candidat de\u0301clare\u0301 aux e\u0301lections pre\u0301sidentielles d'octobr ...\",\"breadcrumb\":{\"@id\":\"https:\/\/www.africa-press.net\/cotedivoire\/politique\/kevin-fieni-candidat-a-la-presidentielle-de-2025-appelle-le-gouvernement-a-supprimer-des-pas-de-portes-pour-favoriser-lentrepreneuriat#breadcrumb\"},\"inLanguage\":\"fr-FR\",\"potentialAction\":[{\"@type\":\"ReadAction\",\"target\":[\"https:\/\/www.africa-press.net\/cotedivoire\/politique\/kevin-fieni-candidat-a-la-presidentielle-de-2025-appelle-le-gouvernement-a-supprimer-des-pas-de-portes-pour-favoriser-lentrepreneuriat\"]}]},{\"@type\":\"ImageObject\",\"inLanguage\":\"fr-FR\",\"@id\":\"https:\/\/www.africa-press.net\/cotedivoire\/politique\/kevin-fieni-candidat-a-la-presidentielle-de-2025-appelle-le-gouvernement-a-supprimer-des-pas-de-portes-pour-favoriser-lentrepreneuriat#primaryimage\",\"url\":\"https:\/\/static.africa-press.net\/cote\/sites\/43\/2024\/11\/sm_1730643826.583603.jpg\",\"contentUrl\":\"https:\/\/static.africa-press.net\/cote\/sites\/43\/2024\/11\/sm_1730643826.583603.jpg\",\"width\":720,\"height\":360,\"caption\":\"K\u00e9vin Fieni, candidat \u00e0 la pr\u00e9sidentielle de 2025, appelle le gouvernement \u00e0 supprimer des pas-de-portes pour favoriser l'entrepreneuriat\"},{\"@type\":\"BreadcrumbList\",\"@id\":\"https:\/\/www.africa-press.net\/cotedivoire\/politique\/kevin-fieni-candidat-a-la-presidentielle-de-2025-appelle-le-gouvernement-a-supprimer-des-pas-de-portes-pour-favoriser-lentrepreneuriat#breadcrumb\",\"itemListElement\":[{\"@type\":\"ListItem\",\"position\":1,\"name\":\"Accueil\",\"item\":\"https:\/\/www.africa-press.net\/cotedivoire\/\"},{\"@type\":\"ListItem\",\"position\":2,\"name\":\"K\u00e9vin Fieni, candidat \u00e0 la pr\u00e9sidentielle de 2025, appelle le gouvernement \u00e0 supprimer des pas-de-portes pour favoriser l&#8217;entrepreneuriat\"}]},{\"@type\":\"WebSite\",\"@id\":\"https:\/\/www.africa-press.net\/cotedivoire\/#website\",\"url\":\"https:\/\/www.africa-press.net\/cotedivoire\/\",\"name\":\"C\u00f4te d&#039;Ivoire\",\"description\":\"Just another Africa News Agency Sites site\",\"potentialAction\":[{\"@type\":\"SearchAction\",\"target\":{\"@type\":\"EntryPoint\",\"urlTemplate\":\"https:\/\/www.africa-press.net\/cotedivoire\/?s={search_term_string}\"},\"query-input\":{\"@type\":\"PropertyValueSpecification\",\"valueRequired\":true,\"valueName\":\"search_term_string\"}}],\"inLanguage\":\"fr-FR\"},{\"@type\":\"Person\",\"@id\":\"https:\/\/www.africa-press.net\/cotedivoire\/#\/schema\/person\/2b1cf3cd81a31e3cd26889ca66d677f1\",\"name\":\"cfeditorfr\"}]}<\/script>\n<!-- \/ Yoast SEO Premium plugin. -->","yoast_head_json":{"title":"K\u00e9vin Fieni, candidat \u00e0 la pr\u00e9sidentielle de 2025, appelle le gouvernement \u00e0 supprimer des pas-de-portes pour favoriser l'entrepreneuriat - C\u00f4te d&#039;Ivoire","description":"Ke\u0301vin Fieni Koffi, pre\u0301sident du parti politique Proci-Dps, candidat de\u0301clare\u0301 aux e\u0301lections pre\u0301sidentielles d'octobr ...","robots":{"index":"index","follow":"follow","max-snippet":"max-snippet:-1","max-image-preview":"max-image-preview:large","max-video-preview":"max-video-preview:-1"},"canonical":"https:\/\/www.africa-press.net\/cotedivoire\/politique\/kevin-fieni-candidat-a-la-presidentielle-de-2025-appelle-le-gouvernement-a-supprimer-des-pas-de-portes-pour-favoriser-lentrepreneuriat","og_locale":"fr_FR","og_type":"article","og_title":"K\u00e9vin Fieni, candidat \u00e0 la pr\u00e9sidentielle de 2025, appelle le gouvernement \u00e0 supprimer des pas-de-portes pour favoriser l'entrepreneuriat","og_description":"Ke\u0301vin Fieni Koffi, pre\u0301sident du parti politique Proci-Dps, candidat de\u0301clare\u0301 aux e\u0301lections pre\u0301sidentielles d'octobr ...","og_url":"https:\/\/www.africa-press.net\/cotedivoire\/politique\/kevin-fieni-candidat-a-la-presidentielle-de-2025-appelle-le-gouvernement-a-supprimer-des-pas-de-portes-pour-favoriser-lentrepreneuriat","og_site_name":"C\u00f4te d&#039;Ivoire","article_published_time":"2024-11-03T17:40:46+00:00","article_modified_time":"2024-11-03T17:54:27+00:00","og_image":[{"width":720,"height":360,"url":"https:\/\/static.africa-press.net\/cote\/sites\/43\/2024\/11\/sm_1730643826.583603.jpg","type":"image\/jpeg"}],"author":"cfeditorfr","twitter_card":"summary_large_image","twitter_misc":{"\u00c9crit par":"cfeditorfr","Dur\u00e9e de lecture estim\u00e9e":"3 minutes"},"schema":{"@context":"https:\/\/schema.org","@graph":[{"@type":"Article","@id":"https:\/\/www.africa-press.net\/cotedivoire\/politique\/kevin-fieni-candidat-a-la-presidentielle-de-2025-appelle-le-gouvernement-a-supprimer-des-pas-de-portes-pour-favoriser-lentrepreneuriat#article","isPartOf":{"@id":"https:\/\/www.africa-press.net\/cotedivoire\/politique\/kevin-fieni-candidat-a-la-presidentielle-de-2025-appelle-le-gouvernement-a-supprimer-des-pas-de-portes-pour-favoriser-lentrepreneuriat"},"author":{"name":"cfeditorfr","@id":"https:\/\/www.africa-press.net\/cotedivoire\/#\/schema\/person\/2b1cf3cd81a31e3cd26889ca66d677f1"},"headline":"K\u00e9vin Fieni, candidat \u00e0 la pr\u00e9sidentielle de 2025, appelle le gouvernement \u00e0 supprimer des pas-de-portes pour favoriser l&rsquo;entrepreneuriat","datePublished":"2024-11-03T17:40:46+00:00","dateModified":"2024-11-03T17:54:27+00:00","mainEntityOfPage":{"@id":"https:\/\/www.africa-press.net\/cotedivoire\/politique\/kevin-fieni-candidat-a-la-presidentielle-de-2025-appelle-le-gouvernement-a-supprimer-des-pas-de-portes-pour-favoriser-lentrepreneuriat"},"wordCount":563,"commentCount":0,"image":{"@id":"https:\/\/www.africa-press.net\/cotedivoire\/politique\/kevin-fieni-candidat-a-la-presidentielle-de-2025-appelle-le-gouvernement-a-supprimer-des-pas-de-portes-pour-favoriser-lentrepreneuriat#primaryimage"},"thumbnailUrl":"https:\/\/static.africa-press.net\/cote\/sites\/43\/2024\/11\/sm_1730643826.583603.jpg","keywords":["candidat","C\u00d4TE D'IVOIRE","Fi\u00e9ni","Proci"],"articleSection":["Politique","Top Nouvelles","Toutes les actualit\u00e9s"],"inLanguage":"fr-FR","potentialAction":[{"@type":"CommentAction","name":"Comment","target":["https:\/\/www.africa-press.net\/cotedivoire\/politique\/kevin-fieni-candidat-a-la-presidentielle-de-2025-appelle-le-gouvernement-a-supprimer-des-pas-de-portes-pour-favoriser-lentrepreneuriat#respond"]}]},{"@type":"WebPage","@id":"https:\/\/www.africa-press.net\/cotedivoire\/politique\/kevin-fieni-candidat-a-la-presidentielle-de-2025-appelle-le-gouvernement-a-supprimer-des-pas-de-portes-pour-favoriser-lentrepreneuriat","url":"https:\/\/www.africa-press.net\/cotedivoire\/politique\/kevin-fieni-candidat-a-la-presidentielle-de-2025-appelle-le-gouvernement-a-supprimer-des-pas-de-portes-pour-favoriser-lentrepreneuriat","name":"K\u00e9vin Fieni, candidat \u00e0 la pr\u00e9sidentielle de 2025, appelle le gouvernement \u00e0 supprimer des pas-de-portes pour favoriser l'entrepreneuriat - C\u00f4te d&#039;Ivoire","isPartOf":{"@id":"https:\/\/www.africa-press.net\/cotedivoire\/#website"},"primaryImageOfPage":{"@id":"https:\/\/www.africa-press.net\/cotedivoire\/politique\/kevin-fieni-candidat-a-la-presidentielle-de-2025-appelle-le-gouvernement-a-supprimer-des-pas-de-portes-pour-favoriser-lentrepreneuriat#primaryimage"},"image":{"@id":"https:\/\/www.africa-press.net\/cotedivoire\/politique\/kevin-fieni-candidat-a-la-presidentielle-de-2025-appelle-le-gouvernement-a-supprimer-des-pas-de-portes-pour-favoriser-lentrepreneuriat#primaryimage"},"thumbnailUrl":"https:\/\/static.africa-press.net\/cote\/sites\/43\/2024\/11\/sm_1730643826.583603.jpg","datePublished":"2024-11-03T17:40:46+00:00","dateModified":"2024-11-03T17:54:27+00:00","author":{"@id":"https:\/\/www.africa-press.net\/cotedivoire\/#\/schema\/person\/2b1cf3cd81a31e3cd26889ca66d677f1"},"description":"Ke\u0301vin Fieni Koffi, pre\u0301sident du parti politique Proci-Dps, candidat de\u0301clare\u0301 aux e\u0301lections pre\u0301sidentielles d'octobr ...","breadcrumb":{"@id":"https:\/\/www.africa-press.net\/cotedivoire\/politique\/kevin-fieni-candidat-a-la-presidentielle-de-2025-appelle-le-gouvernement-a-supprimer-des-pas-de-portes-pour-favoriser-lentrepreneuriat#breadcrumb"},"inLanguage":"fr-FR","potentialAction":[{"@type":"ReadAction","target":["https:\/\/www.africa-press.net\/cotedivoire\/politique\/kevin-fieni-candidat-a-la-presidentielle-de-2025-appelle-le-gouvernement-a-supprimer-des-pas-de-portes-pour-favoriser-lentrepreneuriat"]}]},{"@type":"ImageObject","inLanguage":"fr-FR","@id":"https:\/\/www.africa-press.net\/cotedivoire\/politique\/kevin-fieni-candidat-a-la-presidentielle-de-2025-appelle-le-gouvernement-a-supprimer-des-pas-de-portes-pour-favoriser-lentrepreneuriat#primaryimage","url":"https:\/\/static.africa-press.net\/cote\/sites\/43\/2024\/11\/sm_1730643826.583603.jpg","contentUrl":"https:\/\/static.africa-press.net\/cote\/sites\/43\/2024\/11\/sm_1730643826.583603.jpg","width":720,"height":360,"caption":"K\u00e9vin Fieni, candidat \u00e0 la pr\u00e9sidentielle de 2025, appelle le gouvernement \u00e0 supprimer des pas-de-portes pour favoriser l'entrepreneuriat"},{"@type":"BreadcrumbList","@id":"https:\/\/www.africa-press.net\/cotedivoire\/politique\/kevin-fieni-candidat-a-la-presidentielle-de-2025-appelle-le-gouvernement-a-supprimer-des-pas-de-portes-pour-favoriser-lentrepreneuriat#breadcrumb","itemListElement":[{"@type":"ListItem","position":1,"name":"Accueil","item":"https:\/\/www.africa-press.net\/cotedivoire\/"},{"@type":"ListItem","position":2,"name":"K\u00e9vin Fieni, candidat \u00e0 la pr\u00e9sidentielle de 2025, appelle le gouvernement \u00e0 supprimer des pas-de-portes pour favoriser l&#8217;entrepreneuriat"}]},{"@type":"WebSite","@id":"https:\/\/www.africa-press.net\/cotedivoire\/#website","url":"https:\/\/www.africa-press.net\/cotedivoire\/","name":"C\u00f4te d&#039;Ivoire","description":"Just another Africa News Agency Sites site","potentialAction":[{"@type":"SearchAction","target":{"@type":"EntryPoint","urlTemplate":"https:\/\/www.africa-press.net\/cotedivoire\/?s={search_term_string}"},"query-input":{"@type":"PropertyValueSpecification","valueRequired":true,"valueName":"search_term_string"}}],"inLanguage":"fr-FR"},{"@type":"Person","@id":"https:\/\/www.africa-press.net\/cotedivoire\/#\/schema\/person\/2b1cf3cd81a31e3cd26889ca66d677f1","name":"cfeditorfr"}]}},"_links":{"self":[{"href":"https:\/\/www.africa-press.net\/cotedivoire\/wp-json\/wp\/v2\/posts\/90084","targetHints":{"allow":["GET"]}}],"collection":[{"href":"https:\/\/www.africa-press.net\/cotedivoire\/wp-json\/wp\/v2\/posts"}],"about":[{"href":"https:\/\/www.africa-press.net\/cotedivoire\/wp-json\/wp\/v2\/types\/post"}],"author":[{"embeddable":true,"href":"https:\/\/www.africa-press.net\/cotedivoire\/wp-json\/wp\/v2\/users\/82"}],"replies":[{"embeddable":true,"href":"https:\/\/www.africa-press.net\/cotedivoire\/wp-json\/wp\/v2\/comments?post=90084"}],"version-history":[{"count":0,"href":"https:\/\/www.africa-press.net\/cotedivoire\/wp-json\/wp\/v2\/posts\/90084\/revisions"}],"wp:featuredmedia":[{"embeddable":true,"href":"https:\/\/www.africa-press.net\/cotedivoire\/wp-json\/wp\/v2\/media\/90083"}],"wp:attachment":[{"href":"https:\/\/www.africa-press.net\/cotedivoire\/wp-json\/wp\/v2\/media?parent=90084"}],"wp:term":[{"taxonomy":"category","embeddable":true,"href":"https:\/\/www.africa-press.net\/cotedivoire\/wp-json\/wp\/v2\/categories?post=90084"},{"taxonomy":"post_tag","embeddable":true,"href":"https:\/\/www.africa-press.net\/cotedivoire\/wp-json\/wp\/v2\/tags?post=90084"}],"curies":[{"name":"wp","href":"https:\/\/api.w.org\/{rel}","templated":true}]}}