{"id":9009,"date":"2021-06-15T13:11:20","date_gmt":"2021-06-15T13:11:20","guid":{"rendered":"https:\/\/www.africa-press.net\/cotedivoire\/?p=9009"},"modified":"2021-06-15T12:47:44","modified_gmt":"2021-06-15T12:47:44","slug":"retour-de-laurent-gbagbo-en-cote-divoire-le-ministre-joel-nguessan-rhdp-mettons-tous-balle-a-terre","status":"publish","type":"post","link":"https:\/\/www.africa-press.net\/cotedivoire\/politique\/retour-de-laurent-gbagbo-en-cote-divoire-le-ministre-joel-nguessan-rhdp-mettons-tous-balle-a-terre","title":{"rendered":"Retour de Laurent Gbagbo en C\u00f4te d\u2019Ivoire: Le ministre Jo\u00ebl N\u2019Guessan (RHDP) \u00abMettons tous balle \u00e0 terre\u00bb"},"content":{"rendered":"<p><span style=\"color: #ff6600\"><strong><a href=\"https:\/\/www.africa-press.net\/\">Africa-Press<\/a> &#8211; <a href=\"https:\/\/www.africa-press.net\/cotedivoire\">C\u00f4te d&rsquo;Ivoire<\/a>. <\/strong><\/span>La Cour P\u00e9nale Internationale (CPI) a d\u00e9finitivement acquitt\u00e9 l\u2019ex-Pr\u00e9sidentivoirien, le Pr\u00e9sident Laurent GBAGBO et son co-accus\u00e9, Monsieur CharlesBLE-GOUDE.Si pour le Pr\u00e9sident du COJEP de Charles Bl\u00e9 GOUDE, la date de son retourn\u2019est pas officiellement connue, les partisans du Pr\u00e9sident GBAGBO ontannonc\u00e9 son retour au pays pour le 17 juin prochain. En pr\u00e9vision du retour duPr\u00e9sident Laurent GBAGBO, des voix discordantes se sont exprim\u00e9es depuisquelques semaines. Mais, avant son retour tant attendu par ses militants, les plusfarouches supporters du Pr\u00e9sident Laurent GBAGBO sont rentr\u00e9s de leurs exils.Ils ont \u00e9t\u00e9 accueillis en toute s\u00e9r\u00e9nit\u00e9 par leurs partisans et en toute s\u00e9curit\u00e9. Ilsorganisent des meetings et des rencontres et tiennent des discours mi-figue mi-raisin sur la r\u00e9conciliation.Dans le m\u00eame temps la coordination des victimes de la crise post-\u00e9lectorale de2011, r\u00e9clame que le Pr\u00e9sident Laurent GBAGBO ne b\u00e9n\u00e9ficie pas d\u2019impunit\u00e9surtout que ce dernier est sur le coup d\u2019une condamnation \u00e0 20 ans dans sonpays.Au moment o\u00f9 notre pays, la C\u00f4te d\u2019Ivoire, tente de contrer la menace djihadistequi frappe \u00e0 nos portes, les Pro-Gbagbo ou les anti-Gbagbo sont en train deprendre le peuple de C\u00f4te d\u2019Ivoire en otage. Certains veulent un retour entriomphe, d\u2019autres souhaitent un retour en catimini. Ils veulent nous \u00e9loigner del\u2019essentiel.Mon souhait est qu\u2019on arr\u00eate tous de focaliser nos propos et nos projetsimm\u00e9diats sur le retour en catimini ou non de Monsieur Laurent GBAGBO. Jepense que 90% des ivoiriens qui sont fatigu\u00e9s de nos turpitudes politiques des 20derni\u00e8res ann\u00e9es qui ont occasionn\u00e9 des milliers de morts inutiles sont du m\u00eameavis que moi.Pour avoir \u00e9t\u00e9 moi-m\u00eame une des victimes de la crise post-\u00e9lectorale, (4 de mescollaborateurs ont \u00e9t\u00e9 abattus sous mes yeux) je demande que les parents des3000 victimes de la b\u00eatise de la politique ivoirienne acceptent de calmer le jeu.Il n\u2019est plus n\u00e9cessaire d\u2019avoir des discours guerriers.Laissons le Pr\u00e9sident Alassane OUATTARA et son Gouvernement g\u00e9rer cettenouvelle \u00e9tape de la vie de notre nation.Dans le m\u00eame temps, il faut que les partisans de l\u2019ex-Pr\u00e9sident ivoiriencomprennent que leur d\u00e9sir de triomphalisme peut conduire \u00e0 r\u00e9veiller dessentiments de haine et effaroucher profond\u00e9ment les familles des milliers de<\/p>\n<p>victimes. Notre pays n\u2019a plus besoin de vivre les inutiles \u00e9v\u00e8nements qui nousont conduits dans l\u2019ab\u00eeme depuis la r\u00e9bellion de 2002 \u00e0 la crise post-\u00e9lectoralede 2011. Mettons tous balle \u00e0 terre si nous sommes tous vraiment dispos\u00e9s \u00e0aller \u00e0 la r\u00e9conciliation et \u00e0 la paix. REPENTANCE-PARDON-RECONCILIATION, sont trois mots que nous devons tous avoir \u00e0 notre espritet dans nos bouches.<\/p>\n<p>Le Ministre Jo\u00ebl N\u2019GUESSANMembre du Conseil Politique du RHDP<\/p>\n","protected":false},"excerpt":{"rendered":"<p>Africa-Press &#8211; C\u00f4te d&rsquo;Ivoire. La Cour P\u00e9nale Internationale (CPI) a d\u00e9finitivement acquitt\u00e9 l\u2019ex-Pr\u00e9sidentivoirien, le Pr\u00e9sident Laurent GBAGBO et son co-accus\u00e9, Monsieur CharlesBLE-GOUDE.Si pour le Pr\u00e9sident du COJEP de Charles Bl\u00e9 GOUDE, la date de son retourn\u2019est pas officiellement connue, les partisans du Pr\u00e9sident GBAGBO ontannonc\u00e9 son retour au pays pour le 17 juin prochain. En [&hellip;]<\/p>\n","protected":false},"author":82,"featured_media":9008,"comment_status":"open","ping_status":"closed","sticky":false,"template":"","format":"standard","meta":{"footnotes":""},"categories":[11,2,10],"tags":[56,63,29],"class_list":["post-9009","post","type-post","status-publish","format-standard","has-post-thumbnail","hentry","category-homepage-french","category-politique","category-toutes-les-actualites","tag-africa-press","tag-africa-press-cote-divoire","tag-cote-divoire"],"yoast_head":"<!-- This site is optimized with the Yoast SEO Premium plugin v26.1 (Yoast SEO v27.0) - https:\/\/yoast.com\/product\/yoast-seo-premium-wordpress\/ -->\n<title>Retour de Laurent Gbagbo en C\u00f4te d\u2019Ivoire: Le ministre Jo\u00ebl N\u2019Guessan (RHDP) \u00abMettons tous balle \u00e0 terre\u00bb - C\u00f4te d&#039;Ivoire<\/title>\n<meta name=\"description\" content=\"La Cour P\u00e9nale Internationale (CPI) a d\u00e9finitivement acquitt\u00e9 l\u2019ex-Pr\u00e9sidentivoirien, le Pr\u00e9sident Laurent GBAGBO et son ...\" \/>\n<meta name=\"robots\" content=\"index, follow, max-snippet:-1, max-image-preview:large, max-video-preview:-1\" \/>\n<link rel=\"canonical\" href=\"https:\/\/www.africa-press.net\/cotedivoire\/politique\/retour-de-laurent-gbagbo-en-cote-divoire-le-ministre-joel-nguessan-rhdp-mettons-tous-balle-a-terre\" \/>\n<meta property=\"og:locale\" content=\"fr_FR\" \/>\n<meta property=\"og:type\" content=\"article\" \/>\n<meta property=\"og:title\" content=\"Retour de Laurent Gbagbo en C\u00f4te d\u2019Ivoire: Le ministre Jo\u00ebl N\u2019Guessan (RHDP) \u00abMettons tous balle \u00e0 terre\u00bb\" \/>\n<meta property=\"og:description\" content=\"La Cour P\u00e9nale Internationale (CPI) a d\u00e9finitivement acquitt\u00e9 l\u2019ex-Pr\u00e9sidentivoirien, le Pr\u00e9sident Laurent GBAGBO et son ...\" \/>\n<meta property=\"og:url\" content=\"https:\/\/www.africa-press.net\/cotedivoire\/politique\/retour-de-laurent-gbagbo-en-cote-divoire-le-ministre-joel-nguessan-rhdp-mettons-tous-balle-a-terre\" \/>\n<meta property=\"og:site_name\" content=\"C\u00f4te d&#039;Ivoire\" \/>\n<meta property=\"article:published_time\" content=\"2021-06-15T13:11:20+00:00\" \/>\n<meta property=\"og:image\" content=\"https:\/\/static.africa-press.net\/cote\/sites\/43\/2021\/06\/img-60c8a14ae65f1.jpg\" \/>\n\t<meta property=\"og:image:width\" content=\"720\" \/>\n\t<meta property=\"og:image:height\" content=\"612\" \/>\n\t<meta property=\"og:image:type\" content=\"image\/jpeg\" \/>\n<meta name=\"author\" content=\"cfeditorfr\" \/>\n<meta name=\"twitter:card\" content=\"summary_large_image\" \/>\n<meta name=\"twitter:label1\" content=\"\u00c9crit par\" \/>\n\t<meta name=\"twitter:data1\" content=\"cfeditorfr\" \/>\n\t<meta name=\"twitter:label2\" content=\"Dur\u00e9e de lecture estim\u00e9e\" \/>\n\t<meta name=\"twitter:data2\" content=\"2 minutes\" \/>\n<script type=\"application\/ld+json\" class=\"yoast-schema-graph\">{\"@context\":\"https:\/\/schema.org\",\"@graph\":[{\"@type\":\"Article\",\"@id\":\"https:\/\/www.africa-press.net\/cotedivoire\/politique\/retour-de-laurent-gbagbo-en-cote-divoire-le-ministre-joel-nguessan-rhdp-mettons-tous-balle-a-terre#article\",\"isPartOf\":{\"@id\":\"https:\/\/www.africa-press.net\/cotedivoire\/politique\/retour-de-laurent-gbagbo-en-cote-divoire-le-ministre-joel-nguessan-rhdp-mettons-tous-balle-a-terre\"},\"author\":{\"name\":\"cfeditorfr\",\"@id\":\"https:\/\/www.africa-press.net\/cotedivoire\/#\/schema\/person\/2b1cf3cd81a31e3cd26889ca66d677f1\"},\"headline\":\"Retour de Laurent Gbagbo en C\u00f4te d\u2019Ivoire: Le ministre Jo\u00ebl N\u2019Guessan (RHDP) \u00abMettons tous balle \u00e0 terre\u00bb\",\"datePublished\":\"2021-06-15T13:11:20+00:00\",\"mainEntityOfPage\":{\"@id\":\"https:\/\/www.africa-press.net\/cotedivoire\/politique\/retour-de-laurent-gbagbo-en-cote-divoire-le-ministre-joel-nguessan-rhdp-mettons-tous-balle-a-terre\"},\"wordCount\":495,\"commentCount\":0,\"image\":{\"@id\":\"https:\/\/www.africa-press.net\/cotedivoire\/politique\/retour-de-laurent-gbagbo-en-cote-divoire-le-ministre-joel-nguessan-rhdp-mettons-tous-balle-a-terre#primaryimage\"},\"thumbnailUrl\":\"https:\/\/static.africa-press.net\/cote\/sites\/43\/2021\/06\/img-60c8a14ae65f1.jpg\",\"keywords\":[\"Africa Press\",\"Africa Press-C\u00f4te d'Ivoire\",\"C\u00d4TE D'IVOIRE\"],\"articleSection\":[\"homepage-french\",\"Politique\",\"Toutes les actualit\u00e9s\"],\"inLanguage\":\"fr-FR\",\"potentialAction\":[{\"@type\":\"CommentAction\",\"name\":\"Comment\",\"target\":[\"https:\/\/www.africa-press.net\/cotedivoire\/politique\/retour-de-laurent-gbagbo-en-cote-divoire-le-ministre-joel-nguessan-rhdp-mettons-tous-balle-a-terre#respond\"]}]},{\"@type\":\"WebPage\",\"@id\":\"https:\/\/www.africa-press.net\/cotedivoire\/politique\/retour-de-laurent-gbagbo-en-cote-divoire-le-ministre-joel-nguessan-rhdp-mettons-tous-balle-a-terre\",\"url\":\"https:\/\/www.africa-press.net\/cotedivoire\/politique\/retour-de-laurent-gbagbo-en-cote-divoire-le-ministre-joel-nguessan-rhdp-mettons-tous-balle-a-terre\",\"name\":\"Retour de Laurent Gbagbo en C\u00f4te d\u2019Ivoire: Le ministre Jo\u00ebl N\u2019Guessan (RHDP) \u00abMettons tous balle \u00e0 terre\u00bb - C\u00f4te d&#039;Ivoire\",\"isPartOf\":{\"@id\":\"https:\/\/www.africa-press.net\/cotedivoire\/#website\"},\"primaryImageOfPage\":{\"@id\":\"https:\/\/www.africa-press.net\/cotedivoire\/politique\/retour-de-laurent-gbagbo-en-cote-divoire-le-ministre-joel-nguessan-rhdp-mettons-tous-balle-a-terre#primaryimage\"},\"image\":{\"@id\":\"https:\/\/www.africa-press.net\/cotedivoire\/politique\/retour-de-laurent-gbagbo-en-cote-divoire-le-ministre-joel-nguessan-rhdp-mettons-tous-balle-a-terre#primaryimage\"},\"thumbnailUrl\":\"https:\/\/static.africa-press.net\/cote\/sites\/43\/2021\/06\/img-60c8a14ae65f1.jpg\",\"datePublished\":\"2021-06-15T13:11:20+00:00\",\"author\":{\"@id\":\"https:\/\/www.africa-press.net\/cotedivoire\/#\/schema\/person\/2b1cf3cd81a31e3cd26889ca66d677f1\"},\"description\":\"La Cour P\u00e9nale Internationale (CPI) a d\u00e9finitivement acquitt\u00e9 l\u2019ex-Pr\u00e9sidentivoirien, le Pr\u00e9sident Laurent GBAGBO et son ...\",\"breadcrumb\":{\"@id\":\"https:\/\/www.africa-press.net\/cotedivoire\/politique\/retour-de-laurent-gbagbo-en-cote-divoire-le-ministre-joel-nguessan-rhdp-mettons-tous-balle-a-terre#breadcrumb\"},\"inLanguage\":\"fr-FR\",\"potentialAction\":[{\"@type\":\"ReadAction\",\"target\":[\"https:\/\/www.africa-press.net\/cotedivoire\/politique\/retour-de-laurent-gbagbo-en-cote-divoire-le-ministre-joel-nguessan-rhdp-mettons-tous-balle-a-terre\"]}]},{\"@type\":\"ImageObject\",\"inLanguage\":\"fr-FR\",\"@id\":\"https:\/\/www.africa-press.net\/cotedivoire\/politique\/retour-de-laurent-gbagbo-en-cote-divoire-le-ministre-joel-nguessan-rhdp-mettons-tous-balle-a-terre#primaryimage\",\"url\":\"https:\/\/static.africa-press.net\/cote\/sites\/43\/2021\/06\/img-60c8a14ae65f1.jpg\",\"contentUrl\":\"https:\/\/static.africa-press.net\/cote\/sites\/43\/2021\/06\/img-60c8a14ae65f1.jpg\",\"width\":720,\"height\":612,\"caption\":\"Retour de Laurent Gbagbo en C\u00f4te d\u2019Ivoire: Le ministre Jo\u00ebl N\u2019Guessan (RHDP) \u00abMettons tous balle \u00e0 terre\u00bb\"},{\"@type\":\"BreadcrumbList\",\"@id\":\"https:\/\/www.africa-press.net\/cotedivoire\/politique\/retour-de-laurent-gbagbo-en-cote-divoire-le-ministre-joel-nguessan-rhdp-mettons-tous-balle-a-terre#breadcrumb\",\"itemListElement\":[{\"@type\":\"ListItem\",\"position\":1,\"name\":\"Accueil\",\"item\":\"https:\/\/www.africa-press.net\/cotedivoire\/\"},{\"@type\":\"ListItem\",\"position\":2,\"name\":\"Retour de Laurent Gbagbo en C\u00f4te d\u2019Ivoire: Le ministre Jo\u00ebl N\u2019Guessan (RHDP) \u00abMettons tous balle \u00e0 terre\u00bb\"}]},{\"@type\":\"WebSite\",\"@id\":\"https:\/\/www.africa-press.net\/cotedivoire\/#website\",\"url\":\"https:\/\/www.africa-press.net\/cotedivoire\/\",\"name\":\"C\u00f4te d&#039;Ivoire\",\"description\":\"Just another Africa News Agency Sites site\",\"potentialAction\":[{\"@type\":\"SearchAction\",\"target\":{\"@type\":\"EntryPoint\",\"urlTemplate\":\"https:\/\/www.africa-press.net\/cotedivoire\/?s={search_term_string}\"},\"query-input\":{\"@type\":\"PropertyValueSpecification\",\"valueRequired\":true,\"valueName\":\"search_term_string\"}}],\"inLanguage\":\"fr-FR\"},{\"@type\":\"Person\",\"@id\":\"https:\/\/www.africa-press.net\/cotedivoire\/#\/schema\/person\/2b1cf3cd81a31e3cd26889ca66d677f1\",\"name\":\"cfeditorfr\"}]}<\/script>\n<!-- \/ Yoast SEO Premium plugin. -->","yoast_head_json":{"title":"Retour de Laurent Gbagbo en C\u00f4te d\u2019Ivoire: Le ministre Jo\u00ebl N\u2019Guessan (RHDP) \u00abMettons tous balle \u00e0 terre\u00bb - C\u00f4te d&#039;Ivoire","description":"La Cour P\u00e9nale Internationale (CPI) a d\u00e9finitivement acquitt\u00e9 l\u2019ex-Pr\u00e9sidentivoirien, le Pr\u00e9sident Laurent GBAGBO et son ...","robots":{"index":"index","follow":"follow","max-snippet":"max-snippet:-1","max-image-preview":"max-image-preview:large","max-video-preview":"max-video-preview:-1"},"canonical":"https:\/\/www.africa-press.net\/cotedivoire\/politique\/retour-de-laurent-gbagbo-en-cote-divoire-le-ministre-joel-nguessan-rhdp-mettons-tous-balle-a-terre","og_locale":"fr_FR","og_type":"article","og_title":"Retour de Laurent Gbagbo en C\u00f4te d\u2019Ivoire: Le ministre Jo\u00ebl N\u2019Guessan (RHDP) \u00abMettons tous balle \u00e0 terre\u00bb","og_description":"La Cour P\u00e9nale Internationale (CPI) a d\u00e9finitivement acquitt\u00e9 l\u2019ex-Pr\u00e9sidentivoirien, le Pr\u00e9sident Laurent GBAGBO et son ...","og_url":"https:\/\/www.africa-press.net\/cotedivoire\/politique\/retour-de-laurent-gbagbo-en-cote-divoire-le-ministre-joel-nguessan-rhdp-mettons-tous-balle-a-terre","og_site_name":"C\u00f4te d&#039;Ivoire","article_published_time":"2021-06-15T13:11:20+00:00","og_image":[{"width":720,"height":612,"url":"https:\/\/static.africa-press.net\/cote\/sites\/43\/2021\/06\/img-60c8a14ae65f1.jpg","type":"image\/jpeg"}],"author":"cfeditorfr","twitter_card":"summary_large_image","twitter_misc":{"\u00c9crit par":"cfeditorfr","Dur\u00e9e de lecture estim\u00e9e":"2 minutes"},"schema":{"@context":"https:\/\/schema.org","@graph":[{"@type":"Article","@id":"https:\/\/www.africa-press.net\/cotedivoire\/politique\/retour-de-laurent-gbagbo-en-cote-divoire-le-ministre-joel-nguessan-rhdp-mettons-tous-balle-a-terre#article","isPartOf":{"@id":"https:\/\/www.africa-press.net\/cotedivoire\/politique\/retour-de-laurent-gbagbo-en-cote-divoire-le-ministre-joel-nguessan-rhdp-mettons-tous-balle-a-terre"},"author":{"name":"cfeditorfr","@id":"https:\/\/www.africa-press.net\/cotedivoire\/#\/schema\/person\/2b1cf3cd81a31e3cd26889ca66d677f1"},"headline":"Retour de Laurent Gbagbo en C\u00f4te d\u2019Ivoire: Le ministre Jo\u00ebl N\u2019Guessan (RHDP) \u00abMettons tous balle \u00e0 terre\u00bb","datePublished":"2021-06-15T13:11:20+00:00","mainEntityOfPage":{"@id":"https:\/\/www.africa-press.net\/cotedivoire\/politique\/retour-de-laurent-gbagbo-en-cote-divoire-le-ministre-joel-nguessan-rhdp-mettons-tous-balle-a-terre"},"wordCount":495,"commentCount":0,"image":{"@id":"https:\/\/www.africa-press.net\/cotedivoire\/politique\/retour-de-laurent-gbagbo-en-cote-divoire-le-ministre-joel-nguessan-rhdp-mettons-tous-balle-a-terre#primaryimage"},"thumbnailUrl":"https:\/\/static.africa-press.net\/cote\/sites\/43\/2021\/06\/img-60c8a14ae65f1.jpg","keywords":["Africa Press","Africa Press-C\u00f4te d'Ivoire","C\u00d4TE D'IVOIRE"],"articleSection":["homepage-french","Politique","Toutes les actualit\u00e9s"],"inLanguage":"fr-FR","potentialAction":[{"@type":"CommentAction","name":"Comment","target":["https:\/\/www.africa-press.net\/cotedivoire\/politique\/retour-de-laurent-gbagbo-en-cote-divoire-le-ministre-joel-nguessan-rhdp-mettons-tous-balle-a-terre#respond"]}]},{"@type":"WebPage","@id":"https:\/\/www.africa-press.net\/cotedivoire\/politique\/retour-de-laurent-gbagbo-en-cote-divoire-le-ministre-joel-nguessan-rhdp-mettons-tous-balle-a-terre","url":"https:\/\/www.africa-press.net\/cotedivoire\/politique\/retour-de-laurent-gbagbo-en-cote-divoire-le-ministre-joel-nguessan-rhdp-mettons-tous-balle-a-terre","name":"Retour de Laurent Gbagbo en C\u00f4te d\u2019Ivoire: Le ministre Jo\u00ebl N\u2019Guessan (RHDP) \u00abMettons tous balle \u00e0 terre\u00bb - C\u00f4te d&#039;Ivoire","isPartOf":{"@id":"https:\/\/www.africa-press.net\/cotedivoire\/#website"},"primaryImageOfPage":{"@id":"https:\/\/www.africa-press.net\/cotedivoire\/politique\/retour-de-laurent-gbagbo-en-cote-divoire-le-ministre-joel-nguessan-rhdp-mettons-tous-balle-a-terre#primaryimage"},"image":{"@id":"https:\/\/www.africa-press.net\/cotedivoire\/politique\/retour-de-laurent-gbagbo-en-cote-divoire-le-ministre-joel-nguessan-rhdp-mettons-tous-balle-a-terre#primaryimage"},"thumbnailUrl":"https:\/\/static.africa-press.net\/cote\/sites\/43\/2021\/06\/img-60c8a14ae65f1.jpg","datePublished":"2021-06-15T13:11:20+00:00","author":{"@id":"https:\/\/www.africa-press.net\/cotedivoire\/#\/schema\/person\/2b1cf3cd81a31e3cd26889ca66d677f1"},"description":"La Cour P\u00e9nale Internationale (CPI) a d\u00e9finitivement acquitt\u00e9 l\u2019ex-Pr\u00e9sidentivoirien, le Pr\u00e9sident Laurent GBAGBO et son ...","breadcrumb":{"@id":"https:\/\/www.africa-press.net\/cotedivoire\/politique\/retour-de-laurent-gbagbo-en-cote-divoire-le-ministre-joel-nguessan-rhdp-mettons-tous-balle-a-terre#breadcrumb"},"inLanguage":"fr-FR","potentialAction":[{"@type":"ReadAction","target":["https:\/\/www.africa-press.net\/cotedivoire\/politique\/retour-de-laurent-gbagbo-en-cote-divoire-le-ministre-joel-nguessan-rhdp-mettons-tous-balle-a-terre"]}]},{"@type":"ImageObject","inLanguage":"fr-FR","@id":"https:\/\/www.africa-press.net\/cotedivoire\/politique\/retour-de-laurent-gbagbo-en-cote-divoire-le-ministre-joel-nguessan-rhdp-mettons-tous-balle-a-terre#primaryimage","url":"https:\/\/static.africa-press.net\/cote\/sites\/43\/2021\/06\/img-60c8a14ae65f1.jpg","contentUrl":"https:\/\/static.africa-press.net\/cote\/sites\/43\/2021\/06\/img-60c8a14ae65f1.jpg","width":720,"height":612,"caption":"Retour de Laurent Gbagbo en C\u00f4te d\u2019Ivoire: Le ministre Jo\u00ebl N\u2019Guessan (RHDP) \u00abMettons tous balle \u00e0 terre\u00bb"},{"@type":"BreadcrumbList","@id":"https:\/\/www.africa-press.net\/cotedivoire\/politique\/retour-de-laurent-gbagbo-en-cote-divoire-le-ministre-joel-nguessan-rhdp-mettons-tous-balle-a-terre#breadcrumb","itemListElement":[{"@type":"ListItem","position":1,"name":"Accueil","item":"https:\/\/www.africa-press.net\/cotedivoire\/"},{"@type":"ListItem","position":2,"name":"Retour de Laurent Gbagbo en C\u00f4te d\u2019Ivoire: Le ministre Jo\u00ebl N\u2019Guessan (RHDP) \u00abMettons tous balle \u00e0 terre\u00bb"}]},{"@type":"WebSite","@id":"https:\/\/www.africa-press.net\/cotedivoire\/#website","url":"https:\/\/www.africa-press.net\/cotedivoire\/","name":"C\u00f4te d&#039;Ivoire","description":"Just another Africa News Agency Sites site","potentialAction":[{"@type":"SearchAction","target":{"@type":"EntryPoint","urlTemplate":"https:\/\/www.africa-press.net\/cotedivoire\/?s={search_term_string}"},"query-input":{"@type":"PropertyValueSpecification","valueRequired":true,"valueName":"search_term_string"}}],"inLanguage":"fr-FR"},{"@type":"Person","@id":"https:\/\/www.africa-press.net\/cotedivoire\/#\/schema\/person\/2b1cf3cd81a31e3cd26889ca66d677f1","name":"cfeditorfr"}]}},"_links":{"self":[{"href":"https:\/\/www.africa-press.net\/cotedivoire\/wp-json\/wp\/v2\/posts\/9009","targetHints":{"allow":["GET"]}}],"collection":[{"href":"https:\/\/www.africa-press.net\/cotedivoire\/wp-json\/wp\/v2\/posts"}],"about":[{"href":"https:\/\/www.africa-press.net\/cotedivoire\/wp-json\/wp\/v2\/types\/post"}],"author":[{"embeddable":true,"href":"https:\/\/www.africa-press.net\/cotedivoire\/wp-json\/wp\/v2\/users\/82"}],"replies":[{"embeddable":true,"href":"https:\/\/www.africa-press.net\/cotedivoire\/wp-json\/wp\/v2\/comments?post=9009"}],"version-history":[{"count":0,"href":"https:\/\/www.africa-press.net\/cotedivoire\/wp-json\/wp\/v2\/posts\/9009\/revisions"}],"wp:featuredmedia":[{"embeddable":true,"href":"https:\/\/www.africa-press.net\/cotedivoire\/wp-json\/wp\/v2\/media\/9008"}],"wp:attachment":[{"href":"https:\/\/www.africa-press.net\/cotedivoire\/wp-json\/wp\/v2\/media?parent=9009"}],"wp:term":[{"taxonomy":"category","embeddable":true,"href":"https:\/\/www.africa-press.net\/cotedivoire\/wp-json\/wp\/v2\/categories?post=9009"},{"taxonomy":"post_tag","embeddable":true,"href":"https:\/\/www.africa-press.net\/cotedivoire\/wp-json\/wp\/v2\/tags?post=9009"}],"curies":[{"name":"wp","href":"https:\/\/api.w.org\/{rel}","templated":true}]}}