{"id":9015,"date":"2021-06-15T13:29:06","date_gmt":"2021-06-15T13:29:06","guid":{"rendered":"https:\/\/www.africa-press.net\/cotedivoire\/?p=9015"},"modified":"2021-06-15T13:57:20","modified_gmt":"2021-06-15T13:57:20","slug":"aeroport-cote-divoire-laurent-gbagbo-sera-accueilli-au-pavillon-presidentiel-ce-jeudi-annonce-son-parti","status":"publish","type":"post","link":"https:\/\/www.africa-press.net\/cotedivoire\/politique\/aeroport-cote-divoire-laurent-gbagbo-sera-accueilli-au-pavillon-presidentiel-ce-jeudi-annonce-son-parti","title":{"rendered":"Laurent Gbagbo sera accueilli au pavillon pr\u00e9sidentiel ce jeudi, annonce son parti"},"content":{"rendered":"<p><span style=\"color: #ff6600\"><strong><a href=\"https:\/\/www.africa-press.net\/\">Africa-Press<\/a> &#8211; <a href=\"https:\/\/www.africa-press.net\/cotedivoire\">C\u00f4te d&rsquo;Ivoire<\/a>.\u00a0 <\/strong><\/span>L\u2019ancien pr\u00e9sident ivoirien Laurent Gbagbo, sera accueilli jeudi au pavillon pr\u00e9sidentiel de l\u2019a\u00e9roport F\u00e9lix Houphou\u00ebt-Boigny d\u2019Abidjan, \u00e0 son retour en C\u00f4te d\u2019Ivoire, dont la date a \u00e9t\u00e9 confirm\u00e9e lundi par le secr\u00e9taire g\u00e9n\u00e9ral de l\u2019une des franges du Front populaire ivoirien (FPI), Assoa Adou.<\/p>\n<p>\u201cJe confirme solennellement que le pr\u00e9sident Laurent Gbagbo arrivera \u00e0 Abidjan le 17 juin par vol r\u00e9gulier venant de Bruxelles \u00e0 15H47 \u00e0 l\u2019a\u00e9roport F\u00e9lix Houphou\u00ebt-Boigny\u2019\u2019, a d\u00e9clar\u00e9 M. Assoa Adou, lors d\u2019une conf\u00e9rence de presse.<\/p>\n<p>Il a \u00e9galement annonc\u00e9 que le pavillon pr\u00e9sidentiel a \u00e9t\u00e9 accord\u00e9 au comit\u00e9 d\u2019organisation par le chef de l\u2019Etat Alassane Ouattara pour l\u2019accueil de l\u2019ancien chef de l\u2019Etat.<\/p>\n<p>\u201cIl a autoris\u00e9 que nous installions dans la cour du pavillon pr\u00e9sidentiel des b\u00e2ches pour accueillir la notabilit\u00e9\u2019\u2019, a pr\u00e9cis\u00e9 M. Assoa Adou.<\/p>\n<p>Ces derniers jours, la date et le format du retour de Laurent Gbagbo \u00e0 Abidjan ont \u00e9t\u00e9 au c\u0153ur du d\u00e9bat politique.<\/p>\n<p>Alors que ses partisans ont annonc\u00e9 la date du 17 juin et se pr\u00e9paraient \u00e0 un accueil triomphal, le gouvernement regrettait de n\u2019avoir pas \u00e9t\u00e9 associ\u00e9 au choix de cette date et semblait favorable \u00e0 un retour plut\u00f4t discret.Alerte info\/Connectionivoirienne.net<\/p>\n<p><b>CONF\u00c9RENCE DE PRESSE DU Dr ASSOA ADOU, SECR\u00c9TAIRE G\u00c9N\u00c9RAL DU FPI<\/b><\/p>\n<p>Mesdames et messieurs les journalistes,Mesdames et messieurs les professionnels de la communication et des m\u00e9dias sociaux,Mesdames et messieurs,<\/p>\n<p>Je voudrais vous t\u00e9moigner \u00e0 nouveau, au nom de mon parti, toute ma reconnaissance pour votre disponibilit\u00e9 et votre contribution \u00e0 l\u2019animation de la vie politique en C\u00f4te d\u2019Ivoire.Je vous remercie infiniment pour avoir r\u00e9pondu aussi massivement \u00e0 notre invitation dans le cadre de cette conf\u00e9rence de presse.Mesdames et messieurs les journalistes,<\/p>\n<p>1. Le 4 d\u00e9cembre 2020D\u00e8s la d\u00e9livrance de ses passeports diplomatique et ordinaire, le pr\u00e9sident Laurent GBAGBO m\u2019a imm\u00e9diatement instruit \u00e0 prendre contact avec les autorit\u00e9s ivoiriennes pour \u00e9tudier, avec celles-ci, les conditions de son retour en C\u00f4te d\u2019Ivoire, dans la qui\u00e9tude et en application des dispositions de la loi N\u00b0 2005-201 du 16 juin 2005 portant statut d\u2019ancien pr\u00e9sident de la R\u00e9publique et d\u2019ancien chef ou pr\u00e9sident d\u2019institution nationale.<\/p>\n<p>2. LE 7 d\u00e9cembre 2020J\u2019ai adress\u00e9 un courrier de demande d\u2019audience au Premier Ministre d\u2019alors, Monsieur Hamed Bakayoko.<\/p>\n<p>3. LE 6 JANVIER 2021Le Premier Ministre Hamed Bakayoko, entour\u00e9 des ministres de la S\u00e9curit\u00e9 et de la r\u00e9conciliation nationale, m\u2019a re\u00e7u, marquant ainsi le d\u00e9but des discussions avec les autorit\u00e9s sur le retour du Pr\u00e9sident Laurent Gbagbo.<\/p>\n<p>4. Le 24 f\u00e9vrier 2021A l\u2019occasion de la pr\u00e9sentation officielle du Comit\u00e9 National d\u2019Accueil, j\u2019ai inform\u00e9 l\u2019opinion nationale et internationale que le Pr\u00e9sident Laurent Gbagbo a d\u00e9cid\u00e9 de rentrer en C\u00f4te d\u2019Ivoire mi-mars 2021.<\/p>\n<p>5. Le 10 mars 2021La C\u00f4te d\u2019Ivoire apprend avec stupeur le d\u00e9c\u00e8s du Premier Ministre Hamed Bakayoko.Par respect pour le deuil national, et avec la volont\u00e9 d\u2019y apporter notre pleine contribution, le retour du Pr\u00e9sident Laurent Gbagbo a \u00e9t\u00e9 report\u00e9 \u00e0 une date ult\u00e9rieure.<\/p>\n<p>6. Le 7 avril 2021Le Pr\u00e9sident Alassane Ouattara a d\u00e9clar\u00e9 au cours du Conseil des ministres et je cite :\u00ab Quant \u00e0 Messieurs Laurent Gbagbo et Bl\u00e9 Goud\u00e9, ils sont libres de rentrer en C\u00f4te d\u2019Ivoire quand ils le souhaitent.<\/p>\n<p><b>Les frais de voyages de Monsieur Laurent Gbagbo, ainsi que ceux des membres de sa famille, seront pris en charge par l\u2019Etat de C\u00f4te d\u2019Ivoire.<\/b><\/p>\n<p>Les dispositions seront \u00e9galement prises pour que Monsieur Laurent Gbagbo b\u00e9n\u00e9ficie, conform\u00e9ment aux textes en vigueur, des avantages et des indemnit\u00e9s dus aux anciens Pr\u00e9sidents de la R\u00e9publique de C\u00f4te d\u2019Ivoire. \u00bb<\/p>\n<p>6. Le 3 mai 2021Sur instruction du Pr\u00e9sident Ouattara, j\u2019ai \u00e9t\u00e9 re\u00e7u par le Premier Ministre Achi Patrick pour la reprise des discussions sur le retour du Pr\u00e9sident Laurent Gbagbo.Depuis cette date, les \u00e9changes sont r\u00e9guliers avec les autorit\u00e9s sur tous les aspects du retour du Pr\u00e9sident Laurent Gbagbo, dans le cadre de la loi.<\/p>\n<p>7. Le 31 mai 2021Le Pr\u00e9sident Laurent Gbagbo m\u2019a demand\u00e9 d\u2019annoncer officiellement qu\u2019il a d\u00e9cid\u00e9 de rentrer en C\u00f4te d\u2019Ivoire le 17 juin 2021.<\/p>\n<p>Mesdames et messieurs les journalistes,Je vous informe que les discussions se poursuivent r\u00e9guli\u00e8rement pour faire avancer l\u2019ensemble des dossiers.Aujourd\u2019hui, je vous confirme solennellement que le Pr\u00e9sident Laurent Gbagbo arrivera \u00e0 Abidjan le jeudi 17 juin 2021, par vol en provenance de BRUXELLES.<\/p>\n<p>Une deuxi\u00e8me chose importante :Le Pr\u00e9sident Alassane Ouattara a d\u00e9cid\u00e9 de donner le pavillon pr\u00e9sidentiel pour accueillir le Pr\u00e9sident Laurent Gbagbo.<\/p>\n<p>Au nom du Front Populaire Ivoirien,Au nom de tous les pros-Gbagbo,<\/p>\n<p>Je voudrais remercier le Pr\u00e9sident Ouattara pour cet acte important, qui pour moi, va dans le sens de la r\u00e9conciliation nationale.<\/p>\n<p>Nous esp\u00e9rons que les autres dispositions pr\u00e9vues par la loi seront mises en \u0153uvre incessamment.<\/p>\n<p>&nbsp;<\/p>\n","protected":false},"excerpt":{"rendered":"<p>Africa-Press &#8211; C\u00f4te d&rsquo;Ivoire.\u00a0 L\u2019ancien pr\u00e9sident ivoirien Laurent Gbagbo, sera accueilli jeudi au pavillon pr\u00e9sidentiel de l\u2019a\u00e9roport F\u00e9lix Houphou\u00ebt-Boigny d\u2019Abidjan, \u00e0 son retour en C\u00f4te d\u2019Ivoire, dont la date a \u00e9t\u00e9 confirm\u00e9e lundi par le secr\u00e9taire g\u00e9n\u00e9ral de l\u2019une des franges du Front populaire ivoirien (FPI), Assoa Adou. \u201cJe confirme solennellement que le pr\u00e9sident Laurent [&hellip;]<\/p>\n","protected":false},"author":82,"featured_media":9014,"comment_status":"open","ping_status":"closed","sticky":false,"template":"","format":"standard","meta":{"footnotes":""},"categories":[11,2,10],"tags":[56,63,29],"class_list":["post-9015","post","type-post","status-publish","format-standard","has-post-thumbnail","hentry","category-homepage-french","category-politique","category-toutes-les-actualites","tag-africa-press","tag-africa-press-cote-divoire","tag-cote-divoire"],"yoast_head":"<!-- This site is optimized with the Yoast SEO Premium plugin v26.1 (Yoast SEO v27.0) - https:\/\/yoast.com\/product\/yoast-seo-premium-wordpress\/ -->\n<title>Laurent Gbagbo sera accueilli au pavillon pr\u00e9sidentiel ce jeudi, annonce son parti - C\u00f4te d&#039;Ivoire<\/title>\n<meta name=\"description\" content=\"Serge Alain KOFFI L\u2019ancien pr\u00e9sident ivoirien Laurent Gbagbo, sera accueilli jeudi au pavillon pr\u00e9sidentiel de l\u2019a\u00e9ropo ...\" \/>\n<meta name=\"robots\" content=\"index, follow, max-snippet:-1, max-image-preview:large, max-video-preview:-1\" \/>\n<link rel=\"canonical\" href=\"https:\/\/www.africa-press.net\/cotedivoire\/politique\/aeroport-cote-divoire-laurent-gbagbo-sera-accueilli-au-pavillon-presidentiel-ce-jeudi-annonce-son-parti\" \/>\n<meta property=\"og:locale\" content=\"fr_FR\" \/>\n<meta property=\"og:type\" content=\"article\" \/>\n<meta property=\"og:title\" content=\"Laurent Gbagbo sera accueilli au pavillon pr\u00e9sidentiel ce jeudi, annonce son parti\" \/>\n<meta property=\"og:description\" content=\"Serge Alain KOFFI L\u2019ancien pr\u00e9sident ivoirien Laurent Gbagbo, sera accueilli jeudi au pavillon pr\u00e9sidentiel de l\u2019a\u00e9ropo ...\" \/>\n<meta property=\"og:url\" content=\"https:\/\/www.africa-press.net\/cotedivoire\/politique\/aeroport-cote-divoire-laurent-gbagbo-sera-accueilli-au-pavillon-presidentiel-ce-jeudi-annonce-son-parti\" \/>\n<meta property=\"og:site_name\" content=\"C\u00f4te d&#039;Ivoire\" \/>\n<meta property=\"article:published_time\" content=\"2021-06-15T13:29:06+00:00\" \/>\n<meta property=\"article:modified_time\" content=\"2021-06-15T13:57:20+00:00\" \/>\n<meta property=\"og:image\" content=\"https:\/\/static.africa-press.net\/cote\/sites\/43\/2021\/06\/img-60c8a1b2cbcfd.jpg\" \/>\n\t<meta property=\"og:image:width\" content=\"1024\" \/>\n\t<meta property=\"og:image:height\" content=\"768\" \/>\n\t<meta property=\"og:image:type\" content=\"image\/jpeg\" \/>\n<meta name=\"author\" content=\"cfeditorfr\" \/>\n<meta name=\"twitter:card\" content=\"summary_large_image\" \/>\n<meta name=\"twitter:label1\" content=\"\u00c9crit par\" \/>\n\t<meta name=\"twitter:data1\" content=\"cfeditorfr\" \/>\n\t<meta name=\"twitter:label2\" content=\"Dur\u00e9e de lecture estim\u00e9e\" \/>\n\t<meta name=\"twitter:data2\" content=\"4 minutes\" \/>\n<script type=\"application\/ld+json\" class=\"yoast-schema-graph\">{\"@context\":\"https:\/\/schema.org\",\"@graph\":[{\"@type\":\"Article\",\"@id\":\"https:\/\/www.africa-press.net\/cotedivoire\/politique\/aeroport-cote-divoire-laurent-gbagbo-sera-accueilli-au-pavillon-presidentiel-ce-jeudi-annonce-son-parti#article\",\"isPartOf\":{\"@id\":\"https:\/\/www.africa-press.net\/cotedivoire\/politique\/aeroport-cote-divoire-laurent-gbagbo-sera-accueilli-au-pavillon-presidentiel-ce-jeudi-annonce-son-parti\"},\"author\":{\"name\":\"cfeditorfr\",\"@id\":\"https:\/\/www.africa-press.net\/cotedivoire\/#\/schema\/person\/2b1cf3cd81a31e3cd26889ca66d677f1\"},\"headline\":\"Laurent Gbagbo sera accueilli au pavillon pr\u00e9sidentiel ce jeudi, annonce son parti\",\"datePublished\":\"2021-06-15T13:29:06+00:00\",\"dateModified\":\"2021-06-15T13:57:20+00:00\",\"mainEntityOfPage\":{\"@id\":\"https:\/\/www.africa-press.net\/cotedivoire\/politique\/aeroport-cote-divoire-laurent-gbagbo-sera-accueilli-au-pavillon-presidentiel-ce-jeudi-annonce-son-parti\"},\"wordCount\":891,\"commentCount\":0,\"image\":{\"@id\":\"https:\/\/www.africa-press.net\/cotedivoire\/politique\/aeroport-cote-divoire-laurent-gbagbo-sera-accueilli-au-pavillon-presidentiel-ce-jeudi-annonce-son-parti#primaryimage\"},\"thumbnailUrl\":\"https:\/\/static.africa-press.net\/cote\/sites\/43\/2021\/06\/img-60c8a1b2cbcfd.jpg\",\"keywords\":[\"Africa Press\",\"Africa Press-C\u00f4te d'Ivoire\",\"C\u00d4TE D'IVOIRE\"],\"articleSection\":[\"homepage-french\",\"Politique\",\"Toutes les actualit\u00e9s\"],\"inLanguage\":\"fr-FR\",\"potentialAction\":[{\"@type\":\"CommentAction\",\"name\":\"Comment\",\"target\":[\"https:\/\/www.africa-press.net\/cotedivoire\/politique\/aeroport-cote-divoire-laurent-gbagbo-sera-accueilli-au-pavillon-presidentiel-ce-jeudi-annonce-son-parti#respond\"]}]},{\"@type\":\"WebPage\",\"@id\":\"https:\/\/www.africa-press.net\/cotedivoire\/politique\/aeroport-cote-divoire-laurent-gbagbo-sera-accueilli-au-pavillon-presidentiel-ce-jeudi-annonce-son-parti\",\"url\":\"https:\/\/www.africa-press.net\/cotedivoire\/politique\/aeroport-cote-divoire-laurent-gbagbo-sera-accueilli-au-pavillon-presidentiel-ce-jeudi-annonce-son-parti\",\"name\":\"Laurent Gbagbo sera accueilli au pavillon pr\u00e9sidentiel ce jeudi, annonce son parti - C\u00f4te d&#039;Ivoire\",\"isPartOf\":{\"@id\":\"https:\/\/www.africa-press.net\/cotedivoire\/#website\"},\"primaryImageOfPage\":{\"@id\":\"https:\/\/www.africa-press.net\/cotedivoire\/politique\/aeroport-cote-divoire-laurent-gbagbo-sera-accueilli-au-pavillon-presidentiel-ce-jeudi-annonce-son-parti#primaryimage\"},\"image\":{\"@id\":\"https:\/\/www.africa-press.net\/cotedivoire\/politique\/aeroport-cote-divoire-laurent-gbagbo-sera-accueilli-au-pavillon-presidentiel-ce-jeudi-annonce-son-parti#primaryimage\"},\"thumbnailUrl\":\"https:\/\/static.africa-press.net\/cote\/sites\/43\/2021\/06\/img-60c8a1b2cbcfd.jpg\",\"datePublished\":\"2021-06-15T13:29:06+00:00\",\"dateModified\":\"2021-06-15T13:57:20+00:00\",\"author\":{\"@id\":\"https:\/\/www.africa-press.net\/cotedivoire\/#\/schema\/person\/2b1cf3cd81a31e3cd26889ca66d677f1\"},\"description\":\"Serge Alain KOFFI L\u2019ancien pr\u00e9sident ivoirien Laurent Gbagbo, sera accueilli jeudi au pavillon pr\u00e9sidentiel de l\u2019a\u00e9ropo ...\",\"breadcrumb\":{\"@id\":\"https:\/\/www.africa-press.net\/cotedivoire\/politique\/aeroport-cote-divoire-laurent-gbagbo-sera-accueilli-au-pavillon-presidentiel-ce-jeudi-annonce-son-parti#breadcrumb\"},\"inLanguage\":\"fr-FR\",\"potentialAction\":[{\"@type\":\"ReadAction\",\"target\":[\"https:\/\/www.africa-press.net\/cotedivoire\/politique\/aeroport-cote-divoire-laurent-gbagbo-sera-accueilli-au-pavillon-presidentiel-ce-jeudi-annonce-son-parti\"]}]},{\"@type\":\"ImageObject\",\"inLanguage\":\"fr-FR\",\"@id\":\"https:\/\/www.africa-press.net\/cotedivoire\/politique\/aeroport-cote-divoire-laurent-gbagbo-sera-accueilli-au-pavillon-presidentiel-ce-jeudi-annonce-son-parti#primaryimage\",\"url\":\"https:\/\/static.africa-press.net\/cote\/sites\/43\/2021\/06\/img-60c8a1b2cbcfd.jpg\",\"contentUrl\":\"https:\/\/static.africa-press.net\/cote\/sites\/43\/2021\/06\/img-60c8a1b2cbcfd.jpg\",\"width\":1024,\"height\":768,\"caption\":\"A\u00e9roport\/C\u00f4te-d\u2019Ivoire: Laurent Gbagbo sera accueilli au pavillon pr\u00e9sidentiel ce jeudi, annonce son parti\"},{\"@type\":\"BreadcrumbList\",\"@id\":\"https:\/\/www.africa-press.net\/cotedivoire\/politique\/aeroport-cote-divoire-laurent-gbagbo-sera-accueilli-au-pavillon-presidentiel-ce-jeudi-annonce-son-parti#breadcrumb\",\"itemListElement\":[{\"@type\":\"ListItem\",\"position\":1,\"name\":\"Accueil\",\"item\":\"https:\/\/www.africa-press.net\/cotedivoire\/\"},{\"@type\":\"ListItem\",\"position\":2,\"name\":\"Laurent Gbagbo sera accueilli au pavillon pr\u00e9sidentiel ce jeudi, annonce son parti\"}]},{\"@type\":\"WebSite\",\"@id\":\"https:\/\/www.africa-press.net\/cotedivoire\/#website\",\"url\":\"https:\/\/www.africa-press.net\/cotedivoire\/\",\"name\":\"C\u00f4te d&#039;Ivoire\",\"description\":\"Just another Africa News Agency Sites site\",\"potentialAction\":[{\"@type\":\"SearchAction\",\"target\":{\"@type\":\"EntryPoint\",\"urlTemplate\":\"https:\/\/www.africa-press.net\/cotedivoire\/?s={search_term_string}\"},\"query-input\":{\"@type\":\"PropertyValueSpecification\",\"valueRequired\":true,\"valueName\":\"search_term_string\"}}],\"inLanguage\":\"fr-FR\"},{\"@type\":\"Person\",\"@id\":\"https:\/\/www.africa-press.net\/cotedivoire\/#\/schema\/person\/2b1cf3cd81a31e3cd26889ca66d677f1\",\"name\":\"cfeditorfr\"}]}<\/script>\n<!-- \/ Yoast SEO Premium plugin. -->","yoast_head_json":{"title":"Laurent Gbagbo sera accueilli au pavillon pr\u00e9sidentiel ce jeudi, annonce son parti - C\u00f4te d&#039;Ivoire","description":"Serge Alain KOFFI L\u2019ancien pr\u00e9sident ivoirien Laurent Gbagbo, sera accueilli jeudi au pavillon pr\u00e9sidentiel de l\u2019a\u00e9ropo ...","robots":{"index":"index","follow":"follow","max-snippet":"max-snippet:-1","max-image-preview":"max-image-preview:large","max-video-preview":"max-video-preview:-1"},"canonical":"https:\/\/www.africa-press.net\/cotedivoire\/politique\/aeroport-cote-divoire-laurent-gbagbo-sera-accueilli-au-pavillon-presidentiel-ce-jeudi-annonce-son-parti","og_locale":"fr_FR","og_type":"article","og_title":"Laurent Gbagbo sera accueilli au pavillon pr\u00e9sidentiel ce jeudi, annonce son parti","og_description":"Serge Alain KOFFI L\u2019ancien pr\u00e9sident ivoirien Laurent Gbagbo, sera accueilli jeudi au pavillon pr\u00e9sidentiel de l\u2019a\u00e9ropo ...","og_url":"https:\/\/www.africa-press.net\/cotedivoire\/politique\/aeroport-cote-divoire-laurent-gbagbo-sera-accueilli-au-pavillon-presidentiel-ce-jeudi-annonce-son-parti","og_site_name":"C\u00f4te d&#039;Ivoire","article_published_time":"2021-06-15T13:29:06+00:00","article_modified_time":"2021-06-15T13:57:20+00:00","og_image":[{"width":1024,"height":768,"url":"https:\/\/static.africa-press.net\/cote\/sites\/43\/2021\/06\/img-60c8a1b2cbcfd.jpg","type":"image\/jpeg"}],"author":"cfeditorfr","twitter_card":"summary_large_image","twitter_misc":{"\u00c9crit par":"cfeditorfr","Dur\u00e9e de lecture estim\u00e9e":"4 minutes"},"schema":{"@context":"https:\/\/schema.org","@graph":[{"@type":"Article","@id":"https:\/\/www.africa-press.net\/cotedivoire\/politique\/aeroport-cote-divoire-laurent-gbagbo-sera-accueilli-au-pavillon-presidentiel-ce-jeudi-annonce-son-parti#article","isPartOf":{"@id":"https:\/\/www.africa-press.net\/cotedivoire\/politique\/aeroport-cote-divoire-laurent-gbagbo-sera-accueilli-au-pavillon-presidentiel-ce-jeudi-annonce-son-parti"},"author":{"name":"cfeditorfr","@id":"https:\/\/www.africa-press.net\/cotedivoire\/#\/schema\/person\/2b1cf3cd81a31e3cd26889ca66d677f1"},"headline":"Laurent Gbagbo sera accueilli au pavillon pr\u00e9sidentiel ce jeudi, annonce son parti","datePublished":"2021-06-15T13:29:06+00:00","dateModified":"2021-06-15T13:57:20+00:00","mainEntityOfPage":{"@id":"https:\/\/www.africa-press.net\/cotedivoire\/politique\/aeroport-cote-divoire-laurent-gbagbo-sera-accueilli-au-pavillon-presidentiel-ce-jeudi-annonce-son-parti"},"wordCount":891,"commentCount":0,"image":{"@id":"https:\/\/www.africa-press.net\/cotedivoire\/politique\/aeroport-cote-divoire-laurent-gbagbo-sera-accueilli-au-pavillon-presidentiel-ce-jeudi-annonce-son-parti#primaryimage"},"thumbnailUrl":"https:\/\/static.africa-press.net\/cote\/sites\/43\/2021\/06\/img-60c8a1b2cbcfd.jpg","keywords":["Africa Press","Africa Press-C\u00f4te d'Ivoire","C\u00d4TE D'IVOIRE"],"articleSection":["homepage-french","Politique","Toutes les actualit\u00e9s"],"inLanguage":"fr-FR","potentialAction":[{"@type":"CommentAction","name":"Comment","target":["https:\/\/www.africa-press.net\/cotedivoire\/politique\/aeroport-cote-divoire-laurent-gbagbo-sera-accueilli-au-pavillon-presidentiel-ce-jeudi-annonce-son-parti#respond"]}]},{"@type":"WebPage","@id":"https:\/\/www.africa-press.net\/cotedivoire\/politique\/aeroport-cote-divoire-laurent-gbagbo-sera-accueilli-au-pavillon-presidentiel-ce-jeudi-annonce-son-parti","url":"https:\/\/www.africa-press.net\/cotedivoire\/politique\/aeroport-cote-divoire-laurent-gbagbo-sera-accueilli-au-pavillon-presidentiel-ce-jeudi-annonce-son-parti","name":"Laurent Gbagbo sera accueilli au pavillon pr\u00e9sidentiel ce jeudi, annonce son parti - C\u00f4te d&#039;Ivoire","isPartOf":{"@id":"https:\/\/www.africa-press.net\/cotedivoire\/#website"},"primaryImageOfPage":{"@id":"https:\/\/www.africa-press.net\/cotedivoire\/politique\/aeroport-cote-divoire-laurent-gbagbo-sera-accueilli-au-pavillon-presidentiel-ce-jeudi-annonce-son-parti#primaryimage"},"image":{"@id":"https:\/\/www.africa-press.net\/cotedivoire\/politique\/aeroport-cote-divoire-laurent-gbagbo-sera-accueilli-au-pavillon-presidentiel-ce-jeudi-annonce-son-parti#primaryimage"},"thumbnailUrl":"https:\/\/static.africa-press.net\/cote\/sites\/43\/2021\/06\/img-60c8a1b2cbcfd.jpg","datePublished":"2021-06-15T13:29:06+00:00","dateModified":"2021-06-15T13:57:20+00:00","author":{"@id":"https:\/\/www.africa-press.net\/cotedivoire\/#\/schema\/person\/2b1cf3cd81a31e3cd26889ca66d677f1"},"description":"Serge Alain KOFFI L\u2019ancien pr\u00e9sident ivoirien Laurent Gbagbo, sera accueilli jeudi au pavillon pr\u00e9sidentiel de l\u2019a\u00e9ropo ...","breadcrumb":{"@id":"https:\/\/www.africa-press.net\/cotedivoire\/politique\/aeroport-cote-divoire-laurent-gbagbo-sera-accueilli-au-pavillon-presidentiel-ce-jeudi-annonce-son-parti#breadcrumb"},"inLanguage":"fr-FR","potentialAction":[{"@type":"ReadAction","target":["https:\/\/www.africa-press.net\/cotedivoire\/politique\/aeroport-cote-divoire-laurent-gbagbo-sera-accueilli-au-pavillon-presidentiel-ce-jeudi-annonce-son-parti"]}]},{"@type":"ImageObject","inLanguage":"fr-FR","@id":"https:\/\/www.africa-press.net\/cotedivoire\/politique\/aeroport-cote-divoire-laurent-gbagbo-sera-accueilli-au-pavillon-presidentiel-ce-jeudi-annonce-son-parti#primaryimage","url":"https:\/\/static.africa-press.net\/cote\/sites\/43\/2021\/06\/img-60c8a1b2cbcfd.jpg","contentUrl":"https:\/\/static.africa-press.net\/cote\/sites\/43\/2021\/06\/img-60c8a1b2cbcfd.jpg","width":1024,"height":768,"caption":"A\u00e9roport\/C\u00f4te-d\u2019Ivoire: Laurent Gbagbo sera accueilli au pavillon pr\u00e9sidentiel ce jeudi, annonce son parti"},{"@type":"BreadcrumbList","@id":"https:\/\/www.africa-press.net\/cotedivoire\/politique\/aeroport-cote-divoire-laurent-gbagbo-sera-accueilli-au-pavillon-presidentiel-ce-jeudi-annonce-son-parti#breadcrumb","itemListElement":[{"@type":"ListItem","position":1,"name":"Accueil","item":"https:\/\/www.africa-press.net\/cotedivoire\/"},{"@type":"ListItem","position":2,"name":"Laurent Gbagbo sera accueilli au pavillon pr\u00e9sidentiel ce jeudi, annonce son parti"}]},{"@type":"WebSite","@id":"https:\/\/www.africa-press.net\/cotedivoire\/#website","url":"https:\/\/www.africa-press.net\/cotedivoire\/","name":"C\u00f4te d&#039;Ivoire","description":"Just another Africa News Agency Sites site","potentialAction":[{"@type":"SearchAction","target":{"@type":"EntryPoint","urlTemplate":"https:\/\/www.africa-press.net\/cotedivoire\/?s={search_term_string}"},"query-input":{"@type":"PropertyValueSpecification","valueRequired":true,"valueName":"search_term_string"}}],"inLanguage":"fr-FR"},{"@type":"Person","@id":"https:\/\/www.africa-press.net\/cotedivoire\/#\/schema\/person\/2b1cf3cd81a31e3cd26889ca66d677f1","name":"cfeditorfr"}]}},"_links":{"self":[{"href":"https:\/\/www.africa-press.net\/cotedivoire\/wp-json\/wp\/v2\/posts\/9015","targetHints":{"allow":["GET"]}}],"collection":[{"href":"https:\/\/www.africa-press.net\/cotedivoire\/wp-json\/wp\/v2\/posts"}],"about":[{"href":"https:\/\/www.africa-press.net\/cotedivoire\/wp-json\/wp\/v2\/types\/post"}],"author":[{"embeddable":true,"href":"https:\/\/www.africa-press.net\/cotedivoire\/wp-json\/wp\/v2\/users\/82"}],"replies":[{"embeddable":true,"href":"https:\/\/www.africa-press.net\/cotedivoire\/wp-json\/wp\/v2\/comments?post=9015"}],"version-history":[{"count":0,"href":"https:\/\/www.africa-press.net\/cotedivoire\/wp-json\/wp\/v2\/posts\/9015\/revisions"}],"wp:featuredmedia":[{"embeddable":true,"href":"https:\/\/www.africa-press.net\/cotedivoire\/wp-json\/wp\/v2\/media\/9014"}],"wp:attachment":[{"href":"https:\/\/www.africa-press.net\/cotedivoire\/wp-json\/wp\/v2\/media?parent=9015"}],"wp:term":[{"taxonomy":"category","embeddable":true,"href":"https:\/\/www.africa-press.net\/cotedivoire\/wp-json\/wp\/v2\/categories?post=9015"},{"taxonomy":"post_tag","embeddable":true,"href":"https:\/\/www.africa-press.net\/cotedivoire\/wp-json\/wp\/v2\/tags?post=9015"}],"curies":[{"name":"wp","href":"https:\/\/api.w.org\/{rel}","templated":true}]}}