{"id":90178,"date":"2024-11-05T19:20:03","date_gmt":"2024-11-05T19:20:03","guid":{"rendered":"https:\/\/www.africa-press.net\/cotedivoire\/politique\/apres-son-mariage-nady-bamba-revele-devant-des-militants-ppa-ci-de-yopougon-que-sa-relation-avec-gbagbo-remonte-a-plus-de-deux-decennies"},"modified":"2024-11-05T19:25:49","modified_gmt":"2024-11-05T19:25:49","slug":"apres-son-mariage-nady-bamba-revele-devant-des-militants-ppa-ci-de-yopougon-que-sa-relation-avec-gbagbo-remonte-a-plus-de-deux-decennies","status":"publish","type":"post","link":"https:\/\/www.africa-press.net\/cotedivoire\/politique\/apres-son-mariage-nady-bamba-revele-devant-des-militants-ppa-ci-de-yopougon-que-sa-relation-avec-gbagbo-remonte-a-plus-de-deux-decennies","title":{"rendered":"Apr\u00e8s son mariage, Nady Bamba r\u00e9v\u00e8le devant des militants PPA-CI de Yopougon que sa relation avec Gbagbo remonte \u00e0 plus de deux d\u00e9cennies"},"content":{"rendered":"<p><span style=\"color: #ff6600\"><strong>Africa-Press &#8211; C\u00f4te d&rsquo;Ivoire. <\/strong><\/span>A\u0300 l\u2019occasion des 23 ans de son mariage religieux, Nady Bamba, e\u0301pouse de l\u2019ancien pre\u0301sident Laurent Gbagbo, a souhaite\u0301 rendre hommage a\u0300 celles qui l&rsquo;ont soutenue durant les anne\u0301es de lutte et de turbulences.<\/p>\n<p>Le 1er novembre 2024, a\u0300 Yopougon, la nouvelle e\u0301pouse le\u0301gale de l&rsquo;ex-chef d\u2019E\u0301tat a choisi de partager cet anniversaire particulier avec les militantes du Parti des Peuples Africains-Co\u0302te d&rsquo;Ivoire (PPA-CI), affirmant que cette rencontre e\u0301tait pour elle une manie\u0300re de te\u0301moigner sa gratitude a\u0300 celles qui ont e\u0301te\u0301 aux co\u0302te\u0301s de son e\u0301poux et d&rsquo;elle-me\u0302me durant les e\u0301preuves.<\/p>\n<p>Si leur mariage civil n\u2019a e\u0301te\u0301 ce\u0301le\u0301bre\u0301 qu\u2019en aou\u0302t dernier, la relation entre Laurent Gbagbo et Nady Bamba remonte a\u0300 plus de deux de\u0301cennies.<\/p>\n<p>Ce 1er novembre marquait un tournant important, non seulement comme date anniversaire de leur union religieuse, mais aussi comme moment de communion entre Nady Bamba et les soutiens du PPA-CI. En apportant un ga\u0302teau, elle a transforme\u0301 cet e\u0301ve\u0301nement en un geste de reconnaissance publique, laissant derrie\u0300re elle la sphe\u0300re prive\u0301e pour honorer ce lien qui s&rsquo;est renforce\u0301 dans les moments les plus difficiles.<\/p>\n<p>Nady Bamba a souligne\u0301 que, bien qu\u2019elle et Laurent Gbagbo aient du\u0302 faire face a\u0300 des e\u0301preuves personnelles et politiques, le soutien constant des membres du PPA-CI, en particulier des militantes, lui a permis de rester re\u0301solue. \u00ab\u00a0Il y a 23 ans, j&rsquo;unissais ma vie religieusement avec Laurent Gbagbo. Aujourd&rsquo;hui, je suis ici pour dire merci, merci infiniment a\u0300 chacune de vous,\u00a0\u00bb a-t-elle de\u0301clare\u0301. Elle a ajoute\u0301 que cet acte n\u2019avait aucune vise\u0301e politique, mais qu&rsquo;il s&rsquo;agissait uniquement d&rsquo;une marque de reconnaissance since\u0300re pour les efforts et la fide\u0301lite\u0301 des sympathisants.<\/p>\n<p>En e\u0301voquant la pe\u0301riode de de\u0301tention de Laurent Gbagbo a\u0300 la Cour pe\u0301nale internationale, Nady Bamba a exprime\u0301 combien leur soutien avait e\u0301te\u0301 pre\u0301cieux pour elle. \u00ab\u00a0Je ne me suis jamais sentie seule, car vous e\u0301tiez la\u0300 a\u0300 prier, marcher, jeu\u0302ner, de\u0301noncer cette injustice. Vous m\u2019avez permis de ne jamais douter de lui, et de rester a\u0300 ses co\u0302te\u0301s avec force,\u00a0\u00bb a-t-elle rappele\u0301, soulignant que cette solidarite\u0301 avait e\u0301te\u0301 pour elle une ve\u0301ritable source de courage.<\/p>\n<p><strong>Pour plus d&rsquo;informations et d&rsquo;analyses sur la C\u00f4te d&rsquo;Ivoire, suivez Africa-Press<\/strong><\/p>\n","protected":false},"excerpt":{"rendered":"<p>Africa-Press &#8211; C\u00f4te d&rsquo;Ivoire. A\u0300 l\u2019occasion des 23 ans de son mariage religieux, Nady Bamba, e\u0301pouse de l\u2019ancien pre\u0301sident Laurent Gbagbo, a souhaite\u0301 rendre hommage a\u0300 celles qui l&rsquo;ont soutenue durant les anne\u0301es de lutte et de turbulences. Le 1er novembre 2024, a\u0300 Yopougon, la nouvelle e\u0301pouse le\u0301gale de l&rsquo;ex-chef d\u2019E\u0301tat a choisi de partager [&hellip;]<\/p>\n","protected":false},"author":82,"featured_media":90177,"comment_status":"open","ping_status":"closed","sticky":false,"template":"","format":"standard","meta":{"footnotes":""},"categories":[2,10],"tags":[29,320,2505,1952,540],"class_list":["post-90178","post","type-post","status-publish","format-standard","has-post-thumbnail","hentry","category-politique","category-toutes-les-actualites","tag-cote-divoire","tag-gbagbo","tag-nady-bamba","tag-ppa-ci","tag-yopougon"],"yoast_head":"<!-- This site is optimized with the Yoast SEO Premium plugin v26.1 (Yoast SEO v27.0) - https:\/\/yoast.com\/product\/yoast-seo-premium-wordpress\/ -->\n<title>Apr\u00e8s son mariage, Nady Bamba r\u00e9v\u00e8le devant des militants PPA-CI de Yopougon que sa relation avec Gbagbo remonte \u00e0 plus de deux d\u00e9cennies - C\u00f4te d&#039;Ivoire<\/title>\n<meta name=\"description\" content=\"A\u0300 l\u2019occasion des 23 ans de son mariage religieux, Nady Bamba, e\u0301pouse de l\u2019ancien pre\u0301sident Laurent Gbagbo, a souhaite ...\" \/>\n<meta name=\"robots\" content=\"index, follow, max-snippet:-1, max-image-preview:large, max-video-preview:-1\" \/>\n<link rel=\"canonical\" href=\"https:\/\/www.africa-press.net\/cotedivoire\/politique\/apres-son-mariage-nady-bamba-revele-devant-des-militants-ppa-ci-de-yopougon-que-sa-relation-avec-gbagbo-remonte-a-plus-de-deux-decennies\" \/>\n<meta property=\"og:locale\" content=\"fr_FR\" \/>\n<meta property=\"og:type\" content=\"article\" \/>\n<meta property=\"og:title\" content=\"Apr\u00e8s son mariage, Nady Bamba r\u00e9v\u00e8le devant des militants PPA-CI de Yopougon que sa relation avec Gbagbo remonte \u00e0 plus de deux d\u00e9cennies\" \/>\n<meta property=\"og:description\" content=\"A\u0300 l\u2019occasion des 23 ans de son mariage religieux, Nady Bamba, e\u0301pouse de l\u2019ancien pre\u0301sident Laurent Gbagbo, a souhaite ...\" \/>\n<meta property=\"og:url\" content=\"https:\/\/www.africa-press.net\/cotedivoire\/politique\/apres-son-mariage-nady-bamba-revele-devant-des-militants-ppa-ci-de-yopougon-que-sa-relation-avec-gbagbo-remonte-a-plus-de-deux-decennies\" \/>\n<meta property=\"og:site_name\" content=\"C\u00f4te d&#039;Ivoire\" \/>\n<meta property=\"article:published_time\" content=\"2024-11-05T19:20:03+00:00\" \/>\n<meta property=\"article:modified_time\" content=\"2024-11-05T19:25:49+00:00\" \/>\n<meta property=\"og:image\" content=\"https:\/\/static.africa-press.net\/cote\/sites\/43\/2024\/11\/sm_1730822086.95178.jpg\" \/>\n\t<meta property=\"og:image:width\" content=\"720\" \/>\n\t<meta property=\"og:image:height\" content=\"415\" \/>\n\t<meta property=\"og:image:type\" content=\"image\/jpeg\" \/>\n<meta name=\"author\" content=\"cfeditorfr\" \/>\n<meta name=\"twitter:card\" content=\"summary_large_image\" \/>\n<meta name=\"twitter:label1\" content=\"\u00c9crit par\" \/>\n\t<meta name=\"twitter:data1\" content=\"cfeditorfr\" \/>\n\t<meta name=\"twitter:label2\" content=\"Dur\u00e9e de lecture estim\u00e9e\" \/>\n\t<meta name=\"twitter:data2\" content=\"3 minutes\" \/>\n<script type=\"application\/ld+json\" class=\"yoast-schema-graph\">{\"@context\":\"https:\/\/schema.org\",\"@graph\":[{\"@type\":\"Article\",\"@id\":\"https:\/\/www.africa-press.net\/cotedivoire\/politique\/apres-son-mariage-nady-bamba-revele-devant-des-militants-ppa-ci-de-yopougon-que-sa-relation-avec-gbagbo-remonte-a-plus-de-deux-decennies#article\",\"isPartOf\":{\"@id\":\"https:\/\/www.africa-press.net\/cotedivoire\/politique\/apres-son-mariage-nady-bamba-revele-devant-des-militants-ppa-ci-de-yopougon-que-sa-relation-avec-gbagbo-remonte-a-plus-de-deux-decennies\"},\"author\":{\"name\":\"cfeditorfr\",\"@id\":\"https:\/\/www.africa-press.net\/cotedivoire\/#\/schema\/person\/2b1cf3cd81a31e3cd26889ca66d677f1\"},\"headline\":\"Apr\u00e8s son mariage, Nady Bamba r\u00e9v\u00e8le devant des militants PPA-CI de Yopougon que sa relation avec Gbagbo remonte \u00e0 plus de deux d\u00e9cennies\",\"datePublished\":\"2024-11-05T19:20:03+00:00\",\"dateModified\":\"2024-11-05T19:25:49+00:00\",\"mainEntityOfPage\":{\"@id\":\"https:\/\/www.africa-press.net\/cotedivoire\/politique\/apres-son-mariage-nady-bamba-revele-devant-des-militants-ppa-ci-de-yopougon-que-sa-relation-avec-gbagbo-remonte-a-plus-de-deux-decennies\"},\"wordCount\":455,\"commentCount\":0,\"image\":{\"@id\":\"https:\/\/www.africa-press.net\/cotedivoire\/politique\/apres-son-mariage-nady-bamba-revele-devant-des-militants-ppa-ci-de-yopougon-que-sa-relation-avec-gbagbo-remonte-a-plus-de-deux-decennies#primaryimage\"},\"thumbnailUrl\":\"https:\/\/static.africa-press.net\/cote\/sites\/43\/2024\/11\/sm_1730822086.95178.jpg\",\"keywords\":[\"C\u00d4TE D'IVOIRE\",\"Gbagbo\",\"Nady Bamba\",\"PPA-CI\",\"Yopougon\"],\"articleSection\":[\"Politique\",\"Toutes les actualit\u00e9s\"],\"inLanguage\":\"fr-FR\",\"potentialAction\":[{\"@type\":\"CommentAction\",\"name\":\"Comment\",\"target\":[\"https:\/\/www.africa-press.net\/cotedivoire\/politique\/apres-son-mariage-nady-bamba-revele-devant-des-militants-ppa-ci-de-yopougon-que-sa-relation-avec-gbagbo-remonte-a-plus-de-deux-decennies#respond\"]}]},{\"@type\":\"WebPage\",\"@id\":\"https:\/\/www.africa-press.net\/cotedivoire\/politique\/apres-son-mariage-nady-bamba-revele-devant-des-militants-ppa-ci-de-yopougon-que-sa-relation-avec-gbagbo-remonte-a-plus-de-deux-decennies\",\"url\":\"https:\/\/www.africa-press.net\/cotedivoire\/politique\/apres-son-mariage-nady-bamba-revele-devant-des-militants-ppa-ci-de-yopougon-que-sa-relation-avec-gbagbo-remonte-a-plus-de-deux-decennies\",\"name\":\"Apr\u00e8s son mariage, Nady Bamba r\u00e9v\u00e8le devant des militants PPA-CI de Yopougon que sa relation avec Gbagbo remonte \u00e0 plus de deux d\u00e9cennies - C\u00f4te d&#039;Ivoire\",\"isPartOf\":{\"@id\":\"https:\/\/www.africa-press.net\/cotedivoire\/#website\"},\"primaryImageOfPage\":{\"@id\":\"https:\/\/www.africa-press.net\/cotedivoire\/politique\/apres-son-mariage-nady-bamba-revele-devant-des-militants-ppa-ci-de-yopougon-que-sa-relation-avec-gbagbo-remonte-a-plus-de-deux-decennies#primaryimage\"},\"image\":{\"@id\":\"https:\/\/www.africa-press.net\/cotedivoire\/politique\/apres-son-mariage-nady-bamba-revele-devant-des-militants-ppa-ci-de-yopougon-que-sa-relation-avec-gbagbo-remonte-a-plus-de-deux-decennies#primaryimage\"},\"thumbnailUrl\":\"https:\/\/static.africa-press.net\/cote\/sites\/43\/2024\/11\/sm_1730822086.95178.jpg\",\"datePublished\":\"2024-11-05T19:20:03+00:00\",\"dateModified\":\"2024-11-05T19:25:49+00:00\",\"author\":{\"@id\":\"https:\/\/www.africa-press.net\/cotedivoire\/#\/schema\/person\/2b1cf3cd81a31e3cd26889ca66d677f1\"},\"description\":\"A\u0300 l\u2019occasion des 23 ans de son mariage religieux, Nady Bamba, e\u0301pouse de l\u2019ancien pre\u0301sident Laurent Gbagbo, a souhaite ...\",\"breadcrumb\":{\"@id\":\"https:\/\/www.africa-press.net\/cotedivoire\/politique\/apres-son-mariage-nady-bamba-revele-devant-des-militants-ppa-ci-de-yopougon-que-sa-relation-avec-gbagbo-remonte-a-plus-de-deux-decennies#breadcrumb\"},\"inLanguage\":\"fr-FR\",\"potentialAction\":[{\"@type\":\"ReadAction\",\"target\":[\"https:\/\/www.africa-press.net\/cotedivoire\/politique\/apres-son-mariage-nady-bamba-revele-devant-des-militants-ppa-ci-de-yopougon-que-sa-relation-avec-gbagbo-remonte-a-plus-de-deux-decennies\"]}]},{\"@type\":\"ImageObject\",\"inLanguage\":\"fr-FR\",\"@id\":\"https:\/\/www.africa-press.net\/cotedivoire\/politique\/apres-son-mariage-nady-bamba-revele-devant-des-militants-ppa-ci-de-yopougon-que-sa-relation-avec-gbagbo-remonte-a-plus-de-deux-decennies#primaryimage\",\"url\":\"https:\/\/static.africa-press.net\/cote\/sites\/43\/2024\/11\/sm_1730822086.95178.jpg\",\"contentUrl\":\"https:\/\/static.africa-press.net\/cote\/sites\/43\/2024\/11\/sm_1730822086.95178.jpg\",\"width\":720,\"height\":415,\"caption\":\"Apr\u00e8s son mariage, Nady Bamba r\u00e9v\u00e8le devant des militants PPA-CI de Yopougon que sa relation avec Gbagbo remonte \u00e0 plus de deux d\u00e9cennies\"},{\"@type\":\"BreadcrumbList\",\"@id\":\"https:\/\/www.africa-press.net\/cotedivoire\/politique\/apres-son-mariage-nady-bamba-revele-devant-des-militants-ppa-ci-de-yopougon-que-sa-relation-avec-gbagbo-remonte-a-plus-de-deux-decennies#breadcrumb\",\"itemListElement\":[{\"@type\":\"ListItem\",\"position\":1,\"name\":\"Accueil\",\"item\":\"https:\/\/www.africa-press.net\/cotedivoire\/\"},{\"@type\":\"ListItem\",\"position\":2,\"name\":\"Apr\u00e8s son mariage, Nady Bamba r\u00e9v\u00e8le devant des militants PPA-CI de Yopougon que sa relation avec Gbagbo remonte \u00e0 plus de deux d\u00e9cennies\"}]},{\"@type\":\"WebSite\",\"@id\":\"https:\/\/www.africa-press.net\/cotedivoire\/#website\",\"url\":\"https:\/\/www.africa-press.net\/cotedivoire\/\",\"name\":\"C\u00f4te d&#039;Ivoire\",\"description\":\"Just another Africa News Agency Sites site\",\"potentialAction\":[{\"@type\":\"SearchAction\",\"target\":{\"@type\":\"EntryPoint\",\"urlTemplate\":\"https:\/\/www.africa-press.net\/cotedivoire\/?s={search_term_string}\"},\"query-input\":{\"@type\":\"PropertyValueSpecification\",\"valueRequired\":true,\"valueName\":\"search_term_string\"}}],\"inLanguage\":\"fr-FR\"},{\"@type\":\"Person\",\"@id\":\"https:\/\/www.africa-press.net\/cotedivoire\/#\/schema\/person\/2b1cf3cd81a31e3cd26889ca66d677f1\",\"name\":\"cfeditorfr\"}]}<\/script>\n<!-- \/ Yoast SEO Premium plugin. -->","yoast_head_json":{"title":"Apr\u00e8s son mariage, Nady Bamba r\u00e9v\u00e8le devant des militants PPA-CI de Yopougon que sa relation avec Gbagbo remonte \u00e0 plus de deux d\u00e9cennies - C\u00f4te d&#039;Ivoire","description":"A\u0300 l\u2019occasion des 23 ans de son mariage religieux, Nady Bamba, e\u0301pouse de l\u2019ancien pre\u0301sident Laurent Gbagbo, a souhaite ...","robots":{"index":"index","follow":"follow","max-snippet":"max-snippet:-1","max-image-preview":"max-image-preview:large","max-video-preview":"max-video-preview:-1"},"canonical":"https:\/\/www.africa-press.net\/cotedivoire\/politique\/apres-son-mariage-nady-bamba-revele-devant-des-militants-ppa-ci-de-yopougon-que-sa-relation-avec-gbagbo-remonte-a-plus-de-deux-decennies","og_locale":"fr_FR","og_type":"article","og_title":"Apr\u00e8s son mariage, Nady Bamba r\u00e9v\u00e8le devant des militants PPA-CI de Yopougon que sa relation avec Gbagbo remonte \u00e0 plus de deux d\u00e9cennies","og_description":"A\u0300 l\u2019occasion des 23 ans de son mariage religieux, Nady Bamba, e\u0301pouse de l\u2019ancien pre\u0301sident Laurent Gbagbo, a souhaite ...","og_url":"https:\/\/www.africa-press.net\/cotedivoire\/politique\/apres-son-mariage-nady-bamba-revele-devant-des-militants-ppa-ci-de-yopougon-que-sa-relation-avec-gbagbo-remonte-a-plus-de-deux-decennies","og_site_name":"C\u00f4te d&#039;Ivoire","article_published_time":"2024-11-05T19:20:03+00:00","article_modified_time":"2024-11-05T19:25:49+00:00","og_image":[{"width":720,"height":415,"url":"https:\/\/static.africa-press.net\/cote\/sites\/43\/2024\/11\/sm_1730822086.95178.jpg","type":"image\/jpeg"}],"author":"cfeditorfr","twitter_card":"summary_large_image","twitter_misc":{"\u00c9crit par":"cfeditorfr","Dur\u00e9e de lecture estim\u00e9e":"3 minutes"},"schema":{"@context":"https:\/\/schema.org","@graph":[{"@type":"Article","@id":"https:\/\/www.africa-press.net\/cotedivoire\/politique\/apres-son-mariage-nady-bamba-revele-devant-des-militants-ppa-ci-de-yopougon-que-sa-relation-avec-gbagbo-remonte-a-plus-de-deux-decennies#article","isPartOf":{"@id":"https:\/\/www.africa-press.net\/cotedivoire\/politique\/apres-son-mariage-nady-bamba-revele-devant-des-militants-ppa-ci-de-yopougon-que-sa-relation-avec-gbagbo-remonte-a-plus-de-deux-decennies"},"author":{"name":"cfeditorfr","@id":"https:\/\/www.africa-press.net\/cotedivoire\/#\/schema\/person\/2b1cf3cd81a31e3cd26889ca66d677f1"},"headline":"Apr\u00e8s son mariage, Nady Bamba r\u00e9v\u00e8le devant des militants PPA-CI de Yopougon que sa relation avec Gbagbo remonte \u00e0 plus de deux d\u00e9cennies","datePublished":"2024-11-05T19:20:03+00:00","dateModified":"2024-11-05T19:25:49+00:00","mainEntityOfPage":{"@id":"https:\/\/www.africa-press.net\/cotedivoire\/politique\/apres-son-mariage-nady-bamba-revele-devant-des-militants-ppa-ci-de-yopougon-que-sa-relation-avec-gbagbo-remonte-a-plus-de-deux-decennies"},"wordCount":455,"commentCount":0,"image":{"@id":"https:\/\/www.africa-press.net\/cotedivoire\/politique\/apres-son-mariage-nady-bamba-revele-devant-des-militants-ppa-ci-de-yopougon-que-sa-relation-avec-gbagbo-remonte-a-plus-de-deux-decennies#primaryimage"},"thumbnailUrl":"https:\/\/static.africa-press.net\/cote\/sites\/43\/2024\/11\/sm_1730822086.95178.jpg","keywords":["C\u00d4TE D'IVOIRE","Gbagbo","Nady Bamba","PPA-CI","Yopougon"],"articleSection":["Politique","Toutes les actualit\u00e9s"],"inLanguage":"fr-FR","potentialAction":[{"@type":"CommentAction","name":"Comment","target":["https:\/\/www.africa-press.net\/cotedivoire\/politique\/apres-son-mariage-nady-bamba-revele-devant-des-militants-ppa-ci-de-yopougon-que-sa-relation-avec-gbagbo-remonte-a-plus-de-deux-decennies#respond"]}]},{"@type":"WebPage","@id":"https:\/\/www.africa-press.net\/cotedivoire\/politique\/apres-son-mariage-nady-bamba-revele-devant-des-militants-ppa-ci-de-yopougon-que-sa-relation-avec-gbagbo-remonte-a-plus-de-deux-decennies","url":"https:\/\/www.africa-press.net\/cotedivoire\/politique\/apres-son-mariage-nady-bamba-revele-devant-des-militants-ppa-ci-de-yopougon-que-sa-relation-avec-gbagbo-remonte-a-plus-de-deux-decennies","name":"Apr\u00e8s son mariage, Nady Bamba r\u00e9v\u00e8le devant des militants PPA-CI de Yopougon que sa relation avec Gbagbo remonte \u00e0 plus de deux d\u00e9cennies - C\u00f4te d&#039;Ivoire","isPartOf":{"@id":"https:\/\/www.africa-press.net\/cotedivoire\/#website"},"primaryImageOfPage":{"@id":"https:\/\/www.africa-press.net\/cotedivoire\/politique\/apres-son-mariage-nady-bamba-revele-devant-des-militants-ppa-ci-de-yopougon-que-sa-relation-avec-gbagbo-remonte-a-plus-de-deux-decennies#primaryimage"},"image":{"@id":"https:\/\/www.africa-press.net\/cotedivoire\/politique\/apres-son-mariage-nady-bamba-revele-devant-des-militants-ppa-ci-de-yopougon-que-sa-relation-avec-gbagbo-remonte-a-plus-de-deux-decennies#primaryimage"},"thumbnailUrl":"https:\/\/static.africa-press.net\/cote\/sites\/43\/2024\/11\/sm_1730822086.95178.jpg","datePublished":"2024-11-05T19:20:03+00:00","dateModified":"2024-11-05T19:25:49+00:00","author":{"@id":"https:\/\/www.africa-press.net\/cotedivoire\/#\/schema\/person\/2b1cf3cd81a31e3cd26889ca66d677f1"},"description":"A\u0300 l\u2019occasion des 23 ans de son mariage religieux, Nady Bamba, e\u0301pouse de l\u2019ancien pre\u0301sident Laurent Gbagbo, a souhaite ...","breadcrumb":{"@id":"https:\/\/www.africa-press.net\/cotedivoire\/politique\/apres-son-mariage-nady-bamba-revele-devant-des-militants-ppa-ci-de-yopougon-que-sa-relation-avec-gbagbo-remonte-a-plus-de-deux-decennies#breadcrumb"},"inLanguage":"fr-FR","potentialAction":[{"@type":"ReadAction","target":["https:\/\/www.africa-press.net\/cotedivoire\/politique\/apres-son-mariage-nady-bamba-revele-devant-des-militants-ppa-ci-de-yopougon-que-sa-relation-avec-gbagbo-remonte-a-plus-de-deux-decennies"]}]},{"@type":"ImageObject","inLanguage":"fr-FR","@id":"https:\/\/www.africa-press.net\/cotedivoire\/politique\/apres-son-mariage-nady-bamba-revele-devant-des-militants-ppa-ci-de-yopougon-que-sa-relation-avec-gbagbo-remonte-a-plus-de-deux-decennies#primaryimage","url":"https:\/\/static.africa-press.net\/cote\/sites\/43\/2024\/11\/sm_1730822086.95178.jpg","contentUrl":"https:\/\/static.africa-press.net\/cote\/sites\/43\/2024\/11\/sm_1730822086.95178.jpg","width":720,"height":415,"caption":"Apr\u00e8s son mariage, Nady Bamba r\u00e9v\u00e8le devant des militants PPA-CI de Yopougon que sa relation avec Gbagbo remonte \u00e0 plus de deux d\u00e9cennies"},{"@type":"BreadcrumbList","@id":"https:\/\/www.africa-press.net\/cotedivoire\/politique\/apres-son-mariage-nady-bamba-revele-devant-des-militants-ppa-ci-de-yopougon-que-sa-relation-avec-gbagbo-remonte-a-plus-de-deux-decennies#breadcrumb","itemListElement":[{"@type":"ListItem","position":1,"name":"Accueil","item":"https:\/\/www.africa-press.net\/cotedivoire\/"},{"@type":"ListItem","position":2,"name":"Apr\u00e8s son mariage, Nady Bamba r\u00e9v\u00e8le devant des militants PPA-CI de Yopougon que sa relation avec Gbagbo remonte \u00e0 plus de deux d\u00e9cennies"}]},{"@type":"WebSite","@id":"https:\/\/www.africa-press.net\/cotedivoire\/#website","url":"https:\/\/www.africa-press.net\/cotedivoire\/","name":"C\u00f4te d&#039;Ivoire","description":"Just another Africa News Agency Sites site","potentialAction":[{"@type":"SearchAction","target":{"@type":"EntryPoint","urlTemplate":"https:\/\/www.africa-press.net\/cotedivoire\/?s={search_term_string}"},"query-input":{"@type":"PropertyValueSpecification","valueRequired":true,"valueName":"search_term_string"}}],"inLanguage":"fr-FR"},{"@type":"Person","@id":"https:\/\/www.africa-press.net\/cotedivoire\/#\/schema\/person\/2b1cf3cd81a31e3cd26889ca66d677f1","name":"cfeditorfr"}]}},"_links":{"self":[{"href":"https:\/\/www.africa-press.net\/cotedivoire\/wp-json\/wp\/v2\/posts\/90178","targetHints":{"allow":["GET"]}}],"collection":[{"href":"https:\/\/www.africa-press.net\/cotedivoire\/wp-json\/wp\/v2\/posts"}],"about":[{"href":"https:\/\/www.africa-press.net\/cotedivoire\/wp-json\/wp\/v2\/types\/post"}],"author":[{"embeddable":true,"href":"https:\/\/www.africa-press.net\/cotedivoire\/wp-json\/wp\/v2\/users\/82"}],"replies":[{"embeddable":true,"href":"https:\/\/www.africa-press.net\/cotedivoire\/wp-json\/wp\/v2\/comments?post=90178"}],"version-history":[{"count":0,"href":"https:\/\/www.africa-press.net\/cotedivoire\/wp-json\/wp\/v2\/posts\/90178\/revisions"}],"wp:featuredmedia":[{"embeddable":true,"href":"https:\/\/www.africa-press.net\/cotedivoire\/wp-json\/wp\/v2\/media\/90177"}],"wp:attachment":[{"href":"https:\/\/www.africa-press.net\/cotedivoire\/wp-json\/wp\/v2\/media?parent=90178"}],"wp:term":[{"taxonomy":"category","embeddable":true,"href":"https:\/\/www.africa-press.net\/cotedivoire\/wp-json\/wp\/v2\/categories?post=90178"},{"taxonomy":"post_tag","embeddable":true,"href":"https:\/\/www.africa-press.net\/cotedivoire\/wp-json\/wp\/v2\/tags?post=90178"}],"curies":[{"name":"wp","href":"https:\/\/api.w.org\/{rel}","templated":true}]}}