{"id":90208,"date":"2024-11-06T16:10:47","date_gmt":"2024-11-06T16:10:47","guid":{"rendered":"https:\/\/www.africa-press.net\/cotedivoire\/politique\/fif-la-var-fera-son-entree-en-cote-divoire-des-janvier-2025-le-role-joue-par-le-chef-de-letat"},"modified":"2024-11-06T16:43:17","modified_gmt":"2024-11-06T16:43:17","slug":"fif-la-var-fera-son-entree-en-cote-divoire-des-janvier-2025-le-role-joue-par-le-chef-de-letat","status":"publish","type":"post","link":"https:\/\/www.africa-press.net\/cotedivoire\/sports\/fif-la-var-fera-son-entree-en-cote-divoire-des-janvier-2025-le-role-joue-par-le-chef-de-letat","title":{"rendered":"FIF, la VAR fera son entr\u00e9e en C\u00f4te d&rsquo;Ivoire d\u00e8s janvier 2025, le r\u00f4le jou\u00e9 par le Chef de l&rsquo;Etat"},"content":{"rendered":"<p><span style=\"color: #ff6600\"><strong>Africa-Press &#8211; C\u00f4te d&rsquo;Ivoire. <\/strong><\/span>La Vide\u0301o Assistant Referee (VAR) fera son entre\u0301e dans le football ivoirien de\u0300s Janvier 2025. L&rsquo;annonce a e\u0301te\u0301 faite par le Pre\u0301sident de la Fe\u0301de\u0301ration Ivoirienne de Football (FIF), M. Yacine Idriss Diallo, le mardi 5 novembre 2024, lors de la clo\u0302ture d&rsquo;une formation organise\u0301e par la FIFA sur l&rsquo;utilisation de cette technologie dans l&rsquo;arbitrage, rapporte une note de l\u2019instance.<\/p>\n<p>Selon le Pre\u0301sident de la FIF, la mise en place de la VAR se fera progressivement.. \u00ab On ne peut pas tout faire d\u2019un coup, mais e\u0301videmment, il faut se donner des objectifs. A\u0300 partir de janvier, nous devons de\u0301ja\u0300 commencer a\u0300 faire des tests sur un ou deux matchs. Puis, progressivement, d&rsquo;ici la fin de l&rsquo;anne\u0301e, nous allons nous ame\u0301liorer, et peut-e\u0302tre que d\u2019ici la saison prochaine, nous serons pleinement ope\u0301rationnels \u00bb, a-t-il de\u0301clare\u0301, rapporte-t-on.<\/p>\n<p>L\u2019introduction de la VAR en Co\u0302te d&rsquo;Ivoire est rendue possible gra\u0302ce a\u0300 la vision du Pre\u0301sident de la Re\u0301publique, SEM Alassane Ouattara, qui a permis au pays d\u2019acque\u0301rir deux syste\u0300mes VAR dans le cadre de la Coupe d&rsquo;Afrique des Nations (CAN) 2023.<\/p>\n<p>\u00ab N&rsquo;eu\u0302t e\u0301te\u0301 la vision du Pre\u0301sident de la Re\u0301publique, nous n&rsquo;aurions pas eu acce\u0300s a\u0300 ce mate\u0301riel de pointe \u00bb, a souligne\u0301 le Pre\u0301sident Yacine Idriss Diallo avec gratitude.<\/p>\n<p>Le Pre\u0301sident de la FIF a e\u0301galement exprime\u0301 sa conviction que la technologie VAR va non seulement ame\u0301liorer la qualite\u0301 de l\u2019arbitrage, mais aussi contribuer au de\u0301veloppement global du football ivoirien.<\/p>\n<p>\u00ab L\u2019objectif est que la Co\u0302te d&rsquo;Ivoire soit cite\u0301e parmi les grandes nations du football en Afrique, non seulement pour ses re\u0301sultats, mais aussi pour son organisation, son modernisme et son innovation \u00bb, a-t-il ajoute\u0301.<\/p>\n<p>Notons que, l\u2019imple\u0301mentation de la VAR en janvier 2025 marque donc une avance\u0301e significative pour le football en Co\u0302te d&rsquo;Ivoire, avec l&rsquo;ambition de faire du pays un mode\u0300le en matie\u0300re d&rsquo;innovation et de professionnalisme dans le sport a\u0300 l\u2019e\u0301chelle africaine.<\/p>\n<p><strong>Pour plus d&rsquo;informations et d&rsquo;analyses sur la C\u00f4te d&rsquo;Ivoire, suivez Africa-Press<\/strong><\/p>\n","protected":false},"excerpt":{"rendered":"<p>Africa-Press &#8211; C\u00f4te d&rsquo;Ivoire. La Vide\u0301o Assistant Referee (VAR) fera son entre\u0301e dans le football ivoirien de\u0300s Janvier 2025. L&rsquo;annonce a e\u0301te\u0301 faite par le Pre\u0301sident de la Fe\u0301de\u0301ration Ivoirienne de Football (FIF), M. Yacine Idriss Diallo, le mardi 5 novembre 2024, lors de la clo\u0302ture d&rsquo;une formation organise\u0301e par la FIFA sur l&rsquo;utilisation de [&hellip;]<\/p>\n","protected":false},"author":82,"featured_media":90207,"comment_status":"open","ping_status":"closed","sticky":false,"template":"","format":"standard","meta":{"footnotes":""},"categories":[6,10],"tags":[2113,29,859,1356,727,14497],"class_list":["post-90208","post","type-post","status-publish","format-standard","has-post-thumbnail","hentry","category-sports","category-toutes-les-actualites","tag-can-2023","tag-cote-divoire","tag-fif","tag-idriss-diallo","tag-ouattara","tag-var"],"yoast_head":"<!-- This site is optimized with the Yoast SEO Premium plugin v26.1 (Yoast SEO v27.0) - https:\/\/yoast.com\/product\/yoast-seo-premium-wordpress\/ -->\n<title>FIF, la VAR fera son entr\u00e9e en C\u00f4te d&#039;Ivoire d\u00e8s janvier 2025, le r\u00f4le jou\u00e9 par le Chef de l&#039;Etat - C\u00f4te d&#039;Ivoire<\/title>\n<meta name=\"description\" content=\"La Vide\u0301o Assistant Referee (VAR) fera son entre\u0301e dans le football ivoirien de\u0300s Janvier 2025. L&#039;annonce a e\u0301te\u0301 faite ...\" \/>\n<meta name=\"robots\" content=\"index, follow, max-snippet:-1, max-image-preview:large, max-video-preview:-1\" \/>\n<link rel=\"canonical\" href=\"https:\/\/www.africa-press.net\/cotedivoire\/sports\/fif-la-var-fera-son-entree-en-cote-divoire-des-janvier-2025-le-role-joue-par-le-chef-de-letat\" \/>\n<meta property=\"og:locale\" content=\"fr_FR\" \/>\n<meta property=\"og:type\" content=\"article\" \/>\n<meta property=\"og:title\" content=\"FIF, la VAR fera son entr\u00e9e en C\u00f4te d&#039;Ivoire d\u00e8s janvier 2025, le r\u00f4le jou\u00e9 par le Chef de l&#039;Etat\" \/>\n<meta property=\"og:description\" content=\"La Vide\u0301o Assistant Referee (VAR) fera son entre\u0301e dans le football ivoirien de\u0300s Janvier 2025. L&#039;annonce a e\u0301te\u0301 faite ...\" \/>\n<meta property=\"og:url\" content=\"https:\/\/www.africa-press.net\/cotedivoire\/sports\/fif-la-var-fera-son-entree-en-cote-divoire-des-janvier-2025-le-role-joue-par-le-chef-de-letat\" \/>\n<meta property=\"og:site_name\" content=\"C\u00f4te d&#039;Ivoire\" \/>\n<meta property=\"article:published_time\" content=\"2024-11-06T16:10:47+00:00\" \/>\n<meta property=\"article:modified_time\" content=\"2024-11-06T16:43:17+00:00\" \/>\n<meta property=\"og:image\" content=\"https:\/\/static.africa-press.net\/cote\/sites\/43\/2024\/11\/sm_1730898702.817889.jpg\" \/>\n\t<meta property=\"og:image:width\" content=\"720\" \/>\n\t<meta property=\"og:image:height\" content=\"500\" \/>\n\t<meta property=\"og:image:type\" content=\"image\/jpeg\" \/>\n<meta name=\"author\" content=\"cfeditorfr\" \/>\n<meta name=\"twitter:card\" content=\"summary_large_image\" \/>\n<meta name=\"twitter:label1\" content=\"\u00c9crit par\" \/>\n\t<meta name=\"twitter:data1\" content=\"cfeditorfr\" \/>\n\t<meta name=\"twitter:label2\" content=\"Dur\u00e9e de lecture estim\u00e9e\" \/>\n\t<meta name=\"twitter:data2\" content=\"2 minutes\" \/>\n<script type=\"application\/ld+json\" class=\"yoast-schema-graph\">{\"@context\":\"https:\/\/schema.org\",\"@graph\":[{\"@type\":\"Article\",\"@id\":\"https:\/\/www.africa-press.net\/cotedivoire\/sports\/fif-la-var-fera-son-entree-en-cote-divoire-des-janvier-2025-le-role-joue-par-le-chef-de-letat#article\",\"isPartOf\":{\"@id\":\"https:\/\/www.africa-press.net\/cotedivoire\/sports\/fif-la-var-fera-son-entree-en-cote-divoire-des-janvier-2025-le-role-joue-par-le-chef-de-letat\"},\"author\":{\"name\":\"cfeditorfr\",\"@id\":\"https:\/\/www.africa-press.net\/cotedivoire\/#\/schema\/person\/2b1cf3cd81a31e3cd26889ca66d677f1\"},\"headline\":\"FIF, la VAR fera son entr\u00e9e en C\u00f4te d&rsquo;Ivoire d\u00e8s janvier 2025, le r\u00f4le jou\u00e9 par le Chef de l&rsquo;Etat\",\"datePublished\":\"2024-11-06T16:10:47+00:00\",\"dateModified\":\"2024-11-06T16:43:17+00:00\",\"mainEntityOfPage\":{\"@id\":\"https:\/\/www.africa-press.net\/cotedivoire\/sports\/fif-la-var-fera-son-entree-en-cote-divoire-des-janvier-2025-le-role-joue-par-le-chef-de-letat\"},\"wordCount\":415,\"commentCount\":0,\"image\":{\"@id\":\"https:\/\/www.africa-press.net\/cotedivoire\/sports\/fif-la-var-fera-son-entree-en-cote-divoire-des-janvier-2025-le-role-joue-par-le-chef-de-letat#primaryimage\"},\"thumbnailUrl\":\"https:\/\/static.africa-press.net\/cote\/sites\/43\/2024\/11\/sm_1730898702.817889.jpg\",\"keywords\":[\"CAN 2023\",\"C\u00d4TE D'IVOIRE\",\"FIF\",\"Idriss Diallo\",\"Ouattara\",\"VAR\"],\"articleSection\":[\"Sports\",\"Toutes les actualit\u00e9s\"],\"inLanguage\":\"fr-FR\",\"potentialAction\":[{\"@type\":\"CommentAction\",\"name\":\"Comment\",\"target\":[\"https:\/\/www.africa-press.net\/cotedivoire\/sports\/fif-la-var-fera-son-entree-en-cote-divoire-des-janvier-2025-le-role-joue-par-le-chef-de-letat#respond\"]}]},{\"@type\":\"WebPage\",\"@id\":\"https:\/\/www.africa-press.net\/cotedivoire\/sports\/fif-la-var-fera-son-entree-en-cote-divoire-des-janvier-2025-le-role-joue-par-le-chef-de-letat\",\"url\":\"https:\/\/www.africa-press.net\/cotedivoire\/sports\/fif-la-var-fera-son-entree-en-cote-divoire-des-janvier-2025-le-role-joue-par-le-chef-de-letat\",\"name\":\"FIF, la VAR fera son entr\u00e9e en C\u00f4te d'Ivoire d\u00e8s janvier 2025, le r\u00f4le jou\u00e9 par le Chef de l'Etat - C\u00f4te d&#039;Ivoire\",\"isPartOf\":{\"@id\":\"https:\/\/www.africa-press.net\/cotedivoire\/#website\"},\"primaryImageOfPage\":{\"@id\":\"https:\/\/www.africa-press.net\/cotedivoire\/sports\/fif-la-var-fera-son-entree-en-cote-divoire-des-janvier-2025-le-role-joue-par-le-chef-de-letat#primaryimage\"},\"image\":{\"@id\":\"https:\/\/www.africa-press.net\/cotedivoire\/sports\/fif-la-var-fera-son-entree-en-cote-divoire-des-janvier-2025-le-role-joue-par-le-chef-de-letat#primaryimage\"},\"thumbnailUrl\":\"https:\/\/static.africa-press.net\/cote\/sites\/43\/2024\/11\/sm_1730898702.817889.jpg\",\"datePublished\":\"2024-11-06T16:10:47+00:00\",\"dateModified\":\"2024-11-06T16:43:17+00:00\",\"author\":{\"@id\":\"https:\/\/www.africa-press.net\/cotedivoire\/#\/schema\/person\/2b1cf3cd81a31e3cd26889ca66d677f1\"},\"description\":\"La Vide\u0301o Assistant Referee (VAR) fera son entre\u0301e dans le football ivoirien de\u0300s Janvier 2025. L'annonce a e\u0301te\u0301 faite ...\",\"breadcrumb\":{\"@id\":\"https:\/\/www.africa-press.net\/cotedivoire\/sports\/fif-la-var-fera-son-entree-en-cote-divoire-des-janvier-2025-le-role-joue-par-le-chef-de-letat#breadcrumb\"},\"inLanguage\":\"fr-FR\",\"potentialAction\":[{\"@type\":\"ReadAction\",\"target\":[\"https:\/\/www.africa-press.net\/cotedivoire\/sports\/fif-la-var-fera-son-entree-en-cote-divoire-des-janvier-2025-le-role-joue-par-le-chef-de-letat\"]}]},{\"@type\":\"ImageObject\",\"inLanguage\":\"fr-FR\",\"@id\":\"https:\/\/www.africa-press.net\/cotedivoire\/sports\/fif-la-var-fera-son-entree-en-cote-divoire-des-janvier-2025-le-role-joue-par-le-chef-de-letat#primaryimage\",\"url\":\"https:\/\/static.africa-press.net\/cote\/sites\/43\/2024\/11\/sm_1730898702.817889.jpg\",\"contentUrl\":\"https:\/\/static.africa-press.net\/cote\/sites\/43\/2024\/11\/sm_1730898702.817889.jpg\",\"width\":720,\"height\":500,\"caption\":\"FIF, la VAR fera son entr\u00e9e en C\u00f4te d'Ivoire d\u00e8s janvier 2025, le r\u00f4le jou\u00e9 par le Chef de l'Etat\"},{\"@type\":\"BreadcrumbList\",\"@id\":\"https:\/\/www.africa-press.net\/cotedivoire\/sports\/fif-la-var-fera-son-entree-en-cote-divoire-des-janvier-2025-le-role-joue-par-le-chef-de-letat#breadcrumb\",\"itemListElement\":[{\"@type\":\"ListItem\",\"position\":1,\"name\":\"Accueil\",\"item\":\"https:\/\/www.africa-press.net\/cotedivoire\/\"},{\"@type\":\"ListItem\",\"position\":2,\"name\":\"FIF, la VAR fera son entr\u00e9e en C\u00f4te d&#8217;Ivoire d\u00e8s janvier 2025, le r\u00f4le jou\u00e9 par le Chef de l&#8217;Etat\"}]},{\"@type\":\"WebSite\",\"@id\":\"https:\/\/www.africa-press.net\/cotedivoire\/#website\",\"url\":\"https:\/\/www.africa-press.net\/cotedivoire\/\",\"name\":\"C\u00f4te d&#039;Ivoire\",\"description\":\"Just another Africa News Agency Sites site\",\"potentialAction\":[{\"@type\":\"SearchAction\",\"target\":{\"@type\":\"EntryPoint\",\"urlTemplate\":\"https:\/\/www.africa-press.net\/cotedivoire\/?s={search_term_string}\"},\"query-input\":{\"@type\":\"PropertyValueSpecification\",\"valueRequired\":true,\"valueName\":\"search_term_string\"}}],\"inLanguage\":\"fr-FR\"},{\"@type\":\"Person\",\"@id\":\"https:\/\/www.africa-press.net\/cotedivoire\/#\/schema\/person\/2b1cf3cd81a31e3cd26889ca66d677f1\",\"name\":\"cfeditorfr\"}]}<\/script>\n<!-- \/ Yoast SEO Premium plugin. -->","yoast_head_json":{"title":"FIF, la VAR fera son entr\u00e9e en C\u00f4te d'Ivoire d\u00e8s janvier 2025, le r\u00f4le jou\u00e9 par le Chef de l'Etat - C\u00f4te d&#039;Ivoire","description":"La Vide\u0301o Assistant Referee (VAR) fera son entre\u0301e dans le football ivoirien de\u0300s Janvier 2025. L'annonce a e\u0301te\u0301 faite ...","robots":{"index":"index","follow":"follow","max-snippet":"max-snippet:-1","max-image-preview":"max-image-preview:large","max-video-preview":"max-video-preview:-1"},"canonical":"https:\/\/www.africa-press.net\/cotedivoire\/sports\/fif-la-var-fera-son-entree-en-cote-divoire-des-janvier-2025-le-role-joue-par-le-chef-de-letat","og_locale":"fr_FR","og_type":"article","og_title":"FIF, la VAR fera son entr\u00e9e en C\u00f4te d'Ivoire d\u00e8s janvier 2025, le r\u00f4le jou\u00e9 par le Chef de l'Etat","og_description":"La Vide\u0301o Assistant Referee (VAR) fera son entre\u0301e dans le football ivoirien de\u0300s Janvier 2025. L'annonce a e\u0301te\u0301 faite ...","og_url":"https:\/\/www.africa-press.net\/cotedivoire\/sports\/fif-la-var-fera-son-entree-en-cote-divoire-des-janvier-2025-le-role-joue-par-le-chef-de-letat","og_site_name":"C\u00f4te d&#039;Ivoire","article_published_time":"2024-11-06T16:10:47+00:00","article_modified_time":"2024-11-06T16:43:17+00:00","og_image":[{"width":720,"height":500,"url":"https:\/\/static.africa-press.net\/cote\/sites\/43\/2024\/11\/sm_1730898702.817889.jpg","type":"image\/jpeg"}],"author":"cfeditorfr","twitter_card":"summary_large_image","twitter_misc":{"\u00c9crit par":"cfeditorfr","Dur\u00e9e de lecture estim\u00e9e":"2 minutes"},"schema":{"@context":"https:\/\/schema.org","@graph":[{"@type":"Article","@id":"https:\/\/www.africa-press.net\/cotedivoire\/sports\/fif-la-var-fera-son-entree-en-cote-divoire-des-janvier-2025-le-role-joue-par-le-chef-de-letat#article","isPartOf":{"@id":"https:\/\/www.africa-press.net\/cotedivoire\/sports\/fif-la-var-fera-son-entree-en-cote-divoire-des-janvier-2025-le-role-joue-par-le-chef-de-letat"},"author":{"name":"cfeditorfr","@id":"https:\/\/www.africa-press.net\/cotedivoire\/#\/schema\/person\/2b1cf3cd81a31e3cd26889ca66d677f1"},"headline":"FIF, la VAR fera son entr\u00e9e en C\u00f4te d&rsquo;Ivoire d\u00e8s janvier 2025, le r\u00f4le jou\u00e9 par le Chef de l&rsquo;Etat","datePublished":"2024-11-06T16:10:47+00:00","dateModified":"2024-11-06T16:43:17+00:00","mainEntityOfPage":{"@id":"https:\/\/www.africa-press.net\/cotedivoire\/sports\/fif-la-var-fera-son-entree-en-cote-divoire-des-janvier-2025-le-role-joue-par-le-chef-de-letat"},"wordCount":415,"commentCount":0,"image":{"@id":"https:\/\/www.africa-press.net\/cotedivoire\/sports\/fif-la-var-fera-son-entree-en-cote-divoire-des-janvier-2025-le-role-joue-par-le-chef-de-letat#primaryimage"},"thumbnailUrl":"https:\/\/static.africa-press.net\/cote\/sites\/43\/2024\/11\/sm_1730898702.817889.jpg","keywords":["CAN 2023","C\u00d4TE D'IVOIRE","FIF","Idriss Diallo","Ouattara","VAR"],"articleSection":["Sports","Toutes les actualit\u00e9s"],"inLanguage":"fr-FR","potentialAction":[{"@type":"CommentAction","name":"Comment","target":["https:\/\/www.africa-press.net\/cotedivoire\/sports\/fif-la-var-fera-son-entree-en-cote-divoire-des-janvier-2025-le-role-joue-par-le-chef-de-letat#respond"]}]},{"@type":"WebPage","@id":"https:\/\/www.africa-press.net\/cotedivoire\/sports\/fif-la-var-fera-son-entree-en-cote-divoire-des-janvier-2025-le-role-joue-par-le-chef-de-letat","url":"https:\/\/www.africa-press.net\/cotedivoire\/sports\/fif-la-var-fera-son-entree-en-cote-divoire-des-janvier-2025-le-role-joue-par-le-chef-de-letat","name":"FIF, la VAR fera son entr\u00e9e en C\u00f4te d'Ivoire d\u00e8s janvier 2025, le r\u00f4le jou\u00e9 par le Chef de l'Etat - C\u00f4te d&#039;Ivoire","isPartOf":{"@id":"https:\/\/www.africa-press.net\/cotedivoire\/#website"},"primaryImageOfPage":{"@id":"https:\/\/www.africa-press.net\/cotedivoire\/sports\/fif-la-var-fera-son-entree-en-cote-divoire-des-janvier-2025-le-role-joue-par-le-chef-de-letat#primaryimage"},"image":{"@id":"https:\/\/www.africa-press.net\/cotedivoire\/sports\/fif-la-var-fera-son-entree-en-cote-divoire-des-janvier-2025-le-role-joue-par-le-chef-de-letat#primaryimage"},"thumbnailUrl":"https:\/\/static.africa-press.net\/cote\/sites\/43\/2024\/11\/sm_1730898702.817889.jpg","datePublished":"2024-11-06T16:10:47+00:00","dateModified":"2024-11-06T16:43:17+00:00","author":{"@id":"https:\/\/www.africa-press.net\/cotedivoire\/#\/schema\/person\/2b1cf3cd81a31e3cd26889ca66d677f1"},"description":"La Vide\u0301o Assistant Referee (VAR) fera son entre\u0301e dans le football ivoirien de\u0300s Janvier 2025. L'annonce a e\u0301te\u0301 faite ...","breadcrumb":{"@id":"https:\/\/www.africa-press.net\/cotedivoire\/sports\/fif-la-var-fera-son-entree-en-cote-divoire-des-janvier-2025-le-role-joue-par-le-chef-de-letat#breadcrumb"},"inLanguage":"fr-FR","potentialAction":[{"@type":"ReadAction","target":["https:\/\/www.africa-press.net\/cotedivoire\/sports\/fif-la-var-fera-son-entree-en-cote-divoire-des-janvier-2025-le-role-joue-par-le-chef-de-letat"]}]},{"@type":"ImageObject","inLanguage":"fr-FR","@id":"https:\/\/www.africa-press.net\/cotedivoire\/sports\/fif-la-var-fera-son-entree-en-cote-divoire-des-janvier-2025-le-role-joue-par-le-chef-de-letat#primaryimage","url":"https:\/\/static.africa-press.net\/cote\/sites\/43\/2024\/11\/sm_1730898702.817889.jpg","contentUrl":"https:\/\/static.africa-press.net\/cote\/sites\/43\/2024\/11\/sm_1730898702.817889.jpg","width":720,"height":500,"caption":"FIF, la VAR fera son entr\u00e9e en C\u00f4te d'Ivoire d\u00e8s janvier 2025, le r\u00f4le jou\u00e9 par le Chef de l'Etat"},{"@type":"BreadcrumbList","@id":"https:\/\/www.africa-press.net\/cotedivoire\/sports\/fif-la-var-fera-son-entree-en-cote-divoire-des-janvier-2025-le-role-joue-par-le-chef-de-letat#breadcrumb","itemListElement":[{"@type":"ListItem","position":1,"name":"Accueil","item":"https:\/\/www.africa-press.net\/cotedivoire\/"},{"@type":"ListItem","position":2,"name":"FIF, la VAR fera son entr\u00e9e en C\u00f4te d&#8217;Ivoire d\u00e8s janvier 2025, le r\u00f4le jou\u00e9 par le Chef de l&#8217;Etat"}]},{"@type":"WebSite","@id":"https:\/\/www.africa-press.net\/cotedivoire\/#website","url":"https:\/\/www.africa-press.net\/cotedivoire\/","name":"C\u00f4te d&#039;Ivoire","description":"Just another Africa News Agency Sites site","potentialAction":[{"@type":"SearchAction","target":{"@type":"EntryPoint","urlTemplate":"https:\/\/www.africa-press.net\/cotedivoire\/?s={search_term_string}"},"query-input":{"@type":"PropertyValueSpecification","valueRequired":true,"valueName":"search_term_string"}}],"inLanguage":"fr-FR"},{"@type":"Person","@id":"https:\/\/www.africa-press.net\/cotedivoire\/#\/schema\/person\/2b1cf3cd81a31e3cd26889ca66d677f1","name":"cfeditorfr"}]}},"_links":{"self":[{"href":"https:\/\/www.africa-press.net\/cotedivoire\/wp-json\/wp\/v2\/posts\/90208","targetHints":{"allow":["GET"]}}],"collection":[{"href":"https:\/\/www.africa-press.net\/cotedivoire\/wp-json\/wp\/v2\/posts"}],"about":[{"href":"https:\/\/www.africa-press.net\/cotedivoire\/wp-json\/wp\/v2\/types\/post"}],"author":[{"embeddable":true,"href":"https:\/\/www.africa-press.net\/cotedivoire\/wp-json\/wp\/v2\/users\/82"}],"replies":[{"embeddable":true,"href":"https:\/\/www.africa-press.net\/cotedivoire\/wp-json\/wp\/v2\/comments?post=90208"}],"version-history":[{"count":0,"href":"https:\/\/www.africa-press.net\/cotedivoire\/wp-json\/wp\/v2\/posts\/90208\/revisions"}],"wp:featuredmedia":[{"embeddable":true,"href":"https:\/\/www.africa-press.net\/cotedivoire\/wp-json\/wp\/v2\/media\/90207"}],"wp:attachment":[{"href":"https:\/\/www.africa-press.net\/cotedivoire\/wp-json\/wp\/v2\/media?parent=90208"}],"wp:term":[{"taxonomy":"category","embeddable":true,"href":"https:\/\/www.africa-press.net\/cotedivoire\/wp-json\/wp\/v2\/categories?post=90208"},{"taxonomy":"post_tag","embeddable":true,"href":"https:\/\/www.africa-press.net\/cotedivoire\/wp-json\/wp\/v2\/tags?post=90208"}],"curies":[{"name":"wp","href":"https:\/\/api.w.org\/{rel}","templated":true}]}}