{"id":9021,"date":"2021-06-15T13:41:37","date_gmt":"2021-06-15T13:41:37","guid":{"rendered":"https:\/\/www.africa-press.net\/cotedivoire\/?p=9021"},"modified":"2021-06-15T13:16:03","modified_gmt":"2021-06-15T13:16:03","slug":"53eme-session-du-conseil-international-des-cerealescic-conference-sur-les-cereales-de-2021","status":"publish","type":"post","link":"https:\/\/www.africa-press.net\/cotedivoire\/economie\/53eme-session-du-conseil-international-des-cerealescic-conference-sur-les-cereales-de-2021","title":{"rendered":"53\u00e8me session du Conseil International des C\u00e9r\u00e9ales(CIC): Conf\u00e9rence sur les C\u00e9r\u00e9ales de 2021"},"content":{"rendered":"<p><span style=\"color: #ff6600\"><strong><a href=\"https:\/\/www.africa-press.net\/\">Africa-Press<\/a> &#8211; <a href=\"https:\/\/www.africa-press.net\/cotedivoire\">C\u00f4te d&rsquo;Ivoire<\/a>. <\/strong><\/span>Les 56 pays-membres du Conseil International des C\u00e9r\u00e9ales (CIC) se sont r\u00e9unis, le lundi 07 juin 2021, \u00e0 l\u2019occasion de la 53\u00e8me session de cette instance intergouvernementale.<\/p>\n<p>Plac\u00e9e sous la pr\u00e9sidence de Mme Corinne Roux, de la Suisse, cette rencontre s\u2019est tenue en distanciel, par le biais de plateformes technologiques de visioconf\u00e9rence.<\/p>\n<p>La C\u00f4te d\u2019Ivoire y \u00e9tait repr\u00e9sent\u00e9e \u00e0 travers une d\u00e9l\u00e9gation conduite par SEM Aly TOURE, Repr\u00e9sentant Permanent aupr\u00e8s des Organisations Internationales de Produits de Base.<\/p>\n<p>Notre pays a en effet adh\u00e9r\u00e9 au Conseil International des C\u00e9r\u00e9ales en 1992 et prend part \u00e0 ses travaux de fa\u00e7on r\u00e9guli\u00e8re et active. Le CIC existe depuis 1949 et veille notamment \u00e0 la mise en \u0153uvre de la Convention sur le Commerce des C\u00e9r\u00e9ales, dont la derni\u00e8re version date de 1995.<\/p>\n<p>Sa mission est d\u2019am\u00e9liorer le suivi de l\u2019\u00e9volution des march\u00e9s c\u00e9r\u00e9aliers mondiaux ainsi que des politiques c\u00e9r\u00e9ali\u00e8res nationales et leur impact sur le march\u00e9 international.<\/p>\n<p>Le CIC est, par ailleurs, un instrument qui vise \u00e0 renforcer la coop\u00e9ration internationale au niveau du commerce des c\u00e9r\u00e9ales, \u00e0 promouvoir l\u2019accroissement des \u00e9changes et la transparence de ce secteur et \u00e0 assurer la stabilit\u00e9 du march\u00e9 des c\u00e9r\u00e9ales tout en contribuant \u00e0 la s\u00e9curit\u00e9 alimentaire mondiale.<\/p>\n<p>Il convient de noter que, lors de cette 53\u00e8me session du CIC, les pays-membres ont d\u00e9cid\u00e9 d\u2019inclure les l\u00e9gumineuses \u00e0 la d\u00e9finition des mots \u00ab c\u00e9r\u00e9ales \u00bb, conform\u00e9ment \u00e0 l\u2019article 2(1) de la Convention sur le Commerce des C\u00e9r\u00e9ales, \u00e0 compter du 1er novembre 2021. Cet amendement fait suite \u00e0 l\u2019ajout r\u00e9ussi du riz comme sp\u00e9culation couverte par le CIC depuis le 1er juillet 2009.<\/p>\n<p>Ainsi, le Conseil International des C\u00e9r\u00e9ales deviendra l\u2019organisme de r\u00e9f\u00e9rence pour des informations \u00e9conomiques et statistiques de qualit\u00e9 sur les c\u00e9r\u00e9ales (bl\u00e9, ma\u00efs, orge), les ol\u00e9agineux (colza, soja), le riz et les l\u00e9gumineuses (lentilles, pois secs, pois chiches, haricots secs, autres l\u00e9gumineuses et leurs produits).<\/p>\n<p>La 53\u00e8me session du Conseil International des C\u00e9r\u00e9ales a \u00e9t\u00e9 suivie, les 08 et 09 juin 2021, de la 30\u00e8me Conf\u00e9rence sur les C\u00e9r\u00e9ales organis\u00e9e par le CIC et intitul\u00e9e \u00ab Secteur des C\u00e9r\u00e9ales et des Ol\u00e9agineux : risques strat\u00e9giques et r\u00e9silience apr\u00e8s la COVID-19 \u00bb.<\/p>\n<p>Cette manifestation d\u2019une port\u00e9e internationale comprenait 80 pr\u00e9sentations pr\u00e9enregistr\u00e9es et 12 sessions en direct, dont un expos\u00e9 co-organis\u00e9 avec l\u2019agence AfricaRice et d\u00e9di\u00e9 au d\u00e9veloppement de la cha\u00eene de valeur du riz en Afrique.<\/p>\n<p>L\u2019objectif de cette session \u00e9tant de susciter l\u2019int\u00e9r\u00eat des investisseurs et du secteur bancaire pour ce produit strat\u00e9gique et pilier de l\u2019\u00e9conomie locale de nombre de pays d\u2019Afrique subsaharienne, Monsieur Aminou Arouna, a, au nom d\u2019AfricaRice, r\u00e9it\u00e9rer son engagement \u00e0 collaborer avec l\u2019IGC, notamment \u00e0 travers la prochaine signature d\u2019un protocole d\u2019accord entre ces deux structures.<\/p>\n<p>Le Repr\u00e9sentant Permanent de la C\u00f4te d\u2019Ivoire, SEM Aly Tour\u00e9, a quant \u00e0 lui, profit\u00e9 de l\u2019occasion qu\u2019offrait la Conf\u00e9rence sur les C\u00e9r\u00e9ales de 2021, pour faire deux communications relatives, d\u2019une part, au mod\u00e8le Ivoirien de d\u00e9veloppement de la Fili\u00e8re Riz, et, d\u2019autre part, \u00e0 la mise en place d\u2019une plateforme inclusive des acteurs de la fili\u00e8re riz en C\u00f4te d\u2019Ivoire ainsi que d\u2019un cadre pour la promotion des investissements et opportunit\u00e9s d\u2019affaires dans le secteur du riz.<\/p>\n<p>Fait \u00e0 Londres le 10 Juin 2021<\/p>\n<p>Repr\u00e9sentation Permanente de C\u00f4te d\u2019Ivoire aupr\u00e8s des Organisations Internationales de Produits de Base<\/p>\n","protected":false},"excerpt":{"rendered":"<p>Africa-Press &#8211; C\u00f4te d&rsquo;Ivoire. Les 56 pays-membres du Conseil International des C\u00e9r\u00e9ales (CIC) se sont r\u00e9unis, le lundi 07 juin 2021, \u00e0 l\u2019occasion de la 53\u00e8me session de cette instance intergouvernementale. Plac\u00e9e sous la pr\u00e9sidence de Mme Corinne Roux, de la Suisse, cette rencontre s\u2019est tenue en distanciel, par le biais de plateformes technologiques de [&hellip;]<\/p>\n","protected":false},"author":82,"featured_media":9020,"comment_status":"open","ping_status":"closed","sticky":false,"template":"","format":"standard","meta":{"footnotes":""},"categories":[3,11,10],"tags":[56,63,29],"class_list":["post-9021","post","type-post","status-publish","format-standard","has-post-thumbnail","hentry","category-economie","category-homepage-french","category-toutes-les-actualites","tag-africa-press","tag-africa-press-cote-divoire","tag-cote-divoire"],"yoast_head":"<!-- This site is optimized with the Yoast SEO Premium plugin v26.1 (Yoast SEO v27.0) - https:\/\/yoast.com\/product\/yoast-seo-premium-wordpress\/ -->\n<title>53\u00e8me session du Conseil International des C\u00e9r\u00e9ales(CIC): Conf\u00e9rence sur les C\u00e9r\u00e9ales de 2021 - C\u00f4te d&#039;Ivoire<\/title>\n<meta name=\"description\" content=\"Les 56 pays-membres du Conseil International des C\u00e9r\u00e9ales (CIC) se sont r\u00e9unis, le lundi 07 juin 2021, \u00e0 l\u2019occasion de l ...\" \/>\n<meta name=\"robots\" content=\"index, follow, max-snippet:-1, max-image-preview:large, max-video-preview:-1\" \/>\n<link rel=\"canonical\" href=\"https:\/\/www.africa-press.net\/cotedivoire\/economie\/53eme-session-du-conseil-international-des-cerealescic-conference-sur-les-cereales-de-2021\" \/>\n<meta property=\"og:locale\" content=\"fr_FR\" \/>\n<meta property=\"og:type\" content=\"article\" \/>\n<meta property=\"og:title\" content=\"53\u00e8me session du Conseil International des C\u00e9r\u00e9ales(CIC): Conf\u00e9rence sur les C\u00e9r\u00e9ales de 2021\" \/>\n<meta property=\"og:description\" content=\"Les 56 pays-membres du Conseil International des C\u00e9r\u00e9ales (CIC) se sont r\u00e9unis, le lundi 07 juin 2021, \u00e0 l\u2019occasion de l ...\" \/>\n<meta property=\"og:url\" content=\"https:\/\/www.africa-press.net\/cotedivoire\/economie\/53eme-session-du-conseil-international-des-cerealescic-conference-sur-les-cereales-de-2021\" \/>\n<meta property=\"og:site_name\" content=\"C\u00f4te d&#039;Ivoire\" \/>\n<meta property=\"article:published_time\" content=\"2021-06-15T13:41:37+00:00\" \/>\n<meta property=\"og:image\" content=\"https:\/\/static.africa-press.net\/cote\/sites\/43\/2021\/06\/img-60c8a20e36a2d.jpg\" \/>\n\t<meta property=\"og:image:width\" content=\"1080\" \/>\n\t<meta property=\"og:image:height\" content=\"810\" \/>\n\t<meta property=\"og:image:type\" content=\"image\/jpeg\" \/>\n<meta name=\"author\" content=\"cfeditorfr\" \/>\n<meta name=\"twitter:card\" content=\"summary_large_image\" \/>\n<meta name=\"twitter:label1\" content=\"\u00c9crit par\" \/>\n\t<meta name=\"twitter:data1\" content=\"cfeditorfr\" \/>\n\t<meta name=\"twitter:label2\" content=\"Dur\u00e9e de lecture estim\u00e9e\" \/>\n\t<meta name=\"twitter:data2\" content=\"3 minutes\" \/>\n<script type=\"application\/ld+json\" class=\"yoast-schema-graph\">{\"@context\":\"https:\/\/schema.org\",\"@graph\":[{\"@type\":\"Article\",\"@id\":\"https:\/\/www.africa-press.net\/cotedivoire\/economie\/53eme-session-du-conseil-international-des-cerealescic-conference-sur-les-cereales-de-2021#article\",\"isPartOf\":{\"@id\":\"https:\/\/www.africa-press.net\/cotedivoire\/economie\/53eme-session-du-conseil-international-des-cerealescic-conference-sur-les-cereales-de-2021\"},\"author\":{\"name\":\"cfeditorfr\",\"@id\":\"https:\/\/www.africa-press.net\/cotedivoire\/#\/schema\/person\/2b1cf3cd81a31e3cd26889ca66d677f1\"},\"headline\":\"53\u00e8me session du Conseil International des C\u00e9r\u00e9ales(CIC): Conf\u00e9rence sur les C\u00e9r\u00e9ales de 2021\",\"datePublished\":\"2021-06-15T13:41:37+00:00\",\"mainEntityOfPage\":{\"@id\":\"https:\/\/www.africa-press.net\/cotedivoire\/economie\/53eme-session-du-conseil-international-des-cerealescic-conference-sur-les-cereales-de-2021\"},\"wordCount\":655,\"commentCount\":0,\"image\":{\"@id\":\"https:\/\/www.africa-press.net\/cotedivoire\/economie\/53eme-session-du-conseil-international-des-cerealescic-conference-sur-les-cereales-de-2021#primaryimage\"},\"thumbnailUrl\":\"https:\/\/static.africa-press.net\/cote\/sites\/43\/2021\/06\/img-60c8a20e36a2d.jpg\",\"keywords\":[\"Africa Press\",\"Africa Press-C\u00f4te d'Ivoire\",\"C\u00d4TE D'IVOIRE\"],\"articleSection\":[\"\u00c9conomie\",\"homepage-french\",\"Toutes les actualit\u00e9s\"],\"inLanguage\":\"fr-FR\",\"potentialAction\":[{\"@type\":\"CommentAction\",\"name\":\"Comment\",\"target\":[\"https:\/\/www.africa-press.net\/cotedivoire\/economie\/53eme-session-du-conseil-international-des-cerealescic-conference-sur-les-cereales-de-2021#respond\"]}]},{\"@type\":\"WebPage\",\"@id\":\"https:\/\/www.africa-press.net\/cotedivoire\/economie\/53eme-session-du-conseil-international-des-cerealescic-conference-sur-les-cereales-de-2021\",\"url\":\"https:\/\/www.africa-press.net\/cotedivoire\/economie\/53eme-session-du-conseil-international-des-cerealescic-conference-sur-les-cereales-de-2021\",\"name\":\"53\u00e8me session du Conseil International des C\u00e9r\u00e9ales(CIC): Conf\u00e9rence sur les C\u00e9r\u00e9ales de 2021 - C\u00f4te d&#039;Ivoire\",\"isPartOf\":{\"@id\":\"https:\/\/www.africa-press.net\/cotedivoire\/#website\"},\"primaryImageOfPage\":{\"@id\":\"https:\/\/www.africa-press.net\/cotedivoire\/economie\/53eme-session-du-conseil-international-des-cerealescic-conference-sur-les-cereales-de-2021#primaryimage\"},\"image\":{\"@id\":\"https:\/\/www.africa-press.net\/cotedivoire\/economie\/53eme-session-du-conseil-international-des-cerealescic-conference-sur-les-cereales-de-2021#primaryimage\"},\"thumbnailUrl\":\"https:\/\/static.africa-press.net\/cote\/sites\/43\/2021\/06\/img-60c8a20e36a2d.jpg\",\"datePublished\":\"2021-06-15T13:41:37+00:00\",\"author\":{\"@id\":\"https:\/\/www.africa-press.net\/cotedivoire\/#\/schema\/person\/2b1cf3cd81a31e3cd26889ca66d677f1\"},\"description\":\"Les 56 pays-membres du Conseil International des C\u00e9r\u00e9ales (CIC) se sont r\u00e9unis, le lundi 07 juin 2021, \u00e0 l\u2019occasion de l ...\",\"breadcrumb\":{\"@id\":\"https:\/\/www.africa-press.net\/cotedivoire\/economie\/53eme-session-du-conseil-international-des-cerealescic-conference-sur-les-cereales-de-2021#breadcrumb\"},\"inLanguage\":\"fr-FR\",\"potentialAction\":[{\"@type\":\"ReadAction\",\"target\":[\"https:\/\/www.africa-press.net\/cotedivoire\/economie\/53eme-session-du-conseil-international-des-cerealescic-conference-sur-les-cereales-de-2021\"]}]},{\"@type\":\"ImageObject\",\"inLanguage\":\"fr-FR\",\"@id\":\"https:\/\/www.africa-press.net\/cotedivoire\/economie\/53eme-session-du-conseil-international-des-cerealescic-conference-sur-les-cereales-de-2021#primaryimage\",\"url\":\"https:\/\/static.africa-press.net\/cote\/sites\/43\/2021\/06\/img-60c8a20e36a2d.jpg\",\"contentUrl\":\"https:\/\/static.africa-press.net\/cote\/sites\/43\/2021\/06\/img-60c8a20e36a2d.jpg\",\"width\":1080,\"height\":810,\"caption\":\"53\u00e8me session du Conseil International des C\u00e9r\u00e9ales(CIC): Conf\u00e9rence sur les C\u00e9r\u00e9ales de 2021\"},{\"@type\":\"BreadcrumbList\",\"@id\":\"https:\/\/www.africa-press.net\/cotedivoire\/economie\/53eme-session-du-conseil-international-des-cerealescic-conference-sur-les-cereales-de-2021#breadcrumb\",\"itemListElement\":[{\"@type\":\"ListItem\",\"position\":1,\"name\":\"Accueil\",\"item\":\"https:\/\/www.africa-press.net\/cotedivoire\/\"},{\"@type\":\"ListItem\",\"position\":2,\"name\":\"53\u00e8me session du Conseil International des C\u00e9r\u00e9ales(CIC): Conf\u00e9rence sur les C\u00e9r\u00e9ales de 2021\"}]},{\"@type\":\"WebSite\",\"@id\":\"https:\/\/www.africa-press.net\/cotedivoire\/#website\",\"url\":\"https:\/\/www.africa-press.net\/cotedivoire\/\",\"name\":\"C\u00f4te d&#039;Ivoire\",\"description\":\"Just another Africa News Agency Sites site\",\"potentialAction\":[{\"@type\":\"SearchAction\",\"target\":{\"@type\":\"EntryPoint\",\"urlTemplate\":\"https:\/\/www.africa-press.net\/cotedivoire\/?s={search_term_string}\"},\"query-input\":{\"@type\":\"PropertyValueSpecification\",\"valueRequired\":true,\"valueName\":\"search_term_string\"}}],\"inLanguage\":\"fr-FR\"},{\"@type\":\"Person\",\"@id\":\"https:\/\/www.africa-press.net\/cotedivoire\/#\/schema\/person\/2b1cf3cd81a31e3cd26889ca66d677f1\",\"name\":\"cfeditorfr\"}]}<\/script>\n<!-- \/ Yoast SEO Premium plugin. -->","yoast_head_json":{"title":"53\u00e8me session du Conseil International des C\u00e9r\u00e9ales(CIC): Conf\u00e9rence sur les C\u00e9r\u00e9ales de 2021 - C\u00f4te d&#039;Ivoire","description":"Les 56 pays-membres du Conseil International des C\u00e9r\u00e9ales (CIC) se sont r\u00e9unis, le lundi 07 juin 2021, \u00e0 l\u2019occasion de l ...","robots":{"index":"index","follow":"follow","max-snippet":"max-snippet:-1","max-image-preview":"max-image-preview:large","max-video-preview":"max-video-preview:-1"},"canonical":"https:\/\/www.africa-press.net\/cotedivoire\/economie\/53eme-session-du-conseil-international-des-cerealescic-conference-sur-les-cereales-de-2021","og_locale":"fr_FR","og_type":"article","og_title":"53\u00e8me session du Conseil International des C\u00e9r\u00e9ales(CIC): Conf\u00e9rence sur les C\u00e9r\u00e9ales de 2021","og_description":"Les 56 pays-membres du Conseil International des C\u00e9r\u00e9ales (CIC) se sont r\u00e9unis, le lundi 07 juin 2021, \u00e0 l\u2019occasion de l ...","og_url":"https:\/\/www.africa-press.net\/cotedivoire\/economie\/53eme-session-du-conseil-international-des-cerealescic-conference-sur-les-cereales-de-2021","og_site_name":"C\u00f4te d&#039;Ivoire","article_published_time":"2021-06-15T13:41:37+00:00","og_image":[{"width":1080,"height":810,"url":"https:\/\/static.africa-press.net\/cote\/sites\/43\/2021\/06\/img-60c8a20e36a2d.jpg","type":"image\/jpeg"}],"author":"cfeditorfr","twitter_card":"summary_large_image","twitter_misc":{"\u00c9crit par":"cfeditorfr","Dur\u00e9e de lecture estim\u00e9e":"3 minutes"},"schema":{"@context":"https:\/\/schema.org","@graph":[{"@type":"Article","@id":"https:\/\/www.africa-press.net\/cotedivoire\/economie\/53eme-session-du-conseil-international-des-cerealescic-conference-sur-les-cereales-de-2021#article","isPartOf":{"@id":"https:\/\/www.africa-press.net\/cotedivoire\/economie\/53eme-session-du-conseil-international-des-cerealescic-conference-sur-les-cereales-de-2021"},"author":{"name":"cfeditorfr","@id":"https:\/\/www.africa-press.net\/cotedivoire\/#\/schema\/person\/2b1cf3cd81a31e3cd26889ca66d677f1"},"headline":"53\u00e8me session du Conseil International des C\u00e9r\u00e9ales(CIC): Conf\u00e9rence sur les C\u00e9r\u00e9ales de 2021","datePublished":"2021-06-15T13:41:37+00:00","mainEntityOfPage":{"@id":"https:\/\/www.africa-press.net\/cotedivoire\/economie\/53eme-session-du-conseil-international-des-cerealescic-conference-sur-les-cereales-de-2021"},"wordCount":655,"commentCount":0,"image":{"@id":"https:\/\/www.africa-press.net\/cotedivoire\/economie\/53eme-session-du-conseil-international-des-cerealescic-conference-sur-les-cereales-de-2021#primaryimage"},"thumbnailUrl":"https:\/\/static.africa-press.net\/cote\/sites\/43\/2021\/06\/img-60c8a20e36a2d.jpg","keywords":["Africa Press","Africa Press-C\u00f4te d'Ivoire","C\u00d4TE D'IVOIRE"],"articleSection":["\u00c9conomie","homepage-french","Toutes les actualit\u00e9s"],"inLanguage":"fr-FR","potentialAction":[{"@type":"CommentAction","name":"Comment","target":["https:\/\/www.africa-press.net\/cotedivoire\/economie\/53eme-session-du-conseil-international-des-cerealescic-conference-sur-les-cereales-de-2021#respond"]}]},{"@type":"WebPage","@id":"https:\/\/www.africa-press.net\/cotedivoire\/economie\/53eme-session-du-conseil-international-des-cerealescic-conference-sur-les-cereales-de-2021","url":"https:\/\/www.africa-press.net\/cotedivoire\/economie\/53eme-session-du-conseil-international-des-cerealescic-conference-sur-les-cereales-de-2021","name":"53\u00e8me session du Conseil International des C\u00e9r\u00e9ales(CIC): Conf\u00e9rence sur les C\u00e9r\u00e9ales de 2021 - C\u00f4te d&#039;Ivoire","isPartOf":{"@id":"https:\/\/www.africa-press.net\/cotedivoire\/#website"},"primaryImageOfPage":{"@id":"https:\/\/www.africa-press.net\/cotedivoire\/economie\/53eme-session-du-conseil-international-des-cerealescic-conference-sur-les-cereales-de-2021#primaryimage"},"image":{"@id":"https:\/\/www.africa-press.net\/cotedivoire\/economie\/53eme-session-du-conseil-international-des-cerealescic-conference-sur-les-cereales-de-2021#primaryimage"},"thumbnailUrl":"https:\/\/static.africa-press.net\/cote\/sites\/43\/2021\/06\/img-60c8a20e36a2d.jpg","datePublished":"2021-06-15T13:41:37+00:00","author":{"@id":"https:\/\/www.africa-press.net\/cotedivoire\/#\/schema\/person\/2b1cf3cd81a31e3cd26889ca66d677f1"},"description":"Les 56 pays-membres du Conseil International des C\u00e9r\u00e9ales (CIC) se sont r\u00e9unis, le lundi 07 juin 2021, \u00e0 l\u2019occasion de l ...","breadcrumb":{"@id":"https:\/\/www.africa-press.net\/cotedivoire\/economie\/53eme-session-du-conseil-international-des-cerealescic-conference-sur-les-cereales-de-2021#breadcrumb"},"inLanguage":"fr-FR","potentialAction":[{"@type":"ReadAction","target":["https:\/\/www.africa-press.net\/cotedivoire\/economie\/53eme-session-du-conseil-international-des-cerealescic-conference-sur-les-cereales-de-2021"]}]},{"@type":"ImageObject","inLanguage":"fr-FR","@id":"https:\/\/www.africa-press.net\/cotedivoire\/economie\/53eme-session-du-conseil-international-des-cerealescic-conference-sur-les-cereales-de-2021#primaryimage","url":"https:\/\/static.africa-press.net\/cote\/sites\/43\/2021\/06\/img-60c8a20e36a2d.jpg","contentUrl":"https:\/\/static.africa-press.net\/cote\/sites\/43\/2021\/06\/img-60c8a20e36a2d.jpg","width":1080,"height":810,"caption":"53\u00e8me session du Conseil International des C\u00e9r\u00e9ales(CIC): Conf\u00e9rence sur les C\u00e9r\u00e9ales de 2021"},{"@type":"BreadcrumbList","@id":"https:\/\/www.africa-press.net\/cotedivoire\/economie\/53eme-session-du-conseil-international-des-cerealescic-conference-sur-les-cereales-de-2021#breadcrumb","itemListElement":[{"@type":"ListItem","position":1,"name":"Accueil","item":"https:\/\/www.africa-press.net\/cotedivoire\/"},{"@type":"ListItem","position":2,"name":"53\u00e8me session du Conseil International des C\u00e9r\u00e9ales(CIC): Conf\u00e9rence sur les C\u00e9r\u00e9ales de 2021"}]},{"@type":"WebSite","@id":"https:\/\/www.africa-press.net\/cotedivoire\/#website","url":"https:\/\/www.africa-press.net\/cotedivoire\/","name":"C\u00f4te d&#039;Ivoire","description":"Just another Africa News Agency Sites site","potentialAction":[{"@type":"SearchAction","target":{"@type":"EntryPoint","urlTemplate":"https:\/\/www.africa-press.net\/cotedivoire\/?s={search_term_string}"},"query-input":{"@type":"PropertyValueSpecification","valueRequired":true,"valueName":"search_term_string"}}],"inLanguage":"fr-FR"},{"@type":"Person","@id":"https:\/\/www.africa-press.net\/cotedivoire\/#\/schema\/person\/2b1cf3cd81a31e3cd26889ca66d677f1","name":"cfeditorfr"}]}},"_links":{"self":[{"href":"https:\/\/www.africa-press.net\/cotedivoire\/wp-json\/wp\/v2\/posts\/9021","targetHints":{"allow":["GET"]}}],"collection":[{"href":"https:\/\/www.africa-press.net\/cotedivoire\/wp-json\/wp\/v2\/posts"}],"about":[{"href":"https:\/\/www.africa-press.net\/cotedivoire\/wp-json\/wp\/v2\/types\/post"}],"author":[{"embeddable":true,"href":"https:\/\/www.africa-press.net\/cotedivoire\/wp-json\/wp\/v2\/users\/82"}],"replies":[{"embeddable":true,"href":"https:\/\/www.africa-press.net\/cotedivoire\/wp-json\/wp\/v2\/comments?post=9021"}],"version-history":[{"count":0,"href":"https:\/\/www.africa-press.net\/cotedivoire\/wp-json\/wp\/v2\/posts\/9021\/revisions"}],"wp:featuredmedia":[{"embeddable":true,"href":"https:\/\/www.africa-press.net\/cotedivoire\/wp-json\/wp\/v2\/media\/9020"}],"wp:attachment":[{"href":"https:\/\/www.africa-press.net\/cotedivoire\/wp-json\/wp\/v2\/media?parent=9021"}],"wp:term":[{"taxonomy":"category","embeddable":true,"href":"https:\/\/www.africa-press.net\/cotedivoire\/wp-json\/wp\/v2\/categories?post=9021"},{"taxonomy":"post_tag","embeddable":true,"href":"https:\/\/www.africa-press.net\/cotedivoire\/wp-json\/wp\/v2\/tags?post=9021"}],"curies":[{"name":"wp","href":"https:\/\/api.w.org\/{rel}","templated":true}]}}