{"id":9024,"date":"2021-06-15T13:49:23","date_gmt":"2021-06-15T13:49:23","guid":{"rendered":"https:\/\/www.africa-press.net\/cotedivoire\/?p=9024"},"modified":"2021-06-15T13:57:51","modified_gmt":"2021-06-15T13:57:51","slug":"accueil-de-gbagbo-cote-divoire-quand-le-president-ouattara-desavoue-les-extremistes","status":"publish","type":"post","link":"https:\/\/www.africa-press.net\/cotedivoire\/politique\/accueil-de-gbagbo-cote-divoire-quand-le-president-ouattara-desavoue-les-extremistes","title":{"rendered":"Accueil de Gbagbo\/C\u00f4te-d\u2019Ivoire: Quand le Pr\u00e9sident Ouattara d\u00e9savoue les extr\u00e9mistes"},"content":{"rendered":"<p><span style=\"color: #ff6600\"><strong><a href=\"https:\/\/www.africa-press.net\/\">Africa-Press<\/a> &#8211; <a href=\"https:\/\/www.africa-press.net\/cotedivoire\">C\u00f4te d&rsquo;Ivoire<\/a>. <\/strong><\/span>C\u2019est officiellement act\u00e9. Sauf changement de derni\u00e8re minute, l\u2019ancien pr\u00e9sident ivoirien Laurent Gbagbo foulera \u00e0 nouveau le sol de son pays le 17 juin 2021. Ce lundi en fin de matin\u00e9e Assoa Adou, le secr\u00e9taire g\u00e9n\u00e9ral de son parti a encore donn\u00e9 l\u2019information que le monde entier savait. Mais cette fois avec une nouvelle. A savoir que l\u2019ancien prisonnier de La Haye sera accueilli au pavillon pr\u00e9sidentiel encore appel\u00e9 pavillon d\u2019honneur. C\u2019est-\u00e0-dire, l\u00e0 o\u00f9 sont habituellement accueillis les h\u00f4tes de marque et les hautes personnalit\u00e9s m\u00eame en transit \u00e0 l\u2019a\u00e9roport d\u2019Abidjan.<\/p>\n<p>Cette nouvelle \u00e0 elle seule vaut un pesant d\u2019or et elle d\u00e9crispe l\u2019atmosph\u00e8re que des thurif\u00e9raires voudraient voir d\u00e9l\u00e9t\u00e8re ce 17 juin.<\/p>\n<p>En offrant, au nom de l\u2019\u00e9tat, le pavillon pr\u00e9sidentiel \u00e0 son pr\u00e9d\u00e9cesseur, Alassane Ouattara marque un coup politique, un coup historique et balaie de la main tous les nuages qui s\u2019amoncellaient sur le retour de Laurent Gbagbo. C\u2019est un cinglant d\u00e9saveu pour tous ceux, qui, ces derniers temps faisaient monter inutilement la tension comme si vivre dans la tension et les palabres \u00e9tait devenu un fonds de commerce pour ces gens-l\u00e0.<\/p>\n<p>La C\u00f4te d\u2019ivoire a besoin de paix, aime \u00e0 dire Alassane Ouattara. Il joint l\u2019acte \u00e0 la parole et d\u00e9sarme les p\u00eacheurs en eaux troubles. Le premier sur la liste de ceux-ci est Issiaka Diaby qui se trouve fort contrari\u00e9 dans son combat pour \u00eatre ce h\u00e9ros des temps. Celui-l\u00e0 qui met en d\u00e9route et rend inex\u00e9cutable une d\u00e9cision prise au sommet. Le pr\u00e9sident du collectif des victimes perd un soutien de taille. Et avec les dispositions prises par Alassane Ouattara et qui ouvrent dans le m\u00eame temps un accueil populaire au Woody de Mama, il est clair que tous ceux qui soutiennent Issiaka Diaby dans son combat effr\u00e9n\u00e9 prendront du recul tant ils sont d\u00e9savou\u00e9s, esseul\u00e9s et isol\u00e9s.<\/p>\n<p>On ne voit pas comment Diaby pourrait foncer t\u00eate baiss\u00e9e sans s\u2019exposer ainsi \u00e0 la rigueur de la loi avec le risque couru d\u2019\u00eatre une nouvelle foi victime de l\u2019histoire. Une victime de son ent\u00eatement mais surtout victime d\u2019un opportunisme malsain. A un moment donn\u00e9, il faut savoir s\u2019arr\u00eater car ce n\u2019est pas tous les combats qu\u2019on gagne.<\/p>\n<p>&nbsp;<\/p>\n","protected":false},"excerpt":{"rendered":"<p>Africa-Press &#8211; C\u00f4te d&rsquo;Ivoire. C\u2019est officiellement act\u00e9. Sauf changement de derni\u00e8re minute, l\u2019ancien pr\u00e9sident ivoirien Laurent Gbagbo foulera \u00e0 nouveau le sol de son pays le 17 juin 2021. Ce lundi en fin de matin\u00e9e Assoa Adou, le secr\u00e9taire g\u00e9n\u00e9ral de son parti a encore donn\u00e9 l\u2019information que le monde entier savait. Mais cette fois [&hellip;]<\/p>\n","protected":false},"author":82,"featured_media":9023,"comment_status":"open","ping_status":"closed","sticky":false,"template":"","format":"standard","meta":{"footnotes":""},"categories":[11,2,10],"tags":[56,63,29],"class_list":["post-9024","post","type-post","status-publish","format-standard","has-post-thumbnail","hentry","category-homepage-french","category-politique","category-toutes-les-actualites","tag-africa-press","tag-africa-press-cote-divoire","tag-cote-divoire"],"yoast_head":"<!-- This site is optimized with the Yoast SEO Premium plugin v26.1 (Yoast SEO v27.0) - https:\/\/yoast.com\/product\/yoast-seo-premium-wordpress\/ -->\n<title>Accueil de Gbagbo\/C\u00f4te-d\u2019Ivoire: Quand le Pr\u00e9sident Ouattara d\u00e9savoue les extr\u00e9mistes - C\u00f4te d&#039;Ivoire<\/title>\n<meta name=\"description\" content=\"C\u2019est officiellement act\u00e9. Sauf changement de derni\u00e8re minute, l\u2019ancien pr\u00e9sident ivoirien Laurent Gbagbo foulera \u00e0 nouv ...\" \/>\n<meta name=\"robots\" content=\"index, follow, max-snippet:-1, max-image-preview:large, max-video-preview:-1\" \/>\n<link rel=\"canonical\" href=\"https:\/\/www.africa-press.net\/cotedivoire\/politique\/accueil-de-gbagbo-cote-divoire-quand-le-president-ouattara-desavoue-les-extremistes\" \/>\n<meta property=\"og:locale\" content=\"fr_FR\" \/>\n<meta property=\"og:type\" content=\"article\" \/>\n<meta property=\"og:title\" content=\"Accueil de Gbagbo\/C\u00f4te-d\u2019Ivoire: Quand le Pr\u00e9sident Ouattara d\u00e9savoue les extr\u00e9mistes\" \/>\n<meta property=\"og:description\" content=\"C\u2019est officiellement act\u00e9. Sauf changement de derni\u00e8re minute, l\u2019ancien pr\u00e9sident ivoirien Laurent Gbagbo foulera \u00e0 nouv ...\" \/>\n<meta property=\"og:url\" content=\"https:\/\/www.africa-press.net\/cotedivoire\/politique\/accueil-de-gbagbo-cote-divoire-quand-le-president-ouattara-desavoue-les-extremistes\" \/>\n<meta property=\"og:site_name\" content=\"C\u00f4te d&#039;Ivoire\" \/>\n<meta property=\"article:published_time\" content=\"2021-06-15T13:49:23+00:00\" \/>\n<meta property=\"article:modified_time\" content=\"2021-06-15T13:57:51+00:00\" \/>\n<meta property=\"og:image\" content=\"https:\/\/static.africa-press.net\/cote\/sites\/43\/2021\/06\/img-60c8a23cb3182.jpg\" \/>\n\t<meta property=\"og:image:width\" content=\"720\" \/>\n\t<meta property=\"og:image:height\" content=\"549\" \/>\n\t<meta property=\"og:image:type\" content=\"image\/jpeg\" \/>\n<meta name=\"author\" content=\"cfeditorfr\" \/>\n<meta name=\"twitter:card\" content=\"summary_large_image\" \/>\n<meta name=\"twitter:label1\" content=\"\u00c9crit par\" \/>\n\t<meta name=\"twitter:data1\" content=\"cfeditorfr\" \/>\n\t<meta name=\"twitter:label2\" content=\"Dur\u00e9e de lecture estim\u00e9e\" \/>\n\t<meta name=\"twitter:data2\" content=\"2 minutes\" \/>\n<script type=\"application\/ld+json\" class=\"yoast-schema-graph\">{\"@context\":\"https:\/\/schema.org\",\"@graph\":[{\"@type\":\"Article\",\"@id\":\"https:\/\/www.africa-press.net\/cotedivoire\/politique\/accueil-de-gbagbo-cote-divoire-quand-le-president-ouattara-desavoue-les-extremistes#article\",\"isPartOf\":{\"@id\":\"https:\/\/www.africa-press.net\/cotedivoire\/politique\/accueil-de-gbagbo-cote-divoire-quand-le-president-ouattara-desavoue-les-extremistes\"},\"author\":{\"name\":\"cfeditorfr\",\"@id\":\"https:\/\/www.africa-press.net\/cotedivoire\/#\/schema\/person\/2b1cf3cd81a31e3cd26889ca66d677f1\"},\"headline\":\"Accueil de Gbagbo\/C\u00f4te-d\u2019Ivoire: Quand le Pr\u00e9sident Ouattara d\u00e9savoue les extr\u00e9mistes\",\"datePublished\":\"2021-06-15T13:49:23+00:00\",\"dateModified\":\"2021-06-15T13:57:51+00:00\",\"mainEntityOfPage\":{\"@id\":\"https:\/\/www.africa-press.net\/cotedivoire\/politique\/accueil-de-gbagbo-cote-divoire-quand-le-president-ouattara-desavoue-les-extremistes\"},\"wordCount\":436,\"commentCount\":0,\"image\":{\"@id\":\"https:\/\/www.africa-press.net\/cotedivoire\/politique\/accueil-de-gbagbo-cote-divoire-quand-le-president-ouattara-desavoue-les-extremistes#primaryimage\"},\"thumbnailUrl\":\"https:\/\/static.africa-press.net\/cote\/sites\/43\/2021\/06\/img-60c8a23cb3182.jpg\",\"keywords\":[\"Africa Press\",\"Africa Press-C\u00f4te d'Ivoire\",\"C\u00d4TE D'IVOIRE\"],\"articleSection\":[\"homepage-french\",\"Politique\",\"Toutes les actualit\u00e9s\"],\"inLanguage\":\"fr-FR\",\"potentialAction\":[{\"@type\":\"CommentAction\",\"name\":\"Comment\",\"target\":[\"https:\/\/www.africa-press.net\/cotedivoire\/politique\/accueil-de-gbagbo-cote-divoire-quand-le-president-ouattara-desavoue-les-extremistes#respond\"]}]},{\"@type\":\"WebPage\",\"@id\":\"https:\/\/www.africa-press.net\/cotedivoire\/politique\/accueil-de-gbagbo-cote-divoire-quand-le-president-ouattara-desavoue-les-extremistes\",\"url\":\"https:\/\/www.africa-press.net\/cotedivoire\/politique\/accueil-de-gbagbo-cote-divoire-quand-le-president-ouattara-desavoue-les-extremistes\",\"name\":\"Accueil de Gbagbo\/C\u00f4te-d\u2019Ivoire: Quand le Pr\u00e9sident Ouattara d\u00e9savoue les extr\u00e9mistes - C\u00f4te d&#039;Ivoire\",\"isPartOf\":{\"@id\":\"https:\/\/www.africa-press.net\/cotedivoire\/#website\"},\"primaryImageOfPage\":{\"@id\":\"https:\/\/www.africa-press.net\/cotedivoire\/politique\/accueil-de-gbagbo-cote-divoire-quand-le-president-ouattara-desavoue-les-extremistes#primaryimage\"},\"image\":{\"@id\":\"https:\/\/www.africa-press.net\/cotedivoire\/politique\/accueil-de-gbagbo-cote-divoire-quand-le-president-ouattara-desavoue-les-extremistes#primaryimage\"},\"thumbnailUrl\":\"https:\/\/static.africa-press.net\/cote\/sites\/43\/2021\/06\/img-60c8a23cb3182.jpg\",\"datePublished\":\"2021-06-15T13:49:23+00:00\",\"dateModified\":\"2021-06-15T13:57:51+00:00\",\"author\":{\"@id\":\"https:\/\/www.africa-press.net\/cotedivoire\/#\/schema\/person\/2b1cf3cd81a31e3cd26889ca66d677f1\"},\"description\":\"C\u2019est officiellement act\u00e9. Sauf changement de derni\u00e8re minute, l\u2019ancien pr\u00e9sident ivoirien Laurent Gbagbo foulera \u00e0 nouv ...\",\"breadcrumb\":{\"@id\":\"https:\/\/www.africa-press.net\/cotedivoire\/politique\/accueil-de-gbagbo-cote-divoire-quand-le-president-ouattara-desavoue-les-extremistes#breadcrumb\"},\"inLanguage\":\"fr-FR\",\"potentialAction\":[{\"@type\":\"ReadAction\",\"target\":[\"https:\/\/www.africa-press.net\/cotedivoire\/politique\/accueil-de-gbagbo-cote-divoire-quand-le-president-ouattara-desavoue-les-extremistes\"]}]},{\"@type\":\"ImageObject\",\"inLanguage\":\"fr-FR\",\"@id\":\"https:\/\/www.africa-press.net\/cotedivoire\/politique\/accueil-de-gbagbo-cote-divoire-quand-le-president-ouattara-desavoue-les-extremistes#primaryimage\",\"url\":\"https:\/\/static.africa-press.net\/cote\/sites\/43\/2021\/06\/img-60c8a23cb3182.jpg\",\"contentUrl\":\"https:\/\/static.africa-press.net\/cote\/sites\/43\/2021\/06\/img-60c8a23cb3182.jpg\",\"width\":720,\"height\":549,\"caption\":\"Accueil de Gbagbo\/C\u00f4te-d\u2019Ivoire: Quand le Pr\u00e9sident Ouattara d\u00e9savoue les extr\u00e9mistes\"},{\"@type\":\"BreadcrumbList\",\"@id\":\"https:\/\/www.africa-press.net\/cotedivoire\/politique\/accueil-de-gbagbo-cote-divoire-quand-le-president-ouattara-desavoue-les-extremistes#breadcrumb\",\"itemListElement\":[{\"@type\":\"ListItem\",\"position\":1,\"name\":\"Accueil\",\"item\":\"https:\/\/www.africa-press.net\/cotedivoire\/\"},{\"@type\":\"ListItem\",\"position\":2,\"name\":\"Accueil de Gbagbo\/C\u00f4te-d\u2019Ivoire: Quand le Pr\u00e9sident Ouattara d\u00e9savoue les extr\u00e9mistes\"}]},{\"@type\":\"WebSite\",\"@id\":\"https:\/\/www.africa-press.net\/cotedivoire\/#website\",\"url\":\"https:\/\/www.africa-press.net\/cotedivoire\/\",\"name\":\"C\u00f4te d&#039;Ivoire\",\"description\":\"Just another Africa News Agency Sites site\",\"potentialAction\":[{\"@type\":\"SearchAction\",\"target\":{\"@type\":\"EntryPoint\",\"urlTemplate\":\"https:\/\/www.africa-press.net\/cotedivoire\/?s={search_term_string}\"},\"query-input\":{\"@type\":\"PropertyValueSpecification\",\"valueRequired\":true,\"valueName\":\"search_term_string\"}}],\"inLanguage\":\"fr-FR\"},{\"@type\":\"Person\",\"@id\":\"https:\/\/www.africa-press.net\/cotedivoire\/#\/schema\/person\/2b1cf3cd81a31e3cd26889ca66d677f1\",\"name\":\"cfeditorfr\"}]}<\/script>\n<!-- \/ Yoast SEO Premium plugin. -->","yoast_head_json":{"title":"Accueil de Gbagbo\/C\u00f4te-d\u2019Ivoire: Quand le Pr\u00e9sident Ouattara d\u00e9savoue les extr\u00e9mistes - C\u00f4te d&#039;Ivoire","description":"C\u2019est officiellement act\u00e9. Sauf changement de derni\u00e8re minute, l\u2019ancien pr\u00e9sident ivoirien Laurent Gbagbo foulera \u00e0 nouv ...","robots":{"index":"index","follow":"follow","max-snippet":"max-snippet:-1","max-image-preview":"max-image-preview:large","max-video-preview":"max-video-preview:-1"},"canonical":"https:\/\/www.africa-press.net\/cotedivoire\/politique\/accueil-de-gbagbo-cote-divoire-quand-le-president-ouattara-desavoue-les-extremistes","og_locale":"fr_FR","og_type":"article","og_title":"Accueil de Gbagbo\/C\u00f4te-d\u2019Ivoire: Quand le Pr\u00e9sident Ouattara d\u00e9savoue les extr\u00e9mistes","og_description":"C\u2019est officiellement act\u00e9. Sauf changement de derni\u00e8re minute, l\u2019ancien pr\u00e9sident ivoirien Laurent Gbagbo foulera \u00e0 nouv ...","og_url":"https:\/\/www.africa-press.net\/cotedivoire\/politique\/accueil-de-gbagbo-cote-divoire-quand-le-president-ouattara-desavoue-les-extremistes","og_site_name":"C\u00f4te d&#039;Ivoire","article_published_time":"2021-06-15T13:49:23+00:00","article_modified_time":"2021-06-15T13:57:51+00:00","og_image":[{"width":720,"height":549,"url":"https:\/\/static.africa-press.net\/cote\/sites\/43\/2021\/06\/img-60c8a23cb3182.jpg","type":"image\/jpeg"}],"author":"cfeditorfr","twitter_card":"summary_large_image","twitter_misc":{"\u00c9crit par":"cfeditorfr","Dur\u00e9e de lecture estim\u00e9e":"2 minutes"},"schema":{"@context":"https:\/\/schema.org","@graph":[{"@type":"Article","@id":"https:\/\/www.africa-press.net\/cotedivoire\/politique\/accueil-de-gbagbo-cote-divoire-quand-le-president-ouattara-desavoue-les-extremistes#article","isPartOf":{"@id":"https:\/\/www.africa-press.net\/cotedivoire\/politique\/accueil-de-gbagbo-cote-divoire-quand-le-president-ouattara-desavoue-les-extremistes"},"author":{"name":"cfeditorfr","@id":"https:\/\/www.africa-press.net\/cotedivoire\/#\/schema\/person\/2b1cf3cd81a31e3cd26889ca66d677f1"},"headline":"Accueil de Gbagbo\/C\u00f4te-d\u2019Ivoire: Quand le Pr\u00e9sident Ouattara d\u00e9savoue les extr\u00e9mistes","datePublished":"2021-06-15T13:49:23+00:00","dateModified":"2021-06-15T13:57:51+00:00","mainEntityOfPage":{"@id":"https:\/\/www.africa-press.net\/cotedivoire\/politique\/accueil-de-gbagbo-cote-divoire-quand-le-president-ouattara-desavoue-les-extremistes"},"wordCount":436,"commentCount":0,"image":{"@id":"https:\/\/www.africa-press.net\/cotedivoire\/politique\/accueil-de-gbagbo-cote-divoire-quand-le-president-ouattara-desavoue-les-extremistes#primaryimage"},"thumbnailUrl":"https:\/\/static.africa-press.net\/cote\/sites\/43\/2021\/06\/img-60c8a23cb3182.jpg","keywords":["Africa Press","Africa Press-C\u00f4te d'Ivoire","C\u00d4TE D'IVOIRE"],"articleSection":["homepage-french","Politique","Toutes les actualit\u00e9s"],"inLanguage":"fr-FR","potentialAction":[{"@type":"CommentAction","name":"Comment","target":["https:\/\/www.africa-press.net\/cotedivoire\/politique\/accueil-de-gbagbo-cote-divoire-quand-le-president-ouattara-desavoue-les-extremistes#respond"]}]},{"@type":"WebPage","@id":"https:\/\/www.africa-press.net\/cotedivoire\/politique\/accueil-de-gbagbo-cote-divoire-quand-le-president-ouattara-desavoue-les-extremistes","url":"https:\/\/www.africa-press.net\/cotedivoire\/politique\/accueil-de-gbagbo-cote-divoire-quand-le-president-ouattara-desavoue-les-extremistes","name":"Accueil de Gbagbo\/C\u00f4te-d\u2019Ivoire: Quand le Pr\u00e9sident Ouattara d\u00e9savoue les extr\u00e9mistes - C\u00f4te d&#039;Ivoire","isPartOf":{"@id":"https:\/\/www.africa-press.net\/cotedivoire\/#website"},"primaryImageOfPage":{"@id":"https:\/\/www.africa-press.net\/cotedivoire\/politique\/accueil-de-gbagbo-cote-divoire-quand-le-president-ouattara-desavoue-les-extremistes#primaryimage"},"image":{"@id":"https:\/\/www.africa-press.net\/cotedivoire\/politique\/accueil-de-gbagbo-cote-divoire-quand-le-president-ouattara-desavoue-les-extremistes#primaryimage"},"thumbnailUrl":"https:\/\/static.africa-press.net\/cote\/sites\/43\/2021\/06\/img-60c8a23cb3182.jpg","datePublished":"2021-06-15T13:49:23+00:00","dateModified":"2021-06-15T13:57:51+00:00","author":{"@id":"https:\/\/www.africa-press.net\/cotedivoire\/#\/schema\/person\/2b1cf3cd81a31e3cd26889ca66d677f1"},"description":"C\u2019est officiellement act\u00e9. Sauf changement de derni\u00e8re minute, l\u2019ancien pr\u00e9sident ivoirien Laurent Gbagbo foulera \u00e0 nouv ...","breadcrumb":{"@id":"https:\/\/www.africa-press.net\/cotedivoire\/politique\/accueil-de-gbagbo-cote-divoire-quand-le-president-ouattara-desavoue-les-extremistes#breadcrumb"},"inLanguage":"fr-FR","potentialAction":[{"@type":"ReadAction","target":["https:\/\/www.africa-press.net\/cotedivoire\/politique\/accueil-de-gbagbo-cote-divoire-quand-le-president-ouattara-desavoue-les-extremistes"]}]},{"@type":"ImageObject","inLanguage":"fr-FR","@id":"https:\/\/www.africa-press.net\/cotedivoire\/politique\/accueil-de-gbagbo-cote-divoire-quand-le-president-ouattara-desavoue-les-extremistes#primaryimage","url":"https:\/\/static.africa-press.net\/cote\/sites\/43\/2021\/06\/img-60c8a23cb3182.jpg","contentUrl":"https:\/\/static.africa-press.net\/cote\/sites\/43\/2021\/06\/img-60c8a23cb3182.jpg","width":720,"height":549,"caption":"Accueil de Gbagbo\/C\u00f4te-d\u2019Ivoire: Quand le Pr\u00e9sident Ouattara d\u00e9savoue les extr\u00e9mistes"},{"@type":"BreadcrumbList","@id":"https:\/\/www.africa-press.net\/cotedivoire\/politique\/accueil-de-gbagbo-cote-divoire-quand-le-president-ouattara-desavoue-les-extremistes#breadcrumb","itemListElement":[{"@type":"ListItem","position":1,"name":"Accueil","item":"https:\/\/www.africa-press.net\/cotedivoire\/"},{"@type":"ListItem","position":2,"name":"Accueil de Gbagbo\/C\u00f4te-d\u2019Ivoire: Quand le Pr\u00e9sident Ouattara d\u00e9savoue les extr\u00e9mistes"}]},{"@type":"WebSite","@id":"https:\/\/www.africa-press.net\/cotedivoire\/#website","url":"https:\/\/www.africa-press.net\/cotedivoire\/","name":"C\u00f4te d&#039;Ivoire","description":"Just another Africa News Agency Sites site","potentialAction":[{"@type":"SearchAction","target":{"@type":"EntryPoint","urlTemplate":"https:\/\/www.africa-press.net\/cotedivoire\/?s={search_term_string}"},"query-input":{"@type":"PropertyValueSpecification","valueRequired":true,"valueName":"search_term_string"}}],"inLanguage":"fr-FR"},{"@type":"Person","@id":"https:\/\/www.africa-press.net\/cotedivoire\/#\/schema\/person\/2b1cf3cd81a31e3cd26889ca66d677f1","name":"cfeditorfr"}]}},"_links":{"self":[{"href":"https:\/\/www.africa-press.net\/cotedivoire\/wp-json\/wp\/v2\/posts\/9024","targetHints":{"allow":["GET"]}}],"collection":[{"href":"https:\/\/www.africa-press.net\/cotedivoire\/wp-json\/wp\/v2\/posts"}],"about":[{"href":"https:\/\/www.africa-press.net\/cotedivoire\/wp-json\/wp\/v2\/types\/post"}],"author":[{"embeddable":true,"href":"https:\/\/www.africa-press.net\/cotedivoire\/wp-json\/wp\/v2\/users\/82"}],"replies":[{"embeddable":true,"href":"https:\/\/www.africa-press.net\/cotedivoire\/wp-json\/wp\/v2\/comments?post=9024"}],"version-history":[{"count":0,"href":"https:\/\/www.africa-press.net\/cotedivoire\/wp-json\/wp\/v2\/posts\/9024\/revisions"}],"wp:featuredmedia":[{"embeddable":true,"href":"https:\/\/www.africa-press.net\/cotedivoire\/wp-json\/wp\/v2\/media\/9023"}],"wp:attachment":[{"href":"https:\/\/www.africa-press.net\/cotedivoire\/wp-json\/wp\/v2\/media?parent=9024"}],"wp:term":[{"taxonomy":"category","embeddable":true,"href":"https:\/\/www.africa-press.net\/cotedivoire\/wp-json\/wp\/v2\/categories?post=9024"},{"taxonomy":"post_tag","embeddable":true,"href":"https:\/\/www.africa-press.net\/cotedivoire\/wp-json\/wp\/v2\/tags?post=9024"}],"curies":[{"name":"wp","href":"https:\/\/api.w.org\/{rel}","templated":true}]}}