{"id":90265,"date":"2024-11-07T17:39:57","date_gmt":"2024-11-07T17:39:57","guid":{"rendered":"https:\/\/www.africa-press.net\/cotedivoire\/politique\/cote-divoire-france-selon-jean-marie-bockel-envoye-personnel-de-macron-les-partenaires-africains-ne-souhaitent-pas-le-depart-des-forces-francaises"},"modified":"2024-11-07T18:23:41","modified_gmt":"2024-11-07T18:23:41","slug":"cote-divoire-france-selon-jean-marie-bockel-envoye-personnel-de-macron-les-partenaires-africains-ne-souhaitent-pas-le-depart-des-forces-francaises","status":"publish","type":"post","link":"https:\/\/www.africa-press.net\/cotedivoire\/politique\/cote-divoire-france-selon-jean-marie-bockel-envoye-personnel-de-macron-les-partenaires-africains-ne-souhaitent-pas-le-depart-des-forces-francaises","title":{"rendered":"C\u00f4te d&rsquo;Ivoire-France : Selon Jean-Marie Bockel (envoy\u00e9 personnel de Macron), les partenaires africains ne souhaitent pas le d\u00e9part des forces fran\u00e7aises"},"content":{"rendered":"<p><span style=\"color: #ff6600\"><strong>Africa-Press &#8211; C\u00f4te d&rsquo;Ivoire. <\/strong><\/span>Nomme\u0301 en fe\u0301vrier 2024 par Emmanuel Macron, en qualite\u0301 d\u2019 \u00ab envoye\u0301 personnel \u00bb en Afrique pour discuter avec les pays partenaires africains des nouvelles formes de la pre\u0301sence militaire franc\u0327aise, que Paris compte nettement re\u0301duire, Jean-Marie Bockel , fait son bilan a\u0300 mi-parcours.<\/p>\n<p>Dans un entretien accorde\u0301 ce jeudi 07 novembre 2024, au media d\u2019Etat Franc\u0327ais (RFI), l&rsquo;ancien secre\u0301taire d&rsquo;Etat a\u0300 la Coope\u0301ration du pre\u0301sident Nicolas Sarkozy, a re\u0301ve\u0301le\u0301 que les partenaires africains ne souhaitent pas le de\u0301part des forces franc\u0327aises du continent.<\/p>\n<p>\u00abNos partenaires africains ne souhaitent pas notre de\u0301part\u00bb, a dit Jean-Marie Bockel.<\/p>\n<p>Alors que plusieurs pays africains tournent ostensiblement le dos a\u0300 la France (Ndrl: Mali, Niger, Burkina), le pre\u0301sident franc\u0327ais Emmanuel Macron tente de rede\u0301finir la pre\u0301sence franc\u0327aise sur le continent.<\/p>\n<p>Pour ce faire, il a nomme\u0301 en fe\u0301vrier dernier l\u2019ancien ministre Jean-Marie Bockel au poste \u00ab d\u2019envoye\u0301 personnel \u00bb.<\/p>\n<p><strong>Pour plus d&rsquo;informations et d&rsquo;analyses sur la C\u00f4te d&rsquo;Ivoire, suivez Africa-Press<\/strong><\/p>\n","protected":false},"excerpt":{"rendered":"<p>Africa-Press &#8211; C\u00f4te d&rsquo;Ivoire. Nomme\u0301 en fe\u0301vrier 2024 par Emmanuel Macron, en qualite\u0301 d\u2019 \u00ab envoye\u0301 personnel \u00bb en Afrique pour discuter avec les pays partenaires africains des nouvelles formes de la pre\u0301sence militaire franc\u0327aise, que Paris compte nettement re\u0301duire, Jean-Marie Bockel , fait son bilan a\u0300 mi-parcours. Dans un entretien accorde\u0301 ce jeudi 07 [&hellip;]<\/p>\n","protected":false},"author":82,"featured_media":90264,"comment_status":"open","ping_status":"closed","sticky":false,"template":"","format":"standard","meta":{"footnotes":""},"categories":[2,20,10],"tags":[29,1979,15493,7127,12515,4840],"class_list":["post-90265","post","type-post","status-publish","format-standard","has-post-thumbnail","hentry","category-politique","category-top-nouvelles","category-toutes-les-actualites","tag-cote-divoire","tag-emmanuel-macron","tag-envoye-personnel","tag-forces-francaises","tag-jean-marie-bockel","tag-partenaires"],"yoast_head":"<!-- This site is optimized with the Yoast SEO Premium plugin v26.1 (Yoast SEO v27.0) - https:\/\/yoast.com\/product\/yoast-seo-premium-wordpress\/ -->\n<title>C\u00f4te d&#039;Ivoire-France : Selon Jean-Marie Bockel (envoy\u00e9 personnel de Macron), les partenaires africains ne souhaitent pas le d\u00e9part des forces fran\u00e7aises - C\u00f4te d&#039;Ivoire<\/title>\n<meta name=\"description\" content=\"Nomme\u0301 en fe\u0301vrier 2024 par Emmanuel Macron, en qualite\u0301 d\u2019 \u00ab envoye\u0301 personnel \u00bb en Afrique pour discuter avec les pays ...\" \/>\n<meta name=\"robots\" content=\"index, follow, max-snippet:-1, max-image-preview:large, max-video-preview:-1\" \/>\n<link rel=\"canonical\" href=\"https:\/\/www.africa-press.net\/cotedivoire\/politique\/cote-divoire-france-selon-jean-marie-bockel-envoye-personnel-de-macron-les-partenaires-africains-ne-souhaitent-pas-le-depart-des-forces-francaises\" \/>\n<meta property=\"og:locale\" content=\"fr_FR\" \/>\n<meta property=\"og:type\" content=\"article\" \/>\n<meta property=\"og:title\" content=\"C\u00f4te d&#039;Ivoire-France : Selon Jean-Marie Bockel (envoy\u00e9 personnel de Macron), les partenaires africains ne souhaitent pas le d\u00e9part des forces fran\u00e7aises\" \/>\n<meta property=\"og:description\" content=\"Nomme\u0301 en fe\u0301vrier 2024 par Emmanuel Macron, en qualite\u0301 d\u2019 \u00ab envoye\u0301 personnel \u00bb en Afrique pour discuter avec les pays ...\" \/>\n<meta property=\"og:url\" content=\"https:\/\/www.africa-press.net\/cotedivoire\/politique\/cote-divoire-france-selon-jean-marie-bockel-envoye-personnel-de-macron-les-partenaires-africains-ne-souhaitent-pas-le-depart-des-forces-francaises\" \/>\n<meta property=\"og:site_name\" content=\"C\u00f4te d&#039;Ivoire\" \/>\n<meta property=\"article:published_time\" content=\"2024-11-07T17:39:57+00:00\" \/>\n<meta property=\"article:modified_time\" content=\"2024-11-07T18:23:41+00:00\" \/>\n<meta property=\"og:image\" content=\"https:\/\/static.africa-press.net\/cote\/sites\/43\/2024\/11\/sm_1730991193.817559.jpg\" \/>\n\t<meta property=\"og:image:width\" content=\"720\" \/>\n\t<meta property=\"og:image:height\" content=\"403\" \/>\n\t<meta property=\"og:image:type\" content=\"image\/jpeg\" \/>\n<meta name=\"author\" content=\"cfeditorfr\" \/>\n<meta name=\"twitter:card\" content=\"summary_large_image\" \/>\n<meta name=\"twitter:label1\" content=\"\u00c9crit par\" \/>\n\t<meta name=\"twitter:data1\" content=\"cfeditorfr\" \/>\n\t<meta name=\"twitter:label2\" content=\"Dur\u00e9e de lecture estim\u00e9e\" \/>\n\t<meta name=\"twitter:data2\" content=\"1 minute\" \/>\n<script type=\"application\/ld+json\" class=\"yoast-schema-graph\">{\"@context\":\"https:\/\/schema.org\",\"@graph\":[{\"@type\":\"Article\",\"@id\":\"https:\/\/www.africa-press.net\/cotedivoire\/politique\/cote-divoire-france-selon-jean-marie-bockel-envoye-personnel-de-macron-les-partenaires-africains-ne-souhaitent-pas-le-depart-des-forces-francaises#article\",\"isPartOf\":{\"@id\":\"https:\/\/www.africa-press.net\/cotedivoire\/politique\/cote-divoire-france-selon-jean-marie-bockel-envoye-personnel-de-macron-les-partenaires-africains-ne-souhaitent-pas-le-depart-des-forces-francaises\"},\"author\":{\"name\":\"cfeditorfr\",\"@id\":\"https:\/\/www.africa-press.net\/cotedivoire\/#\/schema\/person\/2b1cf3cd81a31e3cd26889ca66d677f1\"},\"headline\":\"C\u00f4te d&rsquo;Ivoire-France : Selon Jean-Marie Bockel (envoy\u00e9 personnel de Macron), les partenaires africains ne souhaitent pas le d\u00e9part des forces fran\u00e7aises\",\"datePublished\":\"2024-11-07T17:39:57+00:00\",\"dateModified\":\"2024-11-07T18:23:41+00:00\",\"mainEntityOfPage\":{\"@id\":\"https:\/\/www.africa-press.net\/cotedivoire\/politique\/cote-divoire-france-selon-jean-marie-bockel-envoye-personnel-de-macron-les-partenaires-africains-ne-souhaitent-pas-le-depart-des-forces-francaises\"},\"wordCount\":206,\"commentCount\":0,\"image\":{\"@id\":\"https:\/\/www.africa-press.net\/cotedivoire\/politique\/cote-divoire-france-selon-jean-marie-bockel-envoye-personnel-de-macron-les-partenaires-africains-ne-souhaitent-pas-le-depart-des-forces-francaises#primaryimage\"},\"thumbnailUrl\":\"https:\/\/static.africa-press.net\/cote\/sites\/43\/2024\/11\/sm_1730991193.817559.jpg\",\"keywords\":[\"C\u00d4TE D'IVOIRE\",\"Emmanuel Macron\",\"envoy\u00e9 personnel\",\"Forces fran\u00e7aises\",\"Jean-Marie Bockel\",\"partenaires\"],\"articleSection\":[\"Politique\",\"Top Nouvelles\",\"Toutes les actualit\u00e9s\"],\"inLanguage\":\"fr-FR\",\"potentialAction\":[{\"@type\":\"CommentAction\",\"name\":\"Comment\",\"target\":[\"https:\/\/www.africa-press.net\/cotedivoire\/politique\/cote-divoire-france-selon-jean-marie-bockel-envoye-personnel-de-macron-les-partenaires-africains-ne-souhaitent-pas-le-depart-des-forces-francaises#respond\"]}]},{\"@type\":\"WebPage\",\"@id\":\"https:\/\/www.africa-press.net\/cotedivoire\/politique\/cote-divoire-france-selon-jean-marie-bockel-envoye-personnel-de-macron-les-partenaires-africains-ne-souhaitent-pas-le-depart-des-forces-francaises\",\"url\":\"https:\/\/www.africa-press.net\/cotedivoire\/politique\/cote-divoire-france-selon-jean-marie-bockel-envoye-personnel-de-macron-les-partenaires-africains-ne-souhaitent-pas-le-depart-des-forces-francaises\",\"name\":\"C\u00f4te d'Ivoire-France : Selon Jean-Marie Bockel (envoy\u00e9 personnel de Macron), les partenaires africains ne souhaitent pas le d\u00e9part des forces fran\u00e7aises - C\u00f4te d&#039;Ivoire\",\"isPartOf\":{\"@id\":\"https:\/\/www.africa-press.net\/cotedivoire\/#website\"},\"primaryImageOfPage\":{\"@id\":\"https:\/\/www.africa-press.net\/cotedivoire\/politique\/cote-divoire-france-selon-jean-marie-bockel-envoye-personnel-de-macron-les-partenaires-africains-ne-souhaitent-pas-le-depart-des-forces-francaises#primaryimage\"},\"image\":{\"@id\":\"https:\/\/www.africa-press.net\/cotedivoire\/politique\/cote-divoire-france-selon-jean-marie-bockel-envoye-personnel-de-macron-les-partenaires-africains-ne-souhaitent-pas-le-depart-des-forces-francaises#primaryimage\"},\"thumbnailUrl\":\"https:\/\/static.africa-press.net\/cote\/sites\/43\/2024\/11\/sm_1730991193.817559.jpg\",\"datePublished\":\"2024-11-07T17:39:57+00:00\",\"dateModified\":\"2024-11-07T18:23:41+00:00\",\"author\":{\"@id\":\"https:\/\/www.africa-press.net\/cotedivoire\/#\/schema\/person\/2b1cf3cd81a31e3cd26889ca66d677f1\"},\"description\":\"Nomme\u0301 en fe\u0301vrier 2024 par Emmanuel Macron, en qualite\u0301 d\u2019 \u00ab envoye\u0301 personnel \u00bb en Afrique pour discuter avec les pays ...\",\"breadcrumb\":{\"@id\":\"https:\/\/www.africa-press.net\/cotedivoire\/politique\/cote-divoire-france-selon-jean-marie-bockel-envoye-personnel-de-macron-les-partenaires-africains-ne-souhaitent-pas-le-depart-des-forces-francaises#breadcrumb\"},\"inLanguage\":\"fr-FR\",\"potentialAction\":[{\"@type\":\"ReadAction\",\"target\":[\"https:\/\/www.africa-press.net\/cotedivoire\/politique\/cote-divoire-france-selon-jean-marie-bockel-envoye-personnel-de-macron-les-partenaires-africains-ne-souhaitent-pas-le-depart-des-forces-francaises\"]}]},{\"@type\":\"ImageObject\",\"inLanguage\":\"fr-FR\",\"@id\":\"https:\/\/www.africa-press.net\/cotedivoire\/politique\/cote-divoire-france-selon-jean-marie-bockel-envoye-personnel-de-macron-les-partenaires-africains-ne-souhaitent-pas-le-depart-des-forces-francaises#primaryimage\",\"url\":\"https:\/\/static.africa-press.net\/cote\/sites\/43\/2024\/11\/sm_1730991193.817559.jpg\",\"contentUrl\":\"https:\/\/static.africa-press.net\/cote\/sites\/43\/2024\/11\/sm_1730991193.817559.jpg\",\"width\":720,\"height\":403,\"caption\":\"C\u00f4te d'Ivoire-France : Selon Jean-Marie Bockel (envoy\u00e9 personnel de Macron), les partenaires africains ne souhaitent pas le d\u00e9part des forces fran\u00e7aises\"},{\"@type\":\"BreadcrumbList\",\"@id\":\"https:\/\/www.africa-press.net\/cotedivoire\/politique\/cote-divoire-france-selon-jean-marie-bockel-envoye-personnel-de-macron-les-partenaires-africains-ne-souhaitent-pas-le-depart-des-forces-francaises#breadcrumb\",\"itemListElement\":[{\"@type\":\"ListItem\",\"position\":1,\"name\":\"Accueil\",\"item\":\"https:\/\/www.africa-press.net\/cotedivoire\/\"},{\"@type\":\"ListItem\",\"position\":2,\"name\":\"C\u00f4te d&#8217;Ivoire-France : Selon Jean-Marie Bockel (envoy\u00e9 personnel de Macron), les partenaires africains ne souhaitent pas le d\u00e9part des forces fran\u00e7aises\"}]},{\"@type\":\"WebSite\",\"@id\":\"https:\/\/www.africa-press.net\/cotedivoire\/#website\",\"url\":\"https:\/\/www.africa-press.net\/cotedivoire\/\",\"name\":\"C\u00f4te d&#039;Ivoire\",\"description\":\"Just another Africa News Agency Sites site\",\"potentialAction\":[{\"@type\":\"SearchAction\",\"target\":{\"@type\":\"EntryPoint\",\"urlTemplate\":\"https:\/\/www.africa-press.net\/cotedivoire\/?s={search_term_string}\"},\"query-input\":{\"@type\":\"PropertyValueSpecification\",\"valueRequired\":true,\"valueName\":\"search_term_string\"}}],\"inLanguage\":\"fr-FR\"},{\"@type\":\"Person\",\"@id\":\"https:\/\/www.africa-press.net\/cotedivoire\/#\/schema\/person\/2b1cf3cd81a31e3cd26889ca66d677f1\",\"name\":\"cfeditorfr\"}]}<\/script>\n<!-- \/ Yoast SEO Premium plugin. -->","yoast_head_json":{"title":"C\u00f4te d'Ivoire-France : Selon Jean-Marie Bockel (envoy\u00e9 personnel de Macron), les partenaires africains ne souhaitent pas le d\u00e9part des forces fran\u00e7aises - C\u00f4te d&#039;Ivoire","description":"Nomme\u0301 en fe\u0301vrier 2024 par Emmanuel Macron, en qualite\u0301 d\u2019 \u00ab envoye\u0301 personnel \u00bb en Afrique pour discuter avec les pays ...","robots":{"index":"index","follow":"follow","max-snippet":"max-snippet:-1","max-image-preview":"max-image-preview:large","max-video-preview":"max-video-preview:-1"},"canonical":"https:\/\/www.africa-press.net\/cotedivoire\/politique\/cote-divoire-france-selon-jean-marie-bockel-envoye-personnel-de-macron-les-partenaires-africains-ne-souhaitent-pas-le-depart-des-forces-francaises","og_locale":"fr_FR","og_type":"article","og_title":"C\u00f4te d'Ivoire-France : Selon Jean-Marie Bockel (envoy\u00e9 personnel de Macron), les partenaires africains ne souhaitent pas le d\u00e9part des forces fran\u00e7aises","og_description":"Nomme\u0301 en fe\u0301vrier 2024 par Emmanuel Macron, en qualite\u0301 d\u2019 \u00ab envoye\u0301 personnel \u00bb en Afrique pour discuter avec les pays ...","og_url":"https:\/\/www.africa-press.net\/cotedivoire\/politique\/cote-divoire-france-selon-jean-marie-bockel-envoye-personnel-de-macron-les-partenaires-africains-ne-souhaitent-pas-le-depart-des-forces-francaises","og_site_name":"C\u00f4te d&#039;Ivoire","article_published_time":"2024-11-07T17:39:57+00:00","article_modified_time":"2024-11-07T18:23:41+00:00","og_image":[{"width":720,"height":403,"url":"https:\/\/static.africa-press.net\/cote\/sites\/43\/2024\/11\/sm_1730991193.817559.jpg","type":"image\/jpeg"}],"author":"cfeditorfr","twitter_card":"summary_large_image","twitter_misc":{"\u00c9crit par":"cfeditorfr","Dur\u00e9e de lecture estim\u00e9e":"1 minute"},"schema":{"@context":"https:\/\/schema.org","@graph":[{"@type":"Article","@id":"https:\/\/www.africa-press.net\/cotedivoire\/politique\/cote-divoire-france-selon-jean-marie-bockel-envoye-personnel-de-macron-les-partenaires-africains-ne-souhaitent-pas-le-depart-des-forces-francaises#article","isPartOf":{"@id":"https:\/\/www.africa-press.net\/cotedivoire\/politique\/cote-divoire-france-selon-jean-marie-bockel-envoye-personnel-de-macron-les-partenaires-africains-ne-souhaitent-pas-le-depart-des-forces-francaises"},"author":{"name":"cfeditorfr","@id":"https:\/\/www.africa-press.net\/cotedivoire\/#\/schema\/person\/2b1cf3cd81a31e3cd26889ca66d677f1"},"headline":"C\u00f4te d&rsquo;Ivoire-France : Selon Jean-Marie Bockel (envoy\u00e9 personnel de Macron), les partenaires africains ne souhaitent pas le d\u00e9part des forces fran\u00e7aises","datePublished":"2024-11-07T17:39:57+00:00","dateModified":"2024-11-07T18:23:41+00:00","mainEntityOfPage":{"@id":"https:\/\/www.africa-press.net\/cotedivoire\/politique\/cote-divoire-france-selon-jean-marie-bockel-envoye-personnel-de-macron-les-partenaires-africains-ne-souhaitent-pas-le-depart-des-forces-francaises"},"wordCount":206,"commentCount":0,"image":{"@id":"https:\/\/www.africa-press.net\/cotedivoire\/politique\/cote-divoire-france-selon-jean-marie-bockel-envoye-personnel-de-macron-les-partenaires-africains-ne-souhaitent-pas-le-depart-des-forces-francaises#primaryimage"},"thumbnailUrl":"https:\/\/static.africa-press.net\/cote\/sites\/43\/2024\/11\/sm_1730991193.817559.jpg","keywords":["C\u00d4TE D'IVOIRE","Emmanuel Macron","envoy\u00e9 personnel","Forces fran\u00e7aises","Jean-Marie Bockel","partenaires"],"articleSection":["Politique","Top Nouvelles","Toutes les actualit\u00e9s"],"inLanguage":"fr-FR","potentialAction":[{"@type":"CommentAction","name":"Comment","target":["https:\/\/www.africa-press.net\/cotedivoire\/politique\/cote-divoire-france-selon-jean-marie-bockel-envoye-personnel-de-macron-les-partenaires-africains-ne-souhaitent-pas-le-depart-des-forces-francaises#respond"]}]},{"@type":"WebPage","@id":"https:\/\/www.africa-press.net\/cotedivoire\/politique\/cote-divoire-france-selon-jean-marie-bockel-envoye-personnel-de-macron-les-partenaires-africains-ne-souhaitent-pas-le-depart-des-forces-francaises","url":"https:\/\/www.africa-press.net\/cotedivoire\/politique\/cote-divoire-france-selon-jean-marie-bockel-envoye-personnel-de-macron-les-partenaires-africains-ne-souhaitent-pas-le-depart-des-forces-francaises","name":"C\u00f4te d'Ivoire-France : Selon Jean-Marie Bockel (envoy\u00e9 personnel de Macron), les partenaires africains ne souhaitent pas le d\u00e9part des forces fran\u00e7aises - C\u00f4te d&#039;Ivoire","isPartOf":{"@id":"https:\/\/www.africa-press.net\/cotedivoire\/#website"},"primaryImageOfPage":{"@id":"https:\/\/www.africa-press.net\/cotedivoire\/politique\/cote-divoire-france-selon-jean-marie-bockel-envoye-personnel-de-macron-les-partenaires-africains-ne-souhaitent-pas-le-depart-des-forces-francaises#primaryimage"},"image":{"@id":"https:\/\/www.africa-press.net\/cotedivoire\/politique\/cote-divoire-france-selon-jean-marie-bockel-envoye-personnel-de-macron-les-partenaires-africains-ne-souhaitent-pas-le-depart-des-forces-francaises#primaryimage"},"thumbnailUrl":"https:\/\/static.africa-press.net\/cote\/sites\/43\/2024\/11\/sm_1730991193.817559.jpg","datePublished":"2024-11-07T17:39:57+00:00","dateModified":"2024-11-07T18:23:41+00:00","author":{"@id":"https:\/\/www.africa-press.net\/cotedivoire\/#\/schema\/person\/2b1cf3cd81a31e3cd26889ca66d677f1"},"description":"Nomme\u0301 en fe\u0301vrier 2024 par Emmanuel Macron, en qualite\u0301 d\u2019 \u00ab envoye\u0301 personnel \u00bb en Afrique pour discuter avec les pays ...","breadcrumb":{"@id":"https:\/\/www.africa-press.net\/cotedivoire\/politique\/cote-divoire-france-selon-jean-marie-bockel-envoye-personnel-de-macron-les-partenaires-africains-ne-souhaitent-pas-le-depart-des-forces-francaises#breadcrumb"},"inLanguage":"fr-FR","potentialAction":[{"@type":"ReadAction","target":["https:\/\/www.africa-press.net\/cotedivoire\/politique\/cote-divoire-france-selon-jean-marie-bockel-envoye-personnel-de-macron-les-partenaires-africains-ne-souhaitent-pas-le-depart-des-forces-francaises"]}]},{"@type":"ImageObject","inLanguage":"fr-FR","@id":"https:\/\/www.africa-press.net\/cotedivoire\/politique\/cote-divoire-france-selon-jean-marie-bockel-envoye-personnel-de-macron-les-partenaires-africains-ne-souhaitent-pas-le-depart-des-forces-francaises#primaryimage","url":"https:\/\/static.africa-press.net\/cote\/sites\/43\/2024\/11\/sm_1730991193.817559.jpg","contentUrl":"https:\/\/static.africa-press.net\/cote\/sites\/43\/2024\/11\/sm_1730991193.817559.jpg","width":720,"height":403,"caption":"C\u00f4te d'Ivoire-France : Selon Jean-Marie Bockel (envoy\u00e9 personnel de Macron), les partenaires africains ne souhaitent pas le d\u00e9part des forces fran\u00e7aises"},{"@type":"BreadcrumbList","@id":"https:\/\/www.africa-press.net\/cotedivoire\/politique\/cote-divoire-france-selon-jean-marie-bockel-envoye-personnel-de-macron-les-partenaires-africains-ne-souhaitent-pas-le-depart-des-forces-francaises#breadcrumb","itemListElement":[{"@type":"ListItem","position":1,"name":"Accueil","item":"https:\/\/www.africa-press.net\/cotedivoire\/"},{"@type":"ListItem","position":2,"name":"C\u00f4te d&#8217;Ivoire-France : Selon Jean-Marie Bockel (envoy\u00e9 personnel de Macron), les partenaires africains ne souhaitent pas le d\u00e9part des forces fran\u00e7aises"}]},{"@type":"WebSite","@id":"https:\/\/www.africa-press.net\/cotedivoire\/#website","url":"https:\/\/www.africa-press.net\/cotedivoire\/","name":"C\u00f4te d&#039;Ivoire","description":"Just another Africa News Agency Sites site","potentialAction":[{"@type":"SearchAction","target":{"@type":"EntryPoint","urlTemplate":"https:\/\/www.africa-press.net\/cotedivoire\/?s={search_term_string}"},"query-input":{"@type":"PropertyValueSpecification","valueRequired":true,"valueName":"search_term_string"}}],"inLanguage":"fr-FR"},{"@type":"Person","@id":"https:\/\/www.africa-press.net\/cotedivoire\/#\/schema\/person\/2b1cf3cd81a31e3cd26889ca66d677f1","name":"cfeditorfr"}]}},"_links":{"self":[{"href":"https:\/\/www.africa-press.net\/cotedivoire\/wp-json\/wp\/v2\/posts\/90265","targetHints":{"allow":["GET"]}}],"collection":[{"href":"https:\/\/www.africa-press.net\/cotedivoire\/wp-json\/wp\/v2\/posts"}],"about":[{"href":"https:\/\/www.africa-press.net\/cotedivoire\/wp-json\/wp\/v2\/types\/post"}],"author":[{"embeddable":true,"href":"https:\/\/www.africa-press.net\/cotedivoire\/wp-json\/wp\/v2\/users\/82"}],"replies":[{"embeddable":true,"href":"https:\/\/www.africa-press.net\/cotedivoire\/wp-json\/wp\/v2\/comments?post=90265"}],"version-history":[{"count":0,"href":"https:\/\/www.africa-press.net\/cotedivoire\/wp-json\/wp\/v2\/posts\/90265\/revisions"}],"wp:featuredmedia":[{"embeddable":true,"href":"https:\/\/www.africa-press.net\/cotedivoire\/wp-json\/wp\/v2\/media\/90264"}],"wp:attachment":[{"href":"https:\/\/www.africa-press.net\/cotedivoire\/wp-json\/wp\/v2\/media?parent=90265"}],"wp:term":[{"taxonomy":"category","embeddable":true,"href":"https:\/\/www.africa-press.net\/cotedivoire\/wp-json\/wp\/v2\/categories?post=90265"},{"taxonomy":"post_tag","embeddable":true,"href":"https:\/\/www.africa-press.net\/cotedivoire\/wp-json\/wp\/v2\/tags?post=90265"}],"curies":[{"name":"wp","href":"https:\/\/api.w.org\/{rel}","templated":true}]}}