{"id":9027,"date":"2021-06-15T13:59:18","date_gmt":"2021-06-15T13:59:18","guid":{"rendered":"https:\/\/www.africa-press.net\/cotedivoire\/?p=9027"},"modified":"2021-06-15T13:57:59","modified_gmt":"2021-06-15T13:57:59","slug":"securite-ouattara-discute-avec-le-representant-special-du-sg-de-lonu-pour-lafrique-de-louest-et-le-sahel","status":"publish","type":"post","link":"https:\/\/www.africa-press.net\/cotedivoire\/politique\/securite-ouattara-discute-avec-le-representant-special-du-sg-de-lonu-pour-lafrique-de-louest-et-le-sahel","title":{"rendered":"S\u00e9curit\u00e9: Ouattara discute avec le Repr\u00e9sentant sp\u00e9cial du Sg de l\u2019ONU pour l\u2019Afrique de l\u2019Ouest et le Sahel"},"content":{"rendered":"<p><span style=\"color: #ff6600\"><strong><a href=\"https:\/\/www.africa-press.net\/\">Africa-Press<\/a> &#8211; <a href=\"https:\/\/www.africa-press.net\/cotedivoire\">C\u00f4te d&rsquo;Ivoire<\/a>. <\/strong><\/span>Le Chef de l\u2019Etat a eu un entretien avec le Repr\u00e9sentant Sp\u00e9cial du Secr\u00e9taire G\u00e9n\u00e9ral des Nations Unies pour l\u2019Afrique de l\u2019Ouest et le SahelLe Pr\u00e9sident de la R\u00e9publique, S.E.M. Alassane OUATTARA, a \u00e9chang\u00e9, ce lundi 14 juin 2021, au Palais de la Pr\u00e9sidence de la R\u00e9publique, avec le Repr\u00e9sentant Sp\u00e9cial du Secr\u00e9taire G\u00e9n\u00e9ral des Nations Unies pour l\u2019Afrique de l\u2019Ouest et le Sahel, M. Saleh Annadif. M. Saleh Annadif a dit \u00eatre venu faire ses civilit\u00e9s au Chef de l\u2019Etat apr\u00e8s sa nomination en qualit\u00e9 de Repr\u00e9sentant Sp\u00e9cial du Secr\u00e9taire G\u00e9n\u00e9ral des Nations Unies pour l\u2019Afrique de l\u2019Ouest et le Sahel.<\/p>\n<p>Il a soulign\u00e9 avoir saisi l\u2019occasion de l\u2019entretien avec le Pr\u00e9sident Alassane OUATTARA, pour \u00e9voquer avec lui les d\u00e9fis s\u00e9curitaires dans la sous- r\u00e9gion ouestafricaine, notamment ceux li\u00e9s aux r\u00e9centes attaques au Burkina Faso et \u00e0 la fronti\u00e8re nord de la C\u00f4te d\u2019Ivoire.<\/p>\n<p>Sur cette question, le Diplomate Onusien a soulign\u00e9 qu\u2019au cours de leurs \u00e9changes, ils sont arriv\u00e9s \u00e0 la conclusion qu\u2019il faut une vision r\u00e9gionale dans la recherche des solutions \u00e0 ces d\u00e9fis qui sont globaux et r\u00e9els, parce qu\u2019impliquant l\u2019ensemble des pays de la sous- r\u00e9gion.<\/p>\n<p>Dans ce cadre, M. Saleh Annadif a r\u00e9v\u00e9l\u00e9 que le Pr\u00e9sident de la R\u00e9publique a fait une analyse pr\u00e9cieuse de la situation, sur laquelle les Nations Unies, mais \u00e9galement les autres partenaires, devraient s\u2019appuyer pour faire face efficacement \u00e0 cette menace.<\/p>\n<p>Notons que le Ministre, Directeur de Cabinet du Pr\u00e9sident de la R\u00e9publique, M. Fid\u00e8le SARASSORO, a pris part \u00e0 la rencontre.<\/p>\n<p>&nbsp;<\/p>\n","protected":false},"excerpt":{"rendered":"<p>Africa-Press &#8211; C\u00f4te d&rsquo;Ivoire. Le Chef de l\u2019Etat a eu un entretien avec le Repr\u00e9sentant Sp\u00e9cial du Secr\u00e9taire G\u00e9n\u00e9ral des Nations Unies pour l\u2019Afrique de l\u2019Ouest et le SahelLe Pr\u00e9sident de la R\u00e9publique, S.E.M. Alassane OUATTARA, a \u00e9chang\u00e9, ce lundi 14 juin 2021, au Palais de la Pr\u00e9sidence de la R\u00e9publique, avec le Repr\u00e9sentant Sp\u00e9cial [&hellip;]<\/p>\n","protected":false},"author":82,"featured_media":9026,"comment_status":"open","ping_status":"closed","sticky":false,"template":"","format":"standard","meta":{"footnotes":""},"categories":[11,2,20,10],"tags":[56,63,29],"class_list":["post-9027","post","type-post","status-publish","format-standard","has-post-thumbnail","hentry","category-homepage-french","category-politique","category-top-nouvelles","category-toutes-les-actualites","tag-africa-press","tag-africa-press-cote-divoire","tag-cote-divoire"],"yoast_head":"<!-- This site is optimized with the Yoast SEO Premium plugin v26.1 (Yoast SEO v27.0) - https:\/\/yoast.com\/product\/yoast-seo-premium-wordpress\/ -->\n<title>S\u00e9curit\u00e9: Ouattara discute avec le Repr\u00e9sentant sp\u00e9cial du Sg de l\u2019ONU pour l\u2019Afrique de l\u2019Ouest et le Sahel - C\u00f4te d&#039;Ivoire<\/title>\n<meta name=\"description\" content=\"Le Chef de l\u2019Etat a eu un entretien avec le Repr\u00e9sentant Sp\u00e9cial du Secr\u00e9taire G\u00e9n\u00e9ral des Nations Unies pour l\u2019Afrique ...\" \/>\n<meta name=\"robots\" content=\"index, follow, max-snippet:-1, max-image-preview:large, max-video-preview:-1\" \/>\n<link rel=\"canonical\" href=\"https:\/\/www.africa-press.net\/cotedivoire\/politique\/securite-ouattara-discute-avec-le-representant-special-du-sg-de-lonu-pour-lafrique-de-louest-et-le-sahel\" \/>\n<meta property=\"og:locale\" content=\"fr_FR\" \/>\n<meta property=\"og:type\" content=\"article\" \/>\n<meta property=\"og:title\" content=\"S\u00e9curit\u00e9: Ouattara discute avec le Repr\u00e9sentant sp\u00e9cial du Sg de l\u2019ONU pour l\u2019Afrique de l\u2019Ouest et le Sahel\" \/>\n<meta property=\"og:description\" content=\"Le Chef de l\u2019Etat a eu un entretien avec le Repr\u00e9sentant Sp\u00e9cial du Secr\u00e9taire G\u00e9n\u00e9ral des Nations Unies pour l\u2019Afrique ...\" \/>\n<meta property=\"og:url\" content=\"https:\/\/www.africa-press.net\/cotedivoire\/politique\/securite-ouattara-discute-avec-le-representant-special-du-sg-de-lonu-pour-lafrique-de-louest-et-le-sahel\" \/>\n<meta property=\"og:site_name\" content=\"C\u00f4te d&#039;Ivoire\" \/>\n<meta property=\"article:published_time\" content=\"2021-06-15T13:59:18+00:00\" \/>\n<meta property=\"og:image\" content=\"https:\/\/static.africa-press.net\/cote\/sites\/43\/2021\/06\/img-60c8a26e9cd66.jpg\" \/>\n\t<meta property=\"og:image:width\" content=\"1024\" \/>\n\t<meta property=\"og:image:height\" content=\"683\" \/>\n\t<meta property=\"og:image:type\" content=\"image\/jpeg\" \/>\n<meta name=\"author\" content=\"cfeditorfr\" \/>\n<meta name=\"twitter:card\" content=\"summary_large_image\" \/>\n<meta name=\"twitter:label1\" content=\"\u00c9crit par\" \/>\n\t<meta name=\"twitter:data1\" content=\"cfeditorfr\" \/>\n\t<meta name=\"twitter:label2\" content=\"Dur\u00e9e de lecture estim\u00e9e\" \/>\n\t<meta name=\"twitter:data2\" content=\"2 minutes\" \/>\n<script type=\"application\/ld+json\" class=\"yoast-schema-graph\">{\"@context\":\"https:\/\/schema.org\",\"@graph\":[{\"@type\":\"Article\",\"@id\":\"https:\/\/www.africa-press.net\/cotedivoire\/politique\/securite-ouattara-discute-avec-le-representant-special-du-sg-de-lonu-pour-lafrique-de-louest-et-le-sahel#article\",\"isPartOf\":{\"@id\":\"https:\/\/www.africa-press.net\/cotedivoire\/politique\/securite-ouattara-discute-avec-le-representant-special-du-sg-de-lonu-pour-lafrique-de-louest-et-le-sahel\"},\"author\":{\"name\":\"cfeditorfr\",\"@id\":\"https:\/\/www.africa-press.net\/cotedivoire\/#\/schema\/person\/2b1cf3cd81a31e3cd26889ca66d677f1\"},\"headline\":\"S\u00e9curit\u00e9: Ouattara discute avec le Repr\u00e9sentant sp\u00e9cial du Sg de l\u2019ONU pour l\u2019Afrique de l\u2019Ouest et le Sahel\",\"datePublished\":\"2021-06-15T13:59:18+00:00\",\"mainEntityOfPage\":{\"@id\":\"https:\/\/www.africa-press.net\/cotedivoire\/politique\/securite-ouattara-discute-avec-le-representant-special-du-sg-de-lonu-pour-lafrique-de-louest-et-le-sahel\"},\"wordCount\":337,\"commentCount\":0,\"image\":{\"@id\":\"https:\/\/www.africa-press.net\/cotedivoire\/politique\/securite-ouattara-discute-avec-le-representant-special-du-sg-de-lonu-pour-lafrique-de-louest-et-le-sahel#primaryimage\"},\"thumbnailUrl\":\"https:\/\/static.africa-press.net\/cote\/sites\/43\/2021\/06\/img-60c8a26e9cd66.jpg\",\"keywords\":[\"Africa Press\",\"Africa Press-C\u00f4te d'Ivoire\",\"C\u00d4TE D'IVOIRE\"],\"articleSection\":[\"homepage-french\",\"Politique\",\"Top Nouvelles\",\"Toutes les actualit\u00e9s\"],\"inLanguage\":\"fr-FR\",\"potentialAction\":[{\"@type\":\"CommentAction\",\"name\":\"Comment\",\"target\":[\"https:\/\/www.africa-press.net\/cotedivoire\/politique\/securite-ouattara-discute-avec-le-representant-special-du-sg-de-lonu-pour-lafrique-de-louest-et-le-sahel#respond\"]}]},{\"@type\":\"WebPage\",\"@id\":\"https:\/\/www.africa-press.net\/cotedivoire\/politique\/securite-ouattara-discute-avec-le-representant-special-du-sg-de-lonu-pour-lafrique-de-louest-et-le-sahel\",\"url\":\"https:\/\/www.africa-press.net\/cotedivoire\/politique\/securite-ouattara-discute-avec-le-representant-special-du-sg-de-lonu-pour-lafrique-de-louest-et-le-sahel\",\"name\":\"S\u00e9curit\u00e9: Ouattara discute avec le Repr\u00e9sentant sp\u00e9cial du Sg de l\u2019ONU pour l\u2019Afrique de l\u2019Ouest et le Sahel - C\u00f4te d&#039;Ivoire\",\"isPartOf\":{\"@id\":\"https:\/\/www.africa-press.net\/cotedivoire\/#website\"},\"primaryImageOfPage\":{\"@id\":\"https:\/\/www.africa-press.net\/cotedivoire\/politique\/securite-ouattara-discute-avec-le-representant-special-du-sg-de-lonu-pour-lafrique-de-louest-et-le-sahel#primaryimage\"},\"image\":{\"@id\":\"https:\/\/www.africa-press.net\/cotedivoire\/politique\/securite-ouattara-discute-avec-le-representant-special-du-sg-de-lonu-pour-lafrique-de-louest-et-le-sahel#primaryimage\"},\"thumbnailUrl\":\"https:\/\/static.africa-press.net\/cote\/sites\/43\/2021\/06\/img-60c8a26e9cd66.jpg\",\"datePublished\":\"2021-06-15T13:59:18+00:00\",\"author\":{\"@id\":\"https:\/\/www.africa-press.net\/cotedivoire\/#\/schema\/person\/2b1cf3cd81a31e3cd26889ca66d677f1\"},\"description\":\"Le Chef de l\u2019Etat a eu un entretien avec le Repr\u00e9sentant Sp\u00e9cial du Secr\u00e9taire G\u00e9n\u00e9ral des Nations Unies pour l\u2019Afrique ...\",\"breadcrumb\":{\"@id\":\"https:\/\/www.africa-press.net\/cotedivoire\/politique\/securite-ouattara-discute-avec-le-representant-special-du-sg-de-lonu-pour-lafrique-de-louest-et-le-sahel#breadcrumb\"},\"inLanguage\":\"fr-FR\",\"potentialAction\":[{\"@type\":\"ReadAction\",\"target\":[\"https:\/\/www.africa-press.net\/cotedivoire\/politique\/securite-ouattara-discute-avec-le-representant-special-du-sg-de-lonu-pour-lafrique-de-louest-et-le-sahel\"]}]},{\"@type\":\"ImageObject\",\"inLanguage\":\"fr-FR\",\"@id\":\"https:\/\/www.africa-press.net\/cotedivoire\/politique\/securite-ouattara-discute-avec-le-representant-special-du-sg-de-lonu-pour-lafrique-de-louest-et-le-sahel#primaryimage\",\"url\":\"https:\/\/static.africa-press.net\/cote\/sites\/43\/2021\/06\/img-60c8a26e9cd66.jpg\",\"contentUrl\":\"https:\/\/static.africa-press.net\/cote\/sites\/43\/2021\/06\/img-60c8a26e9cd66.jpg\",\"width\":1024,\"height\":683,\"caption\":\"S\u00e9curit\u00e9: Ouattara discute avec le Repr\u00e9sentant sp\u00e9cial du Sg de l\u2019ONU pour l\u2019Afrique de l\u2019Ouest et le Sahel\"},{\"@type\":\"BreadcrumbList\",\"@id\":\"https:\/\/www.africa-press.net\/cotedivoire\/politique\/securite-ouattara-discute-avec-le-representant-special-du-sg-de-lonu-pour-lafrique-de-louest-et-le-sahel#breadcrumb\",\"itemListElement\":[{\"@type\":\"ListItem\",\"position\":1,\"name\":\"Accueil\",\"item\":\"https:\/\/www.africa-press.net\/cotedivoire\/\"},{\"@type\":\"ListItem\",\"position\":2,\"name\":\"S\u00e9curit\u00e9: Ouattara discute avec le Repr\u00e9sentant sp\u00e9cial du Sg de l\u2019ONU pour l\u2019Afrique de l\u2019Ouest et le Sahel\"}]},{\"@type\":\"WebSite\",\"@id\":\"https:\/\/www.africa-press.net\/cotedivoire\/#website\",\"url\":\"https:\/\/www.africa-press.net\/cotedivoire\/\",\"name\":\"C\u00f4te d&#039;Ivoire\",\"description\":\"Just another Africa News Agency Sites site\",\"potentialAction\":[{\"@type\":\"SearchAction\",\"target\":{\"@type\":\"EntryPoint\",\"urlTemplate\":\"https:\/\/www.africa-press.net\/cotedivoire\/?s={search_term_string}\"},\"query-input\":{\"@type\":\"PropertyValueSpecification\",\"valueRequired\":true,\"valueName\":\"search_term_string\"}}],\"inLanguage\":\"fr-FR\"},{\"@type\":\"Person\",\"@id\":\"https:\/\/www.africa-press.net\/cotedivoire\/#\/schema\/person\/2b1cf3cd81a31e3cd26889ca66d677f1\",\"name\":\"cfeditorfr\"}]}<\/script>\n<!-- \/ Yoast SEO Premium plugin. -->","yoast_head_json":{"title":"S\u00e9curit\u00e9: Ouattara discute avec le Repr\u00e9sentant sp\u00e9cial du Sg de l\u2019ONU pour l\u2019Afrique de l\u2019Ouest et le Sahel - C\u00f4te d&#039;Ivoire","description":"Le Chef de l\u2019Etat a eu un entretien avec le Repr\u00e9sentant Sp\u00e9cial du Secr\u00e9taire G\u00e9n\u00e9ral des Nations Unies pour l\u2019Afrique ...","robots":{"index":"index","follow":"follow","max-snippet":"max-snippet:-1","max-image-preview":"max-image-preview:large","max-video-preview":"max-video-preview:-1"},"canonical":"https:\/\/www.africa-press.net\/cotedivoire\/politique\/securite-ouattara-discute-avec-le-representant-special-du-sg-de-lonu-pour-lafrique-de-louest-et-le-sahel","og_locale":"fr_FR","og_type":"article","og_title":"S\u00e9curit\u00e9: Ouattara discute avec le Repr\u00e9sentant sp\u00e9cial du Sg de l\u2019ONU pour l\u2019Afrique de l\u2019Ouest et le Sahel","og_description":"Le Chef de l\u2019Etat a eu un entretien avec le Repr\u00e9sentant Sp\u00e9cial du Secr\u00e9taire G\u00e9n\u00e9ral des Nations Unies pour l\u2019Afrique ...","og_url":"https:\/\/www.africa-press.net\/cotedivoire\/politique\/securite-ouattara-discute-avec-le-representant-special-du-sg-de-lonu-pour-lafrique-de-louest-et-le-sahel","og_site_name":"C\u00f4te d&#039;Ivoire","article_published_time":"2021-06-15T13:59:18+00:00","og_image":[{"width":1024,"height":683,"url":"https:\/\/static.africa-press.net\/cote\/sites\/43\/2021\/06\/img-60c8a26e9cd66.jpg","type":"image\/jpeg"}],"author":"cfeditorfr","twitter_card":"summary_large_image","twitter_misc":{"\u00c9crit par":"cfeditorfr","Dur\u00e9e de lecture estim\u00e9e":"2 minutes"},"schema":{"@context":"https:\/\/schema.org","@graph":[{"@type":"Article","@id":"https:\/\/www.africa-press.net\/cotedivoire\/politique\/securite-ouattara-discute-avec-le-representant-special-du-sg-de-lonu-pour-lafrique-de-louest-et-le-sahel#article","isPartOf":{"@id":"https:\/\/www.africa-press.net\/cotedivoire\/politique\/securite-ouattara-discute-avec-le-representant-special-du-sg-de-lonu-pour-lafrique-de-louest-et-le-sahel"},"author":{"name":"cfeditorfr","@id":"https:\/\/www.africa-press.net\/cotedivoire\/#\/schema\/person\/2b1cf3cd81a31e3cd26889ca66d677f1"},"headline":"S\u00e9curit\u00e9: Ouattara discute avec le Repr\u00e9sentant sp\u00e9cial du Sg de l\u2019ONU pour l\u2019Afrique de l\u2019Ouest et le Sahel","datePublished":"2021-06-15T13:59:18+00:00","mainEntityOfPage":{"@id":"https:\/\/www.africa-press.net\/cotedivoire\/politique\/securite-ouattara-discute-avec-le-representant-special-du-sg-de-lonu-pour-lafrique-de-louest-et-le-sahel"},"wordCount":337,"commentCount":0,"image":{"@id":"https:\/\/www.africa-press.net\/cotedivoire\/politique\/securite-ouattara-discute-avec-le-representant-special-du-sg-de-lonu-pour-lafrique-de-louest-et-le-sahel#primaryimage"},"thumbnailUrl":"https:\/\/static.africa-press.net\/cote\/sites\/43\/2021\/06\/img-60c8a26e9cd66.jpg","keywords":["Africa Press","Africa Press-C\u00f4te d'Ivoire","C\u00d4TE D'IVOIRE"],"articleSection":["homepage-french","Politique","Top Nouvelles","Toutes les actualit\u00e9s"],"inLanguage":"fr-FR","potentialAction":[{"@type":"CommentAction","name":"Comment","target":["https:\/\/www.africa-press.net\/cotedivoire\/politique\/securite-ouattara-discute-avec-le-representant-special-du-sg-de-lonu-pour-lafrique-de-louest-et-le-sahel#respond"]}]},{"@type":"WebPage","@id":"https:\/\/www.africa-press.net\/cotedivoire\/politique\/securite-ouattara-discute-avec-le-representant-special-du-sg-de-lonu-pour-lafrique-de-louest-et-le-sahel","url":"https:\/\/www.africa-press.net\/cotedivoire\/politique\/securite-ouattara-discute-avec-le-representant-special-du-sg-de-lonu-pour-lafrique-de-louest-et-le-sahel","name":"S\u00e9curit\u00e9: Ouattara discute avec le Repr\u00e9sentant sp\u00e9cial du Sg de l\u2019ONU pour l\u2019Afrique de l\u2019Ouest et le Sahel - C\u00f4te d&#039;Ivoire","isPartOf":{"@id":"https:\/\/www.africa-press.net\/cotedivoire\/#website"},"primaryImageOfPage":{"@id":"https:\/\/www.africa-press.net\/cotedivoire\/politique\/securite-ouattara-discute-avec-le-representant-special-du-sg-de-lonu-pour-lafrique-de-louest-et-le-sahel#primaryimage"},"image":{"@id":"https:\/\/www.africa-press.net\/cotedivoire\/politique\/securite-ouattara-discute-avec-le-representant-special-du-sg-de-lonu-pour-lafrique-de-louest-et-le-sahel#primaryimage"},"thumbnailUrl":"https:\/\/static.africa-press.net\/cote\/sites\/43\/2021\/06\/img-60c8a26e9cd66.jpg","datePublished":"2021-06-15T13:59:18+00:00","author":{"@id":"https:\/\/www.africa-press.net\/cotedivoire\/#\/schema\/person\/2b1cf3cd81a31e3cd26889ca66d677f1"},"description":"Le Chef de l\u2019Etat a eu un entretien avec le Repr\u00e9sentant Sp\u00e9cial du Secr\u00e9taire G\u00e9n\u00e9ral des Nations Unies pour l\u2019Afrique ...","breadcrumb":{"@id":"https:\/\/www.africa-press.net\/cotedivoire\/politique\/securite-ouattara-discute-avec-le-representant-special-du-sg-de-lonu-pour-lafrique-de-louest-et-le-sahel#breadcrumb"},"inLanguage":"fr-FR","potentialAction":[{"@type":"ReadAction","target":["https:\/\/www.africa-press.net\/cotedivoire\/politique\/securite-ouattara-discute-avec-le-representant-special-du-sg-de-lonu-pour-lafrique-de-louest-et-le-sahel"]}]},{"@type":"ImageObject","inLanguage":"fr-FR","@id":"https:\/\/www.africa-press.net\/cotedivoire\/politique\/securite-ouattara-discute-avec-le-representant-special-du-sg-de-lonu-pour-lafrique-de-louest-et-le-sahel#primaryimage","url":"https:\/\/static.africa-press.net\/cote\/sites\/43\/2021\/06\/img-60c8a26e9cd66.jpg","contentUrl":"https:\/\/static.africa-press.net\/cote\/sites\/43\/2021\/06\/img-60c8a26e9cd66.jpg","width":1024,"height":683,"caption":"S\u00e9curit\u00e9: Ouattara discute avec le Repr\u00e9sentant sp\u00e9cial du Sg de l\u2019ONU pour l\u2019Afrique de l\u2019Ouest et le Sahel"},{"@type":"BreadcrumbList","@id":"https:\/\/www.africa-press.net\/cotedivoire\/politique\/securite-ouattara-discute-avec-le-representant-special-du-sg-de-lonu-pour-lafrique-de-louest-et-le-sahel#breadcrumb","itemListElement":[{"@type":"ListItem","position":1,"name":"Accueil","item":"https:\/\/www.africa-press.net\/cotedivoire\/"},{"@type":"ListItem","position":2,"name":"S\u00e9curit\u00e9: Ouattara discute avec le Repr\u00e9sentant sp\u00e9cial du Sg de l\u2019ONU pour l\u2019Afrique de l\u2019Ouest et le Sahel"}]},{"@type":"WebSite","@id":"https:\/\/www.africa-press.net\/cotedivoire\/#website","url":"https:\/\/www.africa-press.net\/cotedivoire\/","name":"C\u00f4te d&#039;Ivoire","description":"Just another Africa News Agency Sites site","potentialAction":[{"@type":"SearchAction","target":{"@type":"EntryPoint","urlTemplate":"https:\/\/www.africa-press.net\/cotedivoire\/?s={search_term_string}"},"query-input":{"@type":"PropertyValueSpecification","valueRequired":true,"valueName":"search_term_string"}}],"inLanguage":"fr-FR"},{"@type":"Person","@id":"https:\/\/www.africa-press.net\/cotedivoire\/#\/schema\/person\/2b1cf3cd81a31e3cd26889ca66d677f1","name":"cfeditorfr"}]}},"_links":{"self":[{"href":"https:\/\/www.africa-press.net\/cotedivoire\/wp-json\/wp\/v2\/posts\/9027","targetHints":{"allow":["GET"]}}],"collection":[{"href":"https:\/\/www.africa-press.net\/cotedivoire\/wp-json\/wp\/v2\/posts"}],"about":[{"href":"https:\/\/www.africa-press.net\/cotedivoire\/wp-json\/wp\/v2\/types\/post"}],"author":[{"embeddable":true,"href":"https:\/\/www.africa-press.net\/cotedivoire\/wp-json\/wp\/v2\/users\/82"}],"replies":[{"embeddable":true,"href":"https:\/\/www.africa-press.net\/cotedivoire\/wp-json\/wp\/v2\/comments?post=9027"}],"version-history":[{"count":0,"href":"https:\/\/www.africa-press.net\/cotedivoire\/wp-json\/wp\/v2\/posts\/9027\/revisions"}],"wp:featuredmedia":[{"embeddable":true,"href":"https:\/\/www.africa-press.net\/cotedivoire\/wp-json\/wp\/v2\/media\/9026"}],"wp:attachment":[{"href":"https:\/\/www.africa-press.net\/cotedivoire\/wp-json\/wp\/v2\/media?parent=9027"}],"wp:term":[{"taxonomy":"category","embeddable":true,"href":"https:\/\/www.africa-press.net\/cotedivoire\/wp-json\/wp\/v2\/categories?post=9027"},{"taxonomy":"post_tag","embeddable":true,"href":"https:\/\/www.africa-press.net\/cotedivoire\/wp-json\/wp\/v2\/tags?post=9027"}],"curies":[{"name":"wp","href":"https:\/\/api.w.org\/{rel}","templated":true}]}}